{"id":59242,"date":"2024-04-08T12:33:53","date_gmt":"2024-04-08T10:33:53","guid":{"rendered":"https:\/\/www.revistarambla.com\/?p=59242"},"modified":"2024-04-08T12:33:53","modified_gmt":"2024-04-08T10:33:53","slug":"contra-la-revictimizacion-periodistica-de-las-mujeres-palestinas","status":"publish","type":"post","link":"https:\/\/www.revistarambla.com\/en\/contra-la-revictimizacion-periodistica-de-las-mujeres-palestinas\/","title":{"rendered":"Contra la revictimizaci\u00f3n period\u00edstica de las mujeres palestinas"},"content":{"rendered":"<p>En fase productiva de la informaci\u00f3n, los medios de comunicaci\u00f3n organizan los conocimientos y establecen criterios de importancia. <!--more-->Planteada ya en la d\u00e9cada de los setenta, la teor\u00eda de la agenda-setting sostiene que los medios de comunicaci\u00f3n pueden modificar la forma en que las personas comprendemos la realidad social, a la vez que pueden decidir sobre qu\u00e9 temas debemos pensar, discutir y debatir.<\/p>\n<p>Desde el punto de vista del periodismo feminista, uno de los mayores sesgos period\u00edsticos es el androcentrismo imperante en este proceso de organizaci\u00f3n y establecimiento de criterios de relevancia informativa. En Claves para un periodismo feminista (2023) Carolina Pecharrom\u00e1n, editora de Igualdad de TVE, se\u00f1ala que:<\/p>\n<p>\u201cNos sorprendemos de que la mitad de la humanidad haya estado hasta hora silenciada mientras seguimos ninguneando su circunstancia, mientras seguimos sin llamar a mujeres expertas para nuestras informaciones, mientras las mujeres aparecen en los contenidos period\u00edsticos principalmente como v\u00edctimas o como \u2018voces de la calle\u2019 sobre temas secundarios\u201d. (Grijelmo, 2023:18)<\/p>\n<p>Coordinada por la corresponsal de guerra Natalia Sancha, la obra Balas para todas (2020) expone una reformulaci\u00f3n de la habitual narrativa masculina period\u00edstica. Desde sus experiencias como corresponsales en Oriente Medio, Khabat Abbas (Siria), Maya Gebeily (EEUU), Catalina G\u00f3mez \u00c1ngel (Colombia), Eman Helal (Arabia Saud\u00ed), Nancy Porsia (Italia) y la propia Natalia Sancha (Espa\u00f1a), estas definen el periodismo feminista como aquel periodismo que rescata del olvido la resistencia, la determinaci\u00f3n y la dignidad, as\u00ed como el trabajo de tantas mujeres en todo el mundo, decididas a erradicar ese patriarcado que las oprime.<\/p>\n<p>Para estas corresponsales el periodismo feminista es h\u00edbrido, dial\u00f3gico, emancipador y libre de estereotipos y prejuicios. En tanto que periodismo h\u00edbrido, este es capaz de informar en un mismo reportaje de las actividades militares, la situaci\u00f3n de los campos de personas refugiadas y desplazadas y de las acciones de resistencia pac\u00edfica. En una apuesta clara por las historias dial\u00f3gicas, este periodismo en escala de grises da profundidad a una narraci\u00f3n period\u00edstica huyendo as\u00ed de las historias unilaterales. Pero, adem\u00e1s, el periodismo feminista otorga voz y autoridad a las mujeres que est\u00e1n en el frente luchando, a las que est\u00e1n en los campos de refugiadas, y a las que no huyeron, sufrieron y resistieron en sus hogares. Este periodismo emancipador, si bien denuncia las injusticias, tambi\u00e9n muestra la capacidad de agencia de las mujeres.<\/p>\n<p>En referencia a Oriente Medio, gran parte del periodismo de guerra sigue estereotipando a las mujeres, es decir, sigue insistiendo en la idea de mujer arabo-musulmana como simple v\u00edctima. Solo hay que pensar en las innumerables fotograf\u00edas en picado de mujeres arabo-musulmanas sentadas, llorando y clamando al cielo ante la muerte de un ser querido; as\u00ed como en la escasez de im\u00e1genes contrapicadas de mujeres arabo-musulmanas de pie y sosteniendo la mirada fija ante la c\u00e1mara. Para algunos medios de comunicaci\u00f3n, no existe la posibilidad de que las mujeres del Sur Global puedan ser combativas y resistentes aun siendo v\u00edctimas. Estamos ante la revictimizaci\u00f3n de las mujeres en el tratamiento period\u00edstico. Sirin Adlbi Sibai, polit\u00f3loga y arabista, sostiene que esta imagen de \u201cmujer con hiyab\u201d constituye la marca visual para mostrar a las mujeres arabo-musulmanas como eternas v\u00edctimas del patriarcado y, por supuesto, como el ejemplo de mujer atrasada, ignorante, pobre y v\u00edctima, especialmente, v\u00edctima.<\/p>\n<p>La colonizaci\u00f3n discursiva o colonialidad del saber conlleva una relaci\u00f3n y estructura binaria de dominaci\u00f3n. La primera consecuencia pol\u00edtica que se deriva de este tipo de discurso es el asistencialismo ideol\u00f3gico que provoca a su vez debilitamiento pol\u00edtico. Y as\u00ed, podemos llegar a la peligrosa conclusi\u00f3n de que \u201clas mujeres palestinas deben de ser rescatadas\u201d, present\u00e1ndose estas como grupo apol\u00edtico y carente de historia. Y eso, compa\u00f1eras, no es cierto. Lo que sucede es que en la mayor parte de las coberturas period\u00edsticas acerca de lo que ocurre en Palestina, y en todo Oriente Medio, seguimos ninguneando su circunstancia, seguimos sin considerarlas expertas en las informaciones. Ellas, las palestinas, desaparecen en la fase productiva de la informaci\u00f3n, por eso siguen sin ser sujetos de pensamiento, discusi\u00f3n y debate. Pero sin capacidad de agencia, el cambio, la paz es imposible. Gracias, Fadwa Tuqan, por recordarnos que, a pesar de las cadenas, seguir\u00e9is en pie y con la mira fija ante la c\u00e1mara.<\/p>\n<p><em>Continuar\u00e9, a pesar de las cadenas,<\/em><\/p>\n<p><em>a pesar de las casas destrozadas,<\/em><\/p>\n<p><em>a pesar de las grandes hogueras,<\/em><\/p>\n<p><em>escribiendo su nombre. Para ver<\/em><\/p>\n<p><em>c\u00f3mo se va extendiendo por nuestra patria y crece,<\/em><\/p>\n<p><em>y contin\u00faa creciendo,<\/em><\/p>\n<p><em>sin parar, hasta cubrir<\/em><\/p>\n<p><em>palmo a palmo su h\u00fameda tierra.<\/em><\/p>\n<p>(\u201cLa libertad del pueblo\u201d, Fadwa Tuqan)<\/p>\n<hr \/>\n<p><em>*Fuente: https:\/\/www.elsaltodiario.com\/palestina\/revictimizacion-periodistica-mujeres-palestinas<\/em><\/p>","protected":false},"excerpt":{"rendered":"<p>El periodismo feminista es emancipador, si bien denuncia las injusticias, tambi\u00e9n muestra la capacidad de agencia de las mujeres.<\/p>","protected":false},"author":15,"featured_media":59246,"comment_status":"closed","ping_status":"closed","sticky":false,"template":"","format":"standard","meta":{"footnotes":""},"categories":[72],"tags":[],"class_list":["post-59242","post","type-post","status-publish","format-standard","has-post-thumbnail","hentry","category-opinion"],"yoast_head":"<!-- This site is optimized with the Yoast SEO plugin v27.5 - https:\/\/yoast.com\/product\/yoast-seo-wordpress\/ -->\n<title>Contra la revictimizaci\u00f3n period\u00edstica de las mujeres palestinas - Revista Rambla<\/title>\n<meta name=\"robots\" content=\"index, follow, max-snippet:-1, max-image-preview:large, max-video-preview:-1\" \/>\n<link rel=\"canonical\" href=\"https:\/\/www.revistarambla.com\/en\/contra-la-revictimizacion-periodistica-de-las-mujeres-palestinas\/\" \/>\n<meta property=\"og:locale\" content=\"en_GB\" \/>\n<meta property=\"og:type\" content=\"article\" \/>\n<meta property=\"og:title\" content=\"Contra la revictimizaci\u00f3n period\u00edstica de las mujeres palestinas - Revista Rambla\" \/>\n<meta property=\"og:description\" content=\"El periodismo feminista es emancipador, si bien denuncia las injusticias, tambi\u00e9n muestra la capacidad de agencia de las mujeres.\" \/>\n<meta property=\"og:url\" content=\"https:\/\/www.revistarambla.com\/en\/contra-la-revictimizacion-periodistica-de-las-mujeres-palestinas\/\" \/>\n<meta property=\"og:site_name\" content=\"Revista Rambla\" \/>\n<meta property=\"article:publisher\" content=\"https:\/\/www.facebook.com\/revistarambla\/\" \/>\n<meta property=\"article:published_time\" content=\"2024-04-08T10:33:53+00:00\" \/>\n<meta property=\"og:image\" content=\"https:\/\/www.revistarambla.com\/wp-content\/uploads\/2024\/04\/intifada-1.jpg\" \/>\n\t<meta property=\"og:image:width\" content=\"1500\" \/>\n\t<meta property=\"og:image:height\" content=\"843\" \/>\n\t<meta property=\"og:image:type\" content=\"image\/jpeg\" \/>\n<meta name=\"author\" content=\"Marina Hoyos Mar\u00edn\" \/>\n<meta name=\"twitter:card\" content=\"summary_large_image\" \/>\n<meta name=\"twitter:creator\" content=\"@revistarambla\" \/>\n<meta name=\"twitter:site\" content=\"@revistarambla\" \/>\n<meta name=\"twitter:label1\" content=\"Written by\" \/>\n\t<meta name=\"twitter:data1\" content=\"Marina Hoyos Mar\u00edn\" \/>\n\t<meta name=\"twitter:label2\" content=\"Estimated reading time\" \/>\n\t<meta name=\"twitter:data2\" content=\"4 minutes\" \/>\n<script type=\"application\/ld+json\" class=\"yoast-schema-graph\">{\"@context\":\"https:\\\/\\\/schema.org\",\"@graph\":[{\"@type\":\"Article\",\"@id\":\"https:\\\/\\\/www.revistarambla.com\\\/contra-la-revictimizacion-periodistica-de-las-mujeres-palestinas\\\/#article\",\"isPartOf\":{\"@id\":\"https:\\\/\\\/www.revistarambla.com\\\/contra-la-revictimizacion-periodistica-de-las-mujeres-palestinas\\\/\"},\"author\":{\"name\":\"Marina Hoyos Mar\u00edn\",\"@id\":\"https:\\\/\\\/www.revistarambla.com\\\/#\\\/schema\\\/person\\\/2b19179a8ace334b829ad72cc6e6ce97\"},\"headline\":\"Contra la revictimizaci\u00f3n period\u00edstica de las mujeres palestinas\",\"datePublished\":\"2024-04-08T10:33:53+00:00\",\"mainEntityOfPage\":{\"@id\":\"https:\\\/\\\/www.revistarambla.com\\\/contra-la-revictimizacion-periodistica-de-las-mujeres-palestinas\\\/\"},\"wordCount\":824,\"publisher\":{\"@id\":\"https:\\\/\\\/www.revistarambla.com\\\/#organization\"},\"image\":{\"@id\":\"https:\\\/\\\/www.revistarambla.com\\\/contra-la-revictimizacion-periodistica-de-las-mujeres-palestinas\\\/#primaryimage\"},\"thumbnailUrl\":\"https:\\\/\\\/www.revistarambla.com\\\/wp-content\\\/uploads\\\/2024\\\/04\\\/intifada-1.jpg\",\"articleSection\":[\"Opiniones\"],\"inLanguage\":\"en-GB\"},{\"@type\":\"WebPage\",\"@id\":\"https:\\\/\\\/www.revistarambla.com\\\/contra-la-revictimizacion-periodistica-de-las-mujeres-palestinas\\\/\",\"url\":\"https:\\\/\\\/www.revistarambla.com\\\/contra-la-revictimizacion-periodistica-de-las-mujeres-palestinas\\\/\",\"name\":\"Contra la revictimizaci\u00f3n period\u00edstica de las mujeres palestinas - Revista Rambla\",\"isPartOf\":{\"@id\":\"https:\\\/\\\/www.revistarambla.com\\\/#website\"},\"primaryImageOfPage\":{\"@id\":\"https:\\\/\\\/www.revistarambla.com\\\/contra-la-revictimizacion-periodistica-de-las-mujeres-palestinas\\\/#primaryimage\"},\"image\":{\"@id\":\"https:\\\/\\\/www.revistarambla.com\\\/contra-la-revictimizacion-periodistica-de-las-mujeres-palestinas\\\/#primaryimage\"},\"thumbnailUrl\":\"https:\\\/\\\/www.revistarambla.com\\\/wp-content\\\/uploads\\\/2024\\\/04\\\/intifada-1.jpg\",\"datePublished\":\"2024-04-08T10:33:53+00:00\",\"breadcrumb\":{\"@id\":\"https:\\\/\\\/www.revistarambla.com\\\/contra-la-revictimizacion-periodistica-de-las-mujeres-palestinas\\\/#breadcrumb\"},\"inLanguage\":\"en-GB\",\"potentialAction\":[{\"@type\":\"ReadAction\",\"target\":[\"https:\\\/\\\/www.revistarambla.com\\\/contra-la-revictimizacion-periodistica-de-las-mujeres-palestinas\\\/\"]}]},{\"@type\":\"ImageObject\",\"inLanguage\":\"en-GB\",\"@id\":\"https:\\\/\\\/www.revistarambla.com\\\/contra-la-revictimizacion-periodistica-de-las-mujeres-palestinas\\\/#primaryimage\",\"url\":\"https:\\\/\\\/www.revistarambla.com\\\/wp-content\\\/uploads\\\/2024\\\/04\\\/intifada-1.jpg\",\"contentUrl\":\"https:\\\/\\\/www.revistarambla.com\\\/wp-content\\\/uploads\\\/2024\\\/04\\\/intifada-1.jpg\",\"width\":1500,\"height\":843},{\"@type\":\"BreadcrumbList\",\"@id\":\"https:\\\/\\\/www.revistarambla.com\\\/contra-la-revictimizacion-periodistica-de-las-mujeres-palestinas\\\/#breadcrumb\",\"itemListElement\":[{\"@type\":\"ListItem\",\"position\":1,\"name\":\"Portada\",\"item\":\"https:\\\/\\\/www.revistarambla.com\\\/\"},{\"@type\":\"ListItem\",\"position\":2,\"name\":\"Contra la revictimizaci\u00f3n period\u00edstica de las mujeres palestinas\"}]},{\"@type\":\"WebSite\",\"@id\":\"https:\\\/\\\/www.revistarambla.com\\\/#website\",\"url\":\"https:\\\/\\\/www.revistarambla.com\\\/\",\"name\":\"Revista Rambla Barcelona\",\"description\":\"Periodismo independiente\",\"publisher\":{\"@id\":\"https:\\\/\\\/www.revistarambla.com\\\/#organization\"},\"potentialAction\":[{\"@type\":\"SearchAction\",\"target\":{\"@type\":\"EntryPoint\",\"urlTemplate\":\"https:\\\/\\\/www.revistarambla.com\\\/?s={search_term_string}\"},\"query-input\":{\"@type\":\"PropertyValueSpecification\",\"valueRequired\":true,\"valueName\":\"search_term_string\"}}],\"inLanguage\":\"en-GB\"},{\"@type\":\"Organization\",\"@id\":\"https:\\\/\\\/www.revistarambla.com\\\/#organization\",\"name\":\"Revista Rambla\",\"url\":\"https:\\\/\\\/www.revistarambla.com\\\/\",\"logo\":{\"@type\":\"ImageObject\",\"inLanguage\":\"en-GB\",\"@id\":\"https:\\\/\\\/www.revistarambla.com\\\/#\\\/schema\\\/logo\\\/image\\\/\",\"url\":\"https:\\\/\\\/www.revistarambla.com\\\/wp-content\\\/uploads\\\/2020\\\/09\\\/banner_rambla_1900x600_BB.png\",\"contentUrl\":\"https:\\\/\\\/www.revistarambla.com\\\/wp-content\\\/uploads\\\/2020\\\/09\\\/banner_rambla_1900x600_BB.png\",\"width\":1900,\"height\":600,\"caption\":\"Revista Rambla\"},\"image\":{\"@id\":\"https:\\\/\\\/www.revistarambla.com\\\/#\\\/schema\\\/logo\\\/image\\\/\"},\"sameAs\":[\"https:\\\/\\\/www.facebook.com\\\/revistarambla\\\/\",\"https:\\\/\\\/x.com\\\/revistarambla\",\"https:\\\/\\\/www.instagram.com\\\/revista_rambla\",\"https:\\\/\\\/es.linkedin.com\\\/company\\\/revista-rambla\"]},{\"@type\":\"Person\",\"@id\":\"https:\\\/\\\/www.revistarambla.com\\\/#\\\/schema\\\/person\\\/2b19179a8ace334b829ad72cc6e6ce97\",\"name\":\"Marina Hoyos Mar\u00edn\"}]}<\/script>\n<!-- \/ Yoast SEO plugin. -->","yoast_head_json":{"title":"Contra la revictimizaci\u00f3n period\u00edstica de las mujeres palestinas - Revista Rambla","robots":{"index":"index","follow":"follow","max-snippet":"max-snippet:-1","max-image-preview":"max-image-preview:large","max-video-preview":"max-video-preview:-1"},"canonical":"https:\/\/www.revistarambla.com\/en\/contra-la-revictimizacion-periodistica-de-las-mujeres-palestinas\/","og_locale":"en_GB","og_type":"article","og_title":"Contra la revictimizaci\u00f3n period\u00edstica de las mujeres palestinas - Revista Rambla","og_description":"El periodismo feminista es emancipador, si bien denuncia las injusticias, tambi\u00e9n muestra la capacidad de agencia de las mujeres.","og_url":"https:\/\/www.revistarambla.com\/en\/contra-la-revictimizacion-periodistica-de-las-mujeres-palestinas\/","og_site_name":"Revista Rambla","article_publisher":"https:\/\/www.facebook.com\/revistarambla\/","article_published_time":"2024-04-08T10:33:53+00:00","og_image":[{"width":1500,"height":843,"url":"https:\/\/www.revistarambla.com\/wp-content\/uploads\/2024\/04\/intifada-1.jpg","type":"image\/jpeg"}],"author":"Marina Hoyos Mar\u00edn","twitter_card":"summary_large_image","twitter_creator":"@revistarambla","twitter_site":"@revistarambla","twitter_misc":{"Written by":"Marina Hoyos Mar\u00edn","Estimated reading time":"4 minutes"},"schema":{"@context":"https:\/\/schema.org","@graph":[{"@type":"Article","@id":"https:\/\/www.revistarambla.com\/contra-la-revictimizacion-periodistica-de-las-mujeres-palestinas\/#article","isPartOf":{"@id":"https:\/\/www.revistarambla.com\/contra-la-revictimizacion-periodistica-de-las-mujeres-palestinas\/"},"author":{"name":"Marina Hoyos Mar\u00edn","@id":"https:\/\/www.revistarambla.com\/#\/schema\/person\/2b19179a8ace334b829ad72cc6e6ce97"},"headline":"Contra la revictimizaci\u00f3n period\u00edstica de las mujeres palestinas","datePublished":"2024-04-08T10:33:53+00:00","mainEntityOfPage":{"@id":"https:\/\/www.revistarambla.com\/contra-la-revictimizacion-periodistica-de-las-mujeres-palestinas\/"},"wordCount":824,"publisher":{"@id":"https:\/\/www.revistarambla.com\/#organization"},"image":{"@id":"https:\/\/www.revistarambla.com\/contra-la-revictimizacion-periodistica-de-las-mujeres-palestinas\/#primaryimage"},"thumbnailUrl":"https:\/\/www.revistarambla.com\/wp-content\/uploads\/2024\/04\/intifada-1.jpg","articleSection":["Opiniones"],"inLanguage":"en-GB"},{"@type":"WebPage","@id":"https:\/\/www.revistarambla.com\/contra-la-revictimizacion-periodistica-de-las-mujeres-palestinas\/","url":"https:\/\/www.revistarambla.com\/contra-la-revictimizacion-periodistica-de-las-mujeres-palestinas\/","name":"Contra la revictimizaci\u00f3n period\u00edstica de las mujeres palestinas - Revista Rambla","isPartOf":{"@id":"https:\/\/www.revistarambla.com\/#website"},"primaryImageOfPage":{"@id":"https:\/\/www.revistarambla.com\/contra-la-revictimizacion-periodistica-de-las-mujeres-palestinas\/#primaryimage"},"image":{"@id":"https:\/\/www.revistarambla.com\/contra-la-revictimizacion-periodistica-de-las-mujeres-palestinas\/#primaryimage"},"thumbnailUrl":"https:\/\/www.revistarambla.com\/wp-content\/uploads\/2024\/04\/intifada-1.jpg","datePublished":"2024-04-08T10:33:53+00:00","breadcrumb":{"@id":"https:\/\/www.revistarambla.com\/contra-la-revictimizacion-periodistica-de-las-mujeres-palestinas\/#breadcrumb"},"inLanguage":"en-GB","potentialAction":[{"@type":"ReadAction","target":["https:\/\/www.revistarambla.com\/contra-la-revictimizacion-periodistica-de-las-mujeres-palestinas\/"]}]},{"@type":"ImageObject","inLanguage":"en-GB","@id":"https:\/\/www.revistarambla.com\/contra-la-revictimizacion-periodistica-de-las-mujeres-palestinas\/#primaryimage","url":"https:\/\/www.revistarambla.com\/wp-content\/uploads\/2024\/04\/intifada-1.jpg","contentUrl":"https:\/\/www.revistarambla.com\/wp-content\/uploads\/2024\/04\/intifada-1.jpg","width":1500,"height":843},{"@type":"BreadcrumbList","@id":"https:\/\/www.revistarambla.com\/contra-la-revictimizacion-periodistica-de-las-mujeres-palestinas\/#breadcrumb","itemListElement":[{"@type":"ListItem","position":1,"name":"Portada","item":"https:\/\/www.revistarambla.com\/"},{"@type":"ListItem","position":2,"name":"Contra la revictimizaci\u00f3n period\u00edstica de las mujeres palestinas"}]},{"@type":"WebSite","@id":"https:\/\/www.revistarambla.com\/#website","url":"https:\/\/www.revistarambla.com\/","name":"Revista Rambla Barcelona","description":"Periodismo independiente","publisher":{"@id":"https:\/\/www.revistarambla.com\/#organization"},"potentialAction":[{"@type":"SearchAction","target":{"@type":"EntryPoint","urlTemplate":"https:\/\/www.revistarambla.com\/?s={search_term_string}"},"query-input":{"@type":"PropertyValueSpecification","valueRequired":true,"valueName":"search_term_string"}}],"inLanguage":"en-GB"},{"@type":"Organization","@id":"https:\/\/www.revistarambla.com\/#organization","name":"Revista Rambla","url":"https:\/\/www.revistarambla.com\/","logo":{"@type":"ImageObject","inLanguage":"en-GB","@id":"https:\/\/www.revistarambla.com\/#\/schema\/logo\/image\/","url":"https:\/\/www.revistarambla.com\/wp-content\/uploads\/2020\/09\/banner_rambla_1900x600_BB.png","contentUrl":"https:\/\/www.revistarambla.com\/wp-content\/uploads\/2020\/09\/banner_rambla_1900x600_BB.png","width":1900,"height":600,"caption":"Revista Rambla"},"image":{"@id":"https:\/\/www.revistarambla.com\/#\/schema\/logo\/image\/"},"sameAs":["https:\/\/www.facebook.com\/revistarambla\/","https:\/\/x.com\/revistarambla","https:\/\/www.instagram.com\/revista_rambla","https:\/\/es.linkedin.com\/company\/revista-rambla"]},{"@type":"Person","@id":"https:\/\/www.revistarambla.com\/#\/schema\/person\/2b19179a8ace334b829ad72cc6e6ce97","name":"Marina Hoyos Mar\u00edn"}]}},"_links":{"self":[{"href":"https:\/\/www.revistarambla.com\/en\/wp-json\/wp\/v2\/posts\/59242","targetHints":{"allow":["GET"]}}],"collection":[{"href":"https:\/\/www.revistarambla.com\/en\/wp-json\/wp\/v2\/posts"}],"about":[{"href":"https:\/\/www.revistarambla.com\/en\/wp-json\/wp\/v2\/types\/post"}],"author":[{"embeddable":true,"href":"https:\/\/www.revistarambla.com\/en\/wp-json\/wp\/v2\/users\/15"}],"replies":[{"embeddable":true,"href":"https:\/\/www.revistarambla.com\/en\/wp-json\/wp\/v2\/comments?post=59242"}],"version-history":[{"count":9,"href":"https:\/\/www.revistarambla.com\/en\/wp-json\/wp\/v2\/posts\/59242\/revisions"}],"predecessor-version":[{"id":59252,"href":"https:\/\/www.revistarambla.com\/en\/wp-json\/wp\/v2\/posts\/59242\/revisions\/59252"}],"wp:featuredmedia":[{"embeddable":true,"href":"https:\/\/www.revistarambla.com\/en\/wp-json\/wp\/v2\/media\/59246"}],"wp:attachment":[{"href":"https:\/\/www.revistarambla.com\/en\/wp-json\/wp\/v2\/media?parent=59242"}],"wp:term":[{"taxonomy":"category","embeddable":true,"href":"https:\/\/www.revistarambla.com\/en\/wp-json\/wp\/v2\/categories?post=59242"},{"taxonomy":"post_tag","embeddable":true,"href":"https:\/\/www.revistarambla.com\/en\/wp-json\/wp\/v2\/tags?post=59242"}],"curies":[{"name":"wp","href":"https:\/\/api.w.org\/{rel}","templated":true}]}}