{"id":59233,"date":"2024-04-05T21:21:43","date_gmt":"2024-04-05T19:21:43","guid":{"rendered":"https:\/\/www.revistarambla.com\/?p=59233"},"modified":"2024-04-05T21:21:43","modified_gmt":"2024-04-05T19:21:43","slug":"reviu-un-portal-de-resenas-sobre-pisos-caseros-e-inmobiliarias-para-dar-poder-a-los-inquilinos","status":"publish","type":"post","link":"https:\/\/www.revistarambla.com\/en\/reviu-un-portal-de-resenas-sobre-pisos-caseros-e-inmobiliarias-para-dar-poder-a-los-inquilinos\/","title":{"rendered":"Reviu, un portal de rese\u00f1as sobre pisos, caseros e inmobiliarias para dar poder a los inquilinos"},"content":{"rendered":"<p>No es ning\u00fan secreto que los portales inmobiliarios siempre han estado al servicio de los caseros y las inmobiliarias. Al menos hasta ahora. <!--more-->El colectivo de investigaci\u00f3n catal\u00e1n IDRA est\u00e1 preparando el lanzamiento de un portal de vivienda que le d\u00e9 la vuelta a la ecuaci\u00f3n y vele por los intereses de los inquilinos, una web para compartir y buscar rese\u00f1as de pisos en Barcelona, una plataforma online con informaci\u00f3n sobre los pisos, la comunidad de vecinos, la zona, el propietario o la inmobiliaria.<\/p>\n<p>En un sector \u201ctotalmente opaco\u201d, explica Jaime Palomera, investigador de IDRA y activista del Sindicat de Llogaters (sindicato de inquilinos) de Catalunya, la \u00fanica informaci\u00f3n disponible sobre los pisos \u201cson los anuncios que las inmobiliarias cuelgan en los portales\u201d. Los arrendatarios, subraya, no tienen formas de denunciar los abusos que sufren por parte de caseros e inmobiliarias.<\/p>\n<p>\u201cImagina un portal donde puedes saber la opini\u00f3n de quien viv\u00eda en un piso antes de mudarte\u201d, dice Palomera, con informaci\u00f3n fundamental como cu\u00e1nto pagaba, un dato especialmente importante en Barcelona y en otros 139 municipios tensionados donde se ya se aplica la regulaci\u00f3n de los alquileres de la Ley de Vivienda. Seg\u00fan esta norma, los peque\u00f1os propietarios no pueden subir el precio de los alquileres ni en contratos vigentes ni al realizar nuevos contratos con antiguos o nuevos inquilinos. Y en el caso de los grandes tenedores \u2014aquellos que tienen m\u00e1s de cinco pisos\u2014 estar\u00e1n obligados a bajar el precio por debajo del \u00edndice de referencia. Este portal dar\u00e1 herramientas a los inquilinos para que no tengan que fiarse a ciegas de la palabra del casero y la inmobiliaria a la hora de fijar el precio de los alquileres.<\/p>\n<p>El portal, llamado Reviu, estar\u00e1 asociado con el catastro y permitir\u00e1 ver las rese\u00f1as que otros inquilinos han dejado sobre la luz, la temperatura, el ruido, los servicios, el mantenimiento, el precio, el trato de la inmobiliaria, sobre la comunidad de vecinos y las caracter\u00edsticas de la zona. \u201cLa informaci\u00f3n es poder\u201d es uno de los lemas de Reviu.<\/p>\n<p>La principal motivaci\u00f3n del proyecto, dicen desde Reviu, es la inexistencia de portales de vivienda que \u201ctrabajen con criterios de simetr\u00eda, utilizando la informaci\u00f3n y valoraciones aportadas\u201d por todas las personas usuarias. Entre los inquilinos se pretende crear una \u201ccomunidad digital con un modelo de gobernanza compartido que transformar\u00e1 su relaci\u00f3n con la vivienda y la ciudad\u201d.<\/p>\n<p>Reviu est\u00e1 en estado de desarrollo y necesita un \u00faltimo empuj\u00f3n \u201cpara intervenir en el mercado de la vivienda y cambiar las reglas del juego\u201d. Por ello, han abierto un crowdfunding en Goteo.org para conseguir un \u00f3ptimo de 18.000 euros para sufragar el desarrollo tecnol\u00f3gico del portal y la campa\u00f1a de difusi\u00f3n para dar a conocer la herramienta.<\/p>\n<hr \/>\n<p><em>*Fuente: https:\/\/www.elsaltodiario.com\/vivienda\/reviu-un-portal-resenas-pisos-caseros-inmobiliarias-dar-poder-inquilinos<\/em><\/p>","protected":false},"excerpt":{"rendered":"<p>El colectivo IDRA inicia un crowdfunding en Goteo.org para terminar el desarrollo y dar a conocer un portal de vivienda que permita a los inquilinos disputar el monopolio de la informaci\u00f3n que tienen los caseros y las inmobiliarias. Asamblea del Sindicato de Inquilinos el pasado 17 de septiembre de 2022. Ivan Giesen \/ El Salto<\/p>","protected":false},"author":15,"featured_media":59234,"comment_status":"closed","ping_status":"closed","sticky":false,"template":"","format":"standard","meta":{"footnotes":""},"categories":[76],"tags":[],"class_list":["post-59233","post","type-post","status-publish","format-standard","has-post-thumbnail","hentry","category-barcelona"],"yoast_head":"<!-- This site is optimized with the Yoast SEO plugin v27.5 - https:\/\/yoast.com\/product\/yoast-seo-wordpress\/ -->\n<title>Reviu, un portal de rese\u00f1as sobre pisos, caseros e inmobiliarias para dar poder a los inquilinos - Revista Rambla<\/title>\n<meta name=\"robots\" content=\"index, follow, max-snippet:-1, max-image-preview:large, max-video-preview:-1\" \/>\n<link rel=\"canonical\" href=\"https:\/\/www.revistarambla.com\/en\/reviu-un-portal-de-resenas-sobre-pisos-caseros-e-inmobiliarias-para-dar-poder-a-los-inquilinos\/\" \/>\n<meta property=\"og:locale\" content=\"en_GB\" \/>\n<meta property=\"og:type\" content=\"article\" \/>\n<meta property=\"og:title\" content=\"Reviu, un portal de rese\u00f1as sobre pisos, caseros e inmobiliarias para dar poder a los inquilinos - Revista Rambla\" \/>\n<meta property=\"og:description\" content=\"El colectivo IDRA inicia un crowdfunding en Goteo.org para terminar el desarrollo y dar a conocer un portal de vivienda que permita a los inquilinos disputar el monopolio de la informaci\u00f3n que tienen los caseros y las inmobiliarias. Asamblea del Sindicato de Inquilinos el pasado 17 de septiembre de 2022. Ivan Giesen \/ El Salto\" \/>\n<meta property=\"og:url\" content=\"https:\/\/www.revistarambla.com\/en\/reviu-un-portal-de-resenas-sobre-pisos-caseros-e-inmobiliarias-para-dar-poder-a-los-inquilinos\/\" \/>\n<meta property=\"og:site_name\" content=\"Revista Rambla\" \/>\n<meta property=\"article:publisher\" content=\"https:\/\/www.facebook.com\/revistarambla\/\" \/>\n<meta property=\"article:published_time\" content=\"2024-04-05T19:21:43+00:00\" \/>\n<meta property=\"og:image\" content=\"https:\/\/www.revistarambla.com\/wp-content\/uploads\/2024\/04\/llogater-pisos-asamblea-alquiler-barcelona.jpg\" \/>\n\t<meta property=\"og:image:width\" content=\"1500\" \/>\n\t<meta property=\"og:image:height\" content=\"1000\" \/>\n\t<meta property=\"og:image:type\" content=\"image\/jpeg\" \/>\n<meta name=\"author\" content=\"Mart\u00edn C\u00faneo\" \/>\n<meta name=\"twitter:card\" content=\"summary_large_image\" \/>\n<meta name=\"twitter:creator\" content=\"@revistarambla\" \/>\n<meta name=\"twitter:site\" content=\"@revistarambla\" \/>\n<meta name=\"twitter:label1\" content=\"Written by\" \/>\n\t<meta name=\"twitter:data1\" content=\"Mart\u00edn C\u00faneo\" \/>\n\t<meta name=\"twitter:label2\" content=\"Estimated reading time\" \/>\n\t<meta name=\"twitter:data2\" content=\"3 minutes\" \/>\n<script type=\"application\/ld+json\" class=\"yoast-schema-graph\">{\"@context\":\"https:\\\/\\\/schema.org\",\"@graph\":[{\"@type\":\"Article\",\"@id\":\"https:\\\/\\\/www.revistarambla.com\\\/reviu-un-portal-de-resenas-sobre-pisos-caseros-e-inmobiliarias-para-dar-poder-a-los-inquilinos\\\/#article\",\"isPartOf\":{\"@id\":\"https:\\\/\\\/www.revistarambla.com\\\/reviu-un-portal-de-resenas-sobre-pisos-caseros-e-inmobiliarias-para-dar-poder-a-los-inquilinos\\\/\"},\"author\":{\"name\":\"Mart\u00edn C\u00faneo\",\"@id\":\"https:\\\/\\\/www.revistarambla.com\\\/#\\\/schema\\\/person\\\/2b19179a8ace334b829ad72cc6e6ce97\"},\"headline\":\"Reviu, un portal de rese\u00f1as sobre pisos, caseros e inmobiliarias para dar poder a los inquilinos\",\"datePublished\":\"2024-04-05T19:21:43+00:00\",\"mainEntityOfPage\":{\"@id\":\"https:\\\/\\\/www.revistarambla.com\\\/reviu-un-portal-de-resenas-sobre-pisos-caseros-e-inmobiliarias-para-dar-poder-a-los-inquilinos\\\/\"},\"wordCount\":505,\"publisher\":{\"@id\":\"https:\\\/\\\/www.revistarambla.com\\\/#organization\"},\"image\":{\"@id\":\"https:\\\/\\\/www.revistarambla.com\\\/reviu-un-portal-de-resenas-sobre-pisos-caseros-e-inmobiliarias-para-dar-poder-a-los-inquilinos\\\/#primaryimage\"},\"thumbnailUrl\":\"https:\\\/\\\/www.revistarambla.com\\\/wp-content\\\/uploads\\\/2024\\\/04\\\/llogater-pisos-asamblea-alquiler-barcelona.jpg\",\"articleSection\":[\"Barcelona\"],\"inLanguage\":\"en-GB\"},{\"@type\":\"WebPage\",\"@id\":\"https:\\\/\\\/www.revistarambla.com\\\/reviu-un-portal-de-resenas-sobre-pisos-caseros-e-inmobiliarias-para-dar-poder-a-los-inquilinos\\\/\",\"url\":\"https:\\\/\\\/www.revistarambla.com\\\/reviu-un-portal-de-resenas-sobre-pisos-caseros-e-inmobiliarias-para-dar-poder-a-los-inquilinos\\\/\",\"name\":\"Reviu, un portal de rese\u00f1as sobre pisos, caseros e inmobiliarias para dar poder a los inquilinos - Revista Rambla\",\"isPartOf\":{\"@id\":\"https:\\\/\\\/www.revistarambla.com\\\/#website\"},\"primaryImageOfPage\":{\"@id\":\"https:\\\/\\\/www.revistarambla.com\\\/reviu-un-portal-de-resenas-sobre-pisos-caseros-e-inmobiliarias-para-dar-poder-a-los-inquilinos\\\/#primaryimage\"},\"image\":{\"@id\":\"https:\\\/\\\/www.revistarambla.com\\\/reviu-un-portal-de-resenas-sobre-pisos-caseros-e-inmobiliarias-para-dar-poder-a-los-inquilinos\\\/#primaryimage\"},\"thumbnailUrl\":\"https:\\\/\\\/www.revistarambla.com\\\/wp-content\\\/uploads\\\/2024\\\/04\\\/llogater-pisos-asamblea-alquiler-barcelona.jpg\",\"datePublished\":\"2024-04-05T19:21:43+00:00\",\"breadcrumb\":{\"@id\":\"https:\\\/\\\/www.revistarambla.com\\\/reviu-un-portal-de-resenas-sobre-pisos-caseros-e-inmobiliarias-para-dar-poder-a-los-inquilinos\\\/#breadcrumb\"},\"inLanguage\":\"en-GB\",\"potentialAction\":[{\"@type\":\"ReadAction\",\"target\":[\"https:\\\/\\\/www.revistarambla.com\\\/reviu-un-portal-de-resenas-sobre-pisos-caseros-e-inmobiliarias-para-dar-poder-a-los-inquilinos\\\/\"]}]},{\"@type\":\"ImageObject\",\"inLanguage\":\"en-GB\",\"@id\":\"https:\\\/\\\/www.revistarambla.com\\\/reviu-un-portal-de-resenas-sobre-pisos-caseros-e-inmobiliarias-para-dar-poder-a-los-inquilinos\\\/#primaryimage\",\"url\":\"https:\\\/\\\/www.revistarambla.com\\\/wp-content\\\/uploads\\\/2024\\\/04\\\/llogater-pisos-asamblea-alquiler-barcelona.jpg\",\"contentUrl\":\"https:\\\/\\\/www.revistarambla.com\\\/wp-content\\\/uploads\\\/2024\\\/04\\\/llogater-pisos-asamblea-alquiler-barcelona.jpg\",\"width\":1500,\"height\":1000,\"caption\":\"huelgas de alquiler\"},{\"@type\":\"BreadcrumbList\",\"@id\":\"https:\\\/\\\/www.revistarambla.com\\\/reviu-un-portal-de-resenas-sobre-pisos-caseros-e-inmobiliarias-para-dar-poder-a-los-inquilinos\\\/#breadcrumb\",\"itemListElement\":[{\"@type\":\"ListItem\",\"position\":1,\"name\":\"Portada\",\"item\":\"https:\\\/\\\/www.revistarambla.com\\\/\"},{\"@type\":\"ListItem\",\"position\":2,\"name\":\"Reviu, un portal de rese\u00f1as sobre pisos, caseros e inmobiliarias para dar poder a los inquilinos\"}]},{\"@type\":\"WebSite\",\"@id\":\"https:\\\/\\\/www.revistarambla.com\\\/#website\",\"url\":\"https:\\\/\\\/www.revistarambla.com\\\/\",\"name\":\"Revista Rambla Barcelona\",\"description\":\"Periodismo independiente\",\"publisher\":{\"@id\":\"https:\\\/\\\/www.revistarambla.com\\\/#organization\"},\"potentialAction\":[{\"@type\":\"SearchAction\",\"target\":{\"@type\":\"EntryPoint\",\"urlTemplate\":\"https:\\\/\\\/www.revistarambla.com\\\/?s={search_term_string}\"},\"query-input\":{\"@type\":\"PropertyValueSpecification\",\"valueRequired\":true,\"valueName\":\"search_term_string\"}}],\"inLanguage\":\"en-GB\"},{\"@type\":\"Organization\",\"@id\":\"https:\\\/\\\/www.revistarambla.com\\\/#organization\",\"name\":\"Revista Rambla\",\"url\":\"https:\\\/\\\/www.revistarambla.com\\\/\",\"logo\":{\"@type\":\"ImageObject\",\"inLanguage\":\"en-GB\",\"@id\":\"https:\\\/\\\/www.revistarambla.com\\\/#\\\/schema\\\/logo\\\/image\\\/\",\"url\":\"https:\\\/\\\/www.revistarambla.com\\\/wp-content\\\/uploads\\\/2020\\\/09\\\/banner_rambla_1900x600_BB.png\",\"contentUrl\":\"https:\\\/\\\/www.revistarambla.com\\\/wp-content\\\/uploads\\\/2020\\\/09\\\/banner_rambla_1900x600_BB.png\",\"width\":1900,\"height\":600,\"caption\":\"Revista Rambla\"},\"image\":{\"@id\":\"https:\\\/\\\/www.revistarambla.com\\\/#\\\/schema\\\/logo\\\/image\\\/\"},\"sameAs\":[\"https:\\\/\\\/www.facebook.com\\\/revistarambla\\\/\",\"https:\\\/\\\/x.com\\\/revistarambla\",\"https:\\\/\\\/www.instagram.com\\\/revista_rambla\",\"https:\\\/\\\/es.linkedin.com\\\/company\\\/revista-rambla\"]},{\"@type\":\"Person\",\"@id\":\"https:\\\/\\\/www.revistarambla.com\\\/#\\\/schema\\\/person\\\/2b19179a8ace334b829ad72cc6e6ce97\",\"name\":\"Mart\u00edn C\u00faneo\"}]}<\/script>\n<!-- \/ Yoast SEO plugin. -->","yoast_head_json":{"title":"Reviu, un portal de rese\u00f1as sobre pisos, caseros e inmobiliarias para dar poder a los inquilinos - Revista Rambla","robots":{"index":"index","follow":"follow","max-snippet":"max-snippet:-1","max-image-preview":"max-image-preview:large","max-video-preview":"max-video-preview:-1"},"canonical":"https:\/\/www.revistarambla.com\/en\/reviu-un-portal-de-resenas-sobre-pisos-caseros-e-inmobiliarias-para-dar-poder-a-los-inquilinos\/","og_locale":"en_GB","og_type":"article","og_title":"Reviu, un portal de rese\u00f1as sobre pisos, caseros e inmobiliarias para dar poder a los inquilinos - Revista Rambla","og_description":"El colectivo IDRA inicia un crowdfunding en Goteo.org para terminar el desarrollo y dar a conocer un portal de vivienda que permita a los inquilinos disputar el monopolio de la informaci\u00f3n que tienen los caseros y las inmobiliarias. Asamblea del Sindicato de Inquilinos el pasado 17 de septiembre de 2022. Ivan Giesen \/ El Salto","og_url":"https:\/\/www.revistarambla.com\/en\/reviu-un-portal-de-resenas-sobre-pisos-caseros-e-inmobiliarias-para-dar-poder-a-los-inquilinos\/","og_site_name":"Revista Rambla","article_publisher":"https:\/\/www.facebook.com\/revistarambla\/","article_published_time":"2024-04-05T19:21:43+00:00","og_image":[{"width":1500,"height":1000,"url":"https:\/\/www.revistarambla.com\/wp-content\/uploads\/2024\/04\/llogater-pisos-asamblea-alquiler-barcelona.jpg","type":"image\/jpeg"}],"author":"Mart\u00edn C\u00faneo","twitter_card":"summary_large_image","twitter_creator":"@revistarambla","twitter_site":"@revistarambla","twitter_misc":{"Written by":"Mart\u00edn C\u00faneo","Estimated reading time":"3 minutes"},"schema":{"@context":"https:\/\/schema.org","@graph":[{"@type":"Article","@id":"https:\/\/www.revistarambla.com\/reviu-un-portal-de-resenas-sobre-pisos-caseros-e-inmobiliarias-para-dar-poder-a-los-inquilinos\/#article","isPartOf":{"@id":"https:\/\/www.revistarambla.com\/reviu-un-portal-de-resenas-sobre-pisos-caseros-e-inmobiliarias-para-dar-poder-a-los-inquilinos\/"},"author":{"name":"Mart\u00edn C\u00faneo","@id":"https:\/\/www.revistarambla.com\/#\/schema\/person\/2b19179a8ace334b829ad72cc6e6ce97"},"headline":"Reviu, un portal de rese\u00f1as sobre pisos, caseros e inmobiliarias para dar poder a los inquilinos","datePublished":"2024-04-05T19:21:43+00:00","mainEntityOfPage":{"@id":"https:\/\/www.revistarambla.com\/reviu-un-portal-de-resenas-sobre-pisos-caseros-e-inmobiliarias-para-dar-poder-a-los-inquilinos\/"},"wordCount":505,"publisher":{"@id":"https:\/\/www.revistarambla.com\/#organization"},"image":{"@id":"https:\/\/www.revistarambla.com\/reviu-un-portal-de-resenas-sobre-pisos-caseros-e-inmobiliarias-para-dar-poder-a-los-inquilinos\/#primaryimage"},"thumbnailUrl":"https:\/\/www.revistarambla.com\/wp-content\/uploads\/2024\/04\/llogater-pisos-asamblea-alquiler-barcelona.jpg","articleSection":["Barcelona"],"inLanguage":"en-GB"},{"@type":"WebPage","@id":"https:\/\/www.revistarambla.com\/reviu-un-portal-de-resenas-sobre-pisos-caseros-e-inmobiliarias-para-dar-poder-a-los-inquilinos\/","url":"https:\/\/www.revistarambla.com\/reviu-un-portal-de-resenas-sobre-pisos-caseros-e-inmobiliarias-para-dar-poder-a-los-inquilinos\/","name":"Reviu, un portal de rese\u00f1as sobre pisos, caseros e inmobiliarias para dar poder a los inquilinos - Revista Rambla","isPartOf":{"@id":"https:\/\/www.revistarambla.com\/#website"},"primaryImageOfPage":{"@id":"https:\/\/www.revistarambla.com\/reviu-un-portal-de-resenas-sobre-pisos-caseros-e-inmobiliarias-para-dar-poder-a-los-inquilinos\/#primaryimage"},"image":{"@id":"https:\/\/www.revistarambla.com\/reviu-un-portal-de-resenas-sobre-pisos-caseros-e-inmobiliarias-para-dar-poder-a-los-inquilinos\/#primaryimage"},"thumbnailUrl":"https:\/\/www.revistarambla.com\/wp-content\/uploads\/2024\/04\/llogater-pisos-asamblea-alquiler-barcelona.jpg","datePublished":"2024-04-05T19:21:43+00:00","breadcrumb":{"@id":"https:\/\/www.revistarambla.com\/reviu-un-portal-de-resenas-sobre-pisos-caseros-e-inmobiliarias-para-dar-poder-a-los-inquilinos\/#breadcrumb"},"inLanguage":"en-GB","potentialAction":[{"@type":"ReadAction","target":["https:\/\/www.revistarambla.com\/reviu-un-portal-de-resenas-sobre-pisos-caseros-e-inmobiliarias-para-dar-poder-a-los-inquilinos\/"]}]},{"@type":"ImageObject","inLanguage":"en-GB","@id":"https:\/\/www.revistarambla.com\/reviu-un-portal-de-resenas-sobre-pisos-caseros-e-inmobiliarias-para-dar-poder-a-los-inquilinos\/#primaryimage","url":"https:\/\/www.revistarambla.com\/wp-content\/uploads\/2024\/04\/llogater-pisos-asamblea-alquiler-barcelona.jpg","contentUrl":"https:\/\/www.revistarambla.com\/wp-content\/uploads\/2024\/04\/llogater-pisos-asamblea-alquiler-barcelona.jpg","width":1500,"height":1000,"caption":"huelgas de alquiler"},{"@type":"BreadcrumbList","@id":"https:\/\/www.revistarambla.com\/reviu-un-portal-de-resenas-sobre-pisos-caseros-e-inmobiliarias-para-dar-poder-a-los-inquilinos\/#breadcrumb","itemListElement":[{"@type":"ListItem","position":1,"name":"Portada","item":"https:\/\/www.revistarambla.com\/"},{"@type":"ListItem","position":2,"name":"Reviu, un portal de rese\u00f1as sobre pisos, caseros e inmobiliarias para dar poder a los inquilinos"}]},{"@type":"WebSite","@id":"https:\/\/www.revistarambla.com\/#website","url":"https:\/\/www.revistarambla.com\/","name":"Revista Rambla Barcelona","description":"Periodismo independiente","publisher":{"@id":"https:\/\/www.revistarambla.com\/#organization"},"potentialAction":[{"@type":"SearchAction","target":{"@type":"EntryPoint","urlTemplate":"https:\/\/www.revistarambla.com\/?s={search_term_string}"},"query-input":{"@type":"PropertyValueSpecification","valueRequired":true,"valueName":"search_term_string"}}],"inLanguage":"en-GB"},{"@type":"Organization","@id":"https:\/\/www.revistarambla.com\/#organization","name":"Revista Rambla","url":"https:\/\/www.revistarambla.com\/","logo":{"@type":"ImageObject","inLanguage":"en-GB","@id":"https:\/\/www.revistarambla.com\/#\/schema\/logo\/image\/","url":"https:\/\/www.revistarambla.com\/wp-content\/uploads\/2020\/09\/banner_rambla_1900x600_BB.png","contentUrl":"https:\/\/www.revistarambla.com\/wp-content\/uploads\/2020\/09\/banner_rambla_1900x600_BB.png","width":1900,"height":600,"caption":"Revista Rambla"},"image":{"@id":"https:\/\/www.revistarambla.com\/#\/schema\/logo\/image\/"},"sameAs":["https:\/\/www.facebook.com\/revistarambla\/","https:\/\/x.com\/revistarambla","https:\/\/www.instagram.com\/revista_rambla","https:\/\/es.linkedin.com\/company\/revista-rambla"]},{"@type":"Person","@id":"https:\/\/www.revistarambla.com\/#\/schema\/person\/2b19179a8ace334b829ad72cc6e6ce97","name":"Mart\u00edn C\u00faneo"}]}},"_links":{"self":[{"href":"https:\/\/www.revistarambla.com\/en\/wp-json\/wp\/v2\/posts\/59233","targetHints":{"allow":["GET"]}}],"collection":[{"href":"https:\/\/www.revistarambla.com\/en\/wp-json\/wp\/v2\/posts"}],"about":[{"href":"https:\/\/www.revistarambla.com\/en\/wp-json\/wp\/v2\/types\/post"}],"author":[{"embeddable":true,"href":"https:\/\/www.revistarambla.com\/en\/wp-json\/wp\/v2\/users\/15"}],"replies":[{"embeddable":true,"href":"https:\/\/www.revistarambla.com\/en\/wp-json\/wp\/v2\/comments?post=59233"}],"version-history":[{"count":1,"href":"https:\/\/www.revistarambla.com\/en\/wp-json\/wp\/v2\/posts\/59233\/revisions"}],"predecessor-version":[{"id":59236,"href":"https:\/\/www.revistarambla.com\/en\/wp-json\/wp\/v2\/posts\/59233\/revisions\/59236"}],"wp:featuredmedia":[{"embeddable":true,"href":"https:\/\/www.revistarambla.com\/en\/wp-json\/wp\/v2\/media\/59234"}],"wp:attachment":[{"href":"https:\/\/www.revistarambla.com\/en\/wp-json\/wp\/v2\/media?parent=59233"}],"wp:term":[{"taxonomy":"category","embeddable":true,"href":"https:\/\/www.revistarambla.com\/en\/wp-json\/wp\/v2\/categories?post=59233"},{"taxonomy":"post_tag","embeddable":true,"href":"https:\/\/www.revistarambla.com\/en\/wp-json\/wp\/v2\/tags?post=59233"}],"curies":[{"name":"wp","href":"https:\/\/api.w.org\/{rel}","templated":true}]}}