{"id":59231,"date":"2024-04-05T20:07:24","date_gmt":"2024-04-05T18:07:24","guid":{"rendered":"https:\/\/www.revistarambla.com\/?p=59231"},"modified":"2024-05-05T19:29:21","modified_gmt":"2024-05-05T17:29:21","slug":"nuevas-estrategias-digitales-para-la-movilizacion-comunitaria-un-enfoque-innovador","status":"publish","type":"post","link":"https:\/\/www.revistarambla.com\/en\/nuevas-estrategias-digitales-para-la-movilizacion-comunitaria-un-enfoque-innovador\/","title":{"rendered":"Nuevas estrategias digitales para la movilizaci\u00f3n comunitaria: Un enfoque innovador"},"content":{"rendered":"<p>Las organizaciones y movimientos sociales buscan constantemente m\u00e9todos innovadores para movilizar a sus comunidades. El uso estrat\u00e9gico de la tecnolog\u00eda digital ha emergido como un pilar fundamental en estos esfuerzos. <a href=\"https:\/\/www.revistarambla.com\/en\/\">Revista Rambla<\/a> explorar\u00e1 en este art\u00edculo nuevas estrategias digitales centradas en la movilizaci\u00f3n comunitaria, destacando c\u00f3mo la integraci\u00f3n inteligente de herramientas digitales puede fomentar una participaci\u00f3n m\u00e1s amplia y efectiva.<\/p>\n<h2>Integraci\u00f3n de Redes Sociales para Movilizaci\u00f3n<\/h2>\n<p>Las redes sociales se han convertido en una herramienta indispensable para la movilizaci\u00f3n comunitaria. Permiten a las organizaciones llegar a una audiencia amplia con un esfuerzo relativamente bajo. La clave del \u00e9xito en las redes sociales radica en la creaci\u00f3n de contenido relevante que resuene con la audiencia, incentivando la participaci\u00f3n activa y la difusi\u00f3n de mensajes.<\/p>\n<p>Crear campa\u00f1as de concienciaci\u00f3n o recaudaci\u00f3n de fondos a trav\u00e9s de estas plataformas puede aumentar significativamente el alcance de una causa. Adem\u00e1s, las redes sociales ofrecen la oportunidad de interactuar directamente con la comunidad, construyendo una relaci\u00f3n m\u00e1s personal y comprometida.<\/p>\n<h2>Uso de Plataformas de SMS para una Comunicaci\u00f3n Directa<\/h2>\n<p>El env\u00edo de mensajes de texto, o SMS masivo, representa una estrategia directa y efectiva para movilizar y mantener informada a la comunidad. A diferencia de otros m\u00e9todos, los SMS garantizan una mayor tasa de lectura, ya que los mensajes llegan directamente al dispositivo m\u00f3vil del destinatario.<\/p>\n<p>Implementar una campa\u00f1a de <span style=\"text-decoration: underline;\"><a href=\"https:\/\/www.smspubli.com\/sms-masivos\/\">SMS masivo<\/a><\/span> permite a las organizaciones enviar actualizaciones importantes, alertas de eventos y llamados a la acci\u00f3n de manera r\u00e1pida y a gran escala. Esta herramienta es especialmente \u00fatil en situaciones que requieren una movilizaci\u00f3n r\u00e1pida o en comunidades donde el acceso a internet es limitado.<\/p>\n<h2>Personalizaci\u00f3n y Segmentaci\u00f3n<\/h2>\n<p>Aunque el email marketing es una de las estrategias digitales m\u00e1s tradicionales, su eficacia sigue siendo relevante hoy en d\u00eda, especialmente cuando se utiliza de manera estrat\u00e9gica. La personalizaci\u00f3n y segmentaci\u00f3n de los correos electr\u00f3nicos pueden aumentar significativamente la participaci\u00f3n de la audiencia.<\/p>\n<p>Al enviar informaci\u00f3n que es espec\u00edficamente relevante para un segmento particular de la comunidad, las organizaciones pueden fomentar un mayor compromiso y acci\u00f3n. Adem\u00e1s, las campa\u00f1as de correo electr\u00f3nico permiten medir de manera efectiva la respuesta y el compromiso de la audiencia, ajustando las estrategias seg\u00fan sea necesario.<\/p>\n<h2>Webinars y Eventos Virtuales como Herramientas de Compromiso<\/h2>\n<p>Los webinars y <a href=\"https:\/\/www.mediummultimedia.com\/apps\/como-se-hace-un-evento-virtual\/\"><span style=\"text-decoration: underline;\">eventos virtuales<\/span><\/a> han ganado popularidad como medios para educar, informar y movilizar a la comunidad. Ofrecen una plataforma para discutir temas relevantes, compartir conocimientos y fomentar el di\u00e1logo entre los miembros de la comunidad y los l\u00edderes de <a href=\"https:\/\/www.revistarambla.com\/en\/opinion\/\">opini\u00f3n<\/a>.<\/p>\n<p>Estos eventos no solo permiten la interacci\u00f3n en tiempo real, sino que tambi\u00e9n pueden ser grabados y compartidos posteriormente, ampliando el alcance de la movilizaci\u00f3n. La flexibilidad y accesibilidad de los webinars los convierten en una opci\u00f3n atractiva para organizaciones de todos los tama\u00f1os.<\/p>\n<h2>Optimizaci\u00f3n de Sitios Web para Movilizaci\u00f3n y Participaci\u00f3n<\/h2>\n<p>Un sitio web bien dise\u00f1ado es crucial para cualquier estrategia de movilizaci\u00f3n comunitaria. Debe ser intuitivo, f\u00e1cil de navegar y estar optimizado para dispositivos m\u00f3viles, asegurando que la informaci\u00f3n sea accesible para todos. Adem\u00e1s, integrar opciones de participaci\u00f3n como formularios de registro, <a href=\"https:\/\/whydonate.com\/es\/blog\/formulario-de-donacion-de-recaudacion-de-fondos\/\">donaciones<\/a> en l\u00ednea y suscripciones a boletines puede facilitar la acci\u00f3n inmediata de los visitantes.<\/p>\n<p>Para maximizar el impacto, es esencial mantener el contenido del sitio actualizado y relevante. Incluir historias de \u00e9xito, testimonios y actualizaciones regulares sobre las actividades de la organizaci\u00f3n puede ayudar a construir credibilidad y fomentar la participaci\u00f3n comunitaria.<\/p>\n<h2>An\u00e1lisis de Datos para Estrategias digitales de Movilizaci\u00f3n Personalizadas<\/h2>\n<p>La recopilaci\u00f3n y an\u00e1lisis de datos juegan un papel fundamental en la optimizaci\u00f3n de las estrategias de movilizaci\u00f3n. Entender las preferencias, comportamientos y necesidades de la comunidad permite a las organizaciones personalizar su enfoque y comunicarse de manera m\u00e1s efectiva.<\/p>\n<p>Herramientas de an\u00e1lisis web, encuestas y feedback directo son fuentes valiosas de informaci\u00f3n. Utilizar estos datos para adaptar las comunicaciones y ofertas puede incrementar significativamente la eficacia de los esfuerzos de movilizaci\u00f3n, asegurando que el mensaje sea relevante y oportuno para cada segmento de la audiencia.<\/p>","protected":false},"excerpt":{"rendered":"<p>Las organizaciones y movimientos sociales buscan constantemente m\u00e9todos innovadores para movilizar a sus comunidades. El uso estrat\u00e9gico de la tecnolog\u00eda digital ha emergido como un pilar fundamental en estos esfuerzos. Revista Rambla explorar\u00e1 en este art\u00edculo nuevas estrategias digitales centradas en la movilizaci\u00f3n comunitaria, destacando c\u00f3mo la integraci\u00f3n inteligente de [&hellip;]<\/p>\n","protected":false},"author":3,"featured_media":39082,"comment_status":"closed","ping_status":"closed","sticky":false,"template":"","format":"standard","meta":{"footnotes":""},"categories":[350],"tags":[],"class_list":["post-59231","post","type-post","status-publish","format-standard","has-post-thumbnail","hentry","category-miscelanea"],"yoast_head":"<!-- This site is optimized with the Yoast SEO plugin v27.5 - https:\/\/yoast.com\/product\/yoast-seo-wordpress\/ -->\n<title>Nuevas estrategias digitales para la movilizaci\u00f3n comunitaria<\/title>\n<meta name=\"description\" content=\"Nuevas estrategias digitales centradas en la movilizaci\u00f3n comunitaria, destacando c\u00f3mo la integraci\u00f3n inteligente de herramientas digitales.\" \/>\n<meta name=\"robots\" content=\"index, follow, max-snippet:-1, max-image-preview:large, max-video-preview:-1\" \/>\n<link rel=\"canonical\" href=\"https:\/\/www.revistarambla.com\/en\/nuevas-estrategias-digitales-para-la-movilizacion-comunitaria-un-enfoque-innovador\/\" \/>\n<meta property=\"og:locale\" content=\"en_GB\" \/>\n<meta property=\"og:type\" content=\"article\" \/>\n<meta property=\"og:title\" content=\"Nuevas estrategias digitales para la movilizaci\u00f3n comunitaria\" \/>\n<meta property=\"og:description\" content=\"Nuevas estrategias digitales centradas en la movilizaci\u00f3n comunitaria, destacando c\u00f3mo la integraci\u00f3n inteligente de herramientas digitales.\" \/>\n<meta property=\"og:url\" content=\"https:\/\/www.revistarambla.com\/en\/nuevas-estrategias-digitales-para-la-movilizacion-comunitaria-un-enfoque-innovador\/\" \/>\n<meta property=\"og:site_name\" content=\"Revista Rambla\" \/>\n<meta property=\"article:publisher\" content=\"https:\/\/www.facebook.com\/revistarambla\/\" \/>\n<meta property=\"article:author\" content=\"https:\/\/www.facebook.com\/revistarambla\" \/>\n<meta property=\"article:published_time\" content=\"2024-04-05T18:07:24+00:00\" \/>\n<meta property=\"article:modified_time\" content=\"2024-05-05T17:29:21+00:00\" \/>\n<meta property=\"og:image\" content=\"https:\/\/www.revistarambla.com\/wp-content\/uploads\/2022\/02\/digital-marketing-g818457225_1920.jpg\" \/>\n\t<meta property=\"og:image:width\" content=\"1920\" \/>\n\t<meta property=\"og:image:height\" content=\"1279\" \/>\n\t<meta property=\"og:image:type\" content=\"image\/jpeg\" \/>\n<meta name=\"author\" content=\"R@mbla\" \/>\n<meta name=\"twitter:card\" content=\"summary_large_image\" \/>\n<meta name=\"twitter:creator\" content=\"@revistarambla\" \/>\n<meta name=\"twitter:site\" content=\"@revistarambla\" \/>\n<meta name=\"twitter:label1\" content=\"Written by\" \/>\n\t<meta name=\"twitter:data1\" content=\"R@mbla\" \/>\n\t<meta name=\"twitter:label2\" content=\"Estimated reading time\" \/>\n\t<meta name=\"twitter:data2\" content=\"4 minutes\" \/>\n<script type=\"application\/ld+json\" class=\"yoast-schema-graph\">{\"@context\":\"https:\\\/\\\/schema.org\",\"@graph\":[{\"@type\":\"Article\",\"@id\":\"https:\\\/\\\/www.revistarambla.com\\\/nuevas-estrategias-digitales-para-la-movilizacion-comunitaria-un-enfoque-innovador\\\/#article\",\"isPartOf\":{\"@id\":\"https:\\\/\\\/www.revistarambla.com\\\/nuevas-estrategias-digitales-para-la-movilizacion-comunitaria-un-enfoque-innovador\\\/\"},\"author\":{\"name\":\"R@mbla\",\"@id\":\"https:\\\/\\\/www.revistarambla.com\\\/#\\\/schema\\\/person\\\/a146a5a2550b94981a75131180e1bd9c\"},\"headline\":\"Nuevas estrategias digitales para la movilizaci\u00f3n comunitaria: Un enfoque innovador\",\"datePublished\":\"2024-04-05T18:07:24+00:00\",\"dateModified\":\"2024-05-05T17:29:21+00:00\",\"mainEntityOfPage\":{\"@id\":\"https:\\\/\\\/www.revistarambla.com\\\/nuevas-estrategias-digitales-para-la-movilizacion-comunitaria-un-enfoque-innovador\\\/\"},\"wordCount\":746,\"publisher\":{\"@id\":\"https:\\\/\\\/www.revistarambla.com\\\/#organization\"},\"image\":{\"@id\":\"https:\\\/\\\/www.revistarambla.com\\\/nuevas-estrategias-digitales-para-la-movilizacion-comunitaria-un-enfoque-innovador\\\/#primaryimage\"},\"thumbnailUrl\":\"https:\\\/\\\/www.revistarambla.com\\\/wp-content\\\/uploads\\\/2022\\\/02\\\/digital-marketing-g818457225_1920.jpg\",\"articleSection\":[\"Noticias de la vida\"],\"inLanguage\":\"en-GB\"},{\"@type\":\"WebPage\",\"@id\":\"https:\\\/\\\/www.revistarambla.com\\\/nuevas-estrategias-digitales-para-la-movilizacion-comunitaria-un-enfoque-innovador\\\/\",\"url\":\"https:\\\/\\\/www.revistarambla.com\\\/nuevas-estrategias-digitales-para-la-movilizacion-comunitaria-un-enfoque-innovador\\\/\",\"name\":\"Nuevas estrategias digitales para la movilizaci\u00f3n comunitaria\",\"isPartOf\":{\"@id\":\"https:\\\/\\\/www.revistarambla.com\\\/#website\"},\"primaryImageOfPage\":{\"@id\":\"https:\\\/\\\/www.revistarambla.com\\\/nuevas-estrategias-digitales-para-la-movilizacion-comunitaria-un-enfoque-innovador\\\/#primaryimage\"},\"image\":{\"@id\":\"https:\\\/\\\/www.revistarambla.com\\\/nuevas-estrategias-digitales-para-la-movilizacion-comunitaria-un-enfoque-innovador\\\/#primaryimage\"},\"thumbnailUrl\":\"https:\\\/\\\/www.revistarambla.com\\\/wp-content\\\/uploads\\\/2022\\\/02\\\/digital-marketing-g818457225_1920.jpg\",\"datePublished\":\"2024-04-05T18:07:24+00:00\",\"dateModified\":\"2024-05-05T17:29:21+00:00\",\"description\":\"Nuevas estrategias digitales centradas en la movilizaci\u00f3n comunitaria, destacando c\u00f3mo la integraci\u00f3n inteligente de herramientas digitales.\",\"breadcrumb\":{\"@id\":\"https:\\\/\\\/www.revistarambla.com\\\/nuevas-estrategias-digitales-para-la-movilizacion-comunitaria-un-enfoque-innovador\\\/#breadcrumb\"},\"inLanguage\":\"en-GB\",\"potentialAction\":[{\"@type\":\"ReadAction\",\"target\":[\"https:\\\/\\\/www.revistarambla.com\\\/nuevas-estrategias-digitales-para-la-movilizacion-comunitaria-un-enfoque-innovador\\\/\"]}]},{\"@type\":\"ImageObject\",\"inLanguage\":\"en-GB\",\"@id\":\"https:\\\/\\\/www.revistarambla.com\\\/nuevas-estrategias-digitales-para-la-movilizacion-comunitaria-un-enfoque-innovador\\\/#primaryimage\",\"url\":\"https:\\\/\\\/www.revistarambla.com\\\/wp-content\\\/uploads\\\/2022\\\/02\\\/digital-marketing-g818457225_1920.jpg\",\"contentUrl\":\"https:\\\/\\\/www.revistarambla.com\\\/wp-content\\\/uploads\\\/2022\\\/02\\\/digital-marketing-g818457225_1920.jpg\",\"width\":1920,\"height\":1279},{\"@type\":\"BreadcrumbList\",\"@id\":\"https:\\\/\\\/www.revistarambla.com\\\/nuevas-estrategias-digitales-para-la-movilizacion-comunitaria-un-enfoque-innovador\\\/#breadcrumb\",\"itemListElement\":[{\"@type\":\"ListItem\",\"position\":1,\"name\":\"Portada\",\"item\":\"https:\\\/\\\/www.revistarambla.com\\\/\"},{\"@type\":\"ListItem\",\"position\":2,\"name\":\"Nuevas estrategias digitales para la movilizaci\u00f3n comunitaria: Un enfoque innovador\"}]},{\"@type\":\"WebSite\",\"@id\":\"https:\\\/\\\/www.revistarambla.com\\\/#website\",\"url\":\"https:\\\/\\\/www.revistarambla.com\\\/\",\"name\":\"Revista Rambla Barcelona\",\"description\":\"Periodismo independiente\",\"publisher\":{\"@id\":\"https:\\\/\\\/www.revistarambla.com\\\/#organization\"},\"potentialAction\":[{\"@type\":\"SearchAction\",\"target\":{\"@type\":\"EntryPoint\",\"urlTemplate\":\"https:\\\/\\\/www.revistarambla.com\\\/?s={search_term_string}\"},\"query-input\":{\"@type\":\"PropertyValueSpecification\",\"valueRequired\":true,\"valueName\":\"search_term_string\"}}],\"inLanguage\":\"en-GB\"},{\"@type\":\"Organization\",\"@id\":\"https:\\\/\\\/www.revistarambla.com\\\/#organization\",\"name\":\"Revista Rambla\",\"url\":\"https:\\\/\\\/www.revistarambla.com\\\/\",\"logo\":{\"@type\":\"ImageObject\",\"inLanguage\":\"en-GB\",\"@id\":\"https:\\\/\\\/www.revistarambla.com\\\/#\\\/schema\\\/logo\\\/image\\\/\",\"url\":\"https:\\\/\\\/www.revistarambla.com\\\/wp-content\\\/uploads\\\/2020\\\/09\\\/banner_rambla_1900x600_BB.png\",\"contentUrl\":\"https:\\\/\\\/www.revistarambla.com\\\/wp-content\\\/uploads\\\/2020\\\/09\\\/banner_rambla_1900x600_BB.png\",\"width\":1900,\"height\":600,\"caption\":\"Revista Rambla\"},\"image\":{\"@id\":\"https:\\\/\\\/www.revistarambla.com\\\/#\\\/schema\\\/logo\\\/image\\\/\"},\"sameAs\":[\"https:\\\/\\\/www.facebook.com\\\/revistarambla\\\/\",\"https:\\\/\\\/x.com\\\/revistarambla\",\"https:\\\/\\\/www.instagram.com\\\/revista_rambla\",\"https:\\\/\\\/es.linkedin.com\\\/company\\\/revista-rambla\"]},{\"@type\":\"Person\",\"@id\":\"https:\\\/\\\/www.revistarambla.com\\\/#\\\/schema\\\/person\\\/a146a5a2550b94981a75131180e1bd9c\",\"name\":\"R@mbla\",\"description\":\"Este art\u00edculo ha sido redactado y\\\/o validado por el equipo de redacci\u00f3n de Revista Rambla.\",\"sameAs\":[\"https:\\\/\\\/www.revistarambla.com\\\/\",\"https:\\\/\\\/www.facebook.com\\\/revistarambla\",\"https:\\\/\\\/x.com\\\/revistarambla\"]}]}<\/script>\n<!-- \/ Yoast SEO plugin. -->","yoast_head_json":{"title":"Nuevas estrategias digitales para la movilizaci\u00f3n comunitaria","description":"Nuevas estrategias digitales centradas en la movilizaci\u00f3n comunitaria, destacando c\u00f3mo la integraci\u00f3n inteligente de herramientas digitales.","robots":{"index":"index","follow":"follow","max-snippet":"max-snippet:-1","max-image-preview":"max-image-preview:large","max-video-preview":"max-video-preview:-1"},"canonical":"https:\/\/www.revistarambla.com\/en\/nuevas-estrategias-digitales-para-la-movilizacion-comunitaria-un-enfoque-innovador\/","og_locale":"en_GB","og_type":"article","og_title":"Nuevas estrategias digitales para la movilizaci\u00f3n comunitaria","og_description":"Nuevas estrategias digitales centradas en la movilizaci\u00f3n comunitaria, destacando c\u00f3mo la integraci\u00f3n inteligente de herramientas digitales.","og_url":"https:\/\/www.revistarambla.com\/en\/nuevas-estrategias-digitales-para-la-movilizacion-comunitaria-un-enfoque-innovador\/","og_site_name":"Revista Rambla","article_publisher":"https:\/\/www.facebook.com\/revistarambla\/","article_author":"https:\/\/www.facebook.com\/revistarambla","article_published_time":"2024-04-05T18:07:24+00:00","article_modified_time":"2024-05-05T17:29:21+00:00","og_image":[{"width":1920,"height":1279,"url":"https:\/\/www.revistarambla.com\/wp-content\/uploads\/2022\/02\/digital-marketing-g818457225_1920.jpg","type":"image\/jpeg"}],"author":"R@mbla","twitter_card":"summary_large_image","twitter_creator":"@revistarambla","twitter_site":"@revistarambla","twitter_misc":{"Written by":"R@mbla","Estimated reading time":"4 minutes"},"schema":{"@context":"https:\/\/schema.org","@graph":[{"@type":"Article","@id":"https:\/\/www.revistarambla.com\/nuevas-estrategias-digitales-para-la-movilizacion-comunitaria-un-enfoque-innovador\/#article","isPartOf":{"@id":"https:\/\/www.revistarambla.com\/nuevas-estrategias-digitales-para-la-movilizacion-comunitaria-un-enfoque-innovador\/"},"author":{"name":"R@mbla","@id":"https:\/\/www.revistarambla.com\/#\/schema\/person\/a146a5a2550b94981a75131180e1bd9c"},"headline":"Nuevas estrategias digitales para la movilizaci\u00f3n comunitaria: Un enfoque innovador","datePublished":"2024-04-05T18:07:24+00:00","dateModified":"2024-05-05T17:29:21+00:00","mainEntityOfPage":{"@id":"https:\/\/www.revistarambla.com\/nuevas-estrategias-digitales-para-la-movilizacion-comunitaria-un-enfoque-innovador\/"},"wordCount":746,"publisher":{"@id":"https:\/\/www.revistarambla.com\/#organization"},"image":{"@id":"https:\/\/www.revistarambla.com\/nuevas-estrategias-digitales-para-la-movilizacion-comunitaria-un-enfoque-innovador\/#primaryimage"},"thumbnailUrl":"https:\/\/www.revistarambla.com\/wp-content\/uploads\/2022\/02\/digital-marketing-g818457225_1920.jpg","articleSection":["Noticias de la vida"],"inLanguage":"en-GB"},{"@type":"WebPage","@id":"https:\/\/www.revistarambla.com\/nuevas-estrategias-digitales-para-la-movilizacion-comunitaria-un-enfoque-innovador\/","url":"https:\/\/www.revistarambla.com\/nuevas-estrategias-digitales-para-la-movilizacion-comunitaria-un-enfoque-innovador\/","name":"Nuevas estrategias digitales para la movilizaci\u00f3n comunitaria","isPartOf":{"@id":"https:\/\/www.revistarambla.com\/#website"},"primaryImageOfPage":{"@id":"https:\/\/www.revistarambla.com\/nuevas-estrategias-digitales-para-la-movilizacion-comunitaria-un-enfoque-innovador\/#primaryimage"},"image":{"@id":"https:\/\/www.revistarambla.com\/nuevas-estrategias-digitales-para-la-movilizacion-comunitaria-un-enfoque-innovador\/#primaryimage"},"thumbnailUrl":"https:\/\/www.revistarambla.com\/wp-content\/uploads\/2022\/02\/digital-marketing-g818457225_1920.jpg","datePublished":"2024-04-05T18:07:24+00:00","dateModified":"2024-05-05T17:29:21+00:00","description":"Nuevas estrategias digitales centradas en la movilizaci\u00f3n comunitaria, destacando c\u00f3mo la integraci\u00f3n inteligente de herramientas digitales.","breadcrumb":{"@id":"https:\/\/www.revistarambla.com\/nuevas-estrategias-digitales-para-la-movilizacion-comunitaria-un-enfoque-innovador\/#breadcrumb"},"inLanguage":"en-GB","potentialAction":[{"@type":"ReadAction","target":["https:\/\/www.revistarambla.com\/nuevas-estrategias-digitales-para-la-movilizacion-comunitaria-un-enfoque-innovador\/"]}]},{"@type":"ImageObject","inLanguage":"en-GB","@id":"https:\/\/www.revistarambla.com\/nuevas-estrategias-digitales-para-la-movilizacion-comunitaria-un-enfoque-innovador\/#primaryimage","url":"https:\/\/www.revistarambla.com\/wp-content\/uploads\/2022\/02\/digital-marketing-g818457225_1920.jpg","contentUrl":"https:\/\/www.revistarambla.com\/wp-content\/uploads\/2022\/02\/digital-marketing-g818457225_1920.jpg","width":1920,"height":1279},{"@type":"BreadcrumbList","@id":"https:\/\/www.revistarambla.com\/nuevas-estrategias-digitales-para-la-movilizacion-comunitaria-un-enfoque-innovador\/#breadcrumb","itemListElement":[{"@type":"ListItem","position":1,"name":"Portada","item":"https:\/\/www.revistarambla.com\/"},{"@type":"ListItem","position":2,"name":"Nuevas estrategias digitales para la movilizaci\u00f3n comunitaria: Un enfoque innovador"}]},{"@type":"WebSite","@id":"https:\/\/www.revistarambla.com\/#website","url":"https:\/\/www.revistarambla.com\/","name":"Revista Rambla Barcelona","description":"Periodismo independiente","publisher":{"@id":"https:\/\/www.revistarambla.com\/#organization"},"potentialAction":[{"@type":"SearchAction","target":{"@type":"EntryPoint","urlTemplate":"https:\/\/www.revistarambla.com\/?s={search_term_string}"},"query-input":{"@type":"PropertyValueSpecification","valueRequired":true,"valueName":"search_term_string"}}],"inLanguage":"en-GB"},{"@type":"Organization","@id":"https:\/\/www.revistarambla.com\/#organization","name":"Revista Rambla","url":"https:\/\/www.revistarambla.com\/","logo":{"@type":"ImageObject","inLanguage":"en-GB","@id":"https:\/\/www.revistarambla.com\/#\/schema\/logo\/image\/","url":"https:\/\/www.revistarambla.com\/wp-content\/uploads\/2020\/09\/banner_rambla_1900x600_BB.png","contentUrl":"https:\/\/www.revistarambla.com\/wp-content\/uploads\/2020\/09\/banner_rambla_1900x600_BB.png","width":1900,"height":600,"caption":"Revista Rambla"},"image":{"@id":"https:\/\/www.revistarambla.com\/#\/schema\/logo\/image\/"},"sameAs":["https:\/\/www.facebook.com\/revistarambla\/","https:\/\/x.com\/revistarambla","https:\/\/www.instagram.com\/revista_rambla","https:\/\/es.linkedin.com\/company\/revista-rambla"]},{"@type":"Person","@id":"https:\/\/www.revistarambla.com\/#\/schema\/person\/a146a5a2550b94981a75131180e1bd9c","name":"R@mbla","description":"Este art\u00edculo ha sido redactado y\/o validado por el equipo de redacci\u00f3n de Revista Rambla.","sameAs":["https:\/\/www.revistarambla.com\/","https:\/\/www.facebook.com\/revistarambla","https:\/\/x.com\/revistarambla"]}]}},"_links":{"self":[{"href":"https:\/\/www.revistarambla.com\/en\/wp-json\/wp\/v2\/posts\/59231","targetHints":{"allow":["GET"]}}],"collection":[{"href":"https:\/\/www.revistarambla.com\/en\/wp-json\/wp\/v2\/posts"}],"about":[{"href":"https:\/\/www.revistarambla.com\/en\/wp-json\/wp\/v2\/types\/post"}],"author":[{"embeddable":true,"href":"https:\/\/www.revistarambla.com\/en\/wp-json\/wp\/v2\/users\/3"}],"replies":[{"embeddable":true,"href":"https:\/\/www.revistarambla.com\/en\/wp-json\/wp\/v2\/comments?post=59231"}],"version-history":[{"count":3,"href":"https:\/\/www.revistarambla.com\/en\/wp-json\/wp\/v2\/posts\/59231\/revisions"}],"predecessor-version":[{"id":60036,"href":"https:\/\/www.revistarambla.com\/en\/wp-json\/wp\/v2\/posts\/59231\/revisions\/60036"}],"wp:featuredmedia":[{"embeddable":true,"href":"https:\/\/www.revistarambla.com\/en\/wp-json\/wp\/v2\/media\/39082"}],"wp:attachment":[{"href":"https:\/\/www.revistarambla.com\/en\/wp-json\/wp\/v2\/media?parent=59231"}],"wp:term":[{"taxonomy":"category","embeddable":true,"href":"https:\/\/www.revistarambla.com\/en\/wp-json\/wp\/v2\/categories?post=59231"},{"taxonomy":"post_tag","embeddable":true,"href":"https:\/\/www.revistarambla.com\/en\/wp-json\/wp\/v2\/tags?post=59231"}],"curies":[{"name":"wp","href":"https:\/\/api.w.org\/{rel}","templated":true}]}}