{"id":59199,"date":"2024-04-04T11:55:11","date_gmt":"2024-04-04T09:55:11","guid":{"rendered":"https:\/\/www.revistarambla.com\/?p=59199"},"modified":"2024-04-04T11:55:59","modified_gmt":"2024-04-04T09:55:59","slug":"denuncian-caos-y-abandono-de-las-antenas-de-telefonia-en-barcelona","status":"publish","type":"post","link":"https:\/\/www.revistarambla.com\/en\/denuncian-caos-y-abandono-de-las-antenas-de-telefonia-en-barcelona\/","title":{"rendered":"Denuncian caos y abandono de las antenas de telefon\u00eda en Barcelona"},"content":{"rendered":"<p>Una consultor\u00eda t\u00e9cnica y legal especializada en instalaciones de antenas y equipos de telefon\u00eda m\u00f3vil en edificios y comunidades de vecinos lleva denunciando varias instalaciones de telefon\u00eda m\u00f3vil al Ayuntamiento de Barcelona desde el a\u00f1o 2020 por el incumplimiento de la propia ordenanza municipal de radiocomunicaciones.<\/p>\n<p>Barcelona dispone de una Ordenanza Municipal de Radiocomunicaciones que protege a los ciudadanos frente al crecimiento de las infraestructuras de telecomunicaciones. Y tenemos la suerte de tenerla, ya que lo peor ser\u00eda su derogaci\u00f3n como les gustar\u00eda a los operadores. Es una normativa de sencillo cumplimiento que impide que los operadores sobrecarguen y a\u00f1adan antenas sin control y, sobre todo, sin un t\u00e9cnico responsable de cada ampliaci\u00f3n que se realice.<\/p>\n<p>El poco control que al Ayuntamiento ejerce sobre estas instalaciones al no cumplir su propia normativa est\u00e1 poniendo en riesgo a los vecinos ya que no existe control sobre ruidos (que van aumentando por la falta de mantenimiento de las estaciones base), instalaciones de seguridad como pararrayos (en varios proyectos ya se ha detectado el c\u00e1lculo err\u00f3neo y la no instalaci\u00f3n del pararrayos aun siendo necesario) y medidas contra incendios (en la ciudad de Barcelona ya ha habido varios incendios de estaciones base, presumiblemente por aumento de consumo y un mal dimensionamiento de las acometidas el\u00e9ctricas). Este \u00faltimo caso es muy preocupante ya que pone en riesgo a todo el edificio y colindantes por la propagaci\u00f3n del fuego, tal y como se ha visto por desgracia en Valencia recientemente.<\/p>\n<p>Sin esta ordenanza o sin la aplicaci\u00f3n de la misma, como est\u00e1 ocurriendo, se consigue que los operadores sigan ampliando estaciones base sin control de ruidos, sin responsables y sin recaudaci\u00f3n por parte del ayuntamiento en concepto de tasas como se ver\u00e1 m\u00e1s adelante.<\/p>\n<p>Al parecer, en octubre de 2020 un bufete de abogados, en colaboraci\u00f3n con la consultora especializada \u201cTengo una Antena\u201d, realizaron una auditor\u00eda aleatoria de 30 instalaciones en la ciudad de Barcelona. El resultado fue que se contabilizaron 71 antenas de telefon\u00eda m\u00f3vil ya que en una instalaci\u00f3n de telefon\u00eda m\u00f3vil pueden estar varios operadores. De esas 71 Estaciones Base,\u00a0ninguna estaba correctamente legalizadas. El aumento de nuevas tecnolog\u00edas a\u00f1adidas sin control del ayuntamiento comporta aumento de peso en las estructuras que en muchos casos sobrepasan los 20 a\u00f1os de antig\u00fcedad y en sus inicios no se calcularon para soportar las ampliaciones del 3G, 4G y sobre todo del 5G, por lo que existe un riesgo claro de seguridad. Ya se han producido ca\u00eddas de m\u00e1stiles y torres en varias localidades de\u00a0 Catalunya, por ahora y afortunadamente, sin da\u00f1os personales. Sin embargo, el peligro est\u00e1 latente y as\u00ed se le inform\u00f3 al Ayuntamiento haciendo caso omiso hasta la fecha.<\/p>\n<p><img decoding=\"async\" class=\"aligncenter wp-image-59203 size-full\" src=\"https:\/\/www.revistarambla.com\/wp-content\/uploads\/2024\/04\/Antenas1baja.jpg\" alt=\"\" width=\"571\" height=\"228\" srcset=\"https:\/\/www.revistarambla.com\/wp-content\/uploads\/2024\/04\/Antenas1baja.jpg 571w, https:\/\/www.revistarambla.com\/wp-content\/uploads\/2024\/04\/Antenas1baja-18x7.jpg 18w\" sizes=\"(max-width: 571px) 100vw, 571px\" \/><\/p>\n<p>La consultora \u201cTengo una Antena\u201d, no es una entidad antiantenas, sino que, por el contrario, asesora a las comunidades de vecinos o asociaciones de vecinos que tienen una infraestructura de telecomunicaciones en su cubierta o en sus inmediaciones, y vela para que las estaciones base de telefon\u00eda sean seguras, para lo cual procura hacer cumplir estrictamente las normas y ordenanzas. Se encarga de realizar auditor\u00edas t\u00e9cnicas y legales de las instalaciones; revisi\u00f3n de contratos de arrendamientos para garantizar a las comunidades que reciban la compensaci\u00f3n econ\u00f3mica justa, as\u00ed como realizar mediciones radioel\u00e9ctricas y de ruidos ya que las de los operadores no se hacen p\u00fablicas.<\/p>\n<p>Dentro de las competencias del Ayuntamiento se encuentra el impacto visual, y la emisi\u00f3n de licencias de obra para las antenas de telefon\u00eda m\u00f3vil. Sin embargo, hasta la fecha, estas competencias no han sido ejercidas de manera efectiva por los t\u00e9cnicos del ayuntamiento barcelon\u00e9s.\u00a0 Desde 2020 se le han presentado denuncias, que han sido obviadas tanto por el Departament de LLic\u00e8ncies d\u00b4Activitat, como por los t\u00e9cnicos del Ayuntamiento de Barcelona, demostrando una desidia incomprensible.<\/p>\n<p>Las denuncias y las constantes reclamaciones sin respuesta hacen referencia a varios conceptos:<\/p>\n<p>-Impacto visual. Barcelona dispone en su Ordenanza de un cat\u00e1logo de soluciones constructivas para integrar las antenas en el entramado urbano. El Ayuntamiento est\u00e1 permitiendo con su desidia que los operadores construyan sin respetar el aumento de impacto visual.<\/p>\n<p>-Ampliaci\u00f3n de nodos sobre un mismo m\u00e1stil de antenas, a la que se han ido a\u00f1adiendo operadores y antenas 2G, 3G, 4G y 5G, con el consiguiente incremento de peso y sobrecarga en la terraza del edificio. Hay un serio peligro de desprendimientos, sobre todo teniendo en cuenta que muchos m\u00e1stiles se dise\u00f1aron para el 2G de hace 20 a\u00f1os.<\/p>\n<p>&#8211; Perjuicio econ\u00f3mico para las arcas municipales. Esta desidia se traduce en que se han dejado de cobrar mediante tasas muchos miles de euros. Cada vez que un operador a\u00f1ad\u00eda una nueva tecnolog\u00eda en tasas pagaba m\u00e1s de 2.000 \u20ac entre Licencias de Obras, Ambientales y Certificados de Compatibilidad Urban\u00edstica.<\/p>\n<p>&#8211; De las 71 estaciones denunciadas, ninguna cumpl\u00eda la ordenanza municipal, y en 21 de ellas el operador de telefon\u00eda no hab\u00eda presentado nunca ninguna documentaci\u00f3n, es decir, se ha instalado toneladas de hierro sobre un edificio sin pagar ni un euro y sin un solo proyecto que lo supervise. Algunos operadores llevan funcionando de forma ilegal desde hace 20 a\u00f1os.<\/p>\n<p>&#8211; En 41 antenas no se hab\u00eda realizado Control Inicial (CI), y en otras se han realizado ampliaciones posteriores sin que se haya presentado nueva documentaci\u00f3n ni Control Inicial. De nada sirve un CI del a\u00f1o 2012 si desde entonces han ampliado la estaci\u00f3n con 3G, 4G y el actual 5G.<\/p>\n<p>Los denunciantes que acusan al ayuntamiento de incumplimiento de su propia ordenanza municipal en materia de telefon\u00eda m\u00f3vil, siguen esperando recibir una respuesta, y la actuaci\u00f3n subsiguiente por parte de Ayuntamiento. Al parecer han detectado m\u00e1s de 200 antenas en el mismo mal estado, s\u00f3lo en la ciudad de Barcelona.<\/p>\n<p>La NO exigencia de aplicaci\u00f3n o el incumplimiento de la Ordenanza de Radiocomunicaciones provoca en la ciudadan\u00eda lo siguiente:<\/p>\n<p>&#8211; Antenas repletas de hierro sin calculo estructural que acredite su estabilidad y la del edificio donde se ubican.<\/p>\n<p>&#8211; Incremento de altura m\u00e1xima en edificios sin tener en cuenta la protecci\u00f3n contra descargas atmosf\u00e9ricas. Esto provoca un claro riesgo de incendio.<\/p>\n<p>&#8211; Falta de comprobaci\u00f3n de la existencia de sistemas de prevenci\u00f3n contra incendios en dichas actividades.<\/p>\n<p>&#8211; Emisiones de ruidos no comprobadas por la administraci\u00f3n o entidades acreditadas.<br \/>\n&#8211; Menor recaudaci\u00f3n en concepto de tasas ya que los operadores instalan y aumentan sus instalaciones sin conocimiento del ayuntamiento.<\/p>","protected":false},"excerpt":{"rendered":"<p>Una consultor\u00eda t\u00e9cnica y legal especializada en instalaciones de antenas y equipos de telefon\u00eda m\u00f3vil en edificios y comunidades de vecinos lleva denunciando varias instalaciones de telefon\u00eda m\u00f3vil al Ayuntamiento de Barcelona desde el a\u00f1o 2020 por el incumplimiento de la propia ordenanza municipal de radiocomunicaciones. Barcelona dispone de una [&hellip;]<\/p>\n","protected":false},"author":3,"featured_media":59202,"comment_status":"closed","ping_status":"closed","sticky":false,"template":"","format":"standard","meta":{"footnotes":""},"categories":[4103],"tags":[],"class_list":["post-59199","post","type-post","status-publish","format-standard","has-post-thumbnail","hentry","category-mas-barcelona"],"yoast_head":"<!-- This site is optimized with the Yoast SEO plugin v27.5 - https:\/\/yoast.com\/product\/yoast-seo-wordpress\/ -->\n<title>Denuncian caos y abandono de las antenas de telefon\u00eda en Barcelona - Revista Rambla<\/title>\n<meta name=\"robots\" content=\"index, follow, max-snippet:-1, max-image-preview:large, max-video-preview:-1\" \/>\n<link rel=\"canonical\" href=\"https:\/\/www.revistarambla.com\/en\/denuncian-caos-y-abandono-de-las-antenas-de-telefonia-en-barcelona\/\" \/>\n<meta property=\"og:locale\" content=\"en_GB\" \/>\n<meta property=\"og:type\" content=\"article\" \/>\n<meta property=\"og:title\" content=\"Denuncian caos y abandono de las antenas de telefon\u00eda en Barcelona - Revista Rambla\" \/>\n<meta property=\"og:description\" content=\"Una consultor\u00eda t\u00e9cnica y legal especializada en instalaciones de antenas y equipos de telefon\u00eda m\u00f3vil en edificios y comunidades de vecinos lleva denunciando varias instalaciones de telefon\u00eda m\u00f3vil al Ayuntamiento de Barcelona desde el a\u00f1o 2020 por el incumplimiento de la propia ordenanza municipal de radiocomunicaciones. Barcelona dispone de una [&hellip;]\" \/>\n<meta property=\"og:url\" content=\"https:\/\/www.revistarambla.com\/en\/denuncian-caos-y-abandono-de-las-antenas-de-telefonia-en-barcelona\/\" \/>\n<meta property=\"og:site_name\" content=\"Revista Rambla\" \/>\n<meta property=\"article:publisher\" content=\"https:\/\/www.facebook.com\/revistarambla\/\" \/>\n<meta property=\"article:author\" content=\"https:\/\/www.facebook.com\/revistarambla\" \/>\n<meta property=\"article:published_time\" content=\"2024-04-04T09:55:11+00:00\" \/>\n<meta property=\"article:modified_time\" content=\"2024-04-04T09:55:59+00:00\" \/>\n<meta property=\"og:image\" content=\"https:\/\/www.revistarambla.com\/wp-content\/uploads\/2024\/04\/Antenas-3baja.jpg\" \/>\n\t<meta property=\"og:image:width\" content=\"571\" \/>\n\t<meta property=\"og:image:height\" content=\"321\" \/>\n\t<meta property=\"og:image:type\" content=\"image\/jpeg\" \/>\n<meta name=\"author\" content=\"R@mbla\" \/>\n<meta name=\"twitter:card\" content=\"summary_large_image\" \/>\n<meta name=\"twitter:creator\" content=\"@revistarambla\" \/>\n<meta name=\"twitter:site\" content=\"@revistarambla\" \/>\n<meta name=\"twitter:label1\" content=\"Written by\" \/>\n\t<meta name=\"twitter:data1\" content=\"R@mbla\" \/>\n\t<meta name=\"twitter:label2\" content=\"Estimated reading time\" \/>\n\t<meta name=\"twitter:data2\" content=\"6 minutes\" \/>\n<script type=\"application\/ld+json\" class=\"yoast-schema-graph\">{\"@context\":\"https:\\\/\\\/schema.org\",\"@graph\":[{\"@type\":\"Article\",\"@id\":\"https:\\\/\\\/www.revistarambla.com\\\/denuncian-caos-y-abandono-de-las-antenas-de-telefonia-en-barcelona\\\/#article\",\"isPartOf\":{\"@id\":\"https:\\\/\\\/www.revistarambla.com\\\/denuncian-caos-y-abandono-de-las-antenas-de-telefonia-en-barcelona\\\/\"},\"author\":{\"name\":\"R@mbla\",\"@id\":\"https:\\\/\\\/www.revistarambla.com\\\/#\\\/schema\\\/person\\\/a146a5a2550b94981a75131180e1bd9c\"},\"headline\":\"Denuncian caos y abandono de las antenas de telefon\u00eda en Barcelona\",\"datePublished\":\"2024-04-04T09:55:11+00:00\",\"dateModified\":\"2024-04-04T09:55:59+00:00\",\"mainEntityOfPage\":{\"@id\":\"https:\\\/\\\/www.revistarambla.com\\\/denuncian-caos-y-abandono-de-las-antenas-de-telefonia-en-barcelona\\\/\"},\"wordCount\":1142,\"publisher\":{\"@id\":\"https:\\\/\\\/www.revistarambla.com\\\/#organization\"},\"image\":{\"@id\":\"https:\\\/\\\/www.revistarambla.com\\\/denuncian-caos-y-abandono-de-las-antenas-de-telefonia-en-barcelona\\\/#primaryimage\"},\"thumbnailUrl\":\"https:\\\/\\\/www.revistarambla.com\\\/wp-content\\\/uploads\\\/2024\\\/04\\\/Antenas-3baja.jpg\",\"articleSection\":[\"M\u00e1s Barcelona\"],\"inLanguage\":\"en-GB\"},{\"@type\":\"WebPage\",\"@id\":\"https:\\\/\\\/www.revistarambla.com\\\/denuncian-caos-y-abandono-de-las-antenas-de-telefonia-en-barcelona\\\/\",\"url\":\"https:\\\/\\\/www.revistarambla.com\\\/denuncian-caos-y-abandono-de-las-antenas-de-telefonia-en-barcelona\\\/\",\"name\":\"Denuncian caos y abandono de las antenas de telefon\u00eda en Barcelona - Revista Rambla\",\"isPartOf\":{\"@id\":\"https:\\\/\\\/www.revistarambla.com\\\/#website\"},\"primaryImageOfPage\":{\"@id\":\"https:\\\/\\\/www.revistarambla.com\\\/denuncian-caos-y-abandono-de-las-antenas-de-telefonia-en-barcelona\\\/#primaryimage\"},\"image\":{\"@id\":\"https:\\\/\\\/www.revistarambla.com\\\/denuncian-caos-y-abandono-de-las-antenas-de-telefonia-en-barcelona\\\/#primaryimage\"},\"thumbnailUrl\":\"https:\\\/\\\/www.revistarambla.com\\\/wp-content\\\/uploads\\\/2024\\\/04\\\/Antenas-3baja.jpg\",\"datePublished\":\"2024-04-04T09:55:11+00:00\",\"dateModified\":\"2024-04-04T09:55:59+00:00\",\"breadcrumb\":{\"@id\":\"https:\\\/\\\/www.revistarambla.com\\\/denuncian-caos-y-abandono-de-las-antenas-de-telefonia-en-barcelona\\\/#breadcrumb\"},\"inLanguage\":\"en-GB\",\"potentialAction\":[{\"@type\":\"ReadAction\",\"target\":[\"https:\\\/\\\/www.revistarambla.com\\\/denuncian-caos-y-abandono-de-las-antenas-de-telefonia-en-barcelona\\\/\"]}]},{\"@type\":\"ImageObject\",\"inLanguage\":\"en-GB\",\"@id\":\"https:\\\/\\\/www.revistarambla.com\\\/denuncian-caos-y-abandono-de-las-antenas-de-telefonia-en-barcelona\\\/#primaryimage\",\"url\":\"https:\\\/\\\/www.revistarambla.com\\\/wp-content\\\/uploads\\\/2024\\\/04\\\/Antenas-3baja.jpg\",\"contentUrl\":\"https:\\\/\\\/www.revistarambla.com\\\/wp-content\\\/uploads\\\/2024\\\/04\\\/Antenas-3baja.jpg\",\"width\":571,\"height\":321},{\"@type\":\"BreadcrumbList\",\"@id\":\"https:\\\/\\\/www.revistarambla.com\\\/denuncian-caos-y-abandono-de-las-antenas-de-telefonia-en-barcelona\\\/#breadcrumb\",\"itemListElement\":[{\"@type\":\"ListItem\",\"position\":1,\"name\":\"Portada\",\"item\":\"https:\\\/\\\/www.revistarambla.com\\\/\"},{\"@type\":\"ListItem\",\"position\":2,\"name\":\"Denuncian caos y abandono de las antenas de telefon\u00eda en Barcelona\"}]},{\"@type\":\"WebSite\",\"@id\":\"https:\\\/\\\/www.revistarambla.com\\\/#website\",\"url\":\"https:\\\/\\\/www.revistarambla.com\\\/\",\"name\":\"Revista Rambla Barcelona\",\"description\":\"Periodismo independiente\",\"publisher\":{\"@id\":\"https:\\\/\\\/www.revistarambla.com\\\/#organization\"},\"potentialAction\":[{\"@type\":\"SearchAction\",\"target\":{\"@type\":\"EntryPoint\",\"urlTemplate\":\"https:\\\/\\\/www.revistarambla.com\\\/?s={search_term_string}\"},\"query-input\":{\"@type\":\"PropertyValueSpecification\",\"valueRequired\":true,\"valueName\":\"search_term_string\"}}],\"inLanguage\":\"en-GB\"},{\"@type\":\"Organization\",\"@id\":\"https:\\\/\\\/www.revistarambla.com\\\/#organization\",\"name\":\"Revista Rambla\",\"url\":\"https:\\\/\\\/www.revistarambla.com\\\/\",\"logo\":{\"@type\":\"ImageObject\",\"inLanguage\":\"en-GB\",\"@id\":\"https:\\\/\\\/www.revistarambla.com\\\/#\\\/schema\\\/logo\\\/image\\\/\",\"url\":\"https:\\\/\\\/www.revistarambla.com\\\/wp-content\\\/uploads\\\/2020\\\/09\\\/banner_rambla_1900x600_BB.png\",\"contentUrl\":\"https:\\\/\\\/www.revistarambla.com\\\/wp-content\\\/uploads\\\/2020\\\/09\\\/banner_rambla_1900x600_BB.png\",\"width\":1900,\"height\":600,\"caption\":\"Revista Rambla\"},\"image\":{\"@id\":\"https:\\\/\\\/www.revistarambla.com\\\/#\\\/schema\\\/logo\\\/image\\\/\"},\"sameAs\":[\"https:\\\/\\\/www.facebook.com\\\/revistarambla\\\/\",\"https:\\\/\\\/x.com\\\/revistarambla\",\"https:\\\/\\\/www.instagram.com\\\/revista_rambla\",\"https:\\\/\\\/es.linkedin.com\\\/company\\\/revista-rambla\"]},{\"@type\":\"Person\",\"@id\":\"https:\\\/\\\/www.revistarambla.com\\\/#\\\/schema\\\/person\\\/a146a5a2550b94981a75131180e1bd9c\",\"name\":\"R@mbla\",\"description\":\"Este art\u00edculo ha sido redactado y\\\/o validado por el equipo de redacci\u00f3n de Revista Rambla.\",\"sameAs\":[\"https:\\\/\\\/www.revistarambla.com\\\/\",\"https:\\\/\\\/www.facebook.com\\\/revistarambla\",\"https:\\\/\\\/x.com\\\/revistarambla\"]}]}<\/script>\n<!-- \/ Yoast SEO plugin. -->","yoast_head_json":{"title":"Denuncian caos y abandono de las antenas de telefon\u00eda en Barcelona - Revista Rambla","robots":{"index":"index","follow":"follow","max-snippet":"max-snippet:-1","max-image-preview":"max-image-preview:large","max-video-preview":"max-video-preview:-1"},"canonical":"https:\/\/www.revistarambla.com\/en\/denuncian-caos-y-abandono-de-las-antenas-de-telefonia-en-barcelona\/","og_locale":"en_GB","og_type":"article","og_title":"Denuncian caos y abandono de las antenas de telefon\u00eda en Barcelona - Revista Rambla","og_description":"Una consultor\u00eda t\u00e9cnica y legal especializada en instalaciones de antenas y equipos de telefon\u00eda m\u00f3vil en edificios y comunidades de vecinos lleva denunciando varias instalaciones de telefon\u00eda m\u00f3vil al Ayuntamiento de Barcelona desde el a\u00f1o 2020 por el incumplimiento de la propia ordenanza municipal de radiocomunicaciones. Barcelona dispone de una [&hellip;]","og_url":"https:\/\/www.revistarambla.com\/en\/denuncian-caos-y-abandono-de-las-antenas-de-telefonia-en-barcelona\/","og_site_name":"Revista Rambla","article_publisher":"https:\/\/www.facebook.com\/revistarambla\/","article_author":"https:\/\/www.facebook.com\/revistarambla","article_published_time":"2024-04-04T09:55:11+00:00","article_modified_time":"2024-04-04T09:55:59+00:00","og_image":[{"width":571,"height":321,"url":"https:\/\/www.revistarambla.com\/wp-content\/uploads\/2024\/04\/Antenas-3baja.jpg","type":"image\/jpeg"}],"author":"R@mbla","twitter_card":"summary_large_image","twitter_creator":"@revistarambla","twitter_site":"@revistarambla","twitter_misc":{"Written by":"R@mbla","Estimated reading time":"6 minutes"},"schema":{"@context":"https:\/\/schema.org","@graph":[{"@type":"Article","@id":"https:\/\/www.revistarambla.com\/denuncian-caos-y-abandono-de-las-antenas-de-telefonia-en-barcelona\/#article","isPartOf":{"@id":"https:\/\/www.revistarambla.com\/denuncian-caos-y-abandono-de-las-antenas-de-telefonia-en-barcelona\/"},"author":{"name":"R@mbla","@id":"https:\/\/www.revistarambla.com\/#\/schema\/person\/a146a5a2550b94981a75131180e1bd9c"},"headline":"Denuncian caos y abandono de las antenas de telefon\u00eda en Barcelona","datePublished":"2024-04-04T09:55:11+00:00","dateModified":"2024-04-04T09:55:59+00:00","mainEntityOfPage":{"@id":"https:\/\/www.revistarambla.com\/denuncian-caos-y-abandono-de-las-antenas-de-telefonia-en-barcelona\/"},"wordCount":1142,"publisher":{"@id":"https:\/\/www.revistarambla.com\/#organization"},"image":{"@id":"https:\/\/www.revistarambla.com\/denuncian-caos-y-abandono-de-las-antenas-de-telefonia-en-barcelona\/#primaryimage"},"thumbnailUrl":"https:\/\/www.revistarambla.com\/wp-content\/uploads\/2024\/04\/Antenas-3baja.jpg","articleSection":["M\u00e1s Barcelona"],"inLanguage":"en-GB"},{"@type":"WebPage","@id":"https:\/\/www.revistarambla.com\/denuncian-caos-y-abandono-de-las-antenas-de-telefonia-en-barcelona\/","url":"https:\/\/www.revistarambla.com\/denuncian-caos-y-abandono-de-las-antenas-de-telefonia-en-barcelona\/","name":"Denuncian caos y abandono de las antenas de telefon\u00eda en Barcelona - Revista Rambla","isPartOf":{"@id":"https:\/\/www.revistarambla.com\/#website"},"primaryImageOfPage":{"@id":"https:\/\/www.revistarambla.com\/denuncian-caos-y-abandono-de-las-antenas-de-telefonia-en-barcelona\/#primaryimage"},"image":{"@id":"https:\/\/www.revistarambla.com\/denuncian-caos-y-abandono-de-las-antenas-de-telefonia-en-barcelona\/#primaryimage"},"thumbnailUrl":"https:\/\/www.revistarambla.com\/wp-content\/uploads\/2024\/04\/Antenas-3baja.jpg","datePublished":"2024-04-04T09:55:11+00:00","dateModified":"2024-04-04T09:55:59+00:00","breadcrumb":{"@id":"https:\/\/www.revistarambla.com\/denuncian-caos-y-abandono-de-las-antenas-de-telefonia-en-barcelona\/#breadcrumb"},"inLanguage":"en-GB","potentialAction":[{"@type":"ReadAction","target":["https:\/\/www.revistarambla.com\/denuncian-caos-y-abandono-de-las-antenas-de-telefonia-en-barcelona\/"]}]},{"@type":"ImageObject","inLanguage":"en-GB","@id":"https:\/\/www.revistarambla.com\/denuncian-caos-y-abandono-de-las-antenas-de-telefonia-en-barcelona\/#primaryimage","url":"https:\/\/www.revistarambla.com\/wp-content\/uploads\/2024\/04\/Antenas-3baja.jpg","contentUrl":"https:\/\/www.revistarambla.com\/wp-content\/uploads\/2024\/04\/Antenas-3baja.jpg","width":571,"height":321},{"@type":"BreadcrumbList","@id":"https:\/\/www.revistarambla.com\/denuncian-caos-y-abandono-de-las-antenas-de-telefonia-en-barcelona\/#breadcrumb","itemListElement":[{"@type":"ListItem","position":1,"name":"Portada","item":"https:\/\/www.revistarambla.com\/"},{"@type":"ListItem","position":2,"name":"Denuncian caos y abandono de las antenas de telefon\u00eda en Barcelona"}]},{"@type":"WebSite","@id":"https:\/\/www.revistarambla.com\/#website","url":"https:\/\/www.revistarambla.com\/","name":"Revista Rambla Barcelona","description":"Periodismo independiente","publisher":{"@id":"https:\/\/www.revistarambla.com\/#organization"},"potentialAction":[{"@type":"SearchAction","target":{"@type":"EntryPoint","urlTemplate":"https:\/\/www.revistarambla.com\/?s={search_term_string}"},"query-input":{"@type":"PropertyValueSpecification","valueRequired":true,"valueName":"search_term_string"}}],"inLanguage":"en-GB"},{"@type":"Organization","@id":"https:\/\/www.revistarambla.com\/#organization","name":"Revista Rambla","url":"https:\/\/www.revistarambla.com\/","logo":{"@type":"ImageObject","inLanguage":"en-GB","@id":"https:\/\/www.revistarambla.com\/#\/schema\/logo\/image\/","url":"https:\/\/www.revistarambla.com\/wp-content\/uploads\/2020\/09\/banner_rambla_1900x600_BB.png","contentUrl":"https:\/\/www.revistarambla.com\/wp-content\/uploads\/2020\/09\/banner_rambla_1900x600_BB.png","width":1900,"height":600,"caption":"Revista Rambla"},"image":{"@id":"https:\/\/www.revistarambla.com\/#\/schema\/logo\/image\/"},"sameAs":["https:\/\/www.facebook.com\/revistarambla\/","https:\/\/x.com\/revistarambla","https:\/\/www.instagram.com\/revista_rambla","https:\/\/es.linkedin.com\/company\/revista-rambla"]},{"@type":"Person","@id":"https:\/\/www.revistarambla.com\/#\/schema\/person\/a146a5a2550b94981a75131180e1bd9c","name":"R@mbla","description":"Este art\u00edculo ha sido redactado y\/o validado por el equipo de redacci\u00f3n de Revista Rambla.","sameAs":["https:\/\/www.revistarambla.com\/","https:\/\/www.facebook.com\/revistarambla","https:\/\/x.com\/revistarambla"]}]}},"_links":{"self":[{"href":"https:\/\/www.revistarambla.com\/en\/wp-json\/wp\/v2\/posts\/59199","targetHints":{"allow":["GET"]}}],"collection":[{"href":"https:\/\/www.revistarambla.com\/en\/wp-json\/wp\/v2\/posts"}],"about":[{"href":"https:\/\/www.revistarambla.com\/en\/wp-json\/wp\/v2\/types\/post"}],"author":[{"embeddable":true,"href":"https:\/\/www.revistarambla.com\/en\/wp-json\/wp\/v2\/users\/3"}],"replies":[{"embeddable":true,"href":"https:\/\/www.revistarambla.com\/en\/wp-json\/wp\/v2\/comments?post=59199"}],"version-history":[{"count":4,"href":"https:\/\/www.revistarambla.com\/en\/wp-json\/wp\/v2\/posts\/59199\/revisions"}],"predecessor-version":[{"id":59205,"href":"https:\/\/www.revistarambla.com\/en\/wp-json\/wp\/v2\/posts\/59199\/revisions\/59205"}],"wp:featuredmedia":[{"embeddable":true,"href":"https:\/\/www.revistarambla.com\/en\/wp-json\/wp\/v2\/media\/59202"}],"wp:attachment":[{"href":"https:\/\/www.revistarambla.com\/en\/wp-json\/wp\/v2\/media?parent=59199"}],"wp:term":[{"taxonomy":"category","embeddable":true,"href":"https:\/\/www.revistarambla.com\/en\/wp-json\/wp\/v2\/categories?post=59199"},{"taxonomy":"post_tag","embeddable":true,"href":"https:\/\/www.revistarambla.com\/en\/wp-json\/wp\/v2\/tags?post=59199"}],"curies":[{"name":"wp","href":"https:\/\/api.w.org\/{rel}","templated":true}]}}