{"id":59197,"date":"2024-04-04T10:11:35","date_gmt":"2024-04-04T08:11:35","guid":{"rendered":"https:\/\/www.revistarambla.com\/?p=59197"},"modified":"2025-01-23T21:40:29","modified_gmt":"2025-01-23T20:40:29","slug":"zorra-2","status":"publish","type":"post","link":"https:\/\/www.revistarambla.com\/en\/zorra-2\/","title":{"rendered":"\u00a1Zorra!"},"content":{"rendered":"<p>No es la primera vez que la palabra \u201czorra\u201d es utilizada en el t\u00edtulo y en la letra de una canci\u00f3n o incluso para denominar a una banda musical. <!--more-->Durante mi estancia de m\u00e1s de una d\u00e9cada en Par\u00eds, me top\u00e9, una tarde de 1983, en la contraportada del vespertino Le Monde, con una noticia ins\u00f3lita, relativa a un grupo musical, formado por cuatro chicas bilba\u00ednas. \u00c9stas hab\u00edan bautizado al grupo con el nombre de \u201cLas Vulpes\u201d (&lt;lat\u00edn \u201cvulpes, -is\u201d: \u201czorra\u201d) e interpretaban una canci\u00f3n osada e irreverente para la mujer, titulada \u201cMe gusta ser una zorra\u201d.<\/p>\n<p>En el Benidorm Fest 2024, el d\u00fao Nebulossa se impuso con la canci\u00f3n titulada simplemente as\u00ed: \u201cZorra\u201d. Esta canci\u00f3n representar\u00e1 a Espa\u00f1a, el pr\u00f3ximo mes de mayo, en el Festival de Eurovisi\u00f3n de Malm\u00f6 (Suecia). A pesar de que no es algo nuevo y de que estamos en pleno s. XXI y en un pa\u00eds occidental, el t\u00edtulo, la letra y la escenograf\u00eda de esta canci\u00f3n han provocado un acalorado debate medi\u00e1tico y social.<\/p>\n<h2>Los partidarios de la canci\u00f3n<\/h2>\n<p>\u00c9stos consideran que la letra de \u201cZorra\u201d constituye todo un himno de liberaci\u00f3n y de empoderamiento de la mujer. En efecto, a lo largo de la misma, se describen algunos comportamientos o actitudes de la mujer que, tradicionalmente, han sido considerados inadecuados y censurables. Para muestra, algunos botones: \u201cSi salgo sola, soy la zorra; si me divierto, la m\u00e1s zorra; si alargo y se me hace de d\u00eda, soy m\u00e1s zorra todav\u00eda;\u201d etc. Ahora bien, entre los hombres, estos mismos comportamientos no son socialmente censurables sino normales, l\u00f3gicos y razonables. Por eso, con la canci\u00f3n \u201cZorra\u201d, afirman sus defensores, el d\u00fao Nebulossa trata de poner el dedo en la llaga de ciertos estereotipos y prejuicios sociales.<\/p>\n<p>Estos estereotipos, argumentan, son la constataci\u00f3n del uso de las dos varas de medir. Y esto denota que estamos en una sociedad donde hombres y mujeres no somos iguales en derechos y obligaciones. Por eso, el d\u00fao Nebulossa, con la canci\u00f3n \u201cZorra\u201d, intenta poner su grano de arena para que se tome conciencia de la discriminaci\u00f3n y, as\u00ed, contribuir a acabar con las desigualdades entre el hombre y la mujer.<\/p>\n<p>Para ello, con \u201cZorra\u201d, se pretende \u201cresignificar\u201d el contenido sem\u00e1ntico de la palabra \u201czorra\u201d, pre\u00f1\u00e1ndola con un nuevo significado. Para Nebulossa, \u201cser una zorra es saber lo que uno quiere\u201d. Y esto no tiene nada que ver con el significado peyorativo de la 7\u00aa acepci\u00f3n de \u201czorra\u201d (\u201cprostituta, meretriz, puta, furcia, ramera, fulana, pelandusca\u201d) del DRAE, acepci\u00f3n utilizada tradicional y coloquialmente para denigrar y vejar a la mujer.<\/p>\n<h2>Los \u00e1rboles que no dejan ver el bosque<\/h2>\n<p>La m\u00e1xima popular \u201cquerer es poder\u201d pone el acento en la importancia de la voluntad, del empe\u00f1o y de la perseverancia para la consecuci\u00f3n de nuestros objetivos. Ahora bien, tener la voluntad o el empe\u00f1o de hacer algo no es suficiente. Se necesitan estrategias, recursos y poder para conseguirlo. Como reza otro aforismo popular, \u201cel hombre propone y Dios dispone\u201d.<\/p>\n<p>A pesar de las intenciones liberadoras, empoderadoras e igualitarias del d\u00fao Nebulossa, creo que el lenguaje utilizado y la reiteraci\u00f3n de la palabra \u201czorra\u201d, a lo largo de toda la canci\u00f3n, pueden ser como los \u00e1rboles que no dejan ver el bosque y empujar a los escuchantes de la canci\u00f3n a que miren el dedo (la repetici\u00f3n machacona de la palabra \u201czorra\u201d, cargada de connotaciones negativas para la mujer) que les se\u00f1ala la luna (el pretendido empoderamiento de la mujer y la resignificaci\u00f3n del contenido sem\u00e1ntico de \u201czorra\u201d). En efecto, a lo largo de la canci\u00f3n, nos topamos con el martilleo constante de la palabra \u201czorra\u201d, que es utilizada nada menos que 44 veces y que, seg\u00fan la 7\u00aa acepci\u00f3n del DRAE, est\u00e1 cargada de un contenido despectivo y malsonante para la mujer.<\/p>\n<p>La m\u00fasica amansa las fieras, verbaliza otra m\u00e1xima muy popular. Y, para los defensores de la canci\u00f3n \u201cZorra\u201d, \u00e9sta puede contribuir tambi\u00e9n a desfacer ciertos entuertos sociales y a acabar con las diferencias \u2014en derechos y deberes\u2014 entre el hombre y la mujer. \u00bfC\u00f3mo? Gracias, como hemos apuntado ya, a la \u201cresignificaci\u00f3n\u201d de la palabra \u201czorra\u201d, a\u00f1adi\u00e9ndole un nuevo y positivo contenido sem\u00e1ntico: si la palabra \u201czorro\u201d, referida al hombre, tiene connotaciones positivas, la palabra \u201czorra\u201d las puede tener tambi\u00e9n al referirnos a la mujer, afirma el d\u00fao Nebulossa.<\/p>\n<h2>El punto de vista del ling\u00fcista<\/h2>\n<p>Sin entrar en una valoraci\u00f3n de la letra, de la m\u00fasica, de la interpretaci\u00f3n y de la puesta en escena, voy a ponerme el h\u00e1bito de ling\u00fcista, a pesar de que el h\u00e1bito no hace forzosamente al monje, para analizar la pretensi\u00f3n del d\u00fao Nebulossa de \u201cresignificar\u201d el contenido sem\u00e1ntico de la palabra \u201czorra\u201d.<\/p>\n<p>Las lenguas son una de las pocas cosas creadas por el pueblo (una comunidad humana) y para el pueblo. Adem\u00e1s, sobre las lenguas, los usuarios tienen un poder absoluto. La RAE, ese organismo de sibaritas del lenguaje, s\u00f3lo est\u00e1 habilitada para aconsejar y levantar acta, como un notario, de c\u00f3mo utiliza el espa\u00f1ol la comunidad hispanohablante. Por eso, el espa\u00f1ol actual y el futuro es y ser\u00e1 lo que decidan, con sus usos ling\u00fc\u00edsticos, los miembros de la comunidad hispanohablante.<\/p>\n<p>Como subraya la profesora Ana Bernal-Trivi\u00f1o, en la \u201cresignificaci\u00f3n\u201d de una palabra, como pretende Nebulossa, es necesario distinguir si se hace \u201cde forma individual\u201d (en un entorno limitado y cercano) o se pretende que sea \u201csocial y colectiva\u201d (en un entorno m\u00e1s amplio, global). En efecto, no es lo mismo llamarse, entre lesbianas y homosexuales, \u201cbollera\u201d o \u201cmaric\u00f3n\u201d, que hacerlo fuera de ese contexto limitado. En este caso, el tono y el retint\u00edn juegan un papel fundamental para cargar la palabra de connotaciones negativas, ofensivas y discriminatorias.<\/p>\n<p>Por otro lado, fecundar una palabra con significados nuevos (\u201cresignificaci\u00f3n\u201d) o el crear palabras nuevas no est\u00e1n al alcance de cualquiera. Para ello, hay que tener un s\u00f3lido predicamento social (al haber hecho aportaciones importantes a la comunidad de hablantes en alg\u00fan sector del saber) o ser un personaje p\u00fablico muy popular, que no es el caso del d\u00fao Nebulossa. Por eso, la \u201cresignificaci\u00f3n\u201d no es f\u00e1cil, no es exitosa y tiene un impacto social limitado o nulo, si el la hace es un indocumentado. Adem\u00e1s, en la comunicaci\u00f3n real, una cosa es la intenci\u00f3n comunicativa del que habla o escribe y algo muy distinto lo que comprende el interlocutor. En efecto, la comunicaci\u00f3n no siempre llega a producirse o se produce mal o es tergiversada por deficiencias en la \u201ccompetencia enciclop\u00e9dica\u201d (U. Eco) o por los prejuicios del interlocutor.<\/p>\n<p>La canci\u00f3n \u201cZorra\u201d es pegadiza y bailable. Por eso, si por casualidad gana Eurovisi\u00f3n y se convierte en la canci\u00f3n del verano, no nos extra\u00f1emos que nuestros ni\u00f1os, en contextos l\u00fadicos y festivos, la bailen, la canten y tilden de \u201czorras\u201d a sus compa\u00f1eras de pupitre. Esto es algo que temen ya algunos sectores feministas, que no comulgan con el \u201cfeminismo pol\u00edticamente correcto y apesebrado\u201d.<\/p>","protected":false},"excerpt":{"rendered":"<p>El d\u00fao Nebulossa, con la canci\u00f3n \u201cZorra\u201d, intenta poner su grano de arena para que se tome conciencia de la discriminaci\u00f3n y, as\u00ed, contribuir a acabar con las desigualdades entre el hombre y la mujer.\u00a0<\/p>","protected":false},"author":17,"featured_media":58332,"comment_status":"closed","ping_status":"closed","sticky":false,"template":"","format":"standard","meta":{"footnotes":""},"categories":[4114],"tags":[],"class_list":["post-59197","post","type-post","status-publish","format-standard","has-post-thumbnail","hentry","category-cantando-las-verdades"],"yoast_head":"<!-- This site is optimized with the Yoast SEO plugin v27.5 - https:\/\/yoast.com\/product\/yoast-seo-wordpress\/ -->\n<title>\u00a1Zorra! - Revista Rambla<\/title>\n<meta name=\"robots\" content=\"index, follow, max-snippet:-1, max-image-preview:large, max-video-preview:-1\" \/>\n<link rel=\"canonical\" href=\"https:\/\/www.revistarambla.com\/en\/zorra-2\/\" \/>\n<meta property=\"og:locale\" content=\"en_GB\" \/>\n<meta property=\"og:type\" content=\"article\" \/>\n<meta property=\"og:title\" content=\"\u00a1Zorra! - Revista Rambla\" \/>\n<meta property=\"og:description\" content=\"El d\u00fao Nebulossa, con la canci\u00f3n \u201cZorra\u201d, intenta poner su grano de arena para que se tome conciencia de la discriminaci\u00f3n y, as\u00ed, contribuir a acabar con las desigualdades entre el hombre y la mujer.\u00a0\" \/>\n<meta property=\"og:url\" content=\"https:\/\/www.revistarambla.com\/en\/zorra-2\/\" \/>\n<meta property=\"og:site_name\" content=\"Revista Rambla\" \/>\n<meta property=\"article:publisher\" content=\"https:\/\/www.facebook.com\/revistarambla\/\" \/>\n<meta property=\"article:author\" content=\"https:\/\/www.facebook.com\/manuelignacio.cabezasgonzalez\" \/>\n<meta property=\"article:published_time\" content=\"2024-04-04T08:11:35+00:00\" \/>\n<meta property=\"article:modified_time\" content=\"2025-01-23T20:40:29+00:00\" \/>\n<meta property=\"og:image\" content=\"https:\/\/www.revistarambla.com\/wp-content\/uploads\/2024\/02\/zorra-nebulosa.jpg\" \/>\n\t<meta property=\"og:image:width\" content=\"1280\" \/>\n\t<meta property=\"og:image:height\" content=\"720\" \/>\n\t<meta property=\"og:image:type\" content=\"image\/jpeg\" \/>\n<meta name=\"author\" content=\"Manuel Ignacio Cabezas Gonz\u00e1lez\" \/>\n<meta name=\"twitter:card\" content=\"summary_large_image\" \/>\n<meta name=\"twitter:creator\" content=\"@ManuelICabezas\" \/>\n<meta name=\"twitter:site\" content=\"@revistarambla\" \/>\n<meta name=\"twitter:label1\" content=\"Written by\" \/>\n\t<meta name=\"twitter:data1\" content=\"Manuel Ignacio Cabezas Gonz\u00e1lez\" \/>\n\t<meta name=\"twitter:label2\" content=\"Estimated reading time\" \/>\n\t<meta name=\"twitter:data2\" content=\"6 minutes\" \/>\n<script type=\"application\/ld+json\" class=\"yoast-schema-graph\">{\"@context\":\"https:\\\/\\\/schema.org\",\"@graph\":[{\"@type\":\"Article\",\"@id\":\"https:\\\/\\\/www.revistarambla.com\\\/zorra-2\\\/#article\",\"isPartOf\":{\"@id\":\"https:\\\/\\\/www.revistarambla.com\\\/zorra-2\\\/\"},\"author\":{\"name\":\"Manuel Ignacio Cabezas Gonz\u00e1lez\",\"@id\":\"https:\\\/\\\/www.revistarambla.com\\\/#\\\/schema\\\/person\\\/3d71c575842522757de7f4f9c9b40215\"},\"headline\":\"\u00a1Zorra!\",\"datePublished\":\"2024-04-04T08:11:35+00:00\",\"dateModified\":\"2025-01-23T20:40:29+00:00\",\"mainEntityOfPage\":{\"@id\":\"https:\\\/\\\/www.revistarambla.com\\\/zorra-2\\\/\"},\"wordCount\":1255,\"publisher\":{\"@id\":\"https:\\\/\\\/www.revistarambla.com\\\/#organization\"},\"image\":{\"@id\":\"https:\\\/\\\/www.revistarambla.com\\\/zorra-2\\\/#primaryimage\"},\"thumbnailUrl\":\"https:\\\/\\\/www.revistarambla.com\\\/wp-content\\\/uploads\\\/2024\\\/02\\\/zorra-nebulosa.jpg\",\"articleSection\":[\"Cantando las verdades\"],\"inLanguage\":\"en-GB\"},{\"@type\":\"WebPage\",\"@id\":\"https:\\\/\\\/www.revistarambla.com\\\/zorra-2\\\/\",\"url\":\"https:\\\/\\\/www.revistarambla.com\\\/zorra-2\\\/\",\"name\":\"\u00a1Zorra! - Revista Rambla\",\"isPartOf\":{\"@id\":\"https:\\\/\\\/www.revistarambla.com\\\/#website\"},\"primaryImageOfPage\":{\"@id\":\"https:\\\/\\\/www.revistarambla.com\\\/zorra-2\\\/#primaryimage\"},\"image\":{\"@id\":\"https:\\\/\\\/www.revistarambla.com\\\/zorra-2\\\/#primaryimage\"},\"thumbnailUrl\":\"https:\\\/\\\/www.revistarambla.com\\\/wp-content\\\/uploads\\\/2024\\\/02\\\/zorra-nebulosa.jpg\",\"datePublished\":\"2024-04-04T08:11:35+00:00\",\"dateModified\":\"2025-01-23T20:40:29+00:00\",\"breadcrumb\":{\"@id\":\"https:\\\/\\\/www.revistarambla.com\\\/zorra-2\\\/#breadcrumb\"},\"inLanguage\":\"en-GB\",\"potentialAction\":[{\"@type\":\"ReadAction\",\"target\":[\"https:\\\/\\\/www.revistarambla.com\\\/zorra-2\\\/\"]}]},{\"@type\":\"ImageObject\",\"inLanguage\":\"en-GB\",\"@id\":\"https:\\\/\\\/www.revistarambla.com\\\/zorra-2\\\/#primaryimage\",\"url\":\"https:\\\/\\\/www.revistarambla.com\\\/wp-content\\\/uploads\\\/2024\\\/02\\\/zorra-nebulosa.jpg\",\"contentUrl\":\"https:\\\/\\\/www.revistarambla.com\\\/wp-content\\\/uploads\\\/2024\\\/02\\\/zorra-nebulosa.jpg\",\"width\":1280,\"height\":720},{\"@type\":\"BreadcrumbList\",\"@id\":\"https:\\\/\\\/www.revistarambla.com\\\/zorra-2\\\/#breadcrumb\",\"itemListElement\":[{\"@type\":\"ListItem\",\"position\":1,\"name\":\"Portada\",\"item\":\"https:\\\/\\\/www.revistarambla.com\\\/\"},{\"@type\":\"ListItem\",\"position\":2,\"name\":\"\u00a1Zorra!\"}]},{\"@type\":\"WebSite\",\"@id\":\"https:\\\/\\\/www.revistarambla.com\\\/#website\",\"url\":\"https:\\\/\\\/www.revistarambla.com\\\/\",\"name\":\"Revista Rambla Barcelona\",\"description\":\"Periodismo independiente\",\"publisher\":{\"@id\":\"https:\\\/\\\/www.revistarambla.com\\\/#organization\"},\"potentialAction\":[{\"@type\":\"SearchAction\",\"target\":{\"@type\":\"EntryPoint\",\"urlTemplate\":\"https:\\\/\\\/www.revistarambla.com\\\/?s={search_term_string}\"},\"query-input\":{\"@type\":\"PropertyValueSpecification\",\"valueRequired\":true,\"valueName\":\"search_term_string\"}}],\"inLanguage\":\"en-GB\"},{\"@type\":\"Organization\",\"@id\":\"https:\\\/\\\/www.revistarambla.com\\\/#organization\",\"name\":\"Revista Rambla\",\"url\":\"https:\\\/\\\/www.revistarambla.com\\\/\",\"logo\":{\"@type\":\"ImageObject\",\"inLanguage\":\"en-GB\",\"@id\":\"https:\\\/\\\/www.revistarambla.com\\\/#\\\/schema\\\/logo\\\/image\\\/\",\"url\":\"https:\\\/\\\/www.revistarambla.com\\\/wp-content\\\/uploads\\\/2020\\\/09\\\/banner_rambla_1900x600_BB.png\",\"contentUrl\":\"https:\\\/\\\/www.revistarambla.com\\\/wp-content\\\/uploads\\\/2020\\\/09\\\/banner_rambla_1900x600_BB.png\",\"width\":1900,\"height\":600,\"caption\":\"Revista Rambla\"},\"image\":{\"@id\":\"https:\\\/\\\/www.revistarambla.com\\\/#\\\/schema\\\/logo\\\/image\\\/\"},\"sameAs\":[\"https:\\\/\\\/www.facebook.com\\\/revistarambla\\\/\",\"https:\\\/\\\/x.com\\\/revistarambla\",\"https:\\\/\\\/www.instagram.com\\\/revista_rambla\",\"https:\\\/\\\/es.linkedin.com\\\/company\\\/revista-rambla\"]},{\"@type\":\"Person\",\"@id\":\"https:\\\/\\\/www.revistarambla.com\\\/#\\\/schema\\\/person\\\/3d71c575842522757de7f4f9c9b40215\",\"name\":\"Manuel Ignacio Cabezas Gonz\u00e1lez\",\"description\":\"Doctor en Didactolog\u00eda de las Lenguas y de las Culturas. Profesor Titular de Ling\u00fc\u00edstica y de Ling\u00fc\u00edstica Aplicada. Departamento de Filolog\u00eda Francesa y Rom\u00e1nica (UAB).\",\"sameAs\":[\"http:\\\/\\\/honrad.blogspot.com\\\/\",\"https:\\\/\\\/www.facebook.com\\\/manuelignacio.cabezasgonzalez\",\"https:\\\/\\\/x.com\\\/ManuelICabezas\"]}]}<\/script>\n<!-- \/ Yoast SEO plugin. -->","yoast_head_json":{"title":"\u00a1Zorra! - Revista Rambla","robots":{"index":"index","follow":"follow","max-snippet":"max-snippet:-1","max-image-preview":"max-image-preview:large","max-video-preview":"max-video-preview:-1"},"canonical":"https:\/\/www.revistarambla.com\/en\/zorra-2\/","og_locale":"en_GB","og_type":"article","og_title":"\u00a1Zorra! - Revista Rambla","og_description":"El d\u00fao Nebulossa, con la canci\u00f3n \u201cZorra\u201d, intenta poner su grano de arena para que se tome conciencia de la discriminaci\u00f3n y, as\u00ed, contribuir a acabar con las desigualdades entre el hombre y la mujer.\u00a0","og_url":"https:\/\/www.revistarambla.com\/en\/zorra-2\/","og_site_name":"Revista Rambla","article_publisher":"https:\/\/www.facebook.com\/revistarambla\/","article_author":"https:\/\/www.facebook.com\/manuelignacio.cabezasgonzalez","article_published_time":"2024-04-04T08:11:35+00:00","article_modified_time":"2025-01-23T20:40:29+00:00","og_image":[{"width":1280,"height":720,"url":"https:\/\/www.revistarambla.com\/wp-content\/uploads\/2024\/02\/zorra-nebulosa.jpg","type":"image\/jpeg"}],"author":"Manuel Ignacio Cabezas Gonz\u00e1lez","twitter_card":"summary_large_image","twitter_creator":"@ManuelICabezas","twitter_site":"@revistarambla","twitter_misc":{"Written by":"Manuel Ignacio Cabezas Gonz\u00e1lez","Estimated reading time":"6 minutes"},"schema":{"@context":"https:\/\/schema.org","@graph":[{"@type":"Article","@id":"https:\/\/www.revistarambla.com\/zorra-2\/#article","isPartOf":{"@id":"https:\/\/www.revistarambla.com\/zorra-2\/"},"author":{"name":"Manuel Ignacio Cabezas Gonz\u00e1lez","@id":"https:\/\/www.revistarambla.com\/#\/schema\/person\/3d71c575842522757de7f4f9c9b40215"},"headline":"\u00a1Zorra!","datePublished":"2024-04-04T08:11:35+00:00","dateModified":"2025-01-23T20:40:29+00:00","mainEntityOfPage":{"@id":"https:\/\/www.revistarambla.com\/zorra-2\/"},"wordCount":1255,"publisher":{"@id":"https:\/\/www.revistarambla.com\/#organization"},"image":{"@id":"https:\/\/www.revistarambla.com\/zorra-2\/#primaryimage"},"thumbnailUrl":"https:\/\/www.revistarambla.com\/wp-content\/uploads\/2024\/02\/zorra-nebulosa.jpg","articleSection":["Cantando las verdades"],"inLanguage":"en-GB"},{"@type":"WebPage","@id":"https:\/\/www.revistarambla.com\/zorra-2\/","url":"https:\/\/www.revistarambla.com\/zorra-2\/","name":"\u00a1Zorra! - Revista Rambla","isPartOf":{"@id":"https:\/\/www.revistarambla.com\/#website"},"primaryImageOfPage":{"@id":"https:\/\/www.revistarambla.com\/zorra-2\/#primaryimage"},"image":{"@id":"https:\/\/www.revistarambla.com\/zorra-2\/#primaryimage"},"thumbnailUrl":"https:\/\/www.revistarambla.com\/wp-content\/uploads\/2024\/02\/zorra-nebulosa.jpg","datePublished":"2024-04-04T08:11:35+00:00","dateModified":"2025-01-23T20:40:29+00:00","breadcrumb":{"@id":"https:\/\/www.revistarambla.com\/zorra-2\/#breadcrumb"},"inLanguage":"en-GB","potentialAction":[{"@type":"ReadAction","target":["https:\/\/www.revistarambla.com\/zorra-2\/"]}]},{"@type":"ImageObject","inLanguage":"en-GB","@id":"https:\/\/www.revistarambla.com\/zorra-2\/#primaryimage","url":"https:\/\/www.revistarambla.com\/wp-content\/uploads\/2024\/02\/zorra-nebulosa.jpg","contentUrl":"https:\/\/www.revistarambla.com\/wp-content\/uploads\/2024\/02\/zorra-nebulosa.jpg","width":1280,"height":720},{"@type":"BreadcrumbList","@id":"https:\/\/www.revistarambla.com\/zorra-2\/#breadcrumb","itemListElement":[{"@type":"ListItem","position":1,"name":"Portada","item":"https:\/\/www.revistarambla.com\/"},{"@type":"ListItem","position":2,"name":"\u00a1Zorra!"}]},{"@type":"WebSite","@id":"https:\/\/www.revistarambla.com\/#website","url":"https:\/\/www.revistarambla.com\/","name":"Revista Rambla Barcelona","description":"Periodismo independiente","publisher":{"@id":"https:\/\/www.revistarambla.com\/#organization"},"potentialAction":[{"@type":"SearchAction","target":{"@type":"EntryPoint","urlTemplate":"https:\/\/www.revistarambla.com\/?s={search_term_string}"},"query-input":{"@type":"PropertyValueSpecification","valueRequired":true,"valueName":"search_term_string"}}],"inLanguage":"en-GB"},{"@type":"Organization","@id":"https:\/\/www.revistarambla.com\/#organization","name":"Revista Rambla","url":"https:\/\/www.revistarambla.com\/","logo":{"@type":"ImageObject","inLanguage":"en-GB","@id":"https:\/\/www.revistarambla.com\/#\/schema\/logo\/image\/","url":"https:\/\/www.revistarambla.com\/wp-content\/uploads\/2020\/09\/banner_rambla_1900x600_BB.png","contentUrl":"https:\/\/www.revistarambla.com\/wp-content\/uploads\/2020\/09\/banner_rambla_1900x600_BB.png","width":1900,"height":600,"caption":"Revista Rambla"},"image":{"@id":"https:\/\/www.revistarambla.com\/#\/schema\/logo\/image\/"},"sameAs":["https:\/\/www.facebook.com\/revistarambla\/","https:\/\/x.com\/revistarambla","https:\/\/www.instagram.com\/revista_rambla","https:\/\/es.linkedin.com\/company\/revista-rambla"]},{"@type":"Person","@id":"https:\/\/www.revistarambla.com\/#\/schema\/person\/3d71c575842522757de7f4f9c9b40215","name":"Manuel Ignacio Cabezas Gonz\u00e1lez","description":"Doctor en Didactolog\u00eda de las Lenguas y de las Culturas. Profesor Titular de Ling\u00fc\u00edstica y de Ling\u00fc\u00edstica Aplicada. Departamento de Filolog\u00eda Francesa y Rom\u00e1nica (UAB).","sameAs":["http:\/\/honrad.blogspot.com\/","https:\/\/www.facebook.com\/manuelignacio.cabezasgonzalez","https:\/\/x.com\/ManuelICabezas"]}]}},"_links":{"self":[{"href":"https:\/\/www.revistarambla.com\/en\/wp-json\/wp\/v2\/posts\/59197","targetHints":{"allow":["GET"]}}],"collection":[{"href":"https:\/\/www.revistarambla.com\/en\/wp-json\/wp\/v2\/posts"}],"about":[{"href":"https:\/\/www.revistarambla.com\/en\/wp-json\/wp\/v2\/types\/post"}],"author":[{"embeddable":true,"href":"https:\/\/www.revistarambla.com\/en\/wp-json\/wp\/v2\/users\/17"}],"replies":[{"embeddable":true,"href":"https:\/\/www.revistarambla.com\/en\/wp-json\/wp\/v2\/comments?post=59197"}],"version-history":[{"count":1,"href":"https:\/\/www.revistarambla.com\/en\/wp-json\/wp\/v2\/posts\/59197\/revisions"}],"predecessor-version":[{"id":59198,"href":"https:\/\/www.revistarambla.com\/en\/wp-json\/wp\/v2\/posts\/59197\/revisions\/59198"}],"wp:featuredmedia":[{"embeddable":true,"href":"https:\/\/www.revistarambla.com\/en\/wp-json\/wp\/v2\/media\/58332"}],"wp:attachment":[{"href":"https:\/\/www.revistarambla.com\/en\/wp-json\/wp\/v2\/media?parent=59197"}],"wp:term":[{"taxonomy":"category","embeddable":true,"href":"https:\/\/www.revistarambla.com\/en\/wp-json\/wp\/v2\/categories?post=59197"},{"taxonomy":"post_tag","embeddable":true,"href":"https:\/\/www.revistarambla.com\/en\/wp-json\/wp\/v2\/tags?post=59197"}],"curies":[{"name":"wp","href":"https:\/\/api.w.org\/{rel}","templated":true}]}}