{"id":5912,"date":"2014-09-13T04:56:10","date_gmt":"2014-09-13T04:56:10","guid":{"rendered":"https:\/\/www.revistarambla.com\/podemos-veta-la-presencia-de-un-antiguo-militante-del-frap-en-un-debate\/"},"modified":"2014-09-13T04:56:10","modified_gmt":"2014-09-13T04:56:10","slug":"podemos-veta-la-presencia-de-un-antiguo-militante-del-frap-en-un-debate","status":"publish","type":"post","link":"https:\/\/www.revistarambla.com\/en\/podemos-veta-la-presencia-de-un-antiguo-militante-del-frap-en-un-debate\/","title":{"rendered":"PODEMOS veta la presencia de un antiguo militante del FRAP en un debate"},"content":{"rendered":"<p> \t<img decoding=\"async\" class=\"alignleft size-full wp-image-5910\" alt=\"alt\" src=\"https:\/\/www.revistarambla.com\/wp-content\/uploads\/2014\/09\/Chivite_01.jpg\" style=\"width: 682px; height: 430px; margin-left: 9px; margin-right: 9px; float: left;\" width=\"682\" height=\"430\" srcset=\"https:\/\/www.revistarambla.com\/wp-content\/uploads\/2014\/09\/Chivite_01.jpg 682w, https:\/\/www.revistarambla.com\/wp-content\/uploads\/2014\/09\/Chivite_01-300x189.jpg 300w, https:\/\/www.revistarambla.com\/wp-content\/uploads\/2014\/09\/Chivite_01-500x315.jpg 500w\" sizes=\"(max-width: 682px) 100vw, 682px\" \/>El <span data-scayt_word=\"pr\u00f3ximo\" data-scaytid=\"1\">pr\u00f3ximo<\/span> <span data-scayt_word=\"s\u00e1bado\" data-scaytid=\"2\">s\u00e1bado<\/span> <span data-scayt_word=\"d\u00eda\" data-scaytid=\"3\">d\u00eda<\/span> 13 de <span data-scayt_word=\"septiembre\" data-scaytid=\"4\">septiembre<\/span>, en El <span data-scayt_word=\"Matadero\" data-scaytid=\"5\">Matadero<\/span> de Madrid se <span data-scayt_word=\"proyectar\u00e1\" data-scaytid=\"6\">proyectar\u00e1<\/span> la <span data-scayt_word=\"pel\u00edcula\" data-scaytid=\"7\">pel\u00edcula<\/span> &ldquo;Salvador&rdquo;, <span data-scayt_word=\"dedicada\" data-scaytid=\"8\">dedicada<\/span> al <span data-scayt_word=\"proceso\" data-scaytid=\"9\">proceso<\/span> y <span data-scayt_word=\"asesinato\" data-scaytid=\"10\">asesinato<\/span> de Salvador <span data-scayt_word=\"Puig\" data-scaytid=\"11\">Puig<\/span> <span data-scayt_word=\"Antich\" data-scaytid=\"12\">Antich<\/span>, en 1974. <span data-scayt_word=\"Entre\" data-scaytid=\"13\">Entre<\/span> los <span data-scayt_word=\"participantes\" data-scaytid=\"14\">participantes<\/span> en el debate posterior se <span data-scayt_word=\"encuentran\" data-scaytid=\"15\">encuentran<\/span> el <span data-scayt_word=\"l\u00edde\" data-scaytid=\"16\">l\u00edde<\/span><\/p>\n<p> \t\u00a0<\/p>\n<p> \t\u00a0<\/p>\n<p> \t\u00a0<\/p>\n<p>  <!--more-->  <\/p>\n<p> \t\u00a0<\/p>\n<p> \t<strong>El <span data-scayt_word=\"pr\u00f3ximo\" data-scaytid=\"17\">pr\u00f3ximo<\/span> <span data-scayt_word=\"s\u00e1bado\" data-scaytid=\"18\">s\u00e1bado<\/span> <span data-scayt_word=\"d\u00eda\" data-scaytid=\"20\">d\u00eda<\/span> 13 de <span data-scayt_word=\"septiembre\" data-scaytid=\"22\">septiembre<\/span>, en El <span data-scayt_word=\"Matadero\" data-scaytid=\"23\">Matadero<\/span> de Madrid se <span data-scayt_word=\"proyectar\u00e1\" data-scaytid=\"25\">proyectar\u00e1<\/span> la <span data-scayt_word=\"pel\u00edcula\" data-scaytid=\"26\">pel\u00edcula<\/span> &ldquo;Salvador&rdquo;, <span data-scayt_word=\"dedicada\" data-scaytid=\"28\">dedicada<\/span> al <span data-scayt_word=\"proceso\" data-scaytid=\"30\">proceso<\/span> y <span data-scayt_word=\"asesinato\" data-scaytid=\"31\">asesinato<\/span> de Salvador <span data-scayt_word=\"Puig\" data-scaytid=\"32\">Puig<\/span> <span data-scayt_word=\"Antich\" data-scaytid=\"34\">Antich<\/span>, en 1974. <span data-scayt_word=\"Entre\" data-scaytid=\"36\">Entre<\/span> los <span data-scayt_word=\"participantes\" data-scaytid=\"37\">participantes<\/span> en el debate posterior se <span data-scayt_word=\"encuentran\" data-scaytid=\"38\">encuentran<\/span> el <span data-scayt_word=\"l\u00edder\" data-scaytid=\"61\">l\u00edder<\/span> de <span data-scayt_word=\"Podemos\" data-scaytid=\"62\">Podemos<\/span>, Pablo Iglesias, y el <span data-scayt_word=\"novelista\" data-scaytid=\"64\">novelista<\/span> y editor Manuel Blanco <span data-scayt_word=\"Chivite\" data-scaytid=\"65\">Chivite<\/span>. <span data-scayt_word=\"Chivite\" data-scaytid=\"66\">Chivite<\/span> <span data-scayt_word=\"es\" data-scaytid=\"67\">es<\/span> un <span data-scayt_word=\"antiguo\" data-scaytid=\"68\">antiguo<\/span> <span data-scayt_word=\"militante\" data-scaytid=\"69\">militante<\/span> del <span data-scayt_word=\"PCE\" data-scaytid=\"71\">PCE<\/span> (m-l) <span data-scayt_word=\"que\" data-scaytid=\"72\">que<\/span>, en 1975, <span data-scayt_word=\"fue\" data-scaytid=\"76\">fue<\/span> <span data-scayt_word=\"sentenciado\" data-scaytid=\"78\">sentenciado<\/span> a <span data-scayt_word=\"pena\" data-scaytid=\"79\">pena<\/span> de <span data-scayt_word=\"muerte\" data-scaytid=\"81\">muerte<\/span> (<span data-scayt_word=\"conmutada\" data-scaytid=\"83\">conmutada<\/span> la <span data-scayt_word=\"pena\" data-scaytid=\"80\">pena<\/span>) en los <span data-scayt_word=\"procesos\" data-scaytid=\"84\">procesos<\/span> contra <span data-scayt_word=\"tres\" data-scaytid=\"85\">tres<\/span> <span data-scayt_word=\"militantes\" data-scaytid=\"86\">militantes<\/span> del <span data-scayt_word=\"FRAP\" data-scaytid=\"87\">FRAP<\/span> y dos de ETA, <span data-scayt_word=\"que\" data-scaytid=\"73\">que<\/span> <span data-scayt_word=\"termin\u00f3\" data-scaytid=\"88\">termin\u00f3<\/span> con lo <span data-scayt_word=\"que\" data-scaytid=\"74\">que<\/span> son <span data-scayt_word=\"conocidos\" data-scaytid=\"89\">conocidos<\/span> <span data-scayt_word=\"como\" data-scaytid=\"90\">como<\/span> &ldquo;los <span data-scayt_word=\"\u00faltimos\" data-scaytid=\"91\">\u00faltimos<\/span> <span data-scayt_word=\"fusilamientos\" data-scaytid=\"92\">fusilamientos<\/span> del <span data-scayt_word=\"franquismo\u201d\" data-scaytid=\"93\">franquismo&rdquo;<\/span>. Ante el <span data-scayt_word=\"miedo\" data-scaytid=\"94\">miedo<\/span> de la <span data-scayt_word=\"direcci\u00f3n\" data-scaytid=\"95\">direcci\u00f3n<\/span> de <span data-scayt_word=\"Podemos\" data-scaytid=\"63\">Podemos<\/span> a los <span data-scayt_word=\"posibles\" data-scaytid=\"96\">posibles<\/span> <span data-scayt_word=\"titulares\" data-scaytid=\"97\">titulares<\/span> de la <span data-scayt_word=\"prensa\" data-scaytid=\"98\">prensa<\/span> <span data-scayt_word=\"m\u00e1s\" data-scaytid=\"99\">m\u00e1s<\/span> <span data-scayt_word=\"reaccionar\u00eda\" data-scaytid=\"100\">reaccionar\u00eda<\/span>, <span data-scayt_word=\"han\" data-scaytid=\"101\">han<\/span> <span data-scayt_word=\"decido\" data-scaytid=\"102\">decido<\/span> <span data-scayt_word=\"vetar\" data-scaytid=\"103\">vetar<\/span> la <span data-scayt_word=\"presencia\" data-scaytid=\"104\">presencia<\/span> del <span data-scayt_word=\"militante\" data-scaytid=\"70\">militante<\/span> <span data-scayt_word=\"antifranquista\" data-scaytid=\"105\">antifranquista<\/span>.<\/strong><\/p>\n<p> \t\u00a0<\/p>\n<p> \t<img decoding=\"async\" class=\"alignleft size-full wp-image-5911\" alt=\"alt\" src=\"https:\/\/www.revistarambla.com\/wp-content\/uploads\/2014\/09\/Chivite_02.jpg\" style=\"width: 320px; height: 276px; margin-left: 9px; margin-right: 9px; float: left;\" width=\"320\" height=\"276\" srcset=\"https:\/\/www.revistarambla.com\/wp-content\/uploads\/2014\/09\/Chivite_02.jpg 320w, https:\/\/www.revistarambla.com\/wp-content\/uploads\/2014\/09\/Chivite_02-300x259.jpg 300w\" sizes=\"(max-width: 320px) 100vw, 320px\" \/>El <span data-scayt_word=\"d\u00eda\" data-scaytid=\"21\">d\u00eda<\/span> 13 <span data-scayt_word=\"s\u00e1bado\" data-scaytid=\"19\">s\u00e1bado<\/span> se <span data-scayt_word=\"proyecta\" data-scaytid=\"106\">proyecta<\/span> en la <span data-scayt_word=\"Cineteca\" data-scaytid=\"107\">Cineteca<\/span> de El <span data-scayt_word=\"Matadero\" data-scaytid=\"24\">Matadero<\/span>, en Madrid, la <span data-scayt_word=\"pel\u00edcula\" data-scaytid=\"27\">pel\u00edcula<\/span> &ldquo;Salvador&rdquo;, <span data-scayt_word=\"dedicada\" data-scaytid=\"29\">dedicada<\/span> a la <span data-scayt_word=\"figura\" data-scaytid=\"108\">figura<\/span> del <span data-scayt_word=\"joven\" data-scaytid=\"109\">joven<\/span> <span data-scayt_word=\"anarquista\" data-scaytid=\"110\">anarquista<\/span> Salvador <span data-scayt_word=\"Puig\" data-scaytid=\"33\">Puig<\/span> <span data-scayt_word=\"Antich\" data-scaytid=\"35\">Antich<\/span>, <span data-scayt_word=\"asesinado\" data-scaytid=\"111\">asesinado<\/span> <span data-scayt_word=\"por\" data-scaytid=\"112\">por<\/span> la <span data-scayt_word=\"dictadura\" data-scaytid=\"113\">dictadura<\/span> en <span data-scayt_word=\"marzo\" data-scaytid=\"114\">marzo<\/span> de 1974, <span data-scayt_word=\"tras\" data-scaytid=\"115\">tras<\/span> un <span data-scayt_word=\"juicio\" data-scaytid=\"116\">juicio<\/span> <span data-scayt_word=\"farsa\" data-scaytid=\"117\">farsa<\/span> en el <span data-scayt_word=\"que\" data-scaytid=\"75\">que<\/span> <span data-scayt_word=\"fue\" data-scaytid=\"77\">fue<\/span> <span data-scayt_word=\"condenado\" data-scaytid=\"118\">condenado<\/span> a <span data-scayt_word=\"muerte\" data-scaytid=\"82\">muerte<\/span>. <span data-scayt_word=\"Fue\" data-scaytid=\"119\">Fue<\/span> el <span data-scayt_word=\"\u00faltimo\" data-scaytid=\"120\">\u00faltimo<\/span> <span data-scayt_word=\"preso\" data-scaytid=\"121\">preso<\/span> <span data-scayt_word=\"pol\u00edtico\" data-scaytid=\"122\">pol\u00edtico<\/span> <span data-scayt_word=\"sometido\" data-scaytid=\"123\">sometido<\/span> al <span data-scayt_word=\"llamado\" data-scaytid=\"124\">llamado<\/span> garrote <span data-scayt_word=\"vil\" data-scaytid=\"125\">vil<\/span>.<\/p>\n<p> \t\u00a0<\/p>\n<p> \t<span data-scayt_word=\"Tras\" data-scaytid=\"393\">Tras<\/span> la <span data-scayt_word=\"proyecci\u00f3n\" data-scaytid=\"394\">proyecci\u00f3n<\/span> de la <span data-scayt_word=\"pel\u00edcula\" data-scaytid=\"213\">pel\u00edcula<\/span> <span data-scayt_word=\"est\u00e1\" data-scaytid=\"396\">est\u00e1<\/span> <span data-scayt_word=\"previsto\" data-scaytid=\"397\">previsto<\/span> un debate en el <span data-scayt_word=\"que\" data-scaytid=\"214\">que<\/span> <span data-scayt_word=\"iba\" data-scaytid=\"399\">iba<\/span> a <span data-scayt_word=\"participar\" data-scaytid=\"400\">participar<\/span>, <span data-scayt_word=\"junto\" data-scaytid=\"401\">junto<\/span> a Pablo Iglesias, el <span data-scayt_word=\"antiguo\" data-scaytid=\"215\">antiguo<\/span> <span data-scayt_word=\"militante\" data-scaytid=\"216\">militante<\/span> del <span data-scayt_word=\"FRAP\" data-scaytid=\"217\">FRAP<\/span> Manuel Blanco <span data-scayt_word=\"Chivite\" data-scaytid=\"218\">Chivite<\/span>, (<span data-scayt_word=\"hoy\" data-scaytid=\"406\">hoy<\/span> <span data-scayt_word=\"escritor\" data-scaytid=\"407\">escritor<\/span> y director de El <span data-scayt_word=\"Garaje\" data-scaytid=\"408\">Garaje<\/span> <span data-scayt_word=\"Ediciones\" data-scaytid=\"409\">Ediciones<\/span>), en <span data-scayt_word=\"representaci\u00f3n\" data-scaytid=\"410\">representaci\u00f3n<\/span> de <a href=\"http:\/\/www.lacomunapresxsdelfranquismo.org\/\">La <span data-scayt_word=\"Comuna\" data-scaytid=\"411\">Comuna<\/span><\/a>, asociaci\u00f3n de represaliados de la \u00faltima etapa del franquismo y condenado tambi\u00e9n a muerte en uno de los \u00faltimos consejos de guerra celebrados bajo la Dictadura en septiembre de 1975.\u00a0 A consecuencia de tales consejos de guerra fueron asesinados mediante fusilamiento cinco militantes antifascistas. Otros seis, entre ellos Blanco Chivite, militante por entonces del PCE (m-l) y del FRAP, vieron conmutada su pena en el \u00faltimo momento.<\/p>\n<p> \t\u00a0<\/p>\n<p> \tEl grupo de comunicaci\u00f3n de PODEMOS, temiendo, seg\u00fan informaron al propio Chivite y a otros miembros de La Comuna, la reacci\u00f3n de la prensa oficialista de Madrid (&ldquo;nos encontrar\u00edamos con el titular: &ldquo;Pablo Iglesias sentado en la misma mesa con un antiguo miembro del FRAP&rdquo;), decidi\u00f3 vetar la presencia del veterano militante antifascista y sustituirla por &ldquo;un perfil jur\u00eddico&rdquo; como Mart\u00edn Pall\u00edn.<\/p>\n<p> \t\u00a0<\/p>\n<p> \tLa mesa de debate queda as\u00ed sin ning\u00fan luchador superviviente de la \u00e9poca y conocedor directo de la represi\u00f3n de aquellos a\u00f1os y, en otro orden, sin la presencia de ning\u00fan familiar de Puig Antich, familiares que hoy, al igual que el propio Chivite, est\u00e1n personados en la <strong>Querella Argentina contra los Cr\u00edmenes del Franquismo <\/strong>y que, de alguna manera, iban a estar representados por la abogada de dicha Querella <strong>Ana Mesutti<\/strong>, que no podr\u00e1 participar por imponderables personales.<\/p>\n<p> \t\u00a0<\/p>\n<p> \tNos hemos puesto en contacto con Manuel Blanco Chivite, quien telef\u00f3nicamente nos ha a\u00f1adido cuatro breves consideraciones:<\/p>\n<p> \t\u00a0<\/p>\n<p> \t1- Ni antes ni despu\u00e9s de este incidente me considero enemistado con PODEMOS.<\/p>\n<p> \t\u00a0<\/p>\n<p> \t2- En pol\u00edtica no es bueno permitir a tu enemigo que te marque el terreno que debes pisar y las amistades que deber\u00edas tener.<\/p>\n<p> \t\u00a0<\/p>\n<p> \t\u00a03- Censurar a los de tu campo social para evitar la censura de los voceros de tus enemigos abiertos, no es muy inteligente y, adem\u00e1s, resulta in\u00fatil.<\/p>\n<p> \t\u00a0<\/p>\n<p> \t4- Quien no resiste la presi\u00f3n en lo poco de un eventual titular de prensa que, caso de leerse, se olvida con el pr\u00f3ximo titular, \u00bfla resistir\u00e1 en lo mucho, cuando realmente se empleen a fondo?<\/p>\n<p> \t\u00a0<\/p>\n<p> \t<strong>En raz\u00f3n: Blanco Chivite nos\u00a0habla del veto de Podemos<\/strong><\/p>\n<p> \t\u00a0<\/p>\n<p> \tPor: Manuel Blanco Chivite<\/p>\n<p> \t\u00a0<\/p>\n<p> \tCuando algo no est\u00e1 en raz\u00f3n, no est\u00e1 en raz\u00f3n y cuando est\u00e1 en raz\u00f3n, est\u00e1 en raz\u00f3n.<\/p>\n<p> \t\u00a0<\/p>\n<p> \tYa. Muy simple, pero a veces sumamente acertado. Lo dice una vecina. En cada reuni\u00f3n de la escalera, lo repite y se lo aguantamos. Porque el m\u00e9todo da resultado.<\/p>\n<p> \t\u00a0<\/p>\n<p> \tAs\u00ed que no me parece desvar\u00edo aplicarlo al incidente del veto (que no estaba en raz\u00f3n) de PODEMOS a quien esto suscribe. Creo, sin mayores pretensiones, que la nota al respecto estaba en raz\u00f3n.<\/p>\n<p> \t\u00a0<\/p>\n<p> \tY ante todo y primero de todo, agradecer a todas las personas que en esta leve vicisitud han mostrado su amistad, su solidaridad o, simplemente, su opini\u00f3n sobre el hecho. Lo considero positivo.\u00a0<strong>Y particularmente positiva la reacci\u00f3n habida en las propias filas de PODEMOS, al menos en lo referente a Madrid.<\/strong>\u00a0No han sido pocas las personas pertenecientes a uno u otro c\u00edrculo que han calificado la medida censora como de error y emitido su desaprobaci\u00f3n m\u00e1s o menos severa. Adem\u00e1s, lo han hecho con rapidez y sensibilidad. Lo agradezco igualmente.<\/p>\n<p> \t\u00a0<\/p>\n<p> \tCuando se critica un error, expl\u00edcita o impl\u00edcitamente, se est\u00e1 exigiendo su l\u00f3gica rectificaci\u00f3n.<\/p>\n<p> \t\u00a0<\/p>\n<p> \t<strong>Supongo que eso, m\u00e1s la reflexi\u00f3n propia del caso, es lo que ha llevado a la direcci\u00f3n de PODEMOS, afortunadamente permeable a la opini\u00f3n de sus afiliados y de las personas de su entorno m\u00e1s af\u00edn, a ponerse en contacto con el ya citado &ldquo;quien suscribe&rdquo; y restablecer la buena conexi\u00f3n. Quiero decir que el tal veto, ya no existe.\u00a0<\/strong>Algo que, mi vecina dixit, est\u00e1 en raz\u00f3n.<\/p>\n<p> \t\u00a0<\/p>\n<p> \tMe <span data-scayt_word=\"alegro\" data-scaytid=\"456\">alegro<\/span> <span data-scayt_word=\"por\" data-scaytid=\"431\">por<\/span> <span data-scayt_word=\"todos\" data-scaytid=\"461\">todos<\/span>, <span data-scayt_word=\"por\" data-scaytid=\"432\">por<\/span> <span data-scayt_word=\"peque\u00f1o\" data-scaytid=\"462\">peque\u00f1o<\/span> <span data-scayt_word=\"que\" data-scaytid=\"435\">que<\/span> <span data-scayt_word=\"haya\" data-scaytid=\"465\">haya<\/span> <span data-scayt_word=\"sido\" data-scaytid=\"466\">sido<\/span> el <span data-scayt_word=\"incidente\" data-scaytid=\"467\">incidente<\/span>, <span data-scayt_word=\"especialmente\" data-scaytid=\"468\">especialmente<\/span> <span data-scayt_word=\"por\" data-scaytid=\"433\">por<\/span> <span data-scayt_word=\"PODEMOS\" data-scaytid=\"469\">PODEMOS<\/span> y <span data-scayt_word=\"por\" data-scaytid=\"434\">por<\/span> LA <span data-scayt_word=\"COMUNA\" data-scaytid=\"470\">COMUNA<\/span>, <span data-scayt_word=\"asociaci\u00f3n\" data-scaytid=\"471\">asociaci\u00f3n<\/span> de <span data-scayt_word=\"viejos\" data-scaytid=\"472\">viejos<\/span> <span data-scayt_word=\"antifranquistas\" data-scaytid=\"473\">antifranquistas<\/span> a la <span data-scayt_word=\"que\" data-scaytid=\"436\">que<\/span> <span data-scayt_word=\"pertenezco\" data-scaytid=\"474\">pertenezco<\/span>.<\/p>","protected":false},"excerpt":{"rendered":"<p>El pr\u00f3ximo s\u00e1bado d\u00eda 13 de septiembre, en El Matadero de Madrid se proyectar\u00e1 la pel\u00edcula &ldquo;Salvador&rdquo;, dedicada al proceso y asesinato de Salvador Puig Antich, en 1974. Entre los participantes en el debate posterior se encuentran el l\u00edde \u00a0 \u00a0 \u00a0<\/p>","protected":false},"author":1,"featured_media":0,"comment_status":"open","ping_status":"open","sticky":false,"template":"","format":"standard","meta":{"footnotes":""},"categories":[76],"tags":[],"class_list":["post-5912","post","type-post","status-publish","format-standard","hentry","category-barcelona"],"yoast_head":"<!-- This site is optimized with the Yoast SEO plugin v27.5 - https:\/\/yoast.com\/product\/yoast-seo-wordpress\/ -->\n<title>PODEMOS veta la presencia de un antiguo militante del FRAP en un debate - Revista Rambla<\/title>\n<meta name=\"robots\" content=\"index, follow, max-snippet:-1, max-image-preview:large, max-video-preview:-1\" \/>\n<link rel=\"canonical\" href=\"https:\/\/www.revistarambla.com\/en\/podemos-veta-la-presencia-de-un-antiguo-militante-del-frap-en-un-debate\/\" \/>\n<meta property=\"og:locale\" content=\"en_GB\" \/>\n<meta property=\"og:type\" content=\"article\" \/>\n<meta property=\"og:title\" content=\"PODEMOS veta la presencia de un antiguo militante del FRAP en un debate - Revista Rambla\" \/>\n<meta property=\"og:description\" content=\"El pr\u00f3ximo s\u00e1bado d\u00eda 13 de septiembre, en El Matadero de Madrid se proyectar\u00e1 la pel\u00edcula &ldquo;Salvador&rdquo;, dedicada al proceso y asesinato de Salvador Puig Antich, en 1974. Entre los participantes en el debate posterior se encuentran el l\u00edde \u00a0 \u00a0 \u00a0\" \/>\n<meta property=\"og:url\" content=\"https:\/\/www.revistarambla.com\/en\/podemos-veta-la-presencia-de-un-antiguo-militante-del-frap-en-un-debate\/\" \/>\n<meta property=\"og:site_name\" content=\"Revista Rambla\" \/>\n<meta property=\"article:publisher\" content=\"https:\/\/www.facebook.com\/revistarambla\/\" \/>\n<meta property=\"article:published_time\" content=\"2014-09-13T04:56:10+00:00\" \/>\n<meta property=\"og:image\" content=\"https:\/\/i0.wp.com\/www.revistarambla.com\/wp-content\/uploads\/2014\/09\/Chivite_01.jpg?fit=682%2C430&ssl=1\" \/>\n\t<meta property=\"og:image:width\" content=\"682\" \/>\n\t<meta property=\"og:image:height\" content=\"430\" \/>\n\t<meta property=\"og:image:type\" content=\"image\/jpeg\" \/>\n<meta name=\"author\" content=\"admin\" \/>\n<meta name=\"twitter:card\" content=\"summary_large_image\" \/>\n<meta name=\"twitter:creator\" content=\"@revistarambla\" \/>\n<meta name=\"twitter:site\" content=\"@revistarambla\" \/>\n<meta name=\"twitter:label1\" content=\"Written by\" \/>\n\t<meta name=\"twitter:data1\" content=\"admin\" \/>\n\t<meta name=\"twitter:label2\" content=\"Estimated reading time\" \/>\n\t<meta name=\"twitter:data2\" content=\"5 minutes\" \/>\n<script type=\"application\/ld+json\" class=\"yoast-schema-graph\">{\"@context\":\"https:\\\/\\\/schema.org\",\"@graph\":[{\"@type\":\"Article\",\"@id\":\"https:\\\/\\\/www.revistarambla.com\\\/podemos-veta-la-presencia-de-un-antiguo-militante-del-frap-en-un-debate\\\/#article\",\"isPartOf\":{\"@id\":\"https:\\\/\\\/www.revistarambla.com\\\/podemos-veta-la-presencia-de-un-antiguo-militante-del-frap-en-un-debate\\\/\"},\"author\":{\"name\":\"admin\",\"@id\":\"https:\\\/\\\/www.revistarambla.com\\\/#\\\/schema\\\/person\\\/4a5652fc8c82df1f8593002d038cd79e\"},\"headline\":\"PODEMOS veta la presencia de un antiguo militante del FRAP en un debate\",\"datePublished\":\"2014-09-13T04:56:10+00:00\",\"mainEntityOfPage\":{\"@id\":\"https:\\\/\\\/www.revistarambla.com\\\/podemos-veta-la-presencia-de-un-antiguo-militante-del-frap-en-un-debate\\\/\"},\"wordCount\":971,\"commentCount\":0,\"publisher\":{\"@id\":\"https:\\\/\\\/www.revistarambla.com\\\/#organization\"},\"image\":{\"@id\":\"https:\\\/\\\/www.revistarambla.com\\\/podemos-veta-la-presencia-de-un-antiguo-militante-del-frap-en-un-debate\\\/#primaryimage\"},\"thumbnailUrl\":\"https:\\\/\\\/www.revistarambla.com\\\/wp-content\\\/uploads\\\/2014\\\/09\\\/Chivite_01.jpg\",\"articleSection\":[\"Barcelona\"],\"inLanguage\":\"en-GB\",\"potentialAction\":[{\"@type\":\"CommentAction\",\"name\":\"Comment\",\"target\":[\"https:\\\/\\\/www.revistarambla.com\\\/podemos-veta-la-presencia-de-un-antiguo-militante-del-frap-en-un-debate\\\/#respond\"]}]},{\"@type\":\"WebPage\",\"@id\":\"https:\\\/\\\/www.revistarambla.com\\\/podemos-veta-la-presencia-de-un-antiguo-militante-del-frap-en-un-debate\\\/\",\"url\":\"https:\\\/\\\/www.revistarambla.com\\\/podemos-veta-la-presencia-de-un-antiguo-militante-del-frap-en-un-debate\\\/\",\"name\":\"PODEMOS veta la presencia de un antiguo militante del FRAP en un debate - Revista Rambla\",\"isPartOf\":{\"@id\":\"https:\\\/\\\/www.revistarambla.com\\\/#website\"},\"primaryImageOfPage\":{\"@id\":\"https:\\\/\\\/www.revistarambla.com\\\/podemos-veta-la-presencia-de-un-antiguo-militante-del-frap-en-un-debate\\\/#primaryimage\"},\"image\":{\"@id\":\"https:\\\/\\\/www.revistarambla.com\\\/podemos-veta-la-presencia-de-un-antiguo-militante-del-frap-en-un-debate\\\/#primaryimage\"},\"thumbnailUrl\":\"https:\\\/\\\/www.revistarambla.com\\\/wp-content\\\/uploads\\\/2014\\\/09\\\/Chivite_01.jpg\",\"datePublished\":\"2014-09-13T04:56:10+00:00\",\"breadcrumb\":{\"@id\":\"https:\\\/\\\/www.revistarambla.com\\\/podemos-veta-la-presencia-de-un-antiguo-militante-del-frap-en-un-debate\\\/#breadcrumb\"},\"inLanguage\":\"en-GB\",\"potentialAction\":[{\"@type\":\"ReadAction\",\"target\":[\"https:\\\/\\\/www.revistarambla.com\\\/podemos-veta-la-presencia-de-un-antiguo-militante-del-frap-en-un-debate\\\/\"]}]},{\"@type\":\"ImageObject\",\"inLanguage\":\"en-GB\",\"@id\":\"https:\\\/\\\/www.revistarambla.com\\\/podemos-veta-la-presencia-de-un-antiguo-militante-del-frap-en-un-debate\\\/#primaryimage\",\"url\":\"https:\\\/\\\/www.revistarambla.com\\\/wp-content\\\/uploads\\\/2014\\\/09\\\/Chivite_01.jpg\",\"contentUrl\":\"https:\\\/\\\/www.revistarambla.com\\\/wp-content\\\/uploads\\\/2014\\\/09\\\/Chivite_01.jpg\"},{\"@type\":\"BreadcrumbList\",\"@id\":\"https:\\\/\\\/www.revistarambla.com\\\/podemos-veta-la-presencia-de-un-antiguo-militante-del-frap-en-un-debate\\\/#breadcrumb\",\"itemListElement\":[{\"@type\":\"ListItem\",\"position\":1,\"name\":\"Portada\",\"item\":\"https:\\\/\\\/www.revistarambla.com\\\/\"},{\"@type\":\"ListItem\",\"position\":2,\"name\":\"PODEMOS veta la presencia de un antiguo militante del FRAP en un debate\"}]},{\"@type\":\"WebSite\",\"@id\":\"https:\\\/\\\/www.revistarambla.com\\\/#website\",\"url\":\"https:\\\/\\\/www.revistarambla.com\\\/\",\"name\":\"Revista Rambla Barcelona\",\"description\":\"Periodismo independiente\",\"publisher\":{\"@id\":\"https:\\\/\\\/www.revistarambla.com\\\/#organization\"},\"potentialAction\":[{\"@type\":\"SearchAction\",\"target\":{\"@type\":\"EntryPoint\",\"urlTemplate\":\"https:\\\/\\\/www.revistarambla.com\\\/?s={search_term_string}\"},\"query-input\":{\"@type\":\"PropertyValueSpecification\",\"valueRequired\":true,\"valueName\":\"search_term_string\"}}],\"inLanguage\":\"en-GB\"},{\"@type\":\"Organization\",\"@id\":\"https:\\\/\\\/www.revistarambla.com\\\/#organization\",\"name\":\"Revista Rambla\",\"url\":\"https:\\\/\\\/www.revistarambla.com\\\/\",\"logo\":{\"@type\":\"ImageObject\",\"inLanguage\":\"en-GB\",\"@id\":\"https:\\\/\\\/www.revistarambla.com\\\/#\\\/schema\\\/logo\\\/image\\\/\",\"url\":\"https:\\\/\\\/www.revistarambla.com\\\/wp-content\\\/uploads\\\/2020\\\/09\\\/banner_rambla_1900x600_BB.png\",\"contentUrl\":\"https:\\\/\\\/www.revistarambla.com\\\/wp-content\\\/uploads\\\/2020\\\/09\\\/banner_rambla_1900x600_BB.png\",\"width\":1900,\"height\":600,\"caption\":\"Revista Rambla\"},\"image\":{\"@id\":\"https:\\\/\\\/www.revistarambla.com\\\/#\\\/schema\\\/logo\\\/image\\\/\"},\"sameAs\":[\"https:\\\/\\\/www.facebook.com\\\/revistarambla\\\/\",\"https:\\\/\\\/x.com\\\/revistarambla\",\"https:\\\/\\\/www.instagram.com\\\/revista_rambla\",\"https:\\\/\\\/es.linkedin.com\\\/company\\\/revista-rambla\"]},{\"@type\":\"Person\",\"@id\":\"https:\\\/\\\/www.revistarambla.com\\\/#\\\/schema\\\/person\\\/4a5652fc8c82df1f8593002d038cd79e\",\"name\":\"admin\"}]}<\/script>\n<!-- \/ Yoast SEO plugin. -->","yoast_head_json":{"title":"PODEMOS veta la presencia de un antiguo militante del FRAP en un debate - Revista Rambla","robots":{"index":"index","follow":"follow","max-snippet":"max-snippet:-1","max-image-preview":"max-image-preview:large","max-video-preview":"max-video-preview:-1"},"canonical":"https:\/\/www.revistarambla.com\/en\/podemos-veta-la-presencia-de-un-antiguo-militante-del-frap-en-un-debate\/","og_locale":"en_GB","og_type":"article","og_title":"PODEMOS veta la presencia de un antiguo militante del FRAP en un debate - Revista Rambla","og_description":"El pr\u00f3ximo s\u00e1bado d\u00eda 13 de septiembre, en El Matadero de Madrid se proyectar\u00e1 la pel\u00edcula &ldquo;Salvador&rdquo;, dedicada al proceso y asesinato de Salvador Puig Antich, en 1974. Entre los participantes en el debate posterior se encuentran el l\u00edde \u00a0 \u00a0 \u00a0","og_url":"https:\/\/www.revistarambla.com\/en\/podemos-veta-la-presencia-de-un-antiguo-militante-del-frap-en-un-debate\/","og_site_name":"Revista Rambla","article_publisher":"https:\/\/www.facebook.com\/revistarambla\/","article_published_time":"2014-09-13T04:56:10+00:00","og_image":[{"width":682,"height":430,"url":"https:\/\/i0.wp.com\/www.revistarambla.com\/wp-content\/uploads\/2014\/09\/Chivite_01.jpg?fit=682%2C430&ssl=1","type":"image\/jpeg"}],"author":"admin","twitter_card":"summary_large_image","twitter_creator":"@revistarambla","twitter_site":"@revistarambla","twitter_misc":{"Written by":"admin","Estimated reading time":"5 minutes"},"schema":{"@context":"https:\/\/schema.org","@graph":[{"@type":"Article","@id":"https:\/\/www.revistarambla.com\/podemos-veta-la-presencia-de-un-antiguo-militante-del-frap-en-un-debate\/#article","isPartOf":{"@id":"https:\/\/www.revistarambla.com\/podemos-veta-la-presencia-de-un-antiguo-militante-del-frap-en-un-debate\/"},"author":{"name":"admin","@id":"https:\/\/www.revistarambla.com\/#\/schema\/person\/4a5652fc8c82df1f8593002d038cd79e"},"headline":"PODEMOS veta la presencia de un antiguo militante del FRAP en un debate","datePublished":"2014-09-13T04:56:10+00:00","mainEntityOfPage":{"@id":"https:\/\/www.revistarambla.com\/podemos-veta-la-presencia-de-un-antiguo-militante-del-frap-en-un-debate\/"},"wordCount":971,"commentCount":0,"publisher":{"@id":"https:\/\/www.revistarambla.com\/#organization"},"image":{"@id":"https:\/\/www.revistarambla.com\/podemos-veta-la-presencia-de-un-antiguo-militante-del-frap-en-un-debate\/#primaryimage"},"thumbnailUrl":"https:\/\/www.revistarambla.com\/wp-content\/uploads\/2014\/09\/Chivite_01.jpg","articleSection":["Barcelona"],"inLanguage":"en-GB","potentialAction":[{"@type":"CommentAction","name":"Comment","target":["https:\/\/www.revistarambla.com\/podemos-veta-la-presencia-de-un-antiguo-militante-del-frap-en-un-debate\/#respond"]}]},{"@type":"WebPage","@id":"https:\/\/www.revistarambla.com\/podemos-veta-la-presencia-de-un-antiguo-militante-del-frap-en-un-debate\/","url":"https:\/\/www.revistarambla.com\/podemos-veta-la-presencia-de-un-antiguo-militante-del-frap-en-un-debate\/","name":"PODEMOS veta la presencia de un antiguo militante del FRAP en un debate - Revista Rambla","isPartOf":{"@id":"https:\/\/www.revistarambla.com\/#website"},"primaryImageOfPage":{"@id":"https:\/\/www.revistarambla.com\/podemos-veta-la-presencia-de-un-antiguo-militante-del-frap-en-un-debate\/#primaryimage"},"image":{"@id":"https:\/\/www.revistarambla.com\/podemos-veta-la-presencia-de-un-antiguo-militante-del-frap-en-un-debate\/#primaryimage"},"thumbnailUrl":"https:\/\/www.revistarambla.com\/wp-content\/uploads\/2014\/09\/Chivite_01.jpg","datePublished":"2014-09-13T04:56:10+00:00","breadcrumb":{"@id":"https:\/\/www.revistarambla.com\/podemos-veta-la-presencia-de-un-antiguo-militante-del-frap-en-un-debate\/#breadcrumb"},"inLanguage":"en-GB","potentialAction":[{"@type":"ReadAction","target":["https:\/\/www.revistarambla.com\/podemos-veta-la-presencia-de-un-antiguo-militante-del-frap-en-un-debate\/"]}]},{"@type":"ImageObject","inLanguage":"en-GB","@id":"https:\/\/www.revistarambla.com\/podemos-veta-la-presencia-de-un-antiguo-militante-del-frap-en-un-debate\/#primaryimage","url":"https:\/\/www.revistarambla.com\/wp-content\/uploads\/2014\/09\/Chivite_01.jpg","contentUrl":"https:\/\/www.revistarambla.com\/wp-content\/uploads\/2014\/09\/Chivite_01.jpg"},{"@type":"BreadcrumbList","@id":"https:\/\/www.revistarambla.com\/podemos-veta-la-presencia-de-un-antiguo-militante-del-frap-en-un-debate\/#breadcrumb","itemListElement":[{"@type":"ListItem","position":1,"name":"Portada","item":"https:\/\/www.revistarambla.com\/"},{"@type":"ListItem","position":2,"name":"PODEMOS veta la presencia de un antiguo militante del FRAP en un debate"}]},{"@type":"WebSite","@id":"https:\/\/www.revistarambla.com\/#website","url":"https:\/\/www.revistarambla.com\/","name":"Revista Rambla Barcelona","description":"Periodismo independiente","publisher":{"@id":"https:\/\/www.revistarambla.com\/#organization"},"potentialAction":[{"@type":"SearchAction","target":{"@type":"EntryPoint","urlTemplate":"https:\/\/www.revistarambla.com\/?s={search_term_string}"},"query-input":{"@type":"PropertyValueSpecification","valueRequired":true,"valueName":"search_term_string"}}],"inLanguage":"en-GB"},{"@type":"Organization","@id":"https:\/\/www.revistarambla.com\/#organization","name":"Revista Rambla","url":"https:\/\/www.revistarambla.com\/","logo":{"@type":"ImageObject","inLanguage":"en-GB","@id":"https:\/\/www.revistarambla.com\/#\/schema\/logo\/image\/","url":"https:\/\/www.revistarambla.com\/wp-content\/uploads\/2020\/09\/banner_rambla_1900x600_BB.png","contentUrl":"https:\/\/www.revistarambla.com\/wp-content\/uploads\/2020\/09\/banner_rambla_1900x600_BB.png","width":1900,"height":600,"caption":"Revista Rambla"},"image":{"@id":"https:\/\/www.revistarambla.com\/#\/schema\/logo\/image\/"},"sameAs":["https:\/\/www.facebook.com\/revistarambla\/","https:\/\/x.com\/revistarambla","https:\/\/www.instagram.com\/revista_rambla","https:\/\/es.linkedin.com\/company\/revista-rambla"]},{"@type":"Person","@id":"https:\/\/www.revistarambla.com\/#\/schema\/person\/4a5652fc8c82df1f8593002d038cd79e","name":"admin"}]}},"_links":{"self":[{"href":"https:\/\/www.revistarambla.com\/en\/wp-json\/wp\/v2\/posts\/5912","targetHints":{"allow":["GET"]}}],"collection":[{"href":"https:\/\/www.revistarambla.com\/en\/wp-json\/wp\/v2\/posts"}],"about":[{"href":"https:\/\/www.revistarambla.com\/en\/wp-json\/wp\/v2\/types\/post"}],"author":[{"embeddable":true,"href":"https:\/\/www.revistarambla.com\/en\/wp-json\/wp\/v2\/users\/1"}],"replies":[{"embeddable":true,"href":"https:\/\/www.revistarambla.com\/en\/wp-json\/wp\/v2\/comments?post=5912"}],"version-history":[{"count":0,"href":"https:\/\/www.revistarambla.com\/en\/wp-json\/wp\/v2\/posts\/5912\/revisions"}],"wp:attachment":[{"href":"https:\/\/www.revistarambla.com\/en\/wp-json\/wp\/v2\/media?parent=5912"}],"wp:term":[{"taxonomy":"category","embeddable":true,"href":"https:\/\/www.revistarambla.com\/en\/wp-json\/wp\/v2\/categories?post=5912"},{"taxonomy":"post_tag","embeddable":true,"href":"https:\/\/www.revistarambla.com\/en\/wp-json\/wp\/v2\/tags?post=5912"}],"curies":[{"name":"wp","href":"https:\/\/api.w.org\/{rel}","templated":true}]}}