{"id":59100,"date":"2024-03-27T13:35:32","date_gmt":"2024-03-27T12:35:32","guid":{"rendered":"https:\/\/www.revistarambla.com\/?p=59100"},"modified":"2024-03-27T13:35:32","modified_gmt":"2024-03-27T12:35:32","slug":"esta-en-marcha-la-operacion-gladio-2-0","status":"publish","type":"post","link":"https:\/\/www.revistarambla.com\/en\/esta-en-marcha-la-operacion-gladio-2-0\/","title":{"rendered":"\u00bfEst\u00e1 en marcha la Operaci\u00f3n Gladio 2.0?"},"content":{"rendered":"<p>El objetivo confeso de los globalistas encabezados por Soros y la Open Society Foundation (OSF) ser\u00eda la implementaci\u00f3n del Nuevo Orden Mundial<!--more--> (NWO), que implicar\u00eda la recuperaci\u00f3n del papel de EEUU como gendarme mundial siguiendo la Doctrina Brzezinski. As\u00ed, eje globalista anglo-jud\u00edo estar\u00eda preparando un escenario b\u00e9lico que abarcar\u00eda pr\u00e1cticamente la totalidad de la cartograf\u00eda terrestre , quedando Am\u00e9rica Latina como islote en un oc\u00e9ano borrascoso<\/p>\n<p>Sin embargo, la posible victoria de Trump en Noviembre del 2024 representar\u00eda el ocaso de la estrategia atlantista de Biden y Soros empecinados en defenestrar a Putin del poder, la firma de un acuerdo de Paz en Ucrania y el retorno a la Doctrina de la Coexistencia Pac\u00edfica con Rusia. Ello supondr\u00eda la entronizaci\u00f3n del G-3 (EEUU, Rusia y China) como \u00abprimus inter pares\u00bb en la gobernanza mundial y el final del sue\u00f1o obsesivo de los globalistas encabezados por Soros y la Open Society Foundation (OSF) de conseguir la balcanizaci\u00f3n de Rusia, \u00abla ballena blanca que los globalistas llevan d\u00e9cadas intentando cazar\u00bb.<\/p>\n<p>Para evitarlo, los globalistas habr\u00edan gestado la Operaci\u00f3n Gladio.2.0, consistente en despertar a sus c\u00e9lulas durmientes y provocar cruentos atentados de gran impacto medi\u00e1tico en Rusia y su contrarr\u00e9plica en pa\u00edses vecinos a Ucrania con el objetivo confeso de provocar la implicaci\u00f3n de la OTAN en un conflicto total con Rusia que por mimetismo podr\u00eda extenderse a Extremo Oriente y desembocar en la Tercera Guerra Mundial.<\/p>\n<p>El estreno de la Operaci\u00f3n Gladio 2.0 habr\u00eda sido el cruento atentado en la sala de conciertos Crocus de Moscu, con el saldo de cerca de 140 muertos y m\u00e1s de 150 heridos y cuya autor\u00eda fue inicialmente reivindicada por el Estado Isl\u00e1mico (EI). Posteriormente, Putin ha reconocido que los autores del cruento atentado ser\u00edan \u00abislamistas radicales\u00bb originarios de Tayikistan, pero la sombra de la autor\u00eda intelectual seguir\u00eda sobrevolando sobre la CIA y la inteligencia ucraniana, siendo previsible una respuesta de Mosc\u00fa siguiendo el esquema de acci\u00f3n-reacci\u00f3n.<\/p>","protected":false},"excerpt":{"rendered":"<p>El objetivo confeso de los globalistas encabezados por Soros y la Open Society Foundation (OSF) ser\u00eda la implementaci\u00f3n del Nuevo Orden Mundial<\/p>","protected":false},"author":16,"featured_media":42162,"comment_status":"closed","ping_status":"closed","sticky":false,"template":"","format":"standard","meta":{"footnotes":""},"categories":[72],"tags":[],"class_list":["post-59100","post","type-post","status-publish","format-standard","has-post-thumbnail","hentry","category-opinion"],"yoast_head":"<!-- This site is optimized with the Yoast SEO plugin v27.5 - https:\/\/yoast.com\/product\/yoast-seo-wordpress\/ -->\n<title>\u00bfEst\u00e1 en marcha la Operaci\u00f3n Gladio 2.0? - Revista Rambla<\/title>\n<meta name=\"robots\" content=\"index, follow, max-snippet:-1, max-image-preview:large, max-video-preview:-1\" \/>\n<link rel=\"canonical\" href=\"https:\/\/www.revistarambla.com\/en\/esta-en-marcha-la-operacion-gladio-2-0\/\" \/>\n<meta property=\"og:locale\" content=\"en_GB\" \/>\n<meta property=\"og:type\" content=\"article\" \/>\n<meta property=\"og:title\" content=\"\u00bfEst\u00e1 en marcha la Operaci\u00f3n Gladio 2.0? - Revista Rambla\" \/>\n<meta property=\"og:description\" content=\"El objetivo confeso de los globalistas encabezados por Soros y la Open Society Foundation (OSF) ser\u00eda la implementaci\u00f3n del Nuevo Orden Mundial\" \/>\n<meta property=\"og:url\" content=\"https:\/\/www.revistarambla.com\/en\/esta-en-marcha-la-operacion-gladio-2-0\/\" \/>\n<meta property=\"og:site_name\" content=\"Revista Rambla\" \/>\n<meta property=\"article:publisher\" content=\"https:\/\/www.facebook.com\/revistarambla\/\" \/>\n<meta property=\"article:published_time\" content=\"2024-03-27T12:35:32+00:00\" \/>\n<meta property=\"og:image\" content=\"https:\/\/www.revistarambla.com\/wp-content\/uploads\/2022\/05\/iskander-rusia-misil-guerra-ucrania-finlandia.jpg\" \/>\n\t<meta property=\"og:image:width\" content=\"1024\" \/>\n\t<meta property=\"og:image:height\" content=\"683\" \/>\n\t<meta property=\"og:image:type\" content=\"image\/jpeg\" \/>\n<meta name=\"author\" content=\"Germ\u00e1n Gorraiz L\u00f3pez\" \/>\n<meta name=\"twitter:card\" content=\"summary_large_image\" \/>\n<meta name=\"twitter:creator\" content=\"@revistarambla\" \/>\n<meta name=\"twitter:site\" content=\"@revistarambla\" \/>\n<meta name=\"twitter:label1\" content=\"Written by\" \/>\n\t<meta name=\"twitter:data1\" content=\"Germ\u00e1n Gorraiz L\u00f3pez\" \/>\n\t<meta name=\"twitter:label2\" content=\"Estimated reading time\" \/>\n\t<meta name=\"twitter:data2\" content=\"2 minutes\" \/>\n<script type=\"application\/ld+json\" class=\"yoast-schema-graph\">{\"@context\":\"https:\\\/\\\/schema.org\",\"@graph\":[{\"@type\":\"Article\",\"@id\":\"https:\\\/\\\/www.revistarambla.com\\\/esta-en-marcha-la-operacion-gladio-2-0\\\/#article\",\"isPartOf\":{\"@id\":\"https:\\\/\\\/www.revistarambla.com\\\/esta-en-marcha-la-operacion-gladio-2-0\\\/\"},\"author\":{\"name\":\"Germ\u00e1n Gorraiz L\u00f3pez\",\"@id\":\"https:\\\/\\\/www.revistarambla.com\\\/#\\\/schema\\\/person\\\/23a7868ff10cd88f8fdb045c7b7e4a4d\"},\"headline\":\"\u00bfEst\u00e1 en marcha la Operaci\u00f3n Gladio 2.0?\",\"datePublished\":\"2024-03-27T12:35:32+00:00\",\"mainEntityOfPage\":{\"@id\":\"https:\\\/\\\/www.revistarambla.com\\\/esta-en-marcha-la-operacion-gladio-2-0\\\/\"},\"wordCount\":360,\"publisher\":{\"@id\":\"https:\\\/\\\/www.revistarambla.com\\\/#organization\"},\"image\":{\"@id\":\"https:\\\/\\\/www.revistarambla.com\\\/esta-en-marcha-la-operacion-gladio-2-0\\\/#primaryimage\"},\"thumbnailUrl\":\"https:\\\/\\\/www.revistarambla.com\\\/wp-content\\\/uploads\\\/2022\\\/05\\\/iskander-rusia-misil-guerra-ucrania-finlandia.jpg\",\"articleSection\":[\"Opiniones\"],\"inLanguage\":\"en-GB\"},{\"@type\":\"WebPage\",\"@id\":\"https:\\\/\\\/www.revistarambla.com\\\/esta-en-marcha-la-operacion-gladio-2-0\\\/\",\"url\":\"https:\\\/\\\/www.revistarambla.com\\\/esta-en-marcha-la-operacion-gladio-2-0\\\/\",\"name\":\"\u00bfEst\u00e1 en marcha la Operaci\u00f3n Gladio 2.0? - Revista Rambla\",\"isPartOf\":{\"@id\":\"https:\\\/\\\/www.revistarambla.com\\\/#website\"},\"primaryImageOfPage\":{\"@id\":\"https:\\\/\\\/www.revistarambla.com\\\/esta-en-marcha-la-operacion-gladio-2-0\\\/#primaryimage\"},\"image\":{\"@id\":\"https:\\\/\\\/www.revistarambla.com\\\/esta-en-marcha-la-operacion-gladio-2-0\\\/#primaryimage\"},\"thumbnailUrl\":\"https:\\\/\\\/www.revistarambla.com\\\/wp-content\\\/uploads\\\/2022\\\/05\\\/iskander-rusia-misil-guerra-ucrania-finlandia.jpg\",\"datePublished\":\"2024-03-27T12:35:32+00:00\",\"breadcrumb\":{\"@id\":\"https:\\\/\\\/www.revistarambla.com\\\/esta-en-marcha-la-operacion-gladio-2-0\\\/#breadcrumb\"},\"inLanguage\":\"en-GB\",\"potentialAction\":[{\"@type\":\"ReadAction\",\"target\":[\"https:\\\/\\\/www.revistarambla.com\\\/esta-en-marcha-la-operacion-gladio-2-0\\\/\"]}]},{\"@type\":\"ImageObject\",\"inLanguage\":\"en-GB\",\"@id\":\"https:\\\/\\\/www.revistarambla.com\\\/esta-en-marcha-la-operacion-gladio-2-0\\\/#primaryimage\",\"url\":\"https:\\\/\\\/www.revistarambla.com\\\/wp-content\\\/uploads\\\/2022\\\/05\\\/iskander-rusia-misil-guerra-ucrania-finlandia.jpg\",\"contentUrl\":\"https:\\\/\\\/www.revistarambla.com\\\/wp-content\\\/uploads\\\/2022\\\/05\\\/iskander-rusia-misil-guerra-ucrania-finlandia.jpg\",\"width\":1024,\"height\":683,\"caption\":\"Europa decadente\"},{\"@type\":\"BreadcrumbList\",\"@id\":\"https:\\\/\\\/www.revistarambla.com\\\/esta-en-marcha-la-operacion-gladio-2-0\\\/#breadcrumb\",\"itemListElement\":[{\"@type\":\"ListItem\",\"position\":1,\"name\":\"Portada\",\"item\":\"https:\\\/\\\/www.revistarambla.com\\\/\"},{\"@type\":\"ListItem\",\"position\":2,\"name\":\"\u00bfEst\u00e1 en marcha la Operaci\u00f3n Gladio 2.0?\"}]},{\"@type\":\"WebSite\",\"@id\":\"https:\\\/\\\/www.revistarambla.com\\\/#website\",\"url\":\"https:\\\/\\\/www.revistarambla.com\\\/\",\"name\":\"Revista Rambla Barcelona\",\"description\":\"Periodismo independiente\",\"publisher\":{\"@id\":\"https:\\\/\\\/www.revistarambla.com\\\/#organization\"},\"potentialAction\":[{\"@type\":\"SearchAction\",\"target\":{\"@type\":\"EntryPoint\",\"urlTemplate\":\"https:\\\/\\\/www.revistarambla.com\\\/?s={search_term_string}\"},\"query-input\":{\"@type\":\"PropertyValueSpecification\",\"valueRequired\":true,\"valueName\":\"search_term_string\"}}],\"inLanguage\":\"en-GB\"},{\"@type\":\"Organization\",\"@id\":\"https:\\\/\\\/www.revistarambla.com\\\/#organization\",\"name\":\"Revista Rambla\",\"url\":\"https:\\\/\\\/www.revistarambla.com\\\/\",\"logo\":{\"@type\":\"ImageObject\",\"inLanguage\":\"en-GB\",\"@id\":\"https:\\\/\\\/www.revistarambla.com\\\/#\\\/schema\\\/logo\\\/image\\\/\",\"url\":\"https:\\\/\\\/www.revistarambla.com\\\/wp-content\\\/uploads\\\/2020\\\/09\\\/banner_rambla_1900x600_BB.png\",\"contentUrl\":\"https:\\\/\\\/www.revistarambla.com\\\/wp-content\\\/uploads\\\/2020\\\/09\\\/banner_rambla_1900x600_BB.png\",\"width\":1900,\"height\":600,\"caption\":\"Revista Rambla\"},\"image\":{\"@id\":\"https:\\\/\\\/www.revistarambla.com\\\/#\\\/schema\\\/logo\\\/image\\\/\"},\"sameAs\":[\"https:\\\/\\\/www.facebook.com\\\/revistarambla\\\/\",\"https:\\\/\\\/x.com\\\/revistarambla\",\"https:\\\/\\\/www.instagram.com\\\/revista_rambla\",\"https:\\\/\\\/es.linkedin.com\\\/company\\\/revista-rambla\"]},{\"@type\":\"Person\",\"@id\":\"https:\\\/\\\/www.revistarambla.com\\\/#\\\/schema\\\/person\\\/23a7868ff10cd88f8fdb045c7b7e4a4d\",\"name\":\"Germ\u00e1n Gorraiz L\u00f3pez\",\"description\":\"Nacido en Navarra en 1957. Escribe an\u00e1lisis sobre temas econ\u00f3micos y geopol\u00edticos. Es miembro de Attac-Navarra. Colabora habitualmente en varios medios digitales e impresos espa\u00f1oles y latinoamericanos.\"}]}<\/script>\n<!-- \/ Yoast SEO plugin. -->","yoast_head_json":{"title":"\u00bfEst\u00e1 en marcha la Operaci\u00f3n Gladio 2.0? - Revista Rambla","robots":{"index":"index","follow":"follow","max-snippet":"max-snippet:-1","max-image-preview":"max-image-preview:large","max-video-preview":"max-video-preview:-1"},"canonical":"https:\/\/www.revistarambla.com\/en\/esta-en-marcha-la-operacion-gladio-2-0\/","og_locale":"en_GB","og_type":"article","og_title":"\u00bfEst\u00e1 en marcha la Operaci\u00f3n Gladio 2.0? - Revista Rambla","og_description":"El objetivo confeso de los globalistas encabezados por Soros y la Open Society Foundation (OSF) ser\u00eda la implementaci\u00f3n del Nuevo Orden Mundial","og_url":"https:\/\/www.revistarambla.com\/en\/esta-en-marcha-la-operacion-gladio-2-0\/","og_site_name":"Revista Rambla","article_publisher":"https:\/\/www.facebook.com\/revistarambla\/","article_published_time":"2024-03-27T12:35:32+00:00","og_image":[{"width":1024,"height":683,"url":"https:\/\/www.revistarambla.com\/wp-content\/uploads\/2022\/05\/iskander-rusia-misil-guerra-ucrania-finlandia.jpg","type":"image\/jpeg"}],"author":"Germ\u00e1n Gorraiz L\u00f3pez","twitter_card":"summary_large_image","twitter_creator":"@revistarambla","twitter_site":"@revistarambla","twitter_misc":{"Written by":"Germ\u00e1n Gorraiz L\u00f3pez","Estimated reading time":"2 minutes"},"schema":{"@context":"https:\/\/schema.org","@graph":[{"@type":"Article","@id":"https:\/\/www.revistarambla.com\/esta-en-marcha-la-operacion-gladio-2-0\/#article","isPartOf":{"@id":"https:\/\/www.revistarambla.com\/esta-en-marcha-la-operacion-gladio-2-0\/"},"author":{"name":"Germ\u00e1n Gorraiz L\u00f3pez","@id":"https:\/\/www.revistarambla.com\/#\/schema\/person\/23a7868ff10cd88f8fdb045c7b7e4a4d"},"headline":"\u00bfEst\u00e1 en marcha la Operaci\u00f3n Gladio 2.0?","datePublished":"2024-03-27T12:35:32+00:00","mainEntityOfPage":{"@id":"https:\/\/www.revistarambla.com\/esta-en-marcha-la-operacion-gladio-2-0\/"},"wordCount":360,"publisher":{"@id":"https:\/\/www.revistarambla.com\/#organization"},"image":{"@id":"https:\/\/www.revistarambla.com\/esta-en-marcha-la-operacion-gladio-2-0\/#primaryimage"},"thumbnailUrl":"https:\/\/www.revistarambla.com\/wp-content\/uploads\/2022\/05\/iskander-rusia-misil-guerra-ucrania-finlandia.jpg","articleSection":["Opiniones"],"inLanguage":"en-GB"},{"@type":"WebPage","@id":"https:\/\/www.revistarambla.com\/esta-en-marcha-la-operacion-gladio-2-0\/","url":"https:\/\/www.revistarambla.com\/esta-en-marcha-la-operacion-gladio-2-0\/","name":"\u00bfEst\u00e1 en marcha la Operaci\u00f3n Gladio 2.0? - Revista Rambla","isPartOf":{"@id":"https:\/\/www.revistarambla.com\/#website"},"primaryImageOfPage":{"@id":"https:\/\/www.revistarambla.com\/esta-en-marcha-la-operacion-gladio-2-0\/#primaryimage"},"image":{"@id":"https:\/\/www.revistarambla.com\/esta-en-marcha-la-operacion-gladio-2-0\/#primaryimage"},"thumbnailUrl":"https:\/\/www.revistarambla.com\/wp-content\/uploads\/2022\/05\/iskander-rusia-misil-guerra-ucrania-finlandia.jpg","datePublished":"2024-03-27T12:35:32+00:00","breadcrumb":{"@id":"https:\/\/www.revistarambla.com\/esta-en-marcha-la-operacion-gladio-2-0\/#breadcrumb"},"inLanguage":"en-GB","potentialAction":[{"@type":"ReadAction","target":["https:\/\/www.revistarambla.com\/esta-en-marcha-la-operacion-gladio-2-0\/"]}]},{"@type":"ImageObject","inLanguage":"en-GB","@id":"https:\/\/www.revistarambla.com\/esta-en-marcha-la-operacion-gladio-2-0\/#primaryimage","url":"https:\/\/www.revistarambla.com\/wp-content\/uploads\/2022\/05\/iskander-rusia-misil-guerra-ucrania-finlandia.jpg","contentUrl":"https:\/\/www.revistarambla.com\/wp-content\/uploads\/2022\/05\/iskander-rusia-misil-guerra-ucrania-finlandia.jpg","width":1024,"height":683,"caption":"Europa decadente"},{"@type":"BreadcrumbList","@id":"https:\/\/www.revistarambla.com\/esta-en-marcha-la-operacion-gladio-2-0\/#breadcrumb","itemListElement":[{"@type":"ListItem","position":1,"name":"Portada","item":"https:\/\/www.revistarambla.com\/"},{"@type":"ListItem","position":2,"name":"\u00bfEst\u00e1 en marcha la Operaci\u00f3n Gladio 2.0?"}]},{"@type":"WebSite","@id":"https:\/\/www.revistarambla.com\/#website","url":"https:\/\/www.revistarambla.com\/","name":"Revista Rambla Barcelona","description":"Periodismo independiente","publisher":{"@id":"https:\/\/www.revistarambla.com\/#organization"},"potentialAction":[{"@type":"SearchAction","target":{"@type":"EntryPoint","urlTemplate":"https:\/\/www.revistarambla.com\/?s={search_term_string}"},"query-input":{"@type":"PropertyValueSpecification","valueRequired":true,"valueName":"search_term_string"}}],"inLanguage":"en-GB"},{"@type":"Organization","@id":"https:\/\/www.revistarambla.com\/#organization","name":"Revista Rambla","url":"https:\/\/www.revistarambla.com\/","logo":{"@type":"ImageObject","inLanguage":"en-GB","@id":"https:\/\/www.revistarambla.com\/#\/schema\/logo\/image\/","url":"https:\/\/www.revistarambla.com\/wp-content\/uploads\/2020\/09\/banner_rambla_1900x600_BB.png","contentUrl":"https:\/\/www.revistarambla.com\/wp-content\/uploads\/2020\/09\/banner_rambla_1900x600_BB.png","width":1900,"height":600,"caption":"Revista Rambla"},"image":{"@id":"https:\/\/www.revistarambla.com\/#\/schema\/logo\/image\/"},"sameAs":["https:\/\/www.facebook.com\/revistarambla\/","https:\/\/x.com\/revistarambla","https:\/\/www.instagram.com\/revista_rambla","https:\/\/es.linkedin.com\/company\/revista-rambla"]},{"@type":"Person","@id":"https:\/\/www.revistarambla.com\/#\/schema\/person\/23a7868ff10cd88f8fdb045c7b7e4a4d","name":"Germ\u00e1n Gorraiz L\u00f3pez","description":"Nacido en Navarra en 1957. Escribe an\u00e1lisis sobre temas econ\u00f3micos y geopol\u00edticos. Es miembro de Attac-Navarra. Colabora habitualmente en varios medios digitales e impresos espa\u00f1oles y latinoamericanos."}]}},"_links":{"self":[{"href":"https:\/\/www.revistarambla.com\/en\/wp-json\/wp\/v2\/posts\/59100","targetHints":{"allow":["GET"]}}],"collection":[{"href":"https:\/\/www.revistarambla.com\/en\/wp-json\/wp\/v2\/posts"}],"about":[{"href":"https:\/\/www.revistarambla.com\/en\/wp-json\/wp\/v2\/types\/post"}],"author":[{"embeddable":true,"href":"https:\/\/www.revistarambla.com\/en\/wp-json\/wp\/v2\/users\/16"}],"replies":[{"embeddable":true,"href":"https:\/\/www.revistarambla.com\/en\/wp-json\/wp\/v2\/comments?post=59100"}],"version-history":[{"count":1,"href":"https:\/\/www.revistarambla.com\/en\/wp-json\/wp\/v2\/posts\/59100\/revisions"}],"predecessor-version":[{"id":59101,"href":"https:\/\/www.revistarambla.com\/en\/wp-json\/wp\/v2\/posts\/59100\/revisions\/59101"}],"wp:featuredmedia":[{"embeddable":true,"href":"https:\/\/www.revistarambla.com\/en\/wp-json\/wp\/v2\/media\/42162"}],"wp:attachment":[{"href":"https:\/\/www.revistarambla.com\/en\/wp-json\/wp\/v2\/media?parent=59100"}],"wp:term":[{"taxonomy":"category","embeddable":true,"href":"https:\/\/www.revistarambla.com\/en\/wp-json\/wp\/v2\/categories?post=59100"},{"taxonomy":"post_tag","embeddable":true,"href":"https:\/\/www.revistarambla.com\/en\/wp-json\/wp\/v2\/tags?post=59100"}],"curies":[{"name":"wp","href":"https:\/\/api.w.org\/{rel}","templated":true}]}}