{"id":58879,"date":"2024-03-13T11:07:32","date_gmt":"2024-03-13T10:07:32","guid":{"rendered":"https:\/\/www.revistarambla.com\/?p=58879"},"modified":"2024-03-13T11:07:32","modified_gmt":"2024-03-13T10:07:32","slug":"acto-masivo-con-un-mensaje-bajar-los-alquileres","status":"publish","type":"post","link":"https:\/\/www.revistarambla.com\/en\/acto-masivo-con-un-mensaje-bajar-los-alquileres\/","title":{"rendered":"Acto masivo con un mensaje: bajar los alquileres"},"content":{"rendered":"<p>El Sindicat de Llogateres, junto con otros sindicatos de vivienda y organizaciones pol\u00edticas, ha celebrado un acto p\u00fablico<!--more--> anunciando la victoria en la lucha por la regulaci\u00f3n de los alquileres y haciendo un llamamiento masivo a la movilizaci\u00f3n para rebajar los alquileres. Bajo el lema \u00ab\u00a1Bajemos los alquileres!\u00bb, Enric Aragon\u00e8s, portavoz del Sindicat de Llogateres, ha explicado c\u00f3mo la entrada en vigor de la regulaci\u00f3n de los alquileres, el viernes 15, significa un paso firme en la defensa de los derechos de los inquilinos, prohibiendo por ley las subidas de alquiler en los contratos renovados en 140 municipios, pero que es necesario ir m\u00e1s all\u00e1 para bajar los precios.<\/p>\n<p>\u00abTenemos un plan para bajar los alquileres y sabemos que solo lo conseguiremos a trav\u00e9s de la lucha sindical y organizada\u00bb, ha asegurado Aragon\u00e8s. Posteriormente, ha hecho un llamamiento para que todos los inquilinos se planten ante las presiones de inmobiliarias y rentistas y no acepten ninguna subida de alquileres. Adem\u00e1s, ha anunciado que el Sindicat se propone ir activamente a avisar a cientos de inquilinos en Catalu\u00f1a, inquilinos de los mismos grandes propietarios, para que conjuntamente exijan reducciones de precios: \u00abIremos a llamar a la puerta de los inquilinos para luego ir a buscar a los rentistas\u00bb. Es el caso de Diana Virg\u00f3s, una inquilina que ha intervenido justo despu\u00e9s, y ha explicado c\u00f3mo en su finca, propiedad del fondo buitre Vivenio, la mayor\u00eda de las vecinas est\u00e1n pagando un 15% por encima de lo que estipula el \u00edndice de precios de la Generalitat.<\/p>\n<p><img decoding=\"async\" class=\"aligncenter wp-image-58881 size-full\" src=\"https:\/\/www.revistarambla.com\/wp-content\/uploads\/2024\/03\/sindicat-llogateres_1.jpg\" alt=\"\" width=\"1280\" height=\"576\" srcset=\"https:\/\/www.revistarambla.com\/wp-content\/uploads\/2024\/03\/sindicat-llogateres_1.jpg 1280w, https:\/\/www.revistarambla.com\/wp-content\/uploads\/2024\/03\/sindicat-llogateres_1-660x297.jpg 660w, https:\/\/www.revistarambla.com\/wp-content\/uploads\/2024\/03\/sindicat-llogateres_1-840x378.jpg 840w, https:\/\/www.revistarambla.com\/wp-content\/uploads\/2024\/03\/sindicat-llogateres_1-768x346.jpg 768w, https:\/\/www.revistarambla.com\/wp-content\/uploads\/2024\/03\/sindicat-llogateres_1-18x8.jpg 18w\" sizes=\"(max-width: 1280px) 100vw, 1280px\" \/><\/p>\n<p>En el acto han intervenido tambi\u00e9n otros sindicatos y organizaciones, como el Grup d\u2019Habitatge de Sants (GHAS), el barrio anfitri\u00f3n del acto y donde m\u00e1s han subido los alquileres en los \u00faltimos a\u00f1os. Catalina, portavoz del GHAS, ha ido m\u00e1s all\u00e1 de la regulaci\u00f3n de alquileres y ha denunciado que \u00abson muchas las que directamente no pueden acceder a una vivienda a precio de mercado y est\u00e1n ocupando, en viviendas precarias, o realojadas en hostales y pensiones\u00bb. En esta l\u00ednea, ha intervenido tambi\u00e9n Oriol, un joven organizado en el Grupo d\u2019Habitatge de Les Corts, quien ha afirmado que \u00abla \u00fanica alternativa para la juventud es organizar un poder popular para hacer frente a la barbarie encaminado a tener la capacidad de poner contra las cuerdas el rentismo y lograr ganancias materiales para el conjunto de las clases populares\u00bb. El sindicalismo laboral, de la mano del portavoz de la CGT Catalu\u00f1a, tambi\u00e9n ha estado presente en el acto y ha dejado claro c\u00f3mo la capacidad adquisitiva de las trabajadoras ha bajado en picado en los \u00faltimos a\u00f1os. Asimismo, ha interpelado a la unidad de clase \u00abque logr\u00f3 tantas victorias y que ahora har\u00e1 posible bajar los alquileres\u00bb.<\/p>\n<h2>Frente a los intentos de saltarse la ley, es necesario estar informadas y organizadas<\/h2>\n<p>Con esta nueva legislaci\u00f3n, los arrendadores y rentistas no tendr\u00e1n la facultad de incrementar los alquileres respecto a la renta anterior, ya sea en el caso de mantener los mismos inquilinos o en el caso de cambio de inquilinos. Sin embargo, conscientes de los intentos de la patronal inmobiliaria de saltarse la ley, el Sindicato de Llogateres llama a estar informadas y, ante cualquier duda o negociaci\u00f3n, acudir al Sindicato para no tener que negociar solas y garantizar el cumplimiento efectivo de esta regulaci\u00f3n.<\/p>\n<h2>Es necesario ir m\u00e1s all\u00e1 y rebajar los alquileres<\/h2>\n<p>La patronal inmobiliaria y los lobbies rentistas son los responsables de la subida de los precios de los alquileres hasta un 60% en los \u00faltimos a\u00f1os, y de convertir la vivienda en un bien de especulaci\u00f3n. La nueva regulaci\u00f3n, adem\u00e1s de impedir las subidas en las renovaciones de contrato, establece un \u00edndice de precios para grandes propietarios que les obliga a bajar el precio de los nuevos contratos si el alquiler actual est\u00e1 por encima.<\/p>\n<p>Pero la apuesta del Sindicato va m\u00e1s all\u00e1, proponiendo la bajada de alquileres incluso antes del vencimiento de los contratos a trav\u00e9s de la organizaci\u00f3n de inquilinas de una misma finca y ampar\u00e1ndose en el argumento, que si el contrato finaliza, el precio del nuevo contrato no podr\u00e1 superar lo establecido por el \u00edndice. Con la creaci\u00f3n de asambleas de inquilinos y una estrategia sindical, el Sindicato pretende exigir rebajas de alquiler a todos los grandes tenedores.<\/p>\n<h2>Bajemos los alquileres, una campa\u00f1a que se extender\u00e1 por todo el territorio y el tejido asociativo<\/h2>\n<p>El problema de los altos precios de los alquileres se ha extendido por todo el territorio e inminentemente las subidas estar\u00e1n prohibidas en 140 municipios. Con el fin de garantizar que todas las personas que viven de alquiler est\u00e9n informadas y protegidas, ante los intentos de la patronal de salt\u00e1rsela, el Sindicato de Llogateres, junto con organizaciones y sindicatos de toda Catalu\u00f1a, desplegar\u00e1 una campa\u00f1a informativa y organizativa en fincas de propiedad vertical y en decenas de municipios catalanes, para lograr su prop\u00f3sito: rebajar los alquileres.<\/p>","protected":false},"excerpt":{"rendered":"<p>El Sindicat de Llogateres hace un llamamiento masivo a bajar los alquileres. Anunciamos los pr\u00f3ximos pasos en un acto con m\u00e1s de 300 personas y a las puertas de la entrada en vigor de la regulaci\u00f3n de alquileres<\/p>","protected":false},"author":328,"featured_media":58880,"comment_status":"closed","ping_status":"closed","sticky":false,"template":"","format":"standard","meta":{"footnotes":""},"categories":[76],"tags":[],"class_list":["post-58879","post","type-post","status-publish","format-standard","has-post-thumbnail","hentry","category-barcelona"],"yoast_head":"<!-- This site is optimized with the Yoast SEO plugin v27.5 - https:\/\/yoast.com\/product\/yoast-seo-wordpress\/ -->\n<title>Acto masivo con un mensaje: bajar los alquileres - Revista Rambla<\/title>\n<meta name=\"robots\" content=\"index, follow, max-snippet:-1, max-image-preview:large, max-video-preview:-1\" \/>\n<link rel=\"canonical\" href=\"https:\/\/www.revistarambla.com\/en\/acto-masivo-con-un-mensaje-bajar-los-alquileres\/\" \/>\n<meta property=\"og:locale\" content=\"en_GB\" \/>\n<meta property=\"og:type\" content=\"article\" \/>\n<meta property=\"og:title\" content=\"Acto masivo con un mensaje: bajar los alquileres - Revista Rambla\" \/>\n<meta property=\"og:description\" content=\"El Sindicat de Llogateres hace un llamamiento masivo a bajar los alquileres. Anunciamos los pr\u00f3ximos pasos en un acto con m\u00e1s de 300 personas y a las puertas de la entrada en vigor de la regulaci\u00f3n de alquileres\" \/>\n<meta property=\"og:url\" content=\"https:\/\/www.revistarambla.com\/en\/acto-masivo-con-un-mensaje-bajar-los-alquileres\/\" \/>\n<meta property=\"og:site_name\" content=\"Revista Rambla\" \/>\n<meta property=\"article:publisher\" content=\"https:\/\/www.facebook.com\/revistarambla\/\" \/>\n<meta property=\"article:author\" content=\"https:\/\/www.facebook.com\/SindicatLloguer\/\" \/>\n<meta property=\"article:published_time\" content=\"2024-03-13T10:07:32+00:00\" \/>\n<meta property=\"og:image\" content=\"https:\/\/www.revistarambla.com\/wp-content\/uploads\/2024\/03\/sindicat-llogateres-2.jpg\" \/>\n\t<meta property=\"og:image:width\" content=\"1280\" \/>\n\t<meta property=\"og:image:height\" content=\"576\" \/>\n\t<meta property=\"og:image:type\" content=\"image\/jpeg\" \/>\n<meta name=\"author\" content=\"Sindicat de Llogateres\" \/>\n<meta name=\"twitter:card\" content=\"summary_large_image\" \/>\n<meta name=\"twitter:creator\" content=\"@sindicatlloguer\" \/>\n<meta name=\"twitter:site\" content=\"@revistarambla\" \/>\n<meta name=\"twitter:label1\" content=\"Written by\" \/>\n\t<meta name=\"twitter:data1\" content=\"Sindicat de Llogateres\" \/>\n\t<meta name=\"twitter:label2\" content=\"Estimated reading time\" \/>\n\t<meta name=\"twitter:data2\" content=\"5 minutes\" \/>\n<script type=\"application\/ld+json\" class=\"yoast-schema-graph\">{\"@context\":\"https:\\\/\\\/schema.org\",\"@graph\":[{\"@type\":\"Article\",\"@id\":\"https:\\\/\\\/www.revistarambla.com\\\/acto-masivo-con-un-mensaje-bajar-los-alquileres\\\/#article\",\"isPartOf\":{\"@id\":\"https:\\\/\\\/www.revistarambla.com\\\/acto-masivo-con-un-mensaje-bajar-los-alquileres\\\/\"},\"author\":{\"name\":\"Sindicat de Llogateres\",\"@id\":\"https:\\\/\\\/www.revistarambla.com\\\/#\\\/schema\\\/person\\\/cdb47f1b20cae4529e0d80b9b620ee26\"},\"headline\":\"Acto masivo con un mensaje: bajar los alquileres\",\"datePublished\":\"2024-03-13T10:07:32+00:00\",\"mainEntityOfPage\":{\"@id\":\"https:\\\/\\\/www.revistarambla.com\\\/acto-masivo-con-un-mensaje-bajar-los-alquileres\\\/\"},\"wordCount\":867,\"publisher\":{\"@id\":\"https:\\\/\\\/www.revistarambla.com\\\/#organization\"},\"image\":{\"@id\":\"https:\\\/\\\/www.revistarambla.com\\\/acto-masivo-con-un-mensaje-bajar-los-alquileres\\\/#primaryimage\"},\"thumbnailUrl\":\"https:\\\/\\\/www.revistarambla.com\\\/wp-content\\\/uploads\\\/2024\\\/03\\\/sindicat-llogateres-2.jpg\",\"articleSection\":[\"Barcelona\"],\"inLanguage\":\"en-GB\"},{\"@type\":\"WebPage\",\"@id\":\"https:\\\/\\\/www.revistarambla.com\\\/acto-masivo-con-un-mensaje-bajar-los-alquileres\\\/\",\"url\":\"https:\\\/\\\/www.revistarambla.com\\\/acto-masivo-con-un-mensaje-bajar-los-alquileres\\\/\",\"name\":\"Acto masivo con un mensaje: bajar los alquileres - Revista Rambla\",\"isPartOf\":{\"@id\":\"https:\\\/\\\/www.revistarambla.com\\\/#website\"},\"primaryImageOfPage\":{\"@id\":\"https:\\\/\\\/www.revistarambla.com\\\/acto-masivo-con-un-mensaje-bajar-los-alquileres\\\/#primaryimage\"},\"image\":{\"@id\":\"https:\\\/\\\/www.revistarambla.com\\\/acto-masivo-con-un-mensaje-bajar-los-alquileres\\\/#primaryimage\"},\"thumbnailUrl\":\"https:\\\/\\\/www.revistarambla.com\\\/wp-content\\\/uploads\\\/2024\\\/03\\\/sindicat-llogateres-2.jpg\",\"datePublished\":\"2024-03-13T10:07:32+00:00\",\"breadcrumb\":{\"@id\":\"https:\\\/\\\/www.revistarambla.com\\\/acto-masivo-con-un-mensaje-bajar-los-alquileres\\\/#breadcrumb\"},\"inLanguage\":\"en-GB\",\"potentialAction\":[{\"@type\":\"ReadAction\",\"target\":[\"https:\\\/\\\/www.revistarambla.com\\\/acto-masivo-con-un-mensaje-bajar-los-alquileres\\\/\"]}]},{\"@type\":\"ImageObject\",\"inLanguage\":\"en-GB\",\"@id\":\"https:\\\/\\\/www.revistarambla.com\\\/acto-masivo-con-un-mensaje-bajar-los-alquileres\\\/#primaryimage\",\"url\":\"https:\\\/\\\/www.revistarambla.com\\\/wp-content\\\/uploads\\\/2024\\\/03\\\/sindicat-llogateres-2.jpg\",\"contentUrl\":\"https:\\\/\\\/www.revistarambla.com\\\/wp-content\\\/uploads\\\/2024\\\/03\\\/sindicat-llogateres-2.jpg\",\"width\":1280,\"height\":576},{\"@type\":\"BreadcrumbList\",\"@id\":\"https:\\\/\\\/www.revistarambla.com\\\/acto-masivo-con-un-mensaje-bajar-los-alquileres\\\/#breadcrumb\",\"itemListElement\":[{\"@type\":\"ListItem\",\"position\":1,\"name\":\"Portada\",\"item\":\"https:\\\/\\\/www.revistarambla.com\\\/\"},{\"@type\":\"ListItem\",\"position\":2,\"name\":\"Acto masivo con un mensaje: bajar los alquileres\"}]},{\"@type\":\"WebSite\",\"@id\":\"https:\\\/\\\/www.revistarambla.com\\\/#website\",\"url\":\"https:\\\/\\\/www.revistarambla.com\\\/\",\"name\":\"Revista Rambla Barcelona\",\"description\":\"Periodismo independiente\",\"publisher\":{\"@id\":\"https:\\\/\\\/www.revistarambla.com\\\/#organization\"},\"potentialAction\":[{\"@type\":\"SearchAction\",\"target\":{\"@type\":\"EntryPoint\",\"urlTemplate\":\"https:\\\/\\\/www.revistarambla.com\\\/?s={search_term_string}\"},\"query-input\":{\"@type\":\"PropertyValueSpecification\",\"valueRequired\":true,\"valueName\":\"search_term_string\"}}],\"inLanguage\":\"en-GB\"},{\"@type\":\"Organization\",\"@id\":\"https:\\\/\\\/www.revistarambla.com\\\/#organization\",\"name\":\"Revista Rambla\",\"url\":\"https:\\\/\\\/www.revistarambla.com\\\/\",\"logo\":{\"@type\":\"ImageObject\",\"inLanguage\":\"en-GB\",\"@id\":\"https:\\\/\\\/www.revistarambla.com\\\/#\\\/schema\\\/logo\\\/image\\\/\",\"url\":\"https:\\\/\\\/www.revistarambla.com\\\/wp-content\\\/uploads\\\/2020\\\/09\\\/banner_rambla_1900x600_BB.png\",\"contentUrl\":\"https:\\\/\\\/www.revistarambla.com\\\/wp-content\\\/uploads\\\/2020\\\/09\\\/banner_rambla_1900x600_BB.png\",\"width\":1900,\"height\":600,\"caption\":\"Revista Rambla\"},\"image\":{\"@id\":\"https:\\\/\\\/www.revistarambla.com\\\/#\\\/schema\\\/logo\\\/image\\\/\"},\"sameAs\":[\"https:\\\/\\\/www.facebook.com\\\/revistarambla\\\/\",\"https:\\\/\\\/x.com\\\/revistarambla\",\"https:\\\/\\\/www.instagram.com\\\/revista_rambla\",\"https:\\\/\\\/es.linkedin.com\\\/company\\\/revista-rambla\"]},{\"@type\":\"Person\",\"@id\":\"https:\\\/\\\/www.revistarambla.com\\\/#\\\/schema\\\/person\\\/cdb47f1b20cae4529e0d80b9b620ee26\",\"name\":\"Sindicat de Llogateres\",\"description\":\"Protegim el dret a l'habitatge. Millorem la vida de la gent. Ajuda'ns a seguir canviant les coses i suma-t'hi.\",\"sameAs\":[\"http:\\\/\\\/sindicatdellogateres.org\\\/\",\"https:\\\/\\\/www.facebook.com\\\/SindicatLloguer\\\/\",\"https:\\\/\\\/x.com\\\/sindicatlloguer\"]}]}<\/script>\n<!-- \/ Yoast SEO plugin. -->","yoast_head_json":{"title":"Acto masivo con un mensaje: bajar los alquileres - Revista Rambla","robots":{"index":"index","follow":"follow","max-snippet":"max-snippet:-1","max-image-preview":"max-image-preview:large","max-video-preview":"max-video-preview:-1"},"canonical":"https:\/\/www.revistarambla.com\/en\/acto-masivo-con-un-mensaje-bajar-los-alquileres\/","og_locale":"en_GB","og_type":"article","og_title":"Acto masivo con un mensaje: bajar los alquileres - Revista Rambla","og_description":"El Sindicat de Llogateres hace un llamamiento masivo a bajar los alquileres. Anunciamos los pr\u00f3ximos pasos en un acto con m\u00e1s de 300 personas y a las puertas de la entrada en vigor de la regulaci\u00f3n de alquileres","og_url":"https:\/\/www.revistarambla.com\/en\/acto-masivo-con-un-mensaje-bajar-los-alquileres\/","og_site_name":"Revista Rambla","article_publisher":"https:\/\/www.facebook.com\/revistarambla\/","article_author":"https:\/\/www.facebook.com\/SindicatLloguer\/","article_published_time":"2024-03-13T10:07:32+00:00","og_image":[{"width":1280,"height":576,"url":"https:\/\/www.revistarambla.com\/wp-content\/uploads\/2024\/03\/sindicat-llogateres-2.jpg","type":"image\/jpeg"}],"author":"Sindicat de Llogateres","twitter_card":"summary_large_image","twitter_creator":"@sindicatlloguer","twitter_site":"@revistarambla","twitter_misc":{"Written by":"Sindicat de Llogateres","Estimated reading time":"5 minutes"},"schema":{"@context":"https:\/\/schema.org","@graph":[{"@type":"Article","@id":"https:\/\/www.revistarambla.com\/acto-masivo-con-un-mensaje-bajar-los-alquileres\/#article","isPartOf":{"@id":"https:\/\/www.revistarambla.com\/acto-masivo-con-un-mensaje-bajar-los-alquileres\/"},"author":{"name":"Sindicat de Llogateres","@id":"https:\/\/www.revistarambla.com\/#\/schema\/person\/cdb47f1b20cae4529e0d80b9b620ee26"},"headline":"Acto masivo con un mensaje: bajar los alquileres","datePublished":"2024-03-13T10:07:32+00:00","mainEntityOfPage":{"@id":"https:\/\/www.revistarambla.com\/acto-masivo-con-un-mensaje-bajar-los-alquileres\/"},"wordCount":867,"publisher":{"@id":"https:\/\/www.revistarambla.com\/#organization"},"image":{"@id":"https:\/\/www.revistarambla.com\/acto-masivo-con-un-mensaje-bajar-los-alquileres\/#primaryimage"},"thumbnailUrl":"https:\/\/www.revistarambla.com\/wp-content\/uploads\/2024\/03\/sindicat-llogateres-2.jpg","articleSection":["Barcelona"],"inLanguage":"en-GB"},{"@type":"WebPage","@id":"https:\/\/www.revistarambla.com\/acto-masivo-con-un-mensaje-bajar-los-alquileres\/","url":"https:\/\/www.revistarambla.com\/acto-masivo-con-un-mensaje-bajar-los-alquileres\/","name":"Acto masivo con un mensaje: bajar los alquileres - Revista Rambla","isPartOf":{"@id":"https:\/\/www.revistarambla.com\/#website"},"primaryImageOfPage":{"@id":"https:\/\/www.revistarambla.com\/acto-masivo-con-un-mensaje-bajar-los-alquileres\/#primaryimage"},"image":{"@id":"https:\/\/www.revistarambla.com\/acto-masivo-con-un-mensaje-bajar-los-alquileres\/#primaryimage"},"thumbnailUrl":"https:\/\/www.revistarambla.com\/wp-content\/uploads\/2024\/03\/sindicat-llogateres-2.jpg","datePublished":"2024-03-13T10:07:32+00:00","breadcrumb":{"@id":"https:\/\/www.revistarambla.com\/acto-masivo-con-un-mensaje-bajar-los-alquileres\/#breadcrumb"},"inLanguage":"en-GB","potentialAction":[{"@type":"ReadAction","target":["https:\/\/www.revistarambla.com\/acto-masivo-con-un-mensaje-bajar-los-alquileres\/"]}]},{"@type":"ImageObject","inLanguage":"en-GB","@id":"https:\/\/www.revistarambla.com\/acto-masivo-con-un-mensaje-bajar-los-alquileres\/#primaryimage","url":"https:\/\/www.revistarambla.com\/wp-content\/uploads\/2024\/03\/sindicat-llogateres-2.jpg","contentUrl":"https:\/\/www.revistarambla.com\/wp-content\/uploads\/2024\/03\/sindicat-llogateres-2.jpg","width":1280,"height":576},{"@type":"BreadcrumbList","@id":"https:\/\/www.revistarambla.com\/acto-masivo-con-un-mensaje-bajar-los-alquileres\/#breadcrumb","itemListElement":[{"@type":"ListItem","position":1,"name":"Portada","item":"https:\/\/www.revistarambla.com\/"},{"@type":"ListItem","position":2,"name":"Acto masivo con un mensaje: bajar los alquileres"}]},{"@type":"WebSite","@id":"https:\/\/www.revistarambla.com\/#website","url":"https:\/\/www.revistarambla.com\/","name":"Revista Rambla Barcelona","description":"Periodismo independiente","publisher":{"@id":"https:\/\/www.revistarambla.com\/#organization"},"potentialAction":[{"@type":"SearchAction","target":{"@type":"EntryPoint","urlTemplate":"https:\/\/www.revistarambla.com\/?s={search_term_string}"},"query-input":{"@type":"PropertyValueSpecification","valueRequired":true,"valueName":"search_term_string"}}],"inLanguage":"en-GB"},{"@type":"Organization","@id":"https:\/\/www.revistarambla.com\/#organization","name":"Revista Rambla","url":"https:\/\/www.revistarambla.com\/","logo":{"@type":"ImageObject","inLanguage":"en-GB","@id":"https:\/\/www.revistarambla.com\/#\/schema\/logo\/image\/","url":"https:\/\/www.revistarambla.com\/wp-content\/uploads\/2020\/09\/banner_rambla_1900x600_BB.png","contentUrl":"https:\/\/www.revistarambla.com\/wp-content\/uploads\/2020\/09\/banner_rambla_1900x600_BB.png","width":1900,"height":600,"caption":"Revista Rambla"},"image":{"@id":"https:\/\/www.revistarambla.com\/#\/schema\/logo\/image\/"},"sameAs":["https:\/\/www.facebook.com\/revistarambla\/","https:\/\/x.com\/revistarambla","https:\/\/www.instagram.com\/revista_rambla","https:\/\/es.linkedin.com\/company\/revista-rambla"]},{"@type":"Person","@id":"https:\/\/www.revistarambla.com\/#\/schema\/person\/cdb47f1b20cae4529e0d80b9b620ee26","name":"Sindicat de Llogateres","description":"Protegim el dret a l'habitatge. Millorem la vida de la gent. Ajuda'ns a seguir canviant les coses i suma-t'hi.","sameAs":["http:\/\/sindicatdellogateres.org\/","https:\/\/www.facebook.com\/SindicatLloguer\/","https:\/\/x.com\/sindicatlloguer"]}]}},"_links":{"self":[{"href":"https:\/\/www.revistarambla.com\/en\/wp-json\/wp\/v2\/posts\/58879","targetHints":{"allow":["GET"]}}],"collection":[{"href":"https:\/\/www.revistarambla.com\/en\/wp-json\/wp\/v2\/posts"}],"about":[{"href":"https:\/\/www.revistarambla.com\/en\/wp-json\/wp\/v2\/types\/post"}],"author":[{"embeddable":true,"href":"https:\/\/www.revistarambla.com\/en\/wp-json\/wp\/v2\/users\/328"}],"replies":[{"embeddable":true,"href":"https:\/\/www.revistarambla.com\/en\/wp-json\/wp\/v2\/comments?post=58879"}],"version-history":[{"count":1,"href":"https:\/\/www.revistarambla.com\/en\/wp-json\/wp\/v2\/posts\/58879\/revisions"}],"predecessor-version":[{"id":58882,"href":"https:\/\/www.revistarambla.com\/en\/wp-json\/wp\/v2\/posts\/58879\/revisions\/58882"}],"wp:featuredmedia":[{"embeddable":true,"href":"https:\/\/www.revistarambla.com\/en\/wp-json\/wp\/v2\/media\/58880"}],"wp:attachment":[{"href":"https:\/\/www.revistarambla.com\/en\/wp-json\/wp\/v2\/media?parent=58879"}],"wp:term":[{"taxonomy":"category","embeddable":true,"href":"https:\/\/www.revistarambla.com\/en\/wp-json\/wp\/v2\/categories?post=58879"},{"taxonomy":"post_tag","embeddable":true,"href":"https:\/\/www.revistarambla.com\/en\/wp-json\/wp\/v2\/tags?post=58879"}],"curies":[{"name":"wp","href":"https:\/\/api.w.org\/{rel}","templated":true}]}}