{"id":58820,"date":"2024-03-12T19:02:35","date_gmt":"2024-03-12T18:02:35","guid":{"rendered":"https:\/\/www.revistarambla.com\/?p=58820"},"modified":"2024-03-12T19:02:35","modified_gmt":"2024-03-12T18:02:35","slug":"lua-ribeira-es-un-privilegio-estar-en-la-agencia-magnum","status":"publish","type":"post","link":"https:\/\/www.revistarambla.com\/en\/lua-ribeira-es-un-privilegio-estar-en-la-agencia-magnum\/","title":{"rendered":"Lua Ribeira: \u00abEs un privilegio estar en la agencia Magnum\u00bb"},"content":{"rendered":"<p>La fot\u00f3grafa gallega Lua Ribeira ser\u00e1 una de las invitadas especiales del <span style=\"text-decoration: underline;\"><a href=\"https:\/\/www.revistarambla.com\/carles-figuerola-la-intel%c2%b7ligencia-artificial-canviara-la-fotografia\/\">Photo Forum de Barcelona<\/a><\/span>, que arranca este viernes. Establecida en el Reino Unido, porque all\u00ed hay una gran industria profesional m\u00e1s amplia alrededor de la fotograf\u00eda, Lua Ribeira est\u00e1 en la agencia Magnum y traer\u00e1 a Barcelona, este viernes que viene, su mirada fresca y vibrante a la fotograf\u00eda contempor\u00e1nea. La obra de Lua Ribeira es muy personal y est\u00e1 cargada de energ\u00eda. Por algo ha ganado premios internacionales.<\/p>\n<figure id=\"attachment_58822\" aria-describedby=\"caption-attachment-58822\" style=\"width: 385px\" class=\"wp-caption aligncenter\"><img decoding=\"async\" class=\"wp-image-58822 size-full\" src=\"https:\/\/www.revistarambla.com\/wp-content\/uploads\/2024\/03\/LUA-RIBERA-estara-el-viernes-de-12-a-13.30-horas-en-el-Photo-Forum-de-Barcelona.png\" alt=\"\" width=\"385\" height=\"367\" srcset=\"https:\/\/www.revistarambla.com\/wp-content\/uploads\/2024\/03\/LUA-RIBERA-estara-el-viernes-de-12-a-13.30-horas-en-el-Photo-Forum-de-Barcelona.png 385w, https:\/\/www.revistarambla.com\/wp-content\/uploads\/2024\/03\/LUA-RIBERA-estara-el-viernes-de-12-a-13.30-horas-en-el-Photo-Forum-de-Barcelona-383x365.png 383w, https:\/\/www.revistarambla.com\/wp-content\/uploads\/2024\/03\/LUA-RIBERA-estara-el-viernes-de-12-a-13.30-horas-en-el-Photo-Forum-de-Barcelona-13x12.png 13w\" sizes=\"(max-width: 385px) 100vw, 385px\" \/><figcaption id=\"caption-attachment-58822\" class=\"wp-caption-text\">Lua Ribera estar\u00e1 el viernes de 12 a 13.30 horas en el Photo Forum de Barcelona<\/figcaption><\/figure>\n<p><strong>\u00bfC\u00f3mo es que usted ha acabado viviendo en Br\u00edstol, en el sur de Inglaterra?<\/strong><\/p>\n<p>Viv\u00ed un tiempo en Barcelona y all\u00ed empez\u00f3 a interesarme la fotograf\u00eda. En el 2012 decid\u00ed irme a Escocia, un poco por probar. Estuve viviendo all\u00ed un a\u00f1o, en paro y con trabajos precarios, hasta que march\u00e9 a Gales para estudiar fotograf\u00eda. Ten\u00eda algo de miedo de estudiar, porque hay cierta inocencia que es importante cuando descubres algo nuevo que te interesa. Pero finalmente curse la carrera de fotograf\u00eda documental en la Universidad del Sur de Gales y al terminar me mude a Br\u00edstol, donde sigo residiendo por ahora.<\/p>\n<p><strong>Me imagino que Gran Breta\u00f1a tiene que ser muy atractiva para una fot\u00f3grafa como usted\u2026<\/strong><\/p>\n<p>Es que aqu\u00ed hay una industria creativa, que no es solo subvencionada. En Espa\u00f1a, cuesta m\u00e1s, no hay una industria comparable\u2026 al menos a ese nivel de que se considera algo que genera beneficios. No hay esta concepci\u00f3n de la fotograf\u00eda.<\/p>\n<p><figure id=\"attachment_58823\" aria-describedby=\"caption-attachment-58823\" style=\"width: 992px\" class=\"wp-caption aligncenter\"><img decoding=\"async\" class=\"wp-image-58823 size-full\" src=\"https:\/\/www.revistarambla.com\/wp-content\/uploads\/2024\/03\/Esquina-abierta-Open-corner.-Beni-Ansar-Morocco-2019-de-la-serie-Los-Afortunados-.jpg\" alt=\"\" width=\"992\" height=\"814\" srcset=\"https:\/\/www.revistarambla.com\/wp-content\/uploads\/2024\/03\/Esquina-abierta-Open-corner.-Beni-Ansar-Morocco-2019-de-la-serie-Los-Afortunados-.jpg 992w, https:\/\/www.revistarambla.com\/wp-content\/uploads\/2024\/03\/Esquina-abierta-Open-corner.-Beni-Ansar-Morocco-2019-de-la-serie-Los-Afortunados--445x365.jpg 445w, https:\/\/www.revistarambla.com\/wp-content\/uploads\/2024\/03\/Esquina-abierta-Open-corner.-Beni-Ansar-Morocco-2019-de-la-serie-Los-Afortunados--840x689.jpg 840w, https:\/\/www.revistarambla.com\/wp-content\/uploads\/2024\/03\/Esquina-abierta-Open-corner.-Beni-Ansar-Morocco-2019-de-la-serie-Los-Afortunados--768x630.jpg 768w, https:\/\/www.revistarambla.com\/wp-content\/uploads\/2024\/03\/Esquina-abierta-Open-corner.-Beni-Ansar-Morocco-2019-de-la-serie-Los-Afortunados--15x12.jpg 15w\" sizes=\"(max-width: 992px) 100vw, 992px\" \/><figcaption id=\"caption-attachment-58823\" class=\"wp-caption-text\">Esquina abierta [Open corner]. Beni Ansar, Morocco (2019) de la serie Los Afortunados<\/figcaption><\/figure><strong>\u00bfY ahora mismo en qu\u00e9 est\u00e1 trabajando? \u00bfQu\u00e9 proyecto tiene entre manos?<\/strong><\/p>\n<p>Estoy haciendo un trabajo sobre Galicia, que empec\u00e9 en el 2018 y espero publicar pr\u00f3ximamente. Estoy tratando de darle forma a un proceso fotogr\u00e1fico que fue muy intenso y tambi\u00e9n impulsivo. Est\u00e1 relacionado con el territorio, la tradici\u00f3n y la identidad, pero tambi\u00e9n con haber crecido en Galicia, como una ni\u00f1a, a finales de los 80 y el contexto de toda esa herencia de opresi\u00f3n despu\u00e9s de la Dictadura.<\/p>\n<p><strong>\u00bfQu\u00e9 supone para usted trabajar para la agencia Magnum? Ha de ser muy interesante para una fot\u00f3grafa\u2026<\/strong><\/p>\n<p>Nunca me imagin\u00e9 que mi trabajo encajara en la Agencia. Despu\u00e9s, vi que s\u00ed, \u00bfPor qu\u00e9 no iba a encajar? La verdad es que es un privilegio formar parte de Magnum, es una plataforma que te puede sostener como fot\u00f3grafa y me est\u00e1 permitiendo seguir desarrollando mi trabajo.<\/p>\n<p><strong>\u00bfY c\u00f3mo es estar en Magnum?<\/strong><\/p>\n<p>Es una organizaci\u00f3n muy compleja, somos muchos fot\u00f3grafos los que formamos parte de Magnum. Y la agencia est\u00e1 en constante transformaci\u00f3n. Tiene una naturaleza de cooperativa, que es lo que lo hace complicado, pero tambi\u00e9n hay cierta integridad, es eso, que todos los fot\u00f3grafos son los due\u00f1os de la organizaci\u00f3n.<\/p>\n<p><strong>\u00bfPuede hacernos un peque\u00f1o avance de lo que va a hablar en este Photo Forum de Barcelona?<\/strong><\/p>\n<p>Voy a compartir mi trabajo, c\u00f3mo entiendo la fotograf\u00eda y c\u00f3mo la utilizo. Hablar\u00e9 de los proyectos recientes y de la fotograf\u00eda como el medio que he elegido para relacionarme con el mundo. Mi trabajo est\u00e1 muy vinculado al encuentro con los otros: los choques y los acercamientos, y es un proceso que cuando funciona es transformador.<\/p>\n<p><strong>Uno de sus primeros trabajos en Gran Breta\u00f1a fue \u00abNoises\u00bb, que trata sobre la feminidad y la cultura dance hall, de baile, brit\u00e1nica.<\/strong><\/p>\n<p>Fue el primer trabajo donde empec\u00e9 a vislumbrar esa idea del encuentro m\u00e1s \u00edntimo y que yo ten\u00eda que tomar parte activa en la fotograf\u00eda, no como observadora. El trabajo lo desarroll\u00e9 en ciudades como Br\u00edstol, Londres y Birmingham\u2026 El dance hall, que es un movimiento de origen Jamaicano, tiene un panorama y una escena muy rica aqu\u00ed, en el Reino Unido. Yo, como reci\u00e9n llegada, empec\u00e9 a escuchar la m\u00fasica. Me interesaba hacer algo para conectar y profundizar con aquel primer acercamiento.<\/p>\n<p><figure id=\"attachment_58824\" aria-describedby=\"caption-attachment-58824\" style=\"width: 992px\" class=\"wp-caption aligncenter\"><img decoding=\"async\" class=\"wp-image-58824 size-full\" src=\"https:\/\/www.revistarambla.com\/wp-content\/uploads\/2024\/03\/Lo-carga-el-grupo-Carried-by-the-group.-Settat-Morocco-2019-de-la-serie-Los-Afortunados.jpg\" alt=\"\" width=\"992\" height=\"795\" srcset=\"https:\/\/www.revistarambla.com\/wp-content\/uploads\/2024\/03\/Lo-carga-el-grupo-Carried-by-the-group.-Settat-Morocco-2019-de-la-serie-Los-Afortunados.jpg 992w, https:\/\/www.revistarambla.com\/wp-content\/uploads\/2024\/03\/Lo-carga-el-grupo-Carried-by-the-group.-Settat-Morocco-2019-de-la-serie-Los-Afortunados-455x365.jpg 455w, https:\/\/www.revistarambla.com\/wp-content\/uploads\/2024\/03\/Lo-carga-el-grupo-Carried-by-the-group.-Settat-Morocco-2019-de-la-serie-Los-Afortunados-840x673.jpg 840w, https:\/\/www.revistarambla.com\/wp-content\/uploads\/2024\/03\/Lo-carga-el-grupo-Carried-by-the-group.-Settat-Morocco-2019-de-la-serie-Los-Afortunados-768x615.jpg 768w, https:\/\/www.revistarambla.com\/wp-content\/uploads\/2024\/03\/Lo-carga-el-grupo-Carried-by-the-group.-Settat-Morocco-2019-de-la-serie-Los-Afortunados-15x12.jpg 15w\" sizes=\"(max-width: 992px) 100vw, 992px\" \/><figcaption id=\"caption-attachment-58824\" class=\"wp-caption-text\">Esquina abierta [Open corner]. Beni Ansar, Morocco (2019) de la serie Los Afortunados<\/figcaption><\/figure><strong>Usted es mujer y fot\u00f3grafa, acabamos de celebrar el 8 de marzo\u2026 \u00bfC\u00f3mo viven las mujeres que son fot\u00f3grafas profesionales?<\/strong><\/p>\n<p>Las mujeres aguantamos el tir\u00f3n, como en todos lados. Siempre estamos con ese tira y afloja, y la tensi\u00f3n que hay entre reclamar tu lugar desde una posici\u00f3n oprimida y, al mismo tiempo, no querer reflejarte o limitarte por las consecuencias de esa opresi\u00f3n.<\/p>\n<p><strong>\u00bfC\u00f3mo se ha vivido en Inglaterra este 8 de marzo \u00faltimo?<\/strong><\/p>\n<p>Pues en Inglaterra no hay tantas manifestaciones, ni tan grandes como en Espa\u00f1a. Lo he vivido con mi hija peque\u00f1a, y revisando trabajo.<\/p>\n<p><strong>\u00bfY qu\u00e9 supone haber recibido tantos premios en su carrera?<\/strong><\/p>\n<p>No hay que tom\u00e1rselo muy en serio, es positivo porque te da a veces un empuj\u00f3n. Hay muchas tendencias y todo va muy r\u00e1pido. Hay que ser fiel a tu trabajo y a lo que una va descubriendo. No hay que distraerse con lo que te viene de fuera. A veces te lo reconocen el trabajo y, otras, no. Hay que ser fuerte, porque el trabajo es otra cosa.<\/p>\n<p><figure id=\"attachment_58825\" aria-describedby=\"caption-attachment-58825\" style=\"width: 992px\" class=\"wp-caption aligncenter\"><img decoding=\"async\" class=\"wp-image-58825 size-full\" src=\"https:\/\/www.revistarambla.com\/wp-content\/uploads\/2024\/03\/Con-ojos-cerrados-capucha-y-gorro-With-eyes-shut-hood-and-knit-cap.-Tijuana-Mexico-2019-de-la-serie-La-Jungla-.jpg\" alt=\"\" width=\"992\" height=\"793\" srcset=\"https:\/\/www.revistarambla.com\/wp-content\/uploads\/2024\/03\/Con-ojos-cerrados-capucha-y-gorro-With-eyes-shut-hood-and-knit-cap.-Tijuana-Mexico-2019-de-la-serie-La-Jungla-.jpg 992w, https:\/\/www.revistarambla.com\/wp-content\/uploads\/2024\/03\/Con-ojos-cerrados-capucha-y-gorro-With-eyes-shut-hood-and-knit-cap.-Tijuana-Mexico-2019-de-la-serie-La-Jungla--457x365.jpg 457w, https:\/\/www.revistarambla.com\/wp-content\/uploads\/2024\/03\/Con-ojos-cerrados-capucha-y-gorro-With-eyes-shut-hood-and-knit-cap.-Tijuana-Mexico-2019-de-la-serie-La-Jungla--840x671.jpg 840w, https:\/\/www.revistarambla.com\/wp-content\/uploads\/2024\/03\/Con-ojos-cerrados-capucha-y-gorro-With-eyes-shut-hood-and-knit-cap.-Tijuana-Mexico-2019-de-la-serie-La-Jungla--768x614.jpg 768w, https:\/\/www.revistarambla.com\/wp-content\/uploads\/2024\/03\/Con-ojos-cerrados-capucha-y-gorro-With-eyes-shut-hood-and-knit-cap.-Tijuana-Mexico-2019-de-la-serie-La-Jungla--15x12.jpg 15w\" sizes=\"(max-width: 992px) 100vw, 992px\" \/><figcaption id=\"caption-attachment-58825\" class=\"wp-caption-text\">Con ojos cerrados, capucha y gorro [With eyes shut, hood and knit cap]. Tijuana, Mexico (2019) de la serie La Jungla<\/figcaption><\/figure><strong>Usted busca mucho la belleza en sus fotograf\u00edas\u2026<\/strong><\/p>\n<p>Es que todo el mundo busca eso\u2026 buscas la belleza\u2026 pero, donde t\u00fa ves belleza, igual otro no la ve.<\/p>\n<p><strong>Sus fotograf\u00edas tambi\u00e9n son muy introspectivas.<\/strong><\/p>\n<p>Trabajo desde una motivaci\u00f3n muy \u00edntima, s\u00ed, y no tengo que regirme por las normas del fotoperiodismo o de un cliente concreto. Es una forma de trabajar m\u00e1s lenta y que da un poco de v\u00e9rtigo a veces. Introspectiva, s\u00ed, aunque para m\u00ed la fotograf\u00eda es una manera de tender puentes y de estar presente en situaciones distintas.<\/p>\n","protected":false},"excerpt":{"rendered":"<p>La fot\u00f3grafa gallega, en la imagen, participa este viernes en el Photo Fest Barcelona.<\/p>","protected":false},"author":33,"featured_media":58821,"comment_status":"closed","ping_status":"closed","sticky":false,"template":"","format":"standard","meta":{"footnotes":""},"categories":[4104],"tags":[],"class_list":["post-58820","post","type-post","status-publish","format-standard","has-post-thumbnail","hentry","category-photo-forum-barcelona"],"yoast_head":"<!-- This site is optimized with the Yoast SEO plugin v27.5 - https:\/\/yoast.com\/product\/yoast-seo-wordpress\/ -->\n<title>Lua Ribeira: \u00abEs un privilegio estar en la agencia Magnum\u00bb - Revista Rambla<\/title>\n<meta name=\"robots\" content=\"index, follow, max-snippet:-1, max-image-preview:large, max-video-preview:-1\" \/>\n<link rel=\"canonical\" href=\"https:\/\/www.revistarambla.com\/en\/lua-ribeira-es-un-privilegio-estar-en-la-agencia-magnum\/\" \/>\n<meta property=\"og:locale\" content=\"en_GB\" \/>\n<meta property=\"og:type\" content=\"article\" \/>\n<meta property=\"og:title\" content=\"Lua Ribeira: \u00abEs un privilegio estar en la agencia Magnum\u00bb - Revista Rambla\" \/>\n<meta property=\"og:description\" content=\"La fot\u00f3grafa gallega, en la imagen, participa este viernes en el Photo Fest Barcelona.\" \/>\n<meta property=\"og:url\" content=\"https:\/\/www.revistarambla.com\/en\/lua-ribeira-es-un-privilegio-estar-en-la-agencia-magnum\/\" \/>\n<meta property=\"og:site_name\" content=\"Revista Rambla\" \/>\n<meta property=\"article:publisher\" content=\"https:\/\/www.facebook.com\/revistarambla\/\" \/>\n<meta property=\"article:published_time\" content=\"2024-03-12T18:02:35+00:00\" \/>\n<meta property=\"og:image\" content=\"https:\/\/www.revistarambla.com\/wp-content\/uploads\/2024\/03\/Lua-Ribera-esta-en-la-prestigiosa-agencia-Magnum.jpg\" \/>\n\t<meta property=\"og:image:width\" content=\"945\" \/>\n\t<meta property=\"og:image:height\" content=\"758\" \/>\n\t<meta property=\"og:image:type\" content=\"image\/jpeg\" \/>\n<meta name=\"author\" content=\"\u00c0lex M. Franquet\" \/>\n<meta name=\"twitter:card\" content=\"summary_large_image\" \/>\n<meta name=\"twitter:creator\" content=\"@revistarambla\" \/>\n<meta name=\"twitter:site\" content=\"@revistarambla\" \/>\n<meta name=\"twitter:label1\" content=\"Written by\" \/>\n\t<meta name=\"twitter:data1\" content=\"\u00c0lex M. Franquet\" \/>\n\t<meta name=\"twitter:label2\" content=\"Estimated reading time\" \/>\n\t<meta name=\"twitter:data2\" content=\"6 minutes\" \/>\n<script type=\"application\/ld+json\" class=\"yoast-schema-graph\">{\"@context\":\"https:\\\/\\\/schema.org\",\"@graph\":[{\"@type\":\"Article\",\"@id\":\"https:\\\/\\\/www.revistarambla.com\\\/lua-ribeira-es-un-privilegio-estar-en-la-agencia-magnum\\\/#article\",\"isPartOf\":{\"@id\":\"https:\\\/\\\/www.revistarambla.com\\\/lua-ribeira-es-un-privilegio-estar-en-la-agencia-magnum\\\/\"},\"author\":{\"name\":\"\u00c0lex M. Franquet\",\"@id\":\"https:\\\/\\\/www.revistarambla.com\\\/#\\\/schema\\\/person\\\/f970e20c8f452a7910eb4defa5fe7d7d\"},\"headline\":\"Lua Ribeira: \u00abEs un privilegio estar en la agencia Magnum\u00bb\",\"datePublished\":\"2024-03-12T18:02:35+00:00\",\"mainEntityOfPage\":{\"@id\":\"https:\\\/\\\/www.revistarambla.com\\\/lua-ribeira-es-un-privilegio-estar-en-la-agencia-magnum\\\/\"},\"wordCount\":1054,\"publisher\":{\"@id\":\"https:\\\/\\\/www.revistarambla.com\\\/#organization\"},\"image\":{\"@id\":\"https:\\\/\\\/www.revistarambla.com\\\/lua-ribeira-es-un-privilegio-estar-en-la-agencia-magnum\\\/#primaryimage\"},\"thumbnailUrl\":\"https:\\\/\\\/www.revistarambla.com\\\/wp-content\\\/uploads\\\/2024\\\/03\\\/Lua-Ribera-esta-en-la-prestigiosa-agencia-Magnum.jpg\",\"articleSection\":[\"Photo Forum Barcelona\"],\"inLanguage\":\"en-GB\"},{\"@type\":\"WebPage\",\"@id\":\"https:\\\/\\\/www.revistarambla.com\\\/lua-ribeira-es-un-privilegio-estar-en-la-agencia-magnum\\\/\",\"url\":\"https:\\\/\\\/www.revistarambla.com\\\/lua-ribeira-es-un-privilegio-estar-en-la-agencia-magnum\\\/\",\"name\":\"Lua Ribeira: \u00abEs un privilegio estar en la agencia Magnum\u00bb - Revista Rambla\",\"isPartOf\":{\"@id\":\"https:\\\/\\\/www.revistarambla.com\\\/#website\"},\"primaryImageOfPage\":{\"@id\":\"https:\\\/\\\/www.revistarambla.com\\\/lua-ribeira-es-un-privilegio-estar-en-la-agencia-magnum\\\/#primaryimage\"},\"image\":{\"@id\":\"https:\\\/\\\/www.revistarambla.com\\\/lua-ribeira-es-un-privilegio-estar-en-la-agencia-magnum\\\/#primaryimage\"},\"thumbnailUrl\":\"https:\\\/\\\/www.revistarambla.com\\\/wp-content\\\/uploads\\\/2024\\\/03\\\/Lua-Ribera-esta-en-la-prestigiosa-agencia-Magnum.jpg\",\"datePublished\":\"2024-03-12T18:02:35+00:00\",\"breadcrumb\":{\"@id\":\"https:\\\/\\\/www.revistarambla.com\\\/lua-ribeira-es-un-privilegio-estar-en-la-agencia-magnum\\\/#breadcrumb\"},\"inLanguage\":\"en-GB\",\"potentialAction\":[{\"@type\":\"ReadAction\",\"target\":[\"https:\\\/\\\/www.revistarambla.com\\\/lua-ribeira-es-un-privilegio-estar-en-la-agencia-magnum\\\/\"]}]},{\"@type\":\"ImageObject\",\"inLanguage\":\"en-GB\",\"@id\":\"https:\\\/\\\/www.revistarambla.com\\\/lua-ribeira-es-un-privilegio-estar-en-la-agencia-magnum\\\/#primaryimage\",\"url\":\"https:\\\/\\\/www.revistarambla.com\\\/wp-content\\\/uploads\\\/2024\\\/03\\\/Lua-Ribera-esta-en-la-prestigiosa-agencia-Magnum.jpg\",\"contentUrl\":\"https:\\\/\\\/www.revistarambla.com\\\/wp-content\\\/uploads\\\/2024\\\/03\\\/Lua-Ribera-esta-en-la-prestigiosa-agencia-Magnum.jpg\",\"width\":945,\"height\":758},{\"@type\":\"BreadcrumbList\",\"@id\":\"https:\\\/\\\/www.revistarambla.com\\\/lua-ribeira-es-un-privilegio-estar-en-la-agencia-magnum\\\/#breadcrumb\",\"itemListElement\":[{\"@type\":\"ListItem\",\"position\":1,\"name\":\"Portada\",\"item\":\"https:\\\/\\\/www.revistarambla.com\\\/\"},{\"@type\":\"ListItem\",\"position\":2,\"name\":\"Lua Ribeira: \u00abEs un privilegio estar en la agencia Magnum\u00bb\"}]},{\"@type\":\"WebSite\",\"@id\":\"https:\\\/\\\/www.revistarambla.com\\\/#website\",\"url\":\"https:\\\/\\\/www.revistarambla.com\\\/\",\"name\":\"Revista Rambla Barcelona\",\"description\":\"Periodismo independiente\",\"publisher\":{\"@id\":\"https:\\\/\\\/www.revistarambla.com\\\/#organization\"},\"potentialAction\":[{\"@type\":\"SearchAction\",\"target\":{\"@type\":\"EntryPoint\",\"urlTemplate\":\"https:\\\/\\\/www.revistarambla.com\\\/?s={search_term_string}\"},\"query-input\":{\"@type\":\"PropertyValueSpecification\",\"valueRequired\":true,\"valueName\":\"search_term_string\"}}],\"inLanguage\":\"en-GB\"},{\"@type\":\"Organization\",\"@id\":\"https:\\\/\\\/www.revistarambla.com\\\/#organization\",\"name\":\"Revista Rambla\",\"url\":\"https:\\\/\\\/www.revistarambla.com\\\/\",\"logo\":{\"@type\":\"ImageObject\",\"inLanguage\":\"en-GB\",\"@id\":\"https:\\\/\\\/www.revistarambla.com\\\/#\\\/schema\\\/logo\\\/image\\\/\",\"url\":\"https:\\\/\\\/www.revistarambla.com\\\/wp-content\\\/uploads\\\/2020\\\/09\\\/banner_rambla_1900x600_BB.png\",\"contentUrl\":\"https:\\\/\\\/www.revistarambla.com\\\/wp-content\\\/uploads\\\/2020\\\/09\\\/banner_rambla_1900x600_BB.png\",\"width\":1900,\"height\":600,\"caption\":\"Revista Rambla\"},\"image\":{\"@id\":\"https:\\\/\\\/www.revistarambla.com\\\/#\\\/schema\\\/logo\\\/image\\\/\"},\"sameAs\":[\"https:\\\/\\\/www.facebook.com\\\/revistarambla\\\/\",\"https:\\\/\\\/x.com\\\/revistarambla\",\"https:\\\/\\\/www.instagram.com\\\/revista_rambla\",\"https:\\\/\\\/es.linkedin.com\\\/company\\\/revista-rambla\"]},{\"@type\":\"Person\",\"@id\":\"https:\\\/\\\/www.revistarambla.com\\\/#\\\/schema\\\/person\\\/f970e20c8f452a7910eb4defa5fe7d7d\",\"name\":\"\u00c0lex M. Franquet\",\"description\":\"-\",\"sameAs\":[\"https:\\\/\\\/www.revistarambla.com\\\/\"]}]}<\/script>\n<!-- \/ Yoast SEO plugin. -->","yoast_head_json":{"title":"Lua Ribeira: \u00abEs un privilegio estar en la agencia Magnum\u00bb - Revista Rambla","robots":{"index":"index","follow":"follow","max-snippet":"max-snippet:-1","max-image-preview":"max-image-preview:large","max-video-preview":"max-video-preview:-1"},"canonical":"https:\/\/www.revistarambla.com\/en\/lua-ribeira-es-un-privilegio-estar-en-la-agencia-magnum\/","og_locale":"en_GB","og_type":"article","og_title":"Lua Ribeira: \u00abEs un privilegio estar en la agencia Magnum\u00bb - Revista Rambla","og_description":"La fot\u00f3grafa gallega, en la imagen, participa este viernes en el Photo Fest Barcelona.","og_url":"https:\/\/www.revistarambla.com\/en\/lua-ribeira-es-un-privilegio-estar-en-la-agencia-magnum\/","og_site_name":"Revista Rambla","article_publisher":"https:\/\/www.facebook.com\/revistarambla\/","article_published_time":"2024-03-12T18:02:35+00:00","og_image":[{"width":945,"height":758,"url":"https:\/\/www.revistarambla.com\/wp-content\/uploads\/2024\/03\/Lua-Ribera-esta-en-la-prestigiosa-agencia-Magnum.jpg","type":"image\/jpeg"}],"author":"\u00c0lex M. Franquet","twitter_card":"summary_large_image","twitter_creator":"@revistarambla","twitter_site":"@revistarambla","twitter_misc":{"Written by":"\u00c0lex M. Franquet","Estimated reading time":"6 minutes"},"schema":{"@context":"https:\/\/schema.org","@graph":[{"@type":"Article","@id":"https:\/\/www.revistarambla.com\/lua-ribeira-es-un-privilegio-estar-en-la-agencia-magnum\/#article","isPartOf":{"@id":"https:\/\/www.revistarambla.com\/lua-ribeira-es-un-privilegio-estar-en-la-agencia-magnum\/"},"author":{"name":"\u00c0lex M. Franquet","@id":"https:\/\/www.revistarambla.com\/#\/schema\/person\/f970e20c8f452a7910eb4defa5fe7d7d"},"headline":"Lua Ribeira: \u00abEs un privilegio estar en la agencia Magnum\u00bb","datePublished":"2024-03-12T18:02:35+00:00","mainEntityOfPage":{"@id":"https:\/\/www.revistarambla.com\/lua-ribeira-es-un-privilegio-estar-en-la-agencia-magnum\/"},"wordCount":1054,"publisher":{"@id":"https:\/\/www.revistarambla.com\/#organization"},"image":{"@id":"https:\/\/www.revistarambla.com\/lua-ribeira-es-un-privilegio-estar-en-la-agencia-magnum\/#primaryimage"},"thumbnailUrl":"https:\/\/www.revistarambla.com\/wp-content\/uploads\/2024\/03\/Lua-Ribera-esta-en-la-prestigiosa-agencia-Magnum.jpg","articleSection":["Photo Forum Barcelona"],"inLanguage":"en-GB"},{"@type":"WebPage","@id":"https:\/\/www.revistarambla.com\/lua-ribeira-es-un-privilegio-estar-en-la-agencia-magnum\/","url":"https:\/\/www.revistarambla.com\/lua-ribeira-es-un-privilegio-estar-en-la-agencia-magnum\/","name":"Lua Ribeira: \u00abEs un privilegio estar en la agencia Magnum\u00bb - Revista Rambla","isPartOf":{"@id":"https:\/\/www.revistarambla.com\/#website"},"primaryImageOfPage":{"@id":"https:\/\/www.revistarambla.com\/lua-ribeira-es-un-privilegio-estar-en-la-agencia-magnum\/#primaryimage"},"image":{"@id":"https:\/\/www.revistarambla.com\/lua-ribeira-es-un-privilegio-estar-en-la-agencia-magnum\/#primaryimage"},"thumbnailUrl":"https:\/\/www.revistarambla.com\/wp-content\/uploads\/2024\/03\/Lua-Ribera-esta-en-la-prestigiosa-agencia-Magnum.jpg","datePublished":"2024-03-12T18:02:35+00:00","breadcrumb":{"@id":"https:\/\/www.revistarambla.com\/lua-ribeira-es-un-privilegio-estar-en-la-agencia-magnum\/#breadcrumb"},"inLanguage":"en-GB","potentialAction":[{"@type":"ReadAction","target":["https:\/\/www.revistarambla.com\/lua-ribeira-es-un-privilegio-estar-en-la-agencia-magnum\/"]}]},{"@type":"ImageObject","inLanguage":"en-GB","@id":"https:\/\/www.revistarambla.com\/lua-ribeira-es-un-privilegio-estar-en-la-agencia-magnum\/#primaryimage","url":"https:\/\/www.revistarambla.com\/wp-content\/uploads\/2024\/03\/Lua-Ribera-esta-en-la-prestigiosa-agencia-Magnum.jpg","contentUrl":"https:\/\/www.revistarambla.com\/wp-content\/uploads\/2024\/03\/Lua-Ribera-esta-en-la-prestigiosa-agencia-Magnum.jpg","width":945,"height":758},{"@type":"BreadcrumbList","@id":"https:\/\/www.revistarambla.com\/lua-ribeira-es-un-privilegio-estar-en-la-agencia-magnum\/#breadcrumb","itemListElement":[{"@type":"ListItem","position":1,"name":"Portada","item":"https:\/\/www.revistarambla.com\/"},{"@type":"ListItem","position":2,"name":"Lua Ribeira: \u00abEs un privilegio estar en la agencia Magnum\u00bb"}]},{"@type":"WebSite","@id":"https:\/\/www.revistarambla.com\/#website","url":"https:\/\/www.revistarambla.com\/","name":"Revista Rambla Barcelona","description":"Periodismo independiente","publisher":{"@id":"https:\/\/www.revistarambla.com\/#organization"},"potentialAction":[{"@type":"SearchAction","target":{"@type":"EntryPoint","urlTemplate":"https:\/\/www.revistarambla.com\/?s={search_term_string}"},"query-input":{"@type":"PropertyValueSpecification","valueRequired":true,"valueName":"search_term_string"}}],"inLanguage":"en-GB"},{"@type":"Organization","@id":"https:\/\/www.revistarambla.com\/#organization","name":"Revista Rambla","url":"https:\/\/www.revistarambla.com\/","logo":{"@type":"ImageObject","inLanguage":"en-GB","@id":"https:\/\/www.revistarambla.com\/#\/schema\/logo\/image\/","url":"https:\/\/www.revistarambla.com\/wp-content\/uploads\/2020\/09\/banner_rambla_1900x600_BB.png","contentUrl":"https:\/\/www.revistarambla.com\/wp-content\/uploads\/2020\/09\/banner_rambla_1900x600_BB.png","width":1900,"height":600,"caption":"Revista Rambla"},"image":{"@id":"https:\/\/www.revistarambla.com\/#\/schema\/logo\/image\/"},"sameAs":["https:\/\/www.facebook.com\/revistarambla\/","https:\/\/x.com\/revistarambla","https:\/\/www.instagram.com\/revista_rambla","https:\/\/es.linkedin.com\/company\/revista-rambla"]},{"@type":"Person","@id":"https:\/\/www.revistarambla.com\/#\/schema\/person\/f970e20c8f452a7910eb4defa5fe7d7d","name":"\u00c0lex M. Franquet","description":"-","sameAs":["https:\/\/www.revistarambla.com\/"]}]}},"_links":{"self":[{"href":"https:\/\/www.revistarambla.com\/en\/wp-json\/wp\/v2\/posts\/58820","targetHints":{"allow":["GET"]}}],"collection":[{"href":"https:\/\/www.revistarambla.com\/en\/wp-json\/wp\/v2\/posts"}],"about":[{"href":"https:\/\/www.revistarambla.com\/en\/wp-json\/wp\/v2\/types\/post"}],"author":[{"embeddable":true,"href":"https:\/\/www.revistarambla.com\/en\/wp-json\/wp\/v2\/users\/33"}],"replies":[{"embeddable":true,"href":"https:\/\/www.revistarambla.com\/en\/wp-json\/wp\/v2\/comments?post=58820"}],"version-history":[{"count":1,"href":"https:\/\/www.revistarambla.com\/en\/wp-json\/wp\/v2\/posts\/58820\/revisions"}],"predecessor-version":[{"id":58826,"href":"https:\/\/www.revistarambla.com\/en\/wp-json\/wp\/v2\/posts\/58820\/revisions\/58826"}],"wp:featuredmedia":[{"embeddable":true,"href":"https:\/\/www.revistarambla.com\/en\/wp-json\/wp\/v2\/media\/58821"}],"wp:attachment":[{"href":"https:\/\/www.revistarambla.com\/en\/wp-json\/wp\/v2\/media?parent=58820"}],"wp:term":[{"taxonomy":"category","embeddable":true,"href":"https:\/\/www.revistarambla.com\/en\/wp-json\/wp\/v2\/categories?post=58820"},{"taxonomy":"post_tag","embeddable":true,"href":"https:\/\/www.revistarambla.com\/en\/wp-json\/wp\/v2\/tags?post=58820"}],"curies":[{"name":"wp","href":"https:\/\/api.w.org\/{rel}","templated":true}]}}