{"id":58814,"date":"2024-03-12T14:30:51","date_gmt":"2024-03-12T13:30:51","guid":{"rendered":"https:\/\/www.revistarambla.com\/?p=58814"},"modified":"2024-03-12T18:44:30","modified_gmt":"2024-03-12T17:44:30","slug":"manu-brabo-los-informadores-rusos-pensaban-que-ucrania-se-iba-a-rendir-muy-pronto","status":"publish","type":"post","link":"https:\/\/www.revistarambla.com\/en\/manu-brabo-los-informadores-rusos-pensaban-que-ucrania-se-iba-a-rendir-muy-pronto\/","title":{"rendered":"Manu Brabo: \u00abLos cascos de soldado no est\u00e1n hechos para los fot\u00f3grafos\u00bb \u00a0"},"content":{"rendered":"<p>Ma\u00f1ana arranca el Photo Forum Fest de Barcelona, el <span style=\"text-decoration: underline;\"><a href=\"https:\/\/www.revistarambla.com\/en\/carles-figuerola-la-intel%c2%b7ligencia-artificial-canviara-la-fotografia\/\">congreso de fotograf\u00eda m\u00e1s grande de Europa<\/a><\/span>, con el reto de superar los 10.000 asistentes que atrajo en su edici\u00f3n del 2023. El congreso crece de manera exponencial y en esta edici\u00f3n se ampl\u00eda el espacio de exposiciones, hasta llegar a las 20. Ser\u00e1n tres d\u00edas, hasta el viernes, para vivir la fotograf\u00eda como nunca en Barcelona.<\/p>\n<h2>Invitados de lujo<\/h2>\n<p>Los mejores fot\u00f3grafos del mundo pasan estos d\u00edas por Barcelona: Alberto Garc\u00eda Alix (fot\u00f3grafo de la Movida madrile\u00f1a), Lua Ribeira (agencia Magnum) o el corresponsal de guerra Manu Brabo, ganador de un Premio Pulitzer.<\/p>\n<p>Este pr\u00f3ximo viernes, uno de los ponentes del Photo Forum Barcelona ser\u00e1 el fotoperiodista, corresponsal de guerra, Manu Brabo. Ha ganado un Pulitzer y ha seguido innumerables conflictos por todo el mundo. Ahora ya piensa en regresar a Ucrania, una guerra que ya empez\u00f3 a cubrir hace 10 d\u00edas. Quiere cerrar el c\u00edrculo y conmemorar el d\u00e9cimo aniversario de sus primeras fotos en el conflicto ucraniano.<\/p>\n<p><img decoding=\"async\" class=\"aligncenter wp-image-58818 size-full\" src=\"https:\/\/www.revistarambla.com\/wp-content\/uploads\/2024\/03\/MANU-BRABO-WEB-SN.png\" alt=\"\" width=\"500\" height=\"500\" srcset=\"https:\/\/www.revistarambla.com\/wp-content\/uploads\/2024\/03\/MANU-BRABO-WEB-SN.png 500w, https:\/\/www.revistarambla.com\/wp-content\/uploads\/2024\/03\/MANU-BRABO-WEB-SN-365x365.png 365w, https:\/\/www.revistarambla.com\/wp-content\/uploads\/2024\/03\/MANU-BRABO-WEB-SN-12x12.png 12w, https:\/\/www.revistarambla.com\/wp-content\/uploads\/2024\/03\/MANU-BRABO-WEB-SN-150x150.png 150w, https:\/\/www.revistarambla.com\/wp-content\/uploads\/2024\/03\/MANU-BRABO-WEB-SN-70x70.png 70w\" sizes=\"(max-width: 500px) 100vw, 500px\" \/><\/p>\n<p>Entrevistar a Manu Brabo es hablar de las guerras que desangran el mundo en las \u00faltimas d\u00e9cadas.<\/p>\n<p><strong>\u00bfC\u00f3mo es el d\u00eda a d\u00eda de un corresponsal de guerra? No debe ser normal\u2026<\/strong><\/p>\n<p>Bueno, te levantas por la ma\u00f1ana y vas a trabajar. Cenas y descansas, si puedes. En mi caso, siempre hay un sitio para descansar, pero cuando toca dormir de cualquier manera, pues se duerme de cualquier manera y en cualquier lugar\u2026<\/p>\n<p><strong>Ya le entiendo\u2026 \u00bfY qu\u00e9 est\u00e1 planeando ahora mismo?<\/strong><\/p>\n<p>Voy a Ucrania en breve, otra vez. Llevo unos d\u00edas en una aldea asturiana, descansando, paseando con mis perros&#8230; Pero en abril se cumplen ya diez a\u00f1os del conflicto de Ucrania y llevo cubri\u00e9ndolo desde el principio. A los periodistas, nos gustan los aniversarios. \u00a1Una d\u00e9cada! Ya llevamos una d\u00e9cada\u2026<\/p>\n<p><strong>Usted ve que los hechos del 2014 y la guerra actual son lo mismo, el mismo conflicto.<\/strong><\/p>\n<p>Claro, los actores son los mismos, pero Rusia se ha implicado much\u00edsimo m\u00e1s ahora que en el 2014. Eso hace que todo sea mucho m\u00e1s diferente. Te puedes encontrar diferencias ahora en la factura del gas que pagas cada mes, o en la gran inversi\u00f3n b\u00e9lica actual que est\u00e1n haciendo todos los pa\u00edses. Hay consecuencias globales, no s\u00f3lo es lo que se ve en el campo de batalla, que es lo m\u00e1s evidente y lo m\u00e1s fundamental.<\/p>\n<p><strong>Es evidente que no ha ido como Rusia esperaba\u2026<\/strong><\/p>\n<p>Es que quer\u00edan acabar en tres semanas, pero no ha sido as\u00ed. Va para tres a\u00f1os.<\/p>\n<p><strong>\u00bfTan f\u00e1cil lo ve\u00edan?<\/strong><\/p>\n<p>Mi explicaci\u00f3n, despu\u00e9s de haber estado en el terreno, all\u00ed, es que hay un sistema de inteligencia que incluye un castigo desde la parte alta de la pir\u00e1mide hasta la parte baja. Es un sistema basado en mentiras: desde abajo, los informadores pensaban que Ucrania se iba a rendir muy pronto y que no iba a aguantar mucho. Se me ocurre esta teor\u00eda.<\/p>\n<p><strong>Tiene visos de ser realidad\u2026 \u00bfCree que acabar\u00e1 informando del final del conflicto?<\/strong><\/p>\n<p>Bueno, de momento, primero quiero cerrar etapa en este \u00faltimo viaje a Ucrania. Un trabajo de 10 a\u00f1os es muy redondo. Conozco las din\u00e1micas del mercado. Si preparas una exposici\u00f3n de 10 a\u00f1os, pega mejor una de 10 a\u00f1os que una de 9 a\u00f1os o que una de 11 a\u00f1os. A los medios de comunicaci\u00f3n, nos gustan los lustros y las d\u00e9cadas.<\/p>\n<p><strong>\u00bfY cuando usted vuelve a casa, el conflicto le acompa\u00f1a?<\/strong><\/p>\n<p>El conflicto me acompa\u00f1a antes de entrar en cualquier viaje. Siempre ha tenido alguna particularidad. Cuando empec\u00e9, me frustraba m\u00e1s ver experiencias y las vivencias que le pasan a la gente. Es sobre lo que trabajo. Por ejemplo, ven\u00eda de Alepo y tampoco puedes obligar a medir a la gente por su nivel de dolor. Cada gente tiene sus propias tragedias.<\/p>\n<p><strong>Desde luego.<\/strong><\/p>\n<p>Pongo un ejemplo. Si me quedo sin trabajo en Europa, por ejemplo, es mejor que quedarme sin comida en Biafra. Encasquetar todas estas coas, los disgustos con tu propia profesi\u00f3n es complicado, pero esto me pasaba antes cuando trabajaba en una copister\u00eda tambi\u00e9n\u2026<\/p>\n<p><strong>\u00bfY cu\u00e1l es la tragedia m\u00e1s salvaje que ha tenido que presenciar?<\/strong><\/p>\n<p>Casquer\u00eda tengo para dar y tomar, pero en el verano del 2013, el 15 de agosto, desalojaron el campamento de los hermanos musulmanes en el Cairo. Fue una matanza. Solo entramos cuatro periodistas all\u00ed. Hubo unos mil muertos, reconocido por los militares. Es la mayor matanza que he vivido. Pero lo que me sorprendi\u00f3 m\u00e1s es el poco ruido que hubo en los medios de comunicaci\u00f3n\u2026 Eso casi me sorprendi\u00f3 m\u00e1s\u2026 Trabajaba para una agencia de noticias y esa agencia tuvo presiones gordas del gobierno egipcio. Me jodi\u00f3 mucho porque te quita la venda de lo que somos y para qui\u00e9n trabajamos.<\/p>\n<p><strong>Estamos ya en el siglo XXI. \u00bfLa raza humana todav\u00eda no ha aprendido a vivir en paz?<\/strong><\/p>\n<p>Es complicado reflejarlo. Cambian algunas cosas, pero hay una parte m\u00e1s animal del ser humano que se acaba imponiendo. Luego, en muchas zonas del mundo, la educaci\u00f3n no es la de Espa\u00f1a o la de la Uni\u00f3n Europea. En muchos pa\u00edses, el ardor guerrero es un don en un hombre. Adem\u00e1s, el poder es igual ahora que en la \u00e9poca de Troya y sus excusas baratas. Pasa en las discotecas cuando te dicen que mirabas a su novia y te dan una hostia. El periodismo de conflicto ha aprendido a inventar mecanismos de compensaci\u00f3n.<\/p>\n<p><strong>Expl\u00edquese.<\/strong><\/p>\n<p>Imaginad una balanza. En un lado, toda esta mierda de la que hablamos. En el otro lado, los derechos humanos, gracias a los cuales llevamos tiempo sin guerras mundiales. Hay que poner peso en un lado de la balanza. A todo el mundo le gusta la paz, pero \u00bfcu\u00e1ntos a\u00f1os llevamos entendiendo las guerras como un problema global? Suena fatal, pero \u00faltimamente, se ha humanizado el conflicto. Hay normas que funcionan para algunos y para otros, no. Pero antes no funcionaban para nadie.<\/p>\n<p><strong>\u00bfCuando usted est\u00e1 trabajando en una guerra, tiene tiempo para pensar en su equipo fotogr\u00e1fico, en la c\u00e1mara, en los objetivos, en su parte m\u00e1s art\u00edstica? No debe ser f\u00e1cil\u2026<\/strong><\/p>\n<p>Es como conducir, no tienes que pensarlo demasiado. Estoy entrenado, tengo mecanismos incorporados. Alguna vez hay patinazos, como le pueden pasar a todo el mundo, pero la fotograf\u00eda es un proceso complejo. A veces hay que cazar fotos al vuelo. Implica estar ah\u00ed al cien por cien, en el terreno. En esos momentos, pienso en la t\u00e9cnica, en el color, en el encuadre, en estar agachado, pienso en si el soldado va a disparar\u2026 Pienso en muchas cosas\u2026<\/p>\n<p><strong>\u00bfQu\u00e9 se siente cuando est\u00e1s agachado y con un casco en la cabeza?<\/strong><\/p>\n<p>\u00a1Te pesa m\u00e1s la cabeza! Es esa sensaci\u00f3n que tienes y que no est\u00e1n hechos para fot\u00f3grafos\u2026<\/p>\n<p><strong>Ciertamente, no se pensaron para las fotos\u2026<\/strong><\/p>\n<p>\u2026 Muchos cascos tocan con la c\u00e1mara, porque la frente es baja, para proteger m\u00e1s la cabeza del soldado. Entonces, te tocan a la c\u00e1mara. Yo lo he resuelto al tener la nariz larga\u2026 \u00a1De algo me ten\u00eda que servir!<\/p>\n<p><span style=\"text-decoration: underline;\"><a href=\"http:\/\/www.photoforumbarcelona.com\">www.photoforumbarcelona.com<\/a><\/span><\/p>","protected":false},"excerpt":{"rendered":"<p>Los mejores fot\u00f3grafos del mundo pasan estos d\u00edas por Barcelona: entre ellos, el corresponsal de guerra Manu Brabo, ganador de un Premio Pulitzer.<\/p>","protected":false},"author":33,"featured_media":58815,"comment_status":"closed","ping_status":"closed","sticky":false,"template":"","format":"standard","meta":{"footnotes":""},"categories":[4104],"tags":[],"class_list":["post-58814","post","type-post","status-publish","format-standard","has-post-thumbnail","hentry","category-photo-forum-barcelona"],"yoast_head":"<!-- This site is optimized with the Yoast SEO plugin v27.5 - https:\/\/yoast.com\/product\/yoast-seo-wordpress\/ -->\n<title>Manu Brabo: \u00abLos cascos de soldado no est\u00e1n hechos para los fot\u00f3grafos\u00bb \u00a0 - Revista Rambla<\/title>\n<meta name=\"robots\" content=\"index, follow, max-snippet:-1, max-image-preview:large, max-video-preview:-1\" \/>\n<link rel=\"canonical\" href=\"https:\/\/www.revistarambla.com\/en\/manu-brabo-los-informadores-rusos-pensaban-que-ucrania-se-iba-a-rendir-muy-pronto\/\" \/>\n<meta property=\"og:locale\" content=\"en_GB\" \/>\n<meta property=\"og:type\" content=\"article\" \/>\n<meta property=\"og:title\" content=\"Manu Brabo: \u00abLos cascos de soldado no est\u00e1n hechos para los fot\u00f3grafos\u00bb \u00a0 - Revista Rambla\" \/>\n<meta property=\"og:description\" content=\"Los mejores fot\u00f3grafos del mundo pasan estos d\u00edas por Barcelona: entre ellos, el corresponsal de guerra Manu Brabo, ganador de un Premio Pulitzer.\" \/>\n<meta property=\"og:url\" content=\"https:\/\/www.revistarambla.com\/en\/manu-brabo-los-informadores-rusos-pensaban-que-ucrania-se-iba-a-rendir-muy-pronto\/\" \/>\n<meta property=\"og:site_name\" content=\"Revista Rambla\" \/>\n<meta property=\"article:publisher\" content=\"https:\/\/www.facebook.com\/revistarambla\/\" \/>\n<meta property=\"article:published_time\" content=\"2024-03-12T13:30:51+00:00\" \/>\n<meta property=\"article:modified_time\" content=\"2024-03-12T17:44:30+00:00\" \/>\n<meta property=\"og:image\" content=\"https:\/\/www.revistarambla.com\/wp-content\/uploads\/2024\/03\/Manu-Brabo-fotoperiodista.jpg\" \/>\n\t<meta property=\"og:image:width\" content=\"696\" \/>\n\t<meta property=\"og:image:height\" content=\"435\" \/>\n\t<meta property=\"og:image:type\" content=\"image\/jpeg\" \/>\n<meta name=\"author\" content=\"\u00c0lex M. Franquet\" \/>\n<meta name=\"twitter:card\" content=\"summary_large_image\" \/>\n<meta name=\"twitter:creator\" content=\"@revistarambla\" \/>\n<meta name=\"twitter:site\" content=\"@revistarambla\" \/>\n<meta name=\"twitter:label1\" content=\"Written by\" \/>\n\t<meta name=\"twitter:data1\" content=\"\u00c0lex M. Franquet\" \/>\n\t<meta name=\"twitter:label2\" content=\"Estimated reading time\" \/>\n\t<meta name=\"twitter:data2\" content=\"6 minutes\" \/>\n<script type=\"application\/ld+json\" class=\"yoast-schema-graph\">{\"@context\":\"https:\\\/\\\/schema.org\",\"@graph\":[{\"@type\":\"Article\",\"@id\":\"https:\\\/\\\/www.revistarambla.com\\\/manu-brabo-los-informadores-rusos-pensaban-que-ucrania-se-iba-a-rendir-muy-pronto\\\/#article\",\"isPartOf\":{\"@id\":\"https:\\\/\\\/www.revistarambla.com\\\/manu-brabo-los-informadores-rusos-pensaban-que-ucrania-se-iba-a-rendir-muy-pronto\\\/\"},\"author\":{\"name\":\"\u00c0lex M. Franquet\",\"@id\":\"https:\\\/\\\/www.revistarambla.com\\\/#\\\/schema\\\/person\\\/f970e20c8f452a7910eb4defa5fe7d7d\"},\"headline\":\"Manu Brabo: \u00abLos cascos de soldado no est\u00e1n hechos para los fot\u00f3grafos\u00bb \u00a0\",\"datePublished\":\"2024-03-12T13:30:51+00:00\",\"dateModified\":\"2024-03-12T17:44:30+00:00\",\"mainEntityOfPage\":{\"@id\":\"https:\\\/\\\/www.revistarambla.com\\\/manu-brabo-los-informadores-rusos-pensaban-que-ucrania-se-iba-a-rendir-muy-pronto\\\/\"},\"wordCount\":1271,\"publisher\":{\"@id\":\"https:\\\/\\\/www.revistarambla.com\\\/#organization\"},\"image\":{\"@id\":\"https:\\\/\\\/www.revistarambla.com\\\/manu-brabo-los-informadores-rusos-pensaban-que-ucrania-se-iba-a-rendir-muy-pronto\\\/#primaryimage\"},\"thumbnailUrl\":\"https:\\\/\\\/www.revistarambla.com\\\/wp-content\\\/uploads\\\/2024\\\/03\\\/Manu-Brabo-fotoperiodista.jpg\",\"articleSection\":[\"Photo Forum Barcelona\"],\"inLanguage\":\"en-GB\"},{\"@type\":\"WebPage\",\"@id\":\"https:\\\/\\\/www.revistarambla.com\\\/manu-brabo-los-informadores-rusos-pensaban-que-ucrania-se-iba-a-rendir-muy-pronto\\\/\",\"url\":\"https:\\\/\\\/www.revistarambla.com\\\/manu-brabo-los-informadores-rusos-pensaban-que-ucrania-se-iba-a-rendir-muy-pronto\\\/\",\"name\":\"Manu Brabo: \u00abLos cascos de soldado no est\u00e1n hechos para los fot\u00f3grafos\u00bb \u00a0 - Revista Rambla\",\"isPartOf\":{\"@id\":\"https:\\\/\\\/www.revistarambla.com\\\/#website\"},\"primaryImageOfPage\":{\"@id\":\"https:\\\/\\\/www.revistarambla.com\\\/manu-brabo-los-informadores-rusos-pensaban-que-ucrania-se-iba-a-rendir-muy-pronto\\\/#primaryimage\"},\"image\":{\"@id\":\"https:\\\/\\\/www.revistarambla.com\\\/manu-brabo-los-informadores-rusos-pensaban-que-ucrania-se-iba-a-rendir-muy-pronto\\\/#primaryimage\"},\"thumbnailUrl\":\"https:\\\/\\\/www.revistarambla.com\\\/wp-content\\\/uploads\\\/2024\\\/03\\\/Manu-Brabo-fotoperiodista.jpg\",\"datePublished\":\"2024-03-12T13:30:51+00:00\",\"dateModified\":\"2024-03-12T17:44:30+00:00\",\"breadcrumb\":{\"@id\":\"https:\\\/\\\/www.revistarambla.com\\\/manu-brabo-los-informadores-rusos-pensaban-que-ucrania-se-iba-a-rendir-muy-pronto\\\/#breadcrumb\"},\"inLanguage\":\"en-GB\",\"potentialAction\":[{\"@type\":\"ReadAction\",\"target\":[\"https:\\\/\\\/www.revistarambla.com\\\/manu-brabo-los-informadores-rusos-pensaban-que-ucrania-se-iba-a-rendir-muy-pronto\\\/\"]}]},{\"@type\":\"ImageObject\",\"inLanguage\":\"en-GB\",\"@id\":\"https:\\\/\\\/www.revistarambla.com\\\/manu-brabo-los-informadores-rusos-pensaban-que-ucrania-se-iba-a-rendir-muy-pronto\\\/#primaryimage\",\"url\":\"https:\\\/\\\/www.revistarambla.com\\\/wp-content\\\/uploads\\\/2024\\\/03\\\/Manu-Brabo-fotoperiodista.jpg\",\"contentUrl\":\"https:\\\/\\\/www.revistarambla.com\\\/wp-content\\\/uploads\\\/2024\\\/03\\\/Manu-Brabo-fotoperiodista.jpg\",\"width\":696,\"height\":435},{\"@type\":\"BreadcrumbList\",\"@id\":\"https:\\\/\\\/www.revistarambla.com\\\/manu-brabo-los-informadores-rusos-pensaban-que-ucrania-se-iba-a-rendir-muy-pronto\\\/#breadcrumb\",\"itemListElement\":[{\"@type\":\"ListItem\",\"position\":1,\"name\":\"Portada\",\"item\":\"https:\\\/\\\/www.revistarambla.com\\\/\"},{\"@type\":\"ListItem\",\"position\":2,\"name\":\"Manu Brabo: \u00abLos cascos de soldado no est\u00e1n hechos para los fot\u00f3grafos\u00bb \u00a0\"}]},{\"@type\":\"WebSite\",\"@id\":\"https:\\\/\\\/www.revistarambla.com\\\/#website\",\"url\":\"https:\\\/\\\/www.revistarambla.com\\\/\",\"name\":\"Revista Rambla Barcelona\",\"description\":\"Periodismo independiente\",\"publisher\":{\"@id\":\"https:\\\/\\\/www.revistarambla.com\\\/#organization\"},\"potentialAction\":[{\"@type\":\"SearchAction\",\"target\":{\"@type\":\"EntryPoint\",\"urlTemplate\":\"https:\\\/\\\/www.revistarambla.com\\\/?s={search_term_string}\"},\"query-input\":{\"@type\":\"PropertyValueSpecification\",\"valueRequired\":true,\"valueName\":\"search_term_string\"}}],\"inLanguage\":\"en-GB\"},{\"@type\":\"Organization\",\"@id\":\"https:\\\/\\\/www.revistarambla.com\\\/#organization\",\"name\":\"Revista Rambla\",\"url\":\"https:\\\/\\\/www.revistarambla.com\\\/\",\"logo\":{\"@type\":\"ImageObject\",\"inLanguage\":\"en-GB\",\"@id\":\"https:\\\/\\\/www.revistarambla.com\\\/#\\\/schema\\\/logo\\\/image\\\/\",\"url\":\"https:\\\/\\\/www.revistarambla.com\\\/wp-content\\\/uploads\\\/2020\\\/09\\\/banner_rambla_1900x600_BB.png\",\"contentUrl\":\"https:\\\/\\\/www.revistarambla.com\\\/wp-content\\\/uploads\\\/2020\\\/09\\\/banner_rambla_1900x600_BB.png\",\"width\":1900,\"height\":600,\"caption\":\"Revista Rambla\"},\"image\":{\"@id\":\"https:\\\/\\\/www.revistarambla.com\\\/#\\\/schema\\\/logo\\\/image\\\/\"},\"sameAs\":[\"https:\\\/\\\/www.facebook.com\\\/revistarambla\\\/\",\"https:\\\/\\\/x.com\\\/revistarambla\",\"https:\\\/\\\/www.instagram.com\\\/revista_rambla\",\"https:\\\/\\\/es.linkedin.com\\\/company\\\/revista-rambla\"]},{\"@type\":\"Person\",\"@id\":\"https:\\\/\\\/www.revistarambla.com\\\/#\\\/schema\\\/person\\\/f970e20c8f452a7910eb4defa5fe7d7d\",\"name\":\"\u00c0lex M. Franquet\",\"description\":\"-\",\"sameAs\":[\"https:\\\/\\\/www.revistarambla.com\\\/\"]}]}<\/script>\n<!-- \/ Yoast SEO plugin. -->","yoast_head_json":{"title":"Manu Brabo: \u00abLos cascos de soldado no est\u00e1n hechos para los fot\u00f3grafos\u00bb \u00a0 - Revista Rambla","robots":{"index":"index","follow":"follow","max-snippet":"max-snippet:-1","max-image-preview":"max-image-preview:large","max-video-preview":"max-video-preview:-1"},"canonical":"https:\/\/www.revistarambla.com\/en\/manu-brabo-los-informadores-rusos-pensaban-que-ucrania-se-iba-a-rendir-muy-pronto\/","og_locale":"en_GB","og_type":"article","og_title":"Manu Brabo: \u00abLos cascos de soldado no est\u00e1n hechos para los fot\u00f3grafos\u00bb \u00a0 - Revista Rambla","og_description":"Los mejores fot\u00f3grafos del mundo pasan estos d\u00edas por Barcelona: entre ellos, el corresponsal de guerra Manu Brabo, ganador de un Premio Pulitzer.","og_url":"https:\/\/www.revistarambla.com\/en\/manu-brabo-los-informadores-rusos-pensaban-que-ucrania-se-iba-a-rendir-muy-pronto\/","og_site_name":"Revista Rambla","article_publisher":"https:\/\/www.facebook.com\/revistarambla\/","article_published_time":"2024-03-12T13:30:51+00:00","article_modified_time":"2024-03-12T17:44:30+00:00","og_image":[{"width":696,"height":435,"url":"https:\/\/www.revistarambla.com\/wp-content\/uploads\/2024\/03\/Manu-Brabo-fotoperiodista.jpg","type":"image\/jpeg"}],"author":"\u00c0lex M. Franquet","twitter_card":"summary_large_image","twitter_creator":"@revistarambla","twitter_site":"@revistarambla","twitter_misc":{"Written by":"\u00c0lex M. Franquet","Estimated reading time":"6 minutes"},"schema":{"@context":"https:\/\/schema.org","@graph":[{"@type":"Article","@id":"https:\/\/www.revistarambla.com\/manu-brabo-los-informadores-rusos-pensaban-que-ucrania-se-iba-a-rendir-muy-pronto\/#article","isPartOf":{"@id":"https:\/\/www.revistarambla.com\/manu-brabo-los-informadores-rusos-pensaban-que-ucrania-se-iba-a-rendir-muy-pronto\/"},"author":{"name":"\u00c0lex M. Franquet","@id":"https:\/\/www.revistarambla.com\/#\/schema\/person\/f970e20c8f452a7910eb4defa5fe7d7d"},"headline":"Manu Brabo: \u00abLos cascos de soldado no est\u00e1n hechos para los fot\u00f3grafos\u00bb \u00a0","datePublished":"2024-03-12T13:30:51+00:00","dateModified":"2024-03-12T17:44:30+00:00","mainEntityOfPage":{"@id":"https:\/\/www.revistarambla.com\/manu-brabo-los-informadores-rusos-pensaban-que-ucrania-se-iba-a-rendir-muy-pronto\/"},"wordCount":1271,"publisher":{"@id":"https:\/\/www.revistarambla.com\/#organization"},"image":{"@id":"https:\/\/www.revistarambla.com\/manu-brabo-los-informadores-rusos-pensaban-que-ucrania-se-iba-a-rendir-muy-pronto\/#primaryimage"},"thumbnailUrl":"https:\/\/www.revistarambla.com\/wp-content\/uploads\/2024\/03\/Manu-Brabo-fotoperiodista.jpg","articleSection":["Photo Forum Barcelona"],"inLanguage":"en-GB"},{"@type":"WebPage","@id":"https:\/\/www.revistarambla.com\/manu-brabo-los-informadores-rusos-pensaban-que-ucrania-se-iba-a-rendir-muy-pronto\/","url":"https:\/\/www.revistarambla.com\/manu-brabo-los-informadores-rusos-pensaban-que-ucrania-se-iba-a-rendir-muy-pronto\/","name":"Manu Brabo: \u00abLos cascos de soldado no est\u00e1n hechos para los fot\u00f3grafos\u00bb \u00a0 - Revista Rambla","isPartOf":{"@id":"https:\/\/www.revistarambla.com\/#website"},"primaryImageOfPage":{"@id":"https:\/\/www.revistarambla.com\/manu-brabo-los-informadores-rusos-pensaban-que-ucrania-se-iba-a-rendir-muy-pronto\/#primaryimage"},"image":{"@id":"https:\/\/www.revistarambla.com\/manu-brabo-los-informadores-rusos-pensaban-que-ucrania-se-iba-a-rendir-muy-pronto\/#primaryimage"},"thumbnailUrl":"https:\/\/www.revistarambla.com\/wp-content\/uploads\/2024\/03\/Manu-Brabo-fotoperiodista.jpg","datePublished":"2024-03-12T13:30:51+00:00","dateModified":"2024-03-12T17:44:30+00:00","breadcrumb":{"@id":"https:\/\/www.revistarambla.com\/manu-brabo-los-informadores-rusos-pensaban-que-ucrania-se-iba-a-rendir-muy-pronto\/#breadcrumb"},"inLanguage":"en-GB","potentialAction":[{"@type":"ReadAction","target":["https:\/\/www.revistarambla.com\/manu-brabo-los-informadores-rusos-pensaban-que-ucrania-se-iba-a-rendir-muy-pronto\/"]}]},{"@type":"ImageObject","inLanguage":"en-GB","@id":"https:\/\/www.revistarambla.com\/manu-brabo-los-informadores-rusos-pensaban-que-ucrania-se-iba-a-rendir-muy-pronto\/#primaryimage","url":"https:\/\/www.revistarambla.com\/wp-content\/uploads\/2024\/03\/Manu-Brabo-fotoperiodista.jpg","contentUrl":"https:\/\/www.revistarambla.com\/wp-content\/uploads\/2024\/03\/Manu-Brabo-fotoperiodista.jpg","width":696,"height":435},{"@type":"BreadcrumbList","@id":"https:\/\/www.revistarambla.com\/manu-brabo-los-informadores-rusos-pensaban-que-ucrania-se-iba-a-rendir-muy-pronto\/#breadcrumb","itemListElement":[{"@type":"ListItem","position":1,"name":"Portada","item":"https:\/\/www.revistarambla.com\/"},{"@type":"ListItem","position":2,"name":"Manu Brabo: \u00abLos cascos de soldado no est\u00e1n hechos para los fot\u00f3grafos\u00bb \u00a0"}]},{"@type":"WebSite","@id":"https:\/\/www.revistarambla.com\/#website","url":"https:\/\/www.revistarambla.com\/","name":"Revista Rambla Barcelona","description":"Periodismo independiente","publisher":{"@id":"https:\/\/www.revistarambla.com\/#organization"},"potentialAction":[{"@type":"SearchAction","target":{"@type":"EntryPoint","urlTemplate":"https:\/\/www.revistarambla.com\/?s={search_term_string}"},"query-input":{"@type":"PropertyValueSpecification","valueRequired":true,"valueName":"search_term_string"}}],"inLanguage":"en-GB"},{"@type":"Organization","@id":"https:\/\/www.revistarambla.com\/#organization","name":"Revista Rambla","url":"https:\/\/www.revistarambla.com\/","logo":{"@type":"ImageObject","inLanguage":"en-GB","@id":"https:\/\/www.revistarambla.com\/#\/schema\/logo\/image\/","url":"https:\/\/www.revistarambla.com\/wp-content\/uploads\/2020\/09\/banner_rambla_1900x600_BB.png","contentUrl":"https:\/\/www.revistarambla.com\/wp-content\/uploads\/2020\/09\/banner_rambla_1900x600_BB.png","width":1900,"height":600,"caption":"Revista Rambla"},"image":{"@id":"https:\/\/www.revistarambla.com\/#\/schema\/logo\/image\/"},"sameAs":["https:\/\/www.facebook.com\/revistarambla\/","https:\/\/x.com\/revistarambla","https:\/\/www.instagram.com\/revista_rambla","https:\/\/es.linkedin.com\/company\/revista-rambla"]},{"@type":"Person","@id":"https:\/\/www.revistarambla.com\/#\/schema\/person\/f970e20c8f452a7910eb4defa5fe7d7d","name":"\u00c0lex M. Franquet","description":"-","sameAs":["https:\/\/www.revistarambla.com\/"]}]}},"_links":{"self":[{"href":"https:\/\/www.revistarambla.com\/en\/wp-json\/wp\/v2\/posts\/58814","targetHints":{"allow":["GET"]}}],"collection":[{"href":"https:\/\/www.revistarambla.com\/en\/wp-json\/wp\/v2\/posts"}],"about":[{"href":"https:\/\/www.revistarambla.com\/en\/wp-json\/wp\/v2\/types\/post"}],"author":[{"embeddable":true,"href":"https:\/\/www.revistarambla.com\/en\/wp-json\/wp\/v2\/users\/33"}],"replies":[{"embeddable":true,"href":"https:\/\/www.revistarambla.com\/en\/wp-json\/wp\/v2\/comments?post=58814"}],"version-history":[{"count":3,"href":"https:\/\/www.revistarambla.com\/en\/wp-json\/wp\/v2\/posts\/58814\/revisions"}],"predecessor-version":[{"id":58819,"href":"https:\/\/www.revistarambla.com\/en\/wp-json\/wp\/v2\/posts\/58814\/revisions\/58819"}],"wp:featuredmedia":[{"embeddable":true,"href":"https:\/\/www.revistarambla.com\/en\/wp-json\/wp\/v2\/media\/58815"}],"wp:attachment":[{"href":"https:\/\/www.revistarambla.com\/en\/wp-json\/wp\/v2\/media?parent=58814"}],"wp:term":[{"taxonomy":"category","embeddable":true,"href":"https:\/\/www.revistarambla.com\/en\/wp-json\/wp\/v2\/categories?post=58814"},{"taxonomy":"post_tag","embeddable":true,"href":"https:\/\/www.revistarambla.com\/en\/wp-json\/wp\/v2\/tags?post=58814"}],"curies":[{"name":"wp","href":"https:\/\/api.w.org\/{rel}","templated":true}]}}