{"id":5881,"date":"2014-09-09T05:48:34","date_gmt":"2014-09-09T05:48:34","guid":{"rendered":"https:\/\/www.revistarambla.com\/no-importa-el-origen-sino-el-destino-espanoles-por-la-independencia-de-catalunya\/"},"modified":"2014-09-09T05:48:34","modified_gmt":"2014-09-09T05:48:34","slug":"no-importa-el-origen-sino-el-destino-espanoles-por-la-independencia-de-catalunya","status":"publish","type":"post","link":"https:\/\/www.revistarambla.com\/en\/no-importa-el-origen-sino-el-destino-espanoles-por-la-independencia-de-catalunya\/","title":{"rendered":"\u201cNo importa el origen, sino el destino\u201d: espa\u00f1oles por la independencia de Catalunya"},"content":{"rendered":"<p> \t<em data-temp=\"true\"><img decoding=\"async\" class=\" alignleft size-full wp-image-5877\" alt=\"alt\" src=\"https:\/\/www.revistarambla.com\/wp-content\/uploads\/2014\/09\/Coque-%20Garci%CC%81a-Su%CC%81mate-rambla-%2000.jpg\" style=\"width: 628px; height: 396px; margin-left: 9px; margin-right: 9px; float: left;\" width=\"628\" height=\"396\" \/><span data-scayt_word=\"S\u00famate\" data-scaytid=\"174\">S\u00famate<\/span>\u00a0<\/em><span data-scayt_word=\"es\" data-scaytid=\"175\">es<\/span> <span data-scayt_word=\"una\" data-scaytid=\"3\">una<\/span> <span data-scayt_word=\"asociaci\u00f3n\" data-scaytid=\"4\">asociaci\u00f3n<\/span> <span data-scayt_word=\"in\u00e9dita\" data-scaytid=\"5\">in\u00e9dita<\/span> <span data-scayt_word=\"dentro\" data-scaytid=\"6\">dentro<\/span> del panorama <span data-scayt_word=\"pol\u00edtico\" data-scaytid=\"7\">pol\u00edtico<\/span> y social <span data-scayt_word=\"catal\u00e1n\" data-scaytid=\"8\">catal\u00e1n<\/span>, en <span data-scayt_word=\"tanto\" data-scaytid=\"9\">tanto<\/span> <span data-scayt_word=\"que\" data-scaytid=\"10\">que<\/span> <span data-scayt_word=\"integrada\" data-scaytid=\"12\">integrada<\/span> <span data-scayt_word=\"por\" data-scaytid=\"13\">por<\/span> <span data-scayt_word=\"catalanes\" data-scaytid=\"14\">catalanes<\/span> de <span data-scayt_word=\"origen\" data-scaytid=\"15\">origen<\/span> <span data-scayt_word=\"for\u00e1neo\" data-scaytid=\"16\">for\u00e1neo<\/span> o <span data-scayt_word=\"hijos\" data-scaytid=\"17\">hijos<\/span> de tales, <span data-scayt_word=\"que\" data-scaytid=\"11\">que<\/span> no <span data-scayt_word=\"reniegan\" data-scaytid=\"18\">reniegan<\/span> de <span data-scayt_word=\"sus\" data-scaytid=\"19\">sus<\/span> <span data-scayt_word=\"ra\u00edces\" data-scaytid=\"20\">ra\u00edces<\/span> <span data-scayt_word=\"espa\u00f1olas\" data-scaytid=\"21\">espa\u00f1olas<\/span> <span data-scayt_word=\"ni\" data-scaytid=\"22\">ni<\/span> <span data-scayt_word=\"renuncian\" data-scaytid=\"23\">renuncian<\/span> al <span data-scayt_word=\"uso\" data-scaytid=\"24\">uso<\/span> de <span data-scayt_word=\"su\" data-scaytid=\"25\">su<\/span> <span data-scayt_word=\"idioma\" data-scaytid=\"26\">idioma<\/span> <span data-scayt_word=\"materno\" data-scaytid=\"27\">materno<\/span><\/p>\n<p> \t\u00a0<\/p>\n<p> \t\u00a0<\/p>\n<p> \t\u00a0<\/p>\n<p>  <!--more-->  <\/p>\n<p> \t<strong><em data-temp=\"true\">S\u00famate\u00a0<\/em><span data-scayt_word=\"es\" data-scaytid=\"92\" data-temp=\"true\">es<\/span> una asociaci\u00f3n in\u00e9dita dentro del panorama pol\u00edtico y social catal\u00e1n, en tanto que integrada por catalanes de origen for\u00e1neo o hijos de tales, que no reniegan de sus ra\u00edces espa\u00f1olas ni renuncian al uso de su idioma materno, el castellano, pero aceptan la singularidad nacional de Catalunya y se adhieren, como bien indica su nombre, al proceso soberanista catal\u00e1n.<\/strong><\/p>\n<p> \t\u00a0<\/p>\n<p> \t<img decoding=\"async\" class=\" size-full wp-image-5878\" alt=\"alt\" src=\"https:\/\/www.revistarambla.com\/wp-content\/uploads\/2014\/09\/Coque-Garci%CC%81a-Su%CC%81mate-rambla-01.jpg\" style=\"width: 700px; height: 487px;\" width=\"700\" height=\"487\" \/><\/p>\n<p> \t\u00a0<\/p>\n<p> \tLa <span data-scayt_word=\"asociaci\u00f3n\" data-scaytid=\"201\">asociaci\u00f3n<\/span> <strong><span data-scayt_word=\"S\u00famate\" data-scaytid=\"202\">S\u00famate<\/span><\/strong> <span data-scayt_word=\"surgi\u00f3\" data-scaytid=\"208\">surgi\u00f3<\/span> a <span data-scayt_word=\"principios\" data-scaytid=\"209\">principios<\/span> de 2013 con la <span data-scayt_word=\"finalidad\" data-scaytid=\"210\">finalidad<\/span> de <span data-scayt_word=\"\u201ctrabajar\" data-scaytid=\"211\">&ldquo;trabajar<\/span> <span data-scayt_word=\"por\" data-scaytid=\"203\">por<\/span> <span data-scayt_word=\"una\" data-scaytid=\"204\">una<\/span> <span data-scayt_word=\"mayor\u00eda\" data-scaytid=\"214\">mayor\u00eda<\/span> social a favor de la <span data-scayt_word=\"consulta\" data-scaytid=\"215\">consulta<\/span> <span data-scayt_word=\"soberanista\u201d\" data-scaytid=\"216\">soberanista&rdquo;<\/span>. En la <span data-scayt_word=\"actualidad\" data-scaytid=\"217\">actualidad<\/span> <span data-scayt_word=\"cuenta\" data-scaytid=\"218\">cuenta<\/span> con <span data-scayt_word=\"catorce\" data-scaytid=\"219\">catorce<\/span> <span data-scayt_word=\"grupos\" data-scaytid=\"220\">grupos<\/span> <span data-scayt_word=\"territoriales\" data-scaytid=\"221\">territoriales<\/span> en <span data-scayt_word=\"toda\" data-scaytid=\"222\">toda<\/span> <span data-scayt_word=\"Catalunya\" data-scaytid=\"205\">Catalunya<\/span>.<\/p>\n<p> \t\u00a0<\/p>\n<p> \t<strong><span data-scayt_word=\"Catalanes\" data-scaytid=\"224\">Catalanes<\/span> y <span data-scayt_word=\"espa\u00f1oles\" data-scaytid=\"225\">espa\u00f1oles<\/span>, y <span data-scayt_word=\"viceversa\" data-scaytid=\"226\">viceversa<\/span><\/strong><\/p>\n<p> \t\u00a0<\/p>\n<p> \t<strong><span data-scayt_word=\"Coque\" data-scaytid=\"227\">Coque<\/span> <span data-scayt_word=\"Garc\u00eda\" data-scaytid=\"228\">Garc\u00eda<\/span> <\/strong>(<span data-scayt_word=\"Hospitalet\" data-scaytid=\"234\">Hospitalet<\/span> de <span data-scayt_word=\"Llobregat\" data-scaytid=\"235\">Llobregat<\/span>, 1984), <span data-scayt_word=\"dise\u00f1ador\" data-scaytid=\"236\">dise\u00f1ador<\/span> <span data-scayt_word=\"gr\u00e1fico\" data-scaytid=\"237\">gr\u00e1fico<\/span> de <span data-scayt_word=\"profesi\u00f3n\" data-scaytid=\"238\">profesi\u00f3n<\/span>, <span data-scayt_word=\"es\" data-scaytid=\"229\">es<\/span> <span data-scayt_word=\"uno\" data-scaytid=\"240\">uno<\/span> de los <span data-scayt_word=\"responsables\" data-scaytid=\"241\">responsables<\/span> de <span data-scayt_word=\"comunicaci\u00f3n\" data-scaytid=\"242\">comunicaci\u00f3n<\/span> de <span data-scayt_word=\"S\u00famate\" data-scaytid=\"230\">S\u00famate<\/span>. Para <span data-scayt_word=\"empezar\" data-scaytid=\"244\">empezar<\/span>, define <span data-scayt_word=\"su\" data-scaytid=\"231\">su<\/span> <span data-scayt_word=\"asociaci\u00f3n\" data-scaytid=\"232\">asociaci\u00f3n<\/span> <span data-scayt_word=\"como\" data-scaytid=\"233\">como<\/span> <span data-scayt_word=\"\u201capartidista\u201d\" data-scaytid=\"248\">&ldquo;apartidista&rdquo;<\/span>, y a <span data-scayt_word=\"continuaci\u00f3n\" data-scaytid=\"249\">continuaci\u00f3n<\/span> <span data-scayt_word=\"aborda\" data-scaytid=\"250\">aborda<\/span> la <span data-scayt_word=\"peculiaridad\" data-scaytid=\"251\">peculiaridad<\/span> <span data-scayt_word=\"esencial\" data-scaytid=\"252\">esencial<\/span> de la <span data-scayt_word=\"misma\" data-scaytid=\"253\">misma<\/span>: <strong><span data-scayt_word=\"\u201cTodos\" data-scaytid=\"259\">&ldquo;Todos<\/span> <span data-scayt_word=\"nosotros\" data-scaytid=\"260\">nosotros<\/span> <span data-scayt_word=\"compartimos\" data-scaytid=\"261\">compartimos<\/span> un <span data-scayt_word=\"origen\" data-scaytid=\"254\">origen<\/span> <span data-scayt_word=\"com\u00fan\" data-scaytid=\"263\">com\u00fan<\/span>: o <span data-scayt_word=\"hemos\" data-scaytid=\"264\">hemos<\/span> <span data-scayt_word=\"nacido\" data-scaytid=\"265\">nacido<\/span> <span data-scayt_word=\"fuera\" data-scaytid=\"266\">fuera<\/span> de <span data-scayt_word=\"Catalunya\" data-scaytid=\"255\">Catalunya<\/span> o <span data-scayt_word=\"nuestras\" data-scaytid=\"268\">nuestras<\/span> <span data-scayt_word=\"familias\" data-scaytid=\"270\">familias<\/span> <span data-scayt_word=\"vinieron\" data-scaytid=\"271\">vinieron<\/span> <span data-scayt_word=\"desde\" data-scaytid=\"272\">desde<\/span> <span data-scayt_word=\"otras\" data-scaytid=\"273\">otras<\/span> <span data-scayt_word=\"regiones\" data-scaytid=\"274\">regiones<\/span> de <span data-scayt_word=\"Espa\u00f1a\" data-scaytid=\"275\">Espa\u00f1a<\/span>. <span data-scayt_word=\"Reivindicamos\" data-scaytid=\"276\">Reivindicamos<\/span> <span data-scayt_word=\"nuestras\" data-scaytid=\"269\">nuestras<\/span> <span data-scayt_word=\"ra\u00edces\" data-scaytid=\"256\">ra\u00edces<\/span> y no <span data-scayt_word=\"tenemos\" data-scaytid=\"278\">tenemos<\/span> <span data-scayt_word=\"ning\u00fan\" data-scaytid=\"279\">ning\u00fan<\/span> <span data-scayt_word=\"problema\" data-scaytid=\"280\">problema<\/span> de <span data-scayt_word=\"identidad\" data-scaytid=\"281\">identidad<\/span>, <span data-scayt_word=\"pero\" data-scaytid=\"257\">pero<\/span> <span data-scayt_word=\"estamos\" data-scaytid=\"283\">estamos<\/span> <span data-scayt_word=\"perfectamente\" data-scaytid=\"284\">perfectamente<\/span> <span data-scayt_word=\"integrados\" data-scaytid=\"285\">integrados<\/span> en la <span data-scayt_word=\"sociedad\" data-scaytid=\"286\">sociedad<\/span> <span data-scayt_word=\"catalana\" data-scaytid=\"287\">catalana<\/span>; nos <span data-scayt_word=\"sentimos\" data-scaytid=\"288\">sentimos<\/span> <span data-scayt_word=\"catalanes\" data-scaytid=\"258\">catalanes<\/span> y <span data-scayt_word=\"espa\u00f1oles\u201d\" data-scaytid=\"290\">espa\u00f1oles&rdquo;<\/span><\/strong>. Por eso puede leerse en la p\u00e1gina web de la organizaci\u00f3n: <strong>&ldquo;No importa el <span data-scayt_word=\"origen\" data-scaytid=\"323\">origen<\/span>, sino el destino&rdquo;<\/strong>.<\/p>\n<p> \t\u00a0<\/p>\n<p> \tS\u00famate constata la <strong>&ldquo;pluralidad y transversalidad&rdquo;<\/strong> de la sociedad catalana, y por su composici\u00f3n participa de ambas condiciones: <strong>&ldquo;Nuestra asociaci\u00f3n re\u00fane desde catedr\u00e1ticos de universidad hasta trabajadoras de la limpieza, pasando por empleados de banca, obreros fabriles, etc.; jubilados, estudiantes, gente activa o en paro. No es reflejo de una clase social ni tampoco de una procedencia regional concreta (somos aragoneses, extreme\u00f1os, andaluces, gallegos&hellip;&rdquo;<\/strong>.<\/p>\n<p> \t\u00a0<\/p>\n<p> \t<strong>Una escisi\u00f3n sin ruptura<\/strong><\/p>\n<p> \t\u00a0<\/p>\n<p> \tLa cuesti\u00f3n principal &ndash;o una de ellas&ndash; estriba en si S\u00famate defiende simplemente el derecho a decidir o si, adem\u00e1s, se inclina en la consulta por la respuesta del doble &ldquo;S\u00ed&rdquo; (es decir, por la creaci\u00f3n de un Estado catal\u00e1n independiente). Garc\u00eda opta por la opci\u00f3n independentista, pero no sin una per\u00edfrasis previa, relativa a la coyuntura pol\u00edtica actual, que para ciertos o\u00eddos puede sonar a descargo: <strong>&ldquo;Desde el momento mismo en que el Estado se opone al derecho a decidir, se demuestra que la independencia es la \u00fanica posibilidad de hacer valer una soberan\u00eda popular real sobre las grandes cuestiones que preocupan a la ciudadan\u00eda. En el actual marco pol\u00edtico, el Estado espa\u00f1ol no permite a sus ciudadanos esa capacidad de decisi\u00f3n&rdquo;<\/strong>. En conclusi\u00f3n: <strong>&ldquo;A nosotros [S\u00famate], al S\u00ed + S\u00ed nos aboca el Estado espa\u00f1ol; no somos en origen independentistas, pero nos hacen independentistas&rdquo;<\/strong>.<\/p>\n<p> \t\u00a0<\/p>\n<p> \tSin embargo, el portavoz de S\u00famate insiste en que la toma de partido por la escisi\u00f3n del Estado no implica la ruptura de los v\u00ednculos familiares, sentimentales y culturales con Espa\u00f1a: <strong>&ldquo;No renegamos de esos v\u00ednculos. No nos queremos desentender de Espa\u00f1a, simplemente anunciamos que aqu\u00ed nos hemos puesto en marcha para decidir nuestro futuro, y deseamos que en Espa\u00f1a tambi\u00e9n se concrete un proyecto pol\u00edtico transformador, que m\u00e1s adelante permita una buena relaci\u00f3n con Catalunya desde el respeto y la igualdad, sin las fricciones que existen ahora mismo, debidas a la imposici\u00f3n del Estado central. No estamos hablando de renunciar a una identidad, sino de que nos dejen votar para ver c\u00f3mo pensamos solucionar los problemas concretos que tenemos en Catalunya&rdquo;<\/strong>.<\/p>\n<p> \t\u00a0<\/p>\n<p> \t<strong>&ldquo;La soluci\u00f3n a las actuales fricciones entre Catalunya y <\/strong><strong data-temp=\"true\">Espa\u00f1a<\/strong>&ndash;prosigue el Garc\u00eda&ndash; <strong>pasa por construir dos pa\u00edses que puedan colaborar provechosamente&rdquo;<\/strong>, y a S\u00famate le gusta, como ejemplo de buena entente, una organizaci\u00f3n supranacional al estilo del Consejo N\u00f3rdico, que agrupa a delegaciones de los parlamentos de Islandia, Dinamarca, Suecia, Noruega y Finlandia. Este foro <strong>&ldquo;trabaja desde el respeto y la igualdad en beneficio de todos los ciudadanos de sus estados miembros, y no desde un plano de sumisi\u00f3n o inferioridad como el existente entre la administraci\u00f3n central espa\u00f1ola y la comunidad aut\u00f3noma catalana, que tiene unas aspiraciones distintas a las de otros pueblos de Espa\u00f1a&rdquo;<\/strong>.<\/p>\n<p> \t\u00a0<\/p>\n<p> \t<strong>\u00bfExisten las mayor\u00edas silenciosas?<\/strong><\/p>\n<p> \t\u00a0<\/p>\n<p> \tEl atributo de pluralidad reconocible en la sociedad catalana tambi\u00e9n es usado con asiduidad por quienes est\u00e1n no ya en contra de la independencia, sino del propio proceso de autodeterminaci\u00f3n, al considerarlo cicatero y socialmente disgregador. Garc\u00eda niega esos ep\u00edtetos y alerta contra la confusi\u00f3n entre un derecho ciudadano, el de la soberan\u00eda, y una opci\u00f3n ideol\u00f3gica, la del unionismo: <strong>&ldquo;Las diferentes posturas dadas en el seno de una sociedad democr\u00e1tica se someten a las urnas sin que el veredicto de las mismas, favorable a una u otra opci\u00f3n, suponga una ruptura social, puesto que la democracia se cre\u00f3 para lo contrario, la resoluci\u00f3n pac\u00edfica de las disputas pol\u00edticas. Al impedir el voto, muchos se arrogan la representaci\u00f3n de mayor\u00edas silenciosas, de cuya existencia no hay constataci\u00f3n alguna. S\u00famate propone: dejen que los ciudadanos se pronuncien libremente en las urnas sobre esta cuesti\u00f3n concreta y veamos cu\u00e1les son las mayor\u00edas reales&rdquo;<\/strong>.<\/p>\n<p> \t\u00a0<\/p>\n<p> \t\u00a0<\/p>\n<p> \t\u00a0<\/p>\n<p> \t<strong><img decoding=\"async\" class=\" size-full wp-image-5879\" alt=\"alt\" src=\"https:\/\/www.revistarambla.com\/wp-content\/uploads\/2014\/09\/Plataforma%20Espan%CC%83oles_Rambla%2002.jpg\" style=\"width: 700px; height: 453px;\" width=\"700\" height=\"453\" \/><\/strong><\/p>\n<p> \t\u00a0<\/p>\n<p> \t<strong>Una sociedad biling\u00fce y bien cohesionada<\/strong><\/p>\n<p> \t\u00a0<\/p>\n<p> \t<strong>&ldquo;En Catalunya no ha habido una fractura entre dos comunidades&rdquo;<\/strong>. El entrevistado constata la convicci\u00f3n general de los ciudadanos catalanes, a pesar de las campa\u00f1as de prensa orquestadas por ciertos doctores en las <em>Ciencias de la Enconaci\u00f3n<\/em> (Forges <em>dixit<\/em>).<\/p>\n<p> \t\u00a0<\/p>\n<p> \tNo faltan ni han faltado en las filas y aparatos de los partidos catalanes, incluidas las fuerzas nacionalistas, personas de origen for\u00e1neo&hellip; aunque el apego catalanista de estas gentes ten\u00eda siempre como l\u00edmite &ndash;o as\u00ed lo parec\u00eda&ndash; el nexo pol\u00edtico con el Estado, es decir, la permanencia en el seno de Espa\u00f1a. Apunta Garc\u00eda que, sin detrimento de lo anterior, s\u00ed se ha dado en Catalunya una bipolarizaci\u00f3n entre dos esferas pol\u00edticas, la una nacionalista catalana, la otra nacionalista espa\u00f1ola. <strong>&ldquo;S\u00famate se ve como bisagra entre ambas perspectivas. Queremos ofrecer una opci\u00f3n de unidad entre todos los ciudadanos catalanes&rdquo;<\/strong>. No obstante, y sin citar nombres, se duele de que <strong>&ldquo;hay gente a la que s\u00ed interesa una fractura social, y trabaja para provocarla&rdquo;<\/strong>.<\/p>\n<p> \t\u00a0<\/p>\n<p> \tLa sociedad catalana ha dado sobradas pruebas de tolerancia ling\u00fc\u00edstica y mestizaje cultural, y S\u00famate no teme que esta situaci\u00f3n pueda revertirse en un Estado catal\u00e1n independiente. <strong>&ldquo;Hasta ahora, esa convivencia solo ha sido amenazada desde el Estado espa\u00f1ol, que ha utilizado pol\u00edticamente la lengua&rdquo;<\/strong>. Tampoco le caben dudas al portavoz de S\u00famate sobre la inmersi\u00f3n ling\u00fc\u00edstica: <strong>&ldquo;Hay que mantener el modelo actual, con tres lenguas oficiales [el catal\u00e1n, el castellano y, en el valle de Ar\u00e1n, el aran\u00e9s, dialecto del gasc\u00f3n] y una de ellas, el catal\u00e1n, debe ser vehicular en la ense\u00f1anza; es un modelo de consenso en el que est\u00e1n respetados los derechos de todos. Hay que garantizar que todos conozcan el catal\u00e1n y el castellano, para que todos tengan la libertad de usarlos indistintamente. El problema de Catalunya no es la diversidad ling\u00fc\u00edstica, sino que el Estado no quiere reconocer que el catal\u00e1n debe ser la lengua prioritaria en la escuela, porque, de otro modo, no ser\u00eda ense\u00f1ada en ning\u00fan otro lugar&rdquo;<\/strong>.<\/p>\n<p> \t\u00a0<\/p>\n<p> \t<strong>Transversal&hellip; \u00bfaunque de izquierdas?<\/strong><\/p>\n<p> \t\u00a0<\/p>\n<p> \tA pesar de la pluralidad y transversalidad de sus integrantes, y pese a las resistencias de la asociaci\u00f3n a considerarse nacionalista, resulta evidente al leer el <em>Manifiesto<\/em> de S\u00famate que su denuncia del desequilibrio fiscal, del menosprecio del Estado a las <strong>&ldquo;justas reivindicaciones&rdquo;<\/strong> de la sociedad catalana y de la destrucci\u00f3n del Estado del Bienestar podr\u00eda estar firmada por una fuerza de izquierda nacionalista, <strong>&ldquo;lo cual es simple reflejo de la orientaci\u00f3n pol\u00edtica de la sociedad catalana, que en su mayor\u00eda es progresista y de izquierdas; que aspira a mayores niveles de participaci\u00f3n y es partidaria de la salvaguarda de los derechos laborales y sociales&rdquo;<\/strong>.Sin embargo, Garc\u00eda insiste en que tambi\u00e9n hay miembros y simpatizantes de S\u00famate procedentes de opciones pol\u00edticas de centroderecha.<\/p>\n<p> \t\u00a0<\/p>\n<p> \tSe entiende que ese sesgo izquierdista no se contentar\u00e1 con el mero hecho de lograr la independencia, sino que la asociaci\u00f3n trabajar\u00e1, dado el caso, por dotar al nuevo Estado de contenidos acordes a tales declaraciones. Y efectivamente, admite el entrevistado, <strong>&ldquo;no se trata de hacer un simple cambio de bandera, porque as\u00ed no se gana nada. Tras la consulta queremos seguir teniendo un papel constructivo de cara a un posible proceso constituyente, para expresar nuestras inquietudes y colaborar en la construcci\u00f3n del nuevo Estado con nuestras reflexiones. Pero siempre desde nuestro apartidismo original&rdquo;<\/strong>.<\/p>\n<p> \t\u00a0<\/p>\n<p> \t<strong>&ldquo;Las banderas no deben tapar las verg\u00fcenzas de nadie&rdquo;<\/strong><\/p>\n<p> \t\u00a0<\/p>\n<p> \tLa actualidad obliga y surge el caso Pujol. \u00bfLa confesi\u00f3n del expresidente de la Generalitat ha debilitado el prestigio y fortaleza del proceso soberanista? Garc\u00eda se muestra radical en su juicio, a la vez que no deja de expresar cierta chispa de alegr\u00eda en sus gestos: <strong>&ldquo;Hay un gran deseo por parte del espa\u00f1olismo de que ello sea as\u00ed, pero no creo que el caso redunde en un perjuicio real. Si queremos regenerar la vida pol\u00edtica catalana, ojal\u00e1 que toda la porquer\u00eda salga a flote; lo que nosotros queremos es precisamente eso, acabar con un sistema que favorece y oculta la corrupci\u00f3n. El Estado se va a aplicar en el caso Pujol; pues bien, que lo haga, estar\u00e1n haciendo un favor a la causa soberanista&hellip; Pero tambi\u00e9n me gustar\u00eda, por supuesto, que el gobierno dedicara los mismos esfuerzos contra B\u00e1rcenas, Blesa o la Infanta Cristina. Las banderas no pueden servir para tapar las verg\u00fcenzas de nadie&rdquo;<\/strong>.<\/p>\n<p> \tUna vez mencionada la Infanta Cristina, el hilo de la charla conduce a la monarqu\u00eda, <strong>&ldquo;encarnaci\u00f3n de un sistema pol\u00edtico inviable&rdquo;<\/strong> seg\u00fan Garc\u00eda. <strong>&ldquo;\u00bfD\u00f3nde est\u00e1 la soberan\u00eda del pueblo espa\u00f1ol? \u00bfSolo en la letra de la Constituci\u00f3n, pero no en los hechos? La imposibilidad de que los espa\u00f1oles puedan decidir sobre la jefatura de su Estado, as\u00ed como la legislaci\u00f3n de aforamiento preparada con urgencia para blindar jur\u00eddicamente al rey anterior, tambi\u00e9n son razones para creer en la necesidad de una nueva organizaci\u00f3n pol\u00edtica, en la que esa soberan\u00eda quede plenamente recuperada&rdquo;<\/strong>.<\/p>\n<p> \t\u00a0<\/p>\n<p> \t<strong>El reflejo de un amplio sector social no representado por los actuales partidos<\/strong><\/p>\n<p> \t\u00a0<\/p>\n<p> \tS\u00famate es reflejo de un grupo significativo en el espectro sociopol\u00edtico de Catalunya: el de los ciudadanos que no se reconocen como nacionalistas, ni de un lado ni de otro, y cuya voz &ndash;nada insignificante en n\u00famero&ndash; queda ahogada por las proclamas de unos partidos s\u00ed posicionados con respecto a la polarizaci\u00f3n del sentimiento identitario. La voz de un amplio colectivo no-nacionalista que puede optar racionalmente por el independentismo desde un punto de vista estrat\u00e9gico, como v\u00eda de soluci\u00f3n a una serie de d\u00e9ficits pol\u00edticos y sociales. Garc\u00eda confirma la hip\u00f3tesis con su caso particular: &ldquo;<strong>No me considero nacionalista, ni espa\u00f1ol ni catal\u00e1n; en todo caso ser\u00eda iberista, lo cual no es incompatible con la existencia de m\u00e1s de tres estados en la pen\u00ednsula Ib\u00e9rica, que cooperasen provechosamente entre ellos&rdquo;<\/strong>. Y constata que dentro del bando independentista hay <strong>&ldquo;personas con ideas y objetivos muy diferentes, pero que comparten la voluntad de discutir sus proyectos en un nuevo marco de igualdad jur\u00eddica&rdquo;<\/strong>.<\/p>\n<p> \t\u00a0<\/p>\n<p> \tPero, \u00bfy si en Espa\u00f1a triunfara democr\u00e1ticamente una fuerza pol\u00edtica dr\u00e1sticamente renovadora? La posibilidad le parece muy endeble al entrevistado: <strong>&ldquo;Las reformas constitucionales exigen el respaldo m\u00ednimo de dos tercios del Congreso, por lo que un partido renovador, aun ganando las elecciones, deber\u00eda pactar con PP y PSOE, que no est\u00e1n por la labor. No vemos soluci\u00f3n posible a trav\u00e9s de Espa\u00f1a, creemos m\u00e1s en las posibilidades que se abrir\u00edan en el proceso constituyente de una nueva organizaci\u00f3n estatal&rdquo;<\/strong>.<\/p>\n<p> \t\u00a0<\/p>\n<p> \t<strong>Ladran, luego cabalgamos<\/strong><\/p>\n<p> \t\u00a0<\/p>\n<p> \tLa singularidad de S\u00famate ha valido a sus activistas numerosos <em>piropos,<\/em> como los de <strong>&ldquo;tontos \u00fatiles&rdquo;<\/strong>, <strong>&ldquo;est\u00f3magos agradecidos&rdquo;<\/strong>, <strong>&ldquo;traidores&rdquo;<\/strong> o <strong>&ldquo;subvencionados&rdquo;<\/strong>. El primero es una expresi\u00f3n de uso com\u00fan entre la izquierda oficial espa\u00f1ola; en cuanto al \u00faltimo, <strong>&ldquo;es el que m\u00e1s gracia me hace: \u00a1que me digan d\u00f3nde hay que ir a buscarlas!&rdquo;,<\/strong> bromea Garc\u00eda. Y prosigue: <strong>&ldquo;Me asombra que desde posiciones nacionalistas espa\u00f1olas se nos llame <em>xarnegos,<\/em> un t\u00e9rmino despectivo que en Catalunya est\u00e1 en desuso desde hace muchas d\u00e9cadas: los unionistas recurren a tus or\u00edgenes con un discurso casposo y clasista, para tildarte de traidor&rdquo;<\/strong>. Acusaciones que, al fin y al cabo, son signo de un protagonismo social molesto para ciertos intereses partidistas. Como reza la frase incorrectamente atribuida a Don Quijote: <strong>&ldquo;ladran, Sancho, luego cabalgamos&rdquo;<\/strong>.<\/p>\n<p> \t\u00a0<\/p>\n<p> \t<img decoding=\"async\" class=\" size-full wp-image-5880\" alt=\"alt\" src=\"https:\/\/www.revistarambla.com\/wp-content\/uploads\/2014\/09\/Plataforma%20Espan%CC%83oles_Rambla%2003.jpg\" style=\"width: 700px; height: 410px;\" width=\"700\" height=\"410\" \/><\/p>\n","protected":false},"excerpt":{"rendered":"<p>S\u00famate\u00a0es una asociaci\u00f3n in\u00e9dita dentro del panorama pol\u00edtico y social catal\u00e1n, en tanto que integrada por catalanes de origen for\u00e1neo o hijos de tales, que no reniegan de sus ra\u00edces espa\u00f1olas ni renuncian al uso de su idioma materno \u00a0 \u00a0 \u00a0<\/p>","protected":false},"author":1,"featured_media":0,"comment_status":"open","ping_status":"open","sticky":false,"template":"","format":"standard","meta":{"footnotes":""},"categories":[58],"tags":[],"class_list":["post-5881","post","type-post","status-publish","format-standard","hentry","category-estado-espanol"],"yoast_head":"<!-- This site is optimized with the Yoast SEO plugin v27.5 - https:\/\/yoast.com\/product\/yoast-seo-wordpress\/ -->\n<title>\u201cNo importa el origen, sino el destino\u201d: espa\u00f1oles por la independencia de Catalunya - Revista Rambla<\/title>\n<meta name=\"robots\" content=\"index, follow, max-snippet:-1, max-image-preview:large, max-video-preview:-1\" \/>\n<link rel=\"canonical\" href=\"https:\/\/www.revistarambla.com\/en\/no-importa-el-origen-sino-el-destino-espanoles-por-la-independencia-de-catalunya\/\" \/>\n<meta property=\"og:locale\" content=\"en_GB\" \/>\n<meta property=\"og:type\" content=\"article\" \/>\n<meta property=\"og:title\" content=\"\u201cNo importa el origen, sino el destino\u201d: espa\u00f1oles por la independencia de Catalunya - Revista Rambla\" \/>\n<meta property=\"og:description\" content=\"S\u00famate\u00a0es una asociaci\u00f3n in\u00e9dita dentro del panorama pol\u00edtico y social catal\u00e1n, en tanto que integrada por catalanes de origen for\u00e1neo o hijos de tales, que no reniegan de sus ra\u00edces espa\u00f1olas ni renuncian al uso de su idioma materno \u00a0 \u00a0 \u00a0\" \/>\n<meta property=\"og:url\" content=\"https:\/\/www.revistarambla.com\/en\/no-importa-el-origen-sino-el-destino-espanoles-por-la-independencia-de-catalunya\/\" \/>\n<meta property=\"og:site_name\" content=\"Revista Rambla\" \/>\n<meta property=\"article:publisher\" content=\"https:\/\/www.facebook.com\/revistarambla\/\" \/>\n<meta property=\"article:published_time\" content=\"2014-09-09T05:48:34+00:00\" \/>\n<meta property=\"og:image\" content=\"https:\/\/i0.wp.com\/www.revistarambla.com\/wp-content\/uploads\/2014\/09\/Coque-%20Garci\u0301a-Su\u0301mate-rambla-%2000.jpg?fit=628%2C396&ssl=1\" \/>\n\t<meta property=\"og:image:width\" content=\"628\" \/>\n\t<meta property=\"og:image:height\" content=\"396\" \/>\n\t<meta property=\"og:image:type\" content=\"image\/jpeg\" \/>\n<meta name=\"author\" content=\"admin\" \/>\n<meta name=\"twitter:card\" content=\"summary_large_image\" \/>\n<meta name=\"twitter:creator\" content=\"@revistarambla\" \/>\n<meta name=\"twitter:site\" content=\"@revistarambla\" \/>\n<meta name=\"twitter:label1\" content=\"Written by\" \/>\n\t<meta name=\"twitter:data1\" content=\"admin\" \/>\n\t<meta name=\"twitter:label2\" content=\"Estimated reading time\" \/>\n\t<meta name=\"twitter:data2\" content=\"12 minutes\" \/>\n<script type=\"application\/ld+json\" class=\"yoast-schema-graph\">{\"@context\":\"https:\\\/\\\/schema.org\",\"@graph\":[{\"@type\":\"Article\",\"@id\":\"https:\\\/\\\/www.revistarambla.com\\\/no-importa-el-origen-sino-el-destino-espanoles-por-la-independencia-de-catalunya\\\/#article\",\"isPartOf\":{\"@id\":\"https:\\\/\\\/www.revistarambla.com\\\/no-importa-el-origen-sino-el-destino-espanoles-por-la-independencia-de-catalunya\\\/\"},\"author\":{\"name\":\"admin\",\"@id\":\"https:\\\/\\\/www.revistarambla.com\\\/#\\\/schema\\\/person\\\/4a5652fc8c82df1f8593002d038cd79e\"},\"headline\":\"\u201cNo importa el origen, sino el destino\u201d: espa\u00f1oles por la independencia de Catalunya\",\"datePublished\":\"2014-09-09T05:48:34+00:00\",\"mainEntityOfPage\":{\"@id\":\"https:\\\/\\\/www.revistarambla.com\\\/no-importa-el-origen-sino-el-destino-espanoles-por-la-independencia-de-catalunya\\\/\"},\"wordCount\":2359,\"commentCount\":0,\"publisher\":{\"@id\":\"https:\\\/\\\/www.revistarambla.com\\\/#organization\"},\"image\":{\"@id\":\"https:\\\/\\\/www.revistarambla.com\\\/no-importa-el-origen-sino-el-destino-espanoles-por-la-independencia-de-catalunya\\\/#primaryimage\"},\"thumbnailUrl\":\"https:\\\/\\\/www.revistarambla.com\\\/wp-content\\\/uploads\\\/2014\\\/09\\\/Coque-%20Garci%CC%81a-Su%CC%81mate-rambla-%2000.jpg\",\"articleSection\":[\"Estado Espa\u00f1ol\"],\"inLanguage\":\"en-GB\",\"potentialAction\":[{\"@type\":\"CommentAction\",\"name\":\"Comment\",\"target\":[\"https:\\\/\\\/www.revistarambla.com\\\/no-importa-el-origen-sino-el-destino-espanoles-por-la-independencia-de-catalunya\\\/#respond\"]}]},{\"@type\":\"WebPage\",\"@id\":\"https:\\\/\\\/www.revistarambla.com\\\/no-importa-el-origen-sino-el-destino-espanoles-por-la-independencia-de-catalunya\\\/\",\"url\":\"https:\\\/\\\/www.revistarambla.com\\\/no-importa-el-origen-sino-el-destino-espanoles-por-la-independencia-de-catalunya\\\/\",\"name\":\"\u201cNo importa el origen, sino el destino\u201d: espa\u00f1oles por la independencia de Catalunya - Revista Rambla\",\"isPartOf\":{\"@id\":\"https:\\\/\\\/www.revistarambla.com\\\/#website\"},\"primaryImageOfPage\":{\"@id\":\"https:\\\/\\\/www.revistarambla.com\\\/no-importa-el-origen-sino-el-destino-espanoles-por-la-independencia-de-catalunya\\\/#primaryimage\"},\"image\":{\"@id\":\"https:\\\/\\\/www.revistarambla.com\\\/no-importa-el-origen-sino-el-destino-espanoles-por-la-independencia-de-catalunya\\\/#primaryimage\"},\"thumbnailUrl\":\"https:\\\/\\\/www.revistarambla.com\\\/wp-content\\\/uploads\\\/2014\\\/09\\\/Coque-%20Garci%CC%81a-Su%CC%81mate-rambla-%2000.jpg\",\"datePublished\":\"2014-09-09T05:48:34+00:00\",\"breadcrumb\":{\"@id\":\"https:\\\/\\\/www.revistarambla.com\\\/no-importa-el-origen-sino-el-destino-espanoles-por-la-independencia-de-catalunya\\\/#breadcrumb\"},\"inLanguage\":\"en-GB\",\"potentialAction\":[{\"@type\":\"ReadAction\",\"target\":[\"https:\\\/\\\/www.revistarambla.com\\\/no-importa-el-origen-sino-el-destino-espanoles-por-la-independencia-de-catalunya\\\/\"]}]},{\"@type\":\"ImageObject\",\"inLanguage\":\"en-GB\",\"@id\":\"https:\\\/\\\/www.revistarambla.com\\\/no-importa-el-origen-sino-el-destino-espanoles-por-la-independencia-de-catalunya\\\/#primaryimage\",\"url\":\"https:\\\/\\\/www.revistarambla.com\\\/wp-content\\\/uploads\\\/2014\\\/09\\\/Coque-%20Garci%CC%81a-Su%CC%81mate-rambla-%2000.jpg\",\"contentUrl\":\"https:\\\/\\\/www.revistarambla.com\\\/wp-content\\\/uploads\\\/2014\\\/09\\\/Coque-%20Garci%CC%81a-Su%CC%81mate-rambla-%2000.jpg\"},{\"@type\":\"BreadcrumbList\",\"@id\":\"https:\\\/\\\/www.revistarambla.com\\\/no-importa-el-origen-sino-el-destino-espanoles-por-la-independencia-de-catalunya\\\/#breadcrumb\",\"itemListElement\":[{\"@type\":\"ListItem\",\"position\":1,\"name\":\"Portada\",\"item\":\"https:\\\/\\\/www.revistarambla.com\\\/\"},{\"@type\":\"ListItem\",\"position\":2,\"name\":\"\u201cNo importa el origen, sino el destino\u201d: espa\u00f1oles por la independencia de Catalunya\"}]},{\"@type\":\"WebSite\",\"@id\":\"https:\\\/\\\/www.revistarambla.com\\\/#website\",\"url\":\"https:\\\/\\\/www.revistarambla.com\\\/\",\"name\":\"Revista Rambla Barcelona\",\"description\":\"Periodismo independiente\",\"publisher\":{\"@id\":\"https:\\\/\\\/www.revistarambla.com\\\/#organization\"},\"potentialAction\":[{\"@type\":\"SearchAction\",\"target\":{\"@type\":\"EntryPoint\",\"urlTemplate\":\"https:\\\/\\\/www.revistarambla.com\\\/?s={search_term_string}\"},\"query-input\":{\"@type\":\"PropertyValueSpecification\",\"valueRequired\":true,\"valueName\":\"search_term_string\"}}],\"inLanguage\":\"en-GB\"},{\"@type\":\"Organization\",\"@id\":\"https:\\\/\\\/www.revistarambla.com\\\/#organization\",\"name\":\"Revista Rambla\",\"url\":\"https:\\\/\\\/www.revistarambla.com\\\/\",\"logo\":{\"@type\":\"ImageObject\",\"inLanguage\":\"en-GB\",\"@id\":\"https:\\\/\\\/www.revistarambla.com\\\/#\\\/schema\\\/logo\\\/image\\\/\",\"url\":\"https:\\\/\\\/www.revistarambla.com\\\/wp-content\\\/uploads\\\/2020\\\/09\\\/banner_rambla_1900x600_BB.png\",\"contentUrl\":\"https:\\\/\\\/www.revistarambla.com\\\/wp-content\\\/uploads\\\/2020\\\/09\\\/banner_rambla_1900x600_BB.png\",\"width\":1900,\"height\":600,\"caption\":\"Revista Rambla\"},\"image\":{\"@id\":\"https:\\\/\\\/www.revistarambla.com\\\/#\\\/schema\\\/logo\\\/image\\\/\"},\"sameAs\":[\"https:\\\/\\\/www.facebook.com\\\/revistarambla\\\/\",\"https:\\\/\\\/x.com\\\/revistarambla\",\"https:\\\/\\\/www.instagram.com\\\/revista_rambla\",\"https:\\\/\\\/es.linkedin.com\\\/company\\\/revista-rambla\"]},{\"@type\":\"Person\",\"@id\":\"https:\\\/\\\/www.revistarambla.com\\\/#\\\/schema\\\/person\\\/4a5652fc8c82df1f8593002d038cd79e\",\"name\":\"admin\"}]}<\/script>\n<!-- \/ Yoast SEO plugin. -->","yoast_head_json":{"title":"\u201cNo importa el origen, sino el destino\u201d: espa\u00f1oles por la independencia de Catalunya - Revista Rambla","robots":{"index":"index","follow":"follow","max-snippet":"max-snippet:-1","max-image-preview":"max-image-preview:large","max-video-preview":"max-video-preview:-1"},"canonical":"https:\/\/www.revistarambla.com\/en\/no-importa-el-origen-sino-el-destino-espanoles-por-la-independencia-de-catalunya\/","og_locale":"en_GB","og_type":"article","og_title":"\u201cNo importa el origen, sino el destino\u201d: espa\u00f1oles por la independencia de Catalunya - Revista Rambla","og_description":"S\u00famate\u00a0es una asociaci\u00f3n in\u00e9dita dentro del panorama pol\u00edtico y social catal\u00e1n, en tanto que integrada por catalanes de origen for\u00e1neo o hijos de tales, que no reniegan de sus ra\u00edces espa\u00f1olas ni renuncian al uso de su idioma materno \u00a0 \u00a0 \u00a0","og_url":"https:\/\/www.revistarambla.com\/en\/no-importa-el-origen-sino-el-destino-espanoles-por-la-independencia-de-catalunya\/","og_site_name":"Revista Rambla","article_publisher":"https:\/\/www.facebook.com\/revistarambla\/","article_published_time":"2014-09-09T05:48:34+00:00","og_image":[{"width":628,"height":396,"url":"https:\/\/i0.wp.com\/www.revistarambla.com\/wp-content\/uploads\/2014\/09\/Coque- Garci\u0301a-Su\u0301mate-rambla- 00.jpg?fit=628%2C396&ssl=1","type":"image\/jpeg"}],"author":"admin","twitter_card":"summary_large_image","twitter_creator":"@revistarambla","twitter_site":"@revistarambla","twitter_misc":{"Written by":"admin","Estimated reading time":"12 minutes"},"schema":{"@context":"https:\/\/schema.org","@graph":[{"@type":"Article","@id":"https:\/\/www.revistarambla.com\/no-importa-el-origen-sino-el-destino-espanoles-por-la-independencia-de-catalunya\/#article","isPartOf":{"@id":"https:\/\/www.revistarambla.com\/no-importa-el-origen-sino-el-destino-espanoles-por-la-independencia-de-catalunya\/"},"author":{"name":"admin","@id":"https:\/\/www.revistarambla.com\/#\/schema\/person\/4a5652fc8c82df1f8593002d038cd79e"},"headline":"\u201cNo importa el origen, sino el destino\u201d: espa\u00f1oles por la independencia de Catalunya","datePublished":"2014-09-09T05:48:34+00:00","mainEntityOfPage":{"@id":"https:\/\/www.revistarambla.com\/no-importa-el-origen-sino-el-destino-espanoles-por-la-independencia-de-catalunya\/"},"wordCount":2359,"commentCount":0,"publisher":{"@id":"https:\/\/www.revistarambla.com\/#organization"},"image":{"@id":"https:\/\/www.revistarambla.com\/no-importa-el-origen-sino-el-destino-espanoles-por-la-independencia-de-catalunya\/#primaryimage"},"thumbnailUrl":"https:\/\/www.revistarambla.com\/wp-content\/uploads\/2014\/09\/Coque-%20Garci%CC%81a-Su%CC%81mate-rambla-%2000.jpg","articleSection":["Estado Espa\u00f1ol"],"inLanguage":"en-GB","potentialAction":[{"@type":"CommentAction","name":"Comment","target":["https:\/\/www.revistarambla.com\/no-importa-el-origen-sino-el-destino-espanoles-por-la-independencia-de-catalunya\/#respond"]}]},{"@type":"WebPage","@id":"https:\/\/www.revistarambla.com\/no-importa-el-origen-sino-el-destino-espanoles-por-la-independencia-de-catalunya\/","url":"https:\/\/www.revistarambla.com\/no-importa-el-origen-sino-el-destino-espanoles-por-la-independencia-de-catalunya\/","name":"\u201cNo importa el origen, sino el destino\u201d: espa\u00f1oles por la independencia de Catalunya - Revista Rambla","isPartOf":{"@id":"https:\/\/www.revistarambla.com\/#website"},"primaryImageOfPage":{"@id":"https:\/\/www.revistarambla.com\/no-importa-el-origen-sino-el-destino-espanoles-por-la-independencia-de-catalunya\/#primaryimage"},"image":{"@id":"https:\/\/www.revistarambla.com\/no-importa-el-origen-sino-el-destino-espanoles-por-la-independencia-de-catalunya\/#primaryimage"},"thumbnailUrl":"https:\/\/www.revistarambla.com\/wp-content\/uploads\/2014\/09\/Coque-%20Garci%CC%81a-Su%CC%81mate-rambla-%2000.jpg","datePublished":"2014-09-09T05:48:34+00:00","breadcrumb":{"@id":"https:\/\/www.revistarambla.com\/no-importa-el-origen-sino-el-destino-espanoles-por-la-independencia-de-catalunya\/#breadcrumb"},"inLanguage":"en-GB","potentialAction":[{"@type":"ReadAction","target":["https:\/\/www.revistarambla.com\/no-importa-el-origen-sino-el-destino-espanoles-por-la-independencia-de-catalunya\/"]}]},{"@type":"ImageObject","inLanguage":"en-GB","@id":"https:\/\/www.revistarambla.com\/no-importa-el-origen-sino-el-destino-espanoles-por-la-independencia-de-catalunya\/#primaryimage","url":"https:\/\/www.revistarambla.com\/wp-content\/uploads\/2014\/09\/Coque-%20Garci%CC%81a-Su%CC%81mate-rambla-%2000.jpg","contentUrl":"https:\/\/www.revistarambla.com\/wp-content\/uploads\/2014\/09\/Coque-%20Garci%CC%81a-Su%CC%81mate-rambla-%2000.jpg"},{"@type":"BreadcrumbList","@id":"https:\/\/www.revistarambla.com\/no-importa-el-origen-sino-el-destino-espanoles-por-la-independencia-de-catalunya\/#breadcrumb","itemListElement":[{"@type":"ListItem","position":1,"name":"Portada","item":"https:\/\/www.revistarambla.com\/"},{"@type":"ListItem","position":2,"name":"\u201cNo importa el origen, sino el destino\u201d: espa\u00f1oles por la independencia de Catalunya"}]},{"@type":"WebSite","@id":"https:\/\/www.revistarambla.com\/#website","url":"https:\/\/www.revistarambla.com\/","name":"Revista Rambla Barcelona","description":"Periodismo independiente","publisher":{"@id":"https:\/\/www.revistarambla.com\/#organization"},"potentialAction":[{"@type":"SearchAction","target":{"@type":"EntryPoint","urlTemplate":"https:\/\/www.revistarambla.com\/?s={search_term_string}"},"query-input":{"@type":"PropertyValueSpecification","valueRequired":true,"valueName":"search_term_string"}}],"inLanguage":"en-GB"},{"@type":"Organization","@id":"https:\/\/www.revistarambla.com\/#organization","name":"Revista Rambla","url":"https:\/\/www.revistarambla.com\/","logo":{"@type":"ImageObject","inLanguage":"en-GB","@id":"https:\/\/www.revistarambla.com\/#\/schema\/logo\/image\/","url":"https:\/\/www.revistarambla.com\/wp-content\/uploads\/2020\/09\/banner_rambla_1900x600_BB.png","contentUrl":"https:\/\/www.revistarambla.com\/wp-content\/uploads\/2020\/09\/banner_rambla_1900x600_BB.png","width":1900,"height":600,"caption":"Revista Rambla"},"image":{"@id":"https:\/\/www.revistarambla.com\/#\/schema\/logo\/image\/"},"sameAs":["https:\/\/www.facebook.com\/revistarambla\/","https:\/\/x.com\/revistarambla","https:\/\/www.instagram.com\/revista_rambla","https:\/\/es.linkedin.com\/company\/revista-rambla"]},{"@type":"Person","@id":"https:\/\/www.revistarambla.com\/#\/schema\/person\/4a5652fc8c82df1f8593002d038cd79e","name":"admin"}]}},"_links":{"self":[{"href":"https:\/\/www.revistarambla.com\/en\/wp-json\/wp\/v2\/posts\/5881","targetHints":{"allow":["GET"]}}],"collection":[{"href":"https:\/\/www.revistarambla.com\/en\/wp-json\/wp\/v2\/posts"}],"about":[{"href":"https:\/\/www.revistarambla.com\/en\/wp-json\/wp\/v2\/types\/post"}],"author":[{"embeddable":true,"href":"https:\/\/www.revistarambla.com\/en\/wp-json\/wp\/v2\/users\/1"}],"replies":[{"embeddable":true,"href":"https:\/\/www.revistarambla.com\/en\/wp-json\/wp\/v2\/comments?post=5881"}],"version-history":[{"count":0,"href":"https:\/\/www.revistarambla.com\/en\/wp-json\/wp\/v2\/posts\/5881\/revisions"}],"wp:attachment":[{"href":"https:\/\/www.revistarambla.com\/en\/wp-json\/wp\/v2\/media?parent=5881"}],"wp:term":[{"taxonomy":"category","embeddable":true,"href":"https:\/\/www.revistarambla.com\/en\/wp-json\/wp\/v2\/categories?post=5881"},{"taxonomy":"post_tag","embeddable":true,"href":"https:\/\/www.revistarambla.com\/en\/wp-json\/wp\/v2\/tags?post=5881"}],"curies":[{"name":"wp","href":"https:\/\/api.w.org\/{rel}","templated":true}]}}