{"id":58728,"date":"2024-03-04T20:47:49","date_gmt":"2024-03-04T19:47:49","guid":{"rendered":"https:\/\/www.revistarambla.com\/?p=58728"},"modified":"2024-03-05T20:49:05","modified_gmt":"2024-03-05T19:49:05","slug":"el-mobile-world-congress-de-barcelona-pone-la-alfombra-roja-para-drones-israelies-probados-en-combate","status":"publish","type":"post","link":"https:\/\/www.revistarambla.com\/en\/el-mobile-world-congress-de-barcelona-pone-la-alfombra-roja-para-drones-israelies-probados-en-combate\/","title":{"rendered":"El Mobile World Congress de Barcelona pone la alfombra roja para drones israel\u00edes \u00abprobados en combate\u00bb"},"content":{"rendered":"<p>La celebraci\u00f3n anual del Mobile World Congress de Barcelona, organizada por el Ayuntamiento de la ciudad, ha estado marcada este a\u00f1o por la presencia de Israel<!--more--> en los expositores. La cita estuvo marcada pol\u00edticamente por la negativa de Jaume Collboni (PSC) a \u201cparticipar en ning\u00fan boicot a Israel\u201d y renunciar a saludar oficialmente a la delegaci\u00f3n de este pa\u00eds en la feria, tal y como solicit\u00f3 la l\u00edder de Barcelona en Com\u00fa, Ada Colau.<\/p>\n<p>El Congreso, clausurado el pasado jueves 29 de febrero, ha servido, de este modo, para poner en el escaparte a 31 compa\u00f1\u00edas israel\u00edes del sector tecnol\u00f3gico. Siete de ellas se desempe\u00f1an en el negocio de la \u201cseguridad\u201d, una rama de la industria armament\u00edstica en la que Israel se ha convertido en una potencia puntera en el mundo, en gran medida, gracias a la experiencia de sus dispositivos \u201cprobados en combate\u201d.<\/p>\n<p>Entre las empresas de ciberseguridad ha destacado la presencia de Xtend Technologies, una compa\u00f1\u00eda especializada en la fabricaci\u00f3n y el software de control de drones, que provee servicios tanto a las Fuerzas Armadas de Israel (FDI) como al ej\u00e9rcito estadounidense. Su CEO y fundador, Aviv Shapira, particip\u00f3 el pasado mi\u00e9rcoles junto a su hermano Matteo, que tambi\u00e9n trabaja en Xtend como Chief Experience Officer (CXO), en el panel \u201cUna nueva era para la inteligencia\u201d.<\/p>\n<p>En la presentaci\u00f3n, patrocinada por Pricewaterhousecoopers, los Shapira omitieron cualquier referencia a la campa\u00f1a de exterminio llevada a cabo por el Gobierno israel\u00ed y presentaron los drones de Xtend, basados en la tecnolog\u00eda Skylord, como una fusi\u00f3n entre inteligencia artificial e inteligencia humana empleable en situaciones de cat\u00e1strofes aplicable en desastres como el terremoto de Turqu\u00eda de 2023, y usado tambi\u00e9n en retransmisiones deportivas como la Superbowl o la Liga de F\u00fatbol Profesional espa\u00f1ola.<\/p>\n<p>Sin embargo, la web de la propia Xtend publicita la informaci\u00f3n sobre las aplicaciones militares de Skylord, que van desde el control de la guerrilla urbana, las operaciones militares \u201cde precisi\u00f3n\u201d y otros modelos ofensivos y defensivos. Una informaci\u00f3n del a\u00f1o 2020 publicada por el peri\u00f3dico israel\u00ed Haaretz explicaba que los drones Skylord fueron desarrollados por la startup junto con el Ministerio de Defensa israel\u00ed y han sido empleados en el territorio de Gaza. \u201cLas capacidades del sistema han sido demostradas en Israel, con interceptaciones confirmadas de dispositivos incendiarios volados sobre la frontera de Gaza por organizaciones terroristas\u201d, apuntaba entonces un comunicado de la compa\u00f1\u00eda Xtend.<\/p>\n<p>El periodista australiano Antony Loewenstein ha registrado en su El laboratorio palestino (Capit\u00e1n Swing, 2024), que las fuerzas especiales estadounidenses utilizaron los drones de Xtend en Siria y Afganist\u00e1n. Adem\u00e1s de las FDI y el Departamento de Defensa de Estados Unidos. Xtend relaciona sus productos con el Mando de Operaciones Especiales estadounidense y los pa\u00edses de Canad\u00e1 y Singapur.<\/p>\n<p>Aunque no hay registro oficial de v\u00edctimas, por motivos obvios, Loewenstein se refiere al uso de drones asesinos israel\u00edes por parte de Alemania, Canad\u00e1, Gran Breta\u00f1a y Australia, cuyos ej\u00e9rcitos han empleado estos aviones autotripulados en la guerra de Afganist\u00e1n, que comenz\u00f3 con el siglo y se extendi\u00f3 durante dos d\u00e9cadas.<\/p>\n<p>En Espa\u00f1a, el sistema Skylord es incluido en su portafolio por la compa\u00f1\u00eda Guardian Defense and Homeland Security, compa\u00f1\u00eda dirigida por Ilan Arzoolan, exagente del Mossad, el Servicio de Inteligencia de Israel y proveedor del Gobierno vasco. En 2014, Guardian Defense salt\u00f3 a la actualidad por haber utilizado im\u00e1genes de la Familia Real espa\u00f1ola, y del Ministerio de Asuntos Exteriores en la \u00e9poca de Miguel \u00c1ngel Moratinos, para promocionar sus productos y servicios.<\/p>\n<h2>Participaci\u00f3n p\u00fablico-privada<\/h2>\n<p>La presencia de estas empresas en el Mobile World Congress no pas\u00f3 desapercibida para la sociedad civil catalana, que se moviliz\u00f3 contra la presencia de la delegaci\u00f3n israel\u00ed. Tina Mason, una activista de los derechos humanos que particip\u00f3 en la acci\u00f3n de denuncia que un grupo de en defensa de Palestina llevaron a cabo el lunes 26 de febrero frente al recinto ferial de Gran Via en Hospitalet de Llobregat, denuncia \u201clas relaciones entre el sector tecnol\u00f3gico y lo militar\u201d que se explicit\u00f3 en este Congreso y critica que haya pasado desapercibido el altavoz que se le ha dado a Xtend y otras empresas de ciberseguridad en este congreso. Para Mason,\u00a0deben aplicarse sanciones en cualquier situaci\u00f3n: \u201cNo deber\u00eda haber negocios habituales con Israel, pero esto es a\u00fan m\u00e1s grave en lo que respecta al sector tecnol\u00f3gico, dada su conocida relaci\u00f3n con el ej\u00e9rcito israel\u00ed\u201d.<\/p>\n<p>Junto a la empresa de los Shapira, el stand de Israel en el congreso de Barcelona ha dado cabida a otras compa\u00f1\u00edas del ramo. Entre otras destaca Watchful IA, cuyo fundador se ha referido al trabajo con la Unidad 8200 de inteligencia de las FDI, a la que perteneci\u00f3 su director de producto.<\/p>\n<p>En su comisi\u00f3n de investigaci\u00f3n sobre Pegasus, el Parlamento Europeo se refer\u00eda a esta unidad de \u00e9lite y su papel \u201cesencial\u201d en la exitosa industria del software esp\u00eda de Israel y las empresas disfrutan de estrechas relaciones con esa entidad. Un estudio de 2018 citado por la comisi\u00f3n calcul\u00f3 que el 80% de los fundadores de las 700 empresas de ciberseguridad de Israel eran exempleados de las unidades de inteligencia de las Fuerzas de Defensa de Israel. Otra de las empresas presentes en Barcelona ha sido Rad, cuyo CEO, Yaakov Stein, tambi\u00e9n trabaj\u00f3 para la Unidad 8200 y en el equipo del Ministerio de Defensa en los a\u00f1os 80 y 90.<\/p>\n<p>El propio sector reconoce esta interdependencia entre las FDI y el mundo de las startup: \u201cHay una especie de ping-pong entre una empresa de tecnolog\u00eda y las FDI\u201d, declar\u00f3 el exsubdirector del Consejo de Seguridad Nacional de Israel, en un art\u00edculo de Foreign Police publicado en diciembre de 2023. \u201cMucho antes de que exista un producto comercializable, las empresas de tecnolog\u00eda lo ofrecen a las FDI, a la polic\u00eda o a las agencias de inteligencia, y lo prueban, a veces en operaciones en curso, para testearlo y mejorarlo\u00bb.<\/p>\n<p>Recientemente, el portal israel\u00ed No Camels se congratulaba de la \u201cresiliencia\u201d del sector de la ciberseguridad y de las \u201coportunidades\u201d que proporciona la campa\u00f1a en Gaza para estas compa\u00f1\u00edas: \u201cNinguna de nuestras empresas tiene un desempe\u00f1o inferior al de antes de la guerra; ninguna de ellas ha perdido clientes a causa de la guerra\u201d, se felicitaba una experta del sector. Seg\u00fan este portal, la Autoridad de Innovaci\u00f3n de Israel ha provisto un fondo de 110 millones de d\u00f3lares para las compa\u00f1\u00edas de ciberseguridad.<\/p>\n<p>En Espa\u00f1a, el\u00a0Instituto Nacional de Ciberseguridad (Incibe), dependiente del Ministerio de Transformaci\u00f3n Digital, organiz\u00f3 el pasado 14 de febrero un encuentro con diez empresas israel\u00edes de este sector. Consultado por El Salto, el Incibe no quiso dar los nombres de las compa\u00f1\u00edas que participaron en las presentaciones de sus productos.<\/p>\n<p>Barcelona en Com\u00fa, a trav\u00e9s de la exalcaldesa Ada Colau, ha sido la \u00fanica formaci\u00f3n pol\u00edtica con representaci\u00f3n en el Ayuntamiento, en criticar como \u201cinmoral\u201d que el MWC invitara y cediera un pabell\u00f3n a Israel. Tambi\u00e9n la CUP ha llamado al boicot al congreso por la participaci\u00f3n de las compa\u00f1\u00edas israel\u00edes.<\/p>\n<p>El evento anual, considerado el m\u00e1s importante de Europa de estas caracter\u00edsticas, est\u00e1 organizado por la asociaci\u00f3n p\u00fablico-privada Mobile World Capital Barcelona, de la que forman parte el Ayuntamiento de Barcelona, la Generalitat de Catalu\u00f1a, el Ministerio de Asuntos Econ\u00f3micos y Transformaci\u00f3n Digital, Fira de Barcelona, GSMA \u2014organizaci\u00f3n que agrupa a los operadores m\u00f3viles y compa\u00f1\u00edas\u2014 Telef\u00f3nica, Vodafone, Orange, la cervecera Damm y CaixaBank. En pasadas ediciones, el Ayuntamiento de Barcelona y la Generalitat de Catalunya han aportado cinco millones cada uno para la organizaci\u00f3n del evento. La web Newtral ha estimado que el coste total para las arcas p\u00fablicas de este Congreso es de quince millones de euros.<\/p>\n<hr \/>\n<p><em>*Fuente: https:\/\/www.elsaltodiario.com\/industria-armamentistica\/alfombra-roja-drones-israelies-probados-combate-mobile-world-congress-barcelona<\/em><\/p>","protected":false},"excerpt":{"rendered":"<p>El congreso de tecnolog\u00eda de Barcelona, en el que participan econ\u00f3micamente el Ayuntamiento de Barcelona, la Generalitat y el Ministerio de Asuntos Econ\u00f3micos y Transformaci\u00f3n Digital, abri\u00f3 su escenario principal a una empresa colaboradora del ej\u00e9rcito israel\u00ed. En la imagen, Los empresarios Matteo y Aviv Shapira, de la compa\u00f1\u00eda Xtend, presentan su sistema de drones probados en combate en la pasada edici\u00f3n del Mobile World Congress de Barcelona. <\/p>","protected":false},"author":15,"featured_media":58741,"comment_status":"closed","ping_status":"closed","sticky":false,"template":"","format":"standard","meta":{"footnotes":""},"categories":[76],"tags":[],"class_list":["post-58728","post","type-post","status-publish","format-standard","has-post-thumbnail","hentry","category-barcelona"],"yoast_head":"<!-- This site is optimized with the Yoast SEO plugin v27.5 - https:\/\/yoast.com\/product\/yoast-seo-wordpress\/ -->\n<title>El Mobile World Congress de Barcelona pone la alfombra roja para drones israel\u00edes \u00abprobados en combate\u00bb - Revista Rambla<\/title>\n<meta name=\"robots\" content=\"index, follow, max-snippet:-1, max-image-preview:large, max-video-preview:-1\" \/>\n<link rel=\"canonical\" href=\"https:\/\/www.revistarambla.com\/en\/el-mobile-world-congress-de-barcelona-pone-la-alfombra-roja-para-drones-israelies-probados-en-combate\/\" \/>\n<meta property=\"og:locale\" content=\"en_GB\" \/>\n<meta property=\"og:type\" content=\"article\" \/>\n<meta property=\"og:title\" content=\"El Mobile World Congress de Barcelona pone la alfombra roja para drones israel\u00edes \u00abprobados en combate\u00bb - Revista Rambla\" \/>\n<meta property=\"og:description\" content=\"El congreso de tecnolog\u00eda de Barcelona, en el que participan econ\u00f3micamente el Ayuntamiento de Barcelona, la Generalitat y el Ministerio de Asuntos Econ\u00f3micos y Transformaci\u00f3n Digital, abri\u00f3 su escenario principal a una empresa colaboradora del ej\u00e9rcito israel\u00ed. En la imagen, Los empresarios Matteo y Aviv Shapira, de la compa\u00f1\u00eda Xtend, presentan su sistema de drones probados en combate en la pasada edici\u00f3n del Mobile World Congress de Barcelona.\" \/>\n<meta property=\"og:url\" content=\"https:\/\/www.revistarambla.com\/en\/el-mobile-world-congress-de-barcelona-pone-la-alfombra-roja-para-drones-israelies-probados-en-combate\/\" \/>\n<meta property=\"og:site_name\" content=\"Revista Rambla\" \/>\n<meta property=\"article:publisher\" content=\"https:\/\/www.facebook.com\/revistarambla\/\" \/>\n<meta property=\"article:published_time\" content=\"2024-03-04T19:47:49+00:00\" \/>\n<meta property=\"article:modified_time\" content=\"2024-03-05T19:49:05+00:00\" \/>\n<meta property=\"og:image\" content=\"https:\/\/www.revistarambla.com\/wp-content\/uploads\/2024\/03\/drones-israel.jpg\" \/>\n\t<meta property=\"og:image:width\" content=\"1500\" \/>\n\t<meta property=\"og:image:height\" content=\"1000\" \/>\n\t<meta property=\"og:image:type\" content=\"image\/jpeg\" \/>\n<meta name=\"author\" content=\"Pablo Elorduy\" \/>\n<meta name=\"twitter:card\" content=\"summary_large_image\" \/>\n<meta name=\"twitter:creator\" content=\"@revistarambla\" \/>\n<meta name=\"twitter:site\" content=\"@revistarambla\" \/>\n<meta name=\"twitter:label1\" content=\"Written by\" \/>\n\t<meta name=\"twitter:data1\" content=\"Pablo Elorduy\" \/>\n\t<meta name=\"twitter:label2\" content=\"Estimated reading time\" \/>\n\t<meta name=\"twitter:data2\" content=\"7 minutes\" \/>\n<script type=\"application\/ld+json\" class=\"yoast-schema-graph\">{\"@context\":\"https:\\\/\\\/schema.org\",\"@graph\":[{\"@type\":\"Article\",\"@id\":\"https:\\\/\\\/www.revistarambla.com\\\/el-mobile-world-congress-de-barcelona-pone-la-alfombra-roja-para-drones-israelies-probados-en-combate\\\/#article\",\"isPartOf\":{\"@id\":\"https:\\\/\\\/www.revistarambla.com\\\/el-mobile-world-congress-de-barcelona-pone-la-alfombra-roja-para-drones-israelies-probados-en-combate\\\/\"},\"author\":{\"name\":\"Pablo Elorduy\",\"@id\":\"https:\\\/\\\/www.revistarambla.com\\\/#\\\/schema\\\/person\\\/2b19179a8ace334b829ad72cc6e6ce97\"},\"headline\":\"El Mobile World Congress de Barcelona pone la alfombra roja para drones israel\u00edes \u00abprobados en combate\u00bb\",\"datePublished\":\"2024-03-04T19:47:49+00:00\",\"dateModified\":\"2024-03-05T19:49:05+00:00\",\"mainEntityOfPage\":{\"@id\":\"https:\\\/\\\/www.revistarambla.com\\\/el-mobile-world-congress-de-barcelona-pone-la-alfombra-roja-para-drones-israelies-probados-en-combate\\\/\"},\"wordCount\":1385,\"publisher\":{\"@id\":\"https:\\\/\\\/www.revistarambla.com\\\/#organization\"},\"image\":{\"@id\":\"https:\\\/\\\/www.revistarambla.com\\\/el-mobile-world-congress-de-barcelona-pone-la-alfombra-roja-para-drones-israelies-probados-en-combate\\\/#primaryimage\"},\"thumbnailUrl\":\"https:\\\/\\\/www.revistarambla.com\\\/wp-content\\\/uploads\\\/2024\\\/03\\\/drones-israel.jpg\",\"articleSection\":[\"Barcelona\"],\"inLanguage\":\"en-GB\"},{\"@type\":\"WebPage\",\"@id\":\"https:\\\/\\\/www.revistarambla.com\\\/el-mobile-world-congress-de-barcelona-pone-la-alfombra-roja-para-drones-israelies-probados-en-combate\\\/\",\"url\":\"https:\\\/\\\/www.revistarambla.com\\\/el-mobile-world-congress-de-barcelona-pone-la-alfombra-roja-para-drones-israelies-probados-en-combate\\\/\",\"name\":\"El Mobile World Congress de Barcelona pone la alfombra roja para drones israel\u00edes \u00abprobados en combate\u00bb - Revista Rambla\",\"isPartOf\":{\"@id\":\"https:\\\/\\\/www.revistarambla.com\\\/#website\"},\"primaryImageOfPage\":{\"@id\":\"https:\\\/\\\/www.revistarambla.com\\\/el-mobile-world-congress-de-barcelona-pone-la-alfombra-roja-para-drones-israelies-probados-en-combate\\\/#primaryimage\"},\"image\":{\"@id\":\"https:\\\/\\\/www.revistarambla.com\\\/el-mobile-world-congress-de-barcelona-pone-la-alfombra-roja-para-drones-israelies-probados-en-combate\\\/#primaryimage\"},\"thumbnailUrl\":\"https:\\\/\\\/www.revistarambla.com\\\/wp-content\\\/uploads\\\/2024\\\/03\\\/drones-israel.jpg\",\"datePublished\":\"2024-03-04T19:47:49+00:00\",\"dateModified\":\"2024-03-05T19:49:05+00:00\",\"breadcrumb\":{\"@id\":\"https:\\\/\\\/www.revistarambla.com\\\/el-mobile-world-congress-de-barcelona-pone-la-alfombra-roja-para-drones-israelies-probados-en-combate\\\/#breadcrumb\"},\"inLanguage\":\"en-GB\",\"potentialAction\":[{\"@type\":\"ReadAction\",\"target\":[\"https:\\\/\\\/www.revistarambla.com\\\/el-mobile-world-congress-de-barcelona-pone-la-alfombra-roja-para-drones-israelies-probados-en-combate\\\/\"]}]},{\"@type\":\"ImageObject\",\"inLanguage\":\"en-GB\",\"@id\":\"https:\\\/\\\/www.revistarambla.com\\\/el-mobile-world-congress-de-barcelona-pone-la-alfombra-roja-para-drones-israelies-probados-en-combate\\\/#primaryimage\",\"url\":\"https:\\\/\\\/www.revistarambla.com\\\/wp-content\\\/uploads\\\/2024\\\/03\\\/drones-israel.jpg\",\"contentUrl\":\"https:\\\/\\\/www.revistarambla.com\\\/wp-content\\\/uploads\\\/2024\\\/03\\\/drones-israel.jpg\",\"width\":1500,\"height\":1000},{\"@type\":\"BreadcrumbList\",\"@id\":\"https:\\\/\\\/www.revistarambla.com\\\/el-mobile-world-congress-de-barcelona-pone-la-alfombra-roja-para-drones-israelies-probados-en-combate\\\/#breadcrumb\",\"itemListElement\":[{\"@type\":\"ListItem\",\"position\":1,\"name\":\"Portada\",\"item\":\"https:\\\/\\\/www.revistarambla.com\\\/\"},{\"@type\":\"ListItem\",\"position\":2,\"name\":\"El Mobile World Congress de Barcelona pone la alfombra roja para drones israel\u00edes \u00abprobados en combate\u00bb\"}]},{\"@type\":\"WebSite\",\"@id\":\"https:\\\/\\\/www.revistarambla.com\\\/#website\",\"url\":\"https:\\\/\\\/www.revistarambla.com\\\/\",\"name\":\"Revista Rambla Barcelona\",\"description\":\"Periodismo independiente\",\"publisher\":{\"@id\":\"https:\\\/\\\/www.revistarambla.com\\\/#organization\"},\"potentialAction\":[{\"@type\":\"SearchAction\",\"target\":{\"@type\":\"EntryPoint\",\"urlTemplate\":\"https:\\\/\\\/www.revistarambla.com\\\/?s={search_term_string}\"},\"query-input\":{\"@type\":\"PropertyValueSpecification\",\"valueRequired\":true,\"valueName\":\"search_term_string\"}}],\"inLanguage\":\"en-GB\"},{\"@type\":\"Organization\",\"@id\":\"https:\\\/\\\/www.revistarambla.com\\\/#organization\",\"name\":\"Revista Rambla\",\"url\":\"https:\\\/\\\/www.revistarambla.com\\\/\",\"logo\":{\"@type\":\"ImageObject\",\"inLanguage\":\"en-GB\",\"@id\":\"https:\\\/\\\/www.revistarambla.com\\\/#\\\/schema\\\/logo\\\/image\\\/\",\"url\":\"https:\\\/\\\/www.revistarambla.com\\\/wp-content\\\/uploads\\\/2020\\\/09\\\/banner_rambla_1900x600_BB.png\",\"contentUrl\":\"https:\\\/\\\/www.revistarambla.com\\\/wp-content\\\/uploads\\\/2020\\\/09\\\/banner_rambla_1900x600_BB.png\",\"width\":1900,\"height\":600,\"caption\":\"Revista Rambla\"},\"image\":{\"@id\":\"https:\\\/\\\/www.revistarambla.com\\\/#\\\/schema\\\/logo\\\/image\\\/\"},\"sameAs\":[\"https:\\\/\\\/www.facebook.com\\\/revistarambla\\\/\",\"https:\\\/\\\/x.com\\\/revistarambla\",\"https:\\\/\\\/www.instagram.com\\\/revista_rambla\",\"https:\\\/\\\/es.linkedin.com\\\/company\\\/revista-rambla\"]},{\"@type\":\"Person\",\"@id\":\"https:\\\/\\\/www.revistarambla.com\\\/#\\\/schema\\\/person\\\/2b19179a8ace334b829ad72cc6e6ce97\",\"name\":\"Pablo Elorduy\"}]}<\/script>\n<!-- \/ Yoast SEO plugin. -->","yoast_head_json":{"title":"El Mobile World Congress de Barcelona pone la alfombra roja para drones israel\u00edes \u00abprobados en combate\u00bb - Revista Rambla","robots":{"index":"index","follow":"follow","max-snippet":"max-snippet:-1","max-image-preview":"max-image-preview:large","max-video-preview":"max-video-preview:-1"},"canonical":"https:\/\/www.revistarambla.com\/en\/el-mobile-world-congress-de-barcelona-pone-la-alfombra-roja-para-drones-israelies-probados-en-combate\/","og_locale":"en_GB","og_type":"article","og_title":"El Mobile World Congress de Barcelona pone la alfombra roja para drones israel\u00edes \u00abprobados en combate\u00bb - Revista Rambla","og_description":"El congreso de tecnolog\u00eda de Barcelona, en el que participan econ\u00f3micamente el Ayuntamiento de Barcelona, la Generalitat y el Ministerio de Asuntos Econ\u00f3micos y Transformaci\u00f3n Digital, abri\u00f3 su escenario principal a una empresa colaboradora del ej\u00e9rcito israel\u00ed. En la imagen, Los empresarios Matteo y Aviv Shapira, de la compa\u00f1\u00eda Xtend, presentan su sistema de drones probados en combate en la pasada edici\u00f3n del Mobile World Congress de Barcelona.","og_url":"https:\/\/www.revistarambla.com\/en\/el-mobile-world-congress-de-barcelona-pone-la-alfombra-roja-para-drones-israelies-probados-en-combate\/","og_site_name":"Revista Rambla","article_publisher":"https:\/\/www.facebook.com\/revistarambla\/","article_published_time":"2024-03-04T19:47:49+00:00","article_modified_time":"2024-03-05T19:49:05+00:00","og_image":[{"width":1500,"height":1000,"url":"https:\/\/www.revistarambla.com\/wp-content\/uploads\/2024\/03\/drones-israel.jpg","type":"image\/jpeg"}],"author":"Pablo Elorduy","twitter_card":"summary_large_image","twitter_creator":"@revistarambla","twitter_site":"@revistarambla","twitter_misc":{"Written by":"Pablo Elorduy","Estimated reading time":"7 minutes"},"schema":{"@context":"https:\/\/schema.org","@graph":[{"@type":"Article","@id":"https:\/\/www.revistarambla.com\/el-mobile-world-congress-de-barcelona-pone-la-alfombra-roja-para-drones-israelies-probados-en-combate\/#article","isPartOf":{"@id":"https:\/\/www.revistarambla.com\/el-mobile-world-congress-de-barcelona-pone-la-alfombra-roja-para-drones-israelies-probados-en-combate\/"},"author":{"name":"Pablo Elorduy","@id":"https:\/\/www.revistarambla.com\/#\/schema\/person\/2b19179a8ace334b829ad72cc6e6ce97"},"headline":"El Mobile World Congress de Barcelona pone la alfombra roja para drones israel\u00edes \u00abprobados en combate\u00bb","datePublished":"2024-03-04T19:47:49+00:00","dateModified":"2024-03-05T19:49:05+00:00","mainEntityOfPage":{"@id":"https:\/\/www.revistarambla.com\/el-mobile-world-congress-de-barcelona-pone-la-alfombra-roja-para-drones-israelies-probados-en-combate\/"},"wordCount":1385,"publisher":{"@id":"https:\/\/www.revistarambla.com\/#organization"},"image":{"@id":"https:\/\/www.revistarambla.com\/el-mobile-world-congress-de-barcelona-pone-la-alfombra-roja-para-drones-israelies-probados-en-combate\/#primaryimage"},"thumbnailUrl":"https:\/\/www.revistarambla.com\/wp-content\/uploads\/2024\/03\/drones-israel.jpg","articleSection":["Barcelona"],"inLanguage":"en-GB"},{"@type":"WebPage","@id":"https:\/\/www.revistarambla.com\/el-mobile-world-congress-de-barcelona-pone-la-alfombra-roja-para-drones-israelies-probados-en-combate\/","url":"https:\/\/www.revistarambla.com\/el-mobile-world-congress-de-barcelona-pone-la-alfombra-roja-para-drones-israelies-probados-en-combate\/","name":"El Mobile World Congress de Barcelona pone la alfombra roja para drones israel\u00edes \u00abprobados en combate\u00bb - Revista Rambla","isPartOf":{"@id":"https:\/\/www.revistarambla.com\/#website"},"primaryImageOfPage":{"@id":"https:\/\/www.revistarambla.com\/el-mobile-world-congress-de-barcelona-pone-la-alfombra-roja-para-drones-israelies-probados-en-combate\/#primaryimage"},"image":{"@id":"https:\/\/www.revistarambla.com\/el-mobile-world-congress-de-barcelona-pone-la-alfombra-roja-para-drones-israelies-probados-en-combate\/#primaryimage"},"thumbnailUrl":"https:\/\/www.revistarambla.com\/wp-content\/uploads\/2024\/03\/drones-israel.jpg","datePublished":"2024-03-04T19:47:49+00:00","dateModified":"2024-03-05T19:49:05+00:00","breadcrumb":{"@id":"https:\/\/www.revistarambla.com\/el-mobile-world-congress-de-barcelona-pone-la-alfombra-roja-para-drones-israelies-probados-en-combate\/#breadcrumb"},"inLanguage":"en-GB","potentialAction":[{"@type":"ReadAction","target":["https:\/\/www.revistarambla.com\/el-mobile-world-congress-de-barcelona-pone-la-alfombra-roja-para-drones-israelies-probados-en-combate\/"]}]},{"@type":"ImageObject","inLanguage":"en-GB","@id":"https:\/\/www.revistarambla.com\/el-mobile-world-congress-de-barcelona-pone-la-alfombra-roja-para-drones-israelies-probados-en-combate\/#primaryimage","url":"https:\/\/www.revistarambla.com\/wp-content\/uploads\/2024\/03\/drones-israel.jpg","contentUrl":"https:\/\/www.revistarambla.com\/wp-content\/uploads\/2024\/03\/drones-israel.jpg","width":1500,"height":1000},{"@type":"BreadcrumbList","@id":"https:\/\/www.revistarambla.com\/el-mobile-world-congress-de-barcelona-pone-la-alfombra-roja-para-drones-israelies-probados-en-combate\/#breadcrumb","itemListElement":[{"@type":"ListItem","position":1,"name":"Portada","item":"https:\/\/www.revistarambla.com\/"},{"@type":"ListItem","position":2,"name":"El Mobile World Congress de Barcelona pone la alfombra roja para drones israel\u00edes \u00abprobados en combate\u00bb"}]},{"@type":"WebSite","@id":"https:\/\/www.revistarambla.com\/#website","url":"https:\/\/www.revistarambla.com\/","name":"Revista Rambla Barcelona","description":"Periodismo independiente","publisher":{"@id":"https:\/\/www.revistarambla.com\/#organization"},"potentialAction":[{"@type":"SearchAction","target":{"@type":"EntryPoint","urlTemplate":"https:\/\/www.revistarambla.com\/?s={search_term_string}"},"query-input":{"@type":"PropertyValueSpecification","valueRequired":true,"valueName":"search_term_string"}}],"inLanguage":"en-GB"},{"@type":"Organization","@id":"https:\/\/www.revistarambla.com\/#organization","name":"Revista Rambla","url":"https:\/\/www.revistarambla.com\/","logo":{"@type":"ImageObject","inLanguage":"en-GB","@id":"https:\/\/www.revistarambla.com\/#\/schema\/logo\/image\/","url":"https:\/\/www.revistarambla.com\/wp-content\/uploads\/2020\/09\/banner_rambla_1900x600_BB.png","contentUrl":"https:\/\/www.revistarambla.com\/wp-content\/uploads\/2020\/09\/banner_rambla_1900x600_BB.png","width":1900,"height":600,"caption":"Revista Rambla"},"image":{"@id":"https:\/\/www.revistarambla.com\/#\/schema\/logo\/image\/"},"sameAs":["https:\/\/www.facebook.com\/revistarambla\/","https:\/\/x.com\/revistarambla","https:\/\/www.instagram.com\/revista_rambla","https:\/\/es.linkedin.com\/company\/revista-rambla"]},{"@type":"Person","@id":"https:\/\/www.revistarambla.com\/#\/schema\/person\/2b19179a8ace334b829ad72cc6e6ce97","name":"Pablo Elorduy"}]}},"_links":{"self":[{"href":"https:\/\/www.revistarambla.com\/en\/wp-json\/wp\/v2\/posts\/58728","targetHints":{"allow":["GET"]}}],"collection":[{"href":"https:\/\/www.revistarambla.com\/en\/wp-json\/wp\/v2\/posts"}],"about":[{"href":"https:\/\/www.revistarambla.com\/en\/wp-json\/wp\/v2\/types\/post"}],"author":[{"embeddable":true,"href":"https:\/\/www.revistarambla.com\/en\/wp-json\/wp\/v2\/users\/15"}],"replies":[{"embeddable":true,"href":"https:\/\/www.revistarambla.com\/en\/wp-json\/wp\/v2\/comments?post=58728"}],"version-history":[{"count":3,"href":"https:\/\/www.revistarambla.com\/en\/wp-json\/wp\/v2\/posts\/58728\/revisions"}],"predecessor-version":[{"id":58745,"href":"https:\/\/www.revistarambla.com\/en\/wp-json\/wp\/v2\/posts\/58728\/revisions\/58745"}],"wp:featuredmedia":[{"embeddable":true,"href":"https:\/\/www.revistarambla.com\/en\/wp-json\/wp\/v2\/media\/58741"}],"wp:attachment":[{"href":"https:\/\/www.revistarambla.com\/en\/wp-json\/wp\/v2\/media?parent=58728"}],"wp:term":[{"taxonomy":"category","embeddable":true,"href":"https:\/\/www.revistarambla.com\/en\/wp-json\/wp\/v2\/categories?post=58728"},{"taxonomy":"post_tag","embeddable":true,"href":"https:\/\/www.revistarambla.com\/en\/wp-json\/wp\/v2\/tags?post=58728"}],"curies":[{"name":"wp","href":"https:\/\/api.w.org\/{rel}","templated":true}]}}