{"id":58697,"date":"2024-03-04T19:52:20","date_gmt":"2024-03-04T18:52:20","guid":{"rendered":"https:\/\/www.revistarambla.com\/?p=58697"},"modified":"2024-03-12T19:06:25","modified_gmt":"2024-03-12T18:06:25","slug":"carles-figuerola-la-intel%c2%b7ligencia-artificial-canviara-la-fotografia","status":"publish","type":"post","link":"https:\/\/www.revistarambla.com\/en\/carles-figuerola-la-intel%c2%b7ligencia-artificial-canviara-la-fotografia\/","title":{"rendered":"Barcelona, tot llest per al festival de fotografia m\u00e9s gran d&#8217;Europa"},"content":{"rendered":"<p>Barcelona ser\u00e0 la capital europea de la fotografia del 13 al 15 de mar\u00e7. Queda molt poc ja per a una nova edici\u00f3 del Photo Forum Barcelona<!--more-->, un dels esdeveniments que m\u00e9s esperen els professionals i els aficionats del m\u00f3n de la fotografia i del v\u00eddeo. Al Photo Forum tenen una plataforma \u00fanica per a l\u2019aprenentatge, la inspiraci\u00f3 i el networking. Estem davant del festival de fotografia m\u00e9s gran d\u2019Europa i el segon del m\u00f3n.<\/p>\n<p>El Photo Forum Barcelona obrir\u00e0 les portes el dia 13 de mar\u00e7 per presentar una \u00e0mplia gamma d\u2019activitats que inclouen zones comercials din\u00e0miques, keynotes i taules rodones per al debat, especialment sobre el gran impacte que la Intel\u00b7lig\u00e8ncia Artificial est\u00e0 tenint a les nostres vides al m\u00f3n de la fotografia i el v\u00eddeo. Al Photo Forum tamb\u00e9 hi trobareu m\u00e9s de 20 exposicions dels millors fot\u00f2grafs de casa nostra i d\u2019arreu.<\/p>\n<p>Per saber m\u00e9s detalls del Photo Forum, parlem amb el seu director general, Carles Figuerola, que \u00e9s fot\u00f2graf professional i membre de l\u2019organitzaci\u00f3 del festival.<\/p>\n<figure id=\"attachment_58705\" aria-describedby=\"caption-attachment-58705\" style=\"width: 560px\" class=\"wp-caption aligncenter\"><img decoding=\"async\" class=\"wp-image-58705 size-large\" src=\"https:\/\/www.revistarambla.com\/wp-content\/uploads\/2024\/03\/CARLES-FIGUEROLA-Director-General-del-Photo-Forum-Fest-560x840.jpg\" alt=\"\" width=\"560\" height=\"840\" srcset=\"https:\/\/www.revistarambla.com\/wp-content\/uploads\/2024\/03\/CARLES-FIGUEROLA-Director-General-del-Photo-Forum-Fest-560x840.jpg 560w, https:\/\/www.revistarambla.com\/wp-content\/uploads\/2024\/03\/CARLES-FIGUEROLA-Director-General-del-Photo-Forum-Fest-243x365.jpg 243w, https:\/\/www.revistarambla.com\/wp-content\/uploads\/2024\/03\/CARLES-FIGUEROLA-Director-General-del-Photo-Forum-Fest-768x1152.jpg 768w, https:\/\/www.revistarambla.com\/wp-content\/uploads\/2024\/03\/CARLES-FIGUEROLA-Director-General-del-Photo-Forum-Fest-1024x1536.jpg 1024w, https:\/\/www.revistarambla.com\/wp-content\/uploads\/2024\/03\/CARLES-FIGUEROLA-Director-General-del-Photo-Forum-Fest-8x12.jpg 8w, https:\/\/www.revistarambla.com\/wp-content\/uploads\/2024\/03\/CARLES-FIGUEROLA-Director-General-del-Photo-Forum-Fest.jpg 1280w\" sizes=\"(max-width: 560px) 100vw, 560px\" \/><figcaption id=\"caption-attachment-58705\" class=\"wp-caption-text\">Carles Figuerola, director general de Photo Forum Barcelona.<\/figcaption><\/figure>\n<p><b>L\u2019any passat es va arribar als 10.000 visitants per primer cop. Qu\u00e8 suposa aquesta xifra?<\/b><\/p>\n<p>L\u2019any passat, vam tenir l\u2019honor d\u2019acollir a m\u00e9s de 10.000 visitants al Photo Forum Barcelona, una fita que no nom\u00e9s va superar les nostres expectatives, sin\u00f3 que tamb\u00e9 va representar un creixement significatiu en relaci\u00f3 als 7.000 visitants de l\u2019edici\u00f3 anterior. Pensem que aquesta evoluci\u00f3 \u00e9s un clar testimoni de l\u2019inter\u00e8s creixent i de la confian\u00e7a que el p\u00fablic t\u00e9 en el nostre esdeveniment. Tamb\u00e9 \u00e9s un premi a la qualitat i la diversitat de les propostes que oferim en tres dies molt intensos.<\/p>\n<p><b>I quines perspectives hi ha aquest de cara a l\u2019edici\u00f3 d\u2019aquest 2024? Es pot seguir creixent encara m\u00e9s?<\/b><\/p>\n<p>B\u00e9, nosaltres tenim els peus a terra de cara a aquesta edici\u00f3 del 2024, i som plenament conscients que arribar a una xifra similar de participaci\u00f3 seria un \u00e8xit remarcable. Dit aix\u00f2, no ens conformem amb mantenir-nos, perqu\u00e8 el nostre objectiu sempre \u00e9s superar-nos. Amb aquest esperit, hem treballat per incorporar novetats que creiem que enriquiran l\u2019experi\u00e8ncia dels nostres visitants. Tamb\u00e9 penso que podem atraure un p\u00fablic m\u00e9s ampli. Estem entusiasmats amb les noves incorporacions. La nostra passi\u00f3 per la fotografia i per oferir una plataforma de qualitat per als fot\u00f2grafs, tant consolidats com emergents, \u00e9s el que ens impulsa a seguir millorant any rere any.<\/p>\n<p><b>Quines novetats hi haur\u00e0 aquest any al Photo Forum Barcelona?<\/b><\/p>\n<p>Estem emocionats de presentar una s\u00e8rie de novetats que, estem segurs, enriquiran l\u2019experi\u00e8ncia de tots els assistents. Creiem que poden marcar un abans i un despr\u00e9s en l\u2019evoluci\u00f3 del nostre esdeveniment. Entre les millores tenim una Zona Comercial Din\u00e0mica. Hem reinventat aquest espai per oferir una experi\u00e8ncia m\u00e9s interactiva, amb shootings en directe, keynotes i una s\u00e8rie de tallers pr\u00e0ctics que permetran als visitants no nom\u00e9s observar, sin\u00f3 tamb\u00e9 participar sempre activament.<\/p>\n<p><b>Tamb\u00e9 hi ha una zona nova de taula Rodona i firma de llibres.<\/b><\/p>\n<p>Aquesta ser\u00e0 una nova incorporaci\u00f3. Realitzarem diverses entrevistes amb professionals del sector, per tal de crear un espai de di\u00e0leg i intercanvi de coneixement sense precedents en el nostre f\u00f2rum. Cal sumar tamb\u00e9 un espai on els propis autors podran connectar amb el p\u00fablic. Aix\u00f2 \u00e9s molt important per als autors i tamb\u00e9 per al nostre p\u00fablic.<\/p>\n<p><img decoding=\"async\" class=\"aligncenter wp-image-58704 size-large\" src=\"https:\/\/www.revistarambla.com\/wp-content\/uploads\/2024\/03\/404283568_655749463396536_8701862003741797455_n-840x840.jpg\" alt=\"\" width=\"640\" height=\"640\" srcset=\"https:\/\/www.revistarambla.com\/wp-content\/uploads\/2024\/03\/404283568_655749463396536_8701862003741797455_n-840x840.jpg 840w, https:\/\/www.revistarambla.com\/wp-content\/uploads\/2024\/03\/404283568_655749463396536_8701862003741797455_n-365x365.jpg 365w, https:\/\/www.revistarambla.com\/wp-content\/uploads\/2024\/03\/404283568_655749463396536_8701862003741797455_n-768x768.jpg 768w, https:\/\/www.revistarambla.com\/wp-content\/uploads\/2024\/03\/404283568_655749463396536_8701862003741797455_n-12x12.jpg 12w, https:\/\/www.revistarambla.com\/wp-content\/uploads\/2024\/03\/404283568_655749463396536_8701862003741797455_n-150x150.jpg 150w, https:\/\/www.revistarambla.com\/wp-content\/uploads\/2024\/03\/404283568_655749463396536_8701862003741797455_n-70x70.jpg 70w, https:\/\/www.revistarambla.com\/wp-content\/uploads\/2024\/03\/404283568_655749463396536_8701862003741797455_n.jpg 1440w\" sizes=\"(max-width: 640px) 100vw, 640px\" \/><\/p>\n<p><b>Hi haur\u00e0 m\u00e9s exposicions de fot\u00f2grafs.<\/b><\/p>\n<p>S\u00ed, perqu\u00e8 ampliem l\u2019\u00c0rea d\u2019Exposicions. Aquest any, l\u2019espai dedicat a les exposicions ser\u00e0 m\u00e9s gran. Aix\u00f2 ens permet tenir una major quantitat i diversitat d\u2019exposicions fotogr\u00e0fiques. Ja veureu com s\u00f3n de molts temes i estils. El <span style=\"text-decoration: underline;\"><a href=\"https:\/\/www.revistarambla.com\/en\/col%c2%b7lectiu-negatiu\/\">Col\u00b7lectiu Negatiu de fotoperiodistes de Barcelona<\/a><\/span>, per exemple, s\u2019estrena al nostre festival i estem molt contents de tenir-los al Photo Fest.<\/p>\n<p><b>I, com no podia faltar en una ciutat d\u2019emprenedors com Barcelona, tindrem una Zona de Networking.<\/b><\/p>\n<p>Som molts conscients de la import\u00e0ncia de crear vincles professionals. Per aix\u00f2, hem ampliat i millorat aquest espai perqu\u00e8 volem facilitar l\u2019intercanvi d\u2019idees, de projectes i crear oportunitats entre els assistents.<\/p>\n<p><b>I, a m\u00e9s de fotografia, tamb\u00e9 hi ha una forta pres\u00e8ncia del v\u00eddeo al Photo Forum d\u2019aquest any.<\/b><\/p>\n<p>Doncs, s\u00ed, jo crec que donem un pas endavant reconeixent el v\u00eddeo com el complement ideal per a la fotografia. Integrem sessions i activitats espec\u00edfiques dedicades a l\u2019exploraci\u00f3 de les sinergies entre dues disciplines que van tan unides avui en dia.<\/p>\n<p><img decoding=\"async\" class=\"aligncenter wp-image-58703 size-large\" src=\"https:\/\/www.revistarambla.com\/wp-content\/uploads\/2024\/03\/405546663_1048706202919099_2366518491336865550_n-840x840.jpg\" alt=\"\" width=\"640\" height=\"640\" srcset=\"https:\/\/www.revistarambla.com\/wp-content\/uploads\/2024\/03\/405546663_1048706202919099_2366518491336865550_n-840x840.jpg 840w, https:\/\/www.revistarambla.com\/wp-content\/uploads\/2024\/03\/405546663_1048706202919099_2366518491336865550_n-365x365.jpg 365w, https:\/\/www.revistarambla.com\/wp-content\/uploads\/2024\/03\/405546663_1048706202919099_2366518491336865550_n-768x768.jpg 768w, https:\/\/www.revistarambla.com\/wp-content\/uploads\/2024\/03\/405546663_1048706202919099_2366518491336865550_n-12x12.jpg 12w, https:\/\/www.revistarambla.com\/wp-content\/uploads\/2024\/03\/405546663_1048706202919099_2366518491336865550_n-150x150.jpg 150w, https:\/\/www.revistarambla.com\/wp-content\/uploads\/2024\/03\/405546663_1048706202919099_2366518491336865550_n-70x70.jpg 70w, https:\/\/www.revistarambla.com\/wp-content\/uploads\/2024\/03\/405546663_1048706202919099_2366518491336865550_n.jpg 1440w\" sizes=\"(max-width: 640px) 100vw, 640px\" \/><\/p>\n<p><b>Pots explicar quins s\u00f3n els congressos que hi ha dins del Photo Forum?<\/b><\/p>\n<p>A m\u00e9s dels ja consolidats \u201cBodaf Europe\u201d i \u201cLife\u201d, aquest any hi sumem el congr\u00e9s \u00abFamily Time\u00bb, recuperant-lo per oferir un espai dedicat a la fotografia lifestyle, familiar, newborn i retrat, tant d\u2019estudi com lifestyle. Aquesta nova incorporaci\u00f3 respon a la demanda creixent d\u2019un enfocament m\u00e9s personal i \u00edntim en la fotografia. Aix\u00ed tamb\u00e9 reflectim les tend\u00e8ncies actuals del sector.<\/p>\n<p><b>D\u2019alguna manera, el p\u00fablic cada cop \u00e9s m\u00e9s exigent&#8230;<\/b><\/p>\n<p>Totalment. Aquestes novetats, creiem fermament, no nom\u00e9s ampliaran l\u2019oferta i el valor del Photo Forum Barcelona, sin\u00f3 que tamb\u00e9 respondran a les expectatives i necessitats d\u2019un p\u00fablic cada vegada m\u00e9s divers i exigent. Estem compromesos en aquesta tasca. Volem oferir una plataforma que celebri la fotografia i el v\u00eddeo en totes les seves formes, fomentant l\u2019aprenentatge, la inspiraci\u00f3 i, sobretot, la passi\u00f3 per aquestes disciplines art\u00edstiques.<\/p>\n<h3>Intel\u00b7lig\u00e8ncia Artificial<\/h3>\n<p><b>Al Festival hi participen ponents de renom internacional i es tractar\u00e0 amb especial inter\u00e8s una tecnologia que est\u00e0 canviant el paradigma de tothom: la Intel\u00b7lig\u00e8ncia Artificial.<\/b><\/p>\n<p>Indubtablement, la Intel\u00b7lig\u00e8ncia Artificial (IA) es perfila ja com una de les din\u00e0miques m\u00e9s revolucion\u00e0ries. Suposa un impacte profund i ja es comen\u00e7a a notar. Canviar\u00e0 la fotografia i el v\u00eddeo. En reconeixement d\u2019aquesta tend\u00e8ncia, i atenent a l\u2019inter\u00e8s cada vegada m\u00e9s palpable tant de professionals, com d\u2019aficionats, el Photo Forum d\u2019aquest any ha decidit situar la IA en un lloc central dins del seu programa.<\/p>\n<p><b>Fins a quin punt?<\/b><\/p>\n<p>Doncs podem anunciar que les Keynotes inclouran diverses pon\u00e8ncies enfocades espec\u00edficament en la IA, les quals seran impartides per figures destacables del sector. Aquestes presentacions exploraran no nom\u00e9s els aven\u00e7os m\u00e9s recents, sin\u00f3 tamb\u00e9 com la IA s\u2019est\u00e0 integrant en els processos creatius i operatius dels professionals, optimitzant aix\u00ed recursos i temps.<\/p>\n<p><b>La IA est\u00e0 aixecant molts tipus de debats, des d\u2019\u00e8tics a merament professionals&#8230;<\/b><\/p>\n<p>Ho sabem. Per aix\u00f2, un dels plats forts seran, sense dubte, les nostres taules rodones, destinades a convertir-se en un espai clau per al debat sobre la IA. Aquestes sessions proporcionaran una oportunitat d\u2019or per a l\u2019intercanvi d\u2019idees, experi\u00e8ncies i visions sobre el futur de la fotografia i el v\u00eddeo sota l\u2019influx de la IA. Prometen ser un punt de trobada essencial per a tots aquells interessats en les noves dimensions que aquesta tecnologia obre en el nostre \u00e0mbit.<\/p>\n<p><b>Diversos expositors presentaran productes i programaris basats en IA. Aquestes eines poden ser valuoses per al desenvolupament professional dels assistents.<\/b><\/p>\n<p>\u00c9s que la inclusi\u00f3 de la IA en el Photo Forum Barcelona simbolitza el nostre desig de ser la punta de llan\u00e7a de la innovaci\u00f3 tecnol\u00f2gica i de les tend\u00e8ncies del sector. \u00a0Es demostra el nostre comprom\u00eds per tal d\u2019oferir una plataforma de trobada i aprenentatge. Els professionals i els aficionats han d\u2019interactuar, compartir coneixements i inspirar-se m\u00fatuament. Encoratgem a tots els participants a immergir-se en aquestes discussions i a explorar conjuntament el potencial il\u00b7limitat que la IA ofereix per al futur de la fotografia i el v\u00eddeo.<\/p>\n<p><b>Tothom vol saber quins convidats tenim aquest any?<\/b><\/p>\n<p>Per a l\u2019edici\u00f3 d\u2019aquest any del LIFE, tenim el plaer de comptar amb una selecci\u00f3 de ponents excepcionals, de nivell top. Cadascun d\u2019ells aporta una visi\u00f3 \u00fanica i profundament personal al m\u00f3n de la fotografia.<\/p>\n<p><b>Podries parlar una mica de cadascun? Qu\u00e8 es pot dir d\u2019Alberto Garc\u00eda Alix?<\/b><\/p>\n<p>Doncs que, conscient de la seva llegenda dins el m\u00f3n de la fotografia espanyola, Alberto Garc\u00eda Alix ens porta al Photo Forum un viatge \u00edntim a trav\u00e9s dels seus retrats en blanc i negre. La seva obra \u00e9s una reflexi\u00f3 profunda sobre l\u2019exist\u00e8ncia humana. D\u2019alguna manera, simbolitza la cruesa i la poesia de la vida als marges.<\/p>\n<p><img decoding=\"async\" class=\"aligncenter wp-image-58700 size-large\" src=\"https:\/\/www.revistarambla.com\/wp-content\/uploads\/2024\/03\/405764685_348931771048762_4396634954598452373_n-840x840.jpg\" alt=\"\" width=\"640\" height=\"640\" srcset=\"https:\/\/www.revistarambla.com\/wp-content\/uploads\/2024\/03\/405764685_348931771048762_4396634954598452373_n-840x840.jpg 840w, https:\/\/www.revistarambla.com\/wp-content\/uploads\/2024\/03\/405764685_348931771048762_4396634954598452373_n-365x365.jpg 365w, https:\/\/www.revistarambla.com\/wp-content\/uploads\/2024\/03\/405764685_348931771048762_4396634954598452373_n-768x768.jpg 768w, https:\/\/www.revistarambla.com\/wp-content\/uploads\/2024\/03\/405764685_348931771048762_4396634954598452373_n-12x12.jpg 12w, https:\/\/www.revistarambla.com\/wp-content\/uploads\/2024\/03\/405764685_348931771048762_4396634954598452373_n-150x150.jpg 150w, https:\/\/www.revistarambla.com\/wp-content\/uploads\/2024\/03\/405764685_348931771048762_4396634954598452373_n-70x70.jpg 70w, https:\/\/www.revistarambla.com\/wp-content\/uploads\/2024\/03\/405764685_348931771048762_4396634954598452373_n.jpg 1440w\" sizes=\"(max-width: 640px) 100vw, 640px\" \/><\/p>\n<p><b>La xerrada del corresponsal de guerra Manu Brabo segur que ser\u00e0 impactant&#8230;<\/b><\/p>\n<p>\u00c9s que Manu Brabo ha rebut premis a tot el m\u00f3n. <span style=\"text-decoration: underline;\"><a href=\"https:\/\/www.revistarambla.com\/en\/manu-brabo-los-informadores-rusos-pensaban-que-ucrania-se-iba-a-rendir-muy-pronto\/\">Manu Brabo<\/a><\/span> \u00e9s sin\u00f2nim de fotoperiodisme de combat. La seva capacitat per capturar moments de conflicte i humanitat en condicions extremes simbolitza el poder de la imatge per documentar la veritat i les hist\u00f2ries no explicades. \u00c9s un gran honor tenir-lo entre nosaltres aquests dies.<\/p>\n<p><b>Com descriuries la fotografia de Santi Palacios, un altre dels convidats de luxe?<\/b><\/p>\n<p>Doncs que t\u00e9 un ull afilat per a les hist\u00f2ries socials i humanit\u00e0ries. Santi Palacios destaca per la seva habilitat per connectar amb els seus subjectes i t\u2019ofereix una perspectiva que desafia i que il\u00b7lumina. La seva obra simbolitza el comprom\u00eds amb la just\u00edcia social a trav\u00e9s de la fotografia.<\/p>\n<p><b>Chris Eyre-Walker \u00e9s un fot\u00f2graf d\u2019aventura i natura.<\/b><\/p>\n<p>\u00c9s conegut per la seva capacitat per capturar la bellesa i la ferocitat del m\u00f3n natural. La seva passi\u00f3 per l\u2019aventura i el medi ambient simbolitza la uni\u00f3 entre l\u2019home i la natura. Ell sempre inspira l\u2019espectador a explorar i a conservar la natura.<\/p>\n<p><b>Lua Ribeira \u00e9s una fot\u00f2grafa emergent. Qu\u00e8 et sembla?<\/b><\/p>\n<p><span style=\"text-decoration: underline;\"><a href=\"https:\/\/www.revistarambla.com\/en\/lua-ribeira-es-un-privilegio-estar-en-la-agencia-magnum\/\">Lua Ribeira<\/a><\/span> ens ofereix una mirada fresca i vibrant. Aporta un aire fresc a la fotografia contempor\u00e0nia. La seva obra \u00e9s intensament personal i est\u00e0 carregada d\u2019energia. D\u2019alguna manera, simbolitza la recerca de bellesa dins l\u2019ordinari. Ella sempre convida l\u2019espectador a una introspecci\u00f3 profunda. Tot el que fa \u00e9s molt interessant.<\/p>\n<p><img decoding=\"async\" class=\"aligncenter wp-image-58702 size-large\" src=\"https:\/\/www.revistarambla.com\/wp-content\/uploads\/2024\/03\/405808101_673609151509414_4593346346081229470_n-840x840.jpg\" alt=\"\" width=\"640\" height=\"640\" srcset=\"https:\/\/www.revistarambla.com\/wp-content\/uploads\/2024\/03\/405808101_673609151509414_4593346346081229470_n-840x840.jpg 840w, https:\/\/www.revistarambla.com\/wp-content\/uploads\/2024\/03\/405808101_673609151509414_4593346346081229470_n-365x365.jpg 365w, https:\/\/www.revistarambla.com\/wp-content\/uploads\/2024\/03\/405808101_673609151509414_4593346346081229470_n-768x768.jpg 768w, https:\/\/www.revistarambla.com\/wp-content\/uploads\/2024\/03\/405808101_673609151509414_4593346346081229470_n-12x12.jpg 12w, https:\/\/www.revistarambla.com\/wp-content\/uploads\/2024\/03\/405808101_673609151509414_4593346346081229470_n-150x150.jpg 150w, https:\/\/www.revistarambla.com\/wp-content\/uploads\/2024\/03\/405808101_673609151509414_4593346346081229470_n-70x70.jpg 70w, https:\/\/www.revistarambla.com\/wp-content\/uploads\/2024\/03\/405808101_673609151509414_4593346346081229470_n.jpg 1440w\" sizes=\"(max-width: 640px) 100vw, 640px\" \/><\/p>\n<p><b>Outumuro \u00e9s un fot\u00f2graf de moda molt reconegut. Qu\u00e8 aporta ell al Festival?<\/b><\/p>\n<p>Outumuro ens porta cap a un univers on l\u2019eleg\u00e0ncia i l\u2019expressivitat es fusionen. La seva capacitat per capturar l\u2019ess\u00e8ncia del moment i la bellesa en cada foto simbolitza la perfecci\u00f3 i l\u2019art dins el m\u00f3n de la moda.<\/p>\n<p><b>Quina crida fa als amants de la fotografia, ara que queden poc dies pel Photo Forum?<\/b><\/p>\n<p>Els animo a aprofitar aquesta oportunitat per aprofundir en el seu ofici o en la seva afici\u00f3. Aqu\u00ed segur que podreu ampliar la vostra xarxa de contactes i, tamb\u00e9, experimentar de primera m\u00e0 les innovacions que estan transformant el m\u00f3n de la fotografia i el v\u00eddeo. No deixeu passar aquesta oportunitat de creixement personal i professional. Ens veiem al Photo Forum Barcelona!<\/p>\n<p><a id=\"x_-866904298OWAf00584ab-c79d-b0ab-dc5d-be83030adf78\" class=\"x_-866904298OWAAutoLink\" href=\"http:\/\/www.photoforumbarcelona.com\" target=\"_blank\" rel=\"noopener\">www.photoforumbarcelona.com<\/a><\/p>","protected":false},"excerpt":{"rendered":"<p>El Col\u00b7lectiu Negatiu col\u00b7labora amb el festival de fotografia m\u00e9s gran d&#8217;Europa. Barcelona ser\u00e0 la capital europea de la fotografia del 13 al 15 de mar\u00e7<\/p>","protected":false},"author":33,"featured_media":58698,"comment_status":"closed","ping_status":"closed","sticky":false,"template":"","format":"standard","meta":{"footnotes":""},"categories":[4104],"tags":[],"class_list":["post-58697","post","type-post","status-publish","format-standard","has-post-thumbnail","hentry","category-photo-forum-barcelona"],"yoast_head":"<!-- This site is optimized with the Yoast SEO plugin v27.5 - https:\/\/yoast.com\/product\/yoast-seo-wordpress\/ -->\n<title>Barcelona, tot llest per al festival de fotografia m\u00e9s gran d&#039;Europa - Revista Rambla<\/title>\n<meta name=\"robots\" content=\"index, follow, max-snippet:-1, max-image-preview:large, max-video-preview:-1\" \/>\n<link rel=\"canonical\" href=\"https:\/\/www.revistarambla.com\/en\/carles-figuerola-la-intel\u00b7ligencia-artificial-canviara-la-fotografia\/\" \/>\n<meta property=\"og:locale\" content=\"en_GB\" \/>\n<meta property=\"og:type\" content=\"article\" \/>\n<meta property=\"og:title\" content=\"Barcelona, tot llest per al festival de fotografia m\u00e9s gran d&#039;Europa - Revista Rambla\" \/>\n<meta property=\"og:description\" content=\"El Col\u00b7lectiu Negatiu col\u00b7labora amb el festival de fotografia m\u00e9s gran d&#039;Europa. Barcelona ser\u00e0 la capital europea de la fotografia del 13 al 15 de mar\u00e7\" \/>\n<meta property=\"og:url\" content=\"https:\/\/www.revistarambla.com\/en\/carles-figuerola-la-intel\u00b7ligencia-artificial-canviara-la-fotografia\/\" \/>\n<meta property=\"og:site_name\" content=\"Revista Rambla\" \/>\n<meta property=\"article:publisher\" content=\"https:\/\/www.facebook.com\/revistarambla\/\" \/>\n<meta property=\"article:published_time\" content=\"2024-03-04T18:52:20+00:00\" \/>\n<meta property=\"article:modified_time\" content=\"2024-03-12T18:06:25+00:00\" \/>\n<meta property=\"og:image\" content=\"https:\/\/www.revistarambla.com\/wp-content\/uploads\/2024\/03\/CARLES-FIGUEROLA-es-el-Director-General-del-Photo-Forum-Fest.jpg\" \/>\n\t<meta property=\"og:image:width\" content=\"1575\" \/>\n\t<meta property=\"og:image:height\" content=\"1575\" \/>\n\t<meta property=\"og:image:type\" content=\"image\/jpeg\" \/>\n<meta name=\"author\" content=\"\u00c0lex M. Franquet\" \/>\n<meta name=\"twitter:card\" content=\"summary_large_image\" \/>\n<meta name=\"twitter:creator\" content=\"@revistarambla\" \/>\n<meta name=\"twitter:site\" content=\"@revistarambla\" \/>\n<meta name=\"twitter:label1\" content=\"Written by\" \/>\n\t<meta name=\"twitter:data1\" content=\"\u00c0lex M. Franquet\" \/>\n\t<meta name=\"twitter:label2\" content=\"Estimated reading time\" \/>\n\t<meta name=\"twitter:data2\" content=\"10 minutes\" \/>\n<script type=\"application\/ld+json\" class=\"yoast-schema-graph\">{\"@context\":\"https:\\\/\\\/schema.org\",\"@graph\":[{\"@type\":\"Article\",\"@id\":\"https:\\\/\\\/www.revistarambla.com\\\/carles-figuerola-la-intel%c2%b7ligencia-artificial-canviara-la-fotografia\\\/#article\",\"isPartOf\":{\"@id\":\"https:\\\/\\\/www.revistarambla.com\\\/carles-figuerola-la-intel%c2%b7ligencia-artificial-canviara-la-fotografia\\\/\"},\"author\":{\"name\":\"\u00c0lex M. Franquet\",\"@id\":\"https:\\\/\\\/www.revistarambla.com\\\/#\\\/schema\\\/person\\\/f970e20c8f452a7910eb4defa5fe7d7d\"},\"headline\":\"Barcelona, tot llest per al festival de fotografia m\u00e9s gran d&#8217;Europa\",\"datePublished\":\"2024-03-04T18:52:20+00:00\",\"dateModified\":\"2024-03-12T18:06:25+00:00\",\"mainEntityOfPage\":{\"@id\":\"https:\\\/\\\/www.revistarambla.com\\\/carles-figuerola-la-intel%c2%b7ligencia-artificial-canviara-la-fotografia\\\/\"},\"wordCount\":1898,\"publisher\":{\"@id\":\"https:\\\/\\\/www.revistarambla.com\\\/#organization\"},\"image\":{\"@id\":\"https:\\\/\\\/www.revistarambla.com\\\/carles-figuerola-la-intel%c2%b7ligencia-artificial-canviara-la-fotografia\\\/#primaryimage\"},\"thumbnailUrl\":\"https:\\\/\\\/www.revistarambla.com\\\/wp-content\\\/uploads\\\/2024\\\/03\\\/CARLES-FIGUEROLA-es-el-Director-General-del-Photo-Forum-Fest.jpg\",\"articleSection\":[\"Photo Forum Barcelona\"],\"inLanguage\":\"en-GB\"},{\"@type\":\"WebPage\",\"@id\":\"https:\\\/\\\/www.revistarambla.com\\\/carles-figuerola-la-intel%c2%b7ligencia-artificial-canviara-la-fotografia\\\/\",\"url\":\"https:\\\/\\\/www.revistarambla.com\\\/carles-figuerola-la-intel%c2%b7ligencia-artificial-canviara-la-fotografia\\\/\",\"name\":\"Barcelona, tot llest per al festival de fotografia m\u00e9s gran d'Europa - Revista Rambla\",\"isPartOf\":{\"@id\":\"https:\\\/\\\/www.revistarambla.com\\\/#website\"},\"primaryImageOfPage\":{\"@id\":\"https:\\\/\\\/www.revistarambla.com\\\/carles-figuerola-la-intel%c2%b7ligencia-artificial-canviara-la-fotografia\\\/#primaryimage\"},\"image\":{\"@id\":\"https:\\\/\\\/www.revistarambla.com\\\/carles-figuerola-la-intel%c2%b7ligencia-artificial-canviara-la-fotografia\\\/#primaryimage\"},\"thumbnailUrl\":\"https:\\\/\\\/www.revistarambla.com\\\/wp-content\\\/uploads\\\/2024\\\/03\\\/CARLES-FIGUEROLA-es-el-Director-General-del-Photo-Forum-Fest.jpg\",\"datePublished\":\"2024-03-04T18:52:20+00:00\",\"dateModified\":\"2024-03-12T18:06:25+00:00\",\"breadcrumb\":{\"@id\":\"https:\\\/\\\/www.revistarambla.com\\\/carles-figuerola-la-intel%c2%b7ligencia-artificial-canviara-la-fotografia\\\/#breadcrumb\"},\"inLanguage\":\"en-GB\",\"potentialAction\":[{\"@type\":\"ReadAction\",\"target\":[\"https:\\\/\\\/www.revistarambla.com\\\/carles-figuerola-la-intel%c2%b7ligencia-artificial-canviara-la-fotografia\\\/\"]}]},{\"@type\":\"ImageObject\",\"inLanguage\":\"en-GB\",\"@id\":\"https:\\\/\\\/www.revistarambla.com\\\/carles-figuerola-la-intel%c2%b7ligencia-artificial-canviara-la-fotografia\\\/#primaryimage\",\"url\":\"https:\\\/\\\/www.revistarambla.com\\\/wp-content\\\/uploads\\\/2024\\\/03\\\/CARLES-FIGUEROLA-es-el-Director-General-del-Photo-Forum-Fest.jpg\",\"contentUrl\":\"https:\\\/\\\/www.revistarambla.com\\\/wp-content\\\/uploads\\\/2024\\\/03\\\/CARLES-FIGUEROLA-es-el-Director-General-del-Photo-Forum-Fest.jpg\",\"width\":1575,\"height\":1575},{\"@type\":\"BreadcrumbList\",\"@id\":\"https:\\\/\\\/www.revistarambla.com\\\/carles-figuerola-la-intel%c2%b7ligencia-artificial-canviara-la-fotografia\\\/#breadcrumb\",\"itemListElement\":[{\"@type\":\"ListItem\",\"position\":1,\"name\":\"Portada\",\"item\":\"https:\\\/\\\/www.revistarambla.com\\\/\"},{\"@type\":\"ListItem\",\"position\":2,\"name\":\"Barcelona, tot llest per al festival de fotografia m\u00e9s gran d&#8217;Europa\"}]},{\"@type\":\"WebSite\",\"@id\":\"https:\\\/\\\/www.revistarambla.com\\\/#website\",\"url\":\"https:\\\/\\\/www.revistarambla.com\\\/\",\"name\":\"Revista Rambla Barcelona\",\"description\":\"Periodismo independiente\",\"publisher\":{\"@id\":\"https:\\\/\\\/www.revistarambla.com\\\/#organization\"},\"potentialAction\":[{\"@type\":\"SearchAction\",\"target\":{\"@type\":\"EntryPoint\",\"urlTemplate\":\"https:\\\/\\\/www.revistarambla.com\\\/?s={search_term_string}\"},\"query-input\":{\"@type\":\"PropertyValueSpecification\",\"valueRequired\":true,\"valueName\":\"search_term_string\"}}],\"inLanguage\":\"en-GB\"},{\"@type\":\"Organization\",\"@id\":\"https:\\\/\\\/www.revistarambla.com\\\/#organization\",\"name\":\"Revista Rambla\",\"url\":\"https:\\\/\\\/www.revistarambla.com\\\/\",\"logo\":{\"@type\":\"ImageObject\",\"inLanguage\":\"en-GB\",\"@id\":\"https:\\\/\\\/www.revistarambla.com\\\/#\\\/schema\\\/logo\\\/image\\\/\",\"url\":\"https:\\\/\\\/www.revistarambla.com\\\/wp-content\\\/uploads\\\/2020\\\/09\\\/banner_rambla_1900x600_BB.png\",\"contentUrl\":\"https:\\\/\\\/www.revistarambla.com\\\/wp-content\\\/uploads\\\/2020\\\/09\\\/banner_rambla_1900x600_BB.png\",\"width\":1900,\"height\":600,\"caption\":\"Revista Rambla\"},\"image\":{\"@id\":\"https:\\\/\\\/www.revistarambla.com\\\/#\\\/schema\\\/logo\\\/image\\\/\"},\"sameAs\":[\"https:\\\/\\\/www.facebook.com\\\/revistarambla\\\/\",\"https:\\\/\\\/x.com\\\/revistarambla\",\"https:\\\/\\\/www.instagram.com\\\/revista_rambla\",\"https:\\\/\\\/es.linkedin.com\\\/company\\\/revista-rambla\"]},{\"@type\":\"Person\",\"@id\":\"https:\\\/\\\/www.revistarambla.com\\\/#\\\/schema\\\/person\\\/f970e20c8f452a7910eb4defa5fe7d7d\",\"name\":\"\u00c0lex M. Franquet\",\"description\":\"-\",\"sameAs\":[\"https:\\\/\\\/www.revistarambla.com\\\/\"]}]}<\/script>\n<!-- \/ Yoast SEO plugin. -->","yoast_head_json":{"title":"Barcelona, tot llest per al festival de fotografia m\u00e9s gran d'Europa - Revista Rambla","robots":{"index":"index","follow":"follow","max-snippet":"max-snippet:-1","max-image-preview":"max-image-preview:large","max-video-preview":"max-video-preview:-1"},"canonical":"https:\/\/www.revistarambla.com\/en\/carles-figuerola-la-intel\u00b7ligencia-artificial-canviara-la-fotografia\/","og_locale":"en_GB","og_type":"article","og_title":"Barcelona, tot llest per al festival de fotografia m\u00e9s gran d'Europa - Revista Rambla","og_description":"El Col\u00b7lectiu Negatiu col\u00b7labora amb el festival de fotografia m\u00e9s gran d'Europa. Barcelona ser\u00e0 la capital europea de la fotografia del 13 al 15 de mar\u00e7","og_url":"https:\/\/www.revistarambla.com\/en\/carles-figuerola-la-intel\u00b7ligencia-artificial-canviara-la-fotografia\/","og_site_name":"Revista Rambla","article_publisher":"https:\/\/www.facebook.com\/revistarambla\/","article_published_time":"2024-03-04T18:52:20+00:00","article_modified_time":"2024-03-12T18:06:25+00:00","og_image":[{"width":1575,"height":1575,"url":"https:\/\/www.revistarambla.com\/wp-content\/uploads\/2024\/03\/CARLES-FIGUEROLA-es-el-Director-General-del-Photo-Forum-Fest.jpg","type":"image\/jpeg"}],"author":"\u00c0lex M. Franquet","twitter_card":"summary_large_image","twitter_creator":"@revistarambla","twitter_site":"@revistarambla","twitter_misc":{"Written by":"\u00c0lex M. Franquet","Estimated reading time":"10 minutes"},"schema":{"@context":"https:\/\/schema.org","@graph":[{"@type":"Article","@id":"https:\/\/www.revistarambla.com\/carles-figuerola-la-intel%c2%b7ligencia-artificial-canviara-la-fotografia\/#article","isPartOf":{"@id":"https:\/\/www.revistarambla.com\/carles-figuerola-la-intel%c2%b7ligencia-artificial-canviara-la-fotografia\/"},"author":{"name":"\u00c0lex M. Franquet","@id":"https:\/\/www.revistarambla.com\/#\/schema\/person\/f970e20c8f452a7910eb4defa5fe7d7d"},"headline":"Barcelona, tot llest per al festival de fotografia m\u00e9s gran d&#8217;Europa","datePublished":"2024-03-04T18:52:20+00:00","dateModified":"2024-03-12T18:06:25+00:00","mainEntityOfPage":{"@id":"https:\/\/www.revistarambla.com\/carles-figuerola-la-intel%c2%b7ligencia-artificial-canviara-la-fotografia\/"},"wordCount":1898,"publisher":{"@id":"https:\/\/www.revistarambla.com\/#organization"},"image":{"@id":"https:\/\/www.revistarambla.com\/carles-figuerola-la-intel%c2%b7ligencia-artificial-canviara-la-fotografia\/#primaryimage"},"thumbnailUrl":"https:\/\/www.revistarambla.com\/wp-content\/uploads\/2024\/03\/CARLES-FIGUEROLA-es-el-Director-General-del-Photo-Forum-Fest.jpg","articleSection":["Photo Forum Barcelona"],"inLanguage":"en-GB"},{"@type":"WebPage","@id":"https:\/\/www.revistarambla.com\/carles-figuerola-la-intel%c2%b7ligencia-artificial-canviara-la-fotografia\/","url":"https:\/\/www.revistarambla.com\/carles-figuerola-la-intel%c2%b7ligencia-artificial-canviara-la-fotografia\/","name":"Barcelona, tot llest per al festival de fotografia m\u00e9s gran d'Europa - Revista Rambla","isPartOf":{"@id":"https:\/\/www.revistarambla.com\/#website"},"primaryImageOfPage":{"@id":"https:\/\/www.revistarambla.com\/carles-figuerola-la-intel%c2%b7ligencia-artificial-canviara-la-fotografia\/#primaryimage"},"image":{"@id":"https:\/\/www.revistarambla.com\/carles-figuerola-la-intel%c2%b7ligencia-artificial-canviara-la-fotografia\/#primaryimage"},"thumbnailUrl":"https:\/\/www.revistarambla.com\/wp-content\/uploads\/2024\/03\/CARLES-FIGUEROLA-es-el-Director-General-del-Photo-Forum-Fest.jpg","datePublished":"2024-03-04T18:52:20+00:00","dateModified":"2024-03-12T18:06:25+00:00","breadcrumb":{"@id":"https:\/\/www.revistarambla.com\/carles-figuerola-la-intel%c2%b7ligencia-artificial-canviara-la-fotografia\/#breadcrumb"},"inLanguage":"en-GB","potentialAction":[{"@type":"ReadAction","target":["https:\/\/www.revistarambla.com\/carles-figuerola-la-intel%c2%b7ligencia-artificial-canviara-la-fotografia\/"]}]},{"@type":"ImageObject","inLanguage":"en-GB","@id":"https:\/\/www.revistarambla.com\/carles-figuerola-la-intel%c2%b7ligencia-artificial-canviara-la-fotografia\/#primaryimage","url":"https:\/\/www.revistarambla.com\/wp-content\/uploads\/2024\/03\/CARLES-FIGUEROLA-es-el-Director-General-del-Photo-Forum-Fest.jpg","contentUrl":"https:\/\/www.revistarambla.com\/wp-content\/uploads\/2024\/03\/CARLES-FIGUEROLA-es-el-Director-General-del-Photo-Forum-Fest.jpg","width":1575,"height":1575},{"@type":"BreadcrumbList","@id":"https:\/\/www.revistarambla.com\/carles-figuerola-la-intel%c2%b7ligencia-artificial-canviara-la-fotografia\/#breadcrumb","itemListElement":[{"@type":"ListItem","position":1,"name":"Portada","item":"https:\/\/www.revistarambla.com\/"},{"@type":"ListItem","position":2,"name":"Barcelona, tot llest per al festival de fotografia m\u00e9s gran d&#8217;Europa"}]},{"@type":"WebSite","@id":"https:\/\/www.revistarambla.com\/#website","url":"https:\/\/www.revistarambla.com\/","name":"Revista Rambla Barcelona","description":"Periodismo independiente","publisher":{"@id":"https:\/\/www.revistarambla.com\/#organization"},"potentialAction":[{"@type":"SearchAction","target":{"@type":"EntryPoint","urlTemplate":"https:\/\/www.revistarambla.com\/?s={search_term_string}"},"query-input":{"@type":"PropertyValueSpecification","valueRequired":true,"valueName":"search_term_string"}}],"inLanguage":"en-GB"},{"@type":"Organization","@id":"https:\/\/www.revistarambla.com\/#organization","name":"Revista Rambla","url":"https:\/\/www.revistarambla.com\/","logo":{"@type":"ImageObject","inLanguage":"en-GB","@id":"https:\/\/www.revistarambla.com\/#\/schema\/logo\/image\/","url":"https:\/\/www.revistarambla.com\/wp-content\/uploads\/2020\/09\/banner_rambla_1900x600_BB.png","contentUrl":"https:\/\/www.revistarambla.com\/wp-content\/uploads\/2020\/09\/banner_rambla_1900x600_BB.png","width":1900,"height":600,"caption":"Revista Rambla"},"image":{"@id":"https:\/\/www.revistarambla.com\/#\/schema\/logo\/image\/"},"sameAs":["https:\/\/www.facebook.com\/revistarambla\/","https:\/\/x.com\/revistarambla","https:\/\/www.instagram.com\/revista_rambla","https:\/\/es.linkedin.com\/company\/revista-rambla"]},{"@type":"Person","@id":"https:\/\/www.revistarambla.com\/#\/schema\/person\/f970e20c8f452a7910eb4defa5fe7d7d","name":"\u00c0lex M. Franquet","description":"-","sameAs":["https:\/\/www.revistarambla.com\/"]}]}},"_links":{"self":[{"href":"https:\/\/www.revistarambla.com\/en\/wp-json\/wp\/v2\/posts\/58697","targetHints":{"allow":["GET"]}}],"collection":[{"href":"https:\/\/www.revistarambla.com\/en\/wp-json\/wp\/v2\/posts"}],"about":[{"href":"https:\/\/www.revistarambla.com\/en\/wp-json\/wp\/v2\/types\/post"}],"author":[{"embeddable":true,"href":"https:\/\/www.revistarambla.com\/en\/wp-json\/wp\/v2\/users\/33"}],"replies":[{"embeddable":true,"href":"https:\/\/www.revistarambla.com\/en\/wp-json\/wp\/v2\/comments?post=58697"}],"version-history":[{"count":5,"href":"https:\/\/www.revistarambla.com\/en\/wp-json\/wp\/v2\/posts\/58697\/revisions"}],"predecessor-version":[{"id":58827,"href":"https:\/\/www.revistarambla.com\/en\/wp-json\/wp\/v2\/posts\/58697\/revisions\/58827"}],"wp:featuredmedia":[{"embeddable":true,"href":"https:\/\/www.revistarambla.com\/en\/wp-json\/wp\/v2\/media\/58698"}],"wp:attachment":[{"href":"https:\/\/www.revistarambla.com\/en\/wp-json\/wp\/v2\/media?parent=58697"}],"wp:term":[{"taxonomy":"category","embeddable":true,"href":"https:\/\/www.revistarambla.com\/en\/wp-json\/wp\/v2\/categories?post=58697"},{"taxonomy":"post_tag","embeddable":true,"href":"https:\/\/www.revistarambla.com\/en\/wp-json\/wp\/v2\/tags?post=58697"}],"curies":[{"name":"wp","href":"https:\/\/api.w.org\/{rel}","templated":true}]}}