{"id":58544,"date":"2024-02-23T21:36:36","date_gmt":"2024-02-23T20:36:36","guid":{"rendered":"https:\/\/www.revistarambla.com\/?p=58544"},"modified":"2024-02-23T21:36:36","modified_gmt":"2024-02-23T20:36:36","slug":"pedro-sanchez-refuerza-su-alianza-con-mohamed-vi-intereses-economicos-y-politicos-a-cambio-de-derechos-humanos","status":"publish","type":"post","link":"https:\/\/www.revistarambla.com\/en\/pedro-sanchez-refuerza-su-alianza-con-mohamed-vi-intereses-economicos-y-politicos-a-cambio-de-derechos-humanos\/","title":{"rendered":"Pedro S\u00e1nchez refuerza su alianza con Mohamed VI, intereses econ\u00f3micos y pol\u00edticos a cambio de derechos humanos"},"content":{"rendered":"<p>S\u00e1nchez ha protagonizado, este mi\u00e9rcoles, una visita oficial a Marruecos en la que se han incluido encuentros con Mohamed VI y el presidente Aziz Ajanuch.<!--more--> La visita ha servido para que el Estado espa\u00f1ol reitere su cambio de posici\u00f3n respecto a la cuesti\u00f3n saharaui y felicite al r\u00e9gimen marroqu\u00ed por la represi\u00f3n de las personas migrantes en su territorio. \u00abAbsolutamente, nada que reprochar\u00bb, han sido las palabras del presidente espa\u00f1ol.<\/p>\n<p>El encuentro con el monarca marroqu\u00ed, que ejerce el poder con un autoritarismo feroz,\u00a0se produce despu\u00e9s del cambio que Pedro S\u00e1nchez y el PSOE impulsaron en marzo de 2022 sobre la posici\u00f3n hist\u00f3rica del Estado espa\u00f1ol hacia la cuesti\u00f3n del S\u00e1hara Occidental. Era el precio a pagar para recuperar las relaciones diplom\u00e1ticas con el r\u00e9gimen de Mohamed VI y asegurar los intereses econ\u00f3micos y pol\u00edticos de las \u00e9lites del Estado espa\u00f1ol en Marruecos.<\/p>\n<p>Pedro S\u00e1nchez ha reiterado en el encuentro el cambio de posici\u00f3n. De hecho, el comunicado de la monarqu\u00eda marroqu\u00ed tras la reuni\u00f3n explica que el presidente del Gobierno espa\u00f1ol ha refrendado ante Mohamed VI \u201cla iniciativa marroqu\u00ed de autonom\u00eda como la base m\u00e1s seria, realista y cre\u00edble para resolver este diferendo\u201d. El propio Pedro S\u00e1nchez, en comparecencia p\u00fablica, reafirm\u00f3 su compromiso \u201ccon la soluci\u00f3n que ha planteado, sobre una base realista, el Gobierno de Marruecos\u201d.<\/p>\n<p>El Frente Polisario ha afeado la postura del Gobierno espa\u00f1ol en un comunicado. En su opini\u00f3n las relaciones bilaterales entre el Estado espa\u00f1ol y Marruecos se est\u00e1n cimentado sobre \u00ablas vulneraciones sistem\u00e1ticas de derechos humanos que Marruecos comete impunemente en el territorio ocupado del S\u00e1hara Occidental\u00bb. Para la organizaci\u00f3n saharaui, \u00abS\u00e1nchez ha perdido la ocasi\u00f3n de devolver al Gobierno espa\u00f1ol a un posicionamiento oficial alineado con lo establecido por el Derecho Internacional en relaci\u00f3n con el S\u00e1hara Occidental y el leg\u00edtimo derecho del pueblo saharaui a la autodeterminaci\u00f3n e independencia\u00bb.<\/p>\n<h2>Los derechos humanos como moneda de cambio<\/h2>\n<p>El comunicado de la Moncloa tras la visita incluye, exultante, \u00abque las relaciones bilaterales con este pa\u00eds vecino, amigo y socio estrat\u00e9gico pasan por su mejor momento en d\u00e9cadas\u00bb y Pedro S\u00e1nchez ha a\u00f1adido que no tiene \u00ababsolutamente nada que reprochar\u00bb al r\u00e9gimen marroqu\u00ed. Sin sonrojo se admite que este cierre de filas con las pol\u00edticas de Mohamed VI, que incluye la aceptaci\u00f3n de la vulneraci\u00f3n del derecho a la autodeterminaci\u00f3n del S\u00e1hara Occidental, se realiza a cambio del control de fronteras y del mantenimiento del intercambio comercial entre ambos estados.<\/p>\n<p>En el \u00e1mbito de la inmigraci\u00f3n, S\u00e1nchez ha declarado que \u00abEspa\u00f1a y Marruecos hemos establecido una cooperaci\u00f3n ejemplar y que nuestros Gobiernos contin\u00faan trabajando en \u00e1reas como la migraci\u00f3n circular con programas pioneros a nivel europeo\u00bb. Una cooperaci\u00f3n \u00abejemplar\u00bb que desemboc\u00f3 en la conocida como la \u00abTragedia de la valla de Melilla\u00bb en la que perdieron la vida varias decenas de migrantes ante la terrible represi\u00f3n ejercida por ambos estados, aunque destac\u00f3 especialmente la ejercida en el lado marroqu\u00ed de la frontera en lo que es una t\u00e9trica subcontrataci\u00f3n del asesinato impune de migrantes.<\/p>\n<p>En el c\u00e1lculo pol\u00edtico y econ\u00f3mico de quienes representan los intereses de las \u00e9lites poco parecen importar los derechos humanos de migrantes o saharauis. De hecho, ambos han formado parte de este macabro intercambio de intereses. As\u00ed, entre ambos asuntos, el comunicado emitido por la Moncloa se felicita por \u00abla positiva evoluci\u00f3n del aumento de las inversiones en ambas direcciones y de los intercambios comerciales, que superaron por primera vez en 2022 la cifra de 20.000 millones de euros\u00bb.<\/p>\n<h2>Represi\u00f3n en el S\u00e1hara<\/h2>\n<p>Coincidiendo con la visita de Pedro S\u00e1nchez, el Estado marroqu\u00ed ha continuado con su pol\u00edtica represiva hacia el pueblo saharaui. As\u00ed, CC. OO. ha denunciado el brutal ataque sufrido por varias familias saharauis en las proximidades de Bojador, ciudad costera del S\u00e1hara Occidental, a las que las fuerzas de ocupaci\u00f3n marroqu\u00edes quemaron sus jaimas. El representante del Frente Polisario en el Estado espa\u00f1ol, Abdulah Arabi, ha denunciado que la reacci\u00f3n de las autoridades marroqu\u00edes \u00abfue de una extrema brutalidad, violando as\u00ed el ejercicio de los derechos de libre circulaci\u00f3n y establecimiento en su propio territorio de la poblaci\u00f3n civil saharaui\u00bb.<\/p>\n<p>Seg\u00fan Equipe Media, agencia de prensa saharaui, las autoridades marroqu\u00edes \u00abincendiaron caba\u00f1as y viviendas de familias saharauis a lo largo de la costa entre El Aai\u00fan y Bojador, afectando especialmente a las \u00e1reas de Bou Lma\u2019aairdat y Aggti Baba Ali. Las familias saharauis afectadas se vieron obligadas a dormir al aire libre entre los escombros de sus hogares\u00bb.<\/p>\n<hr \/>\n<p><em>*Pablo H\u00edjar. Profesional del audiovisual, las Artes Gr\u00e1ficas y la comunicaci\u00f3n. Activista por el derecho a la vivienda, comprometido con la causa palestina y militante de la izquierda pol\u00edtica. Ex concejal del Ayuntamiento de Zaragoza. En la redacci\u00f3n de AraInfo.<\/em><\/p>\n<p><em>*Fuente: https:\/\/arainfo.org\/pedro-sanchez-refuerza-su-alianza-con-mohamed-vi-en-medio-de-la-represion-contra-el-pueblo-saharaui\/<\/em><\/p>","protected":false},"excerpt":{"rendered":"<p>En el c\u00e1lculo pol\u00edtico y econ\u00f3mico de quienes representan los intereses de las \u00e9lites poco parecen importar los derechos humanos de migrantes o saharauis. En la imagen, S\u00e1nchez y Mohamed VI se saludan en el arranque de su encuentro este mi\u00e9rcoles (@desdelamoncloa) <\/p>","protected":false},"author":15,"featured_media":58547,"comment_status":"closed","ping_status":"closed","sticky":false,"template":"","format":"standard","meta":{"footnotes":""},"categories":[58],"tags":[],"class_list":["post-58544","post","type-post","status-publish","format-standard","has-post-thumbnail","hentry","category-estado-espanol"],"yoast_head":"<!-- This site is optimized with the Yoast SEO plugin v27.5 - https:\/\/yoast.com\/product\/yoast-seo-wordpress\/ -->\n<title>Pedro S\u00e1nchez refuerza su alianza con Mohamed VI, intereses econ\u00f3micos y pol\u00edticos a cambio de derechos humanos - Revista Rambla<\/title>\n<meta name=\"robots\" content=\"index, follow, max-snippet:-1, max-image-preview:large, max-video-preview:-1\" \/>\n<link rel=\"canonical\" href=\"https:\/\/www.revistarambla.com\/en\/pedro-sanchez-refuerza-su-alianza-con-mohamed-vi-intereses-economicos-y-politicos-a-cambio-de-derechos-humanos\/\" \/>\n<meta property=\"og:locale\" content=\"en_GB\" \/>\n<meta property=\"og:type\" content=\"article\" \/>\n<meta property=\"og:title\" content=\"Pedro S\u00e1nchez refuerza su alianza con Mohamed VI, intereses econ\u00f3micos y pol\u00edticos a cambio de derechos humanos - Revista Rambla\" \/>\n<meta property=\"og:description\" content=\"En el c\u00e1lculo pol\u00edtico y econ\u00f3mico de quienes representan los intereses de las \u00e9lites poco parecen importar los derechos humanos de migrantes o saharauis. En la imagen, S\u00e1nchez y Mohamed VI se saludan en el arranque de su encuentro este mi\u00e9rcoles (@desdelamoncloa)\" \/>\n<meta property=\"og:url\" content=\"https:\/\/www.revistarambla.com\/en\/pedro-sanchez-refuerza-su-alianza-con-mohamed-vi-intereses-economicos-y-politicos-a-cambio-de-derechos-humanos\/\" \/>\n<meta property=\"og:site_name\" content=\"Revista Rambla\" \/>\n<meta property=\"article:publisher\" content=\"https:\/\/www.facebook.com\/revistarambla\/\" \/>\n<meta property=\"article:published_time\" content=\"2024-02-23T20:36:36+00:00\" \/>\n<meta property=\"og:image\" content=\"https:\/\/www.revistarambla.com\/wp-content\/uploads\/2024\/02\/sanchez-mohamed-768x410-1.jpg\" \/>\n\t<meta property=\"og:image:width\" content=\"768\" \/>\n\t<meta property=\"og:image:height\" content=\"410\" \/>\n\t<meta property=\"og:image:type\" content=\"image\/jpeg\" \/>\n<meta name=\"author\" content=\"Pablo H\u00edjar\" \/>\n<meta name=\"twitter:card\" content=\"summary_large_image\" \/>\n<meta name=\"twitter:creator\" content=\"@revistarambla\" \/>\n<meta name=\"twitter:site\" content=\"@revistarambla\" \/>\n<meta name=\"twitter:label1\" content=\"Written by\" \/>\n\t<meta name=\"twitter:data1\" content=\"Pablo H\u00edjar\" \/>\n\t<meta name=\"twitter:label2\" content=\"Estimated reading time\" \/>\n\t<meta name=\"twitter:data2\" content=\"4 minutes\" \/>\n<script type=\"application\/ld+json\" class=\"yoast-schema-graph\">{\"@context\":\"https:\\\/\\\/schema.org\",\"@graph\":[{\"@type\":\"Article\",\"@id\":\"https:\\\/\\\/www.revistarambla.com\\\/pedro-sanchez-refuerza-su-alianza-con-mohamed-vi-intereses-economicos-y-politicos-a-cambio-de-derechos-humanos\\\/#article\",\"isPartOf\":{\"@id\":\"https:\\\/\\\/www.revistarambla.com\\\/pedro-sanchez-refuerza-su-alianza-con-mohamed-vi-intereses-economicos-y-politicos-a-cambio-de-derechos-humanos\\\/\"},\"author\":{\"name\":\"Pablo H\u00edjar\",\"@id\":\"https:\\\/\\\/www.revistarambla.com\\\/#\\\/schema\\\/person\\\/2b19179a8ace334b829ad72cc6e6ce97\"},\"headline\":\"Pedro S\u00e1nchez refuerza su alianza con Mohamed VI, intereses econ\u00f3micos y pol\u00edticos a cambio de derechos humanos\",\"datePublished\":\"2024-02-23T20:36:36+00:00\",\"mainEntityOfPage\":{\"@id\":\"https:\\\/\\\/www.revistarambla.com\\\/pedro-sanchez-refuerza-su-alianza-con-mohamed-vi-intereses-economicos-y-politicos-a-cambio-de-derechos-humanos\\\/\"},\"wordCount\":896,\"publisher\":{\"@id\":\"https:\\\/\\\/www.revistarambla.com\\\/#organization\"},\"image\":{\"@id\":\"https:\\\/\\\/www.revistarambla.com\\\/pedro-sanchez-refuerza-su-alianza-con-mohamed-vi-intereses-economicos-y-politicos-a-cambio-de-derechos-humanos\\\/#primaryimage\"},\"thumbnailUrl\":\"https:\\\/\\\/www.revistarambla.com\\\/wp-content\\\/uploads\\\/2024\\\/02\\\/sanchez-mohamed-768x410-1.jpg\",\"articleSection\":[\"Estado Espa\u00f1ol\"],\"inLanguage\":\"en-GB\"},{\"@type\":\"WebPage\",\"@id\":\"https:\\\/\\\/www.revistarambla.com\\\/pedro-sanchez-refuerza-su-alianza-con-mohamed-vi-intereses-economicos-y-politicos-a-cambio-de-derechos-humanos\\\/\",\"url\":\"https:\\\/\\\/www.revistarambla.com\\\/pedro-sanchez-refuerza-su-alianza-con-mohamed-vi-intereses-economicos-y-politicos-a-cambio-de-derechos-humanos\\\/\",\"name\":\"Pedro S\u00e1nchez refuerza su alianza con Mohamed VI, intereses econ\u00f3micos y pol\u00edticos a cambio de derechos humanos - Revista Rambla\",\"isPartOf\":{\"@id\":\"https:\\\/\\\/www.revistarambla.com\\\/#website\"},\"primaryImageOfPage\":{\"@id\":\"https:\\\/\\\/www.revistarambla.com\\\/pedro-sanchez-refuerza-su-alianza-con-mohamed-vi-intereses-economicos-y-politicos-a-cambio-de-derechos-humanos\\\/#primaryimage\"},\"image\":{\"@id\":\"https:\\\/\\\/www.revistarambla.com\\\/pedro-sanchez-refuerza-su-alianza-con-mohamed-vi-intereses-economicos-y-politicos-a-cambio-de-derechos-humanos\\\/#primaryimage\"},\"thumbnailUrl\":\"https:\\\/\\\/www.revistarambla.com\\\/wp-content\\\/uploads\\\/2024\\\/02\\\/sanchez-mohamed-768x410-1.jpg\",\"datePublished\":\"2024-02-23T20:36:36+00:00\",\"breadcrumb\":{\"@id\":\"https:\\\/\\\/www.revistarambla.com\\\/pedro-sanchez-refuerza-su-alianza-con-mohamed-vi-intereses-economicos-y-politicos-a-cambio-de-derechos-humanos\\\/#breadcrumb\"},\"inLanguage\":\"en-GB\",\"potentialAction\":[{\"@type\":\"ReadAction\",\"target\":[\"https:\\\/\\\/www.revistarambla.com\\\/pedro-sanchez-refuerza-su-alianza-con-mohamed-vi-intereses-economicos-y-politicos-a-cambio-de-derechos-humanos\\\/\"]}]},{\"@type\":\"ImageObject\",\"inLanguage\":\"en-GB\",\"@id\":\"https:\\\/\\\/www.revistarambla.com\\\/pedro-sanchez-refuerza-su-alianza-con-mohamed-vi-intereses-economicos-y-politicos-a-cambio-de-derechos-humanos\\\/#primaryimage\",\"url\":\"https:\\\/\\\/www.revistarambla.com\\\/wp-content\\\/uploads\\\/2024\\\/02\\\/sanchez-mohamed-768x410-1.jpg\",\"contentUrl\":\"https:\\\/\\\/www.revistarambla.com\\\/wp-content\\\/uploads\\\/2024\\\/02\\\/sanchez-mohamed-768x410-1.jpg\",\"width\":768,\"height\":410},{\"@type\":\"BreadcrumbList\",\"@id\":\"https:\\\/\\\/www.revistarambla.com\\\/pedro-sanchez-refuerza-su-alianza-con-mohamed-vi-intereses-economicos-y-politicos-a-cambio-de-derechos-humanos\\\/#breadcrumb\",\"itemListElement\":[{\"@type\":\"ListItem\",\"position\":1,\"name\":\"Portada\",\"item\":\"https:\\\/\\\/www.revistarambla.com\\\/\"},{\"@type\":\"ListItem\",\"position\":2,\"name\":\"Pedro S\u00e1nchez refuerza su alianza con Mohamed VI, intereses econ\u00f3micos y pol\u00edticos a cambio de derechos humanos\"}]},{\"@type\":\"WebSite\",\"@id\":\"https:\\\/\\\/www.revistarambla.com\\\/#website\",\"url\":\"https:\\\/\\\/www.revistarambla.com\\\/\",\"name\":\"Revista Rambla Barcelona\",\"description\":\"Periodismo independiente\",\"publisher\":{\"@id\":\"https:\\\/\\\/www.revistarambla.com\\\/#organization\"},\"potentialAction\":[{\"@type\":\"SearchAction\",\"target\":{\"@type\":\"EntryPoint\",\"urlTemplate\":\"https:\\\/\\\/www.revistarambla.com\\\/?s={search_term_string}\"},\"query-input\":{\"@type\":\"PropertyValueSpecification\",\"valueRequired\":true,\"valueName\":\"search_term_string\"}}],\"inLanguage\":\"en-GB\"},{\"@type\":\"Organization\",\"@id\":\"https:\\\/\\\/www.revistarambla.com\\\/#organization\",\"name\":\"Revista Rambla\",\"url\":\"https:\\\/\\\/www.revistarambla.com\\\/\",\"logo\":{\"@type\":\"ImageObject\",\"inLanguage\":\"en-GB\",\"@id\":\"https:\\\/\\\/www.revistarambla.com\\\/#\\\/schema\\\/logo\\\/image\\\/\",\"url\":\"https:\\\/\\\/www.revistarambla.com\\\/wp-content\\\/uploads\\\/2020\\\/09\\\/banner_rambla_1900x600_BB.png\",\"contentUrl\":\"https:\\\/\\\/www.revistarambla.com\\\/wp-content\\\/uploads\\\/2020\\\/09\\\/banner_rambla_1900x600_BB.png\",\"width\":1900,\"height\":600,\"caption\":\"Revista Rambla\"},\"image\":{\"@id\":\"https:\\\/\\\/www.revistarambla.com\\\/#\\\/schema\\\/logo\\\/image\\\/\"},\"sameAs\":[\"https:\\\/\\\/www.facebook.com\\\/revistarambla\\\/\",\"https:\\\/\\\/x.com\\\/revistarambla\",\"https:\\\/\\\/www.instagram.com\\\/revista_rambla\",\"https:\\\/\\\/es.linkedin.com\\\/company\\\/revista-rambla\"]},{\"@type\":\"Person\",\"@id\":\"https:\\\/\\\/www.revistarambla.com\\\/#\\\/schema\\\/person\\\/2b19179a8ace334b829ad72cc6e6ce97\",\"name\":\"Pablo H\u00edjar\"}]}<\/script>\n<!-- \/ Yoast SEO plugin. -->","yoast_head_json":{"title":"Pedro S\u00e1nchez refuerza su alianza con Mohamed VI, intereses econ\u00f3micos y pol\u00edticos a cambio de derechos humanos - Revista Rambla","robots":{"index":"index","follow":"follow","max-snippet":"max-snippet:-1","max-image-preview":"max-image-preview:large","max-video-preview":"max-video-preview:-1"},"canonical":"https:\/\/www.revistarambla.com\/en\/pedro-sanchez-refuerza-su-alianza-con-mohamed-vi-intereses-economicos-y-politicos-a-cambio-de-derechos-humanos\/","og_locale":"en_GB","og_type":"article","og_title":"Pedro S\u00e1nchez refuerza su alianza con Mohamed VI, intereses econ\u00f3micos y pol\u00edticos a cambio de derechos humanos - Revista Rambla","og_description":"En el c\u00e1lculo pol\u00edtico y econ\u00f3mico de quienes representan los intereses de las \u00e9lites poco parecen importar los derechos humanos de migrantes o saharauis. En la imagen, S\u00e1nchez y Mohamed VI se saludan en el arranque de su encuentro este mi\u00e9rcoles (@desdelamoncloa)","og_url":"https:\/\/www.revistarambla.com\/en\/pedro-sanchez-refuerza-su-alianza-con-mohamed-vi-intereses-economicos-y-politicos-a-cambio-de-derechos-humanos\/","og_site_name":"Revista Rambla","article_publisher":"https:\/\/www.facebook.com\/revistarambla\/","article_published_time":"2024-02-23T20:36:36+00:00","og_image":[{"width":768,"height":410,"url":"https:\/\/www.revistarambla.com\/wp-content\/uploads\/2024\/02\/sanchez-mohamed-768x410-1.jpg","type":"image\/jpeg"}],"author":"Pablo H\u00edjar","twitter_card":"summary_large_image","twitter_creator":"@revistarambla","twitter_site":"@revistarambla","twitter_misc":{"Written by":"Pablo H\u00edjar","Estimated reading time":"4 minutes"},"schema":{"@context":"https:\/\/schema.org","@graph":[{"@type":"Article","@id":"https:\/\/www.revistarambla.com\/pedro-sanchez-refuerza-su-alianza-con-mohamed-vi-intereses-economicos-y-politicos-a-cambio-de-derechos-humanos\/#article","isPartOf":{"@id":"https:\/\/www.revistarambla.com\/pedro-sanchez-refuerza-su-alianza-con-mohamed-vi-intereses-economicos-y-politicos-a-cambio-de-derechos-humanos\/"},"author":{"name":"Pablo H\u00edjar","@id":"https:\/\/www.revistarambla.com\/#\/schema\/person\/2b19179a8ace334b829ad72cc6e6ce97"},"headline":"Pedro S\u00e1nchez refuerza su alianza con Mohamed VI, intereses econ\u00f3micos y pol\u00edticos a cambio de derechos humanos","datePublished":"2024-02-23T20:36:36+00:00","mainEntityOfPage":{"@id":"https:\/\/www.revistarambla.com\/pedro-sanchez-refuerza-su-alianza-con-mohamed-vi-intereses-economicos-y-politicos-a-cambio-de-derechos-humanos\/"},"wordCount":896,"publisher":{"@id":"https:\/\/www.revistarambla.com\/#organization"},"image":{"@id":"https:\/\/www.revistarambla.com\/pedro-sanchez-refuerza-su-alianza-con-mohamed-vi-intereses-economicos-y-politicos-a-cambio-de-derechos-humanos\/#primaryimage"},"thumbnailUrl":"https:\/\/www.revistarambla.com\/wp-content\/uploads\/2024\/02\/sanchez-mohamed-768x410-1.jpg","articleSection":["Estado Espa\u00f1ol"],"inLanguage":"en-GB"},{"@type":"WebPage","@id":"https:\/\/www.revistarambla.com\/pedro-sanchez-refuerza-su-alianza-con-mohamed-vi-intereses-economicos-y-politicos-a-cambio-de-derechos-humanos\/","url":"https:\/\/www.revistarambla.com\/pedro-sanchez-refuerza-su-alianza-con-mohamed-vi-intereses-economicos-y-politicos-a-cambio-de-derechos-humanos\/","name":"Pedro S\u00e1nchez refuerza su alianza con Mohamed VI, intereses econ\u00f3micos y pol\u00edticos a cambio de derechos humanos - Revista Rambla","isPartOf":{"@id":"https:\/\/www.revistarambla.com\/#website"},"primaryImageOfPage":{"@id":"https:\/\/www.revistarambla.com\/pedro-sanchez-refuerza-su-alianza-con-mohamed-vi-intereses-economicos-y-politicos-a-cambio-de-derechos-humanos\/#primaryimage"},"image":{"@id":"https:\/\/www.revistarambla.com\/pedro-sanchez-refuerza-su-alianza-con-mohamed-vi-intereses-economicos-y-politicos-a-cambio-de-derechos-humanos\/#primaryimage"},"thumbnailUrl":"https:\/\/www.revistarambla.com\/wp-content\/uploads\/2024\/02\/sanchez-mohamed-768x410-1.jpg","datePublished":"2024-02-23T20:36:36+00:00","breadcrumb":{"@id":"https:\/\/www.revistarambla.com\/pedro-sanchez-refuerza-su-alianza-con-mohamed-vi-intereses-economicos-y-politicos-a-cambio-de-derechos-humanos\/#breadcrumb"},"inLanguage":"en-GB","potentialAction":[{"@type":"ReadAction","target":["https:\/\/www.revistarambla.com\/pedro-sanchez-refuerza-su-alianza-con-mohamed-vi-intereses-economicos-y-politicos-a-cambio-de-derechos-humanos\/"]}]},{"@type":"ImageObject","inLanguage":"en-GB","@id":"https:\/\/www.revistarambla.com\/pedro-sanchez-refuerza-su-alianza-con-mohamed-vi-intereses-economicos-y-politicos-a-cambio-de-derechos-humanos\/#primaryimage","url":"https:\/\/www.revistarambla.com\/wp-content\/uploads\/2024\/02\/sanchez-mohamed-768x410-1.jpg","contentUrl":"https:\/\/www.revistarambla.com\/wp-content\/uploads\/2024\/02\/sanchez-mohamed-768x410-1.jpg","width":768,"height":410},{"@type":"BreadcrumbList","@id":"https:\/\/www.revistarambla.com\/pedro-sanchez-refuerza-su-alianza-con-mohamed-vi-intereses-economicos-y-politicos-a-cambio-de-derechos-humanos\/#breadcrumb","itemListElement":[{"@type":"ListItem","position":1,"name":"Portada","item":"https:\/\/www.revistarambla.com\/"},{"@type":"ListItem","position":2,"name":"Pedro S\u00e1nchez refuerza su alianza con Mohamed VI, intereses econ\u00f3micos y pol\u00edticos a cambio de derechos humanos"}]},{"@type":"WebSite","@id":"https:\/\/www.revistarambla.com\/#website","url":"https:\/\/www.revistarambla.com\/","name":"Revista Rambla Barcelona","description":"Periodismo independiente","publisher":{"@id":"https:\/\/www.revistarambla.com\/#organization"},"potentialAction":[{"@type":"SearchAction","target":{"@type":"EntryPoint","urlTemplate":"https:\/\/www.revistarambla.com\/?s={search_term_string}"},"query-input":{"@type":"PropertyValueSpecification","valueRequired":true,"valueName":"search_term_string"}}],"inLanguage":"en-GB"},{"@type":"Organization","@id":"https:\/\/www.revistarambla.com\/#organization","name":"Revista Rambla","url":"https:\/\/www.revistarambla.com\/","logo":{"@type":"ImageObject","inLanguage":"en-GB","@id":"https:\/\/www.revistarambla.com\/#\/schema\/logo\/image\/","url":"https:\/\/www.revistarambla.com\/wp-content\/uploads\/2020\/09\/banner_rambla_1900x600_BB.png","contentUrl":"https:\/\/www.revistarambla.com\/wp-content\/uploads\/2020\/09\/banner_rambla_1900x600_BB.png","width":1900,"height":600,"caption":"Revista Rambla"},"image":{"@id":"https:\/\/www.revistarambla.com\/#\/schema\/logo\/image\/"},"sameAs":["https:\/\/www.facebook.com\/revistarambla\/","https:\/\/x.com\/revistarambla","https:\/\/www.instagram.com\/revista_rambla","https:\/\/es.linkedin.com\/company\/revista-rambla"]},{"@type":"Person","@id":"https:\/\/www.revistarambla.com\/#\/schema\/person\/2b19179a8ace334b829ad72cc6e6ce97","name":"Pablo H\u00edjar"}]}},"_links":{"self":[{"href":"https:\/\/www.revistarambla.com\/en\/wp-json\/wp\/v2\/posts\/58544","targetHints":{"allow":["GET"]}}],"collection":[{"href":"https:\/\/www.revistarambla.com\/en\/wp-json\/wp\/v2\/posts"}],"about":[{"href":"https:\/\/www.revistarambla.com\/en\/wp-json\/wp\/v2\/types\/post"}],"author":[{"embeddable":true,"href":"https:\/\/www.revistarambla.com\/en\/wp-json\/wp\/v2\/users\/15"}],"replies":[{"embeddable":true,"href":"https:\/\/www.revistarambla.com\/en\/wp-json\/wp\/v2\/comments?post=58544"}],"version-history":[{"count":2,"href":"https:\/\/www.revistarambla.com\/en\/wp-json\/wp\/v2\/posts\/58544\/revisions"}],"predecessor-version":[{"id":58548,"href":"https:\/\/www.revistarambla.com\/en\/wp-json\/wp\/v2\/posts\/58544\/revisions\/58548"}],"wp:featuredmedia":[{"embeddable":true,"href":"https:\/\/www.revistarambla.com\/en\/wp-json\/wp\/v2\/media\/58547"}],"wp:attachment":[{"href":"https:\/\/www.revistarambla.com\/en\/wp-json\/wp\/v2\/media?parent=58544"}],"wp:term":[{"taxonomy":"category","embeddable":true,"href":"https:\/\/www.revistarambla.com\/en\/wp-json\/wp\/v2\/categories?post=58544"},{"taxonomy":"post_tag","embeddable":true,"href":"https:\/\/www.revistarambla.com\/en\/wp-json\/wp\/v2\/tags?post=58544"}],"curies":[{"name":"wp","href":"https:\/\/api.w.org\/{rel}","templated":true}]}}