{"id":58506,"date":"2024-02-21T21:34:38","date_gmt":"2024-02-21T20:34:38","guid":{"rendered":"https:\/\/www.revistarambla.com\/?p=58506"},"modified":"2024-02-21T21:34:38","modified_gmt":"2024-02-21T20:34:38","slug":"el-80-de-los-catalanes-a-favor-de-la-regulacion-de-alquileres","status":"publish","type":"post","link":"https:\/\/www.revistarambla.com\/en\/el-80-de-los-catalanes-a-favor-de-la-regulacion-de-alquileres\/","title":{"rendered":"El 80% de los catalanes a favor de la regulaci\u00f3n de alquileres"},"content":{"rendered":"<p>La encuesta del Centre d&#8217;Estudis d&#8217;Opini\u00f3 muestra c\u00f3mo el 80% de los catalanes est\u00e1n a favor de la regulaci\u00f3n de alquileres.<!--more--> El dato no sorprende en absoluto al Sindicat, dado que actualmente el precio del alquiler en Catalu\u00f1a es el m\u00e1s alto de toda la historia y que desde 2014, el alquiler promedio en Catalu\u00f1a ha crecido un 54% seg\u00fan Incasol. Este aumento, junto con la inflaci\u00f3n acumulada, asfixia a los hogares catalanes: actualmente, el alquiler promedio representa el 50% del salario medio neto, y en el \u00e1rea metropolitana es del 68%. La asfixia econ\u00f3mica que sufren las familias que viven de alquiler, una de cada cuatro en Catalu\u00f1a, es insostenible. Esto convierte la regulaci\u00f3n de alquileres en una medida urgente para aliviar la situaci\u00f3n. La cuesti\u00f3n es: \u00bfbajar\u00e1 la regulaci\u00f3n los alquileres, o simplemente los congelar\u00e1?<\/p>\n<p>En los pr\u00f3ximos d\u00edas entrar\u00e1 en vigor en Catalu\u00f1a la regulaci\u00f3n de precios del alquiler, una regulaci\u00f3n que autom\u00e1ticamente congelar\u00e1 el precio en todos los nuevos contratos y renovaciones, en las zonas tensionadas. Sin embargo, queda en manos del Ministerio de Vivienda estatal si esta regulaci\u00f3n bajar\u00e1 los precios o no: la clave est\u00e1 en el \u00edndice de precios. Esta herramienta fija el l\u00edmite de precio para las viviendas que entren al mercado de alquiler por primera vez y, sobre todo, tambi\u00e9n marca hasta d\u00f3nde tendr\u00e1n que bajar los alquileres de grandes tenedores (propietarios de m\u00e1s de cinco viviendas), que actualmente est\u00e1n muy por encima de la media.<\/p>\n<p>Las \u00faltimas informaciones sobre c\u00f3mo ser\u00e1 este \u00edndice nos preocupan profundamente. En lugar de establecer un \u00fanico precio de referencia, el sistema de \u00edndice que propone el Gobierno espa\u00f1ol establece un abanico de precios. As\u00ed pues, queda a criterio del arrendador fijar el valor m\u00e1s alto de este abanico. Un valor que, seg\u00fan las pruebas realizadas por el gobierno catal\u00e1n a partir de 32,000 contratos de alquiler, en algunos casos superar\u00eda en hasta 300\u20ac respecto al \u00edndice catal\u00e1n.<\/p>\n<h2>El \u00edndice no es una cuesti\u00f3n t\u00e9cnica: es pol\u00edtica y afecta a 2 millones de catalanes<\/h2>\n<p>Desde el Sindicat de Llogateres denunciamos la m\u00e1s que posible aprobaci\u00f3n de un \u00edndice fake, concebido expresamente para que no bajen los alquileres. Mientras el Ministerio de Vivienda ha dise\u00f1ado un sistema de \u00edndice con una f\u00f3rmula totalmente opaca, los resultados que este muestra son muy inequ\u00edvocos: por ahora, no servir\u00e1 para bajar los alquileres. Dicho de otra manera, el \u00edndice que actualmente se propone est\u00e1 hecho a medida de la patronal inmobiliaria, de manera que los alquileres se quedar\u00e1n en el pico hist\u00f3rico en el que nos encontramos actualmente. No ser\u00e1 culpa de aplicar una regulaci\u00f3n de precios, sino precisamente de dise\u00f1ar un \u00edndice pensado para boicotearla.<\/p>\n<h2>El Ministerio de Vivienda da la espalda a los inquilinos<\/h2>\n<p>Durante las \u00faltimas semanas, el Sindicat de Llogateres hemos contactado con el Ministerio de Vivienda estatal, liderado por Isabel Rodr\u00edguez, y con la Secretar\u00eda Estatal de Vivienda, liderada por David Lucas, con el objetivo de conocer los detalles del funcionamiento del \u00edndice de precios. El hermetismo, sin embargo, es m\u00e1ximo. Desde el Sindicat de Llogateres, solo podemos interpretarlo como un silencio culpable. Su objetivo es aprobar por la puerta trasera un \u00edndice in\u00fatil para su prop\u00f3sito inicial: bajar los alquileres. La hist\u00f3rica complicidad de los responsables pol\u00edticos del PSOE con la patronal inmobiliaria, junto con la vigencia de las puertas giratorias en personajes como Joan Clos, Isabel Pardo de Vera o Helena Beunza nos hace pensar lo peor.<\/p>\n<p>Ya hace cuatro a\u00f1os, el Sindicat de Llogateres estuvimos trabajando codo a codo con las consejer\u00edas de Justicia y Territorio del Gobierno en el dise\u00f1o e implementaci\u00f3n del \u00edndice catal\u00e1n y la Ley 11\/2020. De ah\u00ed sali\u00f3 la regulaci\u00f3n de alquileres catalana, que s\u00ed baj\u00f3 los precios del alquiler, por lo que tenemos mucho que decir y aportar al respecto.<\/p>\n<p>Respecto a la Consellera de Territori del gobierno catal\u00e1n, con quien mantenemos una comunicaci\u00f3n m\u00e1s fluida, nos alarma que la misma Ester Capella admita que el \u00edndice propuesto por el ejecutivo espa\u00f1ol no servir\u00e1 para bajar precios. El Gobierno catal\u00e1n debe forzar una negociaci\u00f3n para evitar un \u00edndice fake.<\/p>","protected":false},"excerpt":{"rendered":"<p>Exigimos a Pedro S\u00e1nchez que no decepcione al 80% de los catalanes a favor de la regulaci\u00f3n con un \u00edndice de precios fake\u200b. Los alquileres han subido un 54% en 10 a\u00f1os y los catalanes destinan la mitad de sus salarios. El Gobierno catal\u00e1n debe forzar una negociaci\u00f3n para evitar un \u00edndice fake.<\/p>","protected":false},"author":328,"featured_media":50962,"comment_status":"closed","ping_status":"closed","sticky":false,"template":"","format":"standard","meta":{"footnotes":""},"categories":[76],"tags":[],"class_list":["post-58506","post","type-post","status-publish","format-standard","has-post-thumbnail","hentry","category-barcelona"],"yoast_head":"<!-- This site is optimized with the Yoast SEO plugin v27.5 - https:\/\/yoast.com\/product\/yoast-seo-wordpress\/ -->\n<title>El 80% de los catalanes a favor de la regulaci\u00f3n de alquileres - Revista Rambla<\/title>\n<meta name=\"robots\" content=\"index, follow, max-snippet:-1, max-image-preview:large, max-video-preview:-1\" \/>\n<link rel=\"canonical\" href=\"https:\/\/www.revistarambla.com\/en\/el-80-de-los-catalanes-a-favor-de-la-regulacion-de-alquileres\/\" \/>\n<meta property=\"og:locale\" content=\"en_GB\" \/>\n<meta property=\"og:type\" content=\"article\" \/>\n<meta property=\"og:title\" content=\"El 80% de los catalanes a favor de la regulaci\u00f3n de alquileres - Revista Rambla\" \/>\n<meta property=\"og:description\" content=\"Exigimos a Pedro S\u00e1nchez que no decepcione al 80% de los catalanes a favor de la regulaci\u00f3n con un \u00edndice de precios fake\u200b. Los alquileres han subido un 54% en 10 a\u00f1os y los catalanes destinan la mitad de sus salarios. El Gobierno catal\u00e1n debe forzar una negociaci\u00f3n para evitar un \u00edndice fake.\" \/>\n<meta property=\"og:url\" content=\"https:\/\/www.revistarambla.com\/en\/el-80-de-los-catalanes-a-favor-de-la-regulacion-de-alquileres\/\" \/>\n<meta property=\"og:site_name\" content=\"Revista Rambla\" \/>\n<meta property=\"article:publisher\" content=\"https:\/\/www.facebook.com\/revistarambla\/\" \/>\n<meta property=\"article:author\" content=\"https:\/\/www.facebook.com\/SindicatLloguer\/\" \/>\n<meta property=\"article:published_time\" content=\"2024-02-21T20:34:38+00:00\" \/>\n<meta property=\"og:image\" content=\"https:\/\/www.revistarambla.com\/wp-content\/uploads\/2022\/11\/Sindicat_de_Llogateres_-_llei_de_regulacio_del_preu_del_lloguer.jpg\" \/>\n\t<meta property=\"og:image:width\" content=\"975\" \/>\n\t<meta property=\"og:image:height\" content=\"650\" \/>\n\t<meta property=\"og:image:type\" content=\"image\/jpeg\" \/>\n<meta name=\"author\" content=\"Sindicat de Llogateres\" \/>\n<meta name=\"twitter:card\" content=\"summary_large_image\" \/>\n<meta name=\"twitter:creator\" content=\"@sindicatlloguer\" \/>\n<meta name=\"twitter:site\" content=\"@revistarambla\" \/>\n<meta name=\"twitter:label1\" content=\"Written by\" \/>\n\t<meta name=\"twitter:data1\" content=\"Sindicat de Llogateres\" \/>\n\t<meta name=\"twitter:label2\" content=\"Estimated reading time\" \/>\n\t<meta name=\"twitter:data2\" content=\"4 minutes\" \/>\n<script type=\"application\/ld+json\" class=\"yoast-schema-graph\">{\"@context\":\"https:\\\/\\\/schema.org\",\"@graph\":[{\"@type\":\"Article\",\"@id\":\"https:\\\/\\\/www.revistarambla.com\\\/el-80-de-los-catalanes-a-favor-de-la-regulacion-de-alquileres\\\/#article\",\"isPartOf\":{\"@id\":\"https:\\\/\\\/www.revistarambla.com\\\/el-80-de-los-catalanes-a-favor-de-la-regulacion-de-alquileres\\\/\"},\"author\":{\"name\":\"Sindicat de Llogateres\",\"@id\":\"https:\\\/\\\/www.revistarambla.com\\\/#\\\/schema\\\/person\\\/cdb47f1b20cae4529e0d80b9b620ee26\"},\"headline\":\"El 80% de los catalanes a favor de la regulaci\u00f3n de alquileres\",\"datePublished\":\"2024-02-21T20:34:38+00:00\",\"mainEntityOfPage\":{\"@id\":\"https:\\\/\\\/www.revistarambla.com\\\/el-80-de-los-catalanes-a-favor-de-la-regulacion-de-alquileres\\\/\"},\"wordCount\":754,\"publisher\":{\"@id\":\"https:\\\/\\\/www.revistarambla.com\\\/#organization\"},\"image\":{\"@id\":\"https:\\\/\\\/www.revistarambla.com\\\/el-80-de-los-catalanes-a-favor-de-la-regulacion-de-alquileres\\\/#primaryimage\"},\"thumbnailUrl\":\"https:\\\/\\\/www.revistarambla.com\\\/wp-content\\\/uploads\\\/2022\\\/11\\\/Sindicat_de_Llogateres_-_llei_de_regulacio_del_preu_del_lloguer.jpg\",\"articleSection\":[\"Barcelona\"],\"inLanguage\":\"en-GB\"},{\"@type\":\"WebPage\",\"@id\":\"https:\\\/\\\/www.revistarambla.com\\\/el-80-de-los-catalanes-a-favor-de-la-regulacion-de-alquileres\\\/\",\"url\":\"https:\\\/\\\/www.revistarambla.com\\\/el-80-de-los-catalanes-a-favor-de-la-regulacion-de-alquileres\\\/\",\"name\":\"El 80% de los catalanes a favor de la regulaci\u00f3n de alquileres - Revista Rambla\",\"isPartOf\":{\"@id\":\"https:\\\/\\\/www.revistarambla.com\\\/#website\"},\"primaryImageOfPage\":{\"@id\":\"https:\\\/\\\/www.revistarambla.com\\\/el-80-de-los-catalanes-a-favor-de-la-regulacion-de-alquileres\\\/#primaryimage\"},\"image\":{\"@id\":\"https:\\\/\\\/www.revistarambla.com\\\/el-80-de-los-catalanes-a-favor-de-la-regulacion-de-alquileres\\\/#primaryimage\"},\"thumbnailUrl\":\"https:\\\/\\\/www.revistarambla.com\\\/wp-content\\\/uploads\\\/2022\\\/11\\\/Sindicat_de_Llogateres_-_llei_de_regulacio_del_preu_del_lloguer.jpg\",\"datePublished\":\"2024-02-21T20:34:38+00:00\",\"breadcrumb\":{\"@id\":\"https:\\\/\\\/www.revistarambla.com\\\/el-80-de-los-catalanes-a-favor-de-la-regulacion-de-alquileres\\\/#breadcrumb\"},\"inLanguage\":\"en-GB\",\"potentialAction\":[{\"@type\":\"ReadAction\",\"target\":[\"https:\\\/\\\/www.revistarambla.com\\\/el-80-de-los-catalanes-a-favor-de-la-regulacion-de-alquileres\\\/\"]}]},{\"@type\":\"ImageObject\",\"inLanguage\":\"en-GB\",\"@id\":\"https:\\\/\\\/www.revistarambla.com\\\/el-80-de-los-catalanes-a-favor-de-la-regulacion-de-alquileres\\\/#primaryimage\",\"url\":\"https:\\\/\\\/www.revistarambla.com\\\/wp-content\\\/uploads\\\/2022\\\/11\\\/Sindicat_de_Llogateres_-_llei_de_regulacio_del_preu_del_lloguer.jpg\",\"contentUrl\":\"https:\\\/\\\/www.revistarambla.com\\\/wp-content\\\/uploads\\\/2022\\\/11\\\/Sindicat_de_Llogateres_-_llei_de_regulacio_del_preu_del_lloguer.jpg\",\"width\":975,\"height\":650},{\"@type\":\"BreadcrumbList\",\"@id\":\"https:\\\/\\\/www.revistarambla.com\\\/el-80-de-los-catalanes-a-favor-de-la-regulacion-de-alquileres\\\/#breadcrumb\",\"itemListElement\":[{\"@type\":\"ListItem\",\"position\":1,\"name\":\"Portada\",\"item\":\"https:\\\/\\\/www.revistarambla.com\\\/\"},{\"@type\":\"ListItem\",\"position\":2,\"name\":\"El 80% de los catalanes a favor de la regulaci\u00f3n de alquileres\"}]},{\"@type\":\"WebSite\",\"@id\":\"https:\\\/\\\/www.revistarambla.com\\\/#website\",\"url\":\"https:\\\/\\\/www.revistarambla.com\\\/\",\"name\":\"Revista Rambla Barcelona\",\"description\":\"Periodismo independiente\",\"publisher\":{\"@id\":\"https:\\\/\\\/www.revistarambla.com\\\/#organization\"},\"potentialAction\":[{\"@type\":\"SearchAction\",\"target\":{\"@type\":\"EntryPoint\",\"urlTemplate\":\"https:\\\/\\\/www.revistarambla.com\\\/?s={search_term_string}\"},\"query-input\":{\"@type\":\"PropertyValueSpecification\",\"valueRequired\":true,\"valueName\":\"search_term_string\"}}],\"inLanguage\":\"en-GB\"},{\"@type\":\"Organization\",\"@id\":\"https:\\\/\\\/www.revistarambla.com\\\/#organization\",\"name\":\"Revista Rambla\",\"url\":\"https:\\\/\\\/www.revistarambla.com\\\/\",\"logo\":{\"@type\":\"ImageObject\",\"inLanguage\":\"en-GB\",\"@id\":\"https:\\\/\\\/www.revistarambla.com\\\/#\\\/schema\\\/logo\\\/image\\\/\",\"url\":\"https:\\\/\\\/www.revistarambla.com\\\/wp-content\\\/uploads\\\/2020\\\/09\\\/banner_rambla_1900x600_BB.png\",\"contentUrl\":\"https:\\\/\\\/www.revistarambla.com\\\/wp-content\\\/uploads\\\/2020\\\/09\\\/banner_rambla_1900x600_BB.png\",\"width\":1900,\"height\":600,\"caption\":\"Revista Rambla\"},\"image\":{\"@id\":\"https:\\\/\\\/www.revistarambla.com\\\/#\\\/schema\\\/logo\\\/image\\\/\"},\"sameAs\":[\"https:\\\/\\\/www.facebook.com\\\/revistarambla\\\/\",\"https:\\\/\\\/x.com\\\/revistarambla\",\"https:\\\/\\\/www.instagram.com\\\/revista_rambla\",\"https:\\\/\\\/es.linkedin.com\\\/company\\\/revista-rambla\"]},{\"@type\":\"Person\",\"@id\":\"https:\\\/\\\/www.revistarambla.com\\\/#\\\/schema\\\/person\\\/cdb47f1b20cae4529e0d80b9b620ee26\",\"name\":\"Sindicat de Llogateres\",\"description\":\"Protegim el dret a l'habitatge. Millorem la vida de la gent. Ajuda'ns a seguir canviant les coses i suma-t'hi.\",\"sameAs\":[\"http:\\\/\\\/sindicatdellogateres.org\\\/\",\"https:\\\/\\\/www.facebook.com\\\/SindicatLloguer\\\/\",\"https:\\\/\\\/x.com\\\/sindicatlloguer\"]}]}<\/script>\n<!-- \/ Yoast SEO plugin. -->","yoast_head_json":{"title":"El 80% de los catalanes a favor de la regulaci\u00f3n de alquileres - Revista Rambla","robots":{"index":"index","follow":"follow","max-snippet":"max-snippet:-1","max-image-preview":"max-image-preview:large","max-video-preview":"max-video-preview:-1"},"canonical":"https:\/\/www.revistarambla.com\/en\/el-80-de-los-catalanes-a-favor-de-la-regulacion-de-alquileres\/","og_locale":"en_GB","og_type":"article","og_title":"El 80% de los catalanes a favor de la regulaci\u00f3n de alquileres - Revista Rambla","og_description":"Exigimos a Pedro S\u00e1nchez que no decepcione al 80% de los catalanes a favor de la regulaci\u00f3n con un \u00edndice de precios fake\u200b. Los alquileres han subido un 54% en 10 a\u00f1os y los catalanes destinan la mitad de sus salarios. El Gobierno catal\u00e1n debe forzar una negociaci\u00f3n para evitar un \u00edndice fake.","og_url":"https:\/\/www.revistarambla.com\/en\/el-80-de-los-catalanes-a-favor-de-la-regulacion-de-alquileres\/","og_site_name":"Revista Rambla","article_publisher":"https:\/\/www.facebook.com\/revistarambla\/","article_author":"https:\/\/www.facebook.com\/SindicatLloguer\/","article_published_time":"2024-02-21T20:34:38+00:00","og_image":[{"width":975,"height":650,"url":"https:\/\/www.revistarambla.com\/wp-content\/uploads\/2022\/11\/Sindicat_de_Llogateres_-_llei_de_regulacio_del_preu_del_lloguer.jpg","type":"image\/jpeg"}],"author":"Sindicat de Llogateres","twitter_card":"summary_large_image","twitter_creator":"@sindicatlloguer","twitter_site":"@revistarambla","twitter_misc":{"Written by":"Sindicat de Llogateres","Estimated reading time":"4 minutes"},"schema":{"@context":"https:\/\/schema.org","@graph":[{"@type":"Article","@id":"https:\/\/www.revistarambla.com\/el-80-de-los-catalanes-a-favor-de-la-regulacion-de-alquileres\/#article","isPartOf":{"@id":"https:\/\/www.revistarambla.com\/el-80-de-los-catalanes-a-favor-de-la-regulacion-de-alquileres\/"},"author":{"name":"Sindicat de Llogateres","@id":"https:\/\/www.revistarambla.com\/#\/schema\/person\/cdb47f1b20cae4529e0d80b9b620ee26"},"headline":"El 80% de los catalanes a favor de la regulaci\u00f3n de alquileres","datePublished":"2024-02-21T20:34:38+00:00","mainEntityOfPage":{"@id":"https:\/\/www.revistarambla.com\/el-80-de-los-catalanes-a-favor-de-la-regulacion-de-alquileres\/"},"wordCount":754,"publisher":{"@id":"https:\/\/www.revistarambla.com\/#organization"},"image":{"@id":"https:\/\/www.revistarambla.com\/el-80-de-los-catalanes-a-favor-de-la-regulacion-de-alquileres\/#primaryimage"},"thumbnailUrl":"https:\/\/www.revistarambla.com\/wp-content\/uploads\/2022\/11\/Sindicat_de_Llogateres_-_llei_de_regulacio_del_preu_del_lloguer.jpg","articleSection":["Barcelona"],"inLanguage":"en-GB"},{"@type":"WebPage","@id":"https:\/\/www.revistarambla.com\/el-80-de-los-catalanes-a-favor-de-la-regulacion-de-alquileres\/","url":"https:\/\/www.revistarambla.com\/el-80-de-los-catalanes-a-favor-de-la-regulacion-de-alquileres\/","name":"El 80% de los catalanes a favor de la regulaci\u00f3n de alquileres - Revista Rambla","isPartOf":{"@id":"https:\/\/www.revistarambla.com\/#website"},"primaryImageOfPage":{"@id":"https:\/\/www.revistarambla.com\/el-80-de-los-catalanes-a-favor-de-la-regulacion-de-alquileres\/#primaryimage"},"image":{"@id":"https:\/\/www.revistarambla.com\/el-80-de-los-catalanes-a-favor-de-la-regulacion-de-alquileres\/#primaryimage"},"thumbnailUrl":"https:\/\/www.revistarambla.com\/wp-content\/uploads\/2022\/11\/Sindicat_de_Llogateres_-_llei_de_regulacio_del_preu_del_lloguer.jpg","datePublished":"2024-02-21T20:34:38+00:00","breadcrumb":{"@id":"https:\/\/www.revistarambla.com\/el-80-de-los-catalanes-a-favor-de-la-regulacion-de-alquileres\/#breadcrumb"},"inLanguage":"en-GB","potentialAction":[{"@type":"ReadAction","target":["https:\/\/www.revistarambla.com\/el-80-de-los-catalanes-a-favor-de-la-regulacion-de-alquileres\/"]}]},{"@type":"ImageObject","inLanguage":"en-GB","@id":"https:\/\/www.revistarambla.com\/el-80-de-los-catalanes-a-favor-de-la-regulacion-de-alquileres\/#primaryimage","url":"https:\/\/www.revistarambla.com\/wp-content\/uploads\/2022\/11\/Sindicat_de_Llogateres_-_llei_de_regulacio_del_preu_del_lloguer.jpg","contentUrl":"https:\/\/www.revistarambla.com\/wp-content\/uploads\/2022\/11\/Sindicat_de_Llogateres_-_llei_de_regulacio_del_preu_del_lloguer.jpg","width":975,"height":650},{"@type":"BreadcrumbList","@id":"https:\/\/www.revistarambla.com\/el-80-de-los-catalanes-a-favor-de-la-regulacion-de-alquileres\/#breadcrumb","itemListElement":[{"@type":"ListItem","position":1,"name":"Portada","item":"https:\/\/www.revistarambla.com\/"},{"@type":"ListItem","position":2,"name":"El 80% de los catalanes a favor de la regulaci\u00f3n de alquileres"}]},{"@type":"WebSite","@id":"https:\/\/www.revistarambla.com\/#website","url":"https:\/\/www.revistarambla.com\/","name":"Revista Rambla Barcelona","description":"Periodismo independiente","publisher":{"@id":"https:\/\/www.revistarambla.com\/#organization"},"potentialAction":[{"@type":"SearchAction","target":{"@type":"EntryPoint","urlTemplate":"https:\/\/www.revistarambla.com\/?s={search_term_string}"},"query-input":{"@type":"PropertyValueSpecification","valueRequired":true,"valueName":"search_term_string"}}],"inLanguage":"en-GB"},{"@type":"Organization","@id":"https:\/\/www.revistarambla.com\/#organization","name":"Revista Rambla","url":"https:\/\/www.revistarambla.com\/","logo":{"@type":"ImageObject","inLanguage":"en-GB","@id":"https:\/\/www.revistarambla.com\/#\/schema\/logo\/image\/","url":"https:\/\/www.revistarambla.com\/wp-content\/uploads\/2020\/09\/banner_rambla_1900x600_BB.png","contentUrl":"https:\/\/www.revistarambla.com\/wp-content\/uploads\/2020\/09\/banner_rambla_1900x600_BB.png","width":1900,"height":600,"caption":"Revista Rambla"},"image":{"@id":"https:\/\/www.revistarambla.com\/#\/schema\/logo\/image\/"},"sameAs":["https:\/\/www.facebook.com\/revistarambla\/","https:\/\/x.com\/revistarambla","https:\/\/www.instagram.com\/revista_rambla","https:\/\/es.linkedin.com\/company\/revista-rambla"]},{"@type":"Person","@id":"https:\/\/www.revistarambla.com\/#\/schema\/person\/cdb47f1b20cae4529e0d80b9b620ee26","name":"Sindicat de Llogateres","description":"Protegim el dret a l'habitatge. Millorem la vida de la gent. Ajuda'ns a seguir canviant les coses i suma-t'hi.","sameAs":["http:\/\/sindicatdellogateres.org\/","https:\/\/www.facebook.com\/SindicatLloguer\/","https:\/\/x.com\/sindicatlloguer"]}]}},"_links":{"self":[{"href":"https:\/\/www.revistarambla.com\/en\/wp-json\/wp\/v2\/posts\/58506","targetHints":{"allow":["GET"]}}],"collection":[{"href":"https:\/\/www.revistarambla.com\/en\/wp-json\/wp\/v2\/posts"}],"about":[{"href":"https:\/\/www.revistarambla.com\/en\/wp-json\/wp\/v2\/types\/post"}],"author":[{"embeddable":true,"href":"https:\/\/www.revistarambla.com\/en\/wp-json\/wp\/v2\/users\/328"}],"replies":[{"embeddable":true,"href":"https:\/\/www.revistarambla.com\/en\/wp-json\/wp\/v2\/comments?post=58506"}],"version-history":[{"count":2,"href":"https:\/\/www.revistarambla.com\/en\/wp-json\/wp\/v2\/posts\/58506\/revisions"}],"predecessor-version":[{"id":58508,"href":"https:\/\/www.revistarambla.com\/en\/wp-json\/wp\/v2\/posts\/58506\/revisions\/58508"}],"wp:featuredmedia":[{"embeddable":true,"href":"https:\/\/www.revistarambla.com\/en\/wp-json\/wp\/v2\/media\/50962"}],"wp:attachment":[{"href":"https:\/\/www.revistarambla.com\/en\/wp-json\/wp\/v2\/media?parent=58506"}],"wp:term":[{"taxonomy":"category","embeddable":true,"href":"https:\/\/www.revistarambla.com\/en\/wp-json\/wp\/v2\/categories?post=58506"},{"taxonomy":"post_tag","embeddable":true,"href":"https:\/\/www.revistarambla.com\/en\/wp-json\/wp\/v2\/tags?post=58506"}],"curies":[{"name":"wp","href":"https:\/\/api.w.org\/{rel}","templated":true}]}}