{"id":58446,"date":"2024-02-19T20:23:29","date_gmt":"2024-02-19T19:23:29","guid":{"rendered":"https:\/\/www.revistarambla.com\/?p=58446"},"modified":"2024-02-19T20:23:29","modified_gmt":"2024-02-19T19:23:29","slug":"la-estirpe-del-asesino","status":"publish","type":"post","link":"https:\/\/www.revistarambla.com\/en\/la-estirpe-del-asesino\/","title":{"rendered":"La estirpe del asesino"},"content":{"rendered":"<p>Alex\u00e9i Navalni acaba de morir en un gulag del \u00e1rtico, asesinado por Putin. Poco importa si ha sido ejecutado por sus carceleros<!--more--> o si, debilitado por el envenenamiento que sufri\u00f3 en su d\u00eda, ha sucumbido finalmente a las penosas condiciones de su cautiverio. El dictador del Kremlin tiene las manos manchadas con la sangre de su opositor. Y con ella env\u00eda un mensaje amenazador al pueblo ruso y al mundo. Hay actos que definen a un r\u00e9gimen pol\u00edtico. El asesinato de Navalni es uno de ellos. El crimen se ha vuelto consustancial al poder que ha ido configur\u00e1ndose en Mosc\u00fa tras el per\u00edodo de incertidumbre acerca del destino de la Rusia post-sovi\u00e9tica. La consolidaci\u00f3n del reinado autocr\u00e1tico de Putin funde los rasgos de su personalidad con el semblante y los m\u00e9todos del r\u00e9gimen.<\/p>\n<p>Putin personifica uno de los legados m\u00e1s siniestros del estalinismo, el de su polic\u00eda pol\u00edtica. El poder de la burocracia totalitaria que gobern\u00f3 la URSS se basaba fundamentalmente en una impostura. Reivindicaba su legitimidad invocando la memoria de una revoluci\u00f3n de vocaci\u00f3n igualitaria que so\u00f1\u00f3 con ser el primer jal\u00f3n de una Europa socialista\u2026 pero consagraba los privilegios y abusos de una casta que acab\u00f3 haci\u00e9ndose fuerte e insoslayable gracias al aislamiento y al atraso cultural y material de un pa\u00eds exang\u00fce tras una devastadora guerra civil. El r\u00e9gimen burocr\u00e1tico, cong\u00e9nitamente inestable, s\u00f3lo pod\u00eda mantenerse mediante el terror, exterminando a la generaci\u00f3n militante que hizo la Revoluci\u00f3n de Octubre y sometiendo al propio aparato del Estado a impredecibles purgas. Sobre el miedo difuso y la corrupci\u00f3n general, arbitraba las contradicciones, cual C\u00e9sar incontestable, \u201cel padrecito de los pueblos\u201d. Todo ello hizo de la polic\u00eda pol\u00edtica un elemento tentacular y omnipresente. GPU, NKVD\u2026 m\u00e1s tarde KGB. La persecuci\u00f3n de cualquier disidencia, la provocaci\u00f3n, el crimen, la tortura, la difusi\u00f3n de mentiras, las falsificaciones\u2026 La s\u00edntesis del cinismo desenfrenado de los usurpadores y los rasgos, primitivos y groseros, de un pasado que se resist\u00eda a desaparecer. La mediocridad y la incertidumbre no hac\u00edan sino m\u00e1s temibles y despiadadas a esas nuevas autoridades.<\/p>\n<p>La polic\u00eda estalinista escribi\u00f3 sin duda una de las p\u00e1ginas m\u00e1s sanguinarias y siniestras de la historia del siglo XX, causando un da\u00f1o inconmensurable al movimiento obrero internacional, algunas de cuyas figuras m\u00e1s destacadas, desde Andreu Nin a Le\u00f3n Trotsky, sucumbieron ante los sicarios de Stalin. Putin es un genuino heredero de aquella saga de terror. Su ambici\u00f3n desmedida, su personalidad obsesiva, vengativa, carente de escr\u00fapulos, indiferente a la vida humana y a cualquier imperativo moral, encajan a la perfecci\u00f3n con la funci\u00f3n y los m\u00e9todos de lo que fue el KGB. Esos rasgos psicol\u00f3gicos est\u00e1n en plena resonancia con las caracter\u00edsticas del poder actual en Rusia. Tras el colapso de la URSS, su econom\u00eda nacional acab\u00f3 recayendo en manos de una reducida \u00e9lite de oligarcas cuya riqueza se basa ante todo en la explotaci\u00f3n de los inmensos recursos energ\u00e9ticos y naturales del pa\u00eds. Una fratr\u00eda capitalista que necesita, sin embargo, permanecer adosada y en connivencia con un Estado funcional, capaz de \u201cmantener a raya\u201d cualquier progreso democr\u00e1tico. El pueblo ruso debe permanecer enclaustrado entre el fatalismo, el nacionalismo y el miedo.<\/p>\n<p>La creciente agresividad de Putin en el plano interno como en la arena internacional tiene que ver con la convulsa reconfiguraci\u00f3n geoestrat\u00e9gica a la que asistimos. Durante a\u00f1os, Estados Unidos acarici\u00f3 la ilusi\u00f3n de un mundo unipolar y crey\u00f3 poder extender su influencia hacia el Este, integrando en la OTAN a las naciones que a\u00fan recordaban con espanto su sometimiento al Kremlin. Pero Rusia no solo demostr\u00f3 que segu\u00eda teniendo el peso espec\u00edfico de una potencia mundial, sino que aspiraba a ampliarlo. Como bien recuerda Javier Solana en su libro \u201cTestigo de un tiempo incierto\u201d, Ucrania, cuya realidad nacional nunca admiti\u00f3, constituye una aut\u00e9ntica fijaci\u00f3n para Putin. \u201cLa desaparici\u00f3n de la URSS \u2013 declaraba en abril de 2005 \u2013 fue la mayor cat\u00e1strofe geopol\u00edtica del siglo. En cuanto al pueblo ruso, se convirti\u00f3 en una aut\u00e9ntica tragedia. Decenas de millones de nuestros conciudadanos y compatriotas se encontraron m\u00e1s all\u00e1 de los l\u00edmites del territorio ruso.\u201c<\/p>\n<p>La guerra de Ucrania responde a una l\u00f3gica profundamente anclada en la visi\u00f3n de Putin: la recomposici\u00f3n del \u00e1rea de influencia sovi\u00e9tica. \u00c9l mismo lo expresaba sin ambages en la Conferencia de Seguridad de M\u00fanich, celebrada en 2007: \u201cRusia es un pa\u00eds con m\u00e1s de mil a\u00f1os de historia que pr\u00e1cticamente siempre ha hecho uso del privilegio de llevar a cabo una pol\u00edtica exterior independiente. Hoy no vamos a cambiar esa tradici\u00f3n.\u201d La pol\u00edtica exterior es siempre una cierta prolongaci\u00f3n de la pol\u00edtica interna, y ambas est\u00e1n profundamente imbricadas. El r\u00e9gimen de Putin, en la medida que afianza sus rasgos autoritarios, tiende al enfrentamiento b\u00e9lico con su entorno. La tensi\u00f3n militar propicia la verticalidad del mando, exacerba los sentimientos nacionales y proscribe cualquier idea de disidencia en el enfrentamiento con el enemigo exterior. Georgia, Ucrania\u2026 \u00bfMa\u00f1ana los pa\u00edses b\u00e1lticos? Putin se crece en el contexto del actual desorden global.<\/p>\n<p>Europa, mecida en la seguridad protectora del paraguas militar norteamericano, lisonjera con los oligarcas rusos y confiada en medrar a costa de un petr\u00f3leo barato que flu\u00eda desde el Este, cerr\u00f3 los ojos ante la pol\u00edtica, a la vez expansiva territorialmente y compresiva de las contradicciones sociales internas, del Kremlin. A pesar de sus crecientes injerencias, a pesar de la anexi\u00f3n de Crimea, de los choques armados en el Donbass\u2026 no crey\u00f3 verdaderamente en la guerra hasta que Putin se abalanz\u00f3 sobre Kiev. Ahora, la guerra est\u00e1 ah\u00ed. Y es en gran medida una guerra contra Europa y contra la democracia pol\u00edtica, m\u00e1s all\u00e1 de los intereses mercantiles que puedan envolverse en esas banderas. La voluntad integradora manifestada por la UE hacia Ucrania no solo incide en lo que Mosc\u00fa considera su dominio natural, sino que perfilaba una democracia liberal, perfectamente legible y comparable, a las puertas de la autocracia rusa. La muerte de Navalni y la ofensiva contra Ucrania son indisociables: la oposici\u00f3n democr\u00e1tica rusa y la soberan\u00eda de Ucrania constituyen amenazas existenciales para Putin.<\/p>\n<p>Alarmada ante la posibilidad de un retorno de Trump a la Casa Blanca, Europa toma bruscamente consciencia de la debilidad de su defensa, entiende \u2013 \u00a1por fin! \u2013 que Putin va muy en serio, que cada paso que da le lleva a dar el siguiente y que su amenaza es real. Es, desde luego, una buena cosa que gobiernos y opiniones p\u00fablicas empiecen a mirar la realidad cara a cara. Pero la izquierda no puede contentarse con eso. Deber\u00eda ser la primera en promover en el seno de la UE una visi\u00f3n estrat\u00e9gica, acorde con los tiempos que se avecinan. No es posible enfrentarlos echando mano de las recetas del pasado. La defensa militar de Europa no puede resolverse a base de un compra, compulsiva y desordenada, de armamento \u2013 lo que har\u00eda felices sin duda a algunas grandes industrias proveedoras -, sino a trav\u00e9s de un esfuerzo mancomunado de los pa\u00edses miembros de la Uni\u00f3n. Ning\u00fan Estado nacional puede afrontar la defensa de sus fronteras de modo aislado frente a una potencia nuclear como Rusia. La gran dificultad no radica tanto en el volumen del gasto \u2013 al que se ver\u00e1n arrastrados todos los pa\u00edses -, sino en la coordinaci\u00f3n, la unificaci\u00f3n del mando y el establecimiento de los dispositivos y tecnolog\u00edas que permitan una disuasi\u00f3n europea aut\u00f3noma, algo que hoy se antoja muy lejano.<\/p>\n<p>Pero la izquierda debe sobre todo tener muy presente que la seguridad de Europa es un concepto mucho m\u00e1s amplio que no solo se dirime en el terreno militar. Antes al contrario, depende en primer lugar de su pol\u00edtica exterior, de sus relaciones internacionales, de c\u00f3mo se sit\u00faa ante el mundo. Nada debilita tanto a Europa como la inercia de su pasado colonial, sus relaciones asim\u00e9tricas con los pa\u00edses africanos, su pol\u00edtica migratoria, la actitud pasiva o connivente de sus gobiernos con una guerra b\u00e1rbara como la que libra Netanyahu contra la poblaci\u00f3n de Gaza\u2026 \u201cDos pesos, dos medidas\u201d, reprocha el Sur Global a Occidente. En realidad, el gobierno de Israel es hoy el mejor aliado objetivo de Putin en su esfuerzo por doblegar a Ucrania. Pero corresponde a la izquierda hacerlo patente, postul\u00e1ndose a liderar un nuevo y decidido impulso de Europa hacia su integraci\u00f3n federal.<\/p>\n<p>Una izquierda, l\u00facida, desembarazada de los clich\u00e9s de la guerra fr\u00eda que a\u00fan atenazan a toda una serie de sus corrientes alternativas. Si la socialdemocracia europea \u2013 por boca de Josep Borrell, del gobierno de Espa\u00f1a o del SPD \u2013 ha salido a denunciar con vehemencia el asesinato de Navalni, el silencio ha sido clamoroso entre las formaciones que supuestamente se ubican a su izquierda. Tal vez la figura liberal del opositor les parec\u00eda demasiado \u201coccidental\u201d. Craso error. La lucha por la libertad es indivisible. Cuando un r\u00e9gimen polic\u00edaco comete un crimen como \u00e9ste, m\u00e1s all\u00e1 del programa pol\u00edtico que defendiese su v\u00edctima, ser\u00e1n siempre los m\u00e1s humildes, aquellos cuya dignidad y condiciones de vida mayor necesidad tienen de ser defendidas, quienes m\u00e1s relegados ver\u00e1n sus derechos. Bajo una autocracia, los golpes contra el ala liberal lo son tambi\u00e9n contra la izquierda. Lo cierto es que la desorientaci\u00f3n de algunos empieza a ser alarmante. Su indiferencia ha envuelto tambi\u00e9n la noticia de la condena, hace apenas unos d\u00edas, del soci\u00f3logo y activista marxista Boris Kagarlitsky, opuesto a la guerra de Ucrania, en virtud de la voluble legislaci\u00f3n antiterrorista rusa. \u00bfD\u00f3nde iremos a parar si no sabemos reconocer y defender a los nuestros? El sue\u00f1o de la izquierda es el de la cooperaci\u00f3n entre los pueblos, propiciado por el esp\u00edritu fraternal de la clase trabajadora, no el choque entre distintos \u201ccampos\u201d en la arena mundial. Ninguna condena b\u00edblica determina que Rusia deba vivir bajo el yugo de un tirano. Si la izquierda no sabe recuperar sus principios y declinarlos ante los nuevos desaf\u00edos de la historia, puede que el mundo vea prosperar aqu\u00ed y all\u00e1 toda una estirpe de asesinos al frente de las naciones. Hoy, Putin se erige en su adelantado, en modelo de una inquietante hornada de l\u00edderes populistas. Pero la sombra acusadora de Navalni le perseguir\u00e1 hasta el final de sus d\u00edas. La opini\u00f3n p\u00fablica democr\u00e1tica no puede por menos que inclinarse ante quien dio su vida por mantener la esperanza de un pueblo.<\/p>\n<hr \/>\n<p><em>*Fuente: https:\/\/lluisrabell.com\/2024\/02\/17\/la-estirpe-del-asesino\/<\/em><\/p>","protected":false},"excerpt":{"rendered":"<p>Putin se erige en su adelantado, en modelo de una inquietante hornada de l\u00edderes populistas. Pero la sombra acusadora de Navalni le perseguir\u00e1 hasta el final de sus d\u00edas.<\/p>","protected":false},"author":207,"featured_media":39373,"comment_status":"closed","ping_status":"closed","sticky":false,"template":"","format":"standard","meta":{"footnotes":""},"categories":[72],"tags":[],"class_list":["post-58446","post","type-post","status-publish","format-standard","has-post-thumbnail","hentry","category-opinion"],"yoast_head":"<!-- This site is optimized with the Yoast SEO plugin v27.5 - https:\/\/yoast.com\/product\/yoast-seo-wordpress\/ -->\n<title>La estirpe del asesino - Revista Rambla<\/title>\n<meta name=\"robots\" content=\"index, follow, max-snippet:-1, max-image-preview:large, max-video-preview:-1\" \/>\n<link rel=\"canonical\" href=\"https:\/\/www.revistarambla.com\/en\/la-estirpe-del-asesino\/\" \/>\n<meta property=\"og:locale\" content=\"en_GB\" \/>\n<meta property=\"og:type\" content=\"article\" \/>\n<meta property=\"og:title\" content=\"La estirpe del asesino - Revista Rambla\" \/>\n<meta property=\"og:description\" content=\"Putin se erige en su adelantado, en modelo de una inquietante hornada de l\u00edderes populistas. Pero la sombra acusadora de Navalni le perseguir\u00e1 hasta el final de sus d\u00edas.\" \/>\n<meta property=\"og:url\" content=\"https:\/\/www.revistarambla.com\/en\/la-estirpe-del-asesino\/\" \/>\n<meta property=\"og:site_name\" content=\"Revista Rambla\" \/>\n<meta property=\"article:publisher\" content=\"https:\/\/www.facebook.com\/revistarambla\/\" \/>\n<meta property=\"article:author\" content=\"https:\/\/www.facebook.com\/lluis.rabell\" \/>\n<meta property=\"article:published_time\" content=\"2024-02-19T19:23:29+00:00\" \/>\n<meta property=\"og:image\" content=\"https:\/\/www.revistarambla.com\/wp-content\/uploads\/2022\/02\/NAVALNY.jpg\" \/>\n\t<meta property=\"og:image:width\" content=\"1200\" \/>\n\t<meta property=\"og:image:height\" content=\"674\" \/>\n\t<meta property=\"og:image:type\" content=\"image\/jpeg\" \/>\n<meta name=\"author\" content=\"Llu\u00eds Rabell\" \/>\n<meta name=\"twitter:card\" content=\"summary_large_image\" \/>\n<meta name=\"twitter:creator\" content=\"@LluisRabell\" \/>\n<meta name=\"twitter:site\" content=\"@revistarambla\" \/>\n<meta name=\"twitter:label1\" content=\"Written by\" \/>\n\t<meta name=\"twitter:data1\" content=\"Llu\u00eds Rabell\" \/>\n\t<meta name=\"twitter:label2\" content=\"Estimated reading time\" \/>\n\t<meta name=\"twitter:data2\" content=\"9 minutes\" \/>\n<script type=\"application\/ld+json\" class=\"yoast-schema-graph\">{\"@context\":\"https:\\\/\\\/schema.org\",\"@graph\":[{\"@type\":\"Article\",\"@id\":\"https:\\\/\\\/www.revistarambla.com\\\/la-estirpe-del-asesino\\\/#article\",\"isPartOf\":{\"@id\":\"https:\\\/\\\/www.revistarambla.com\\\/la-estirpe-del-asesino\\\/\"},\"author\":{\"name\":\"Llu\u00eds Rabell\",\"@id\":\"https:\\\/\\\/www.revistarambla.com\\\/#\\\/schema\\\/person\\\/3ba9277f13f33db9ef7848c9777ce347\"},\"headline\":\"La estirpe del asesino\",\"datePublished\":\"2024-02-19T19:23:29+00:00\",\"mainEntityOfPage\":{\"@id\":\"https:\\\/\\\/www.revistarambla.com\\\/la-estirpe-del-asesino\\\/\"},\"wordCount\":1877,\"publisher\":{\"@id\":\"https:\\\/\\\/www.revistarambla.com\\\/#organization\"},\"image\":{\"@id\":\"https:\\\/\\\/www.revistarambla.com\\\/la-estirpe-del-asesino\\\/#primaryimage\"},\"thumbnailUrl\":\"https:\\\/\\\/www.revistarambla.com\\\/wp-content\\\/uploads\\\/2022\\\/02\\\/NAVALNY.jpg\",\"articleSection\":[\"Opiniones\"],\"inLanguage\":\"en-GB\"},{\"@type\":\"WebPage\",\"@id\":\"https:\\\/\\\/www.revistarambla.com\\\/la-estirpe-del-asesino\\\/\",\"url\":\"https:\\\/\\\/www.revistarambla.com\\\/la-estirpe-del-asesino\\\/\",\"name\":\"La estirpe del asesino - Revista Rambla\",\"isPartOf\":{\"@id\":\"https:\\\/\\\/www.revistarambla.com\\\/#website\"},\"primaryImageOfPage\":{\"@id\":\"https:\\\/\\\/www.revistarambla.com\\\/la-estirpe-del-asesino\\\/#primaryimage\"},\"image\":{\"@id\":\"https:\\\/\\\/www.revistarambla.com\\\/la-estirpe-del-asesino\\\/#primaryimage\"},\"thumbnailUrl\":\"https:\\\/\\\/www.revistarambla.com\\\/wp-content\\\/uploads\\\/2022\\\/02\\\/NAVALNY.jpg\",\"datePublished\":\"2024-02-19T19:23:29+00:00\",\"breadcrumb\":{\"@id\":\"https:\\\/\\\/www.revistarambla.com\\\/la-estirpe-del-asesino\\\/#breadcrumb\"},\"inLanguage\":\"en-GB\",\"potentialAction\":[{\"@type\":\"ReadAction\",\"target\":[\"https:\\\/\\\/www.revistarambla.com\\\/la-estirpe-del-asesino\\\/\"]}]},{\"@type\":\"ImageObject\",\"inLanguage\":\"en-GB\",\"@id\":\"https:\\\/\\\/www.revistarambla.com\\\/la-estirpe-del-asesino\\\/#primaryimage\",\"url\":\"https:\\\/\\\/www.revistarambla.com\\\/wp-content\\\/uploads\\\/2022\\\/02\\\/NAVALNY.jpg\",\"contentUrl\":\"https:\\\/\\\/www.revistarambla.com\\\/wp-content\\\/uploads\\\/2022\\\/02\\\/NAVALNY.jpg\",\"width\":1200,\"height\":674},{\"@type\":\"BreadcrumbList\",\"@id\":\"https:\\\/\\\/www.revistarambla.com\\\/la-estirpe-del-asesino\\\/#breadcrumb\",\"itemListElement\":[{\"@type\":\"ListItem\",\"position\":1,\"name\":\"Portada\",\"item\":\"https:\\\/\\\/www.revistarambla.com\\\/\"},{\"@type\":\"ListItem\",\"position\":2,\"name\":\"La estirpe del asesino\"}]},{\"@type\":\"WebSite\",\"@id\":\"https:\\\/\\\/www.revistarambla.com\\\/#website\",\"url\":\"https:\\\/\\\/www.revistarambla.com\\\/\",\"name\":\"Revista Rambla Barcelona\",\"description\":\"Periodismo independiente\",\"publisher\":{\"@id\":\"https:\\\/\\\/www.revistarambla.com\\\/#organization\"},\"potentialAction\":[{\"@type\":\"SearchAction\",\"target\":{\"@type\":\"EntryPoint\",\"urlTemplate\":\"https:\\\/\\\/www.revistarambla.com\\\/?s={search_term_string}\"},\"query-input\":{\"@type\":\"PropertyValueSpecification\",\"valueRequired\":true,\"valueName\":\"search_term_string\"}}],\"inLanguage\":\"en-GB\"},{\"@type\":\"Organization\",\"@id\":\"https:\\\/\\\/www.revistarambla.com\\\/#organization\",\"name\":\"Revista Rambla\",\"url\":\"https:\\\/\\\/www.revistarambla.com\\\/\",\"logo\":{\"@type\":\"ImageObject\",\"inLanguage\":\"en-GB\",\"@id\":\"https:\\\/\\\/www.revistarambla.com\\\/#\\\/schema\\\/logo\\\/image\\\/\",\"url\":\"https:\\\/\\\/www.revistarambla.com\\\/wp-content\\\/uploads\\\/2020\\\/09\\\/banner_rambla_1900x600_BB.png\",\"contentUrl\":\"https:\\\/\\\/www.revistarambla.com\\\/wp-content\\\/uploads\\\/2020\\\/09\\\/banner_rambla_1900x600_BB.png\",\"width\":1900,\"height\":600,\"caption\":\"Revista Rambla\"},\"image\":{\"@id\":\"https:\\\/\\\/www.revistarambla.com\\\/#\\\/schema\\\/logo\\\/image\\\/\"},\"sameAs\":[\"https:\\\/\\\/www.facebook.com\\\/revistarambla\\\/\",\"https:\\\/\\\/x.com\\\/revistarambla\",\"https:\\\/\\\/www.instagram.com\\\/revista_rambla\",\"https:\\\/\\\/es.linkedin.com\\\/company\\\/revista-rambla\"]},{\"@type\":\"Person\",\"@id\":\"https:\\\/\\\/www.revistarambla.com\\\/#\\\/schema\\\/person\\\/3ba9277f13f33db9ef7848c9777ce347\",\"name\":\"Llu\u00eds Rabell\",\"description\":\"Barcelona, 1954. Traductor, activista y pol\u00edtico. Diputado del Parlament de Catalunya entre 2015 y 2017, lider\u00f3 el grupo parlamentario de Catalunya S\u00ed que es Pot.\",\"sameAs\":[\"https:\\\/\\\/lluisrabell.com\\\/blog\\\/\",\"https:\\\/\\\/www.facebook.com\\\/lluis.rabell\",\"https:\\\/\\\/x.com\\\/LluisRabell\",\"https:\\\/\\\/es.wikipedia.org\\\/wiki\\\/Llus_Rabell\"]}]}<\/script>\n<!-- \/ Yoast SEO plugin. -->","yoast_head_json":{"title":"La estirpe del asesino - Revista Rambla","robots":{"index":"index","follow":"follow","max-snippet":"max-snippet:-1","max-image-preview":"max-image-preview:large","max-video-preview":"max-video-preview:-1"},"canonical":"https:\/\/www.revistarambla.com\/en\/la-estirpe-del-asesino\/","og_locale":"en_GB","og_type":"article","og_title":"La estirpe del asesino - Revista Rambla","og_description":"Putin se erige en su adelantado, en modelo de una inquietante hornada de l\u00edderes populistas. Pero la sombra acusadora de Navalni le perseguir\u00e1 hasta el final de sus d\u00edas.","og_url":"https:\/\/www.revistarambla.com\/en\/la-estirpe-del-asesino\/","og_site_name":"Revista Rambla","article_publisher":"https:\/\/www.facebook.com\/revistarambla\/","article_author":"https:\/\/www.facebook.com\/lluis.rabell","article_published_time":"2024-02-19T19:23:29+00:00","og_image":[{"width":1200,"height":674,"url":"https:\/\/www.revistarambla.com\/wp-content\/uploads\/2022\/02\/NAVALNY.jpg","type":"image\/jpeg"}],"author":"Llu\u00eds Rabell","twitter_card":"summary_large_image","twitter_creator":"@LluisRabell","twitter_site":"@revistarambla","twitter_misc":{"Written by":"Llu\u00eds Rabell","Estimated reading time":"9 minutes"},"schema":{"@context":"https:\/\/schema.org","@graph":[{"@type":"Article","@id":"https:\/\/www.revistarambla.com\/la-estirpe-del-asesino\/#article","isPartOf":{"@id":"https:\/\/www.revistarambla.com\/la-estirpe-del-asesino\/"},"author":{"name":"Llu\u00eds Rabell","@id":"https:\/\/www.revistarambla.com\/#\/schema\/person\/3ba9277f13f33db9ef7848c9777ce347"},"headline":"La estirpe del asesino","datePublished":"2024-02-19T19:23:29+00:00","mainEntityOfPage":{"@id":"https:\/\/www.revistarambla.com\/la-estirpe-del-asesino\/"},"wordCount":1877,"publisher":{"@id":"https:\/\/www.revistarambla.com\/#organization"},"image":{"@id":"https:\/\/www.revistarambla.com\/la-estirpe-del-asesino\/#primaryimage"},"thumbnailUrl":"https:\/\/www.revistarambla.com\/wp-content\/uploads\/2022\/02\/NAVALNY.jpg","articleSection":["Opiniones"],"inLanguage":"en-GB"},{"@type":"WebPage","@id":"https:\/\/www.revistarambla.com\/la-estirpe-del-asesino\/","url":"https:\/\/www.revistarambla.com\/la-estirpe-del-asesino\/","name":"La estirpe del asesino - Revista Rambla","isPartOf":{"@id":"https:\/\/www.revistarambla.com\/#website"},"primaryImageOfPage":{"@id":"https:\/\/www.revistarambla.com\/la-estirpe-del-asesino\/#primaryimage"},"image":{"@id":"https:\/\/www.revistarambla.com\/la-estirpe-del-asesino\/#primaryimage"},"thumbnailUrl":"https:\/\/www.revistarambla.com\/wp-content\/uploads\/2022\/02\/NAVALNY.jpg","datePublished":"2024-02-19T19:23:29+00:00","breadcrumb":{"@id":"https:\/\/www.revistarambla.com\/la-estirpe-del-asesino\/#breadcrumb"},"inLanguage":"en-GB","potentialAction":[{"@type":"ReadAction","target":["https:\/\/www.revistarambla.com\/la-estirpe-del-asesino\/"]}]},{"@type":"ImageObject","inLanguage":"en-GB","@id":"https:\/\/www.revistarambla.com\/la-estirpe-del-asesino\/#primaryimage","url":"https:\/\/www.revistarambla.com\/wp-content\/uploads\/2022\/02\/NAVALNY.jpg","contentUrl":"https:\/\/www.revistarambla.com\/wp-content\/uploads\/2022\/02\/NAVALNY.jpg","width":1200,"height":674},{"@type":"BreadcrumbList","@id":"https:\/\/www.revistarambla.com\/la-estirpe-del-asesino\/#breadcrumb","itemListElement":[{"@type":"ListItem","position":1,"name":"Portada","item":"https:\/\/www.revistarambla.com\/"},{"@type":"ListItem","position":2,"name":"La estirpe del asesino"}]},{"@type":"WebSite","@id":"https:\/\/www.revistarambla.com\/#website","url":"https:\/\/www.revistarambla.com\/","name":"Revista Rambla Barcelona","description":"Periodismo independiente","publisher":{"@id":"https:\/\/www.revistarambla.com\/#organization"},"potentialAction":[{"@type":"SearchAction","target":{"@type":"EntryPoint","urlTemplate":"https:\/\/www.revistarambla.com\/?s={search_term_string}"},"query-input":{"@type":"PropertyValueSpecification","valueRequired":true,"valueName":"search_term_string"}}],"inLanguage":"en-GB"},{"@type":"Organization","@id":"https:\/\/www.revistarambla.com\/#organization","name":"Revista Rambla","url":"https:\/\/www.revistarambla.com\/","logo":{"@type":"ImageObject","inLanguage":"en-GB","@id":"https:\/\/www.revistarambla.com\/#\/schema\/logo\/image\/","url":"https:\/\/www.revistarambla.com\/wp-content\/uploads\/2020\/09\/banner_rambla_1900x600_BB.png","contentUrl":"https:\/\/www.revistarambla.com\/wp-content\/uploads\/2020\/09\/banner_rambla_1900x600_BB.png","width":1900,"height":600,"caption":"Revista Rambla"},"image":{"@id":"https:\/\/www.revistarambla.com\/#\/schema\/logo\/image\/"},"sameAs":["https:\/\/www.facebook.com\/revistarambla\/","https:\/\/x.com\/revistarambla","https:\/\/www.instagram.com\/revista_rambla","https:\/\/es.linkedin.com\/company\/revista-rambla"]},{"@type":"Person","@id":"https:\/\/www.revistarambla.com\/#\/schema\/person\/3ba9277f13f33db9ef7848c9777ce347","name":"Llu\u00eds Rabell","description":"Barcelona, 1954. Traductor, activista y pol\u00edtico. Diputado del Parlament de Catalunya entre 2015 y 2017, lider\u00f3 el grupo parlamentario de Catalunya S\u00ed que es Pot.","sameAs":["https:\/\/lluisrabell.com\/blog\/","https:\/\/www.facebook.com\/lluis.rabell","https:\/\/x.com\/LluisRabell","https:\/\/es.wikipedia.org\/wiki\/Llus_Rabell"]}]}},"_links":{"self":[{"href":"https:\/\/www.revistarambla.com\/en\/wp-json\/wp\/v2\/posts\/58446","targetHints":{"allow":["GET"]}}],"collection":[{"href":"https:\/\/www.revistarambla.com\/en\/wp-json\/wp\/v2\/posts"}],"about":[{"href":"https:\/\/www.revistarambla.com\/en\/wp-json\/wp\/v2\/types\/post"}],"author":[{"embeddable":true,"href":"https:\/\/www.revistarambla.com\/en\/wp-json\/wp\/v2\/users\/207"}],"replies":[{"embeddable":true,"href":"https:\/\/www.revistarambla.com\/en\/wp-json\/wp\/v2\/comments?post=58446"}],"version-history":[{"count":1,"href":"https:\/\/www.revistarambla.com\/en\/wp-json\/wp\/v2\/posts\/58446\/revisions"}],"predecessor-version":[{"id":58447,"href":"https:\/\/www.revistarambla.com\/en\/wp-json\/wp\/v2\/posts\/58446\/revisions\/58447"}],"wp:featuredmedia":[{"embeddable":true,"href":"https:\/\/www.revistarambla.com\/en\/wp-json\/wp\/v2\/media\/39373"}],"wp:attachment":[{"href":"https:\/\/www.revistarambla.com\/en\/wp-json\/wp\/v2\/media?parent=58446"}],"wp:term":[{"taxonomy":"category","embeddable":true,"href":"https:\/\/www.revistarambla.com\/en\/wp-json\/wp\/v2\/categories?post=58446"},{"taxonomy":"post_tag","embeddable":true,"href":"https:\/\/www.revistarambla.com\/en\/wp-json\/wp\/v2\/tags?post=58446"}],"curies":[{"name":"wp","href":"https:\/\/api.w.org\/{rel}","templated":true}]}}