{"id":58426,"date":"2024-02-18T20:40:21","date_gmt":"2024-02-18T19:40:21","guid":{"rendered":"https:\/\/www.revistarambla.com\/?p=58426"},"modified":"2024-02-18T20:40:21","modified_gmt":"2024-02-18T19:40:21","slug":"ave-cesar-los-que-van-a-morir-te-saludan","status":"publish","type":"post","link":"https:\/\/www.revistarambla.com\/en\/ave-cesar-los-que-van-a-morir-te-saludan\/","title":{"rendered":"Ave c\u00e9sar los que van a morir te saludan\u00a0"},"content":{"rendered":"<p>He observado a lo largo de mi corta vida de granuja-sherriff que, en determinadas ocasiones, la gente est\u00e1 m\u00e1s guapa callada. No es pol\u00edticamente correcto lo que voy a decir, pero es cosa sabida, que por una infracci\u00f3n administrativa no se debe hacer nada si hay indicios de que los infractores son delincuentes peligrosos tipo psic\u00f3patas, a menos que vayas a detenerlos y cuentes con los medios para hacerlo, de lo contrario, se debe apelar a la excusa perfecta y abortar siempre de forma elegante la operaci\u00f3n, sobre todo si hay la m\u00e1s leve sospecha de que el foll\u00f3n puede terminar en un delito grave, m\u00e1xime si puede haber muertos de cualquier tipo y sobre todo si al final termina por ejemplo, como en un fat\u00eddico asesinato doble de dos servidores p\u00fabicos. Sin duda, el denunciante fue responsable y lo hizo con buena fe, pero a veces es mejor ponderar el posible resultado y la oportunidad de nuestras propias denuncias, ante la disponibilidad de recursos de las fuerzas del orden en ese preciso momento, y cabe incluso la posibilidad de preguntarnos a qu\u00e9 obedece la anormal impunidad y la rareza de la escena en la que los presuntos delincuentes con aire de suficiencia no temen ser abordados por la puntual patrullera de rigor. Es como un rat\u00f3n que no teme a un gato. Deber\u00eda ponernos enseguida sobre alerta de que algo raro est\u00e1 pasado. En efecto, es una imagen muy elocuente contemplar un ins\u00f3lito parking de narcolanchas en pleno puerto de Barbate. Tal vez es pensar mucho, ante la poco edificante imagen de aquellos funestos instrumentos de la delincuencia organizada. Sin embargo, Es pura psicolog\u00eda de la calle. \u00bfNo ser\u00e1 tal vez que debido a una eventual ventaja se sienten en superioridad num\u00e9rica y material? \u00bfNo ser\u00e1 mejor esperar a que las fuerzas del orden puedan equilibrar o superar sus fuerzas? Una simple llamaba bastaba para saber que algunas, si no todas las lanchas de C\u00e1diz estaban da\u00f1adas. Adem\u00e1s del temporal que a buen seguro imped\u00eda el uso del helic\u00f3ptero. Pero ahora ya es tarde para eso. \u00bfY si despu\u00e9s del proceso legal que ya se ha puesto en marcha contra los presuntos autores de la muerte de los dos guardias civiles, hubiera que hacer una reflexi\u00f3n m\u00e1s all\u00e1 de la consabida falta de medios y hablar sobre una presunta venganza por la muerte del narcotraficante que hab\u00eda sucedido de forma accidental la semana anterior?\u00a0 Yo he escuchado dos versiones distintas del por qu\u00e9 no salieron las lanchas de C\u00e1diz: una sobre una aver\u00eda general y otra sobre un fuerte temporal. A buen entendedor pocas palabras bastan. Y si mi teor\u00eda hipot\u00e9tica es correcta, entonces los guardias civiles fueron directamente a una trampa, creada bajo la idea de provocar un conflicto con las fuerzas del orden por la muerte de su amigo, y hacerlo a fuerza de tener las narcolanchas ilegales aparcadas en el puerto de Barbate, como una provocaci\u00f3n a la espera de una carrera naval con desenlace conflictivo y que termin\u00f3 siendo fatal, cuando llegaron los agentes montados en aquella barca tan endeble que parec\u00eda de juguete. Entonces un egregio C\u00e9sar ajeno por un momento a que aquellos uniformados eran personas humanas con familias e hijos, atrajo sin querer a la guardia pretoriana a la trampa minuciosamente tramada por los vengativos narcos, hasta tal punto de congregarse al efecto, un p\u00fablico espont\u00e1neo que jaleaba a las narcotraficantes contra los guardias como si estuvieran viendo naumaquia en el coliseo romano lleno de barcos. Pero el p\u00fablico que se congreg\u00f3 de forma espont\u00e1nea parec\u00eda imaginar lo que iba que pasar, incluso, m\u00e1s todav\u00eda, lo deseaba, puede que sospecharan que las aguas estaban revueltas e incluso no era ni siquiera un buen d\u00eda para haber salido desde C\u00e1diz con un par de lanchas r\u00edgidas mucho m\u00e1s grandes y seguras. Entonces, \u00bfc\u00f3mo iban a salir de esa manera? Por qu\u00e9 nadie les avis\u00f3 del peligro que corr\u00edan al ir en aquellas precarias condiciones? \u00bfMerecer\u00e1 alguna vez alguien un reproche moral por enviarlos en aquella precaria situaci\u00f3n y dejarlos solos ante el peligro?\u00a0 Asumir las responsabilidades no est\u00e1 de moda en nuestro maravilloso pa\u00eds, pase lo que pase.\u00a0 Pero una cosa est\u00e1 clara creo que ahora vendr\u00e1 el tiempo de los funerales y de las condecoraciones y estoy seguro de que puede ser que en un futuro cercano se les compren barcas nuevas algunas que no ser\u00e1n de juguete. Sin embargo, todav\u00eda me estoy preguntado por qu\u00e9 desmantelaron la unidad de \u00e9lite que estaba poniendo a los narcos contra las cuerdas. Rivalidades y pitos y flautas. Ninguna de las explicaciones que me han dado me convence y tal vez por eso yo tengo la m\u00eda propia, \u00bfY si estaban haciendo tan bien su trabajo que eran molestos para ciertas opacas instancias superiores? No me hagan mucho caso, porque es pura especulaci\u00f3n y una de las licencias literarias que se le permiten a los escritores, pero no ser\u00eda la primera, ni la \u00faltima vez que, en determinados \u00e1mbitos de este pa\u00eds, que algunos los matan y otros los echan por hacer demasiado bien su trabajo.<\/p>","protected":false},"excerpt":{"rendered":"<p>He observado a lo largo de mi corta vida de granuja-sherriff que, en determinadas ocasiones, la gente est\u00e1 m\u00e1s guapa callada. No es pol\u00edticamente correcto lo que voy a decir, pero es cosa sabida, que por una infracci\u00f3n administrativa no se debe hacer nada si hay indicios de que los [&hellip;]<\/p>\n","protected":false},"author":294,"featured_media":58427,"comment_status":"closed","ping_status":"closed","sticky":false,"template":"","format":"standard","meta":{"footnotes":""},"categories":[3908],"tags":[],"class_list":["post-58426","post","type-post","status-publish","format-standard","has-post-thumbnail","hentry","category-la-bodeguita-de-hemingway"],"yoast_head":"<!-- This site is optimized with the Yoast SEO plugin v27.5 - https:\/\/yoast.com\/product\/yoast-seo-wordpress\/ -->\n<title>Ave c\u00e9sar los que van a morir te saludan\u00a0 - Revista Rambla<\/title>\n<meta name=\"robots\" content=\"index, follow, max-snippet:-1, max-image-preview:large, max-video-preview:-1\" \/>\n<link rel=\"canonical\" href=\"https:\/\/www.revistarambla.com\/en\/ave-cesar-los-que-van-a-morir-te-saludan\/\" \/>\n<meta property=\"og:locale\" content=\"en_GB\" \/>\n<meta property=\"og:type\" content=\"article\" \/>\n<meta property=\"og:title\" content=\"Ave c\u00e9sar los que van a morir te saludan\u00a0 - Revista Rambla\" \/>\n<meta property=\"og:description\" content=\"He observado a lo largo de mi corta vida de granuja-sherriff que, en determinadas ocasiones, la gente est\u00e1 m\u00e1s guapa callada. No es pol\u00edticamente correcto lo que voy a decir, pero es cosa sabida, que por una infracci\u00f3n administrativa no se debe hacer nada si hay indicios de que los [&hellip;]\" \/>\n<meta property=\"og:url\" content=\"https:\/\/www.revistarambla.com\/en\/ave-cesar-los-que-van-a-morir-te-saludan\/\" \/>\n<meta property=\"og:site_name\" content=\"Revista Rambla\" \/>\n<meta property=\"article:publisher\" content=\"https:\/\/www.facebook.com\/revistarambla\/\" \/>\n<meta property=\"article:published_time\" content=\"2024-02-18T19:40:21+00:00\" \/>\n<meta property=\"og:image\" content=\"https:\/\/www.revistarambla.com\/wp-content\/uploads\/2024\/02\/coliseo-roma.jpg\" \/>\n\t<meta property=\"og:image:width\" content=\"800\" \/>\n\t<meta property=\"og:image:height\" content=\"499\" \/>\n\t<meta property=\"og:image:type\" content=\"image\/jpeg\" \/>\n<meta name=\"author\" content=\"Jos\u00e9 Antonio Gamero Romero\" \/>\n<meta name=\"twitter:card\" content=\"summary_large_image\" \/>\n<meta name=\"twitter:creator\" content=\"@revistarambla\" \/>\n<meta name=\"twitter:site\" content=\"@revistarambla\" \/>\n<meta name=\"twitter:label1\" content=\"Written by\" \/>\n\t<meta name=\"twitter:data1\" content=\"Jos\u00e9 Antonio Gamero Romero\" \/>\n\t<meta name=\"twitter:label2\" content=\"Estimated reading time\" \/>\n\t<meta name=\"twitter:data2\" content=\"5 minutes\" \/>\n<script type=\"application\/ld+json\" class=\"yoast-schema-graph\">{\"@context\":\"https:\\\/\\\/schema.org\",\"@graph\":[{\"@type\":\"Article\",\"@id\":\"https:\\\/\\\/www.revistarambla.com\\\/ave-cesar-los-que-van-a-morir-te-saludan\\\/#article\",\"isPartOf\":{\"@id\":\"https:\\\/\\\/www.revistarambla.com\\\/ave-cesar-los-que-van-a-morir-te-saludan\\\/\"},\"author\":{\"name\":\"Jos\u00e9 Antonio Gamero Romero\",\"@id\":\"https:\\\/\\\/www.revistarambla.com\\\/#\\\/schema\\\/person\\\/94294f57cf4910853e3280fda7339bfc\"},\"headline\":\"Ave c\u00e9sar los que van a morir te saludan\u00a0\",\"datePublished\":\"2024-02-18T19:40:21+00:00\",\"mainEntityOfPage\":{\"@id\":\"https:\\\/\\\/www.revistarambla.com\\\/ave-cesar-los-que-van-a-morir-te-saludan\\\/\"},\"wordCount\":913,\"publisher\":{\"@id\":\"https:\\\/\\\/www.revistarambla.com\\\/#organization\"},\"image\":{\"@id\":\"https:\\\/\\\/www.revistarambla.com\\\/ave-cesar-los-que-van-a-morir-te-saludan\\\/#primaryimage\"},\"thumbnailUrl\":\"https:\\\/\\\/www.revistarambla.com\\\/wp-content\\\/uploads\\\/2024\\\/02\\\/coliseo-roma.jpg\",\"articleSection\":[\"La bodeguita de Hemingway\"],\"inLanguage\":\"en-GB\"},{\"@type\":\"WebPage\",\"@id\":\"https:\\\/\\\/www.revistarambla.com\\\/ave-cesar-los-que-van-a-morir-te-saludan\\\/\",\"url\":\"https:\\\/\\\/www.revistarambla.com\\\/ave-cesar-los-que-van-a-morir-te-saludan\\\/\",\"name\":\"Ave c\u00e9sar los que van a morir te saludan\u00a0 - Revista Rambla\",\"isPartOf\":{\"@id\":\"https:\\\/\\\/www.revistarambla.com\\\/#website\"},\"primaryImageOfPage\":{\"@id\":\"https:\\\/\\\/www.revistarambla.com\\\/ave-cesar-los-que-van-a-morir-te-saludan\\\/#primaryimage\"},\"image\":{\"@id\":\"https:\\\/\\\/www.revistarambla.com\\\/ave-cesar-los-que-van-a-morir-te-saludan\\\/#primaryimage\"},\"thumbnailUrl\":\"https:\\\/\\\/www.revistarambla.com\\\/wp-content\\\/uploads\\\/2024\\\/02\\\/coliseo-roma.jpg\",\"datePublished\":\"2024-02-18T19:40:21+00:00\",\"breadcrumb\":{\"@id\":\"https:\\\/\\\/www.revistarambla.com\\\/ave-cesar-los-que-van-a-morir-te-saludan\\\/#breadcrumb\"},\"inLanguage\":\"en-GB\",\"potentialAction\":[{\"@type\":\"ReadAction\",\"target\":[\"https:\\\/\\\/www.revistarambla.com\\\/ave-cesar-los-que-van-a-morir-te-saludan\\\/\"]}]},{\"@type\":\"ImageObject\",\"inLanguage\":\"en-GB\",\"@id\":\"https:\\\/\\\/www.revistarambla.com\\\/ave-cesar-los-que-van-a-morir-te-saludan\\\/#primaryimage\",\"url\":\"https:\\\/\\\/www.revistarambla.com\\\/wp-content\\\/uploads\\\/2024\\\/02\\\/coliseo-roma.jpg\",\"contentUrl\":\"https:\\\/\\\/www.revistarambla.com\\\/wp-content\\\/uploads\\\/2024\\\/02\\\/coliseo-roma.jpg\",\"width\":800,\"height\":499},{\"@type\":\"BreadcrumbList\",\"@id\":\"https:\\\/\\\/www.revistarambla.com\\\/ave-cesar-los-que-van-a-morir-te-saludan\\\/#breadcrumb\",\"itemListElement\":[{\"@type\":\"ListItem\",\"position\":1,\"name\":\"Portada\",\"item\":\"https:\\\/\\\/www.revistarambla.com\\\/\"},{\"@type\":\"ListItem\",\"position\":2,\"name\":\"Ave c\u00e9sar los que van a morir te saludan\u00a0\"}]},{\"@type\":\"WebSite\",\"@id\":\"https:\\\/\\\/www.revistarambla.com\\\/#website\",\"url\":\"https:\\\/\\\/www.revistarambla.com\\\/\",\"name\":\"Revista Rambla Barcelona\",\"description\":\"Periodismo independiente\",\"publisher\":{\"@id\":\"https:\\\/\\\/www.revistarambla.com\\\/#organization\"},\"potentialAction\":[{\"@type\":\"SearchAction\",\"target\":{\"@type\":\"EntryPoint\",\"urlTemplate\":\"https:\\\/\\\/www.revistarambla.com\\\/?s={search_term_string}\"},\"query-input\":{\"@type\":\"PropertyValueSpecification\",\"valueRequired\":true,\"valueName\":\"search_term_string\"}}],\"inLanguage\":\"en-GB\"},{\"@type\":\"Organization\",\"@id\":\"https:\\\/\\\/www.revistarambla.com\\\/#organization\",\"name\":\"Revista Rambla\",\"url\":\"https:\\\/\\\/www.revistarambla.com\\\/\",\"logo\":{\"@type\":\"ImageObject\",\"inLanguage\":\"en-GB\",\"@id\":\"https:\\\/\\\/www.revistarambla.com\\\/#\\\/schema\\\/logo\\\/image\\\/\",\"url\":\"https:\\\/\\\/www.revistarambla.com\\\/wp-content\\\/uploads\\\/2020\\\/09\\\/banner_rambla_1900x600_BB.png\",\"contentUrl\":\"https:\\\/\\\/www.revistarambla.com\\\/wp-content\\\/uploads\\\/2020\\\/09\\\/banner_rambla_1900x600_BB.png\",\"width\":1900,\"height\":600,\"caption\":\"Revista Rambla\"},\"image\":{\"@id\":\"https:\\\/\\\/www.revistarambla.com\\\/#\\\/schema\\\/logo\\\/image\\\/\"},\"sameAs\":[\"https:\\\/\\\/www.facebook.com\\\/revistarambla\\\/\",\"https:\\\/\\\/x.com\\\/revistarambla\",\"https:\\\/\\\/www.instagram.com\\\/revista_rambla\",\"https:\\\/\\\/es.linkedin.com\\\/company\\\/revista-rambla\"]},{\"@type\":\"Person\",\"@id\":\"https:\\\/\\\/www.revistarambla.com\\\/#\\\/schema\\\/person\\\/94294f57cf4910853e3280fda7339bfc\",\"name\":\"Jos\u00e9 Antonio Gamero Romero\",\"description\":\"Escritor sevillano finalista del premio Azor\u00edn 2014. Ha publicado en diferentes revistas como Culturamas, E\u00f1e, Visor, etc. Sus libros son: 'La invenci\u00f3n de los gigantes' (Buc\u00e9falo 2016); 'Literatura tridimensional' (Adarve 2018); 'S\u00f3crates no vino a Espa\u00f1a' (Samarcanda 2018); 'La rep\u00fablica del fin del mundo' (Tandaia 2018) y 'La bodeguita de Hemingway'.\"}]}<\/script>\n<!-- \/ Yoast SEO plugin. -->","yoast_head_json":{"title":"Ave c\u00e9sar los que van a morir te saludan\u00a0 - Revista Rambla","robots":{"index":"index","follow":"follow","max-snippet":"max-snippet:-1","max-image-preview":"max-image-preview:large","max-video-preview":"max-video-preview:-1"},"canonical":"https:\/\/www.revistarambla.com\/en\/ave-cesar-los-que-van-a-morir-te-saludan\/","og_locale":"en_GB","og_type":"article","og_title":"Ave c\u00e9sar los que van a morir te saludan\u00a0 - Revista Rambla","og_description":"He observado a lo largo de mi corta vida de granuja-sherriff que, en determinadas ocasiones, la gente est\u00e1 m\u00e1s guapa callada. No es pol\u00edticamente correcto lo que voy a decir, pero es cosa sabida, que por una infracci\u00f3n administrativa no se debe hacer nada si hay indicios de que los [&hellip;]","og_url":"https:\/\/www.revistarambla.com\/en\/ave-cesar-los-que-van-a-morir-te-saludan\/","og_site_name":"Revista Rambla","article_publisher":"https:\/\/www.facebook.com\/revistarambla\/","article_published_time":"2024-02-18T19:40:21+00:00","og_image":[{"width":800,"height":499,"url":"https:\/\/www.revistarambla.com\/wp-content\/uploads\/2024\/02\/coliseo-roma.jpg","type":"image\/jpeg"}],"author":"Jos\u00e9 Antonio Gamero Romero","twitter_card":"summary_large_image","twitter_creator":"@revistarambla","twitter_site":"@revistarambla","twitter_misc":{"Written by":"Jos\u00e9 Antonio Gamero Romero","Estimated reading time":"5 minutes"},"schema":{"@context":"https:\/\/schema.org","@graph":[{"@type":"Article","@id":"https:\/\/www.revistarambla.com\/ave-cesar-los-que-van-a-morir-te-saludan\/#article","isPartOf":{"@id":"https:\/\/www.revistarambla.com\/ave-cesar-los-que-van-a-morir-te-saludan\/"},"author":{"name":"Jos\u00e9 Antonio Gamero Romero","@id":"https:\/\/www.revistarambla.com\/#\/schema\/person\/94294f57cf4910853e3280fda7339bfc"},"headline":"Ave c\u00e9sar los que van a morir te saludan\u00a0","datePublished":"2024-02-18T19:40:21+00:00","mainEntityOfPage":{"@id":"https:\/\/www.revistarambla.com\/ave-cesar-los-que-van-a-morir-te-saludan\/"},"wordCount":913,"publisher":{"@id":"https:\/\/www.revistarambla.com\/#organization"},"image":{"@id":"https:\/\/www.revistarambla.com\/ave-cesar-los-que-van-a-morir-te-saludan\/#primaryimage"},"thumbnailUrl":"https:\/\/www.revistarambla.com\/wp-content\/uploads\/2024\/02\/coliseo-roma.jpg","articleSection":["La bodeguita de Hemingway"],"inLanguage":"en-GB"},{"@type":"WebPage","@id":"https:\/\/www.revistarambla.com\/ave-cesar-los-que-van-a-morir-te-saludan\/","url":"https:\/\/www.revistarambla.com\/ave-cesar-los-que-van-a-morir-te-saludan\/","name":"Ave c\u00e9sar los que van a morir te saludan\u00a0 - Revista Rambla","isPartOf":{"@id":"https:\/\/www.revistarambla.com\/#website"},"primaryImageOfPage":{"@id":"https:\/\/www.revistarambla.com\/ave-cesar-los-que-van-a-morir-te-saludan\/#primaryimage"},"image":{"@id":"https:\/\/www.revistarambla.com\/ave-cesar-los-que-van-a-morir-te-saludan\/#primaryimage"},"thumbnailUrl":"https:\/\/www.revistarambla.com\/wp-content\/uploads\/2024\/02\/coliseo-roma.jpg","datePublished":"2024-02-18T19:40:21+00:00","breadcrumb":{"@id":"https:\/\/www.revistarambla.com\/ave-cesar-los-que-van-a-morir-te-saludan\/#breadcrumb"},"inLanguage":"en-GB","potentialAction":[{"@type":"ReadAction","target":["https:\/\/www.revistarambla.com\/ave-cesar-los-que-van-a-morir-te-saludan\/"]}]},{"@type":"ImageObject","inLanguage":"en-GB","@id":"https:\/\/www.revistarambla.com\/ave-cesar-los-que-van-a-morir-te-saludan\/#primaryimage","url":"https:\/\/www.revistarambla.com\/wp-content\/uploads\/2024\/02\/coliseo-roma.jpg","contentUrl":"https:\/\/www.revistarambla.com\/wp-content\/uploads\/2024\/02\/coliseo-roma.jpg","width":800,"height":499},{"@type":"BreadcrumbList","@id":"https:\/\/www.revistarambla.com\/ave-cesar-los-que-van-a-morir-te-saludan\/#breadcrumb","itemListElement":[{"@type":"ListItem","position":1,"name":"Portada","item":"https:\/\/www.revistarambla.com\/"},{"@type":"ListItem","position":2,"name":"Ave c\u00e9sar los que van a morir te saludan\u00a0"}]},{"@type":"WebSite","@id":"https:\/\/www.revistarambla.com\/#website","url":"https:\/\/www.revistarambla.com\/","name":"Revista Rambla Barcelona","description":"Periodismo independiente","publisher":{"@id":"https:\/\/www.revistarambla.com\/#organization"},"potentialAction":[{"@type":"SearchAction","target":{"@type":"EntryPoint","urlTemplate":"https:\/\/www.revistarambla.com\/?s={search_term_string}"},"query-input":{"@type":"PropertyValueSpecification","valueRequired":true,"valueName":"search_term_string"}}],"inLanguage":"en-GB"},{"@type":"Organization","@id":"https:\/\/www.revistarambla.com\/#organization","name":"Revista Rambla","url":"https:\/\/www.revistarambla.com\/","logo":{"@type":"ImageObject","inLanguage":"en-GB","@id":"https:\/\/www.revistarambla.com\/#\/schema\/logo\/image\/","url":"https:\/\/www.revistarambla.com\/wp-content\/uploads\/2020\/09\/banner_rambla_1900x600_BB.png","contentUrl":"https:\/\/www.revistarambla.com\/wp-content\/uploads\/2020\/09\/banner_rambla_1900x600_BB.png","width":1900,"height":600,"caption":"Revista Rambla"},"image":{"@id":"https:\/\/www.revistarambla.com\/#\/schema\/logo\/image\/"},"sameAs":["https:\/\/www.facebook.com\/revistarambla\/","https:\/\/x.com\/revistarambla","https:\/\/www.instagram.com\/revista_rambla","https:\/\/es.linkedin.com\/company\/revista-rambla"]},{"@type":"Person","@id":"https:\/\/www.revistarambla.com\/#\/schema\/person\/94294f57cf4910853e3280fda7339bfc","name":"Jos\u00e9 Antonio Gamero Romero","description":"Escritor sevillano finalista del premio Azor\u00edn 2014. Ha publicado en diferentes revistas como Culturamas, E\u00f1e, Visor, etc. Sus libros son: 'La invenci\u00f3n de los gigantes' (Buc\u00e9falo 2016); 'Literatura tridimensional' (Adarve 2018); 'S\u00f3crates no vino a Espa\u00f1a' (Samarcanda 2018); 'La rep\u00fablica del fin del mundo' (Tandaia 2018) y 'La bodeguita de Hemingway'."}]}},"_links":{"self":[{"href":"https:\/\/www.revistarambla.com\/en\/wp-json\/wp\/v2\/posts\/58426","targetHints":{"allow":["GET"]}}],"collection":[{"href":"https:\/\/www.revistarambla.com\/en\/wp-json\/wp\/v2\/posts"}],"about":[{"href":"https:\/\/www.revistarambla.com\/en\/wp-json\/wp\/v2\/types\/post"}],"author":[{"embeddable":true,"href":"https:\/\/www.revistarambla.com\/en\/wp-json\/wp\/v2\/users\/294"}],"replies":[{"embeddable":true,"href":"https:\/\/www.revistarambla.com\/en\/wp-json\/wp\/v2\/comments?post=58426"}],"version-history":[{"count":1,"href":"https:\/\/www.revistarambla.com\/en\/wp-json\/wp\/v2\/posts\/58426\/revisions"}],"predecessor-version":[{"id":58428,"href":"https:\/\/www.revistarambla.com\/en\/wp-json\/wp\/v2\/posts\/58426\/revisions\/58428"}],"wp:featuredmedia":[{"embeddable":true,"href":"https:\/\/www.revistarambla.com\/en\/wp-json\/wp\/v2\/media\/58427"}],"wp:attachment":[{"href":"https:\/\/www.revistarambla.com\/en\/wp-json\/wp\/v2\/media?parent=58426"}],"wp:term":[{"taxonomy":"category","embeddable":true,"href":"https:\/\/www.revistarambla.com\/en\/wp-json\/wp\/v2\/categories?post=58426"},{"taxonomy":"post_tag","embeddable":true,"href":"https:\/\/www.revistarambla.com\/en\/wp-json\/wp\/v2\/tags?post=58426"}],"curies":[{"name":"wp","href":"https:\/\/api.w.org\/{rel}","templated":true}]}}