{"id":58393,"date":"2024-02-21T13:41:04","date_gmt":"2024-02-21T12:41:04","guid":{"rendered":"https:\/\/www.revistarambla.com\/?p=58393"},"modified":"2024-04-15T19:24:38","modified_gmt":"2024-04-15T17:24:38","slug":"el-hombre-pendulo-de-maria-teresa-leon","status":"publish","type":"post","link":"https:\/\/www.revistarambla.com\/en\/el-hombre-pendulo-de-maria-teresa-leon\/","title":{"rendered":"&#8216;El hombre p\u00e9ndulo&#8217; de Mar\u00eda Teresa Le\u00f3n"},"content":{"rendered":"<p>Tal vez ser\u00eda mejor pluralizar el t\u00edtulo de esta noticia porque el caso de principio a comentar es, para l\u00e1stima de los espa\u00f1oles, casos y aplicables a algunos la mayor\u00eda de mis palabras.<\/p>\n<p>Pues bien, <em>La Naci\u00f3n<\/em> de la ma\u00f1ana del domingo 28 de abril nos trajo la sorpresa de la colaboraci\u00f3n de Benavente en su p\u00e1gina literaria. Sobre Benavente corr\u00edan los rumores m\u00e1s diversos: unos lo presentaban saludando a la romana, encaramado en las escaleras del ayuntamiento de Valencia, abrazado fraternalmente durante el desfile franquista por el general Aranda; los otros afirmaron que, pasadas las primeras zalamer\u00edas, los vencedores no perdonaban a Benavente sus m\u00faltiples declaraciones, homenajes oficiales, intervi\u00fas, etc., en favor de la Rep\u00fablica espa\u00f1ola. Dado el tono de art\u00edculo que tengo presente, me atengo a esto \u00faltimo.<\/p>\n<p>\u00bfQu\u00e9 sino el miedo llevar\u00eda al menudo y \u00e1gil maestro Benavente a decir: \u00abEn naci\u00f3n alguna, en revoluci\u00f3n alguna del mundo, se han juntado para ignominia de un pueblo hombres m\u00e1s desalmados, m\u00e1s incapaces intelectual y moralmente; sin un destello de nobleza ni de espiritualidad; desleales unos con otros, cobardes\u2026?\u00bb \u00bfA qu\u00e9 sino la urgencia de salvar sosegadamente el resto de sus d\u00edas viene este ataque gratuito y est\u00fapido que los nuevos amos parecen ir siguiendo sobre su hombro? Despu\u00e9s de leer el denso art\u00edculo donde se disculpa como lo hac\u00eda el cazurro ladr\u00f3n campesino que rob\u00f3 el chancho: \u2014\u00bfQui\u00e9n me ha colocado sobre las espaldas este animalito?\u2014 Es de creer que su situaci\u00f3n es angustiosa y los pu\u00f1ales que los comunistas no colocaron sobre su glorioso pecho los ponen los amigos nuevos a los que, para disculparse de estar con vida, hay que decir: \u00abLos que no han vivido en Espa\u00f1a en la zona roja saben de una parte de la guerra. Nosotros sabemos de ella toda. Pero no vamos a presumir de h\u00e9roe por eso: ante el hero\u00edsmo de los que han combatido y triunfado\u00bb. Decididamente, han triunfado, eso es lo que cuenta para obligarle al servilismo de este ataque a trav\u00e9s del cual narra ir\u00f3nicamente su vida de tres a\u00f1os junto al pueblo espa\u00f1ol. \u00a1Qu\u00e9 diferencia m\u00e1s grande debe de encontrar en los actuales d\u00edas con aquellos en que, ingenuamente, Valencia respiraba orgullosa de ver que un premio Nobel compart\u00eda su pan de soldado y los bombardeos de las aviaciones extranjeras combinadas! Pero tiene que borrar lo antes posible, el pasado vergonzoso, mover r\u00e1pidamente las patas como hacen los perros, para que el olvido llegue pronto sobre la miseria que acaban de dejar sobre el jard\u00edn. Porque el tiempo hist\u00f3rico tiene la crueldad de no hacerse inmediatamente pasado y permanece vivo y fresco como el instant\u00e1neo presente.<\/p>\n<p>Delante de m\u00ed, salvados por esas casualidades que agrupan las coincidencias, tengo un <span style=\"text-decoration: underline;\"><a href=\"https:\/\/www.revistarambla.com\/en\/lorca-segun-vicente-aleixandre\/\"><em>Mono Azul<\/em><\/a><\/span>, revista de combate y fe, \u2014ahora, guardada tambi\u00e9n en el armario de la esperanza\u2014 que transcribe las declaraciones de ese mismo Benavente insultador, hechas en julio de 1938 a un periodista franc\u00e9s, Jean Braman, para el <em>Petit Nicoise<\/em>:<\/p>\n<p>\u00ab<em>Sobrevino la sublevaci\u00f3n rebelde y criminal, desencadenado sobre este pueblo, al que tanto quiero, un hurac\u00e1n homicida, cuya violencia es mucho mayor que la de todas las invasiones pasadas juntas.<\/em><\/p>\n<p><em>No he titubeado, y desde los primeros d\u00edas me puse al lado de la v\u00edctima, contra el verdugo y a su lado luchar\u00e9 hasta el final.<\/em><\/p>\n<p><em>El fascismo, estoy seguro, es el hijo sangriento de la Inquisici\u00f3n: se apodera del trabajo para explotarlo, del movimiento para forzarlo, del hero\u00edsmo para envilecerlo, de la gloria para mancillarla, del pensamiento para prostituirlo, yo no puedo estar a su lado.<\/em><\/p>\n<p><em>He firmado el manifiesto de los intelectuales a favor de la Rep\u00fablica. Unas veces son bombardeos de aviones, otras, barcos. Y esto cada d\u00eda, cada noche. He tenido que interrumpir mis trabajos.<\/em><\/p>\n<p><em>Los peligros y las dificultades de la guerra han fortalecido mis sentimientos republicanos.<\/em><\/p>\n<p><em>Prefiero caerme de inanici\u00f3n o morir aplastado por las bombas antes que postrarme a los pies de los invasores. Nada podr\u00e1 hacerme ceder.<\/em><\/p>\n<p><em>Escribo a los amigos que tengo diseminados por el mundo. Me dirijo a los intelectuales dem\u00f3cratas y libres para que trabajen con tenacidad en su ayuda al pueblo espa\u00f1ol<\/em>\u00bb.<\/p>\n<p>He cre\u00eddo necesario dar casi \u00edntegras estas declaraciones, a ver si resulta tambi\u00e9n que fueron arrancadas violentamente como sucedi\u00f3 en la vieja historia de Mara\u00f1\u00f3n, Ortega, Marichalar, etc. Resulta, entonces, que en Espa\u00f1a, ciertos escritores tiene \u2014como el superviviente hermano Quintero, que acaba de publicar una poes\u00eda conmovedora a la banderita de su infancia\u2014 flojas las canillas para sostenerse en el terreno de las convicciones. Eso debe ser. Benavente en 1938 y en 1940, miente. Disfraza su verdad pobre de sangre, delicada de salud, deca\u00edda, vieja, casi inexistente en ambos casos. Es que hace tiempo se qued\u00f3 sin entender ni poder juzgar. Todo lo que \u00e9l pretende ahora que sucedi\u00f3 en la zona roja, de la cual afirma que nada pod\u00eda decirse de ella \u00abni interesante ni verdadero\u00bb, es ahora en su nueva oscilaci\u00f3n cuando le sucede y se encuentra vac\u00edo y dice vaciedades. Se disculpa de no haber empezado antes su colaboraci\u00f3n porque: \u00ab<em>me han sido necesarios una cura de reposo f\u00edsico, alg\u00fan tiempo de recogimiento espiritual. No se encontraba uno a s\u00ed mismo; era uno como reci\u00e9n nacido a la vida. De tanto recuerdo, se olvida todo, y eso era lo que no pod\u00eda ser: olvidar<\/em>\u00bb.<\/p>\n<p>A la obsequiosa amabilidad de un pueblo responde el fino y sutil maestro Benavente con rencor. \u00bfNo quiere olvidar ese pueblo que \u00abescuchaba cantar bajo los naranjos\u00bb olvid\u00f3 a su vez que fue este mismo ilustre dramaturgo quien encabez\u00f3 las listas para premiar a los guardias civiles que hab\u00edan matado en Asturias 5.000 mineros? \u00bfO quiere olvidarlo para callar su conciencia y entregarse con ese alivio a moros, requet\u00e9s y falangistas? \u00a1Qu\u00e9 bajo, degradado, miedoso es su art\u00edculo! Paree que se ha sentado detr\u00e1s de una pared y ya no tiene nada que temer de los toros. Pero los toros afilan sus astas contra las paredes. Dice que no se hace el h\u00e9roe. \u00ab<em>\u00a1El silencio! Para m\u00ed no hay mayor grandeza como la de sentirse desconocido, calumniado y callar\u2026 callar<\/em>\u00bb. Entonces, \u00bfpara qu\u00e9 habla? Hoy el mill\u00f3n de lectores de <em>La Naci\u00f3n<\/em> est\u00e1 exclamando: pobrecito don Jacinto Benavente, no lo mataron porque era Premio Nobel. No lo quemaron porque lo necesitaban para la propaganda. Lo cuidaron, s\u00ed, pero \u00a1con qu\u00e9 intenciones! Yo recuerdo, en cambio, un fragmento de carta a un amigo suyo a quien se expuls\u00f3 del Comit\u00e9 de lectura de la delegaci\u00f3n del Consejo del Teatro en Madrid, no por manejos pol\u00edticos sino fisiol\u00f3gicos. Aproximadamente era esto: \u00ab<em>Cree el gobierno que si me deja salir de Espa\u00f1a yo voy a vociferar contra \u00e9l y a hacer declaraciones como Ortega o Mara\u00f1\u00f3n. No lo har\u00eda nunca por decoro espiritual<\/em>\u00bb. Y ahora ha perdido el decoro espiritual. Dice que se ha estado riendo con risa shakespeariana. \u00bfDe qui\u00e9n? \u00bfDe esos compatriotas suyos que se negaban a entregarse cobardemente? Nosotros s\u00ed que lloramos al ver su miedo, se\u00f1or Benavente. Su miedo y el de otros, si caso y los casos. Su servidumbre y el in\u00fatil servilismo de los otros. Pero, \u00bfqui\u00e9n puede seguir creyendo en historias de miedo que se empe\u00f1an en seguir contando los que se fueron gracias a la generosidad del pueblo y del Gobierno de la Rep\u00fablica, escalonando sus viajes desde 1936? A esta cobard\u00eda que hoy le toca sentir a Jacinto Benavente puede que un d\u00eda no lejano tenga que a\u00f1adir otra, a su miedo pasado y actual, otro tercero cuando vea las cartas de los que hoy est\u00e1n fuera de la vida ciudadana reclamando lo que a su sangre leal pertenece. Entonces, el viejo premio Nobel pedir\u00e1 perd\u00f3n de sus torpezas y hablar\u00e1 de cuchillos, coacciones y amenazas.<\/p>\n<hr \/>\n<p><em>*Publicado originalmente el mi\u00e9rcoles, cinco de junio, de 1940, en Espa\u00f1a Democr\u00e1tica. \u00d3rgano del Comit\u00e9 Nacional de ayuda al Pueblo Espa\u00f1ol.<\/em><\/p>","protected":false},"excerpt":{"rendered":"<p>Una de las m\u00e1s brillantes plumas de la Generaci\u00f3n del 27 arremete en este art\u00edculo contra Jacinto Benavente, dramaturgo y premio Nobel, por su cambio de postura respecto a los fascistas que dieron el golpe de Estado del 36. \u00abFue este mismo ilustre dramaturgo quien encabez\u00f3 las listas para premiar a los guardias civiles que hab\u00edan matado en Asturias 5.000 mineros\u00bb, recuerda la riojana.<\/p>","protected":false},"author":15,"featured_media":58484,"comment_status":"closed","ping_status":"closed","sticky":false,"template":"","format":"standard","meta":{"footnotes":""},"categories":[90],"tags":[],"class_list":["post-58393","post","type-post","status-publish","format-standard","has-post-thumbnail","hentry","category-entrevistas-personajes-historicos"],"yoast_head":"<!-- This site is optimized with the Yoast SEO plugin v27.5 - https:\/\/yoast.com\/product\/yoast-seo-wordpress\/ -->\n<title>&#039;El hombre p\u00e9ndulo&#039; de Mar\u00eda Teresa Le\u00f3n - Revista Rambla<\/title>\n<meta name=\"robots\" content=\"index, follow, max-snippet:-1, max-image-preview:large, max-video-preview:-1\" \/>\n<link rel=\"canonical\" href=\"https:\/\/www.revistarambla.com\/en\/el-hombre-pendulo-de-maria-teresa-leon\/\" \/>\n<meta property=\"og:locale\" content=\"en_GB\" \/>\n<meta property=\"og:type\" content=\"article\" \/>\n<meta property=\"og:title\" content=\"&#039;El hombre p\u00e9ndulo&#039; de Mar\u00eda Teresa Le\u00f3n - Revista Rambla\" \/>\n<meta property=\"og:description\" content=\"Una de las m\u00e1s brillantes plumas de la Generaci\u00f3n del 27 arremete en este art\u00edculo contra Jacinto Benavente, dramaturgo y premio Nobel, por su cambio de postura respecto a los fascistas que dieron el golpe de Estado del 36. \u00abFue este mismo ilustre dramaturgo quien encabez\u00f3 las listas para premiar a los guardias civiles que hab\u00edan matado en Asturias 5.000 mineros\u00bb, recuerda la riojana.\" \/>\n<meta property=\"og:url\" content=\"https:\/\/www.revistarambla.com\/en\/el-hombre-pendulo-de-maria-teresa-leon\/\" \/>\n<meta property=\"og:site_name\" content=\"Revista Rambla\" \/>\n<meta property=\"article:publisher\" content=\"https:\/\/www.facebook.com\/revistarambla\/\" \/>\n<meta property=\"article:published_time\" content=\"2024-02-21T12:41:04+00:00\" \/>\n<meta property=\"article:modified_time\" content=\"2024-04-15T17:24:38+00:00\" \/>\n<meta property=\"og:image\" content=\"https:\/\/www.revistarambla.com\/wp-content\/uploads\/2024\/02\/maria-teresa-leon-rambla.webp\" \/>\n\t<meta property=\"og:image:width\" content=\"1706\" \/>\n\t<meta property=\"og:image:height\" content=\"960\" \/>\n\t<meta property=\"og:image:type\" content=\"image\/webp\" \/>\n<meta name=\"author\" content=\"Mar\u00eda Teresa Le\u00f3n\" \/>\n<meta name=\"twitter:card\" content=\"summary_large_image\" \/>\n<meta name=\"twitter:creator\" content=\"@revistarambla\" \/>\n<meta name=\"twitter:site\" content=\"@revistarambla\" \/>\n<meta name=\"twitter:label1\" content=\"Written by\" \/>\n\t<meta name=\"twitter:data1\" content=\"Mar\u00eda Teresa Le\u00f3n\" \/>\n\t<meta name=\"twitter:label2\" content=\"Estimated reading time\" \/>\n\t<meta name=\"twitter:data2\" content=\"7 minutes\" \/>\n<script type=\"application\/ld+json\" class=\"yoast-schema-graph\">{\"@context\":\"https:\\\/\\\/schema.org\",\"@graph\":[{\"@type\":\"Article\",\"@id\":\"https:\\\/\\\/www.revistarambla.com\\\/el-hombre-pendulo-de-maria-teresa-leon\\\/#article\",\"isPartOf\":{\"@id\":\"https:\\\/\\\/www.revistarambla.com\\\/el-hombre-pendulo-de-maria-teresa-leon\\\/\"},\"author\":{\"name\":\"Mar\u00eda Teresa Le\u00f3n\",\"@id\":\"https:\\\/\\\/www.revistarambla.com\\\/#\\\/schema\\\/person\\\/2b19179a8ace334b829ad72cc6e6ce97\"},\"headline\":\"&#8216;El hombre p\u00e9ndulo&#8217; de Mar\u00eda Teresa Le\u00f3n\",\"datePublished\":\"2024-02-21T12:41:04+00:00\",\"dateModified\":\"2024-04-15T17:24:38+00:00\",\"mainEntityOfPage\":{\"@id\":\"https:\\\/\\\/www.revistarambla.com\\\/el-hombre-pendulo-de-maria-teresa-leon\\\/\"},\"wordCount\":1411,\"publisher\":{\"@id\":\"https:\\\/\\\/www.revistarambla.com\\\/#organization\"},\"image\":{\"@id\":\"https:\\\/\\\/www.revistarambla.com\\\/el-hombre-pendulo-de-maria-teresa-leon\\\/#primaryimage\"},\"thumbnailUrl\":\"https:\\\/\\\/www.revistarambla.com\\\/wp-content\\\/uploads\\\/2024\\\/02\\\/maria-teresa-leon-rambla.webp\",\"articleSection\":[\"Entrevistas en B&amp;N\"],\"inLanguage\":\"en-GB\"},{\"@type\":\"WebPage\",\"@id\":\"https:\\\/\\\/www.revistarambla.com\\\/el-hombre-pendulo-de-maria-teresa-leon\\\/\",\"url\":\"https:\\\/\\\/www.revistarambla.com\\\/el-hombre-pendulo-de-maria-teresa-leon\\\/\",\"name\":\"'El hombre p\u00e9ndulo' de Mar\u00eda Teresa Le\u00f3n - Revista Rambla\",\"isPartOf\":{\"@id\":\"https:\\\/\\\/www.revistarambla.com\\\/#website\"},\"primaryImageOfPage\":{\"@id\":\"https:\\\/\\\/www.revistarambla.com\\\/el-hombre-pendulo-de-maria-teresa-leon\\\/#primaryimage\"},\"image\":{\"@id\":\"https:\\\/\\\/www.revistarambla.com\\\/el-hombre-pendulo-de-maria-teresa-leon\\\/#primaryimage\"},\"thumbnailUrl\":\"https:\\\/\\\/www.revistarambla.com\\\/wp-content\\\/uploads\\\/2024\\\/02\\\/maria-teresa-leon-rambla.webp\",\"datePublished\":\"2024-02-21T12:41:04+00:00\",\"dateModified\":\"2024-04-15T17:24:38+00:00\",\"breadcrumb\":{\"@id\":\"https:\\\/\\\/www.revistarambla.com\\\/el-hombre-pendulo-de-maria-teresa-leon\\\/#breadcrumb\"},\"inLanguage\":\"en-GB\",\"potentialAction\":[{\"@type\":\"ReadAction\",\"target\":[\"https:\\\/\\\/www.revistarambla.com\\\/el-hombre-pendulo-de-maria-teresa-leon\\\/\"]}]},{\"@type\":\"ImageObject\",\"inLanguage\":\"en-GB\",\"@id\":\"https:\\\/\\\/www.revistarambla.com\\\/el-hombre-pendulo-de-maria-teresa-leon\\\/#primaryimage\",\"url\":\"https:\\\/\\\/www.revistarambla.com\\\/wp-content\\\/uploads\\\/2024\\\/02\\\/maria-teresa-leon-rambla.webp\",\"contentUrl\":\"https:\\\/\\\/www.revistarambla.com\\\/wp-content\\\/uploads\\\/2024\\\/02\\\/maria-teresa-leon-rambla.webp\",\"width\":1706,\"height\":960},{\"@type\":\"BreadcrumbList\",\"@id\":\"https:\\\/\\\/www.revistarambla.com\\\/el-hombre-pendulo-de-maria-teresa-leon\\\/#breadcrumb\",\"itemListElement\":[{\"@type\":\"ListItem\",\"position\":1,\"name\":\"Portada\",\"item\":\"https:\\\/\\\/www.revistarambla.com\\\/\"},{\"@type\":\"ListItem\",\"position\":2,\"name\":\"&#8216;El hombre p\u00e9ndulo&#8217; de Mar\u00eda Teresa Le\u00f3n\"}]},{\"@type\":\"WebSite\",\"@id\":\"https:\\\/\\\/www.revistarambla.com\\\/#website\",\"url\":\"https:\\\/\\\/www.revistarambla.com\\\/\",\"name\":\"Revista Rambla Barcelona\",\"description\":\"Periodismo independiente\",\"publisher\":{\"@id\":\"https:\\\/\\\/www.revistarambla.com\\\/#organization\"},\"potentialAction\":[{\"@type\":\"SearchAction\",\"target\":{\"@type\":\"EntryPoint\",\"urlTemplate\":\"https:\\\/\\\/www.revistarambla.com\\\/?s={search_term_string}\"},\"query-input\":{\"@type\":\"PropertyValueSpecification\",\"valueRequired\":true,\"valueName\":\"search_term_string\"}}],\"inLanguage\":\"en-GB\"},{\"@type\":\"Organization\",\"@id\":\"https:\\\/\\\/www.revistarambla.com\\\/#organization\",\"name\":\"Revista Rambla\",\"url\":\"https:\\\/\\\/www.revistarambla.com\\\/\",\"logo\":{\"@type\":\"ImageObject\",\"inLanguage\":\"en-GB\",\"@id\":\"https:\\\/\\\/www.revistarambla.com\\\/#\\\/schema\\\/logo\\\/image\\\/\",\"url\":\"https:\\\/\\\/www.revistarambla.com\\\/wp-content\\\/uploads\\\/2020\\\/09\\\/banner_rambla_1900x600_BB.png\",\"contentUrl\":\"https:\\\/\\\/www.revistarambla.com\\\/wp-content\\\/uploads\\\/2020\\\/09\\\/banner_rambla_1900x600_BB.png\",\"width\":1900,\"height\":600,\"caption\":\"Revista Rambla\"},\"image\":{\"@id\":\"https:\\\/\\\/www.revistarambla.com\\\/#\\\/schema\\\/logo\\\/image\\\/\"},\"sameAs\":[\"https:\\\/\\\/www.facebook.com\\\/revistarambla\\\/\",\"https:\\\/\\\/x.com\\\/revistarambla\",\"https:\\\/\\\/www.instagram.com\\\/revista_rambla\",\"https:\\\/\\\/es.linkedin.com\\\/company\\\/revista-rambla\"]},{\"@type\":\"Person\",\"@id\":\"https:\\\/\\\/www.revistarambla.com\\\/#\\\/schema\\\/person\\\/2b19179a8ace334b829ad72cc6e6ce97\",\"name\":\"Mar\u00eda Teresa Le\u00f3n\"}]}<\/script>\n<!-- \/ Yoast SEO plugin. -->","yoast_head_json":{"title":"'El hombre p\u00e9ndulo' de Mar\u00eda Teresa Le\u00f3n - Revista Rambla","robots":{"index":"index","follow":"follow","max-snippet":"max-snippet:-1","max-image-preview":"max-image-preview:large","max-video-preview":"max-video-preview:-1"},"canonical":"https:\/\/www.revistarambla.com\/en\/el-hombre-pendulo-de-maria-teresa-leon\/","og_locale":"en_GB","og_type":"article","og_title":"'El hombre p\u00e9ndulo' de Mar\u00eda Teresa Le\u00f3n - Revista Rambla","og_description":"Una de las m\u00e1s brillantes plumas de la Generaci\u00f3n del 27 arremete en este art\u00edculo contra Jacinto Benavente, dramaturgo y premio Nobel, por su cambio de postura respecto a los fascistas que dieron el golpe de Estado del 36. \u00abFue este mismo ilustre dramaturgo quien encabez\u00f3 las listas para premiar a los guardias civiles que hab\u00edan matado en Asturias 5.000 mineros\u00bb, recuerda la riojana.","og_url":"https:\/\/www.revistarambla.com\/en\/el-hombre-pendulo-de-maria-teresa-leon\/","og_site_name":"Revista Rambla","article_publisher":"https:\/\/www.facebook.com\/revistarambla\/","article_published_time":"2024-02-21T12:41:04+00:00","article_modified_time":"2024-04-15T17:24:38+00:00","og_image":[{"width":1706,"height":960,"url":"https:\/\/www.revistarambla.com\/wp-content\/uploads\/2024\/02\/maria-teresa-leon-rambla.webp","type":"image\/webp"}],"author":"Mar\u00eda Teresa Le\u00f3n","twitter_card":"summary_large_image","twitter_creator":"@revistarambla","twitter_site":"@revistarambla","twitter_misc":{"Written by":"Mar\u00eda Teresa Le\u00f3n","Estimated reading time":"7 minutes"},"schema":{"@context":"https:\/\/schema.org","@graph":[{"@type":"Article","@id":"https:\/\/www.revistarambla.com\/el-hombre-pendulo-de-maria-teresa-leon\/#article","isPartOf":{"@id":"https:\/\/www.revistarambla.com\/el-hombre-pendulo-de-maria-teresa-leon\/"},"author":{"name":"Mar\u00eda Teresa Le\u00f3n","@id":"https:\/\/www.revistarambla.com\/#\/schema\/person\/2b19179a8ace334b829ad72cc6e6ce97"},"headline":"&#8216;El hombre p\u00e9ndulo&#8217; de Mar\u00eda Teresa Le\u00f3n","datePublished":"2024-02-21T12:41:04+00:00","dateModified":"2024-04-15T17:24:38+00:00","mainEntityOfPage":{"@id":"https:\/\/www.revistarambla.com\/el-hombre-pendulo-de-maria-teresa-leon\/"},"wordCount":1411,"publisher":{"@id":"https:\/\/www.revistarambla.com\/#organization"},"image":{"@id":"https:\/\/www.revistarambla.com\/el-hombre-pendulo-de-maria-teresa-leon\/#primaryimage"},"thumbnailUrl":"https:\/\/www.revistarambla.com\/wp-content\/uploads\/2024\/02\/maria-teresa-leon-rambla.webp","articleSection":["Entrevistas en B&amp;N"],"inLanguage":"en-GB"},{"@type":"WebPage","@id":"https:\/\/www.revistarambla.com\/el-hombre-pendulo-de-maria-teresa-leon\/","url":"https:\/\/www.revistarambla.com\/el-hombre-pendulo-de-maria-teresa-leon\/","name":"'El hombre p\u00e9ndulo' de Mar\u00eda Teresa Le\u00f3n - Revista Rambla","isPartOf":{"@id":"https:\/\/www.revistarambla.com\/#website"},"primaryImageOfPage":{"@id":"https:\/\/www.revistarambla.com\/el-hombre-pendulo-de-maria-teresa-leon\/#primaryimage"},"image":{"@id":"https:\/\/www.revistarambla.com\/el-hombre-pendulo-de-maria-teresa-leon\/#primaryimage"},"thumbnailUrl":"https:\/\/www.revistarambla.com\/wp-content\/uploads\/2024\/02\/maria-teresa-leon-rambla.webp","datePublished":"2024-02-21T12:41:04+00:00","dateModified":"2024-04-15T17:24:38+00:00","breadcrumb":{"@id":"https:\/\/www.revistarambla.com\/el-hombre-pendulo-de-maria-teresa-leon\/#breadcrumb"},"inLanguage":"en-GB","potentialAction":[{"@type":"ReadAction","target":["https:\/\/www.revistarambla.com\/el-hombre-pendulo-de-maria-teresa-leon\/"]}]},{"@type":"ImageObject","inLanguage":"en-GB","@id":"https:\/\/www.revistarambla.com\/el-hombre-pendulo-de-maria-teresa-leon\/#primaryimage","url":"https:\/\/www.revistarambla.com\/wp-content\/uploads\/2024\/02\/maria-teresa-leon-rambla.webp","contentUrl":"https:\/\/www.revistarambla.com\/wp-content\/uploads\/2024\/02\/maria-teresa-leon-rambla.webp","width":1706,"height":960},{"@type":"BreadcrumbList","@id":"https:\/\/www.revistarambla.com\/el-hombre-pendulo-de-maria-teresa-leon\/#breadcrumb","itemListElement":[{"@type":"ListItem","position":1,"name":"Portada","item":"https:\/\/www.revistarambla.com\/"},{"@type":"ListItem","position":2,"name":"&#8216;El hombre p\u00e9ndulo&#8217; de Mar\u00eda Teresa Le\u00f3n"}]},{"@type":"WebSite","@id":"https:\/\/www.revistarambla.com\/#website","url":"https:\/\/www.revistarambla.com\/","name":"Revista Rambla Barcelona","description":"Periodismo independiente","publisher":{"@id":"https:\/\/www.revistarambla.com\/#organization"},"potentialAction":[{"@type":"SearchAction","target":{"@type":"EntryPoint","urlTemplate":"https:\/\/www.revistarambla.com\/?s={search_term_string}"},"query-input":{"@type":"PropertyValueSpecification","valueRequired":true,"valueName":"search_term_string"}}],"inLanguage":"en-GB"},{"@type":"Organization","@id":"https:\/\/www.revistarambla.com\/#organization","name":"Revista Rambla","url":"https:\/\/www.revistarambla.com\/","logo":{"@type":"ImageObject","inLanguage":"en-GB","@id":"https:\/\/www.revistarambla.com\/#\/schema\/logo\/image\/","url":"https:\/\/www.revistarambla.com\/wp-content\/uploads\/2020\/09\/banner_rambla_1900x600_BB.png","contentUrl":"https:\/\/www.revistarambla.com\/wp-content\/uploads\/2020\/09\/banner_rambla_1900x600_BB.png","width":1900,"height":600,"caption":"Revista Rambla"},"image":{"@id":"https:\/\/www.revistarambla.com\/#\/schema\/logo\/image\/"},"sameAs":["https:\/\/www.facebook.com\/revistarambla\/","https:\/\/x.com\/revistarambla","https:\/\/www.instagram.com\/revista_rambla","https:\/\/es.linkedin.com\/company\/revista-rambla"]},{"@type":"Person","@id":"https:\/\/www.revistarambla.com\/#\/schema\/person\/2b19179a8ace334b829ad72cc6e6ce97","name":"Mar\u00eda Teresa Le\u00f3n"}]}},"_links":{"self":[{"href":"https:\/\/www.revistarambla.com\/en\/wp-json\/wp\/v2\/posts\/58393","targetHints":{"allow":["GET"]}}],"collection":[{"href":"https:\/\/www.revistarambla.com\/en\/wp-json\/wp\/v2\/posts"}],"about":[{"href":"https:\/\/www.revistarambla.com\/en\/wp-json\/wp\/v2\/types\/post"}],"author":[{"embeddable":true,"href":"https:\/\/www.revistarambla.com\/en\/wp-json\/wp\/v2\/users\/15"}],"replies":[{"embeddable":true,"href":"https:\/\/www.revistarambla.com\/en\/wp-json\/wp\/v2\/comments?post=58393"}],"version-history":[{"count":6,"href":"https:\/\/www.revistarambla.com\/en\/wp-json\/wp\/v2\/posts\/58393\/revisions"}],"predecessor-version":[{"id":58485,"href":"https:\/\/www.revistarambla.com\/en\/wp-json\/wp\/v2\/posts\/58393\/revisions\/58485"}],"wp:featuredmedia":[{"embeddable":true,"href":"https:\/\/www.revistarambla.com\/en\/wp-json\/wp\/v2\/media\/58484"}],"wp:attachment":[{"href":"https:\/\/www.revistarambla.com\/en\/wp-json\/wp\/v2\/media?parent=58393"}],"wp:term":[{"taxonomy":"category","embeddable":true,"href":"https:\/\/www.revistarambla.com\/en\/wp-json\/wp\/v2\/categories?post=58393"},{"taxonomy":"post_tag","embeddable":true,"href":"https:\/\/www.revistarambla.com\/en\/wp-json\/wp\/v2\/tags?post=58393"}],"curies":[{"name":"wp","href":"https:\/\/api.w.org\/{rel}","templated":true}]}}