{"id":58135,"date":"2024-01-24T12:20:07","date_gmt":"2024-01-24T11:20:07","guid":{"rendered":"https:\/\/www.revistarambla.com\/?p=58135"},"modified":"2024-01-24T12:20:07","modified_gmt":"2024-01-24T11:20:07","slug":"dias-perfectos-de-un-director-de-cine-en-un-cuarto-compartido-con-doce-inmigrantes","status":"publish","type":"post","link":"https:\/\/www.revistarambla.com\/en\/dias-perfectos-de-un-director-de-cine-en-un-cuarto-compartido-con-doce-inmigrantes\/","title":{"rendered":"&#8216;D\u00edas perfectos&#8217; de un director de cine en un cuarto compartido con doce inmigrantes"},"content":{"rendered":"<p>Hab\u00eda una vez un hombre maduro e intelectual, sin esposa, y que casi no se hablaba con su hermana, que se ocultaba de los desenga\u00f1os de la vida, ocupado en el rentable oficio de alquilar pisos heredados por toda Barcelona. Su mirada era una mirada pura y remota, puesto que no estaba contaminada por los intereses complejos o los condicionantes m\u00e1s comunes de la vida.\u00a0 A pesar de estar solo, no era una carga para el resto del mundo. No ped\u00eda ser comprendido y por el contrario, \u00e9l aceptaba a los dem\u00e1s tal y como eran. En efecto, comprend\u00eda que la verdad estaba en el medio y el error en la excesiva estupidez de la juventud o en la categ\u00f3rica desilusi\u00f3n de la vejez desconfiada. Este hombrecito menudo y cultivado, al que le gustaba mucho la misma m\u00fasica y los mismos libros que a m\u00ed, contra todo pron\u00f3stico, fue seleccionado por un importante medio audiovisual -\u2013una productora de Cine&#8212; para hacer un experimento: ten\u00eda que vivir quince d\u00edas en un barrio marginado. La idea era provocar una situaci\u00f3n extrema, un artificio que midiera la inseguridad y las tensiones sociales que tanto se pregonaban, ante la subida de la delincuencia, no obstante, basada en datos objetivos. Los primero que tuvo que hacer fue mudarse a una habitaci\u00f3n compartida con doce j\u00f3venes inmigrantes. El abundante perfume de la biso\u00f1a y bella recepcionista, contrastaba con el hedor sin paliativos que rezumaba aquel cuarto lleno de juventud cansada y \u00e1vida de calefacci\u00f3n y cama. Algunos de ellos eran sus propios compa\u00f1eros de trabajo, pues no en vano, mientras durara el experimento, ten\u00eda que realizar un trabajo juvenil, es decir, limpiar servicios de se\u00f1oras. Los j\u00f3venes le ense\u00f1aron lo que era Spotify y \u00e9l a cambio, lo bien que sonaba Patti Smith en las cintas casete de su vieja furgoneta. No pudo negar que vio cosas raras, porque una vez se retras\u00f3 al cruzar el sem\u00e1foro y un veh\u00edculo a toda velocidad la reproch\u00f3 el color de su piel al cruzar tarde la calzada. Por otro lado, fue a un bar y asisti\u00f3 a una tensi\u00f3n laboral, quiz\u00e1 en el fondo infundada, o basada en prejuicios y en diferencias de g\u00e9nero y de cultura. Despu\u00e9s, la muchacha m\u00e1s hermosa que hab\u00eda visto en mucho tiempo, le prepar\u00f3 una t\u00edpica comida caliente boliviana. Un joven que llevaba muchos a\u00f1os viviendo all\u00ed y que no osaba dejar su bicicleta sin amarrar, se atrevi\u00f3 a dejarla sola, cuando \u00e9l le respondi\u00f3 que no sab\u00eda si se la podr\u00edan robar o no. M\u00e1s tarde, aquella noche no pudo dormir por la tos recurrente de los que trabajaban a la intemperie y las intempestivas llamadas de probables morosos que ocultos en aquel hedor an\u00f3nimo intentaban pasar desapercibidos. Conmovido por las desigualdades del mundo le regal\u00f3 un poco de dinero a un imberbe compa\u00f1ero de trabajo, para que pudiera tener una cita. Por casualidad, en esos ins\u00f3litos d\u00edas, conoci\u00f3 a su propia sobrina que se hab\u00eda escapado de un barrio de lujo y al fin pudo verla despu\u00e9s de tantos a\u00f1os sin saber nada de ella. Por \u00faltimo, un desconocido ex-marido con c\u00e1ncer, le encomend\u00f3 que cuidara de una cocinera del barrio, que le gustaba y que ten\u00eda una grave irritaci\u00f3n en las manos debido a interminables jornadas lavando platos. Cuando volvi\u00f3 a su acomodado domicilio, en el que sin embargo, las noticias de los telediarios siempre eran malas, lo hizo con renovada esperanza. De hecho, ahora entend\u00eda mejor el por qu\u00e9 de la distancia social y algunas de las razones relacionadas con la subida de la delincuencia. Llor\u00f3 escuchando m\u00fasica mientras todos pod\u00edan el acento en la falta de integraci\u00f3n de los inmigrantes. No obstante. nadie hab\u00eda ca\u00eddo en el detalle de la brecha generacional. Porque la diferencia entre viejos y j\u00f3venes es universal, y por lo tanto, el entendimiento y la tolerancia entre esos dos grandes grupos sociales, deber\u00eda fomentarse por las instituciones p\u00fablicas, mucho m\u00e1s all\u00e1 de los prejuicios de ambas partes y de las diferencias culturales o de procedencia.\u00a0 De hecho, era divertido que tras convivir quince d\u00edas en una habitaci\u00f3n compartida con j\u00f3venes, en un supuesto barrio peligroso, sin que sirviera de precedente, aquel viejo y confiado rentista, por costumbre, siempre hab\u00eda dejado su furgoneta mal cerrada y el \u00fanico robo que hab\u00eda sufrido hab\u00eda sido el de los precios en general y el de los monopolios de las grandes empresas en particular, verdaderos ladrones que hipnotizaban a los incautos, puesto que comercializaban todo aquello que no eran necesidades b\u00e1sicas para la inmediata supervivencia individual, y que sin embargo suelen sustituir cosas que no se pueden comprar, como la falta de amistad, la escasez de amor, o la distancia remota de la familia.<\/p>","protected":false},"excerpt":{"rendered":"<p>Hab\u00eda una vez un hombre maduro e intelectual, sin esposa, y que casi no se hablaba con su hermana, que se ocultaba de los desenga\u00f1os de la vida, ocupado en el rentable oficio de alquilar pisos heredados por toda Barcelona. Su mirada era una mirada pura y remota, puesto que [&hellip;]<\/p>\n","protected":false},"author":294,"featured_media":22992,"comment_status":"closed","ping_status":"closed","sticky":false,"template":"","format":"standard","meta":{"footnotes":""},"categories":[3908],"tags":[],"class_list":["post-58135","post","type-post","status-publish","format-standard","has-post-thumbnail","hentry","category-la-bodeguita-de-hemingway"],"yoast_head":"<!-- This site is optimized with the Yoast SEO plugin v27.5 - https:\/\/yoast.com\/product\/yoast-seo-wordpress\/ -->\n<title>&#039;D\u00edas perfectos&#039; de un director de cine en un cuarto compartido con doce inmigrantes - Revista Rambla<\/title>\n<meta name=\"robots\" content=\"index, follow, max-snippet:-1, max-image-preview:large, max-video-preview:-1\" \/>\n<link rel=\"canonical\" href=\"https:\/\/www.revistarambla.com\/en\/dias-perfectos-de-un-director-de-cine-en-un-cuarto-compartido-con-doce-inmigrantes\/\" \/>\n<meta property=\"og:locale\" content=\"en_GB\" \/>\n<meta property=\"og:type\" content=\"article\" \/>\n<meta property=\"og:title\" content=\"&#039;D\u00edas perfectos&#039; de un director de cine en un cuarto compartido con doce inmigrantes - Revista Rambla\" \/>\n<meta property=\"og:description\" content=\"Hab\u00eda una vez un hombre maduro e intelectual, sin esposa, y que casi no se hablaba con su hermana, que se ocultaba de los desenga\u00f1os de la vida, ocupado en el rentable oficio de alquilar pisos heredados por toda Barcelona. Su mirada era una mirada pura y remota, puesto que [&hellip;]\" \/>\n<meta property=\"og:url\" content=\"https:\/\/www.revistarambla.com\/en\/dias-perfectos-de-un-director-de-cine-en-un-cuarto-compartido-con-doce-inmigrantes\/\" \/>\n<meta property=\"og:site_name\" content=\"Revista Rambla\" \/>\n<meta property=\"article:publisher\" content=\"https:\/\/www.facebook.com\/revistarambla\/\" \/>\n<meta property=\"article:published_time\" content=\"2024-01-24T11:20:07+00:00\" \/>\n<meta property=\"og:image\" content=\"https:\/\/www.revistarambla.com\/wp-content\/uploads\/2020\/05\/CALLE-HOSPITAL-BARCELONA-NARCOPISOS-RAVAL.jpg\" \/>\n\t<meta property=\"og:image:width\" content=\"1459\" \/>\n\t<meta property=\"og:image:height\" content=\"775\" \/>\n\t<meta property=\"og:image:type\" content=\"image\/jpeg\" \/>\n<meta name=\"author\" content=\"Jos\u00e9 Antonio Gamero Romero\" \/>\n<meta name=\"twitter:card\" content=\"summary_large_image\" \/>\n<meta name=\"twitter:creator\" content=\"@revistarambla\" \/>\n<meta name=\"twitter:site\" content=\"@revistarambla\" \/>\n<meta name=\"twitter:label1\" content=\"Written by\" \/>\n\t<meta name=\"twitter:data1\" content=\"Jos\u00e9 Antonio Gamero Romero\" \/>\n\t<meta name=\"twitter:label2\" content=\"Estimated reading time\" \/>\n\t<meta name=\"twitter:data2\" content=\"4 minutes\" \/>\n<script type=\"application\/ld+json\" class=\"yoast-schema-graph\">{\"@context\":\"https:\\\/\\\/schema.org\",\"@graph\":[{\"@type\":\"Article\",\"@id\":\"https:\\\/\\\/www.revistarambla.com\\\/dias-perfectos-de-un-director-de-cine-en-un-cuarto-compartido-con-doce-inmigrantes\\\/#article\",\"isPartOf\":{\"@id\":\"https:\\\/\\\/www.revistarambla.com\\\/dias-perfectos-de-un-director-de-cine-en-un-cuarto-compartido-con-doce-inmigrantes\\\/\"},\"author\":{\"name\":\"Jos\u00e9 Antonio Gamero Romero\",\"@id\":\"https:\\\/\\\/www.revistarambla.com\\\/#\\\/schema\\\/person\\\/94294f57cf4910853e3280fda7339bfc\"},\"headline\":\"&#8216;D\u00edas perfectos&#8217; de un director de cine en un cuarto compartido con doce inmigrantes\",\"datePublished\":\"2024-01-24T11:20:07+00:00\",\"mainEntityOfPage\":{\"@id\":\"https:\\\/\\\/www.revistarambla.com\\\/dias-perfectos-de-un-director-de-cine-en-un-cuarto-compartido-con-doce-inmigrantes\\\/\"},\"wordCount\":864,\"publisher\":{\"@id\":\"https:\\\/\\\/www.revistarambla.com\\\/#organization\"},\"image\":{\"@id\":\"https:\\\/\\\/www.revistarambla.com\\\/dias-perfectos-de-un-director-de-cine-en-un-cuarto-compartido-con-doce-inmigrantes\\\/#primaryimage\"},\"thumbnailUrl\":\"https:\\\/\\\/www.revistarambla.com\\\/wp-content\\\/uploads\\\/2020\\\/05\\\/CALLE-HOSPITAL-BARCELONA-NARCOPISOS-RAVAL.jpg\",\"articleSection\":[\"La bodeguita de Hemingway\"],\"inLanguage\":\"en-GB\"},{\"@type\":\"WebPage\",\"@id\":\"https:\\\/\\\/www.revistarambla.com\\\/dias-perfectos-de-un-director-de-cine-en-un-cuarto-compartido-con-doce-inmigrantes\\\/\",\"url\":\"https:\\\/\\\/www.revistarambla.com\\\/dias-perfectos-de-un-director-de-cine-en-un-cuarto-compartido-con-doce-inmigrantes\\\/\",\"name\":\"'D\u00edas perfectos' de un director de cine en un cuarto compartido con doce inmigrantes - Revista Rambla\",\"isPartOf\":{\"@id\":\"https:\\\/\\\/www.revistarambla.com\\\/#website\"},\"primaryImageOfPage\":{\"@id\":\"https:\\\/\\\/www.revistarambla.com\\\/dias-perfectos-de-un-director-de-cine-en-un-cuarto-compartido-con-doce-inmigrantes\\\/#primaryimage\"},\"image\":{\"@id\":\"https:\\\/\\\/www.revistarambla.com\\\/dias-perfectos-de-un-director-de-cine-en-un-cuarto-compartido-con-doce-inmigrantes\\\/#primaryimage\"},\"thumbnailUrl\":\"https:\\\/\\\/www.revistarambla.com\\\/wp-content\\\/uploads\\\/2020\\\/05\\\/CALLE-HOSPITAL-BARCELONA-NARCOPISOS-RAVAL.jpg\",\"datePublished\":\"2024-01-24T11:20:07+00:00\",\"breadcrumb\":{\"@id\":\"https:\\\/\\\/www.revistarambla.com\\\/dias-perfectos-de-un-director-de-cine-en-un-cuarto-compartido-con-doce-inmigrantes\\\/#breadcrumb\"},\"inLanguage\":\"en-GB\",\"potentialAction\":[{\"@type\":\"ReadAction\",\"target\":[\"https:\\\/\\\/www.revistarambla.com\\\/dias-perfectos-de-un-director-de-cine-en-un-cuarto-compartido-con-doce-inmigrantes\\\/\"]}]},{\"@type\":\"ImageObject\",\"inLanguage\":\"en-GB\",\"@id\":\"https:\\\/\\\/www.revistarambla.com\\\/dias-perfectos-de-un-director-de-cine-en-un-cuarto-compartido-con-doce-inmigrantes\\\/#primaryimage\",\"url\":\"https:\\\/\\\/www.revistarambla.com\\\/wp-content\\\/uploads\\\/2020\\\/05\\\/CALLE-HOSPITAL-BARCELONA-NARCOPISOS-RAVAL.jpg\",\"contentUrl\":\"https:\\\/\\\/www.revistarambla.com\\\/wp-content\\\/uploads\\\/2020\\\/05\\\/CALLE-HOSPITAL-BARCELONA-NARCOPISOS-RAVAL.jpg\",\"width\":1459,\"height\":775,\"caption\":\"Alquilar una habitaci\u00f3n en Catalunya\"},{\"@type\":\"BreadcrumbList\",\"@id\":\"https:\\\/\\\/www.revistarambla.com\\\/dias-perfectos-de-un-director-de-cine-en-un-cuarto-compartido-con-doce-inmigrantes\\\/#breadcrumb\",\"itemListElement\":[{\"@type\":\"ListItem\",\"position\":1,\"name\":\"Portada\",\"item\":\"https:\\\/\\\/www.revistarambla.com\\\/\"},{\"@type\":\"ListItem\",\"position\":2,\"name\":\"&#8216;D\u00edas perfectos&#8217; de un director de cine en un cuarto compartido con doce inmigrantes\"}]},{\"@type\":\"WebSite\",\"@id\":\"https:\\\/\\\/www.revistarambla.com\\\/#website\",\"url\":\"https:\\\/\\\/www.revistarambla.com\\\/\",\"name\":\"Revista Rambla Barcelona\",\"description\":\"Periodismo independiente\",\"publisher\":{\"@id\":\"https:\\\/\\\/www.revistarambla.com\\\/#organization\"},\"potentialAction\":[{\"@type\":\"SearchAction\",\"target\":{\"@type\":\"EntryPoint\",\"urlTemplate\":\"https:\\\/\\\/www.revistarambla.com\\\/?s={search_term_string}\"},\"query-input\":{\"@type\":\"PropertyValueSpecification\",\"valueRequired\":true,\"valueName\":\"search_term_string\"}}],\"inLanguage\":\"en-GB\"},{\"@type\":\"Organization\",\"@id\":\"https:\\\/\\\/www.revistarambla.com\\\/#organization\",\"name\":\"Revista Rambla\",\"url\":\"https:\\\/\\\/www.revistarambla.com\\\/\",\"logo\":{\"@type\":\"ImageObject\",\"inLanguage\":\"en-GB\",\"@id\":\"https:\\\/\\\/www.revistarambla.com\\\/#\\\/schema\\\/logo\\\/image\\\/\",\"url\":\"https:\\\/\\\/www.revistarambla.com\\\/wp-content\\\/uploads\\\/2020\\\/09\\\/banner_rambla_1900x600_BB.png\",\"contentUrl\":\"https:\\\/\\\/www.revistarambla.com\\\/wp-content\\\/uploads\\\/2020\\\/09\\\/banner_rambla_1900x600_BB.png\",\"width\":1900,\"height\":600,\"caption\":\"Revista Rambla\"},\"image\":{\"@id\":\"https:\\\/\\\/www.revistarambla.com\\\/#\\\/schema\\\/logo\\\/image\\\/\"},\"sameAs\":[\"https:\\\/\\\/www.facebook.com\\\/revistarambla\\\/\",\"https:\\\/\\\/x.com\\\/revistarambla\",\"https:\\\/\\\/www.instagram.com\\\/revista_rambla\",\"https:\\\/\\\/es.linkedin.com\\\/company\\\/revista-rambla\"]},{\"@type\":\"Person\",\"@id\":\"https:\\\/\\\/www.revistarambla.com\\\/#\\\/schema\\\/person\\\/94294f57cf4910853e3280fda7339bfc\",\"name\":\"Jos\u00e9 Antonio Gamero Romero\",\"description\":\"Escritor sevillano finalista del premio Azor\u00edn 2014. Ha publicado en diferentes revistas como Culturamas, E\u00f1e, Visor, etc. Sus libros son: 'La invenci\u00f3n de los gigantes' (Buc\u00e9falo 2016); 'Literatura tridimensional' (Adarve 2018); 'S\u00f3crates no vino a Espa\u00f1a' (Samarcanda 2018); 'La rep\u00fablica del fin del mundo' (Tandaia 2018) y 'La bodeguita de Hemingway'.\"}]}<\/script>\n<!-- \/ Yoast SEO plugin. -->","yoast_head_json":{"title":"'D\u00edas perfectos' de un director de cine en un cuarto compartido con doce inmigrantes - Revista Rambla","robots":{"index":"index","follow":"follow","max-snippet":"max-snippet:-1","max-image-preview":"max-image-preview:large","max-video-preview":"max-video-preview:-1"},"canonical":"https:\/\/www.revistarambla.com\/en\/dias-perfectos-de-un-director-de-cine-en-un-cuarto-compartido-con-doce-inmigrantes\/","og_locale":"en_GB","og_type":"article","og_title":"'D\u00edas perfectos' de un director de cine en un cuarto compartido con doce inmigrantes - Revista Rambla","og_description":"Hab\u00eda una vez un hombre maduro e intelectual, sin esposa, y que casi no se hablaba con su hermana, que se ocultaba de los desenga\u00f1os de la vida, ocupado en el rentable oficio de alquilar pisos heredados por toda Barcelona. Su mirada era una mirada pura y remota, puesto que [&hellip;]","og_url":"https:\/\/www.revistarambla.com\/en\/dias-perfectos-de-un-director-de-cine-en-un-cuarto-compartido-con-doce-inmigrantes\/","og_site_name":"Revista Rambla","article_publisher":"https:\/\/www.facebook.com\/revistarambla\/","article_published_time":"2024-01-24T11:20:07+00:00","og_image":[{"width":1459,"height":775,"url":"https:\/\/www.revistarambla.com\/wp-content\/uploads\/2020\/05\/CALLE-HOSPITAL-BARCELONA-NARCOPISOS-RAVAL.jpg","type":"image\/jpeg"}],"author":"Jos\u00e9 Antonio Gamero Romero","twitter_card":"summary_large_image","twitter_creator":"@revistarambla","twitter_site":"@revistarambla","twitter_misc":{"Written by":"Jos\u00e9 Antonio Gamero Romero","Estimated reading time":"4 minutes"},"schema":{"@context":"https:\/\/schema.org","@graph":[{"@type":"Article","@id":"https:\/\/www.revistarambla.com\/dias-perfectos-de-un-director-de-cine-en-un-cuarto-compartido-con-doce-inmigrantes\/#article","isPartOf":{"@id":"https:\/\/www.revistarambla.com\/dias-perfectos-de-un-director-de-cine-en-un-cuarto-compartido-con-doce-inmigrantes\/"},"author":{"name":"Jos\u00e9 Antonio Gamero Romero","@id":"https:\/\/www.revistarambla.com\/#\/schema\/person\/94294f57cf4910853e3280fda7339bfc"},"headline":"&#8216;D\u00edas perfectos&#8217; de un director de cine en un cuarto compartido con doce inmigrantes","datePublished":"2024-01-24T11:20:07+00:00","mainEntityOfPage":{"@id":"https:\/\/www.revistarambla.com\/dias-perfectos-de-un-director-de-cine-en-un-cuarto-compartido-con-doce-inmigrantes\/"},"wordCount":864,"publisher":{"@id":"https:\/\/www.revistarambla.com\/#organization"},"image":{"@id":"https:\/\/www.revistarambla.com\/dias-perfectos-de-un-director-de-cine-en-un-cuarto-compartido-con-doce-inmigrantes\/#primaryimage"},"thumbnailUrl":"https:\/\/www.revistarambla.com\/wp-content\/uploads\/2020\/05\/CALLE-HOSPITAL-BARCELONA-NARCOPISOS-RAVAL.jpg","articleSection":["La bodeguita de Hemingway"],"inLanguage":"en-GB"},{"@type":"WebPage","@id":"https:\/\/www.revistarambla.com\/dias-perfectos-de-un-director-de-cine-en-un-cuarto-compartido-con-doce-inmigrantes\/","url":"https:\/\/www.revistarambla.com\/dias-perfectos-de-un-director-de-cine-en-un-cuarto-compartido-con-doce-inmigrantes\/","name":"'D\u00edas perfectos' de un director de cine en un cuarto compartido con doce inmigrantes - Revista Rambla","isPartOf":{"@id":"https:\/\/www.revistarambla.com\/#website"},"primaryImageOfPage":{"@id":"https:\/\/www.revistarambla.com\/dias-perfectos-de-un-director-de-cine-en-un-cuarto-compartido-con-doce-inmigrantes\/#primaryimage"},"image":{"@id":"https:\/\/www.revistarambla.com\/dias-perfectos-de-un-director-de-cine-en-un-cuarto-compartido-con-doce-inmigrantes\/#primaryimage"},"thumbnailUrl":"https:\/\/www.revistarambla.com\/wp-content\/uploads\/2020\/05\/CALLE-HOSPITAL-BARCELONA-NARCOPISOS-RAVAL.jpg","datePublished":"2024-01-24T11:20:07+00:00","breadcrumb":{"@id":"https:\/\/www.revistarambla.com\/dias-perfectos-de-un-director-de-cine-en-un-cuarto-compartido-con-doce-inmigrantes\/#breadcrumb"},"inLanguage":"en-GB","potentialAction":[{"@type":"ReadAction","target":["https:\/\/www.revistarambla.com\/dias-perfectos-de-un-director-de-cine-en-un-cuarto-compartido-con-doce-inmigrantes\/"]}]},{"@type":"ImageObject","inLanguage":"en-GB","@id":"https:\/\/www.revistarambla.com\/dias-perfectos-de-un-director-de-cine-en-un-cuarto-compartido-con-doce-inmigrantes\/#primaryimage","url":"https:\/\/www.revistarambla.com\/wp-content\/uploads\/2020\/05\/CALLE-HOSPITAL-BARCELONA-NARCOPISOS-RAVAL.jpg","contentUrl":"https:\/\/www.revistarambla.com\/wp-content\/uploads\/2020\/05\/CALLE-HOSPITAL-BARCELONA-NARCOPISOS-RAVAL.jpg","width":1459,"height":775,"caption":"Alquilar una habitaci\u00f3n en Catalunya"},{"@type":"BreadcrumbList","@id":"https:\/\/www.revistarambla.com\/dias-perfectos-de-un-director-de-cine-en-un-cuarto-compartido-con-doce-inmigrantes\/#breadcrumb","itemListElement":[{"@type":"ListItem","position":1,"name":"Portada","item":"https:\/\/www.revistarambla.com\/"},{"@type":"ListItem","position":2,"name":"&#8216;D\u00edas perfectos&#8217; de un director de cine en un cuarto compartido con doce inmigrantes"}]},{"@type":"WebSite","@id":"https:\/\/www.revistarambla.com\/#website","url":"https:\/\/www.revistarambla.com\/","name":"Revista Rambla Barcelona","description":"Periodismo independiente","publisher":{"@id":"https:\/\/www.revistarambla.com\/#organization"},"potentialAction":[{"@type":"SearchAction","target":{"@type":"EntryPoint","urlTemplate":"https:\/\/www.revistarambla.com\/?s={search_term_string}"},"query-input":{"@type":"PropertyValueSpecification","valueRequired":true,"valueName":"search_term_string"}}],"inLanguage":"en-GB"},{"@type":"Organization","@id":"https:\/\/www.revistarambla.com\/#organization","name":"Revista Rambla","url":"https:\/\/www.revistarambla.com\/","logo":{"@type":"ImageObject","inLanguage":"en-GB","@id":"https:\/\/www.revistarambla.com\/#\/schema\/logo\/image\/","url":"https:\/\/www.revistarambla.com\/wp-content\/uploads\/2020\/09\/banner_rambla_1900x600_BB.png","contentUrl":"https:\/\/www.revistarambla.com\/wp-content\/uploads\/2020\/09\/banner_rambla_1900x600_BB.png","width":1900,"height":600,"caption":"Revista Rambla"},"image":{"@id":"https:\/\/www.revistarambla.com\/#\/schema\/logo\/image\/"},"sameAs":["https:\/\/www.facebook.com\/revistarambla\/","https:\/\/x.com\/revistarambla","https:\/\/www.instagram.com\/revista_rambla","https:\/\/es.linkedin.com\/company\/revista-rambla"]},{"@type":"Person","@id":"https:\/\/www.revistarambla.com\/#\/schema\/person\/94294f57cf4910853e3280fda7339bfc","name":"Jos\u00e9 Antonio Gamero Romero","description":"Escritor sevillano finalista del premio Azor\u00edn 2014. Ha publicado en diferentes revistas como Culturamas, E\u00f1e, Visor, etc. Sus libros son: 'La invenci\u00f3n de los gigantes' (Buc\u00e9falo 2016); 'Literatura tridimensional' (Adarve 2018); 'S\u00f3crates no vino a Espa\u00f1a' (Samarcanda 2018); 'La rep\u00fablica del fin del mundo' (Tandaia 2018) y 'La bodeguita de Hemingway'."}]}},"_links":{"self":[{"href":"https:\/\/www.revistarambla.com\/en\/wp-json\/wp\/v2\/posts\/58135","targetHints":{"allow":["GET"]}}],"collection":[{"href":"https:\/\/www.revistarambla.com\/en\/wp-json\/wp\/v2\/posts"}],"about":[{"href":"https:\/\/www.revistarambla.com\/en\/wp-json\/wp\/v2\/types\/post"}],"author":[{"embeddable":true,"href":"https:\/\/www.revistarambla.com\/en\/wp-json\/wp\/v2\/users\/294"}],"replies":[{"embeddable":true,"href":"https:\/\/www.revistarambla.com\/en\/wp-json\/wp\/v2\/comments?post=58135"}],"version-history":[{"count":1,"href":"https:\/\/www.revistarambla.com\/en\/wp-json\/wp\/v2\/posts\/58135\/revisions"}],"predecessor-version":[{"id":58136,"href":"https:\/\/www.revistarambla.com\/en\/wp-json\/wp\/v2\/posts\/58135\/revisions\/58136"}],"wp:featuredmedia":[{"embeddable":true,"href":"https:\/\/www.revistarambla.com\/en\/wp-json\/wp\/v2\/media\/22992"}],"wp:attachment":[{"href":"https:\/\/www.revistarambla.com\/en\/wp-json\/wp\/v2\/media?parent=58135"}],"wp:term":[{"taxonomy":"category","embeddable":true,"href":"https:\/\/www.revistarambla.com\/en\/wp-json\/wp\/v2\/categories?post=58135"},{"taxonomy":"post_tag","embeddable":true,"href":"https:\/\/www.revistarambla.com\/en\/wp-json\/wp\/v2\/tags?post=58135"}],"curies":[{"name":"wp","href":"https:\/\/api.w.org\/{rel}","templated":true}]}}