{"id":58055,"date":"2024-01-17T20:55:15","date_gmt":"2024-01-17T19:55:15","guid":{"rendered":"https:\/\/www.revistarambla.com\/?p=58055"},"modified":"2024-01-17T20:55:15","modified_gmt":"2024-01-17T19:55:15","slug":"la-reforma-del-subsidio-de-desempleo-atropello-bestial-contra-la-clase-obrera","status":"publish","type":"post","link":"https:\/\/www.revistarambla.com\/en\/la-reforma-del-subsidio-de-desempleo-atropello-bestial-contra-la-clase-obrera\/","title":{"rendered":"La reforma del subsidio de desempleo: atropello bestial contra la clase obrera"},"content":{"rendered":"<p>La reforma del subsidio de desempleo, a pesar de la campa\u00f1a que se hace desde el gobierno de Espa\u00f1a, en t\u00e9rminos generales supone un recorte del gasto p\u00fablico social<!--more-->, perjudicando a los sectores m\u00e1s desfavorecidos de los desempleados y, a su vez, un incremento del ej\u00e9rcito de reserva de parados lo que implica una disminuci\u00f3n salarial.<\/p>\n<p>Parece fuera de lo racional que se\u00f1ores y se\u00f1oras que cobran m\u00e1s de 5000 o 6000 euros aplaudan con tanto alborozo y entusiasmo en los medios de comunicaci\u00f3n una subida del subsidio de desempleo que en promedio para un desempleado que lo cobre durante un tiempo m\u00e1ximo de 30 meses viene a ser de 30 euros respecto a los 480 euros actuales. Los diputados y diputadas no son conscientes que con esta cantidad mensual dif\u00edcilmente se puede vivir y tener un m\u00ednimo bienestar.<\/p>\n<p>La reforma del subsidio de desempleo, junto a otras medidas que afectan a las pensiones y servicios p\u00fablicos, responde a las directrices de la UE a las que el gobierno est\u00e1 obligado para cobrar los restos pendientes del dinero procedente de los Fondos de Recuperaci\u00f3n y Resiliencia Europeos arbitrados con motivo de la pandemia. Es una reforma preparada desde hace varios a\u00f1os para transformar el modelo actual, darle un car\u00e1cter asistencial al subsidio a los desempleados, tal y como se pone de manifiesto a lo largo del decreto y simult\u00e1neamente reducir el n\u00famero de perceptores.. Nuestro an\u00e1lisis pone de manifiesto que las pretensiones del gobierno van m\u00e1s all\u00e1 de las reclamaciones que han llevado a Podemos a dar su voto negativo para la aprobaci\u00f3n de este decreto.<\/p>\n<h2>Elimina del subsidio a m\u00e1s de 120.000 personas<\/h2>\n<p>Con la reforma, a partir de junio de 2024 desaparecen las ayudas que durante 18 meses cobraban los emigrantes retornados, los liberados de prisiones, se elimina la RAI y el subsidio extraordinario; en definitiva, m\u00e1s 120.000 personas quedar\u00e1n en total desamparo, son arrojados a la miseria y a la incertidumbre de la exclusi\u00f3n social. La soluci\u00f3n que se les da es que soliciten el Ingreso M\u00ednimo Vital (IMV) que caso de conseguirlo, una vez superada la enorme burocracia exigida, en el mejor de los casos deber\u00e1n estar 6 o 7 meses a la espera de la resoluci\u00f3n definitiva; mientras tanto resulta dif\u00edcil pensar c\u00f3mo van a sobrevivir estas personas. Lo que s\u00ed nos dice la experiencia es que de estas personas que quedan fuera de la ayuda acceder\u00e1n al IMV muy pocas.<\/p>\n<h2>Reducci\u00f3n de las pensiones de jubilaci\u00f3n<\/h2>\n<p>Los nuevos perceptores del subsidio para mayores de 52 a\u00f1os que se incorporen a partir de junio del 2024 ver\u00e1n c\u00f3mo las bases de cotizaci\u00f3n a la seguridad social disminuir\u00e1n progresivamente desde el 120 % de la base m\u00ednima de cotizaci\u00f3n del R\u00e9gimen General de la Seguridad Social vigente en cada momento hasta el 105 % de la base m\u00ednima de cotizaci\u00f3n que ser\u00e1 en 2027. Para los perceptores anteriores al 1 de junio de 2024 la base de cotizaci\u00f3n seguir\u00e1 siendo la del 125 % de la base m\u00ednima. En definitiva, que los nuevos perceptores ver\u00e1n reducidas sus pensiones a la hora de su jubilaci\u00f3n. La simulaci\u00f3n del c\u00e1lculo de pensiones de acuerdo a las reducciones en las cotizaciones a la seguridad social conduce a una disminuci\u00f3n de m\u00e1s de 2200 euros anuales para una persona que acceda al subsidio despu\u00e9s de este decreto, con 52 a\u00f1os y se jubile a los 67 a\u00f1os con 22 a\u00f1os cotizados, respecto a lo que cobrar\u00eda una persona en las mismas condiciones antes del decreto.<\/p>\n<h2>Subsidio a tiempo parcial recuperando lo que hizo el PP en 2012<\/h2>\n<p>Muchos parados acogidos a esta ayuda social no cobrar\u00e1n de manera completa las cantidades que se indican en la subida propuesta por el gobierno: para un tiempo m\u00e1ximo de 30 meses, las cantidades son de 570 euros, los seis primeros meses, 540, los seis meses siguientes y 480 euros, los 18 meses restantes. Sin embargo, lo que realmente cobrar\u00e1n ser\u00e1 una cantidad proporcional a las horas trabajadas en los \u00faltimos 180 d\u00edas o periodo inferior que dieron paso a la prestaci\u00f3n o al subsidio. Para acceder al subsidio de desempleo se considera el tiempo de la cotizaci\u00f3n a la seguridad social, que valora del mismo modo la jornada se trabajen 4 horas u 8 horas, pero para la cantidad a cobrar se tendr\u00e1n en cuenta las horas realmente trabajadas.<\/p>\n<h2>Compatibilidad con el trabajo por cuenta ajena<\/h2>\n<p>En el sentido arriba indicado, van otras consideraciones de la reforma como las que se refieren a la posibilidad de que quienes cobran prestaciones o subsidios puedan compatibilizar su cobro con el trabajo por cuenta ajena, a tiempo parcial o completo seg\u00fan prestaci\u00f3n o subsidio, respectivamente. En estos casos, la cantidad que cobren por esta ayuda social vendr\u00e1 reducida en unos porcentajes que se establecen en lo que denominan Complemento de Apoyo al Trabajo que es un porcentaje de la prestaci\u00f3n o del subsidio que vendr\u00e1 determinado por una serie de factores relacionados con el trimestre que corresponda al tiempo que se lleva cobrando el subsidio y el tiempo de ocupaci\u00f3n que conlleve el contrato de trabajo por cuenta ajena. En todo caso, se trata de recortar el gasto en el desempleo y aumentar el ej\u00e9rcito de trabajadores puesto a disposici\u00f3n de los empresarios, lo que sin duda influir\u00e1 con car\u00e1cter general en los salarios por el incremento de la presi\u00f3n que ejercer\u00e1 el aumento del ej\u00e9rcito de parados.<\/p>\n<h2>Privatizaci\u00f3n del servicio p\u00fablico de empleo<\/h2>\n<p>Como se indica en los diferentes apartados del punto 17 del decreto gubernamental que aborda la reforma, se alude de manera muy significativa a las agencias de colocaci\u00f3n que colaboren con los servicios p\u00fablicos. Esto nos indica que el gobierno profundiza en la \u201cprivatizaci\u00f3n\u201d de los servicios p\u00fablicos de empleo, ya que las agencias privadas de colocaci\u00f3n realizar\u00e1n labores de intermediaci\u00f3n laboral al mismo nivel, intensidad y capacidad que la Agencia Estatal de Empleo. Adem\u00e1s, los trabajadores beneficiarios de prestaciones por desempleo estar\u00e1n obligados a participar en las actividades y programas que realicen estas agencias privadas.<\/p>\n<h2>Incorporaci\u00f3n al subsidio de los menores de 45 a\u00f1os<\/h2>\n<p>Se introduce como novedad la incorporaci\u00f3n al subsidio de desempleo los menores de 45 a\u00f1os. No obstante, para ello deber\u00e1n haber cotizado a la seguridad social durante tres a\u00f1os. Nos parece que si hubiera voluntad pol\u00edtica por parte del equipo de gobierno se habr\u00eda facilitado el acceso al subsidio sin exigir tanto tiempo de cotizaci\u00f3n a la seguridad social. Las condiciones de empleo en nuestra comunidad y el tiempo exigido determinar\u00e1n que muchas personas trabajadoras tengan dif\u00edcil el acceso a este subsidio.<\/p>\n<h2>Respecto a la incorporaci\u00f3n de los trabajadores agrarios eventuales<\/h2>\n<p>La ayuda se ampl\u00eda a los trabajadores agrarios temporales de fuera de Andaluc\u00eda y Extremadura y a los trabajadores transfronterizos que acuden a trabajar a diario a Ceuta y Melilla. En el punto 15 del decreto se dice: \u201cpara tener derecho a las prestaciones por desempleo reguladas en este t\u00edtulo, los trabajadores por cuenta ajena eventuales agrarios deber\u00e1n reunir los requisitos establecidos en el art\u00edculo 266 del texto refundido de la Ley General de la Seguridad Social\u201d. Los requisitos para la incorporaci\u00f3n no anulan el que resulta fundamental en el caso de los trabajadores emigrantes que para acceder a estas ayudas sociales deber\u00e1n residir como m\u00ednimo 10 a\u00f1os en localidades del pa\u00eds. Lo cual hace bastante inaccesible este requisito para los trabajadores inmigrantes.<\/p>\n<h2>Evaluaci\u00f3n de la reforma del sistema asistencial de desempleo<\/h2>\n<p>En la disposici\u00f3n adicional cuarta se indica que una vez transcurridos dos a\u00f1os desde la entrada en vigor de este real decreto-ley, el Gobierno crear\u00e1 una comisi\u00f3n interministerial para de evaluar los efectos de la reforma. Sin duda, el car\u00e1cter de esta comisi\u00f3n estar\u00e1 dirigida a seguir estableciendo recortes presupuestarios, pues, no tiene otro sentido que en la misma se incluya al Ministerio de Hacienda, adem\u00e1s de los Ministerios de Trabajo y Econom\u00eda Social, de Inclusi\u00f3n, Seguridad Social y Migraciones, de Econom\u00eda, Comercio y Empresa.<\/p>\n<p>En conclusi\u00f3n, no son necesarias este tipo de reformas que van contra las clases trabajadoras y especialmente contra los sectores m\u00e1s desprotegidos que en estos momentos concretos necesitan salarios y ayudas sociales m\u00e1s dignas que permitan un mayor bienestar. En todo caso, lo que verdaderamente necesitamos la poblaci\u00f3n trabajadora de este pa\u00eds y en concreto la extreme\u00f1a son medidas pol\u00edticas orientadas a la creaci\u00f3n de empleo y generaci\u00f3n de riqueza. En Extremadura es fundamental una reforma agraria que transforme econ\u00f3mica y socialmente nuestro territorio y eleve el bienestar de nuestra poblaci\u00f3n.<\/p>\n<p><em>*Fuente: Opini\u00f3n | La reforma del subsidio de desempleo: atropello bestial contra la clase obrera &#8211; El Salto &#8211; Extremadura (elsaltodiario.com)<\/em><\/p>","protected":false},"excerpt":{"rendered":"<p>La semana pasada se rechaz\u00f3 por el Congreso de los Diputados la reforma del subsidio de desempleo. A continuaci\u00f3n una valoraci\u00f3n de la misma a cargo del Campamento Dignidad. [Foto: Campamento Dignidad \/ El Salto]<\/p>\n","protected":false},"author":15,"featured_media":58058,"comment_status":"closed","ping_status":"closed","sticky":false,"template":"","format":"standard","meta":{"footnotes":""},"categories":[58,72],"tags":[],"class_list":["post-58055","post","type-post","status-publish","format-standard","has-post-thumbnail","hentry","category-estado-espanol","category-opinion"],"yoast_head":"<!-- This site is optimized with the Yoast SEO plugin v27.5 - https:\/\/yoast.com\/product\/yoast-seo-wordpress\/ -->\n<title>La reforma del subsidio de desempleo: atropello bestial contra la clase obrera - Revista Rambla<\/title>\n<meta name=\"robots\" content=\"index, follow, max-snippet:-1, max-image-preview:large, max-video-preview:-1\" \/>\n<link rel=\"canonical\" href=\"https:\/\/www.revistarambla.com\/en\/la-reforma-del-subsidio-de-desempleo-atropello-bestial-contra-la-clase-obrera\/\" \/>\n<meta property=\"og:locale\" content=\"en_GB\" \/>\n<meta property=\"og:type\" content=\"article\" \/>\n<meta property=\"og:title\" content=\"La reforma del subsidio de desempleo: atropello bestial contra la clase obrera - Revista Rambla\" \/>\n<meta property=\"og:description\" content=\"La semana pasada se rechaz\u00f3 por el Congreso de los Diputados la reforma del subsidio de desempleo. A continuaci\u00f3n una valoraci\u00f3n de la misma a cargo del Campamento Dignidad. [Foto: Campamento Dignidad \/ El Salto]\" \/>\n<meta property=\"og:url\" content=\"https:\/\/www.revistarambla.com\/en\/la-reforma-del-subsidio-de-desempleo-atropello-bestial-contra-la-clase-obrera\/\" \/>\n<meta property=\"og:site_name\" content=\"Revista Rambla\" \/>\n<meta property=\"article:publisher\" content=\"https:\/\/www.facebook.com\/revistarambla\/\" \/>\n<meta property=\"article:published_time\" content=\"2024-01-17T19:55:15+00:00\" \/>\n<meta property=\"og:image\" content=\"https:\/\/www.revistarambla.com\/wp-content\/uploads\/2024\/01\/CAMPAMENTO-DIGNIDAD.jpg\" \/>\n\t<meta property=\"og:image:width\" content=\"1141\" \/>\n\t<meta property=\"og:image:height\" content=\"555\" \/>\n\t<meta property=\"og:image:type\" content=\"image\/jpeg\" \/>\n<meta name=\"author\" content=\"Juan Viera\" \/>\n<meta name=\"twitter:card\" content=\"summary_large_image\" \/>\n<meta name=\"twitter:creator\" content=\"@revistarambla\" \/>\n<meta name=\"twitter:site\" content=\"@revistarambla\" \/>\n<meta name=\"twitter:label1\" content=\"Written by\" \/>\n\t<meta name=\"twitter:data1\" content=\"Juan Viera\" \/>\n\t<meta name=\"twitter:label2\" content=\"Estimated reading time\" \/>\n\t<meta name=\"twitter:data2\" content=\"7 minutes\" \/>\n<script type=\"application\/ld+json\" class=\"yoast-schema-graph\">{\"@context\":\"https:\\\/\\\/schema.org\",\"@graph\":[{\"@type\":\"Article\",\"@id\":\"https:\\\/\\\/www.revistarambla.com\\\/la-reforma-del-subsidio-de-desempleo-atropello-bestial-contra-la-clase-obrera\\\/#article\",\"isPartOf\":{\"@id\":\"https:\\\/\\\/www.revistarambla.com\\\/la-reforma-del-subsidio-de-desempleo-atropello-bestial-contra-la-clase-obrera\\\/\"},\"author\":{\"name\":\"Juan Viera\",\"@id\":\"https:\\\/\\\/www.revistarambla.com\\\/#\\\/schema\\\/person\\\/2b19179a8ace334b829ad72cc6e6ce97\"},\"headline\":\"La reforma del subsidio de desempleo: atropello bestial contra la clase obrera\",\"datePublished\":\"2024-01-17T19:55:15+00:00\",\"mainEntityOfPage\":{\"@id\":\"https:\\\/\\\/www.revistarambla.com\\\/la-reforma-del-subsidio-de-desempleo-atropello-bestial-contra-la-clase-obrera\\\/\"},\"wordCount\":1534,\"publisher\":{\"@id\":\"https:\\\/\\\/www.revistarambla.com\\\/#organization\"},\"image\":{\"@id\":\"https:\\\/\\\/www.revistarambla.com\\\/la-reforma-del-subsidio-de-desempleo-atropello-bestial-contra-la-clase-obrera\\\/#primaryimage\"},\"thumbnailUrl\":\"https:\\\/\\\/www.revistarambla.com\\\/wp-content\\\/uploads\\\/2024\\\/01\\\/CAMPAMENTO-DIGNIDAD.jpg\",\"articleSection\":[\"Estado Espa\u00f1ol\",\"Opiniones\"],\"inLanguage\":\"en-GB\"},{\"@type\":\"WebPage\",\"@id\":\"https:\\\/\\\/www.revistarambla.com\\\/la-reforma-del-subsidio-de-desempleo-atropello-bestial-contra-la-clase-obrera\\\/\",\"url\":\"https:\\\/\\\/www.revistarambla.com\\\/la-reforma-del-subsidio-de-desempleo-atropello-bestial-contra-la-clase-obrera\\\/\",\"name\":\"La reforma del subsidio de desempleo: atropello bestial contra la clase obrera - Revista Rambla\",\"isPartOf\":{\"@id\":\"https:\\\/\\\/www.revistarambla.com\\\/#website\"},\"primaryImageOfPage\":{\"@id\":\"https:\\\/\\\/www.revistarambla.com\\\/la-reforma-del-subsidio-de-desempleo-atropello-bestial-contra-la-clase-obrera\\\/#primaryimage\"},\"image\":{\"@id\":\"https:\\\/\\\/www.revistarambla.com\\\/la-reforma-del-subsidio-de-desempleo-atropello-bestial-contra-la-clase-obrera\\\/#primaryimage\"},\"thumbnailUrl\":\"https:\\\/\\\/www.revistarambla.com\\\/wp-content\\\/uploads\\\/2024\\\/01\\\/CAMPAMENTO-DIGNIDAD.jpg\",\"datePublished\":\"2024-01-17T19:55:15+00:00\",\"breadcrumb\":{\"@id\":\"https:\\\/\\\/www.revistarambla.com\\\/la-reforma-del-subsidio-de-desempleo-atropello-bestial-contra-la-clase-obrera\\\/#breadcrumb\"},\"inLanguage\":\"en-GB\",\"potentialAction\":[{\"@type\":\"ReadAction\",\"target\":[\"https:\\\/\\\/www.revistarambla.com\\\/la-reforma-del-subsidio-de-desempleo-atropello-bestial-contra-la-clase-obrera\\\/\"]}]},{\"@type\":\"ImageObject\",\"inLanguage\":\"en-GB\",\"@id\":\"https:\\\/\\\/www.revistarambla.com\\\/la-reforma-del-subsidio-de-desempleo-atropello-bestial-contra-la-clase-obrera\\\/#primaryimage\",\"url\":\"https:\\\/\\\/www.revistarambla.com\\\/wp-content\\\/uploads\\\/2024\\\/01\\\/CAMPAMENTO-DIGNIDAD.jpg\",\"contentUrl\":\"https:\\\/\\\/www.revistarambla.com\\\/wp-content\\\/uploads\\\/2024\\\/01\\\/CAMPAMENTO-DIGNIDAD.jpg\",\"width\":1141,\"height\":555},{\"@type\":\"BreadcrumbList\",\"@id\":\"https:\\\/\\\/www.revistarambla.com\\\/la-reforma-del-subsidio-de-desempleo-atropello-bestial-contra-la-clase-obrera\\\/#breadcrumb\",\"itemListElement\":[{\"@type\":\"ListItem\",\"position\":1,\"name\":\"Portada\",\"item\":\"https:\\\/\\\/www.revistarambla.com\\\/\"},{\"@type\":\"ListItem\",\"position\":2,\"name\":\"La reforma del subsidio de desempleo: atropello bestial contra la clase obrera\"}]},{\"@type\":\"WebSite\",\"@id\":\"https:\\\/\\\/www.revistarambla.com\\\/#website\",\"url\":\"https:\\\/\\\/www.revistarambla.com\\\/\",\"name\":\"Revista Rambla Barcelona\",\"description\":\"Periodismo independiente\",\"publisher\":{\"@id\":\"https:\\\/\\\/www.revistarambla.com\\\/#organization\"},\"potentialAction\":[{\"@type\":\"SearchAction\",\"target\":{\"@type\":\"EntryPoint\",\"urlTemplate\":\"https:\\\/\\\/www.revistarambla.com\\\/?s={search_term_string}\"},\"query-input\":{\"@type\":\"PropertyValueSpecification\",\"valueRequired\":true,\"valueName\":\"search_term_string\"}}],\"inLanguage\":\"en-GB\"},{\"@type\":\"Organization\",\"@id\":\"https:\\\/\\\/www.revistarambla.com\\\/#organization\",\"name\":\"Revista Rambla\",\"url\":\"https:\\\/\\\/www.revistarambla.com\\\/\",\"logo\":{\"@type\":\"ImageObject\",\"inLanguage\":\"en-GB\",\"@id\":\"https:\\\/\\\/www.revistarambla.com\\\/#\\\/schema\\\/logo\\\/image\\\/\",\"url\":\"https:\\\/\\\/www.revistarambla.com\\\/wp-content\\\/uploads\\\/2020\\\/09\\\/banner_rambla_1900x600_BB.png\",\"contentUrl\":\"https:\\\/\\\/www.revistarambla.com\\\/wp-content\\\/uploads\\\/2020\\\/09\\\/banner_rambla_1900x600_BB.png\",\"width\":1900,\"height\":600,\"caption\":\"Revista Rambla\"},\"image\":{\"@id\":\"https:\\\/\\\/www.revistarambla.com\\\/#\\\/schema\\\/logo\\\/image\\\/\"},\"sameAs\":[\"https:\\\/\\\/www.facebook.com\\\/revistarambla\\\/\",\"https:\\\/\\\/x.com\\\/revistarambla\",\"https:\\\/\\\/www.instagram.com\\\/revista_rambla\",\"https:\\\/\\\/es.linkedin.com\\\/company\\\/revista-rambla\"]},{\"@type\":\"Person\",\"@id\":\"https:\\\/\\\/www.revistarambla.com\\\/#\\\/schema\\\/person\\\/2b19179a8ace334b829ad72cc6e6ce97\",\"name\":\"Juan Viera\"}]}<\/script>\n<!-- \/ Yoast SEO plugin. -->","yoast_head_json":{"title":"La reforma del subsidio de desempleo: atropello bestial contra la clase obrera - Revista Rambla","robots":{"index":"index","follow":"follow","max-snippet":"max-snippet:-1","max-image-preview":"max-image-preview:large","max-video-preview":"max-video-preview:-1"},"canonical":"https:\/\/www.revistarambla.com\/en\/la-reforma-del-subsidio-de-desempleo-atropello-bestial-contra-la-clase-obrera\/","og_locale":"en_GB","og_type":"article","og_title":"La reforma del subsidio de desempleo: atropello bestial contra la clase obrera - Revista Rambla","og_description":"La semana pasada se rechaz\u00f3 por el Congreso de los Diputados la reforma del subsidio de desempleo. A continuaci\u00f3n una valoraci\u00f3n de la misma a cargo del Campamento Dignidad. [Foto: Campamento Dignidad \/ El Salto]","og_url":"https:\/\/www.revistarambla.com\/en\/la-reforma-del-subsidio-de-desempleo-atropello-bestial-contra-la-clase-obrera\/","og_site_name":"Revista Rambla","article_publisher":"https:\/\/www.facebook.com\/revistarambla\/","article_published_time":"2024-01-17T19:55:15+00:00","og_image":[{"width":1141,"height":555,"url":"https:\/\/www.revistarambla.com\/wp-content\/uploads\/2024\/01\/CAMPAMENTO-DIGNIDAD.jpg","type":"image\/jpeg"}],"author":"Juan Viera","twitter_card":"summary_large_image","twitter_creator":"@revistarambla","twitter_site":"@revistarambla","twitter_misc":{"Written by":"Juan Viera","Estimated reading time":"7 minutes"},"schema":{"@context":"https:\/\/schema.org","@graph":[{"@type":"Article","@id":"https:\/\/www.revistarambla.com\/la-reforma-del-subsidio-de-desempleo-atropello-bestial-contra-la-clase-obrera\/#article","isPartOf":{"@id":"https:\/\/www.revistarambla.com\/la-reforma-del-subsidio-de-desempleo-atropello-bestial-contra-la-clase-obrera\/"},"author":{"name":"Juan Viera","@id":"https:\/\/www.revistarambla.com\/#\/schema\/person\/2b19179a8ace334b829ad72cc6e6ce97"},"headline":"La reforma del subsidio de desempleo: atropello bestial contra la clase obrera","datePublished":"2024-01-17T19:55:15+00:00","mainEntityOfPage":{"@id":"https:\/\/www.revistarambla.com\/la-reforma-del-subsidio-de-desempleo-atropello-bestial-contra-la-clase-obrera\/"},"wordCount":1534,"publisher":{"@id":"https:\/\/www.revistarambla.com\/#organization"},"image":{"@id":"https:\/\/www.revistarambla.com\/la-reforma-del-subsidio-de-desempleo-atropello-bestial-contra-la-clase-obrera\/#primaryimage"},"thumbnailUrl":"https:\/\/www.revistarambla.com\/wp-content\/uploads\/2024\/01\/CAMPAMENTO-DIGNIDAD.jpg","articleSection":["Estado Espa\u00f1ol","Opiniones"],"inLanguage":"en-GB"},{"@type":"WebPage","@id":"https:\/\/www.revistarambla.com\/la-reforma-del-subsidio-de-desempleo-atropello-bestial-contra-la-clase-obrera\/","url":"https:\/\/www.revistarambla.com\/la-reforma-del-subsidio-de-desempleo-atropello-bestial-contra-la-clase-obrera\/","name":"La reforma del subsidio de desempleo: atropello bestial contra la clase obrera - Revista Rambla","isPartOf":{"@id":"https:\/\/www.revistarambla.com\/#website"},"primaryImageOfPage":{"@id":"https:\/\/www.revistarambla.com\/la-reforma-del-subsidio-de-desempleo-atropello-bestial-contra-la-clase-obrera\/#primaryimage"},"image":{"@id":"https:\/\/www.revistarambla.com\/la-reforma-del-subsidio-de-desempleo-atropello-bestial-contra-la-clase-obrera\/#primaryimage"},"thumbnailUrl":"https:\/\/www.revistarambla.com\/wp-content\/uploads\/2024\/01\/CAMPAMENTO-DIGNIDAD.jpg","datePublished":"2024-01-17T19:55:15+00:00","breadcrumb":{"@id":"https:\/\/www.revistarambla.com\/la-reforma-del-subsidio-de-desempleo-atropello-bestial-contra-la-clase-obrera\/#breadcrumb"},"inLanguage":"en-GB","potentialAction":[{"@type":"ReadAction","target":["https:\/\/www.revistarambla.com\/la-reforma-del-subsidio-de-desempleo-atropello-bestial-contra-la-clase-obrera\/"]}]},{"@type":"ImageObject","inLanguage":"en-GB","@id":"https:\/\/www.revistarambla.com\/la-reforma-del-subsidio-de-desempleo-atropello-bestial-contra-la-clase-obrera\/#primaryimage","url":"https:\/\/www.revistarambla.com\/wp-content\/uploads\/2024\/01\/CAMPAMENTO-DIGNIDAD.jpg","contentUrl":"https:\/\/www.revistarambla.com\/wp-content\/uploads\/2024\/01\/CAMPAMENTO-DIGNIDAD.jpg","width":1141,"height":555},{"@type":"BreadcrumbList","@id":"https:\/\/www.revistarambla.com\/la-reforma-del-subsidio-de-desempleo-atropello-bestial-contra-la-clase-obrera\/#breadcrumb","itemListElement":[{"@type":"ListItem","position":1,"name":"Portada","item":"https:\/\/www.revistarambla.com\/"},{"@type":"ListItem","position":2,"name":"La reforma del subsidio de desempleo: atropello bestial contra la clase obrera"}]},{"@type":"WebSite","@id":"https:\/\/www.revistarambla.com\/#website","url":"https:\/\/www.revistarambla.com\/","name":"Revista Rambla Barcelona","description":"Periodismo independiente","publisher":{"@id":"https:\/\/www.revistarambla.com\/#organization"},"potentialAction":[{"@type":"SearchAction","target":{"@type":"EntryPoint","urlTemplate":"https:\/\/www.revistarambla.com\/?s={search_term_string}"},"query-input":{"@type":"PropertyValueSpecification","valueRequired":true,"valueName":"search_term_string"}}],"inLanguage":"en-GB"},{"@type":"Organization","@id":"https:\/\/www.revistarambla.com\/#organization","name":"Revista Rambla","url":"https:\/\/www.revistarambla.com\/","logo":{"@type":"ImageObject","inLanguage":"en-GB","@id":"https:\/\/www.revistarambla.com\/#\/schema\/logo\/image\/","url":"https:\/\/www.revistarambla.com\/wp-content\/uploads\/2020\/09\/banner_rambla_1900x600_BB.png","contentUrl":"https:\/\/www.revistarambla.com\/wp-content\/uploads\/2020\/09\/banner_rambla_1900x600_BB.png","width":1900,"height":600,"caption":"Revista Rambla"},"image":{"@id":"https:\/\/www.revistarambla.com\/#\/schema\/logo\/image\/"},"sameAs":["https:\/\/www.facebook.com\/revistarambla\/","https:\/\/x.com\/revistarambla","https:\/\/www.instagram.com\/revista_rambla","https:\/\/es.linkedin.com\/company\/revista-rambla"]},{"@type":"Person","@id":"https:\/\/www.revistarambla.com\/#\/schema\/person\/2b19179a8ace334b829ad72cc6e6ce97","name":"Juan Viera"}]}},"_links":{"self":[{"href":"https:\/\/www.revistarambla.com\/en\/wp-json\/wp\/v2\/posts\/58055","targetHints":{"allow":["GET"]}}],"collection":[{"href":"https:\/\/www.revistarambla.com\/en\/wp-json\/wp\/v2\/posts"}],"about":[{"href":"https:\/\/www.revistarambla.com\/en\/wp-json\/wp\/v2\/types\/post"}],"author":[{"embeddable":true,"href":"https:\/\/www.revistarambla.com\/en\/wp-json\/wp\/v2\/users\/15"}],"replies":[{"embeddable":true,"href":"https:\/\/www.revistarambla.com\/en\/wp-json\/wp\/v2\/comments?post=58055"}],"version-history":[{"count":2,"href":"https:\/\/www.revistarambla.com\/en\/wp-json\/wp\/v2\/posts\/58055\/revisions"}],"predecessor-version":[{"id":58059,"href":"https:\/\/www.revistarambla.com\/en\/wp-json\/wp\/v2\/posts\/58055\/revisions\/58059"}],"wp:featuredmedia":[{"embeddable":true,"href":"https:\/\/www.revistarambla.com\/en\/wp-json\/wp\/v2\/media\/58058"}],"wp:attachment":[{"href":"https:\/\/www.revistarambla.com\/en\/wp-json\/wp\/v2\/media?parent=58055"}],"wp:term":[{"taxonomy":"category","embeddable":true,"href":"https:\/\/www.revistarambla.com\/en\/wp-json\/wp\/v2\/categories?post=58055"},{"taxonomy":"post_tag","embeddable":true,"href":"https:\/\/www.revistarambla.com\/en\/wp-json\/wp\/v2\/tags?post=58055"}],"curies":[{"name":"wp","href":"https:\/\/api.w.org\/{rel}","templated":true}]}}