{"id":57846,"date":"2024-01-02T20:30:14","date_gmt":"2024-01-02T19:30:14","guid":{"rendered":"https:\/\/www.revistarambla.com\/?p=57846"},"modified":"2024-01-02T20:30:14","modified_gmt":"2024-01-02T19:30:14","slug":"colita-la-fotografa-irreverente-de-barcelona","status":"publish","type":"post","link":"https:\/\/www.revistarambla.com\/en\/colita-la-fotografa-irreverente-de-barcelona\/","title":{"rendered":"Colita, la fot\u00f3grafa irreverente de Barcelona"},"content":{"rendered":"<p>El pantal\u00f3n de pana, la melenita, la cita culta. El whisky, el dry martini, la ginebra inglesa. El tabaco negro, el \u00e1cido, alg\u00fan canuto.<!--more--> Eran\u00a0los c\u00f3digos est\u00e9ticos de una nueva generaci\u00f3n que irrump\u00eda, la militancia\u00a0snob\u00a0de aquellos\u00a0ni\u00f1os de pap\u00e1\u00a0que asaltaron el alma fabril de\u00a0Barcelona\u00a0en los \u00faltimos compases de la d\u00e9cada de los sesenta para darle unas friegas de libertad a un pa\u00eds que sufr\u00eda la grave congesti\u00f3n del\u00a0franquismo.<\/p>\n<p>Hicieron de un local, el\u00a0Bocaccio, el lugar definitivo para sus conspiraciones. All\u00ed terminaron de confeccionar la sastrer\u00eda espiritual de lo que\u00a0Joan de Segarra\u00a0denomin\u00f3 la\u00a0gauche divine, una extra\u00f1a\u00a0mezcla de grupo intelectual y camarilla de pijos\u00a0que le pusieron a las Ramblas una fogata incorrecta. Algo as\u00ed como una generaci\u00f3n creadora que practic\u00f3 un sano\u00a0ejercicio de frivolidad\u00a0(cuando esta a\u00fan era revolucionaria).<\/p>\n<p>En medio de esa fiesta con algo de excentricidad sociol\u00f3gica estaba Colita, con la c\u00e1mara colgada al hombro, retratando aquel momento en el que conviv\u00edan Terenci Moix y Eugenio Tr\u00edas, Ricardo Bofill con Rosa Reg\u00e0s, Oriol Maspons y \u00d3scar Tusquets, Beatriz de Moura y Jorge Herralde, Jaime Gil de Biedma y Ana Mar\u00eda Matute, entre otros. Con ellos, un pu\u00f1ado de colaterales que se acercaban, entraban y sal\u00edan: Serrat, Vargas Llosa, Garc\u00eda M\u00e1rquez&#8230;<\/p>\n<p>Ella fue el ojo de aquella generaci\u00f3n, la captadora de instantes, la acumuladora de im\u00e1genes. Se la ha fijado ah\u00ed, entre las bambalinas de la\u00a0intelligentsia\u00a0barcelonesa, pero sus fotograf\u00edas se desplegaron por otros potentes e interesantes caminos \u2013se adentr\u00f3, por ejemplo, en\u00a0las chabolas del Somorrostro, dio cuenta de los hechos m\u00e1s relevantes de la Transici\u00f3n espa\u00f1ola y document\u00f3\u00a0la vida flamenca, entonces sin prestigio cultural alguno\u2013 hasta su fallecimiento, a causa de una peritonitis, el\u00a031 de diciembre de 2023.<\/p>\n<p>Este inesperado adi\u00f3s es, sin duda,\u00a0la \u00faltima travesura\u00a0de quien supo retratar aquello que menos merec\u00eda morir de todo lo que muere. Porque ella se pas\u00f3 la vida observando el mundo desde un visor para apresarlo y dar testimonio. \u201cSaber hacer fotos es saber mirar\u201d, dijo alguna vez, con inhabitual solemnidad, Colita (conocida como Isabel Steva Hern\u00e1ndez en el registro civil), quien\u00a0torci\u00f3 de ni\u00f1a la voluntad del padre, destinada como estaba a ocuparse del despacho de una farmacia.<\/p>\n<p>\u201cPero, casi sin querer, \u00e9l me meti\u00f3 por la fotograf\u00eda. Como era ingeniero industrial, en vez de mu\u00f1ecas, me regalaba aparatos: una m\u00e1quina de escribir, un juego de compases,\u00a0una c\u00e1mara\u201d, recordar\u00eda en la inauguraci\u00f3n de la retrospectiva\u00a0Colita, \u00a1porque s\u00ed!\u00a0celebrada en La Pedrera en 2014, el mismo a\u00f1o en el que\u00a0rechaz\u00f3 el Premio Nacional de Fotograf\u00eda\u00a0como protesta por la pol\u00edtica cultural del gobierno de Rajoy.<\/p>\n<p>En sus inicios, se empap\u00f3 del oficio con\u00a0Oriol Maspons,\u00a0Francesc Catal\u00e1-Roca\u00a0y\u00a0Xavier Miserachs, con quien lleg\u00f3 a colaborar en su estudio como laboratorista y estilista. A su modo, ella \u2013que naci\u00f3 en 1940 en el coraz\u00f3n de\u00a0L\u2019Eixample, se form\u00f3 en Letras en Barcelona y estudi\u00f3 un a\u00f1o Civilizaci\u00f3n y Cultura Francesa en La Sorbona, en\u00a0Par\u00eds\u2013 se convirti\u00f3 en\u00a0puente\u00a0entre los grandes fot\u00f3grafos de los cincuenta y los j\u00f3venes que se abr\u00edan paso en el\u00a0fotoperiodismo\u00a0durante la d\u00e9cada de los setenta.<\/p>\n<p>Colita\u00a0siempre ejerci\u00f3 como\u00a0freelance, lejos de contratos que la encadenaran a cualquier redacci\u00f3n, si bien col\u00f3 sus im\u00e1genes en las m\u00e1s relevantes publicaciones de aquellos a\u00f1os:\u00a0Mundo Diario,\u00a0Tele\/eXpr\u00e9s,\u00a0Triunfo\u00a0y\u00a0Destino, entre otras. Retrat\u00f3 gentes y calles con un esp\u00edritu indefinible de boicot, reflejando el desag\u00fce cierto de otra Espa\u00f1a, aquella que a\u00fan manten\u00eda modales de prisi\u00f3n. Ah\u00ed est\u00e1, por ejemplo, su revelador trabajo sobre\u00a0la vida en el interior de los manicomios\u00a0para\u00a0Intervi\u00fa.<\/p>\n<p>Consta tambi\u00e9n que\u00a0particip\u00f3 en numerosas pel\u00edculas\u00a0de la\u00a0Escuela de Barcelona, dirigidas por cineastas como Vicente Aranda, Carlos Dur\u00e1n y Gonzalo Su\u00e1rez, que intentaban realizar\u00a0un cine de corte europeo y progresista. Adem\u00e1s, a partir de 1967, colabor\u00f3 estrechamente con la discogr\u00e1fica Edigsa, impulsora de la\u00a0Nova Can\u00e7o, ocup\u00e1ndose de las campa\u00f1as de promoci\u00f3n, as\u00ed como de\u00a0los carteles y las portadas\u00a0de \u00e1lbumes de Serrat, Raimon,\u00a0\u00a0Guillermina Motta, Ovidi Montllor y N\u00faria Feliu.<\/p>\n<p>Al margen de estos trabajos, otro de sus intereses estuvo en reflejar\u00a0la huella de los gitanos en Barcelona, sus hogueras de arrabal avivadas con palmas que alumbraban los\u00a0pata\u00edtas\u00a0de La Chunga y el tsunami de\u00a0Carmen Amaya, con quien trab\u00f3 una sincera amistad que le permiti\u00f3 retratarla en su casa de Begur y en la que ser\u00eda su \u00faltima actuaci\u00f3n, el 24 de agosto de 1963, en un festival ben\u00e9fico para iluminar el\u00a0castillo de la localidad gerundense\u00a0donde la bailaora fij\u00f3 su residencia.<\/p>\n<p>Su itinerario flamenco tuvo otra importante parada en las instant\u00e1neas que realiz\u00f3 para ilustrar el ensayo de\u00a0Jos\u00e9 Manuel Caballero Bonald\u00a0Luces y sombras del flamenco\u00a0(Lumen, 1975), que se convirti\u00f3 al poco en paso obligado para acercarse a lo\u00a0jondo. A bordo de un seiscientos, visit\u00f3\u00a0Lebrija, Utrera, Jerez\u00a0y\u00a0Triana\u00a0en busca de las figuras, a las que retrat\u00f3 en sus espacios \u00edntimos, a mitad de camino entre el periodismo y la antropolog\u00eda.<\/p>\n<p>De igual modo, Colita public\u00f3 en 1977\u00a0un alegato contra el canon represivo de la mujer prescrito por la Secci\u00f3n Femenina\u00a0titulado\u00a0Antif\u00e9mina, en colaboraci\u00f3n con la escritora Maria Aur\u00e8lia Capmany. Recuperado en fechas recientes por el Ayuntamiento de Barcelona y la editorial\u00a0Terranova, el volumen funciona a modo de ensayo visual y pol\u00edtico hasta el punto de ser considerado uno de los t\u00edtulos pioneros de\u00a0la lucha feminista\u00a0en Espa\u00f1a.<\/p>\n<p>Desde finales de los setenta, Colita empez\u00f3 a lanzar los rayos X de sus ojos sobre aquella realidad agitada, gris y \u00e1spera.\u00a0Su trabajo ven\u00eda sin ret\u00f3rica, tocado por una intuici\u00f3n sobrecogedora, por esa pureza herida. Descifraba aquella Barcelona con\u00a0saba\u00f1ones y noches de cupl\u00e9\u00a0desde el gran ventanal de la sencillez. \u201cOdi\u00e1bamos lo acad\u00e9mico. El \u00fanico academicismo que me interesa es el de\u00a0las pinturas rupestres\u201d, declar\u00f3 la fot\u00f3grafa a modo de principio creativo.<\/p>\n<p>En consecuencia,\u00a0no ofrec\u00eda teor\u00edas. Es como si se hubiera desprendido de cualquier voluntad did\u00e1ctica. Encontr\u00f3 lo suyo y basta. Posiblemente,\u00a0esa insobornable posici\u00f3n le apart\u00f3 de muchas de las antolog\u00edas\u00a0que en la d\u00e9cada de los ochenta y noventa revisaron el panorama espa\u00f1ol en la segunda mitad del siglo XX. Su nombre, por ejemplo, no figur\u00f3 en la exposici\u00f3n\u00a0Cuatro Direcciones\u00a0(1991), con la que la fotograf\u00eda espa\u00f1ola entr\u00f3 al fin en el\u00a0Museo Reina Sof\u00eda, el\u00a0sancta sanctorum\u00a0de la modernidad ib\u00e9rica.<\/p>\n<p>Ir\u00f3nica, guasona, de trato f\u00e1cil y sin pelos en la lengua, Colita estuvo atenta al instante \u00fanico que da se\u00f1a y hora de un tiempo concreto. As\u00ed lo hizo en\u00a0la magistral imagen de Garc\u00eda M\u00e1rquez\u00a0con un ejemplar de\u00a0Cien a\u00f1os de soledad\u00a0abierto sobre su cabeza. O en aquella otra de\u00a0Oca\u00f1a y Camilo\u00a0apenas cubiertos por un mant\u00f3n de Manila o la del editor Jorge\u00a0Herralde en su despacho, flanqueado por Coral Maj\u00f3 y Anna Bohigas, sus secretarias, ense\u00f1ando las bragas.<\/p>\n<p>En los \u00faltimos a\u00f1os le llegaron los reconocimientos en aluvi\u00f3n. En 1998 el Ayuntamiento de Barcelona le impuso la\u00a0Medalla al M\u00e9rito Art\u00edstico, junto a los fot\u00f3grafos Oriol Maspons y Leopoldo Pom\u00e8s, y en 2004 recibi\u00f3 la\u00a0Creu de Sant Jordi, otorgada por la Generalitat de Catalunya. En 2021 acept\u00f3 por parte del Ministerio de Cultura la\u00a0Medalla de Oro al M\u00e9rito en las Bellas Artes. Hace escasas semanas, recibi\u00f3 el premio Oficio de Periodista, en reconocimiento a su \u201cindiscutible contribuci\u00f3n a la cultura y el arte\u201d.<\/p>\n<p>Ejerci\u00f3 al final de\u00a0fot\u00f3grafa irreverente, aut\u00e9ntica, alicatada de saberes. Generosa hasta el extremo. Su modernidad ya no respond\u00eda a la modernidad que le rodeaba. Pero a\u00fan tiraba, superados los ochenta a\u00f1os, de\u00a0una lengua r\u00e1pida y un alma de s\u00e1bado noche. A Barcelona le queda ahora, tras su desaparici\u00f3n, un espejo bravo en su obra. Sin concesiones. Es una posibilidad encuentro con una manera de entender un tiempo,\u00a0una ciudad, una sociedad de no hace tanto.<\/p>\n<p><em>*Fuente: Letra Global \/ Cr\u00f3nica Global<\/em><\/p>","protected":false},"excerpt":{"rendered":"<p>El fallecimiento de Isabel Steva, irreverente y aut\u00e9ntica, cierra de forma abrupta la trayectoria de una artista singular y excesiva, testigo irremplazable de la Espa\u00f1a de los setenta y los ochenta <\/p>","protected":false},"author":15,"featured_media":57847,"comment_status":"closed","ping_status":"closed","sticky":false,"template":"","format":"standard","meta":{"footnotes":""},"categories":[76,4],"tags":[],"class_list":["post-57846","post","type-post","status-publish","format-standard","has-post-thumbnail","hentry","category-barcelona","category-cultura"],"yoast_head":"<!-- This site is optimized with the Yoast SEO plugin v27.5 - https:\/\/yoast.com\/product\/yoast-seo-wordpress\/ -->\n<title>Colita, la fot\u00f3grafa irreverente de Barcelona - Revista Rambla<\/title>\n<meta name=\"robots\" content=\"index, follow, max-snippet:-1, max-image-preview:large, max-video-preview:-1\" \/>\n<link rel=\"canonical\" href=\"https:\/\/www.revistarambla.com\/en\/colita-la-fotografa-irreverente-de-barcelona\/\" \/>\n<meta property=\"og:locale\" content=\"en_GB\" \/>\n<meta property=\"og:type\" content=\"article\" \/>\n<meta property=\"og:title\" content=\"Colita, la fot\u00f3grafa irreverente de Barcelona - Revista Rambla\" \/>\n<meta property=\"og:description\" content=\"El fallecimiento de Isabel Steva, irreverente y aut\u00e9ntica, cierra de forma abrupta la trayectoria de una artista singular y excesiva, testigo irremplazable de la Espa\u00f1a de los setenta y los ochenta\" \/>\n<meta property=\"og:url\" content=\"https:\/\/www.revistarambla.com\/en\/colita-la-fotografa-irreverente-de-barcelona\/\" \/>\n<meta property=\"og:site_name\" content=\"Revista Rambla\" \/>\n<meta property=\"article:publisher\" content=\"https:\/\/www.facebook.com\/revistarambla\/\" \/>\n<meta property=\"article:published_time\" content=\"2024-01-02T19:30:14+00:00\" \/>\n<meta property=\"og:image\" content=\"https:\/\/www.revistarambla.com\/wp-content\/uploads\/2024\/01\/colita.webp\" \/>\n\t<meta property=\"og:image:width\" content=\"1418\" \/>\n\t<meta property=\"og:image:height\" content=\"797\" \/>\n\t<meta property=\"og:image:type\" content=\"image\/webp\" \/>\n<meta name=\"author\" content=\"Jos\u00e9 Mar\u00eda Rond\u00f3n\" \/>\n<meta name=\"twitter:card\" content=\"summary_large_image\" \/>\n<meta name=\"twitter:creator\" content=\"@revistarambla\" \/>\n<meta name=\"twitter:site\" content=\"@revistarambla\" \/>\n<meta name=\"twitter:label1\" content=\"Written by\" \/>\n\t<meta name=\"twitter:data1\" content=\"Jos\u00e9 Mar\u00eda Rond\u00f3n\" \/>\n\t<meta name=\"twitter:label2\" content=\"Estimated reading time\" \/>\n\t<meta name=\"twitter:data2\" content=\"7 minutes\" \/>\n<script type=\"application\/ld+json\" class=\"yoast-schema-graph\">{\"@context\":\"https:\\\/\\\/schema.org\",\"@graph\":[{\"@type\":\"Article\",\"@id\":\"https:\\\/\\\/www.revistarambla.com\\\/colita-la-fotografa-irreverente-de-barcelona\\\/#article\",\"isPartOf\":{\"@id\":\"https:\\\/\\\/www.revistarambla.com\\\/colita-la-fotografa-irreverente-de-barcelona\\\/\"},\"author\":{\"name\":\"Jos\u00e9 Mar\u00eda Rond\u00f3n\",\"@id\":\"https:\\\/\\\/www.revistarambla.com\\\/#\\\/schema\\\/person\\\/2b19179a8ace334b829ad72cc6e6ce97\"},\"headline\":\"Colita, la fot\u00f3grafa irreverente de Barcelona\",\"datePublished\":\"2024-01-02T19:30:14+00:00\",\"mainEntityOfPage\":{\"@id\":\"https:\\\/\\\/www.revistarambla.com\\\/colita-la-fotografa-irreverente-de-barcelona\\\/\"},\"wordCount\":1456,\"publisher\":{\"@id\":\"https:\\\/\\\/www.revistarambla.com\\\/#organization\"},\"image\":{\"@id\":\"https:\\\/\\\/www.revistarambla.com\\\/colita-la-fotografa-irreverente-de-barcelona\\\/#primaryimage\"},\"thumbnailUrl\":\"https:\\\/\\\/www.revistarambla.com\\\/wp-content\\\/uploads\\\/2024\\\/01\\\/colita.webp\",\"articleSection\":[\"Barcelona\",\"Cultura\"],\"inLanguage\":\"en-GB\"},{\"@type\":\"WebPage\",\"@id\":\"https:\\\/\\\/www.revistarambla.com\\\/colita-la-fotografa-irreverente-de-barcelona\\\/\",\"url\":\"https:\\\/\\\/www.revistarambla.com\\\/colita-la-fotografa-irreverente-de-barcelona\\\/\",\"name\":\"Colita, la fot\u00f3grafa irreverente de Barcelona - Revista Rambla\",\"isPartOf\":{\"@id\":\"https:\\\/\\\/www.revistarambla.com\\\/#website\"},\"primaryImageOfPage\":{\"@id\":\"https:\\\/\\\/www.revistarambla.com\\\/colita-la-fotografa-irreverente-de-barcelona\\\/#primaryimage\"},\"image\":{\"@id\":\"https:\\\/\\\/www.revistarambla.com\\\/colita-la-fotografa-irreverente-de-barcelona\\\/#primaryimage\"},\"thumbnailUrl\":\"https:\\\/\\\/www.revistarambla.com\\\/wp-content\\\/uploads\\\/2024\\\/01\\\/colita.webp\",\"datePublished\":\"2024-01-02T19:30:14+00:00\",\"breadcrumb\":{\"@id\":\"https:\\\/\\\/www.revistarambla.com\\\/colita-la-fotografa-irreverente-de-barcelona\\\/#breadcrumb\"},\"inLanguage\":\"en-GB\",\"potentialAction\":[{\"@type\":\"ReadAction\",\"target\":[\"https:\\\/\\\/www.revistarambla.com\\\/colita-la-fotografa-irreverente-de-barcelona\\\/\"]}]},{\"@type\":\"ImageObject\",\"inLanguage\":\"en-GB\",\"@id\":\"https:\\\/\\\/www.revistarambla.com\\\/colita-la-fotografa-irreverente-de-barcelona\\\/#primaryimage\",\"url\":\"https:\\\/\\\/www.revistarambla.com\\\/wp-content\\\/uploads\\\/2024\\\/01\\\/colita.webp\",\"contentUrl\":\"https:\\\/\\\/www.revistarambla.com\\\/wp-content\\\/uploads\\\/2024\\\/01\\\/colita.webp\",\"width\":1418,\"height\":797},{\"@type\":\"BreadcrumbList\",\"@id\":\"https:\\\/\\\/www.revistarambla.com\\\/colita-la-fotografa-irreverente-de-barcelona\\\/#breadcrumb\",\"itemListElement\":[{\"@type\":\"ListItem\",\"position\":1,\"name\":\"Portada\",\"item\":\"https:\\\/\\\/www.revistarambla.com\\\/\"},{\"@type\":\"ListItem\",\"position\":2,\"name\":\"Colita, la fot\u00f3grafa irreverente de Barcelona\"}]},{\"@type\":\"WebSite\",\"@id\":\"https:\\\/\\\/www.revistarambla.com\\\/#website\",\"url\":\"https:\\\/\\\/www.revistarambla.com\\\/\",\"name\":\"Revista Rambla Barcelona\",\"description\":\"Periodismo independiente\",\"publisher\":{\"@id\":\"https:\\\/\\\/www.revistarambla.com\\\/#organization\"},\"potentialAction\":[{\"@type\":\"SearchAction\",\"target\":{\"@type\":\"EntryPoint\",\"urlTemplate\":\"https:\\\/\\\/www.revistarambla.com\\\/?s={search_term_string}\"},\"query-input\":{\"@type\":\"PropertyValueSpecification\",\"valueRequired\":true,\"valueName\":\"search_term_string\"}}],\"inLanguage\":\"en-GB\"},{\"@type\":\"Organization\",\"@id\":\"https:\\\/\\\/www.revistarambla.com\\\/#organization\",\"name\":\"Revista Rambla\",\"url\":\"https:\\\/\\\/www.revistarambla.com\\\/\",\"logo\":{\"@type\":\"ImageObject\",\"inLanguage\":\"en-GB\",\"@id\":\"https:\\\/\\\/www.revistarambla.com\\\/#\\\/schema\\\/logo\\\/image\\\/\",\"url\":\"https:\\\/\\\/www.revistarambla.com\\\/wp-content\\\/uploads\\\/2020\\\/09\\\/banner_rambla_1900x600_BB.png\",\"contentUrl\":\"https:\\\/\\\/www.revistarambla.com\\\/wp-content\\\/uploads\\\/2020\\\/09\\\/banner_rambla_1900x600_BB.png\",\"width\":1900,\"height\":600,\"caption\":\"Revista Rambla\"},\"image\":{\"@id\":\"https:\\\/\\\/www.revistarambla.com\\\/#\\\/schema\\\/logo\\\/image\\\/\"},\"sameAs\":[\"https:\\\/\\\/www.facebook.com\\\/revistarambla\\\/\",\"https:\\\/\\\/x.com\\\/revistarambla\",\"https:\\\/\\\/www.instagram.com\\\/revista_rambla\",\"https:\\\/\\\/es.linkedin.com\\\/company\\\/revista-rambla\"]},{\"@type\":\"Person\",\"@id\":\"https:\\\/\\\/www.revistarambla.com\\\/#\\\/schema\\\/person\\\/2b19179a8ace334b829ad72cc6e6ce97\",\"name\":\"Jos\u00e9 Mar\u00eda Rond\u00f3n\"}]}<\/script>\n<!-- \/ Yoast SEO plugin. -->","yoast_head_json":{"title":"Colita, la fot\u00f3grafa irreverente de Barcelona - Revista Rambla","robots":{"index":"index","follow":"follow","max-snippet":"max-snippet:-1","max-image-preview":"max-image-preview:large","max-video-preview":"max-video-preview:-1"},"canonical":"https:\/\/www.revistarambla.com\/en\/colita-la-fotografa-irreverente-de-barcelona\/","og_locale":"en_GB","og_type":"article","og_title":"Colita, la fot\u00f3grafa irreverente de Barcelona - Revista Rambla","og_description":"El fallecimiento de Isabel Steva, irreverente y aut\u00e9ntica, cierra de forma abrupta la trayectoria de una artista singular y excesiva, testigo irremplazable de la Espa\u00f1a de los setenta y los ochenta","og_url":"https:\/\/www.revistarambla.com\/en\/colita-la-fotografa-irreverente-de-barcelona\/","og_site_name":"Revista Rambla","article_publisher":"https:\/\/www.facebook.com\/revistarambla\/","article_published_time":"2024-01-02T19:30:14+00:00","og_image":[{"width":1418,"height":797,"url":"https:\/\/www.revistarambla.com\/wp-content\/uploads\/2024\/01\/colita.webp","type":"image\/webp"}],"author":"Jos\u00e9 Mar\u00eda Rond\u00f3n","twitter_card":"summary_large_image","twitter_creator":"@revistarambla","twitter_site":"@revistarambla","twitter_misc":{"Written by":"Jos\u00e9 Mar\u00eda Rond\u00f3n","Estimated reading time":"7 minutes"},"schema":{"@context":"https:\/\/schema.org","@graph":[{"@type":"Article","@id":"https:\/\/www.revistarambla.com\/colita-la-fotografa-irreverente-de-barcelona\/#article","isPartOf":{"@id":"https:\/\/www.revistarambla.com\/colita-la-fotografa-irreverente-de-barcelona\/"},"author":{"name":"Jos\u00e9 Mar\u00eda Rond\u00f3n","@id":"https:\/\/www.revistarambla.com\/#\/schema\/person\/2b19179a8ace334b829ad72cc6e6ce97"},"headline":"Colita, la fot\u00f3grafa irreverente de Barcelona","datePublished":"2024-01-02T19:30:14+00:00","mainEntityOfPage":{"@id":"https:\/\/www.revistarambla.com\/colita-la-fotografa-irreverente-de-barcelona\/"},"wordCount":1456,"publisher":{"@id":"https:\/\/www.revistarambla.com\/#organization"},"image":{"@id":"https:\/\/www.revistarambla.com\/colita-la-fotografa-irreverente-de-barcelona\/#primaryimage"},"thumbnailUrl":"https:\/\/www.revistarambla.com\/wp-content\/uploads\/2024\/01\/colita.webp","articleSection":["Barcelona","Cultura"],"inLanguage":"en-GB"},{"@type":"WebPage","@id":"https:\/\/www.revistarambla.com\/colita-la-fotografa-irreverente-de-barcelona\/","url":"https:\/\/www.revistarambla.com\/colita-la-fotografa-irreverente-de-barcelona\/","name":"Colita, la fot\u00f3grafa irreverente de Barcelona - Revista Rambla","isPartOf":{"@id":"https:\/\/www.revistarambla.com\/#website"},"primaryImageOfPage":{"@id":"https:\/\/www.revistarambla.com\/colita-la-fotografa-irreverente-de-barcelona\/#primaryimage"},"image":{"@id":"https:\/\/www.revistarambla.com\/colita-la-fotografa-irreverente-de-barcelona\/#primaryimage"},"thumbnailUrl":"https:\/\/www.revistarambla.com\/wp-content\/uploads\/2024\/01\/colita.webp","datePublished":"2024-01-02T19:30:14+00:00","breadcrumb":{"@id":"https:\/\/www.revistarambla.com\/colita-la-fotografa-irreverente-de-barcelona\/#breadcrumb"},"inLanguage":"en-GB","potentialAction":[{"@type":"ReadAction","target":["https:\/\/www.revistarambla.com\/colita-la-fotografa-irreverente-de-barcelona\/"]}]},{"@type":"ImageObject","inLanguage":"en-GB","@id":"https:\/\/www.revistarambla.com\/colita-la-fotografa-irreverente-de-barcelona\/#primaryimage","url":"https:\/\/www.revistarambla.com\/wp-content\/uploads\/2024\/01\/colita.webp","contentUrl":"https:\/\/www.revistarambla.com\/wp-content\/uploads\/2024\/01\/colita.webp","width":1418,"height":797},{"@type":"BreadcrumbList","@id":"https:\/\/www.revistarambla.com\/colita-la-fotografa-irreverente-de-barcelona\/#breadcrumb","itemListElement":[{"@type":"ListItem","position":1,"name":"Portada","item":"https:\/\/www.revistarambla.com\/"},{"@type":"ListItem","position":2,"name":"Colita, la fot\u00f3grafa irreverente de Barcelona"}]},{"@type":"WebSite","@id":"https:\/\/www.revistarambla.com\/#website","url":"https:\/\/www.revistarambla.com\/","name":"Revista Rambla Barcelona","description":"Periodismo independiente","publisher":{"@id":"https:\/\/www.revistarambla.com\/#organization"},"potentialAction":[{"@type":"SearchAction","target":{"@type":"EntryPoint","urlTemplate":"https:\/\/www.revistarambla.com\/?s={search_term_string}"},"query-input":{"@type":"PropertyValueSpecification","valueRequired":true,"valueName":"search_term_string"}}],"inLanguage":"en-GB"},{"@type":"Organization","@id":"https:\/\/www.revistarambla.com\/#organization","name":"Revista Rambla","url":"https:\/\/www.revistarambla.com\/","logo":{"@type":"ImageObject","inLanguage":"en-GB","@id":"https:\/\/www.revistarambla.com\/#\/schema\/logo\/image\/","url":"https:\/\/www.revistarambla.com\/wp-content\/uploads\/2020\/09\/banner_rambla_1900x600_BB.png","contentUrl":"https:\/\/www.revistarambla.com\/wp-content\/uploads\/2020\/09\/banner_rambla_1900x600_BB.png","width":1900,"height":600,"caption":"Revista Rambla"},"image":{"@id":"https:\/\/www.revistarambla.com\/#\/schema\/logo\/image\/"},"sameAs":["https:\/\/www.facebook.com\/revistarambla\/","https:\/\/x.com\/revistarambla","https:\/\/www.instagram.com\/revista_rambla","https:\/\/es.linkedin.com\/company\/revista-rambla"]},{"@type":"Person","@id":"https:\/\/www.revistarambla.com\/#\/schema\/person\/2b19179a8ace334b829ad72cc6e6ce97","name":"Jos\u00e9 Mar\u00eda Rond\u00f3n"}]}},"_links":{"self":[{"href":"https:\/\/www.revistarambla.com\/en\/wp-json\/wp\/v2\/posts\/57846","targetHints":{"allow":["GET"]}}],"collection":[{"href":"https:\/\/www.revistarambla.com\/en\/wp-json\/wp\/v2\/posts"}],"about":[{"href":"https:\/\/www.revistarambla.com\/en\/wp-json\/wp\/v2\/types\/post"}],"author":[{"embeddable":true,"href":"https:\/\/www.revistarambla.com\/en\/wp-json\/wp\/v2\/users\/15"}],"replies":[{"embeddable":true,"href":"https:\/\/www.revistarambla.com\/en\/wp-json\/wp\/v2\/comments?post=57846"}],"version-history":[{"count":2,"href":"https:\/\/www.revistarambla.com\/en\/wp-json\/wp\/v2\/posts\/57846\/revisions"}],"predecessor-version":[{"id":57850,"href":"https:\/\/www.revistarambla.com\/en\/wp-json\/wp\/v2\/posts\/57846\/revisions\/57850"}],"wp:featuredmedia":[{"embeddable":true,"href":"https:\/\/www.revistarambla.com\/en\/wp-json\/wp\/v2\/media\/57847"}],"wp:attachment":[{"href":"https:\/\/www.revistarambla.com\/en\/wp-json\/wp\/v2\/media?parent=57846"}],"wp:term":[{"taxonomy":"category","embeddable":true,"href":"https:\/\/www.revistarambla.com\/en\/wp-json\/wp\/v2\/categories?post=57846"},{"taxonomy":"post_tag","embeddable":true,"href":"https:\/\/www.revistarambla.com\/en\/wp-json\/wp\/v2\/tags?post=57846"}],"curies":[{"name":"wp","href":"https:\/\/api.w.org\/{rel}","templated":true}]}}