{"id":57606,"date":"2023-12-11T19:54:50","date_gmt":"2023-12-11T18:54:50","guid":{"rendered":"https:\/\/www.revistarambla.com\/?p=57606"},"modified":"2023-12-11T19:54:50","modified_gmt":"2023-12-11T18:54:50","slug":"sanchez-equilibrismo-de-alto-riesgo","status":"publish","type":"post","link":"https:\/\/www.revistarambla.com\/en\/sanchez-equilibrismo-de-alto-riesgo\/","title":{"rendered":"S\u00e1nchez: equilibrismo de alto riesgo"},"content":{"rendered":"<p>La amenaza PP-VOX ha permitido a S\u00e1nchez unir al resto de fuerzas para repetir como <a href=\"https:\/\/www.revistarambla.com\/en\/la-derecha-espanola-sigue-en-la-calle-tras-la-investidura-de-sanchez-que-hay-detras-de-sus-consignas\/\">presidente del Gobierno<\/a>. Es un gobierno m\u00e1s d\u00e9bil e inestable que, para no caer, necesitar\u00e1 permanentes y complicados acuerdos parlamentarios y las muletas sociales de CCOO-UGT.<\/p>\n<p>Es un gobierno de continuidad, al punto de mantener a los ministros m\u00e1s cuestionados como Marlaska (asesinatos en Melilla de inmigrantes, premios a polic\u00eda y guardia civil por la represi\u00f3n de 2017&#8230;), Robles (Pegasus, atentados de BCN y Cambrils con CNI&#8230;), para apaciguar a los sectores de polic\u00eda y FFAA y la derecha. Cabe destacar tambi\u00e9n la preparaci\u00f3n del salto de Escriv\u00e1 (pensiones de empresa, invento del IPC medio para recortar pensiones&#8230;) a vicepresidencia de Econom\u00eda, si se cumplen las expectativas de que Nadia Calvi\u00f1o pase a presidenta del Banco Europeo de Inversiones. Y concentraci\u00f3n de poderes y ascenso de Bola\u00f1os en la supercartera de presidencia, relaci\u00f3n con Les Corts y justicia para abordar la ley de amnist\u00eda.<\/p>\n<h2>El vergonzoso pacto PSOE-Sumar al servicio de los empresarios<\/h2>\n<p>Las 5 sillas ministeriales que consigue Yolanda D\u00edaz (con 6 diputados menos, consigue las mismas que Podemos en 2020), garantizando el visto bueno del PCE al nuevo gobierno, son a la medida de los empresarios \u2013con quienes se negociar\u00e1n todas las \u201cpromesas\u201d laborales- y nada de profundidad para los trabajadores y clases populares. Nada respecto al presupuesto militar, ni la OTAN&#8230; Nada del S\u00e1hara. Y nada efectivo en defensa de Palestina, ya que no exige la ruptura de relaciones y en plena masacre propone c\u00ednicamente propone \u201cfavorecer las v\u00edas diplom\u00e1ticas que permitan avanzar hacia la paz en Oriente Medio y entre Israel y Palestina\u201d, reconociendo el estado palestino, mientras Netanyahu barre Gaza y los colonos se comen Cisjordania. Eso s\u00ed, todo bajo el amparo de resoluciones de la ONU e impulsando a la UE.<\/p>\n<p>Y en pol\u00edtica interna, \u201cDi\u00e1logo social\u201d con CEOE y CCOO-UGT para imponer la paz social que deber\u00e1 acordar sobre: 1. Reducci\u00f3n de la jornada laboral sin reducir salarios \u2013lo que Calvi\u00f1o ya ha dicho no es prioritario hasta que se consiga \u201cla plena ocupaci\u00f3n\u201d!!!-; 2. para que los sueldos suban \u201cteniendo en cuenta la evoluci\u00f3n de la productividad y de los resultados de las empresas\u201d, que es el discurso de los empresarios, 3. Para ampliar los permisos de paternidad y maternidad a 20 semanas, 4. Para estudiar los despidos y 5. Para subir el SMI. Nada de control de precios, ni de detener desahucios, pero s\u00ed beneficencia por mantener con dinero p\u00fablico las ganancias de las empresas: Ingreso M\u00ednimo Vital y mantenimiento de los bonos para pagar a las el\u00e9ctricas (pobreza energ\u00e9tica), bonos para transporte, j\u00f3venes, cr\u00e9ditos para que compren un piso&#8230; Nada de reversi\u00f3n de privatizaciones en sanidad, y en educaci\u00f3n, \u00a1\u00a1revisar m\u00f3dulos de la concertada para garantizar la no segregaci\u00f3n!!\u2026 Nada de regulaci\u00f3n de inmigrantes a pesar de las 500.000 firmas, y menos mencionar la ley de extranjer\u00eda, ni los CIEs: eso s\u00ed, impulsar\u00e1n una \u00abLey contra el Racismo y trabajaremos en favor de un nuevo Pacto de Migraci\u00f3n y Asilo a nivel europeo\u00bb. Tampoco nada de la ley mordaza. \u00a1Ah! \u00a1\u00a1\u00a1Y har\u00e1n cumplir la Constituci\u00f3n para la renovaci\u00f3n del poder judicial!!!! Quiz\u00e1 por eso tampoco hay una l\u00ednea defendiendo el supuesto referendo pactado en Catalunya que defend\u00edan los Comuns. Y una declaraci\u00f3n lapidaria viniendo de Yolanda D\u00edaz: \u00abLo que prometimos en campa\u00f1a lo cumpliremos\u00bb, \u00bfser\u00e1 como la derogaci\u00f3n de la reforma laboral o la de la ley mordaza o ya por eso no se compromete a nada?<\/p>\n<h2>Cr\u00eda cuervos y te sacar\u00e1n los ojos: Sumar consuma la liquidaci\u00f3n de Podemos<\/h2>\n<p>A Yolanda D\u00edaz fue un Podemos en ascenso que la propuso para ministra, con un Pablo Iglesias que la aupaba como pr\u00f3xima cabeza de lista de la coalici\u00f3n UP, pese a sus penosos resultados en su tierra, Galiza. Pero ha sido directamente la miembro del PCE, D\u00edaz, quien aceler\u00f3 la destrucci\u00f3n de Podemos, primero en las listas de las generales, despu\u00e9s con la marginaci\u00f3n del Gobierno. El sesgo estalinista de Yolanda D\u00edaz le sale por los cuatro costados, no para impulsar una pol\u00edtica m\u00e1s revolucionaria, sino para entregarse mejor a la pol\u00edtica neoliberal del PSOE, y ratificar, como hab\u00edamos dicho, que Sumar es la en\u00e9sima refundaci\u00f3n del PCE y IU.<\/p>\n<p>Parece que la liquidaci\u00f3n de Podemos tambi\u00e9n beneficia al PSOE: la socialista Ana Redondo -que se olvid\u00f3 de las mujeres en su juramento- se queda Igualdad, echando a Irene Montero -ley del s\u00f3lo s\u00ed es s\u00ed y Trans- que tanto incomodaba a la derecha y a muchos barones del PSOE; y Sumar, elimina al adversario, con la c\u00ednica y humillante propuesta de \u201cincorporarlos\u201d si era con el nombre de su confianza, Nacho \u00c1lvarez: faltan calificativos. Podemos, ya en ca\u00edda libre y ahora desplazado de gobierno, quiz\u00e1s quedar\u00e1 como fuerza residual, ahora que ya el PCE e IU tienen repuesto con Sumar.<\/p>\n<h2>Una amnist\u00eda que tira de todas las costuras<\/h2>\n<p>Para llegar al acuerdo de investidura, S\u00e1nchez ha tenido que tensar al l\u00edmite las contradicciones no s\u00f3lo internas del PSOE sino con sectores del aparato del estado, que le han declarado la guerra. Incluso \u00e9l mismo ha tenido que enmendarse, ya que, como le reprocha Feij\u00f3o, hab\u00eda dicho que nunca la aceptar\u00eda. Una amnist\u00eda que es la continuidad de los indultos, que fueron cambio de presos por autonom\u00eda y renuncia a la Rep\u00fablica catalana. Ahora la amnist\u00eda, consolida el autonomismo -habla en todo momento de \u201csuperaci\u00f3n del conflicto\u201d, o sea, pacificaci\u00f3n-, incorporando a Puigdemont que, de palabra lo hab\u00eda rechazado, pese a que fue \u00e9l quien neg\u00f3 la proclamaci\u00f3n de la independencia en 2017. Adem\u00e1s, tal y como propuso Yolanda D\u00edaz desde el principio, va en la l\u00ednea de la amnist\u00eda del 78, en la que se ponen al mismo nivel verdugos y v\u00edctimas, movimientos populares y Estado. La cifra de los posibles amnistiados baila mucho de las 1.432 personas (113 ya condenados, 17 que est\u00e1n pendientes de sentencia y 387 que tienen una causa penal abierta) de \u00d2mnium Cultural, o los 300 de los nuestros y 73 polic\u00edas de El Pa\u00eds. En cualquier caso, muy lejos de los 4.000 represaliados, y con serias dudas de si los CDR, acusados de terrorismo, podr\u00edan beneficiarse.<\/p>\n<p>Tampoco se ha querido que la amnist\u00eda estableciera un puente con los y las luchadoras por derechos sociales -contra desahucios, movimiento feminista- y sindicalistas (SAT, CNT asturiana&#8230;) con una Amnist\u00eda Total. Ni el PSOE-Sumar (PCE) tienen inter\u00e9s, como tampoco la burgues\u00eda catalana de ERC y JXC, que habitualmente est\u00e1n del otro lado aplicando la ley mordaza o el C\u00f3digo Penal, cuando no est\u00e1n haciendo de acusaci\u00f3n en los tribunales.<\/p>\n<h2>Y una derecha beligerante escorada a la extrema derecha<\/h2>\n<p>La derecha y la extrema derecha est\u00e1n moviendo todas las herramientas a su alcance. Desde el poder judicial, donde el juez Garc\u00eda-Castell\u00f3n env\u00eda a Puigdemont y Marta Rovira al Supremo acus\u00e1ndoles de terrorismo; la rebeli\u00f3n de 19 fiscales del Supremo contra el fiscal general del Estado \u00c1lvaro Garc\u00eda Ortiz, la reforma del reglamento del Senado para retrasar la tramitaci\u00f3n de la amnist\u00eda; el aviso ya de llevarla al Constitucional, mientras mantiene el bloqueo de la renovaci\u00f3n de cargos para retener la mayor\u00eda conservadora &#8230;<\/p>\n<p>Pero adem\u00e1s, hoy la derecha est\u00e1 dispuesta a disputar la calle, No son s\u00f3lo las movilizaciones reiteradas en Ferraz, donde han destacado sectores pre-Constitucionales con el aguilucho y haciendo mofa de las ministras con mu\u00f1ecas hinchables, sino las manifestaciones de miles que Vox llama \u201cNoviembre Nacional\u201d, o la convocatoria de huelga en el sector p\u00fablico del Sindicato para la Solidaridad de los Trabajadores de Espa\u00f1a de Vox. Las movilizaciones de la derecha, se escoran hacia la extrema derecha. Porque, como dec\u00edamos en el balance electoral, no podemos dejarnos influenciar por la p\u00e9rdida de voto de Vox, porque no significa una p\u00e9rdida de influencia pol\u00edtica sino un escoramiento del sector derechista de Ayuso del PP hacia Vox, arrebat\u00e1ndole voto. El pulso de Vox con el PP en las movilizaciones ha sido permanente y la aparici\u00f3n de una extrema derecha capaz de movilizarse a diario una demostraci\u00f3n de fuerza que debilita a Feij\u00f3o.<\/p>\n<p>Vox nace en los barrios ricos (Salamanca en Madrid o Sarri\u00e0\/esp\u00edritu de la PL. Art\u00f3s y Pedralbes en Barcelona) pero el objetivo no es un partido de voto para los ricos, para eso ya hay otros, sino un partido capaz de entrar en las barriadas obreras, para destruir su capacidad de lucha. La extrema derecha bebe de la desesperaci\u00f3n de sectores de la peque\u00f1a burgues\u00eda y un sector de la clase profundamente empobrecido y al que la \u201cizquierda\u201d no da ninguna soluci\u00f3n. Porque quien ha generado ese avance de la derecha ha sido el Gobierno del PSOE-UP. En plena crisis de la pandemia, guerra, inflaci\u00f3n&#8230; las empresas del IBEX han hecho beneficios r\u00e9cords mientras la poblaci\u00f3n se empobrec\u00eda. Quien ha matado m\u00e1s migrantes en las vallas de Ceuta y Melilla o ha sacado la tanqueta para reprimir en el metal de C\u00e1diz, ha sido el Gobierno \u201cprogresista\u201d con su ministro Marlaska. Quien ha aplicado m\u00e1s sanciones por la ley Mordaza, ha sido este gobierno. Con \u00e9l la pol\u00edtica represiva del estado contra Catalunya, comenzada por el PP, ha seguido hasta alcanzar los 4.000 represaliados. La desesperaci\u00f3n de los sectores m\u00e1s empobrecidos de la clase obrera y las clases populares prepara la victoria de la derecha como en Grecia, o directamente la extrema derecha como Argentina o Pa\u00edses Bajos.<\/p>\n<h2>Agudizaci\u00f3n de la crisis a inicios de 2024<\/h2>\n<p>La Comisi\u00f3n Europea ya advierte al nuevo Gobierno de que tiene una situaci\u00f3n fiscal \u00abmuy dif\u00edcil\u00bb y le reclama \u00abuna estrategia fiscal cre\u00edble\u00bb -que algunos economistas eval\u00faan en 30.000M- para los nuevos presupuestos (PGE). Y los 4.000M que esperaban sacar de los beneficios de las energ\u00e9ticas o los 3.000M en dos a\u00f1os de los bancos, se tambalean. Ya Hacienda los hab\u00eda retrasado hasta el 2024 para pasar elecciones sin la presi\u00f3n de los afectados. Ahora Repsol (que gan\u00f3 2.785 millones en nueve meses de 2023, considera p\u00e9rdidas porque esto es un 13,6% menos que el a\u00f1o pasado, por los precios del petr\u00f3leo y del gas) amenaza con llevarse proyectos a Portugal si se aplica el impuesto por \u201cilegal\u201d y \u201cdiscriminatorio\u201d. El resto de energ\u00e9ticas y bancos le siguen amenazando con demandas al gobierno. Y el BCE, por medio de Guindos, advierte que el impuesto a la banca \u201cni debe limitar el cr\u00e9dito, ni reducir la solvencia, ni afectar negativamente a los hogares\u201d&#8230; en una palabra, que les apoyar\u00e1n para eludirlo.<\/p>\n<p>Los PGE 2024 deben situarse en los nuevos par\u00e1metros fijados por la Comisi\u00f3n Europea, el 3% de d\u00e9ficit fiscal (se estima que este a\u00f1o cerremos en el 3,9%) y una deuda que no debe sobrepasar el 60% del PIB (hoy sobrepasa el 113% del PIB). Tambi\u00e9n le reclama \u00ablos detalles\u00bb sobre el mantenimiento de la reducci\u00f3n del IVA para alimentos que prometi\u00f3 en el discurso de investidura. Le \u201crecomienda eliminar gradualmente las medidas de apoyo de emergencia en materia energ\u00e9tica vigentes y utilizar los ahorros correspondientes para reducir el d\u00e9ficit p\u00fablico, lo antes posible en 2023 y 2024\u201d, y \u201cGarantizar una pol\u00edtica presupuestaria prudente, limitando el aumento del gasto en 2024 a un m\u00e1ximo del 2,6%\u201d&#8230; Es decir, recortes. Y si no cumple, se arriesga a una sanci\u00f3n de 660M semestrales, y si persiste, hasta 6.600M\u20ac.<\/p>\n<p>Y S\u00e1nchez debe cumplir -o no- con los compromisos establecidos en la investidura: porque las migas de ERC (con el traspaso parcial de Cercan\u00edas con su financiaci\u00f3n y la condonaci\u00f3n de m\u00e1s de 14.000M de euros de deuda), tuvo que multiplicarlas, para detener a la derecha del PP-Vox de las otras CCAA, \u00a1\u00a1haci\u00e9ndolas extensivas a todas!!<\/p>\n<p>Y por si fuera poco, la Comisi\u00f3n Europea, pide que se ampl\u00ede el presupuesto de la UE con 100.000M m\u00e1s para 2024 (para invertir en Ucrania, pagar a terceros pa\u00edses para que detengan las migraciones, como Marruecos o Turqu\u00eda &#8230;). Ese dinero o lo deber\u00edan poner los Estados miembros o redistribuir lo que todav\u00eda no est\u00e1 gastado del presupuesto ordinario, lo que amenazar\u00eda al 30% de los fondos Next Generation, de los que Espa\u00f1a todav\u00eda tiene que recibir y cuenta para los PGE.<\/p>\n<h2>Y una disyuntiva: o movilizaci\u00f3n y organizaci\u00f3n a la izquierda de PSOE-Sumar-PCE y C\u00eda, o PP-Vox<\/h2>\n<p>Con este panorama por delante, una tasa de ocupaci\u00f3n del 69,5% en 2022, una tasa de paro del 12% (23% en j\u00f3venes) pese a los maquillajes de Yolanda D\u00edaz, y el reconocimiento por parte de Bruselas que la renta bruta disponible de los hogares &#8216;per c\u00e1pita&#8217; sigue en una situaci\u00f3n \u00abcr\u00edtica\u00bb, por debajo del nivel de 2008, los m\u00e1rgenes son muy estrechos. La necesidad de S\u00e1nchez-D\u00edaz de conservar, en el marco de un agravamiento de la crisis econ\u00f3mica, la muleta parlamentaria de los \u201cnacionalistas\u201d catalanes y vascos, con una derecha embravecida, hace que la otra muleta, la social de CCOO y UGT, sea a\u00fan m\u00e1s imprescindible. Se prev\u00e9 que la situaci\u00f3n puede ser explosiva en el segundo semestre de 2024 y algunos auguran el final de la legislatura.<\/p>\n<p>Pero ser\u00eda un error dejar al Gobierno que siga gobernando como ha hecho hasta ahora y no movilizarnos para exigir las medidas que trabajadores y clases populares necesitan, argumentando que no hay alternativa ante el gobierno de la derecha: es la manera asegurar que el Gobierno PP-VOX sea s\u00f3lo cuesti\u00f3n de tiempo, porque ser\u00e1 la \u00fanica referencia para millones que sufren el empeoramiento continuo de sus condiciones de vida y unas pol\u00edticas de gobierno que nada resuelven. Los Gobiernos \u00abprogresistas\u00bb con sus pol\u00edticas neoliberales y de servicio al capitalismo, preparan inevitablemente el acceso a un Gobierno PP-Vox.<\/p>\n<p>Y al rev\u00e9s, s\u00f3lo si somos capaces con la movilizaci\u00f3n de imponer una salida a la izquierda del bloque del Gobierno y sus alianzas, podremos tener una opci\u00f3n para frenar la entrada de la extrema derecha.<\/p>","protected":false},"excerpt":{"rendered":"<p>Nuevo gobierno PSOE-Sumar: inestabilidad y continuismo<\/p>","protected":false},"author":96,"featured_media":57134,"comment_status":"closed","ping_status":"closed","sticky":false,"template":"","format":"standard","meta":{"footnotes":""},"categories":[4079],"tags":[],"class_list":["post-57606","post","type-post","status-publish","format-standard","has-post-thumbnail","hentry","category-tribuna-libre"],"yoast_head":"<!-- This site is optimized with the Yoast SEO plugin v27.5 - https:\/\/yoast.com\/product\/yoast-seo-wordpress\/ -->\n<title>S\u00e1nchez: equilibrismo de alto riesgo - Revista Rambla<\/title>\n<meta name=\"robots\" content=\"index, follow, max-snippet:-1, max-image-preview:large, max-video-preview:-1\" \/>\n<link rel=\"canonical\" href=\"https:\/\/www.revistarambla.com\/en\/sanchez-equilibrismo-de-alto-riesgo\/\" \/>\n<meta property=\"og:locale\" content=\"en_GB\" \/>\n<meta property=\"og:type\" content=\"article\" \/>\n<meta property=\"og:title\" content=\"S\u00e1nchez: equilibrismo de alto riesgo - Revista Rambla\" \/>\n<meta property=\"og:description\" content=\"Nuevo gobierno PSOE-Sumar: inestabilidad y continuismo\" \/>\n<meta property=\"og:url\" content=\"https:\/\/www.revistarambla.com\/en\/sanchez-equilibrismo-de-alto-riesgo\/\" \/>\n<meta property=\"og:site_name\" content=\"Revista Rambla\" \/>\n<meta property=\"article:publisher\" content=\"https:\/\/www.facebook.com\/revistarambla\/\" \/>\n<meta property=\"article:author\" content=\"https:\/\/www.facebook.com\/linternacionalista\/\" \/>\n<meta property=\"article:published_time\" content=\"2023-12-11T18:54:50+00:00\" \/>\n<meta property=\"og:image\" content=\"https:\/\/www.revistarambla.com\/wp-content\/uploads\/2023\/10\/pedro-sanchez-i-yolanda-diaz-2.jpg\" \/>\n\t<meta property=\"og:image:width\" content=\"1200\" \/>\n\t<meta property=\"og:image:height\" content=\"800\" \/>\n\t<meta property=\"og:image:type\" content=\"image\/jpeg\" \/>\n<meta name=\"author\" content=\"Lucha Internacionalista\" \/>\n<meta name=\"twitter:card\" content=\"summary_large_image\" \/>\n<meta name=\"twitter:creator\" content=\"@luchainternacio\" \/>\n<meta name=\"twitter:site\" content=\"@revistarambla\" \/>\n<meta name=\"twitter:label1\" content=\"Written by\" \/>\n\t<meta name=\"twitter:data1\" content=\"Lucha Internacionalista\" \/>\n\t<meta name=\"twitter:label2\" content=\"Estimated reading time\" \/>\n\t<meta name=\"twitter:data2\" content=\"11 minutes\" \/>\n<script type=\"application\/ld+json\" class=\"yoast-schema-graph\">{\"@context\":\"https:\\\/\\\/schema.org\",\"@graph\":[{\"@type\":\"Article\",\"@id\":\"https:\\\/\\\/www.revistarambla.com\\\/sanchez-equilibrismo-de-alto-riesgo\\\/#article\",\"isPartOf\":{\"@id\":\"https:\\\/\\\/www.revistarambla.com\\\/sanchez-equilibrismo-de-alto-riesgo\\\/\"},\"author\":{\"name\":\"Lucha Internacionalista\",\"@id\":\"https:\\\/\\\/www.revistarambla.com\\\/#\\\/schema\\\/person\\\/2d0daa76d289bb19174d9201fb9fe42c\"},\"headline\":\"S\u00e1nchez: equilibrismo de alto riesgo\",\"datePublished\":\"2023-12-11T18:54:50+00:00\",\"mainEntityOfPage\":{\"@id\":\"https:\\\/\\\/www.revistarambla.com\\\/sanchez-equilibrismo-de-alto-riesgo\\\/\"},\"wordCount\":2466,\"publisher\":{\"@id\":\"https:\\\/\\\/www.revistarambla.com\\\/#organization\"},\"image\":{\"@id\":\"https:\\\/\\\/www.revistarambla.com\\\/sanchez-equilibrismo-de-alto-riesgo\\\/#primaryimage\"},\"thumbnailUrl\":\"https:\\\/\\\/www.revistarambla.com\\\/wp-content\\\/uploads\\\/2023\\\/10\\\/pedro-sanchez-i-yolanda-diaz-2.jpg\",\"articleSection\":[\"Tribuna Libre\"],\"inLanguage\":\"en-GB\"},{\"@type\":\"WebPage\",\"@id\":\"https:\\\/\\\/www.revistarambla.com\\\/sanchez-equilibrismo-de-alto-riesgo\\\/\",\"url\":\"https:\\\/\\\/www.revistarambla.com\\\/sanchez-equilibrismo-de-alto-riesgo\\\/\",\"name\":\"S\u00e1nchez: equilibrismo de alto riesgo - Revista Rambla\",\"isPartOf\":{\"@id\":\"https:\\\/\\\/www.revistarambla.com\\\/#website\"},\"primaryImageOfPage\":{\"@id\":\"https:\\\/\\\/www.revistarambla.com\\\/sanchez-equilibrismo-de-alto-riesgo\\\/#primaryimage\"},\"image\":{\"@id\":\"https:\\\/\\\/www.revistarambla.com\\\/sanchez-equilibrismo-de-alto-riesgo\\\/#primaryimage\"},\"thumbnailUrl\":\"https:\\\/\\\/www.revistarambla.com\\\/wp-content\\\/uploads\\\/2023\\\/10\\\/pedro-sanchez-i-yolanda-diaz-2.jpg\",\"datePublished\":\"2023-12-11T18:54:50+00:00\",\"breadcrumb\":{\"@id\":\"https:\\\/\\\/www.revistarambla.com\\\/sanchez-equilibrismo-de-alto-riesgo\\\/#breadcrumb\"},\"inLanguage\":\"en-GB\",\"potentialAction\":[{\"@type\":\"ReadAction\",\"target\":[\"https:\\\/\\\/www.revistarambla.com\\\/sanchez-equilibrismo-de-alto-riesgo\\\/\"]}]},{\"@type\":\"ImageObject\",\"inLanguage\":\"en-GB\",\"@id\":\"https:\\\/\\\/www.revistarambla.com\\\/sanchez-equilibrismo-de-alto-riesgo\\\/#primaryimage\",\"url\":\"https:\\\/\\\/www.revistarambla.com\\\/wp-content\\\/uploads\\\/2023\\\/10\\\/pedro-sanchez-i-yolanda-diaz-2.jpg\",\"contentUrl\":\"https:\\\/\\\/www.revistarambla.com\\\/wp-content\\\/uploads\\\/2023\\\/10\\\/pedro-sanchez-i-yolanda-diaz-2.jpg\",\"width\":1200,\"height\":800,\"caption\":\"S\u00e1nchez dimisi\u00f3n periodo de prueba\"},{\"@type\":\"BreadcrumbList\",\"@id\":\"https:\\\/\\\/www.revistarambla.com\\\/sanchez-equilibrismo-de-alto-riesgo\\\/#breadcrumb\",\"itemListElement\":[{\"@type\":\"ListItem\",\"position\":1,\"name\":\"Portada\",\"item\":\"https:\\\/\\\/www.revistarambla.com\\\/\"},{\"@type\":\"ListItem\",\"position\":2,\"name\":\"S\u00e1nchez: equilibrismo de alto riesgo\"}]},{\"@type\":\"WebSite\",\"@id\":\"https:\\\/\\\/www.revistarambla.com\\\/#website\",\"url\":\"https:\\\/\\\/www.revistarambla.com\\\/\",\"name\":\"Revista Rambla Barcelona\",\"description\":\"Periodismo independiente\",\"publisher\":{\"@id\":\"https:\\\/\\\/www.revistarambla.com\\\/#organization\"},\"potentialAction\":[{\"@type\":\"SearchAction\",\"target\":{\"@type\":\"EntryPoint\",\"urlTemplate\":\"https:\\\/\\\/www.revistarambla.com\\\/?s={search_term_string}\"},\"query-input\":{\"@type\":\"PropertyValueSpecification\",\"valueRequired\":true,\"valueName\":\"search_term_string\"}}],\"inLanguage\":\"en-GB\"},{\"@type\":\"Organization\",\"@id\":\"https:\\\/\\\/www.revistarambla.com\\\/#organization\",\"name\":\"Revista Rambla\",\"url\":\"https:\\\/\\\/www.revistarambla.com\\\/\",\"logo\":{\"@type\":\"ImageObject\",\"inLanguage\":\"en-GB\",\"@id\":\"https:\\\/\\\/www.revistarambla.com\\\/#\\\/schema\\\/logo\\\/image\\\/\",\"url\":\"https:\\\/\\\/www.revistarambla.com\\\/wp-content\\\/uploads\\\/2020\\\/09\\\/banner_rambla_1900x600_BB.png\",\"contentUrl\":\"https:\\\/\\\/www.revistarambla.com\\\/wp-content\\\/uploads\\\/2020\\\/09\\\/banner_rambla_1900x600_BB.png\",\"width\":1900,\"height\":600,\"caption\":\"Revista Rambla\"},\"image\":{\"@id\":\"https:\\\/\\\/www.revistarambla.com\\\/#\\\/schema\\\/logo\\\/image\\\/\"},\"sameAs\":[\"https:\\\/\\\/www.facebook.com\\\/revistarambla\\\/\",\"https:\\\/\\\/x.com\\\/revistarambla\",\"https:\\\/\\\/www.instagram.com\\\/revista_rambla\",\"https:\\\/\\\/es.linkedin.com\\\/company\\\/revista-rambla\"]},{\"@type\":\"Person\",\"@id\":\"https:\\\/\\\/www.revistarambla.com\\\/#\\\/schema\\\/person\\\/2d0daa76d289bb19174d9201fb9fe42c\",\"name\":\"Lucha Internacionalista\",\"description\":\"Lucha Internacionalista es una organizaci\u00f3n pol\u00edtica marxista revolucionaria: trotskista. Se constituy\u00f3 en mayo de 1999 por militantes del Partido Revolucionario de los Trabajadores (PRT).\",\"sameAs\":[\"http:\\\/\\\/luchainternacionalista.org\\\/\",\"https:\\\/\\\/www.facebook.com\\\/linternacionalista\\\/\",\"https:\\\/\\\/x.com\\\/luchainternacio\"]}]}<\/script>\n<!-- \/ Yoast SEO plugin. -->","yoast_head_json":{"title":"S\u00e1nchez: equilibrismo de alto riesgo - Revista Rambla","robots":{"index":"index","follow":"follow","max-snippet":"max-snippet:-1","max-image-preview":"max-image-preview:large","max-video-preview":"max-video-preview:-1"},"canonical":"https:\/\/www.revistarambla.com\/en\/sanchez-equilibrismo-de-alto-riesgo\/","og_locale":"en_GB","og_type":"article","og_title":"S\u00e1nchez: equilibrismo de alto riesgo - Revista Rambla","og_description":"Nuevo gobierno PSOE-Sumar: inestabilidad y continuismo","og_url":"https:\/\/www.revistarambla.com\/en\/sanchez-equilibrismo-de-alto-riesgo\/","og_site_name":"Revista Rambla","article_publisher":"https:\/\/www.facebook.com\/revistarambla\/","article_author":"https:\/\/www.facebook.com\/linternacionalista\/","article_published_time":"2023-12-11T18:54:50+00:00","og_image":[{"width":1200,"height":800,"url":"https:\/\/www.revistarambla.com\/wp-content\/uploads\/2023\/10\/pedro-sanchez-i-yolanda-diaz-2.jpg","type":"image\/jpeg"}],"author":"Lucha Internacionalista","twitter_card":"summary_large_image","twitter_creator":"@luchainternacio","twitter_site":"@revistarambla","twitter_misc":{"Written by":"Lucha Internacionalista","Estimated reading time":"11 minutes"},"schema":{"@context":"https:\/\/schema.org","@graph":[{"@type":"Article","@id":"https:\/\/www.revistarambla.com\/sanchez-equilibrismo-de-alto-riesgo\/#article","isPartOf":{"@id":"https:\/\/www.revistarambla.com\/sanchez-equilibrismo-de-alto-riesgo\/"},"author":{"name":"Lucha Internacionalista","@id":"https:\/\/www.revistarambla.com\/#\/schema\/person\/2d0daa76d289bb19174d9201fb9fe42c"},"headline":"S\u00e1nchez: equilibrismo de alto riesgo","datePublished":"2023-12-11T18:54:50+00:00","mainEntityOfPage":{"@id":"https:\/\/www.revistarambla.com\/sanchez-equilibrismo-de-alto-riesgo\/"},"wordCount":2466,"publisher":{"@id":"https:\/\/www.revistarambla.com\/#organization"},"image":{"@id":"https:\/\/www.revistarambla.com\/sanchez-equilibrismo-de-alto-riesgo\/#primaryimage"},"thumbnailUrl":"https:\/\/www.revistarambla.com\/wp-content\/uploads\/2023\/10\/pedro-sanchez-i-yolanda-diaz-2.jpg","articleSection":["Tribuna Libre"],"inLanguage":"en-GB"},{"@type":"WebPage","@id":"https:\/\/www.revistarambla.com\/sanchez-equilibrismo-de-alto-riesgo\/","url":"https:\/\/www.revistarambla.com\/sanchez-equilibrismo-de-alto-riesgo\/","name":"S\u00e1nchez: equilibrismo de alto riesgo - Revista Rambla","isPartOf":{"@id":"https:\/\/www.revistarambla.com\/#website"},"primaryImageOfPage":{"@id":"https:\/\/www.revistarambla.com\/sanchez-equilibrismo-de-alto-riesgo\/#primaryimage"},"image":{"@id":"https:\/\/www.revistarambla.com\/sanchez-equilibrismo-de-alto-riesgo\/#primaryimage"},"thumbnailUrl":"https:\/\/www.revistarambla.com\/wp-content\/uploads\/2023\/10\/pedro-sanchez-i-yolanda-diaz-2.jpg","datePublished":"2023-12-11T18:54:50+00:00","breadcrumb":{"@id":"https:\/\/www.revistarambla.com\/sanchez-equilibrismo-de-alto-riesgo\/#breadcrumb"},"inLanguage":"en-GB","potentialAction":[{"@type":"ReadAction","target":["https:\/\/www.revistarambla.com\/sanchez-equilibrismo-de-alto-riesgo\/"]}]},{"@type":"ImageObject","inLanguage":"en-GB","@id":"https:\/\/www.revistarambla.com\/sanchez-equilibrismo-de-alto-riesgo\/#primaryimage","url":"https:\/\/www.revistarambla.com\/wp-content\/uploads\/2023\/10\/pedro-sanchez-i-yolanda-diaz-2.jpg","contentUrl":"https:\/\/www.revistarambla.com\/wp-content\/uploads\/2023\/10\/pedro-sanchez-i-yolanda-diaz-2.jpg","width":1200,"height":800,"caption":"S\u00e1nchez dimisi\u00f3n periodo de prueba"},{"@type":"BreadcrumbList","@id":"https:\/\/www.revistarambla.com\/sanchez-equilibrismo-de-alto-riesgo\/#breadcrumb","itemListElement":[{"@type":"ListItem","position":1,"name":"Portada","item":"https:\/\/www.revistarambla.com\/"},{"@type":"ListItem","position":2,"name":"S\u00e1nchez: equilibrismo de alto riesgo"}]},{"@type":"WebSite","@id":"https:\/\/www.revistarambla.com\/#website","url":"https:\/\/www.revistarambla.com\/","name":"Revista Rambla Barcelona","description":"Periodismo independiente","publisher":{"@id":"https:\/\/www.revistarambla.com\/#organization"},"potentialAction":[{"@type":"SearchAction","target":{"@type":"EntryPoint","urlTemplate":"https:\/\/www.revistarambla.com\/?s={search_term_string}"},"query-input":{"@type":"PropertyValueSpecification","valueRequired":true,"valueName":"search_term_string"}}],"inLanguage":"en-GB"},{"@type":"Organization","@id":"https:\/\/www.revistarambla.com\/#organization","name":"Revista Rambla","url":"https:\/\/www.revistarambla.com\/","logo":{"@type":"ImageObject","inLanguage":"en-GB","@id":"https:\/\/www.revistarambla.com\/#\/schema\/logo\/image\/","url":"https:\/\/www.revistarambla.com\/wp-content\/uploads\/2020\/09\/banner_rambla_1900x600_BB.png","contentUrl":"https:\/\/www.revistarambla.com\/wp-content\/uploads\/2020\/09\/banner_rambla_1900x600_BB.png","width":1900,"height":600,"caption":"Revista Rambla"},"image":{"@id":"https:\/\/www.revistarambla.com\/#\/schema\/logo\/image\/"},"sameAs":["https:\/\/www.facebook.com\/revistarambla\/","https:\/\/x.com\/revistarambla","https:\/\/www.instagram.com\/revista_rambla","https:\/\/es.linkedin.com\/company\/revista-rambla"]},{"@type":"Person","@id":"https:\/\/www.revistarambla.com\/#\/schema\/person\/2d0daa76d289bb19174d9201fb9fe42c","name":"Lucha Internacionalista","description":"Lucha Internacionalista es una organizaci\u00f3n pol\u00edtica marxista revolucionaria: trotskista. Se constituy\u00f3 en mayo de 1999 por militantes del Partido Revolucionario de los Trabajadores (PRT).","sameAs":["http:\/\/luchainternacionalista.org\/","https:\/\/www.facebook.com\/linternacionalista\/","https:\/\/x.com\/luchainternacio"]}]}},"_links":{"self":[{"href":"https:\/\/www.revistarambla.com\/en\/wp-json\/wp\/v2\/posts\/57606","targetHints":{"allow":["GET"]}}],"collection":[{"href":"https:\/\/www.revistarambla.com\/en\/wp-json\/wp\/v2\/posts"}],"about":[{"href":"https:\/\/www.revistarambla.com\/en\/wp-json\/wp\/v2\/types\/post"}],"author":[{"embeddable":true,"href":"https:\/\/www.revistarambla.com\/en\/wp-json\/wp\/v2\/users\/96"}],"replies":[{"embeddable":true,"href":"https:\/\/www.revistarambla.com\/en\/wp-json\/wp\/v2\/comments?post=57606"}],"version-history":[{"count":1,"href":"https:\/\/www.revistarambla.com\/en\/wp-json\/wp\/v2\/posts\/57606\/revisions"}],"predecessor-version":[{"id":57607,"href":"https:\/\/www.revistarambla.com\/en\/wp-json\/wp\/v2\/posts\/57606\/revisions\/57607"}],"wp:featuredmedia":[{"embeddable":true,"href":"https:\/\/www.revistarambla.com\/en\/wp-json\/wp\/v2\/media\/57134"}],"wp:attachment":[{"href":"https:\/\/www.revistarambla.com\/en\/wp-json\/wp\/v2\/media?parent=57606"}],"wp:term":[{"taxonomy":"category","embeddable":true,"href":"https:\/\/www.revistarambla.com\/en\/wp-json\/wp\/v2\/categories?post=57606"},{"taxonomy":"post_tag","embeddable":true,"href":"https:\/\/www.revistarambla.com\/en\/wp-json\/wp\/v2\/tags?post=57606"}],"curies":[{"name":"wp","href":"https:\/\/api.w.org\/{rel}","templated":true}]}}