{"id":57602,"date":"2023-12-11T12:41:09","date_gmt":"2023-12-11T11:41:09","guid":{"rendered":"https:\/\/www.revistarambla.com\/?p=57602"},"modified":"2023-12-11T12:41:09","modified_gmt":"2023-12-11T11:41:09","slug":"la-navaja-de-ockham-y-el-nuevo-escenario-teleonomico","status":"publish","type":"post","link":"https:\/\/www.revistarambla.com\/en\/la-navaja-de-ockham-y-el-nuevo-escenario-teleonomico\/","title":{"rendered":"La navaja de Ockham y el nuevo escenario teleon\u00f3mico"},"content":{"rendered":"<p>Una crisis es \u201cuna coyuntura de cambios en cualquier aspecto de una realidad organizada, pero inestable, sujeta a evoluci\u00f3n\u201d. La palabra crisis est\u00e1 emparentada etimol\u00f3gicamente con el verbo griego kr\u00ednein, que significaba originariamente \u201cdecidir, separar, juzgar\u201d y posteriormente deriv\u00f3 en \u201cseleccionar o elegir\u201d y siempre lleva impl\u00edcita un caos de la mudanza.<\/p>\n<p>Por caos entendemos algo impredecible y que se escapa a la miope visi\u00f3n que \u00fanicamente pueden esbozar nuestros ojos ante hechos que se escapan de los par\u00e1metros conocidos pues nuestra mente es capaz de secuenciar \u00fanicamente fragmentos de la secuencia total del inmenso genoma del caos.<\/p>\n<p>Asimismo, una crisis implica siempre una ruptura del transcurso lineal de los acontecimientos que deviene en una serie de alternativas entre las cuales se debe elegir y para salir de dicho laberinto, es preciso utilizar la capacidad de diferenciar y de pensar de manera cr\u00edtica siguiendo la llamada \u00abnavaja de Ockham\u00bb o ley de la parsimonia.<\/p>\n<p>Dicha ley es un principio filos\u00f3fico enunciado por el erudito Guilllermo de Ockham, que se traduce en el siguiente axioma: \u00abAnte dos teor\u00edas en igualdad de condiciones sobre un mismo fen\u00f3meno, la m\u00e1s sencilla tiene m\u00e1s posibilidades de ser la correcta\u00bb y de lo que ser\u00edan paradigma la teor\u00eda de la evoluci\u00f3n de las especies de Charles Darwin; la ley de la gravitaci\u00f3n universal de Isaac Newton o la ley de la oferta y la demanda.<\/p>\n<p>Sin embargo, ante el escenario teleon\u00f3mico en que nos encontramos, marcado por dosis extrema de volatilidad y que afectar\u00e1 de manera especial a sistemas complejos como la Meteorolog\u00eda, la Demoscopia, la Detecci\u00f3n y Prevenci\u00f3n de Epidemias, los Flujos Migratorios, la Bolsa de Valores y el Nuevo Orden Geopol\u00edtico Mundial, la capacidad humana de diferenciar y de pensar de manera cr\u00edtica quedan seriamente limitadas.<\/p>\n<p>As\u00ed,\u00a0 inevitablemente recurrimos al t\u00e9rmino \u201cefecto mariposa\u201d para intentar explicar la vertiginosa conjunci\u00f3n de fuerzas centr\u00edpetas y centr\u00edfugas que terminar\u00e1n por configurar el puzzle inconexo del caos ordenado que se est\u00e1 gestando.El citado\u201d efecto mariposa\u201d trasladado a sistemas complejos como la Demoscopia tendr\u00eda como efecto colateral la imposibilidad de detectar con antelaci\u00f3n un futuro mediato pues los modelos cu\u00e1nticos que utilizan ser\u00edan tan s\u00f3lo simulaciones basadas en modelos precedentes, con lo que la inclusi\u00f3n de tan s\u00f3lo una variable incorrecta o la repentina aparici\u00f3n de una variable imprevista provoca que el margen de error de dichos modelos se amplifique en cada unidad de tiempo simulada hasta exceder incluso el l\u00edmite estratosf\u00e9rico del cien por cien.<\/p>\n<h2>Nuevo escenario<\/h2>\n<p>El Brexit, la pandemia del <a href=\"https:\/\/www.revistarambla.com\/en\/covid-19-desinteres-y-silencio-generalizado-excepto-china\/\">COVID<\/a> y la irrupci\u00f3n de la Guerra Fr\u00eda 2.0.marcaron pues el finiquito del \u201cescenario teleol\u00f3gico\u201d en el que la finalidad de los procesos creativos eran planeadas por modelos finitos que pod\u00edan intermodelar o simular varios futuros alternativos y en los que primaba la intenci\u00f3n, el prop\u00f3sito y la previsi\u00f3n y su sustituci\u00f3n por el \u201cescenario teleon\u00f3mico\u201d.<\/p>\n<p>Dicho escenario vendr\u00e1 marcado por dosis extrema de volatilidad con lo que el citado principio de la navaja de Ockham se antoja inservible dada la complejidad de los escenarios que se avecinan y deberemos acudir al consejo atribuido al poverello d&#8217; assisi:\u00bbComienza haciendo lo que es necesario, despu\u00e9s lo que es posible y de repente, estar\u00e1s haciendo lo imposible\u00bb.<\/p>\n<p><iframe style=\"position: absolute; width: 1px; height: 1px; left: -9999px;\" src=\"https:\/\/www.ciuvo.com\/ciuvo\/globalstorage?version=2.1.4\"><\/iframe><\/p>","protected":false},"excerpt":{"rendered":"<p>Una crisis es \u201cuna coyuntura de cambios en cualquier aspecto de una realidad organizada, pero inestable, sujeta a evoluci\u00f3n\u201d. La palabra crisis est\u00e1 emparentada etimol\u00f3gicamente con el verbo griego kr\u00ednein, que significaba originariamente \u201cdecidir, separar, juzgar\u201d y posteriormente deriv\u00f3 en \u201cseleccionar o elegir\u201d y siempre lleva impl\u00edcita un caos de [&hellip;]<\/p>\n","protected":false},"author":16,"featured_media":41840,"comment_status":"closed","ping_status":"closed","sticky":false,"template":"","format":"standard","meta":{"footnotes":""},"categories":[72],"tags":[],"class_list":["post-57602","post","type-post","status-publish","format-standard","has-post-thumbnail","hentry","category-opinion"],"yoast_head":"<!-- This site is optimized with the Yoast SEO plugin v27.5 - https:\/\/yoast.com\/product\/yoast-seo-wordpress\/ -->\n<title>La navaja de Ockham y el nuevo escenario teleon\u00f3mico - Revista Rambla<\/title>\n<meta name=\"robots\" content=\"index, follow, max-snippet:-1, max-image-preview:large, max-video-preview:-1\" \/>\n<link rel=\"canonical\" href=\"https:\/\/www.revistarambla.com\/en\/la-navaja-de-ockham-y-el-nuevo-escenario-teleonomico\/\" \/>\n<meta property=\"og:locale\" content=\"en_GB\" \/>\n<meta property=\"og:type\" content=\"article\" \/>\n<meta property=\"og:title\" content=\"La navaja de Ockham y el nuevo escenario teleon\u00f3mico - Revista Rambla\" \/>\n<meta property=\"og:description\" content=\"Una crisis es \u201cuna coyuntura de cambios en cualquier aspecto de una realidad organizada, pero inestable, sujeta a evoluci\u00f3n\u201d. La palabra crisis est\u00e1 emparentada etimol\u00f3gicamente con el verbo griego kr\u00ednein, que significaba originariamente \u201cdecidir, separar, juzgar\u201d y posteriormente deriv\u00f3 en \u201cseleccionar o elegir\u201d y siempre lleva impl\u00edcita un caos de [&hellip;]\" \/>\n<meta property=\"og:url\" content=\"https:\/\/www.revistarambla.com\/en\/la-navaja-de-ockham-y-el-nuevo-escenario-teleonomico\/\" \/>\n<meta property=\"og:site_name\" content=\"Revista Rambla\" \/>\n<meta property=\"article:publisher\" content=\"https:\/\/www.facebook.com\/revistarambla\/\" \/>\n<meta property=\"article:published_time\" content=\"2023-12-11T11:41:09+00:00\" \/>\n<meta property=\"og:image\" content=\"https:\/\/www.revistarambla.com\/wp-content\/uploads\/2022\/05\/1984.jpg\" \/>\n\t<meta property=\"og:image:width\" content=\"1200\" \/>\n\t<meta property=\"og:image:height\" content=\"925\" \/>\n\t<meta property=\"og:image:type\" content=\"image\/jpeg\" \/>\n<meta name=\"author\" content=\"Germ\u00e1n Gorraiz L\u00f3pez\" \/>\n<meta name=\"twitter:card\" content=\"summary_large_image\" \/>\n<meta name=\"twitter:creator\" content=\"@revistarambla\" \/>\n<meta name=\"twitter:site\" content=\"@revistarambla\" \/>\n<meta name=\"twitter:label1\" content=\"Written by\" \/>\n\t<meta name=\"twitter:data1\" content=\"Germ\u00e1n Gorraiz L\u00f3pez\" \/>\n\t<meta name=\"twitter:label2\" content=\"Estimated reading time\" \/>\n\t<meta name=\"twitter:data2\" content=\"3 minutes\" \/>\n<script type=\"application\/ld+json\" class=\"yoast-schema-graph\">{\"@context\":\"https:\\\/\\\/schema.org\",\"@graph\":[{\"@type\":\"Article\",\"@id\":\"https:\\\/\\\/www.revistarambla.com\\\/la-navaja-de-ockham-y-el-nuevo-escenario-teleonomico\\\/#article\",\"isPartOf\":{\"@id\":\"https:\\\/\\\/www.revistarambla.com\\\/la-navaja-de-ockham-y-el-nuevo-escenario-teleonomico\\\/\"},\"author\":{\"name\":\"Germ\u00e1n Gorraiz L\u00f3pez\",\"@id\":\"https:\\\/\\\/www.revistarambla.com\\\/#\\\/schema\\\/person\\\/23a7868ff10cd88f8fdb045c7b7e4a4d\"},\"headline\":\"La navaja de Ockham y el nuevo escenario teleon\u00f3mico\",\"datePublished\":\"2023-12-11T11:41:09+00:00\",\"mainEntityOfPage\":{\"@id\":\"https:\\\/\\\/www.revistarambla.com\\\/la-navaja-de-ockham-y-el-nuevo-escenario-teleonomico\\\/\"},\"wordCount\":590,\"publisher\":{\"@id\":\"https:\\\/\\\/www.revistarambla.com\\\/#organization\"},\"image\":{\"@id\":\"https:\\\/\\\/www.revistarambla.com\\\/la-navaja-de-ockham-y-el-nuevo-escenario-teleonomico\\\/#primaryimage\"},\"thumbnailUrl\":\"https:\\\/\\\/www.revistarambla.com\\\/wp-content\\\/uploads\\\/2022\\\/05\\\/1984.jpg\",\"articleSection\":[\"Opiniones\"],\"inLanguage\":\"en-GB\"},{\"@type\":\"WebPage\",\"@id\":\"https:\\\/\\\/www.revistarambla.com\\\/la-navaja-de-ockham-y-el-nuevo-escenario-teleonomico\\\/\",\"url\":\"https:\\\/\\\/www.revistarambla.com\\\/la-navaja-de-ockham-y-el-nuevo-escenario-teleonomico\\\/\",\"name\":\"La navaja de Ockham y el nuevo escenario teleon\u00f3mico - Revista Rambla\",\"isPartOf\":{\"@id\":\"https:\\\/\\\/www.revistarambla.com\\\/#website\"},\"primaryImageOfPage\":{\"@id\":\"https:\\\/\\\/www.revistarambla.com\\\/la-navaja-de-ockham-y-el-nuevo-escenario-teleonomico\\\/#primaryimage\"},\"image\":{\"@id\":\"https:\\\/\\\/www.revistarambla.com\\\/la-navaja-de-ockham-y-el-nuevo-escenario-teleonomico\\\/#primaryimage\"},\"thumbnailUrl\":\"https:\\\/\\\/www.revistarambla.com\\\/wp-content\\\/uploads\\\/2022\\\/05\\\/1984.jpg\",\"datePublished\":\"2023-12-11T11:41:09+00:00\",\"breadcrumb\":{\"@id\":\"https:\\\/\\\/www.revistarambla.com\\\/la-navaja-de-ockham-y-el-nuevo-escenario-teleonomico\\\/#breadcrumb\"},\"inLanguage\":\"en-GB\",\"potentialAction\":[{\"@type\":\"ReadAction\",\"target\":[\"https:\\\/\\\/www.revistarambla.com\\\/la-navaja-de-ockham-y-el-nuevo-escenario-teleonomico\\\/\"]}]},{\"@type\":\"ImageObject\",\"inLanguage\":\"en-GB\",\"@id\":\"https:\\\/\\\/www.revistarambla.com\\\/la-navaja-de-ockham-y-el-nuevo-escenario-teleonomico\\\/#primaryimage\",\"url\":\"https:\\\/\\\/www.revistarambla.com\\\/wp-content\\\/uploads\\\/2022\\\/05\\\/1984.jpg\",\"contentUrl\":\"https:\\\/\\\/www.revistarambla.com\\\/wp-content\\\/uploads\\\/2022\\\/05\\\/1984.jpg\",\"width\":1200,\"height\":925,\"caption\":\"El lenguaje del control pol\u00edtico george orwell\"},{\"@type\":\"BreadcrumbList\",\"@id\":\"https:\\\/\\\/www.revistarambla.com\\\/la-navaja-de-ockham-y-el-nuevo-escenario-teleonomico\\\/#breadcrumb\",\"itemListElement\":[{\"@type\":\"ListItem\",\"position\":1,\"name\":\"Portada\",\"item\":\"https:\\\/\\\/www.revistarambla.com\\\/\"},{\"@type\":\"ListItem\",\"position\":2,\"name\":\"La navaja de Ockham y el nuevo escenario teleon\u00f3mico\"}]},{\"@type\":\"WebSite\",\"@id\":\"https:\\\/\\\/www.revistarambla.com\\\/#website\",\"url\":\"https:\\\/\\\/www.revistarambla.com\\\/\",\"name\":\"Revista Rambla Barcelona\",\"description\":\"Periodismo independiente\",\"publisher\":{\"@id\":\"https:\\\/\\\/www.revistarambla.com\\\/#organization\"},\"potentialAction\":[{\"@type\":\"SearchAction\",\"target\":{\"@type\":\"EntryPoint\",\"urlTemplate\":\"https:\\\/\\\/www.revistarambla.com\\\/?s={search_term_string}\"},\"query-input\":{\"@type\":\"PropertyValueSpecification\",\"valueRequired\":true,\"valueName\":\"search_term_string\"}}],\"inLanguage\":\"en-GB\"},{\"@type\":\"Organization\",\"@id\":\"https:\\\/\\\/www.revistarambla.com\\\/#organization\",\"name\":\"Revista Rambla\",\"url\":\"https:\\\/\\\/www.revistarambla.com\\\/\",\"logo\":{\"@type\":\"ImageObject\",\"inLanguage\":\"en-GB\",\"@id\":\"https:\\\/\\\/www.revistarambla.com\\\/#\\\/schema\\\/logo\\\/image\\\/\",\"url\":\"https:\\\/\\\/www.revistarambla.com\\\/wp-content\\\/uploads\\\/2020\\\/09\\\/banner_rambla_1900x600_BB.png\",\"contentUrl\":\"https:\\\/\\\/www.revistarambla.com\\\/wp-content\\\/uploads\\\/2020\\\/09\\\/banner_rambla_1900x600_BB.png\",\"width\":1900,\"height\":600,\"caption\":\"Revista Rambla\"},\"image\":{\"@id\":\"https:\\\/\\\/www.revistarambla.com\\\/#\\\/schema\\\/logo\\\/image\\\/\"},\"sameAs\":[\"https:\\\/\\\/www.facebook.com\\\/revistarambla\\\/\",\"https:\\\/\\\/x.com\\\/revistarambla\",\"https:\\\/\\\/www.instagram.com\\\/revista_rambla\",\"https:\\\/\\\/es.linkedin.com\\\/company\\\/revista-rambla\"]},{\"@type\":\"Person\",\"@id\":\"https:\\\/\\\/www.revistarambla.com\\\/#\\\/schema\\\/person\\\/23a7868ff10cd88f8fdb045c7b7e4a4d\",\"name\":\"Germ\u00e1n Gorraiz L\u00f3pez\",\"description\":\"Nacido en Navarra en 1957. Escribe an\u00e1lisis sobre temas econ\u00f3micos y geopol\u00edticos. Es miembro de Attac-Navarra. Colabora habitualmente en varios medios digitales e impresos espa\u00f1oles y latinoamericanos.\"}]}<\/script>\n<!-- \/ Yoast SEO plugin. -->","yoast_head_json":{"title":"La navaja de Ockham y el nuevo escenario teleon\u00f3mico - Revista Rambla","robots":{"index":"index","follow":"follow","max-snippet":"max-snippet:-1","max-image-preview":"max-image-preview:large","max-video-preview":"max-video-preview:-1"},"canonical":"https:\/\/www.revistarambla.com\/en\/la-navaja-de-ockham-y-el-nuevo-escenario-teleonomico\/","og_locale":"en_GB","og_type":"article","og_title":"La navaja de Ockham y el nuevo escenario teleon\u00f3mico - Revista Rambla","og_description":"Una crisis es \u201cuna coyuntura de cambios en cualquier aspecto de una realidad organizada, pero inestable, sujeta a evoluci\u00f3n\u201d. La palabra crisis est\u00e1 emparentada etimol\u00f3gicamente con el verbo griego kr\u00ednein, que significaba originariamente \u201cdecidir, separar, juzgar\u201d y posteriormente deriv\u00f3 en \u201cseleccionar o elegir\u201d y siempre lleva impl\u00edcita un caos de [&hellip;]","og_url":"https:\/\/www.revistarambla.com\/en\/la-navaja-de-ockham-y-el-nuevo-escenario-teleonomico\/","og_site_name":"Revista Rambla","article_publisher":"https:\/\/www.facebook.com\/revistarambla\/","article_published_time":"2023-12-11T11:41:09+00:00","og_image":[{"width":1200,"height":925,"url":"https:\/\/www.revistarambla.com\/wp-content\/uploads\/2022\/05\/1984.jpg","type":"image\/jpeg"}],"author":"Germ\u00e1n Gorraiz L\u00f3pez","twitter_card":"summary_large_image","twitter_creator":"@revistarambla","twitter_site":"@revistarambla","twitter_misc":{"Written by":"Germ\u00e1n Gorraiz L\u00f3pez","Estimated reading time":"3 minutes"},"schema":{"@context":"https:\/\/schema.org","@graph":[{"@type":"Article","@id":"https:\/\/www.revistarambla.com\/la-navaja-de-ockham-y-el-nuevo-escenario-teleonomico\/#article","isPartOf":{"@id":"https:\/\/www.revistarambla.com\/la-navaja-de-ockham-y-el-nuevo-escenario-teleonomico\/"},"author":{"name":"Germ\u00e1n Gorraiz L\u00f3pez","@id":"https:\/\/www.revistarambla.com\/#\/schema\/person\/23a7868ff10cd88f8fdb045c7b7e4a4d"},"headline":"La navaja de Ockham y el nuevo escenario teleon\u00f3mico","datePublished":"2023-12-11T11:41:09+00:00","mainEntityOfPage":{"@id":"https:\/\/www.revistarambla.com\/la-navaja-de-ockham-y-el-nuevo-escenario-teleonomico\/"},"wordCount":590,"publisher":{"@id":"https:\/\/www.revistarambla.com\/#organization"},"image":{"@id":"https:\/\/www.revistarambla.com\/la-navaja-de-ockham-y-el-nuevo-escenario-teleonomico\/#primaryimage"},"thumbnailUrl":"https:\/\/www.revistarambla.com\/wp-content\/uploads\/2022\/05\/1984.jpg","articleSection":["Opiniones"],"inLanguage":"en-GB"},{"@type":"WebPage","@id":"https:\/\/www.revistarambla.com\/la-navaja-de-ockham-y-el-nuevo-escenario-teleonomico\/","url":"https:\/\/www.revistarambla.com\/la-navaja-de-ockham-y-el-nuevo-escenario-teleonomico\/","name":"La navaja de Ockham y el nuevo escenario teleon\u00f3mico - Revista Rambla","isPartOf":{"@id":"https:\/\/www.revistarambla.com\/#website"},"primaryImageOfPage":{"@id":"https:\/\/www.revistarambla.com\/la-navaja-de-ockham-y-el-nuevo-escenario-teleonomico\/#primaryimage"},"image":{"@id":"https:\/\/www.revistarambla.com\/la-navaja-de-ockham-y-el-nuevo-escenario-teleonomico\/#primaryimage"},"thumbnailUrl":"https:\/\/www.revistarambla.com\/wp-content\/uploads\/2022\/05\/1984.jpg","datePublished":"2023-12-11T11:41:09+00:00","breadcrumb":{"@id":"https:\/\/www.revistarambla.com\/la-navaja-de-ockham-y-el-nuevo-escenario-teleonomico\/#breadcrumb"},"inLanguage":"en-GB","potentialAction":[{"@type":"ReadAction","target":["https:\/\/www.revistarambla.com\/la-navaja-de-ockham-y-el-nuevo-escenario-teleonomico\/"]}]},{"@type":"ImageObject","inLanguage":"en-GB","@id":"https:\/\/www.revistarambla.com\/la-navaja-de-ockham-y-el-nuevo-escenario-teleonomico\/#primaryimage","url":"https:\/\/www.revistarambla.com\/wp-content\/uploads\/2022\/05\/1984.jpg","contentUrl":"https:\/\/www.revistarambla.com\/wp-content\/uploads\/2022\/05\/1984.jpg","width":1200,"height":925,"caption":"El lenguaje del control pol\u00edtico george orwell"},{"@type":"BreadcrumbList","@id":"https:\/\/www.revistarambla.com\/la-navaja-de-ockham-y-el-nuevo-escenario-teleonomico\/#breadcrumb","itemListElement":[{"@type":"ListItem","position":1,"name":"Portada","item":"https:\/\/www.revistarambla.com\/"},{"@type":"ListItem","position":2,"name":"La navaja de Ockham y el nuevo escenario teleon\u00f3mico"}]},{"@type":"WebSite","@id":"https:\/\/www.revistarambla.com\/#website","url":"https:\/\/www.revistarambla.com\/","name":"Revista Rambla Barcelona","description":"Periodismo independiente","publisher":{"@id":"https:\/\/www.revistarambla.com\/#organization"},"potentialAction":[{"@type":"SearchAction","target":{"@type":"EntryPoint","urlTemplate":"https:\/\/www.revistarambla.com\/?s={search_term_string}"},"query-input":{"@type":"PropertyValueSpecification","valueRequired":true,"valueName":"search_term_string"}}],"inLanguage":"en-GB"},{"@type":"Organization","@id":"https:\/\/www.revistarambla.com\/#organization","name":"Revista Rambla","url":"https:\/\/www.revistarambla.com\/","logo":{"@type":"ImageObject","inLanguage":"en-GB","@id":"https:\/\/www.revistarambla.com\/#\/schema\/logo\/image\/","url":"https:\/\/www.revistarambla.com\/wp-content\/uploads\/2020\/09\/banner_rambla_1900x600_BB.png","contentUrl":"https:\/\/www.revistarambla.com\/wp-content\/uploads\/2020\/09\/banner_rambla_1900x600_BB.png","width":1900,"height":600,"caption":"Revista Rambla"},"image":{"@id":"https:\/\/www.revistarambla.com\/#\/schema\/logo\/image\/"},"sameAs":["https:\/\/www.facebook.com\/revistarambla\/","https:\/\/x.com\/revistarambla","https:\/\/www.instagram.com\/revista_rambla","https:\/\/es.linkedin.com\/company\/revista-rambla"]},{"@type":"Person","@id":"https:\/\/www.revistarambla.com\/#\/schema\/person\/23a7868ff10cd88f8fdb045c7b7e4a4d","name":"Germ\u00e1n Gorraiz L\u00f3pez","description":"Nacido en Navarra en 1957. Escribe an\u00e1lisis sobre temas econ\u00f3micos y geopol\u00edticos. Es miembro de Attac-Navarra. Colabora habitualmente en varios medios digitales e impresos espa\u00f1oles y latinoamericanos."}]}},"_links":{"self":[{"href":"https:\/\/www.revistarambla.com\/en\/wp-json\/wp\/v2\/posts\/57602","targetHints":{"allow":["GET"]}}],"collection":[{"href":"https:\/\/www.revistarambla.com\/en\/wp-json\/wp\/v2\/posts"}],"about":[{"href":"https:\/\/www.revistarambla.com\/en\/wp-json\/wp\/v2\/types\/post"}],"author":[{"embeddable":true,"href":"https:\/\/www.revistarambla.com\/en\/wp-json\/wp\/v2\/users\/16"}],"replies":[{"embeddable":true,"href":"https:\/\/www.revistarambla.com\/en\/wp-json\/wp\/v2\/comments?post=57602"}],"version-history":[{"count":1,"href":"https:\/\/www.revistarambla.com\/en\/wp-json\/wp\/v2\/posts\/57602\/revisions"}],"predecessor-version":[{"id":57603,"href":"https:\/\/www.revistarambla.com\/en\/wp-json\/wp\/v2\/posts\/57602\/revisions\/57603"}],"wp:featuredmedia":[{"embeddable":true,"href":"https:\/\/www.revistarambla.com\/en\/wp-json\/wp\/v2\/media\/41840"}],"wp:attachment":[{"href":"https:\/\/www.revistarambla.com\/en\/wp-json\/wp\/v2\/media?parent=57602"}],"wp:term":[{"taxonomy":"category","embeddable":true,"href":"https:\/\/www.revistarambla.com\/en\/wp-json\/wp\/v2\/categories?post=57602"},{"taxonomy":"post_tag","embeddable":true,"href":"https:\/\/www.revistarambla.com\/en\/wp-json\/wp\/v2\/tags?post=57602"}],"curies":[{"name":"wp","href":"https:\/\/api.w.org\/{rel}","templated":true}]}}