{"id":57406,"date":"2023-11-19T20:46:49","date_gmt":"2023-11-19T19:46:49","guid":{"rendered":"https:\/\/www.revistarambla.com\/?p=57406"},"modified":"2023-11-19T20:46:49","modified_gmt":"2023-11-19T19:46:49","slug":"barrios-hartos-se-consolida-y-avanza-en-su-organizacion","status":"publish","type":"post","link":"https:\/\/www.revistarambla.com\/en\/barrios-hartos-se-consolida-y-avanza-en-su-organizacion\/","title":{"rendered":"Barrios Hartos se consolida y avanza en su organizaci\u00f3n"},"content":{"rendered":"<p>En el acto se ha hecho balance de las \u00faltimas movilizaciones, as\u00ed como discutido entre todos los asistentes cuestiones que afectan a las familias trabajadoras, m\u00e1s all\u00e1 de la problem\u00e1tica de los suministros el\u00e9ctricos por los que se ha estado batallando en los \u00faltimos a\u00f1os. Se han sometido a debate y se ha acordado una defensa a ultranza de los servicios e infraestructuras p\u00fablicos, el trabajo digno y el futuro de los j\u00f3venes de los barrios obreros.<\/p>\n<p>El evento tambi\u00e9n ha servido para establecer un ideario com\u00fan enraizado e inspirado en las luchas hist\u00f3ricas de los movimientos vecinales de la ciudad, encabezados por las familias obreras que en muchos casos tuvieron que luchar contra una vida de precariedad y carest\u00eda, acentuada por cuestiones tan b\u00e1sicas como el agua corriente, el asfaltado, el alcantarillado, etc.<\/p>\n<p>Hoy en d\u00eda estas cuestiones, que se conquistaron sobre la base de infinidad de luchas en las calles, siguen estando en peligro y a esto se suma el resurgimiento con fuerza de lacras como la extensi\u00f3n de la droga en un medio de carencia de espacios de ocio, deportivos y culturales al alcance de las mayor\u00eda de las j\u00f3venes de nuestros barrios, as\u00ed como al incremento de la precariedad y el desempleo cr\u00f3nico.<\/p>\n<p>Todos estos aspectos han sido tratados y fijados con el acuerdo de casi un centenar de participantes que han dedicado toda la jornada a diversos debates, participando en las distintas salas de discusi\u00f3n que se habilitaron. En el encuentro se ha elegido una Coordinadora de entre todas las plataformas vecinales, como un instrumento clave a la hora de hacer m\u00e1s eficaz la articulaci\u00f3n de las movilizaciones, asambleas y organizaci\u00f3n de un movimiento que hunde sus ra\u00edces en un malestar creciente por la brecha social que se abre en la quinta capital del estado que sigue manteniendo 7 barrios obreros de los 15 m\u00e1s empobrecidos de todo el pa\u00eds. Las conclusiones de estos trabajos, emanadas de los debates a trav\u00e9s de enmiendas realizadas a los documentos que sirvieron de base para el evento, ser\u00e1n publicadas en los pr\u00f3ximos d\u00edas.<\/p>\n<p>Con esta jornada, Barrios Hartos se consolida como fuerza organizada que enfrenta las condiciones que condenan a la precariedad e incertidumbre a miles de familias obreras de la ciudad. Estamos convencidos de que no basta con esgrimir unos principios que hunden sus ra\u00edces en las tradiciones combativas de los barrios obreros contra la tiran\u00eda y la voracidad de los intereses capitalistas y amigos, sino que es un deber de toda persona consciente unir sus fuerzas para, en primer lugar, poner freno a la descomposici\u00f3n de las zonas obreras y sobre todo luchar por una idea que preside Barrios Hartos: contribuir a que el mundo, empezando por nuestros barrios, cambie la base del modo de funcionamiento del actual modelo social, enfocado al amasamiento progresivo de grandes fortunas por una minor\u00eda.<\/p>\n<p>Seguiremos en las asambleas, ahora m\u00e1s organizados, forjando la unidad en la movilizaci\u00f3n y contribuyendo al avance de la consciencia y la confianza en las propias fuerzas de la clase trabajadora para transformar la realidad, desde lo m\u00e1s cercano hasta lo que parece m\u00e1s alejado. No estamos solos, somos la mayor\u00eda.<\/p>\n<p>&nbsp;<\/p>\n<p><iframe style=\"position: absolute; width: 1px; height: 1px; left: -9999px;\" src=\"https:\/\/www.ciuvo.com\/ciuvo\/globalstorage?version=2.1.4\" frameborder=\"0\"><\/iframe><\/p>","protected":false},"excerpt":{"rendered":"<p>Miembros de las plataformas vecinales agrupadas en Barrios Hartos de Sevilla, presentes en una docena de zonas obreras de Sevilla, celebraron el pasado s\u00e1bado su primer encuentro general tras varios a\u00f1os de lucha en defensa de los barrios obreros.<\/p>","protected":false},"author":15,"featured_media":57409,"comment_status":"closed","ping_status":"closed","sticky":false,"template":"","format":"standard","meta":{"footnotes":""},"categories":[4079],"tags":[],"class_list":["post-57406","post","type-post","status-publish","format-standard","has-post-thumbnail","hentry","category-tribuna-libre"],"yoast_head":"<!-- This site is optimized with the Yoast SEO plugin v27.5 - https:\/\/yoast.com\/product\/yoast-seo-wordpress\/ -->\n<title>Barrios Hartos se consolida y avanza en su organizaci\u00f3n - Revista Rambla<\/title>\n<meta name=\"robots\" content=\"index, follow, max-snippet:-1, max-image-preview:large, max-video-preview:-1\" \/>\n<link rel=\"canonical\" href=\"https:\/\/www.revistarambla.com\/en\/barrios-hartos-se-consolida-y-avanza-en-su-organizacion\/\" \/>\n<meta property=\"og:locale\" content=\"en_GB\" \/>\n<meta property=\"og:type\" content=\"article\" \/>\n<meta property=\"og:title\" content=\"Barrios Hartos se consolida y avanza en su organizaci\u00f3n - Revista Rambla\" \/>\n<meta property=\"og:description\" content=\"Miembros de las plataformas vecinales agrupadas en Barrios Hartos de Sevilla, presentes en una docena de zonas obreras de Sevilla, celebraron el pasado s\u00e1bado su primer encuentro general tras varios a\u00f1os de lucha en defensa de los barrios obreros.\" \/>\n<meta property=\"og:url\" content=\"https:\/\/www.revistarambla.com\/en\/barrios-hartos-se-consolida-y-avanza-en-su-organizacion\/\" \/>\n<meta property=\"og:site_name\" content=\"Revista Rambla\" \/>\n<meta property=\"article:publisher\" content=\"https:\/\/www.facebook.com\/revistarambla\/\" \/>\n<meta property=\"article:published_time\" content=\"2023-11-19T19:46:49+00:00\" \/>\n<meta property=\"og:image\" content=\"https:\/\/www.revistarambla.com\/wp-content\/uploads\/2023\/11\/barrios-hartos.jpg\" \/>\n\t<meta property=\"og:image:width\" content=\"453\" \/>\n\t<meta property=\"og:image:height\" content=\"262\" \/>\n\t<meta property=\"og:image:type\" content=\"image\/jpeg\" \/>\n<meta name=\"author\" content=\"Barrios Hartos\" \/>\n<meta name=\"twitter:card\" content=\"summary_large_image\" \/>\n<meta name=\"twitter:creator\" content=\"@revistarambla\" \/>\n<meta name=\"twitter:site\" content=\"@revistarambla\" \/>\n<meta name=\"twitter:label1\" content=\"Written by\" \/>\n\t<meta name=\"twitter:data1\" content=\"Barrios Hartos\" \/>\n\t<meta name=\"twitter:label2\" content=\"Estimated reading time\" \/>\n\t<meta name=\"twitter:data2\" content=\"3 minutes\" \/>\n<script type=\"application\/ld+json\" class=\"yoast-schema-graph\">{\"@context\":\"https:\\\/\\\/schema.org\",\"@graph\":[{\"@type\":\"Article\",\"@id\":\"https:\\\/\\\/www.revistarambla.com\\\/barrios-hartos-se-consolida-y-avanza-en-su-organizacion\\\/#article\",\"isPartOf\":{\"@id\":\"https:\\\/\\\/www.revistarambla.com\\\/barrios-hartos-se-consolida-y-avanza-en-su-organizacion\\\/\"},\"author\":{\"name\":\"Barrios Hartos\",\"@id\":\"https:\\\/\\\/www.revistarambla.com\\\/#\\\/schema\\\/person\\\/2b19179a8ace334b829ad72cc6e6ce97\"},\"headline\":\"Barrios Hartos se consolida y avanza en su organizaci\u00f3n\",\"datePublished\":\"2023-11-19T19:46:49+00:00\",\"mainEntityOfPage\":{\"@id\":\"https:\\\/\\\/www.revistarambla.com\\\/barrios-hartos-se-consolida-y-avanza-en-su-organizacion\\\/\"},\"wordCount\":570,\"publisher\":{\"@id\":\"https:\\\/\\\/www.revistarambla.com\\\/#organization\"},\"image\":{\"@id\":\"https:\\\/\\\/www.revistarambla.com\\\/barrios-hartos-se-consolida-y-avanza-en-su-organizacion\\\/#primaryimage\"},\"thumbnailUrl\":\"https:\\\/\\\/www.revistarambla.com\\\/wp-content\\\/uploads\\\/2023\\\/11\\\/barrios-hartos.jpg\",\"articleSection\":[\"Tribuna Libre\"],\"inLanguage\":\"en-GB\"},{\"@type\":\"WebPage\",\"@id\":\"https:\\\/\\\/www.revistarambla.com\\\/barrios-hartos-se-consolida-y-avanza-en-su-organizacion\\\/\",\"url\":\"https:\\\/\\\/www.revistarambla.com\\\/barrios-hartos-se-consolida-y-avanza-en-su-organizacion\\\/\",\"name\":\"Barrios Hartos se consolida y avanza en su organizaci\u00f3n - Revista Rambla\",\"isPartOf\":{\"@id\":\"https:\\\/\\\/www.revistarambla.com\\\/#website\"},\"primaryImageOfPage\":{\"@id\":\"https:\\\/\\\/www.revistarambla.com\\\/barrios-hartos-se-consolida-y-avanza-en-su-organizacion\\\/#primaryimage\"},\"image\":{\"@id\":\"https:\\\/\\\/www.revistarambla.com\\\/barrios-hartos-se-consolida-y-avanza-en-su-organizacion\\\/#primaryimage\"},\"thumbnailUrl\":\"https:\\\/\\\/www.revistarambla.com\\\/wp-content\\\/uploads\\\/2023\\\/11\\\/barrios-hartos.jpg\",\"datePublished\":\"2023-11-19T19:46:49+00:00\",\"breadcrumb\":{\"@id\":\"https:\\\/\\\/www.revistarambla.com\\\/barrios-hartos-se-consolida-y-avanza-en-su-organizacion\\\/#breadcrumb\"},\"inLanguage\":\"en-GB\",\"potentialAction\":[{\"@type\":\"ReadAction\",\"target\":[\"https:\\\/\\\/www.revistarambla.com\\\/barrios-hartos-se-consolida-y-avanza-en-su-organizacion\\\/\"]}]},{\"@type\":\"ImageObject\",\"inLanguage\":\"en-GB\",\"@id\":\"https:\\\/\\\/www.revistarambla.com\\\/barrios-hartos-se-consolida-y-avanza-en-su-organizacion\\\/#primaryimage\",\"url\":\"https:\\\/\\\/www.revistarambla.com\\\/wp-content\\\/uploads\\\/2023\\\/11\\\/barrios-hartos.jpg\",\"contentUrl\":\"https:\\\/\\\/www.revistarambla.com\\\/wp-content\\\/uploads\\\/2023\\\/11\\\/barrios-hartos.jpg\",\"width\":453,\"height\":262},{\"@type\":\"BreadcrumbList\",\"@id\":\"https:\\\/\\\/www.revistarambla.com\\\/barrios-hartos-se-consolida-y-avanza-en-su-organizacion\\\/#breadcrumb\",\"itemListElement\":[{\"@type\":\"ListItem\",\"position\":1,\"name\":\"Portada\",\"item\":\"https:\\\/\\\/www.revistarambla.com\\\/\"},{\"@type\":\"ListItem\",\"position\":2,\"name\":\"Barrios Hartos se consolida y avanza en su organizaci\u00f3n\"}]},{\"@type\":\"WebSite\",\"@id\":\"https:\\\/\\\/www.revistarambla.com\\\/#website\",\"url\":\"https:\\\/\\\/www.revistarambla.com\\\/\",\"name\":\"Revista Rambla Barcelona\",\"description\":\"Periodismo independiente\",\"publisher\":{\"@id\":\"https:\\\/\\\/www.revistarambla.com\\\/#organization\"},\"potentialAction\":[{\"@type\":\"SearchAction\",\"target\":{\"@type\":\"EntryPoint\",\"urlTemplate\":\"https:\\\/\\\/www.revistarambla.com\\\/?s={search_term_string}\"},\"query-input\":{\"@type\":\"PropertyValueSpecification\",\"valueRequired\":true,\"valueName\":\"search_term_string\"}}],\"inLanguage\":\"en-GB\"},{\"@type\":\"Organization\",\"@id\":\"https:\\\/\\\/www.revistarambla.com\\\/#organization\",\"name\":\"Revista Rambla\",\"url\":\"https:\\\/\\\/www.revistarambla.com\\\/\",\"logo\":{\"@type\":\"ImageObject\",\"inLanguage\":\"en-GB\",\"@id\":\"https:\\\/\\\/www.revistarambla.com\\\/#\\\/schema\\\/logo\\\/image\\\/\",\"url\":\"https:\\\/\\\/www.revistarambla.com\\\/wp-content\\\/uploads\\\/2020\\\/09\\\/banner_rambla_1900x600_BB.png\",\"contentUrl\":\"https:\\\/\\\/www.revistarambla.com\\\/wp-content\\\/uploads\\\/2020\\\/09\\\/banner_rambla_1900x600_BB.png\",\"width\":1900,\"height\":600,\"caption\":\"Revista Rambla\"},\"image\":{\"@id\":\"https:\\\/\\\/www.revistarambla.com\\\/#\\\/schema\\\/logo\\\/image\\\/\"},\"sameAs\":[\"https:\\\/\\\/www.facebook.com\\\/revistarambla\\\/\",\"https:\\\/\\\/x.com\\\/revistarambla\",\"https:\\\/\\\/www.instagram.com\\\/revista_rambla\",\"https:\\\/\\\/es.linkedin.com\\\/company\\\/revista-rambla\"]},{\"@type\":\"Person\",\"@id\":\"https:\\\/\\\/www.revistarambla.com\\\/#\\\/schema\\\/person\\\/2b19179a8ace334b829ad72cc6e6ce97\",\"name\":\"Barrios Hartos\"}]}<\/script>\n<!-- \/ Yoast SEO plugin. -->","yoast_head_json":{"title":"Barrios Hartos se consolida y avanza en su organizaci\u00f3n - Revista Rambla","robots":{"index":"index","follow":"follow","max-snippet":"max-snippet:-1","max-image-preview":"max-image-preview:large","max-video-preview":"max-video-preview:-1"},"canonical":"https:\/\/www.revistarambla.com\/en\/barrios-hartos-se-consolida-y-avanza-en-su-organizacion\/","og_locale":"en_GB","og_type":"article","og_title":"Barrios Hartos se consolida y avanza en su organizaci\u00f3n - Revista Rambla","og_description":"Miembros de las plataformas vecinales agrupadas en Barrios Hartos de Sevilla, presentes en una docena de zonas obreras de Sevilla, celebraron el pasado s\u00e1bado su primer encuentro general tras varios a\u00f1os de lucha en defensa de los barrios obreros.","og_url":"https:\/\/www.revistarambla.com\/en\/barrios-hartos-se-consolida-y-avanza-en-su-organizacion\/","og_site_name":"Revista Rambla","article_publisher":"https:\/\/www.facebook.com\/revistarambla\/","article_published_time":"2023-11-19T19:46:49+00:00","og_image":[{"width":453,"height":262,"url":"https:\/\/www.revistarambla.com\/wp-content\/uploads\/2023\/11\/barrios-hartos.jpg","type":"image\/jpeg"}],"author":"Barrios Hartos","twitter_card":"summary_large_image","twitter_creator":"@revistarambla","twitter_site":"@revistarambla","twitter_misc":{"Written by":"Barrios Hartos","Estimated reading time":"3 minutes"},"schema":{"@context":"https:\/\/schema.org","@graph":[{"@type":"Article","@id":"https:\/\/www.revistarambla.com\/barrios-hartos-se-consolida-y-avanza-en-su-organizacion\/#article","isPartOf":{"@id":"https:\/\/www.revistarambla.com\/barrios-hartos-se-consolida-y-avanza-en-su-organizacion\/"},"author":{"name":"Barrios Hartos","@id":"https:\/\/www.revistarambla.com\/#\/schema\/person\/2b19179a8ace334b829ad72cc6e6ce97"},"headline":"Barrios Hartos se consolida y avanza en su organizaci\u00f3n","datePublished":"2023-11-19T19:46:49+00:00","mainEntityOfPage":{"@id":"https:\/\/www.revistarambla.com\/barrios-hartos-se-consolida-y-avanza-en-su-organizacion\/"},"wordCount":570,"publisher":{"@id":"https:\/\/www.revistarambla.com\/#organization"},"image":{"@id":"https:\/\/www.revistarambla.com\/barrios-hartos-se-consolida-y-avanza-en-su-organizacion\/#primaryimage"},"thumbnailUrl":"https:\/\/www.revistarambla.com\/wp-content\/uploads\/2023\/11\/barrios-hartos.jpg","articleSection":["Tribuna Libre"],"inLanguage":"en-GB"},{"@type":"WebPage","@id":"https:\/\/www.revistarambla.com\/barrios-hartos-se-consolida-y-avanza-en-su-organizacion\/","url":"https:\/\/www.revistarambla.com\/barrios-hartos-se-consolida-y-avanza-en-su-organizacion\/","name":"Barrios Hartos se consolida y avanza en su organizaci\u00f3n - Revista Rambla","isPartOf":{"@id":"https:\/\/www.revistarambla.com\/#website"},"primaryImageOfPage":{"@id":"https:\/\/www.revistarambla.com\/barrios-hartos-se-consolida-y-avanza-en-su-organizacion\/#primaryimage"},"image":{"@id":"https:\/\/www.revistarambla.com\/barrios-hartos-se-consolida-y-avanza-en-su-organizacion\/#primaryimage"},"thumbnailUrl":"https:\/\/www.revistarambla.com\/wp-content\/uploads\/2023\/11\/barrios-hartos.jpg","datePublished":"2023-11-19T19:46:49+00:00","breadcrumb":{"@id":"https:\/\/www.revistarambla.com\/barrios-hartos-se-consolida-y-avanza-en-su-organizacion\/#breadcrumb"},"inLanguage":"en-GB","potentialAction":[{"@type":"ReadAction","target":["https:\/\/www.revistarambla.com\/barrios-hartos-se-consolida-y-avanza-en-su-organizacion\/"]}]},{"@type":"ImageObject","inLanguage":"en-GB","@id":"https:\/\/www.revistarambla.com\/barrios-hartos-se-consolida-y-avanza-en-su-organizacion\/#primaryimage","url":"https:\/\/www.revistarambla.com\/wp-content\/uploads\/2023\/11\/barrios-hartos.jpg","contentUrl":"https:\/\/www.revistarambla.com\/wp-content\/uploads\/2023\/11\/barrios-hartos.jpg","width":453,"height":262},{"@type":"BreadcrumbList","@id":"https:\/\/www.revistarambla.com\/barrios-hartos-se-consolida-y-avanza-en-su-organizacion\/#breadcrumb","itemListElement":[{"@type":"ListItem","position":1,"name":"Portada","item":"https:\/\/www.revistarambla.com\/"},{"@type":"ListItem","position":2,"name":"Barrios Hartos se consolida y avanza en su organizaci\u00f3n"}]},{"@type":"WebSite","@id":"https:\/\/www.revistarambla.com\/#website","url":"https:\/\/www.revistarambla.com\/","name":"Revista Rambla Barcelona","description":"Periodismo independiente","publisher":{"@id":"https:\/\/www.revistarambla.com\/#organization"},"potentialAction":[{"@type":"SearchAction","target":{"@type":"EntryPoint","urlTemplate":"https:\/\/www.revistarambla.com\/?s={search_term_string}"},"query-input":{"@type":"PropertyValueSpecification","valueRequired":true,"valueName":"search_term_string"}}],"inLanguage":"en-GB"},{"@type":"Organization","@id":"https:\/\/www.revistarambla.com\/#organization","name":"Revista Rambla","url":"https:\/\/www.revistarambla.com\/","logo":{"@type":"ImageObject","inLanguage":"en-GB","@id":"https:\/\/www.revistarambla.com\/#\/schema\/logo\/image\/","url":"https:\/\/www.revistarambla.com\/wp-content\/uploads\/2020\/09\/banner_rambla_1900x600_BB.png","contentUrl":"https:\/\/www.revistarambla.com\/wp-content\/uploads\/2020\/09\/banner_rambla_1900x600_BB.png","width":1900,"height":600,"caption":"Revista Rambla"},"image":{"@id":"https:\/\/www.revistarambla.com\/#\/schema\/logo\/image\/"},"sameAs":["https:\/\/www.facebook.com\/revistarambla\/","https:\/\/x.com\/revistarambla","https:\/\/www.instagram.com\/revista_rambla","https:\/\/es.linkedin.com\/company\/revista-rambla"]},{"@type":"Person","@id":"https:\/\/www.revistarambla.com\/#\/schema\/person\/2b19179a8ace334b829ad72cc6e6ce97","name":"Barrios Hartos"}]}},"_links":{"self":[{"href":"https:\/\/www.revistarambla.com\/en\/wp-json\/wp\/v2\/posts\/57406","targetHints":{"allow":["GET"]}}],"collection":[{"href":"https:\/\/www.revistarambla.com\/en\/wp-json\/wp\/v2\/posts"}],"about":[{"href":"https:\/\/www.revistarambla.com\/en\/wp-json\/wp\/v2\/types\/post"}],"author":[{"embeddable":true,"href":"https:\/\/www.revistarambla.com\/en\/wp-json\/wp\/v2\/users\/15"}],"replies":[{"embeddable":true,"href":"https:\/\/www.revistarambla.com\/en\/wp-json\/wp\/v2\/comments?post=57406"}],"version-history":[{"count":2,"href":"https:\/\/www.revistarambla.com\/en\/wp-json\/wp\/v2\/posts\/57406\/revisions"}],"predecessor-version":[{"id":57410,"href":"https:\/\/www.revistarambla.com\/en\/wp-json\/wp\/v2\/posts\/57406\/revisions\/57410"}],"wp:featuredmedia":[{"embeddable":true,"href":"https:\/\/www.revistarambla.com\/en\/wp-json\/wp\/v2\/media\/57409"}],"wp:attachment":[{"href":"https:\/\/www.revistarambla.com\/en\/wp-json\/wp\/v2\/media?parent=57406"}],"wp:term":[{"taxonomy":"category","embeddable":true,"href":"https:\/\/www.revistarambla.com\/en\/wp-json\/wp\/v2\/categories?post=57406"},{"taxonomy":"post_tag","embeddable":true,"href":"https:\/\/www.revistarambla.com\/en\/wp-json\/wp\/v2\/tags?post=57406"}],"curies":[{"name":"wp","href":"https:\/\/api.w.org\/{rel}","templated":true}]}}