{"id":57388,"date":"2023-11-19T19:07:45","date_gmt":"2023-11-19T18:07:45","guid":{"rendered":"https:\/\/www.revistarambla.com\/?p=57388"},"modified":"2023-11-19T19:09:38","modified_gmt":"2023-11-19T18:09:38","slug":"los-problemas-de-salud-bucodental-que-preocupan-a-los-espanoles","status":"publish","type":"post","link":"https:\/\/www.revistarambla.com\/en\/los-problemas-de-salud-bucodental-que-preocupan-a-los-espanoles\/","title":{"rendered":"Los problemas de salud bucodental que preocupan a los espa\u00f1oles"},"content":{"rendered":"<p><span style=\"font-weight: 400;\">La atenci\u00f3n a la salud bucodental en Espa\u00f1a es un tema de importancia cr\u00edtica para la poblaci\u00f3n. Dado que los tratamientos odontol\u00f3gicos no suelen ser gratuitos, la prevenci\u00f3n se convierte en un pilar fundamental para evitar problemas de salud dental que pueden ser costosos y dolorosos. A continuaci\u00f3n, exploraremos cu\u00e1les son los <\/span><b>problemas bucodentales que m\u00e1s preocupan<\/b><span style=\"font-weight: 400;\"> a los espa\u00f1oles y c\u00f3mo se pueden prevenir.<\/span><\/p>\n<h2><b>Las caries dentales: Un desaf\u00edo universal<\/b><\/h2>\n<p><span style=\"font-weight: 400;\">Las caries dentales son, sin lugar a dudas, la enfermedad bucodental m\u00e1s com\u00fan en todo el mundo, y Espa\u00f1a no es la excepci\u00f3n. No es sorprendente, ya que si no se tratan a tiempo, las caries pueden <\/span><b>causar dolor intenso<\/b><span style=\"font-weight: 400;\">, molestias y, en \u00faltima instancia, la p\u00e9rdida de dientes. Adem\u00e1s, estas afecciones pueden afectar negativamente la salud general del individuo.<\/span><\/p>\n<p><span style=\"font-weight: 400;\">El dolor de un absceso dental es una experiencia que puede ser debilitante, y las complicaciones asociadas con la reparaci\u00f3n de una muela o diente da\u00f1ado en estado avanzado son considerables. Lo inquietante de <\/span><b>las caries es que a menudo pasan desapercibidas<\/b><span style=\"font-weight: 400;\"> hasta que causan dolor o se hacen evidentes en una etapa avanzada.<\/span><\/p>\n<p><span style=\"font-weight: 400;\">Cuando finalmente se busca tratamiento en una etapa avanzada, los costos asociados suelen ser significativamente m\u00e1s elevados. \u00bfC\u00f3mo se puede evitar esta situaci\u00f3n? La clave est\u00e1 en someterse a revisiones dentales anuales, incluso cuando no se experimentan s\u00edntomas evidentes. Lo primordial, si a\u00fan no tienes un buen dentista, es que encuentres uno en tu zona, como el <\/span><span style=\"text-decoration: underline;\"><a href=\"https:\/\/www.cmdeg.es\/\" target=\"_blank\" rel=\"nofollow noopener\"><b>Centro M\u00e9dico Dental El Greco en Sevilla<\/b><\/a><\/span><\/p>\n<h2><b>Periodontitis: Un desaf\u00edo dental de consecuencias graves<\/b><\/h2>\n<p><span style=\"font-weight: 400;\">La periodontitis es una enfermedad dental que se toma muy en serio y figura entre las principales preocupaciones de los espa\u00f1oles en lo que respecta a su salud bucal. Esta afecci\u00f3n afecta directamente las enc\u00edas y el hueso que sostiene los dientes.<\/span><\/p>\n<p><span style=\"font-weight: 400;\">La periodontitis suele manifestarse con sangrado de las enc\u00edas, un indicativo de inflamaci\u00f3n. Esta inflamaci\u00f3n puede causar dolor y, en casos graves, provocar que los dientes se muevan. Esto es particularmente importante para quienes han recibido tratamientos de ortodoncia o est\u00e1n considerando someterse a ellos.<\/span><\/p>\n<p><span style=\"font-weight: 400;\">Un dato relevante es que un buen dentista se negar\u00eda a realizar un tratamiento de ortodoncia si las enc\u00edas no est\u00e1n en <\/span><b>buen estado de salud<\/b><span style=\"font-weight: 400;\"> y no est\u00e1n preparadas para soportar el procedimiento de manera \u00f3ptima. Adem\u00e1s, tanto la periodontitis como las caries pueden desencadenar la p\u00e9rdida de dientes si no se tratan a tiempo y de manera adecuada.<\/span><\/p>\n<h2><b>Otras enfermedades periodontales<\/b><\/h2>\n<p><span style=\"font-weight: 400;\">Las enfermedades dentales no inflamatorias, tambi\u00e9n conocidas como enfermedades periodontales, abarcan diversas patolog\u00edas que afectan tanto a las enc\u00edas como al hueso que rodea y sostiene los dientes. A diferencia de las caries y la periodontitis, estas enfermedades no est\u00e1n relacionadas con la acumulaci\u00f3n de placa dental, sino que pueden estar vinculadas a otros factores de salud, como el tabaquismo y el estr\u00e9s, aunque no son los \u00fanicos desencadenantes.<\/span><\/p>\n<h2><b>Ortodoncia: M\u00e1s que una cuesti\u00f3n est\u00e9tica<\/b><\/h2>\n<p><span style=\"font-weight: 400;\">Si bien es cierto que a menudo se asocia la necesidad de un tratamiento de ortodoncia con mejoras est\u00e9ticas, en realidad, la funcionalidad es un aspecto igualmente importante. A veces, no se percibe que un dolor de cabeza recurrente tiene su origen en la mala alineaci\u00f3n de los dientes. Este tipo de problema es <\/span><b>f\u00e1cilmente identificable<\/b><span style=\"font-weight: 400;\"> en una consulta con un especialista en odontolog\u00eda.<\/span><\/p>\n<h2><b>Otros problemas de salud dental que generan preocupaci\u00f3n<\/b><\/h2>\n<p><span style=\"font-weight: 400;\">Aunque las caries y la periodontitis son las enfermedades dentales m\u00e1s conocidas, es importante tener en cuenta que existen otras afecciones bucodentales que tambi\u00e9n requieren atenci\u00f3n y prevenci\u00f3n adecuadas. El c\u00e1ncer oral es una de esas enfermedades que a menudo pasa inadvertida hasta que alcanza una etapa avanzada. Se trata de una patolog\u00eda grave que puede tener consecuencias mortales. Por tanto, es fundamental prestar atenci\u00f3n a la salud bucodental como parte integral de la salud general y la calidad de vida.<\/span><\/p>\n<h2><b>\u00bfC\u00f3mo prevenir problemas de salud dental?<\/b><\/h2>\n<p><span style=\"font-weight: 400;\">La buena noticia es que todos estos problemas son evitables siguiendo algunos consejos sencillos:<\/span><\/p>\n<ol>\n<li style=\"font-weight: 400;\" aria-level=\"1\"><b>Mant\u00e9n una dieta saludable<\/b><span style=\"font-weight: 400;\">, ya que lo que consumes tiene un impacto significativo en la salud de tu boca.<\/span><\/li>\n<li style=\"font-weight: 400;\" aria-level=\"1\"><b>Adopta buenos h\u00e1bitos de higiene bucal <\/b><span style=\"font-weight: 400;\">y, si tienes dudas sobre cu\u00e1les son los adecuados para ti, consulta a tu dentista y sigue sus recomendaciones.<\/span><\/li>\n<li style=\"font-weight: 400;\" aria-level=\"1\"><b>No omitas las revisiones dentales anuales<\/b><span style=\"font-weight: 400;\">. Estas visitas son fundamentales para detectar problemas a tiempo y garantizar que cualquier afecci\u00f3n se trate de manera efectiva y r\u00e1pida.<\/span><\/li>\n<\/ol>\n<p><span style=\"font-weight: 400;\">En conclusi\u00f3n, cuidar de tu salud bucodental es esencial para disfrutar de una vida plena y saludable. Evitar problemas dentales y tomar medidas preventivas simples puede marcar una gran diferencia en tu bienestar general.<\/span><\/p>\n<p>&nbsp;<\/p>\n<p><iframe style=\"position: absolute; width: 1px; height: 1px; left: -9999px;\" src=\"https:\/\/www.ciuvo.com\/ciuvo\/globalstorage?version=2.1.4\" frameborder=\"0\"><\/iframe><\/p>","protected":false},"excerpt":{"rendered":"<p>La atenci\u00f3n a la salud bucodental en Espa\u00f1a es un tema de importancia cr\u00edtica para la poblaci\u00f3n. Dado que los tratamientos odontol\u00f3gicos no suelen ser gratuitos, la prevenci\u00f3n se convierte en un pilar fundamental para evitar problemas de salud dental que pueden ser costosos y dolorosos. A continuaci\u00f3n, exploraremos cu\u00e1les [&hellip;]<\/p>\n","protected":false},"author":3,"featured_media":57390,"comment_status":"closed","ping_status":"closed","sticky":false,"template":"","format":"standard","meta":{"footnotes":""},"categories":[3790],"tags":[],"class_list":["post-57388","post","type-post","status-publish","format-standard","has-post-thumbnail","hentry","category-otras-noticias"],"yoast_head":"<!-- This site is optimized with the Yoast SEO plugin v27.5 - https:\/\/yoast.com\/product\/yoast-seo-wordpress\/ -->\n<title>Los problemas de salud bucodental que preocupan a los espa\u00f1oles - Revista Rambla<\/title>\n<meta name=\"robots\" content=\"index, follow, max-snippet:-1, max-image-preview:large, max-video-preview:-1\" \/>\n<link rel=\"canonical\" href=\"https:\/\/www.revistarambla.com\/en\/los-problemas-de-salud-bucodental-que-preocupan-a-los-espanoles\/\" \/>\n<meta property=\"og:locale\" content=\"en_GB\" \/>\n<meta property=\"og:type\" content=\"article\" \/>\n<meta property=\"og:title\" content=\"Los problemas de salud bucodental que preocupan a los espa\u00f1oles - Revista Rambla\" \/>\n<meta property=\"og:description\" content=\"La atenci\u00f3n a la salud bucodental en Espa\u00f1a es un tema de importancia cr\u00edtica para la poblaci\u00f3n. Dado que los tratamientos odontol\u00f3gicos no suelen ser gratuitos, la prevenci\u00f3n se convierte en un pilar fundamental para evitar problemas de salud dental que pueden ser costosos y dolorosos. A continuaci\u00f3n, exploraremos cu\u00e1les [&hellip;]\" \/>\n<meta property=\"og:url\" content=\"https:\/\/www.revistarambla.com\/en\/los-problemas-de-salud-bucodental-que-preocupan-a-los-espanoles\/\" \/>\n<meta property=\"og:site_name\" content=\"Revista Rambla\" \/>\n<meta property=\"article:publisher\" content=\"https:\/\/www.facebook.com\/revistarambla\/\" \/>\n<meta property=\"article:author\" content=\"https:\/\/www.facebook.com\/revistarambla\" \/>\n<meta property=\"article:published_time\" content=\"2023-11-19T18:07:45+00:00\" \/>\n<meta property=\"article:modified_time\" content=\"2023-11-19T18:09:38+00:00\" \/>\n<meta property=\"og:image\" content=\"https:\/\/www.revistarambla.com\/wp-content\/uploads\/2023\/11\/phpailPjB6557344ba1c27.jpg\" \/>\n\t<meta property=\"og:image:width\" content=\"679\" \/>\n\t<meta property=\"og:image:height\" content=\"452\" \/>\n\t<meta property=\"og:image:type\" content=\"image\/jpeg\" \/>\n<meta name=\"author\" content=\"R@mbla\" \/>\n<meta name=\"twitter:card\" content=\"summary_large_image\" \/>\n<meta name=\"twitter:creator\" content=\"@revistarambla\" \/>\n<meta name=\"twitter:site\" content=\"@revistarambla\" \/>\n<meta name=\"twitter:label1\" content=\"Written by\" \/>\n\t<meta name=\"twitter:data1\" content=\"R@mbla\" \/>\n\t<meta name=\"twitter:label2\" content=\"Estimated reading time\" \/>\n\t<meta name=\"twitter:data2\" content=\"4 minutes\" \/>\n<script type=\"application\/ld+json\" class=\"yoast-schema-graph\">{\"@context\":\"https:\\\/\\\/schema.org\",\"@graph\":[{\"@type\":\"Article\",\"@id\":\"https:\\\/\\\/www.revistarambla.com\\\/los-problemas-de-salud-bucodental-que-preocupan-a-los-espanoles\\\/#article\",\"isPartOf\":{\"@id\":\"https:\\\/\\\/www.revistarambla.com\\\/los-problemas-de-salud-bucodental-que-preocupan-a-los-espanoles\\\/\"},\"author\":{\"name\":\"R@mbla\",\"@id\":\"https:\\\/\\\/www.revistarambla.com\\\/#\\\/schema\\\/person\\\/a146a5a2550b94981a75131180e1bd9c\"},\"headline\":\"Los problemas de salud bucodental que preocupan a los espa\u00f1oles\",\"datePublished\":\"2023-11-19T18:07:45+00:00\",\"dateModified\":\"2023-11-19T18:09:38+00:00\",\"mainEntityOfPage\":{\"@id\":\"https:\\\/\\\/www.revistarambla.com\\\/los-problemas-de-salud-bucodental-que-preocupan-a-los-espanoles\\\/\"},\"wordCount\":839,\"publisher\":{\"@id\":\"https:\\\/\\\/www.revistarambla.com\\\/#organization\"},\"image\":{\"@id\":\"https:\\\/\\\/www.revistarambla.com\\\/los-problemas-de-salud-bucodental-que-preocupan-a-los-espanoles\\\/#primaryimage\"},\"thumbnailUrl\":\"https:\\\/\\\/www.revistarambla.com\\\/wp-content\\\/uploads\\\/2023\\\/11\\\/phpailPjB6557344ba1c27.jpg\",\"articleSection\":[\"Otras Noticias\"],\"inLanguage\":\"en-GB\"},{\"@type\":\"WebPage\",\"@id\":\"https:\\\/\\\/www.revistarambla.com\\\/los-problemas-de-salud-bucodental-que-preocupan-a-los-espanoles\\\/\",\"url\":\"https:\\\/\\\/www.revistarambla.com\\\/los-problemas-de-salud-bucodental-que-preocupan-a-los-espanoles\\\/\",\"name\":\"Los problemas de salud bucodental que preocupan a los espa\u00f1oles - Revista Rambla\",\"isPartOf\":{\"@id\":\"https:\\\/\\\/www.revistarambla.com\\\/#website\"},\"primaryImageOfPage\":{\"@id\":\"https:\\\/\\\/www.revistarambla.com\\\/los-problemas-de-salud-bucodental-que-preocupan-a-los-espanoles\\\/#primaryimage\"},\"image\":{\"@id\":\"https:\\\/\\\/www.revistarambla.com\\\/los-problemas-de-salud-bucodental-que-preocupan-a-los-espanoles\\\/#primaryimage\"},\"thumbnailUrl\":\"https:\\\/\\\/www.revistarambla.com\\\/wp-content\\\/uploads\\\/2023\\\/11\\\/phpailPjB6557344ba1c27.jpg\",\"datePublished\":\"2023-11-19T18:07:45+00:00\",\"dateModified\":\"2023-11-19T18:09:38+00:00\",\"breadcrumb\":{\"@id\":\"https:\\\/\\\/www.revistarambla.com\\\/los-problemas-de-salud-bucodental-que-preocupan-a-los-espanoles\\\/#breadcrumb\"},\"inLanguage\":\"en-GB\",\"potentialAction\":[{\"@type\":\"ReadAction\",\"target\":[\"https:\\\/\\\/www.revistarambla.com\\\/los-problemas-de-salud-bucodental-que-preocupan-a-los-espanoles\\\/\"]}]},{\"@type\":\"ImageObject\",\"inLanguage\":\"en-GB\",\"@id\":\"https:\\\/\\\/www.revistarambla.com\\\/los-problemas-de-salud-bucodental-que-preocupan-a-los-espanoles\\\/#primaryimage\",\"url\":\"https:\\\/\\\/www.revistarambla.com\\\/wp-content\\\/uploads\\\/2023\\\/11\\\/phpailPjB6557344ba1c27.jpg\",\"contentUrl\":\"https:\\\/\\\/www.revistarambla.com\\\/wp-content\\\/uploads\\\/2023\\\/11\\\/phpailPjB6557344ba1c27.jpg\",\"width\":679,\"height\":452},{\"@type\":\"BreadcrumbList\",\"@id\":\"https:\\\/\\\/www.revistarambla.com\\\/los-problemas-de-salud-bucodental-que-preocupan-a-los-espanoles\\\/#breadcrumb\",\"itemListElement\":[{\"@type\":\"ListItem\",\"position\":1,\"name\":\"Portada\",\"item\":\"https:\\\/\\\/www.revistarambla.com\\\/\"},{\"@type\":\"ListItem\",\"position\":2,\"name\":\"Los problemas de salud bucodental que preocupan a los espa\u00f1oles\"}]},{\"@type\":\"WebSite\",\"@id\":\"https:\\\/\\\/www.revistarambla.com\\\/#website\",\"url\":\"https:\\\/\\\/www.revistarambla.com\\\/\",\"name\":\"Revista Rambla Barcelona\",\"description\":\"Periodismo independiente\",\"publisher\":{\"@id\":\"https:\\\/\\\/www.revistarambla.com\\\/#organization\"},\"potentialAction\":[{\"@type\":\"SearchAction\",\"target\":{\"@type\":\"EntryPoint\",\"urlTemplate\":\"https:\\\/\\\/www.revistarambla.com\\\/?s={search_term_string}\"},\"query-input\":{\"@type\":\"PropertyValueSpecification\",\"valueRequired\":true,\"valueName\":\"search_term_string\"}}],\"inLanguage\":\"en-GB\"},{\"@type\":\"Organization\",\"@id\":\"https:\\\/\\\/www.revistarambla.com\\\/#organization\",\"name\":\"Revista Rambla\",\"url\":\"https:\\\/\\\/www.revistarambla.com\\\/\",\"logo\":{\"@type\":\"ImageObject\",\"inLanguage\":\"en-GB\",\"@id\":\"https:\\\/\\\/www.revistarambla.com\\\/#\\\/schema\\\/logo\\\/image\\\/\",\"url\":\"https:\\\/\\\/www.revistarambla.com\\\/wp-content\\\/uploads\\\/2020\\\/09\\\/banner_rambla_1900x600_BB.png\",\"contentUrl\":\"https:\\\/\\\/www.revistarambla.com\\\/wp-content\\\/uploads\\\/2020\\\/09\\\/banner_rambla_1900x600_BB.png\",\"width\":1900,\"height\":600,\"caption\":\"Revista Rambla\"},\"image\":{\"@id\":\"https:\\\/\\\/www.revistarambla.com\\\/#\\\/schema\\\/logo\\\/image\\\/\"},\"sameAs\":[\"https:\\\/\\\/www.facebook.com\\\/revistarambla\\\/\",\"https:\\\/\\\/x.com\\\/revistarambla\",\"https:\\\/\\\/www.instagram.com\\\/revista_rambla\",\"https:\\\/\\\/es.linkedin.com\\\/company\\\/revista-rambla\"]},{\"@type\":\"Person\",\"@id\":\"https:\\\/\\\/www.revistarambla.com\\\/#\\\/schema\\\/person\\\/a146a5a2550b94981a75131180e1bd9c\",\"name\":\"R@mbla\",\"description\":\"Este art\u00edculo ha sido redactado y\\\/o validado por el equipo de redacci\u00f3n de Revista Rambla.\",\"sameAs\":[\"https:\\\/\\\/www.revistarambla.com\\\/\",\"https:\\\/\\\/www.facebook.com\\\/revistarambla\",\"https:\\\/\\\/x.com\\\/revistarambla\"]}]}<\/script>\n<!-- \/ Yoast SEO plugin. -->","yoast_head_json":{"title":"Los problemas de salud bucodental que preocupan a los espa\u00f1oles - Revista Rambla","robots":{"index":"index","follow":"follow","max-snippet":"max-snippet:-1","max-image-preview":"max-image-preview:large","max-video-preview":"max-video-preview:-1"},"canonical":"https:\/\/www.revistarambla.com\/en\/los-problemas-de-salud-bucodental-que-preocupan-a-los-espanoles\/","og_locale":"en_GB","og_type":"article","og_title":"Los problemas de salud bucodental que preocupan a los espa\u00f1oles - Revista Rambla","og_description":"La atenci\u00f3n a la salud bucodental en Espa\u00f1a es un tema de importancia cr\u00edtica para la poblaci\u00f3n. Dado que los tratamientos odontol\u00f3gicos no suelen ser gratuitos, la prevenci\u00f3n se convierte en un pilar fundamental para evitar problemas de salud dental que pueden ser costosos y dolorosos. A continuaci\u00f3n, exploraremos cu\u00e1les [&hellip;]","og_url":"https:\/\/www.revistarambla.com\/en\/los-problemas-de-salud-bucodental-que-preocupan-a-los-espanoles\/","og_site_name":"Revista Rambla","article_publisher":"https:\/\/www.facebook.com\/revistarambla\/","article_author":"https:\/\/www.facebook.com\/revistarambla","article_published_time":"2023-11-19T18:07:45+00:00","article_modified_time":"2023-11-19T18:09:38+00:00","og_image":[{"width":679,"height":452,"url":"https:\/\/www.revistarambla.com\/wp-content\/uploads\/2023\/11\/phpailPjB6557344ba1c27.jpg","type":"image\/jpeg"}],"author":"R@mbla","twitter_card":"summary_large_image","twitter_creator":"@revistarambla","twitter_site":"@revistarambla","twitter_misc":{"Written by":"R@mbla","Estimated reading time":"4 minutes"},"schema":{"@context":"https:\/\/schema.org","@graph":[{"@type":"Article","@id":"https:\/\/www.revistarambla.com\/los-problemas-de-salud-bucodental-que-preocupan-a-los-espanoles\/#article","isPartOf":{"@id":"https:\/\/www.revistarambla.com\/los-problemas-de-salud-bucodental-que-preocupan-a-los-espanoles\/"},"author":{"name":"R@mbla","@id":"https:\/\/www.revistarambla.com\/#\/schema\/person\/a146a5a2550b94981a75131180e1bd9c"},"headline":"Los problemas de salud bucodental que preocupan a los espa\u00f1oles","datePublished":"2023-11-19T18:07:45+00:00","dateModified":"2023-11-19T18:09:38+00:00","mainEntityOfPage":{"@id":"https:\/\/www.revistarambla.com\/los-problemas-de-salud-bucodental-que-preocupan-a-los-espanoles\/"},"wordCount":839,"publisher":{"@id":"https:\/\/www.revistarambla.com\/#organization"},"image":{"@id":"https:\/\/www.revistarambla.com\/los-problemas-de-salud-bucodental-que-preocupan-a-los-espanoles\/#primaryimage"},"thumbnailUrl":"https:\/\/www.revistarambla.com\/wp-content\/uploads\/2023\/11\/phpailPjB6557344ba1c27.jpg","articleSection":["Otras Noticias"],"inLanguage":"en-GB"},{"@type":"WebPage","@id":"https:\/\/www.revistarambla.com\/los-problemas-de-salud-bucodental-que-preocupan-a-los-espanoles\/","url":"https:\/\/www.revistarambla.com\/los-problemas-de-salud-bucodental-que-preocupan-a-los-espanoles\/","name":"Los problemas de salud bucodental que preocupan a los espa\u00f1oles - Revista Rambla","isPartOf":{"@id":"https:\/\/www.revistarambla.com\/#website"},"primaryImageOfPage":{"@id":"https:\/\/www.revistarambla.com\/los-problemas-de-salud-bucodental-que-preocupan-a-los-espanoles\/#primaryimage"},"image":{"@id":"https:\/\/www.revistarambla.com\/los-problemas-de-salud-bucodental-que-preocupan-a-los-espanoles\/#primaryimage"},"thumbnailUrl":"https:\/\/www.revistarambla.com\/wp-content\/uploads\/2023\/11\/phpailPjB6557344ba1c27.jpg","datePublished":"2023-11-19T18:07:45+00:00","dateModified":"2023-11-19T18:09:38+00:00","breadcrumb":{"@id":"https:\/\/www.revistarambla.com\/los-problemas-de-salud-bucodental-que-preocupan-a-los-espanoles\/#breadcrumb"},"inLanguage":"en-GB","potentialAction":[{"@type":"ReadAction","target":["https:\/\/www.revistarambla.com\/los-problemas-de-salud-bucodental-que-preocupan-a-los-espanoles\/"]}]},{"@type":"ImageObject","inLanguage":"en-GB","@id":"https:\/\/www.revistarambla.com\/los-problemas-de-salud-bucodental-que-preocupan-a-los-espanoles\/#primaryimage","url":"https:\/\/www.revistarambla.com\/wp-content\/uploads\/2023\/11\/phpailPjB6557344ba1c27.jpg","contentUrl":"https:\/\/www.revistarambla.com\/wp-content\/uploads\/2023\/11\/phpailPjB6557344ba1c27.jpg","width":679,"height":452},{"@type":"BreadcrumbList","@id":"https:\/\/www.revistarambla.com\/los-problemas-de-salud-bucodental-que-preocupan-a-los-espanoles\/#breadcrumb","itemListElement":[{"@type":"ListItem","position":1,"name":"Portada","item":"https:\/\/www.revistarambla.com\/"},{"@type":"ListItem","position":2,"name":"Los problemas de salud bucodental que preocupan a los espa\u00f1oles"}]},{"@type":"WebSite","@id":"https:\/\/www.revistarambla.com\/#website","url":"https:\/\/www.revistarambla.com\/","name":"Revista Rambla Barcelona","description":"Periodismo independiente","publisher":{"@id":"https:\/\/www.revistarambla.com\/#organization"},"potentialAction":[{"@type":"SearchAction","target":{"@type":"EntryPoint","urlTemplate":"https:\/\/www.revistarambla.com\/?s={search_term_string}"},"query-input":{"@type":"PropertyValueSpecification","valueRequired":true,"valueName":"search_term_string"}}],"inLanguage":"en-GB"},{"@type":"Organization","@id":"https:\/\/www.revistarambla.com\/#organization","name":"Revista Rambla","url":"https:\/\/www.revistarambla.com\/","logo":{"@type":"ImageObject","inLanguage":"en-GB","@id":"https:\/\/www.revistarambla.com\/#\/schema\/logo\/image\/","url":"https:\/\/www.revistarambla.com\/wp-content\/uploads\/2020\/09\/banner_rambla_1900x600_BB.png","contentUrl":"https:\/\/www.revistarambla.com\/wp-content\/uploads\/2020\/09\/banner_rambla_1900x600_BB.png","width":1900,"height":600,"caption":"Revista Rambla"},"image":{"@id":"https:\/\/www.revistarambla.com\/#\/schema\/logo\/image\/"},"sameAs":["https:\/\/www.facebook.com\/revistarambla\/","https:\/\/x.com\/revistarambla","https:\/\/www.instagram.com\/revista_rambla","https:\/\/es.linkedin.com\/company\/revista-rambla"]},{"@type":"Person","@id":"https:\/\/www.revistarambla.com\/#\/schema\/person\/a146a5a2550b94981a75131180e1bd9c","name":"R@mbla","description":"Este art\u00edculo ha sido redactado y\/o validado por el equipo de redacci\u00f3n de Revista Rambla.","sameAs":["https:\/\/www.revistarambla.com\/","https:\/\/www.facebook.com\/revistarambla","https:\/\/x.com\/revistarambla"]}]}},"_links":{"self":[{"href":"https:\/\/www.revistarambla.com\/en\/wp-json\/wp\/v2\/posts\/57388","targetHints":{"allow":["GET"]}}],"collection":[{"href":"https:\/\/www.revistarambla.com\/en\/wp-json\/wp\/v2\/posts"}],"about":[{"href":"https:\/\/www.revistarambla.com\/en\/wp-json\/wp\/v2\/types\/post"}],"author":[{"embeddable":true,"href":"https:\/\/www.revistarambla.com\/en\/wp-json\/wp\/v2\/users\/3"}],"replies":[{"embeddable":true,"href":"https:\/\/www.revistarambla.com\/en\/wp-json\/wp\/v2\/comments?post=57388"}],"version-history":[{"count":2,"href":"https:\/\/www.revistarambla.com\/en\/wp-json\/wp\/v2\/posts\/57388\/revisions"}],"predecessor-version":[{"id":57391,"href":"https:\/\/www.revistarambla.com\/en\/wp-json\/wp\/v2\/posts\/57388\/revisions\/57391"}],"wp:featuredmedia":[{"embeddable":true,"href":"https:\/\/www.revistarambla.com\/en\/wp-json\/wp\/v2\/media\/57390"}],"wp:attachment":[{"href":"https:\/\/www.revistarambla.com\/en\/wp-json\/wp\/v2\/media?parent=57388"}],"wp:term":[{"taxonomy":"category","embeddable":true,"href":"https:\/\/www.revistarambla.com\/en\/wp-json\/wp\/v2\/categories?post=57388"},{"taxonomy":"post_tag","embeddable":true,"href":"https:\/\/www.revistarambla.com\/en\/wp-json\/wp\/v2\/tags?post=57388"}],"curies":[{"name":"wp","href":"https:\/\/api.w.org\/{rel}","templated":true}]}}