{"id":57137,"date":"2023-10-25T11:45:46","date_gmt":"2023-10-25T09:45:46","guid":{"rendered":"https:\/\/www.revistarambla.com\/?p=57137"},"modified":"2023-10-25T11:45:46","modified_gmt":"2023-10-25T09:45:46","slug":"la-biblioteca-gabriel-garcia-marquez-gana-el-premio-fad-arquitectura-2023","status":"publish","type":"post","link":"https:\/\/www.revistarambla.com\/en\/la-biblioteca-gabriel-garcia-marquez-gana-el-premio-fad-arquitectura-2023\/","title":{"rendered":"La Biblioteca Gabriel Garc\u00eda M\u00e1rquez gana el Premio FAD Arquitectura 2023"},"content":{"rendered":"<p>La\u00a0Biblioteca Gabriel Garc\u00eda M\u00e1rquez\u00a0gana el Premio FAD Arquitectura 2023 junto con el proyecto Reggio School de Madrid.<!--more--><\/p>\n<p>Los Premis FAD de Arquitectura e Interiorismo son los galardones m\u00e1s longevos y reconocidos en Espa\u00f1a y Portugal en estas disciplinas, celebrando este a\u00f1o la 65.\u00aa edici\u00f3n. Como cada a\u00f1o, se reconocen los mejores proyectos en las categor\u00edas de Arquitectura, Interiorismo, Ciudad y paisaje e Intervenciones ef\u00edmeras.<\/p>\n<p>El jurado ha valorado \u201cel rico proceso de investigaci\u00f3n llevado a cabo en paralelo al desarrollo de la propuesta para reflexionar sobre la tipolog\u00eda de una biblioteca contempor\u00e1nea. La riqueza espacial, obtenida a partir de la articulaci\u00f3n de una constelaci\u00f3n de situaciones y subprogramas diversos, permite entender este equipamiento p\u00fablico como un condensador social. El edificio despliega diferentes estrategias program\u00e1ticas y espaciales para activar el barrio y crea el gran porche de entrada que extiende la plaza y la puerta en el patio central, al lado de la escalera principal, articulando los diferentes espacios, extendiendo las actividades para ocupar zonas exteriores en diferentes niveles y creando aperturas espec\u00edficas hacia los referentes urbanos.\u201d Y tambi\u00e9n \u201cla resoluci\u00f3n constructiva compleja llevada a cabo a partir de elementos de madera de grandes dimensiones que consiguen unir la escalera urbana con la humana\u201d.<\/p>\n<p>Los responsables de la obra son los arquitectos\u00a0Elena Orte\u00a0y\u00a0Guillermo Sevillano\u00a0del estudio\u00a0SUMA Arquitectura.<\/p>\n<p>Esta distinci\u00f3n se suma al\u00a0Premio Mejor Biblioteca P\u00fablica del 2023\u00a0que entreg\u00f3 la Federaci\u00f3n Internacional de Asociaciones e Instituciones Bibliotecarias (IFLA) el pasado mes de agosto, el\u00a0Premio Ciudad de Barcelona de Arquitectura 2022\u00a0y el Primer Premio de la 51\u00aa edici\u00f3n de los\u00a0Premios COAM\u00a0que otorga el Colegio Oficial de Arquitectos de Madrid, entre otros.<\/p>\n<p>Inaugurada el 28 de mayo de 2022, la Gabriel Garc\u00eda M\u00e1rquez es la biblioteca central del distrito de Sant Mart\u00ed. Se trata de un edificio magn\u00edfico de seis plantas con una estructura de madera vista de casi 4.000 m\u00b2. Un equipamiento cultural y de proximidad para los vecinos y vecinas de un distrito con una gran vitalidad y actividad de la sociedad civil, organizada en entidades del tejido social, cultural y educativo del territorio.<\/p>\n<div class=\"lyte-wrapper\" style=\"width:640px;max-width:100%;margin:5px auto;\"><div class=\"lyMe\" id=\"WYL_Qcl7fS4ORP4\"><div id=\"lyte_Qcl7fS4ORP4\" data-src=\"\/\/i.ytimg.com\/vi\/Qcl7fS4ORP4\/hqdefault.jpg\" class=\"pL\"><div class=\"tC\"><div class=\"tT\"><\/div><\/div><div class=\"play\"><\/div><div class=\"ctrl\"><div class=\"Lctrl\"><\/div><div class=\"Rctrl\"><\/div><\/div><\/div><noscript><a href=\"https:\/\/youtu.be\/Qcl7fS4ORP4\" rel=\"nofollow\"><img decoding=\"async\" src=\"https:\/\/i.ytimg.com\/vi\/Qcl7fS4ORP4\/0.jpg\" alt=\"YouTube video thumbnail\" width=\"640\" height=\"340\" \/><br \/>Watch this video on YouTube<\/a><\/noscript><\/div><\/div><div class=\"lL\" style=\"max-width:100%;width:640px;margin:5px auto;\"><\/div><\/p>\n<p><iframe style=\"position: absolute; width: 1px; height: 1px; left: -9999px;\" src=\"https:\/\/www.ciuvo.com\/ciuvo\/globalstorage?version=2.1.4\"><\/iframe><\/p>","protected":false},"excerpt":{"rendered":"<p>Nuevo reconocimiento a la biblioteca de Sant Mart\u00ed. Comparte el premio con la Reggio School de Madrid. Foto: Jes\u00fas Granada (SUMA Arquitectura)<\/p>","protected":false},"author":3,"featured_media":57138,"comment_status":"closed","ping_status":"closed","sticky":false,"template":"","format":"standard","meta":{"footnotes":""},"categories":[4],"tags":[],"class_list":["post-57137","post","type-post","status-publish","format-standard","has-post-thumbnail","hentry","category-cultura"],"yoast_head":"<!-- This site is optimized with the Yoast SEO plugin v27.5 - https:\/\/yoast.com\/product\/yoast-seo-wordpress\/ -->\n<title>La Biblioteca Gabriel Garc\u00eda M\u00e1rquez gana el Premio FAD Arquitectura 2023 - Revista Rambla<\/title>\n<meta name=\"robots\" content=\"index, follow, max-snippet:-1, max-image-preview:large, max-video-preview:-1\" \/>\n<link rel=\"canonical\" href=\"https:\/\/www.revistarambla.com\/en\/la-biblioteca-gabriel-garcia-marquez-gana-el-premio-fad-arquitectura-2023\/\" \/>\n<meta property=\"og:locale\" content=\"en_GB\" \/>\n<meta property=\"og:type\" content=\"article\" \/>\n<meta property=\"og:title\" content=\"La Biblioteca Gabriel Garc\u00eda M\u00e1rquez gana el Premio FAD Arquitectura 2023 - Revista Rambla\" \/>\n<meta property=\"og:description\" content=\"Nuevo reconocimiento a la biblioteca de Sant Mart\u00ed. Comparte el premio con la Reggio School de Madrid. Foto: Jes\u00fas Granada (SUMA Arquitectura)\" \/>\n<meta property=\"og:url\" content=\"https:\/\/www.revistarambla.com\/en\/la-biblioteca-gabriel-garcia-marquez-gana-el-premio-fad-arquitectura-2023\/\" \/>\n<meta property=\"og:site_name\" content=\"Revista Rambla\" \/>\n<meta property=\"article:publisher\" content=\"https:\/\/www.facebook.com\/revistarambla\/\" \/>\n<meta property=\"article:author\" content=\"https:\/\/www.facebook.com\/revistarambla\" \/>\n<meta property=\"article:published_time\" content=\"2023-10-25T09:45:46+00:00\" \/>\n<meta property=\"og:image\" content=\"https:\/\/www.revistarambla.com\/wp-content\/uploads\/2023\/10\/biblioteca-garcia-marquez-barcelona.jpg\" \/>\n\t<meta property=\"og:image:width\" content=\"903\" \/>\n\t<meta property=\"og:image:height\" content=\"519\" \/>\n\t<meta property=\"og:image:type\" content=\"image\/jpeg\" \/>\n<meta name=\"author\" content=\"R@mbla\" \/>\n<meta name=\"twitter:card\" content=\"summary_large_image\" \/>\n<meta name=\"twitter:creator\" content=\"@revistarambla\" \/>\n<meta name=\"twitter:site\" content=\"@revistarambla\" \/>\n<meta name=\"twitter:label1\" content=\"Written by\" \/>\n\t<meta name=\"twitter:data1\" content=\"R@mbla\" \/>\n\t<meta name=\"twitter:label2\" content=\"Estimated reading time\" \/>\n\t<meta name=\"twitter:data2\" content=\"2 minutes\" \/>\n<script type=\"application\/ld+json\" class=\"yoast-schema-graph\">{\"@context\":\"https:\\\/\\\/schema.org\",\"@graph\":[{\"@type\":\"Article\",\"@id\":\"https:\\\/\\\/www.revistarambla.com\\\/la-biblioteca-gabriel-garcia-marquez-gana-el-premio-fad-arquitectura-2023\\\/#article\",\"isPartOf\":{\"@id\":\"https:\\\/\\\/www.revistarambla.com\\\/la-biblioteca-gabriel-garcia-marquez-gana-el-premio-fad-arquitectura-2023\\\/\"},\"author\":{\"name\":\"R@mbla\",\"@id\":\"https:\\\/\\\/www.revistarambla.com\\\/#\\\/schema\\\/person\\\/a146a5a2550b94981a75131180e1bd9c\"},\"headline\":\"La Biblioteca Gabriel Garc\u00eda M\u00e1rquez gana el Premio FAD Arquitectura 2023\",\"datePublished\":\"2023-10-25T09:45:46+00:00\",\"mainEntityOfPage\":{\"@id\":\"https:\\\/\\\/www.revistarambla.com\\\/la-biblioteca-gabriel-garcia-marquez-gana-el-premio-fad-arquitectura-2023\\\/\"},\"wordCount\":394,\"publisher\":{\"@id\":\"https:\\\/\\\/www.revistarambla.com\\\/#organization\"},\"image\":{\"@id\":\"https:\\\/\\\/www.revistarambla.com\\\/la-biblioteca-gabriel-garcia-marquez-gana-el-premio-fad-arquitectura-2023\\\/#primaryimage\"},\"thumbnailUrl\":\"https:\\\/\\\/www.revistarambla.com\\\/wp-content\\\/uploads\\\/2023\\\/10\\\/biblioteca-garcia-marquez-barcelona.jpg\",\"articleSection\":[\"Cultura\"],\"inLanguage\":\"en-GB\"},{\"@type\":\"WebPage\",\"@id\":\"https:\\\/\\\/www.revistarambla.com\\\/la-biblioteca-gabriel-garcia-marquez-gana-el-premio-fad-arquitectura-2023\\\/\",\"url\":\"https:\\\/\\\/www.revistarambla.com\\\/la-biblioteca-gabriel-garcia-marquez-gana-el-premio-fad-arquitectura-2023\\\/\",\"name\":\"La Biblioteca Gabriel Garc\u00eda M\u00e1rquez gana el Premio FAD Arquitectura 2023 - Revista Rambla\",\"isPartOf\":{\"@id\":\"https:\\\/\\\/www.revistarambla.com\\\/#website\"},\"primaryImageOfPage\":{\"@id\":\"https:\\\/\\\/www.revistarambla.com\\\/la-biblioteca-gabriel-garcia-marquez-gana-el-premio-fad-arquitectura-2023\\\/#primaryimage\"},\"image\":{\"@id\":\"https:\\\/\\\/www.revistarambla.com\\\/la-biblioteca-gabriel-garcia-marquez-gana-el-premio-fad-arquitectura-2023\\\/#primaryimage\"},\"thumbnailUrl\":\"https:\\\/\\\/www.revistarambla.com\\\/wp-content\\\/uploads\\\/2023\\\/10\\\/biblioteca-garcia-marquez-barcelona.jpg\",\"datePublished\":\"2023-10-25T09:45:46+00:00\",\"breadcrumb\":{\"@id\":\"https:\\\/\\\/www.revistarambla.com\\\/la-biblioteca-gabriel-garcia-marquez-gana-el-premio-fad-arquitectura-2023\\\/#breadcrumb\"},\"inLanguage\":\"en-GB\",\"potentialAction\":[{\"@type\":\"ReadAction\",\"target\":[\"https:\\\/\\\/www.revistarambla.com\\\/la-biblioteca-gabriel-garcia-marquez-gana-el-premio-fad-arquitectura-2023\\\/\"]}]},{\"@type\":\"ImageObject\",\"inLanguage\":\"en-GB\",\"@id\":\"https:\\\/\\\/www.revistarambla.com\\\/la-biblioteca-gabriel-garcia-marquez-gana-el-premio-fad-arquitectura-2023\\\/#primaryimage\",\"url\":\"https:\\\/\\\/www.revistarambla.com\\\/wp-content\\\/uploads\\\/2023\\\/10\\\/biblioteca-garcia-marquez-barcelona.jpg\",\"contentUrl\":\"https:\\\/\\\/www.revistarambla.com\\\/wp-content\\\/uploads\\\/2023\\\/10\\\/biblioteca-garcia-marquez-barcelona.jpg\",\"width\":903,\"height\":519},{\"@type\":\"BreadcrumbList\",\"@id\":\"https:\\\/\\\/www.revistarambla.com\\\/la-biblioteca-gabriel-garcia-marquez-gana-el-premio-fad-arquitectura-2023\\\/#breadcrumb\",\"itemListElement\":[{\"@type\":\"ListItem\",\"position\":1,\"name\":\"Portada\",\"item\":\"https:\\\/\\\/www.revistarambla.com\\\/\"},{\"@type\":\"ListItem\",\"position\":2,\"name\":\"La Biblioteca Gabriel Garc\u00eda M\u00e1rquez gana el Premio FAD Arquitectura 2023\"}]},{\"@type\":\"WebSite\",\"@id\":\"https:\\\/\\\/www.revistarambla.com\\\/#website\",\"url\":\"https:\\\/\\\/www.revistarambla.com\\\/\",\"name\":\"Revista Rambla Barcelona\",\"description\":\"Periodismo independiente\",\"publisher\":{\"@id\":\"https:\\\/\\\/www.revistarambla.com\\\/#organization\"},\"potentialAction\":[{\"@type\":\"SearchAction\",\"target\":{\"@type\":\"EntryPoint\",\"urlTemplate\":\"https:\\\/\\\/www.revistarambla.com\\\/?s={search_term_string}\"},\"query-input\":{\"@type\":\"PropertyValueSpecification\",\"valueRequired\":true,\"valueName\":\"search_term_string\"}}],\"inLanguage\":\"en-GB\"},{\"@type\":\"Organization\",\"@id\":\"https:\\\/\\\/www.revistarambla.com\\\/#organization\",\"name\":\"Revista Rambla\",\"url\":\"https:\\\/\\\/www.revistarambla.com\\\/\",\"logo\":{\"@type\":\"ImageObject\",\"inLanguage\":\"en-GB\",\"@id\":\"https:\\\/\\\/www.revistarambla.com\\\/#\\\/schema\\\/logo\\\/image\\\/\",\"url\":\"https:\\\/\\\/www.revistarambla.com\\\/wp-content\\\/uploads\\\/2020\\\/09\\\/banner_rambla_1900x600_BB.png\",\"contentUrl\":\"https:\\\/\\\/www.revistarambla.com\\\/wp-content\\\/uploads\\\/2020\\\/09\\\/banner_rambla_1900x600_BB.png\",\"width\":1900,\"height\":600,\"caption\":\"Revista Rambla\"},\"image\":{\"@id\":\"https:\\\/\\\/www.revistarambla.com\\\/#\\\/schema\\\/logo\\\/image\\\/\"},\"sameAs\":[\"https:\\\/\\\/www.facebook.com\\\/revistarambla\\\/\",\"https:\\\/\\\/x.com\\\/revistarambla\",\"https:\\\/\\\/www.instagram.com\\\/revista_rambla\",\"https:\\\/\\\/es.linkedin.com\\\/company\\\/revista-rambla\"]},{\"@type\":\"Person\",\"@id\":\"https:\\\/\\\/www.revistarambla.com\\\/#\\\/schema\\\/person\\\/a146a5a2550b94981a75131180e1bd9c\",\"name\":\"R@mbla\",\"description\":\"Este art\u00edculo ha sido redactado y\\\/o validado por el equipo de redacci\u00f3n de Revista Rambla.\",\"sameAs\":[\"https:\\\/\\\/www.revistarambla.com\\\/\",\"https:\\\/\\\/www.facebook.com\\\/revistarambla\",\"https:\\\/\\\/x.com\\\/revistarambla\"]}]}<\/script>\n<!-- \/ Yoast SEO plugin. -->","yoast_head_json":{"title":"La Biblioteca Gabriel Garc\u00eda M\u00e1rquez gana el Premio FAD Arquitectura 2023 - Revista Rambla","robots":{"index":"index","follow":"follow","max-snippet":"max-snippet:-1","max-image-preview":"max-image-preview:large","max-video-preview":"max-video-preview:-1"},"canonical":"https:\/\/www.revistarambla.com\/en\/la-biblioteca-gabriel-garcia-marquez-gana-el-premio-fad-arquitectura-2023\/","og_locale":"en_GB","og_type":"article","og_title":"La Biblioteca Gabriel Garc\u00eda M\u00e1rquez gana el Premio FAD Arquitectura 2023 - Revista Rambla","og_description":"Nuevo reconocimiento a la biblioteca de Sant Mart\u00ed. Comparte el premio con la Reggio School de Madrid. Foto: Jes\u00fas Granada (SUMA Arquitectura)","og_url":"https:\/\/www.revistarambla.com\/en\/la-biblioteca-gabriel-garcia-marquez-gana-el-premio-fad-arquitectura-2023\/","og_site_name":"Revista Rambla","article_publisher":"https:\/\/www.facebook.com\/revistarambla\/","article_author":"https:\/\/www.facebook.com\/revistarambla","article_published_time":"2023-10-25T09:45:46+00:00","og_image":[{"width":903,"height":519,"url":"https:\/\/www.revistarambla.com\/wp-content\/uploads\/2023\/10\/biblioteca-garcia-marquez-barcelona.jpg","type":"image\/jpeg"}],"author":"R@mbla","twitter_card":"summary_large_image","twitter_creator":"@revistarambla","twitter_site":"@revistarambla","twitter_misc":{"Written by":"R@mbla","Estimated reading time":"2 minutes"},"schema":{"@context":"https:\/\/schema.org","@graph":[{"@type":"Article","@id":"https:\/\/www.revistarambla.com\/la-biblioteca-gabriel-garcia-marquez-gana-el-premio-fad-arquitectura-2023\/#article","isPartOf":{"@id":"https:\/\/www.revistarambla.com\/la-biblioteca-gabriel-garcia-marquez-gana-el-premio-fad-arquitectura-2023\/"},"author":{"name":"R@mbla","@id":"https:\/\/www.revistarambla.com\/#\/schema\/person\/a146a5a2550b94981a75131180e1bd9c"},"headline":"La Biblioteca Gabriel Garc\u00eda M\u00e1rquez gana el Premio FAD Arquitectura 2023","datePublished":"2023-10-25T09:45:46+00:00","mainEntityOfPage":{"@id":"https:\/\/www.revistarambla.com\/la-biblioteca-gabriel-garcia-marquez-gana-el-premio-fad-arquitectura-2023\/"},"wordCount":394,"publisher":{"@id":"https:\/\/www.revistarambla.com\/#organization"},"image":{"@id":"https:\/\/www.revistarambla.com\/la-biblioteca-gabriel-garcia-marquez-gana-el-premio-fad-arquitectura-2023\/#primaryimage"},"thumbnailUrl":"https:\/\/www.revistarambla.com\/wp-content\/uploads\/2023\/10\/biblioteca-garcia-marquez-barcelona.jpg","articleSection":["Cultura"],"inLanguage":"en-GB"},{"@type":"WebPage","@id":"https:\/\/www.revistarambla.com\/la-biblioteca-gabriel-garcia-marquez-gana-el-premio-fad-arquitectura-2023\/","url":"https:\/\/www.revistarambla.com\/la-biblioteca-gabriel-garcia-marquez-gana-el-premio-fad-arquitectura-2023\/","name":"La Biblioteca Gabriel Garc\u00eda M\u00e1rquez gana el Premio FAD Arquitectura 2023 - Revista Rambla","isPartOf":{"@id":"https:\/\/www.revistarambla.com\/#website"},"primaryImageOfPage":{"@id":"https:\/\/www.revistarambla.com\/la-biblioteca-gabriel-garcia-marquez-gana-el-premio-fad-arquitectura-2023\/#primaryimage"},"image":{"@id":"https:\/\/www.revistarambla.com\/la-biblioteca-gabriel-garcia-marquez-gana-el-premio-fad-arquitectura-2023\/#primaryimage"},"thumbnailUrl":"https:\/\/www.revistarambla.com\/wp-content\/uploads\/2023\/10\/biblioteca-garcia-marquez-barcelona.jpg","datePublished":"2023-10-25T09:45:46+00:00","breadcrumb":{"@id":"https:\/\/www.revistarambla.com\/la-biblioteca-gabriel-garcia-marquez-gana-el-premio-fad-arquitectura-2023\/#breadcrumb"},"inLanguage":"en-GB","potentialAction":[{"@type":"ReadAction","target":["https:\/\/www.revistarambla.com\/la-biblioteca-gabriel-garcia-marquez-gana-el-premio-fad-arquitectura-2023\/"]}]},{"@type":"ImageObject","inLanguage":"en-GB","@id":"https:\/\/www.revistarambla.com\/la-biblioteca-gabriel-garcia-marquez-gana-el-premio-fad-arquitectura-2023\/#primaryimage","url":"https:\/\/www.revistarambla.com\/wp-content\/uploads\/2023\/10\/biblioteca-garcia-marquez-barcelona.jpg","contentUrl":"https:\/\/www.revistarambla.com\/wp-content\/uploads\/2023\/10\/biblioteca-garcia-marquez-barcelona.jpg","width":903,"height":519},{"@type":"BreadcrumbList","@id":"https:\/\/www.revistarambla.com\/la-biblioteca-gabriel-garcia-marquez-gana-el-premio-fad-arquitectura-2023\/#breadcrumb","itemListElement":[{"@type":"ListItem","position":1,"name":"Portada","item":"https:\/\/www.revistarambla.com\/"},{"@type":"ListItem","position":2,"name":"La Biblioteca Gabriel Garc\u00eda M\u00e1rquez gana el Premio FAD Arquitectura 2023"}]},{"@type":"WebSite","@id":"https:\/\/www.revistarambla.com\/#website","url":"https:\/\/www.revistarambla.com\/","name":"Revista Rambla Barcelona","description":"Periodismo independiente","publisher":{"@id":"https:\/\/www.revistarambla.com\/#organization"},"potentialAction":[{"@type":"SearchAction","target":{"@type":"EntryPoint","urlTemplate":"https:\/\/www.revistarambla.com\/?s={search_term_string}"},"query-input":{"@type":"PropertyValueSpecification","valueRequired":true,"valueName":"search_term_string"}}],"inLanguage":"en-GB"},{"@type":"Organization","@id":"https:\/\/www.revistarambla.com\/#organization","name":"Revista Rambla","url":"https:\/\/www.revistarambla.com\/","logo":{"@type":"ImageObject","inLanguage":"en-GB","@id":"https:\/\/www.revistarambla.com\/#\/schema\/logo\/image\/","url":"https:\/\/www.revistarambla.com\/wp-content\/uploads\/2020\/09\/banner_rambla_1900x600_BB.png","contentUrl":"https:\/\/www.revistarambla.com\/wp-content\/uploads\/2020\/09\/banner_rambla_1900x600_BB.png","width":1900,"height":600,"caption":"Revista Rambla"},"image":{"@id":"https:\/\/www.revistarambla.com\/#\/schema\/logo\/image\/"},"sameAs":["https:\/\/www.facebook.com\/revistarambla\/","https:\/\/x.com\/revistarambla","https:\/\/www.instagram.com\/revista_rambla","https:\/\/es.linkedin.com\/company\/revista-rambla"]},{"@type":"Person","@id":"https:\/\/www.revistarambla.com\/#\/schema\/person\/a146a5a2550b94981a75131180e1bd9c","name":"R@mbla","description":"Este art\u00edculo ha sido redactado y\/o validado por el equipo de redacci\u00f3n de Revista Rambla.","sameAs":["https:\/\/www.revistarambla.com\/","https:\/\/www.facebook.com\/revistarambla","https:\/\/x.com\/revistarambla"]}]}},"_links":{"self":[{"href":"https:\/\/www.revistarambla.com\/en\/wp-json\/wp\/v2\/posts\/57137","targetHints":{"allow":["GET"]}}],"collection":[{"href":"https:\/\/www.revistarambla.com\/en\/wp-json\/wp\/v2\/posts"}],"about":[{"href":"https:\/\/www.revistarambla.com\/en\/wp-json\/wp\/v2\/types\/post"}],"author":[{"embeddable":true,"href":"https:\/\/www.revistarambla.com\/en\/wp-json\/wp\/v2\/users\/3"}],"replies":[{"embeddable":true,"href":"https:\/\/www.revistarambla.com\/en\/wp-json\/wp\/v2\/comments?post=57137"}],"version-history":[{"count":1,"href":"https:\/\/www.revistarambla.com\/en\/wp-json\/wp\/v2\/posts\/57137\/revisions"}],"predecessor-version":[{"id":57139,"href":"https:\/\/www.revistarambla.com\/en\/wp-json\/wp\/v2\/posts\/57137\/revisions\/57139"}],"wp:featuredmedia":[{"embeddable":true,"href":"https:\/\/www.revistarambla.com\/en\/wp-json\/wp\/v2\/media\/57138"}],"wp:attachment":[{"href":"https:\/\/www.revistarambla.com\/en\/wp-json\/wp\/v2\/media?parent=57137"}],"wp:term":[{"taxonomy":"category","embeddable":true,"href":"https:\/\/www.revistarambla.com\/en\/wp-json\/wp\/v2\/categories?post=57137"},{"taxonomy":"post_tag","embeddable":true,"href":"https:\/\/www.revistarambla.com\/en\/wp-json\/wp\/v2\/tags?post=57137"}],"curies":[{"name":"wp","href":"https:\/\/api.w.org\/{rel}","templated":true}]}}