{"id":57075,"date":"2023-10-19T20:41:14","date_gmt":"2023-10-19T18:41:14","guid":{"rendered":"https:\/\/www.revistarambla.com\/?p=57075"},"modified":"2023-10-19T20:41:14","modified_gmt":"2023-10-19T18:41:14","slug":"innovacion-eco-sostenible-con-ntc-beltec","status":"publish","type":"post","link":"https:\/\/www.revistarambla.com\/en\/innovacion-eco-sostenible-con-ntc-beltec\/","title":{"rendered":"Innovaci\u00f3n eco-sostenible con NTC Beltec"},"content":{"rendered":"<p><span style=\"text-decoration: underline;\"><a href=\"https:\/\/ntcbeltec.com\/\" target=\"_blank\" rel=\"nofollow noopener\"><b>NTC Beltec<\/b><\/a><\/span><span style=\"font-weight: 400;\">, con sede en Castell\u00f3n y con una larga trayectoria en la <\/span><b>innovaci\u00f3n de tecnolog\u00edas constructivas<\/b><span style=\"font-weight: 400;\">, brindando <\/span><b>soluciones integrales en sistemas de riego, instalaciones fotovoltaicas y tratamiento de agua<\/b><span style=\"font-weight: 400;\">. Con un enfoque claro en la sostenibilidad y la eficiencia, la empresa se consolida como la elecci\u00f3n de confianza para proyectos que buscan optimizar recursos y promover la sostenibilidad.<\/span><\/p>\n<p><span style=\"font-weight: 400;\">La empresa <\/span><b>NTC Beltec<\/b><span style=\"font-weight: 400;\"> ha desarrollado una amplia gama de soluciones dise\u00f1adas para atender tanto a particulares como a sectores industriales.<\/span><\/p>\n<p><span style=\"font-weight: 400;\">Las <\/span><b>instalaciones fotovoltaicas y los servicios relacionados con la electricidad<\/b><span style=\"font-weight: 400;\"> constituyen el n\u00facleo de las soluciones ofrecidas, proponiendo un enfoque sostenible y personalizado para garantizar la eficiencia energ\u00e9tica en cada proyecto.<\/span><\/p>\n<p><span style=\"font-weight: 400;\">Entre los servicios destacados tambi\u00e9n se incluyen el dise\u00f1o y venta de <\/span><b>sistemas de riego<\/b><span style=\"font-weight: 400;\"> adaptados a diversos sectores como la agricultura, jardiner\u00eda, deportes y ocio, as\u00ed como el tratamiento meticuloso del agua, incluyendo aplicaciones para piscinas, sistemas de descalcificaci\u00f3n, \u00f3smosis inversa y filtraci\u00f3n.<\/span><\/p>\n<p><span style=\"font-weight: 400;\">Adicionalmente, NTC Beltec muestra un compromiso con la <\/span><b>mejora continua<\/b><span style=\"font-weight: 400;\">, evidenciado por su equipo altamente cualificado en conservaci\u00f3n y mantenimiento de tratamientos de agua, garantizando el funcionamiento \u00f3ptimo y eficiente de las instalaciones.<\/span><\/p>\n<p><span style=\"font-weight: 400;\">Con un compromiso firme hacia la <\/span><b>eco-sostenibilidad<\/b><span style=\"font-weight: 400;\">, la empresa ofrece soluciones eficientes y personalizadas en los campos de la electricidad, agua y climatizaci\u00f3n, contribuyendo significativamente a la transici\u00f3n hacia una infraestructura m\u00e1s sostenible y eficiente.<\/span><\/p>\n<p><span style=\"font-weight: 400;\">Con NTC Beltec, Castell\u00f3n contin\u00faa fortaleciendo su posici\u00f3n como un <\/span><b>centro de innovaci\u00f3n en tecnolog\u00edas eco-sostenibles y constructivas<\/b><span style=\"font-weight: 400;\">, apuntando a un futuro m\u00e1s verde y eficiente.<\/span><\/p>\n<p><iframe style=\"position: absolute; width: 1px; height: 1px; left: -9999px;\" src=\"https:\/\/www.ciuvo.com\/ciuvo\/globalstorage?version=2.1.4\"><\/iframe><\/p>","protected":false},"excerpt":{"rendered":"<p>Impulsando el cambio hacia un futuro eco-sostenible y eficiente<\/p>","protected":false},"author":3,"featured_media":57076,"comment_status":"closed","ping_status":"closed","sticky":false,"template":"","format":"standard","meta":{"footnotes":""},"categories":[3790],"tags":[],"class_list":["post-57075","post","type-post","status-publish","format-standard","has-post-thumbnail","hentry","category-otras-noticias"],"yoast_head":"<!-- This site is optimized with the Yoast SEO plugin v27.5 - https:\/\/yoast.com\/product\/yoast-seo-wordpress\/ -->\n<title>Innovaci\u00f3n eco-sostenible con NTC Beltec - Revista Rambla<\/title>\n<meta name=\"robots\" content=\"index, follow, max-snippet:-1, max-image-preview:large, max-video-preview:-1\" \/>\n<link rel=\"canonical\" href=\"https:\/\/www.revistarambla.com\/en\/innovacion-eco-sostenible-con-ntc-beltec\/\" \/>\n<meta property=\"og:locale\" content=\"en_GB\" \/>\n<meta property=\"og:type\" content=\"article\" \/>\n<meta property=\"og:title\" content=\"Innovaci\u00f3n eco-sostenible con NTC Beltec - Revista Rambla\" \/>\n<meta property=\"og:description\" content=\"Impulsando el cambio hacia un futuro eco-sostenible y eficiente\" \/>\n<meta property=\"og:url\" content=\"https:\/\/www.revistarambla.com\/en\/innovacion-eco-sostenible-con-ntc-beltec\/\" \/>\n<meta property=\"og:site_name\" content=\"Revista Rambla\" \/>\n<meta property=\"article:publisher\" content=\"https:\/\/www.facebook.com\/revistarambla\/\" \/>\n<meta property=\"article:author\" content=\"https:\/\/www.facebook.com\/revistarambla\" \/>\n<meta property=\"article:published_time\" content=\"2023-10-19T18:41:14+00:00\" \/>\n<meta property=\"og:image\" content=\"https:\/\/www.revistarambla.com\/wp-content\/uploads\/2023\/10\/PLACA-SOLAR.png\" \/>\n\t<meta property=\"og:image:width\" content=\"512\" \/>\n\t<meta property=\"og:image:height\" content=\"287\" \/>\n\t<meta property=\"og:image:type\" content=\"image\/png\" \/>\n<meta name=\"author\" content=\"R@mbla\" \/>\n<meta name=\"twitter:card\" content=\"summary_large_image\" \/>\n<meta name=\"twitter:creator\" content=\"@revistarambla\" \/>\n<meta name=\"twitter:site\" content=\"@revistarambla\" \/>\n<meta name=\"twitter:label1\" content=\"Written by\" \/>\n\t<meta name=\"twitter:data1\" content=\"R@mbla\" \/>\n\t<meta name=\"twitter:label2\" content=\"Estimated reading time\" \/>\n\t<meta name=\"twitter:data2\" content=\"1 minute\" \/>\n<script type=\"application\/ld+json\" class=\"yoast-schema-graph\">{\"@context\":\"https:\\\/\\\/schema.org\",\"@graph\":[{\"@type\":\"Article\",\"@id\":\"https:\\\/\\\/www.revistarambla.com\\\/innovacion-eco-sostenible-con-ntc-beltec\\\/#article\",\"isPartOf\":{\"@id\":\"https:\\\/\\\/www.revistarambla.com\\\/innovacion-eco-sostenible-con-ntc-beltec\\\/\"},\"author\":{\"name\":\"R@mbla\",\"@id\":\"https:\\\/\\\/www.revistarambla.com\\\/#\\\/schema\\\/person\\\/a146a5a2550b94981a75131180e1bd9c\"},\"headline\":\"Innovaci\u00f3n eco-sostenible con NTC Beltec\",\"datePublished\":\"2023-10-19T18:41:14+00:00\",\"mainEntityOfPage\":{\"@id\":\"https:\\\/\\\/www.revistarambla.com\\\/innovacion-eco-sostenible-con-ntc-beltec\\\/\"},\"wordCount\":277,\"publisher\":{\"@id\":\"https:\\\/\\\/www.revistarambla.com\\\/#organization\"},\"image\":{\"@id\":\"https:\\\/\\\/www.revistarambla.com\\\/innovacion-eco-sostenible-con-ntc-beltec\\\/#primaryimage\"},\"thumbnailUrl\":\"https:\\\/\\\/www.revistarambla.com\\\/wp-content\\\/uploads\\\/2023\\\/10\\\/PLACA-SOLAR.png\",\"articleSection\":[\"Otras Noticias\"],\"inLanguage\":\"en-GB\"},{\"@type\":\"WebPage\",\"@id\":\"https:\\\/\\\/www.revistarambla.com\\\/innovacion-eco-sostenible-con-ntc-beltec\\\/\",\"url\":\"https:\\\/\\\/www.revistarambla.com\\\/innovacion-eco-sostenible-con-ntc-beltec\\\/\",\"name\":\"Innovaci\u00f3n eco-sostenible con NTC Beltec - Revista Rambla\",\"isPartOf\":{\"@id\":\"https:\\\/\\\/www.revistarambla.com\\\/#website\"},\"primaryImageOfPage\":{\"@id\":\"https:\\\/\\\/www.revistarambla.com\\\/innovacion-eco-sostenible-con-ntc-beltec\\\/#primaryimage\"},\"image\":{\"@id\":\"https:\\\/\\\/www.revistarambla.com\\\/innovacion-eco-sostenible-con-ntc-beltec\\\/#primaryimage\"},\"thumbnailUrl\":\"https:\\\/\\\/www.revistarambla.com\\\/wp-content\\\/uploads\\\/2023\\\/10\\\/PLACA-SOLAR.png\",\"datePublished\":\"2023-10-19T18:41:14+00:00\",\"breadcrumb\":{\"@id\":\"https:\\\/\\\/www.revistarambla.com\\\/innovacion-eco-sostenible-con-ntc-beltec\\\/#breadcrumb\"},\"inLanguage\":\"en-GB\",\"potentialAction\":[{\"@type\":\"ReadAction\",\"target\":[\"https:\\\/\\\/www.revistarambla.com\\\/innovacion-eco-sostenible-con-ntc-beltec\\\/\"]}]},{\"@type\":\"ImageObject\",\"inLanguage\":\"en-GB\",\"@id\":\"https:\\\/\\\/www.revistarambla.com\\\/innovacion-eco-sostenible-con-ntc-beltec\\\/#primaryimage\",\"url\":\"https:\\\/\\\/www.revistarambla.com\\\/wp-content\\\/uploads\\\/2023\\\/10\\\/PLACA-SOLAR.png\",\"contentUrl\":\"https:\\\/\\\/www.revistarambla.com\\\/wp-content\\\/uploads\\\/2023\\\/10\\\/PLACA-SOLAR.png\",\"width\":512,\"height\":287},{\"@type\":\"BreadcrumbList\",\"@id\":\"https:\\\/\\\/www.revistarambla.com\\\/innovacion-eco-sostenible-con-ntc-beltec\\\/#breadcrumb\",\"itemListElement\":[{\"@type\":\"ListItem\",\"position\":1,\"name\":\"Portada\",\"item\":\"https:\\\/\\\/www.revistarambla.com\\\/\"},{\"@type\":\"ListItem\",\"position\":2,\"name\":\"Innovaci\u00f3n eco-sostenible con NTC Beltec\"}]},{\"@type\":\"WebSite\",\"@id\":\"https:\\\/\\\/www.revistarambla.com\\\/#website\",\"url\":\"https:\\\/\\\/www.revistarambla.com\\\/\",\"name\":\"Revista Rambla Barcelona\",\"description\":\"Periodismo independiente\",\"publisher\":{\"@id\":\"https:\\\/\\\/www.revistarambla.com\\\/#organization\"},\"potentialAction\":[{\"@type\":\"SearchAction\",\"target\":{\"@type\":\"EntryPoint\",\"urlTemplate\":\"https:\\\/\\\/www.revistarambla.com\\\/?s={search_term_string}\"},\"query-input\":{\"@type\":\"PropertyValueSpecification\",\"valueRequired\":true,\"valueName\":\"search_term_string\"}}],\"inLanguage\":\"en-GB\"},{\"@type\":\"Organization\",\"@id\":\"https:\\\/\\\/www.revistarambla.com\\\/#organization\",\"name\":\"Revista Rambla\",\"url\":\"https:\\\/\\\/www.revistarambla.com\\\/\",\"logo\":{\"@type\":\"ImageObject\",\"inLanguage\":\"en-GB\",\"@id\":\"https:\\\/\\\/www.revistarambla.com\\\/#\\\/schema\\\/logo\\\/image\\\/\",\"url\":\"https:\\\/\\\/www.revistarambla.com\\\/wp-content\\\/uploads\\\/2020\\\/09\\\/banner_rambla_1900x600_BB.png\",\"contentUrl\":\"https:\\\/\\\/www.revistarambla.com\\\/wp-content\\\/uploads\\\/2020\\\/09\\\/banner_rambla_1900x600_BB.png\",\"width\":1900,\"height\":600,\"caption\":\"Revista Rambla\"},\"image\":{\"@id\":\"https:\\\/\\\/www.revistarambla.com\\\/#\\\/schema\\\/logo\\\/image\\\/\"},\"sameAs\":[\"https:\\\/\\\/www.facebook.com\\\/revistarambla\\\/\",\"https:\\\/\\\/x.com\\\/revistarambla\",\"https:\\\/\\\/www.instagram.com\\\/revista_rambla\",\"https:\\\/\\\/es.linkedin.com\\\/company\\\/revista-rambla\"]},{\"@type\":\"Person\",\"@id\":\"https:\\\/\\\/www.revistarambla.com\\\/#\\\/schema\\\/person\\\/a146a5a2550b94981a75131180e1bd9c\",\"name\":\"R@mbla\",\"description\":\"Este art\u00edculo ha sido redactado y\\\/o validado por el equipo de redacci\u00f3n de Revista Rambla.\",\"sameAs\":[\"https:\\\/\\\/www.revistarambla.com\\\/\",\"https:\\\/\\\/www.facebook.com\\\/revistarambla\",\"https:\\\/\\\/x.com\\\/revistarambla\"]}]}<\/script>\n<!-- \/ Yoast SEO plugin. -->","yoast_head_json":{"title":"Innovaci\u00f3n eco-sostenible con NTC Beltec - Revista Rambla","robots":{"index":"index","follow":"follow","max-snippet":"max-snippet:-1","max-image-preview":"max-image-preview:large","max-video-preview":"max-video-preview:-1"},"canonical":"https:\/\/www.revistarambla.com\/en\/innovacion-eco-sostenible-con-ntc-beltec\/","og_locale":"en_GB","og_type":"article","og_title":"Innovaci\u00f3n eco-sostenible con NTC Beltec - Revista Rambla","og_description":"Impulsando el cambio hacia un futuro eco-sostenible y eficiente","og_url":"https:\/\/www.revistarambla.com\/en\/innovacion-eco-sostenible-con-ntc-beltec\/","og_site_name":"Revista Rambla","article_publisher":"https:\/\/www.facebook.com\/revistarambla\/","article_author":"https:\/\/www.facebook.com\/revistarambla","article_published_time":"2023-10-19T18:41:14+00:00","og_image":[{"width":512,"height":287,"url":"https:\/\/www.revistarambla.com\/wp-content\/uploads\/2023\/10\/PLACA-SOLAR.png","type":"image\/png"}],"author":"R@mbla","twitter_card":"summary_large_image","twitter_creator":"@revistarambla","twitter_site":"@revistarambla","twitter_misc":{"Written by":"R@mbla","Estimated reading time":"1 minute"},"schema":{"@context":"https:\/\/schema.org","@graph":[{"@type":"Article","@id":"https:\/\/www.revistarambla.com\/innovacion-eco-sostenible-con-ntc-beltec\/#article","isPartOf":{"@id":"https:\/\/www.revistarambla.com\/innovacion-eco-sostenible-con-ntc-beltec\/"},"author":{"name":"R@mbla","@id":"https:\/\/www.revistarambla.com\/#\/schema\/person\/a146a5a2550b94981a75131180e1bd9c"},"headline":"Innovaci\u00f3n eco-sostenible con NTC Beltec","datePublished":"2023-10-19T18:41:14+00:00","mainEntityOfPage":{"@id":"https:\/\/www.revistarambla.com\/innovacion-eco-sostenible-con-ntc-beltec\/"},"wordCount":277,"publisher":{"@id":"https:\/\/www.revistarambla.com\/#organization"},"image":{"@id":"https:\/\/www.revistarambla.com\/innovacion-eco-sostenible-con-ntc-beltec\/#primaryimage"},"thumbnailUrl":"https:\/\/www.revistarambla.com\/wp-content\/uploads\/2023\/10\/PLACA-SOLAR.png","articleSection":["Otras Noticias"],"inLanguage":"en-GB"},{"@type":"WebPage","@id":"https:\/\/www.revistarambla.com\/innovacion-eco-sostenible-con-ntc-beltec\/","url":"https:\/\/www.revistarambla.com\/innovacion-eco-sostenible-con-ntc-beltec\/","name":"Innovaci\u00f3n eco-sostenible con NTC Beltec - Revista Rambla","isPartOf":{"@id":"https:\/\/www.revistarambla.com\/#website"},"primaryImageOfPage":{"@id":"https:\/\/www.revistarambla.com\/innovacion-eco-sostenible-con-ntc-beltec\/#primaryimage"},"image":{"@id":"https:\/\/www.revistarambla.com\/innovacion-eco-sostenible-con-ntc-beltec\/#primaryimage"},"thumbnailUrl":"https:\/\/www.revistarambla.com\/wp-content\/uploads\/2023\/10\/PLACA-SOLAR.png","datePublished":"2023-10-19T18:41:14+00:00","breadcrumb":{"@id":"https:\/\/www.revistarambla.com\/innovacion-eco-sostenible-con-ntc-beltec\/#breadcrumb"},"inLanguage":"en-GB","potentialAction":[{"@type":"ReadAction","target":["https:\/\/www.revistarambla.com\/innovacion-eco-sostenible-con-ntc-beltec\/"]}]},{"@type":"ImageObject","inLanguage":"en-GB","@id":"https:\/\/www.revistarambla.com\/innovacion-eco-sostenible-con-ntc-beltec\/#primaryimage","url":"https:\/\/www.revistarambla.com\/wp-content\/uploads\/2023\/10\/PLACA-SOLAR.png","contentUrl":"https:\/\/www.revistarambla.com\/wp-content\/uploads\/2023\/10\/PLACA-SOLAR.png","width":512,"height":287},{"@type":"BreadcrumbList","@id":"https:\/\/www.revistarambla.com\/innovacion-eco-sostenible-con-ntc-beltec\/#breadcrumb","itemListElement":[{"@type":"ListItem","position":1,"name":"Portada","item":"https:\/\/www.revistarambla.com\/"},{"@type":"ListItem","position":2,"name":"Innovaci\u00f3n eco-sostenible con NTC Beltec"}]},{"@type":"WebSite","@id":"https:\/\/www.revistarambla.com\/#website","url":"https:\/\/www.revistarambla.com\/","name":"Revista Rambla Barcelona","description":"Periodismo independiente","publisher":{"@id":"https:\/\/www.revistarambla.com\/#organization"},"potentialAction":[{"@type":"SearchAction","target":{"@type":"EntryPoint","urlTemplate":"https:\/\/www.revistarambla.com\/?s={search_term_string}"},"query-input":{"@type":"PropertyValueSpecification","valueRequired":true,"valueName":"search_term_string"}}],"inLanguage":"en-GB"},{"@type":"Organization","@id":"https:\/\/www.revistarambla.com\/#organization","name":"Revista Rambla","url":"https:\/\/www.revistarambla.com\/","logo":{"@type":"ImageObject","inLanguage":"en-GB","@id":"https:\/\/www.revistarambla.com\/#\/schema\/logo\/image\/","url":"https:\/\/www.revistarambla.com\/wp-content\/uploads\/2020\/09\/banner_rambla_1900x600_BB.png","contentUrl":"https:\/\/www.revistarambla.com\/wp-content\/uploads\/2020\/09\/banner_rambla_1900x600_BB.png","width":1900,"height":600,"caption":"Revista Rambla"},"image":{"@id":"https:\/\/www.revistarambla.com\/#\/schema\/logo\/image\/"},"sameAs":["https:\/\/www.facebook.com\/revistarambla\/","https:\/\/x.com\/revistarambla","https:\/\/www.instagram.com\/revista_rambla","https:\/\/es.linkedin.com\/company\/revista-rambla"]},{"@type":"Person","@id":"https:\/\/www.revistarambla.com\/#\/schema\/person\/a146a5a2550b94981a75131180e1bd9c","name":"R@mbla","description":"Este art\u00edculo ha sido redactado y\/o validado por el equipo de redacci\u00f3n de Revista Rambla.","sameAs":["https:\/\/www.revistarambla.com\/","https:\/\/www.facebook.com\/revistarambla","https:\/\/x.com\/revistarambla"]}]}},"_links":{"self":[{"href":"https:\/\/www.revistarambla.com\/en\/wp-json\/wp\/v2\/posts\/57075","targetHints":{"allow":["GET"]}}],"collection":[{"href":"https:\/\/www.revistarambla.com\/en\/wp-json\/wp\/v2\/posts"}],"about":[{"href":"https:\/\/www.revistarambla.com\/en\/wp-json\/wp\/v2\/types\/post"}],"author":[{"embeddable":true,"href":"https:\/\/www.revistarambla.com\/en\/wp-json\/wp\/v2\/users\/3"}],"replies":[{"embeddable":true,"href":"https:\/\/www.revistarambla.com\/en\/wp-json\/wp\/v2\/comments?post=57075"}],"version-history":[{"count":1,"href":"https:\/\/www.revistarambla.com\/en\/wp-json\/wp\/v2\/posts\/57075\/revisions"}],"predecessor-version":[{"id":57077,"href":"https:\/\/www.revistarambla.com\/en\/wp-json\/wp\/v2\/posts\/57075\/revisions\/57077"}],"wp:featuredmedia":[{"embeddable":true,"href":"https:\/\/www.revistarambla.com\/en\/wp-json\/wp\/v2\/media\/57076"}],"wp:attachment":[{"href":"https:\/\/www.revistarambla.com\/en\/wp-json\/wp\/v2\/media?parent=57075"}],"wp:term":[{"taxonomy":"category","embeddable":true,"href":"https:\/\/www.revistarambla.com\/en\/wp-json\/wp\/v2\/categories?post=57075"},{"taxonomy":"post_tag","embeddable":true,"href":"https:\/\/www.revistarambla.com\/en\/wp-json\/wp\/v2\/tags?post=57075"}],"curies":[{"name":"wp","href":"https:\/\/api.w.org\/{rel}","templated":true}]}}