{"id":57065,"date":"2023-10-19T20:08:48","date_gmt":"2023-10-19T18:08:48","guid":{"rendered":"https:\/\/www.revistarambla.com\/?p=57065"},"modified":"2023-10-19T20:08:48","modified_gmt":"2023-10-19T18:08:48","slug":"en-libertad-un-detenido-de-origen-irlandes-por-trafico-de-drogas-en-el-aeropuerto-de-ibiza","status":"publish","type":"post","link":"https:\/\/www.revistarambla.com\/en\/en-libertad-un-detenido-de-origen-irlandes-por-trafico-de-drogas-en-el-aeropuerto-de-ibiza\/","title":{"rendered":"En libertad un detenido de origen irland\u00e9s por tr\u00e1fico de drogas en el aeropuerto de Ibiza"},"content":{"rendered":"<p style=\"text-align: left;\" align=\"JUSTIFY\">El Juzgado de Instrucci\u00f3n n\u00famero 4 de Ibiza ha ordenado la liberaci\u00f3n incondicional de un ciudadano de origen irland\u00e9s sin imponerle fianza ni exigirle que se presente en los Juzgados o entregue su pasaporte. Ha sido defendido por <span style=\"text-decoration: underline;\"><a href=\"https:\/\/abogadopenalistagranada.es\/casos-de-exito\/abogado-penalista-aeropuerto-ibiza\/\">abogado penalista aeropuerto Ibiza<\/a><\/span>.<\/p>\n<p style=\"text-align: left;\" align=\"JUSTIFY\">Este presunto traficante ha sido defendido por el <span style=\"text-decoration: underline;\"><a href=\"https:\/\/abogadopenalistagranada.es\/\">abogado penalista Granada<\/a><\/span> F\u00e9lix Fern\u00e1ndez. Este individuo fue arrestado por la Guardia Civil en el aeropuerto de Ibiza despu\u00e9s de que los perros polic\u00eda detectaran drogas en su posesi\u00f3n, incluyendo coca\u00edna, \u00e9xtasis y marihuana, escondidas en una botella de gel.<\/p>\n<p style=\"text-align: left;\" align=\"JUSTIFY\">El arresto tuvo lugar en agosto, durante una inspecci\u00f3n de rutina de drogas realizada por la Guardia Civil de Ibiza en el punto de control fiscal de vuelos procedentes de fuera de la Uni\u00f3n Europea.<\/p>\n<p style=\"text-align: left;\" align=\"JUSTIFY\">Durante la inspecci\u00f3n antidrogas de rutina, el perro del Servicio Cinol\u00f3gico de la Guardia Civil marc\u00f3 la maleta de nuestro cliente. Como resultado, la Guardia Civil lo detuvo por delitos contra la salud p\u00fablica, espec\u00edficamente por tr\u00e1fico de drogas. \u00bf<span style=\"text-decoration: underline;\"><a href=\"https:\/\/abogadopenalistagranada.es\/delito-contra-salud-publica\/cuanto-hachis-puedo-llevar-encima\/\">Cu\u00e1nto hach\u00eds puedo llevar encima<\/a><\/span>? Es la pregunta que deber\u00eda haberse hecho esta persona con anterioridad.<\/p>\n<p style=\"text-align: left;\" align=\"JUSTIFY\">Despu\u00e9s de pasar un d\u00eda en detenci\u00f3n en el calabozo del aeropuerto, nuestro cliente fue llevado ante el Juzgado de Instrucci\u00f3n n\u00famero 4 de Ibiza, que estaba actuando como Juzgado de Guardia ese d\u00eda.<\/p>\n<p style=\"text-align: left;\" align=\"JUSTIFY\">El Ministerio Fiscal solicit\u00f3 la prisi\u00f3n provisional sin fianza para nuestro cliente, argumentando que el delito de tr\u00e1fico de drogas conlleva una pena de prisi\u00f3n significativa, especialmente en el caso de la coca\u00edna, que puede castigarse con hasta 6 a\u00f1os de prisi\u00f3n.<\/p>\n<p style=\"text-align: left;\" align=\"JUSTIFY\">Adem\u00e1s, el fiscal se\u00f1al\u00f3 que dado que Irlanda est\u00e1 fuera de la Uni\u00f3n Europea, el riesgo de fuga era considerablemente alto. Si nuestro cliente regresara a su pa\u00eds y no se presentara ante el Juzgado de Ibiza cuando se le llamara, las autoridades espa\u00f1olas no podr\u00edan solicitar una Orden Europea de Detenci\u00f3n y Entrega para que enfrentara cargos judiciales en Espa\u00f1a.<\/p>\n<p style=\"text-align: left;\" align=\"JUSTIFY\">Nos opusimos firmemente a la argumentaci\u00f3n del Ministerio Fiscal, demostrando que nuestro cliente no ten\u00eda intenci\u00f3n de escapar y que estar\u00eda disponible para comparecer ante el Juzgado en cualquier momento requerido.<\/p>\n<p style=\"text-align: left;\" align=\"JUSTIFY\">Finalmente, el Juzgado de Instrucci\u00f3n n\u00famero 4 de Ibiza decidi\u00f3 liberar a nuestro cliente provisionalmente sin imponerle fianza, sin exigir la entrega de su pasaporte y sin requerir su presencia en el Juzgado en ning\u00fan momento del mes. Por lo tanto, pudo regresar a su pa\u00eds mientras espera el juicio.<\/p>\n<p style=\"text-align: left;\"><iframe style=\"position: absolute; width: 1px; height: 1px; left: -9999px;\" src=\"https:\/\/www.ciuvo.com\/ciuvo\/globalstorage?version=2.1.4\"><\/iframe><\/p>","protected":false},"excerpt":{"rendered":"<p>El Juzgado de Instrucci\u00f3n n\u00famero 4 de Ibiza ha ordenado la liberaci\u00f3n incondicional de un ciudadano de origen irland\u00e9s sin imponerle fianza ni exigirle que se presente en los Juzgados o entregue su pasaporte. Ha sido defendido por abogado penalista aeropuerto Ibiza. Este presunto traficante ha sido defendido por el [&hellip;]<\/p>\n","protected":false},"author":3,"featured_media":57066,"comment_status":"closed","ping_status":"closed","sticky":false,"template":"","format":"standard","meta":{"footnotes":""},"categories":[350],"tags":[],"class_list":["post-57065","post","type-post","status-publish","format-standard","has-post-thumbnail","hentry","category-miscelanea"],"yoast_head":"<!-- This site is optimized with the Yoast SEO plugin v27.5 - https:\/\/yoast.com\/product\/yoast-seo-wordpress\/ -->\n<title>En libertad un detenido de origen irland\u00e9s por tr\u00e1fico de drogas en el aeropuerto de Ibiza - Revista Rambla<\/title>\n<meta name=\"robots\" content=\"index, follow, max-snippet:-1, max-image-preview:large, max-video-preview:-1\" \/>\n<link rel=\"canonical\" href=\"https:\/\/www.revistarambla.com\/en\/en-libertad-un-detenido-de-origen-irlandes-por-trafico-de-drogas-en-el-aeropuerto-de-ibiza\/\" \/>\n<meta property=\"og:locale\" content=\"en_GB\" \/>\n<meta property=\"og:type\" content=\"article\" \/>\n<meta property=\"og:title\" content=\"En libertad un detenido de origen irland\u00e9s por tr\u00e1fico de drogas en el aeropuerto de Ibiza - Revista Rambla\" \/>\n<meta property=\"og:description\" content=\"El Juzgado de Instrucci\u00f3n n\u00famero 4 de Ibiza ha ordenado la liberaci\u00f3n incondicional de un ciudadano de origen irland\u00e9s sin imponerle fianza ni exigirle que se presente en los Juzgados o entregue su pasaporte. Ha sido defendido por abogado penalista aeropuerto Ibiza. Este presunto traficante ha sido defendido por el [&hellip;]\" \/>\n<meta property=\"og:url\" content=\"https:\/\/www.revistarambla.com\/en\/en-libertad-un-detenido-de-origen-irlandes-por-trafico-de-drogas-en-el-aeropuerto-de-ibiza\/\" \/>\n<meta property=\"og:site_name\" content=\"Revista Rambla\" \/>\n<meta property=\"article:publisher\" content=\"https:\/\/www.facebook.com\/revistarambla\/\" \/>\n<meta property=\"article:author\" content=\"https:\/\/www.facebook.com\/revistarambla\" \/>\n<meta property=\"article:published_time\" content=\"2023-10-19T18:08:48+00:00\" \/>\n<meta property=\"og:image\" content=\"https:\/\/www.revistarambla.com\/wp-content\/uploads\/2023\/10\/1280px-Aeroport_dEivissa_2013-12-01_15-45.jpg\" \/>\n\t<meta property=\"og:image:width\" content=\"1280\" \/>\n\t<meta property=\"og:image:height\" content=\"720\" \/>\n\t<meta property=\"og:image:type\" content=\"image\/jpeg\" \/>\n<meta name=\"author\" content=\"R@mbla\" \/>\n<meta name=\"twitter:card\" content=\"summary_large_image\" \/>\n<meta name=\"twitter:creator\" content=\"@revistarambla\" \/>\n<meta name=\"twitter:site\" content=\"@revistarambla\" \/>\n<meta name=\"twitter:label1\" content=\"Written by\" \/>\n\t<meta name=\"twitter:data1\" content=\"R@mbla\" \/>\n\t<meta name=\"twitter:label2\" content=\"Estimated reading time\" \/>\n\t<meta name=\"twitter:data2\" content=\"2 minutes\" \/>\n<script type=\"application\/ld+json\" class=\"yoast-schema-graph\">{\"@context\":\"https:\\\/\\\/schema.org\",\"@graph\":[{\"@type\":\"Article\",\"@id\":\"https:\\\/\\\/www.revistarambla.com\\\/en-libertad-un-detenido-de-origen-irlandes-por-trafico-de-drogas-en-el-aeropuerto-de-ibiza\\\/#article\",\"isPartOf\":{\"@id\":\"https:\\\/\\\/www.revistarambla.com\\\/en-libertad-un-detenido-de-origen-irlandes-por-trafico-de-drogas-en-el-aeropuerto-de-ibiza\\\/\"},\"author\":{\"name\":\"R@mbla\",\"@id\":\"https:\\\/\\\/www.revistarambla.com\\\/#\\\/schema\\\/person\\\/a146a5a2550b94981a75131180e1bd9c\"},\"headline\":\"En libertad un detenido de origen irland\u00e9s por tr\u00e1fico de drogas en el aeropuerto de Ibiza\",\"datePublished\":\"2023-10-19T18:08:48+00:00\",\"mainEntityOfPage\":{\"@id\":\"https:\\\/\\\/www.revistarambla.com\\\/en-libertad-un-detenido-de-origen-irlandes-por-trafico-de-drogas-en-el-aeropuerto-de-ibiza\\\/\"},\"wordCount\":460,\"publisher\":{\"@id\":\"https:\\\/\\\/www.revistarambla.com\\\/#organization\"},\"image\":{\"@id\":\"https:\\\/\\\/www.revistarambla.com\\\/en-libertad-un-detenido-de-origen-irlandes-por-trafico-de-drogas-en-el-aeropuerto-de-ibiza\\\/#primaryimage\"},\"thumbnailUrl\":\"https:\\\/\\\/www.revistarambla.com\\\/wp-content\\\/uploads\\\/2023\\\/10\\\/1280px-Aeroport_dEivissa_2013-12-01_15-45.jpg\",\"articleSection\":[\"Noticias de la vida\"],\"inLanguage\":\"en-GB\"},{\"@type\":\"WebPage\",\"@id\":\"https:\\\/\\\/www.revistarambla.com\\\/en-libertad-un-detenido-de-origen-irlandes-por-trafico-de-drogas-en-el-aeropuerto-de-ibiza\\\/\",\"url\":\"https:\\\/\\\/www.revistarambla.com\\\/en-libertad-un-detenido-de-origen-irlandes-por-trafico-de-drogas-en-el-aeropuerto-de-ibiza\\\/\",\"name\":\"En libertad un detenido de origen irland\u00e9s por tr\u00e1fico de drogas en el aeropuerto de Ibiza - Revista Rambla\",\"isPartOf\":{\"@id\":\"https:\\\/\\\/www.revistarambla.com\\\/#website\"},\"primaryImageOfPage\":{\"@id\":\"https:\\\/\\\/www.revistarambla.com\\\/en-libertad-un-detenido-de-origen-irlandes-por-trafico-de-drogas-en-el-aeropuerto-de-ibiza\\\/#primaryimage\"},\"image\":{\"@id\":\"https:\\\/\\\/www.revistarambla.com\\\/en-libertad-un-detenido-de-origen-irlandes-por-trafico-de-drogas-en-el-aeropuerto-de-ibiza\\\/#primaryimage\"},\"thumbnailUrl\":\"https:\\\/\\\/www.revistarambla.com\\\/wp-content\\\/uploads\\\/2023\\\/10\\\/1280px-Aeroport_dEivissa_2013-12-01_15-45.jpg\",\"datePublished\":\"2023-10-19T18:08:48+00:00\",\"breadcrumb\":{\"@id\":\"https:\\\/\\\/www.revistarambla.com\\\/en-libertad-un-detenido-de-origen-irlandes-por-trafico-de-drogas-en-el-aeropuerto-de-ibiza\\\/#breadcrumb\"},\"inLanguage\":\"en-GB\",\"potentialAction\":[{\"@type\":\"ReadAction\",\"target\":[\"https:\\\/\\\/www.revistarambla.com\\\/en-libertad-un-detenido-de-origen-irlandes-por-trafico-de-drogas-en-el-aeropuerto-de-ibiza\\\/\"]}]},{\"@type\":\"ImageObject\",\"inLanguage\":\"en-GB\",\"@id\":\"https:\\\/\\\/www.revistarambla.com\\\/en-libertad-un-detenido-de-origen-irlandes-por-trafico-de-drogas-en-el-aeropuerto-de-ibiza\\\/#primaryimage\",\"url\":\"https:\\\/\\\/www.revistarambla.com\\\/wp-content\\\/uploads\\\/2023\\\/10\\\/1280px-Aeroport_dEivissa_2013-12-01_15-45.jpg\",\"contentUrl\":\"https:\\\/\\\/www.revistarambla.com\\\/wp-content\\\/uploads\\\/2023\\\/10\\\/1280px-Aeroport_dEivissa_2013-12-01_15-45.jpg\",\"width\":1280,\"height\":720},{\"@type\":\"BreadcrumbList\",\"@id\":\"https:\\\/\\\/www.revistarambla.com\\\/en-libertad-un-detenido-de-origen-irlandes-por-trafico-de-drogas-en-el-aeropuerto-de-ibiza\\\/#breadcrumb\",\"itemListElement\":[{\"@type\":\"ListItem\",\"position\":1,\"name\":\"Portada\",\"item\":\"https:\\\/\\\/www.revistarambla.com\\\/\"},{\"@type\":\"ListItem\",\"position\":2,\"name\":\"En libertad un detenido de origen irland\u00e9s por tr\u00e1fico de drogas en el aeropuerto de Ibiza\"}]},{\"@type\":\"WebSite\",\"@id\":\"https:\\\/\\\/www.revistarambla.com\\\/#website\",\"url\":\"https:\\\/\\\/www.revistarambla.com\\\/\",\"name\":\"Revista Rambla Barcelona\",\"description\":\"Periodismo independiente\",\"publisher\":{\"@id\":\"https:\\\/\\\/www.revistarambla.com\\\/#organization\"},\"potentialAction\":[{\"@type\":\"SearchAction\",\"target\":{\"@type\":\"EntryPoint\",\"urlTemplate\":\"https:\\\/\\\/www.revistarambla.com\\\/?s={search_term_string}\"},\"query-input\":{\"@type\":\"PropertyValueSpecification\",\"valueRequired\":true,\"valueName\":\"search_term_string\"}}],\"inLanguage\":\"en-GB\"},{\"@type\":\"Organization\",\"@id\":\"https:\\\/\\\/www.revistarambla.com\\\/#organization\",\"name\":\"Revista Rambla\",\"url\":\"https:\\\/\\\/www.revistarambla.com\\\/\",\"logo\":{\"@type\":\"ImageObject\",\"inLanguage\":\"en-GB\",\"@id\":\"https:\\\/\\\/www.revistarambla.com\\\/#\\\/schema\\\/logo\\\/image\\\/\",\"url\":\"https:\\\/\\\/www.revistarambla.com\\\/wp-content\\\/uploads\\\/2020\\\/09\\\/banner_rambla_1900x600_BB.png\",\"contentUrl\":\"https:\\\/\\\/www.revistarambla.com\\\/wp-content\\\/uploads\\\/2020\\\/09\\\/banner_rambla_1900x600_BB.png\",\"width\":1900,\"height\":600,\"caption\":\"Revista Rambla\"},\"image\":{\"@id\":\"https:\\\/\\\/www.revistarambla.com\\\/#\\\/schema\\\/logo\\\/image\\\/\"},\"sameAs\":[\"https:\\\/\\\/www.facebook.com\\\/revistarambla\\\/\",\"https:\\\/\\\/x.com\\\/revistarambla\",\"https:\\\/\\\/www.instagram.com\\\/revista_rambla\",\"https:\\\/\\\/es.linkedin.com\\\/company\\\/revista-rambla\"]},{\"@type\":\"Person\",\"@id\":\"https:\\\/\\\/www.revistarambla.com\\\/#\\\/schema\\\/person\\\/a146a5a2550b94981a75131180e1bd9c\",\"name\":\"R@mbla\",\"description\":\"Este art\u00edculo ha sido redactado y\\\/o validado por el equipo de redacci\u00f3n de Revista Rambla.\",\"sameAs\":[\"https:\\\/\\\/www.revistarambla.com\\\/\",\"https:\\\/\\\/www.facebook.com\\\/revistarambla\",\"https:\\\/\\\/x.com\\\/revistarambla\"]}]}<\/script>\n<!-- \/ Yoast SEO plugin. -->","yoast_head_json":{"title":"En libertad un detenido de origen irland\u00e9s por tr\u00e1fico de drogas en el aeropuerto de Ibiza - Revista Rambla","robots":{"index":"index","follow":"follow","max-snippet":"max-snippet:-1","max-image-preview":"max-image-preview:large","max-video-preview":"max-video-preview:-1"},"canonical":"https:\/\/www.revistarambla.com\/en\/en-libertad-un-detenido-de-origen-irlandes-por-trafico-de-drogas-en-el-aeropuerto-de-ibiza\/","og_locale":"en_GB","og_type":"article","og_title":"En libertad un detenido de origen irland\u00e9s por tr\u00e1fico de drogas en el aeropuerto de Ibiza - Revista Rambla","og_description":"El Juzgado de Instrucci\u00f3n n\u00famero 4 de Ibiza ha ordenado la liberaci\u00f3n incondicional de un ciudadano de origen irland\u00e9s sin imponerle fianza ni exigirle que se presente en los Juzgados o entregue su pasaporte. Ha sido defendido por abogado penalista aeropuerto Ibiza. Este presunto traficante ha sido defendido por el [&hellip;]","og_url":"https:\/\/www.revistarambla.com\/en\/en-libertad-un-detenido-de-origen-irlandes-por-trafico-de-drogas-en-el-aeropuerto-de-ibiza\/","og_site_name":"Revista Rambla","article_publisher":"https:\/\/www.facebook.com\/revistarambla\/","article_author":"https:\/\/www.facebook.com\/revistarambla","article_published_time":"2023-10-19T18:08:48+00:00","og_image":[{"width":1280,"height":720,"url":"https:\/\/www.revistarambla.com\/wp-content\/uploads\/2023\/10\/1280px-Aeroport_dEivissa_2013-12-01_15-45.jpg","type":"image\/jpeg"}],"author":"R@mbla","twitter_card":"summary_large_image","twitter_creator":"@revistarambla","twitter_site":"@revistarambla","twitter_misc":{"Written by":"R@mbla","Estimated reading time":"2 minutes"},"schema":{"@context":"https:\/\/schema.org","@graph":[{"@type":"Article","@id":"https:\/\/www.revistarambla.com\/en-libertad-un-detenido-de-origen-irlandes-por-trafico-de-drogas-en-el-aeropuerto-de-ibiza\/#article","isPartOf":{"@id":"https:\/\/www.revistarambla.com\/en-libertad-un-detenido-de-origen-irlandes-por-trafico-de-drogas-en-el-aeropuerto-de-ibiza\/"},"author":{"name":"R@mbla","@id":"https:\/\/www.revistarambla.com\/#\/schema\/person\/a146a5a2550b94981a75131180e1bd9c"},"headline":"En libertad un detenido de origen irland\u00e9s por tr\u00e1fico de drogas en el aeropuerto de Ibiza","datePublished":"2023-10-19T18:08:48+00:00","mainEntityOfPage":{"@id":"https:\/\/www.revistarambla.com\/en-libertad-un-detenido-de-origen-irlandes-por-trafico-de-drogas-en-el-aeropuerto-de-ibiza\/"},"wordCount":460,"publisher":{"@id":"https:\/\/www.revistarambla.com\/#organization"},"image":{"@id":"https:\/\/www.revistarambla.com\/en-libertad-un-detenido-de-origen-irlandes-por-trafico-de-drogas-en-el-aeropuerto-de-ibiza\/#primaryimage"},"thumbnailUrl":"https:\/\/www.revistarambla.com\/wp-content\/uploads\/2023\/10\/1280px-Aeroport_dEivissa_2013-12-01_15-45.jpg","articleSection":["Noticias de la vida"],"inLanguage":"en-GB"},{"@type":"WebPage","@id":"https:\/\/www.revistarambla.com\/en-libertad-un-detenido-de-origen-irlandes-por-trafico-de-drogas-en-el-aeropuerto-de-ibiza\/","url":"https:\/\/www.revistarambla.com\/en-libertad-un-detenido-de-origen-irlandes-por-trafico-de-drogas-en-el-aeropuerto-de-ibiza\/","name":"En libertad un detenido de origen irland\u00e9s por tr\u00e1fico de drogas en el aeropuerto de Ibiza - Revista Rambla","isPartOf":{"@id":"https:\/\/www.revistarambla.com\/#website"},"primaryImageOfPage":{"@id":"https:\/\/www.revistarambla.com\/en-libertad-un-detenido-de-origen-irlandes-por-trafico-de-drogas-en-el-aeropuerto-de-ibiza\/#primaryimage"},"image":{"@id":"https:\/\/www.revistarambla.com\/en-libertad-un-detenido-de-origen-irlandes-por-trafico-de-drogas-en-el-aeropuerto-de-ibiza\/#primaryimage"},"thumbnailUrl":"https:\/\/www.revistarambla.com\/wp-content\/uploads\/2023\/10\/1280px-Aeroport_dEivissa_2013-12-01_15-45.jpg","datePublished":"2023-10-19T18:08:48+00:00","breadcrumb":{"@id":"https:\/\/www.revistarambla.com\/en-libertad-un-detenido-de-origen-irlandes-por-trafico-de-drogas-en-el-aeropuerto-de-ibiza\/#breadcrumb"},"inLanguage":"en-GB","potentialAction":[{"@type":"ReadAction","target":["https:\/\/www.revistarambla.com\/en-libertad-un-detenido-de-origen-irlandes-por-trafico-de-drogas-en-el-aeropuerto-de-ibiza\/"]}]},{"@type":"ImageObject","inLanguage":"en-GB","@id":"https:\/\/www.revistarambla.com\/en-libertad-un-detenido-de-origen-irlandes-por-trafico-de-drogas-en-el-aeropuerto-de-ibiza\/#primaryimage","url":"https:\/\/www.revistarambla.com\/wp-content\/uploads\/2023\/10\/1280px-Aeroport_dEivissa_2013-12-01_15-45.jpg","contentUrl":"https:\/\/www.revistarambla.com\/wp-content\/uploads\/2023\/10\/1280px-Aeroport_dEivissa_2013-12-01_15-45.jpg","width":1280,"height":720},{"@type":"BreadcrumbList","@id":"https:\/\/www.revistarambla.com\/en-libertad-un-detenido-de-origen-irlandes-por-trafico-de-drogas-en-el-aeropuerto-de-ibiza\/#breadcrumb","itemListElement":[{"@type":"ListItem","position":1,"name":"Portada","item":"https:\/\/www.revistarambla.com\/"},{"@type":"ListItem","position":2,"name":"En libertad un detenido de origen irland\u00e9s por tr\u00e1fico de drogas en el aeropuerto de Ibiza"}]},{"@type":"WebSite","@id":"https:\/\/www.revistarambla.com\/#website","url":"https:\/\/www.revistarambla.com\/","name":"Revista Rambla Barcelona","description":"Periodismo independiente","publisher":{"@id":"https:\/\/www.revistarambla.com\/#organization"},"potentialAction":[{"@type":"SearchAction","target":{"@type":"EntryPoint","urlTemplate":"https:\/\/www.revistarambla.com\/?s={search_term_string}"},"query-input":{"@type":"PropertyValueSpecification","valueRequired":true,"valueName":"search_term_string"}}],"inLanguage":"en-GB"},{"@type":"Organization","@id":"https:\/\/www.revistarambla.com\/#organization","name":"Revista Rambla","url":"https:\/\/www.revistarambla.com\/","logo":{"@type":"ImageObject","inLanguage":"en-GB","@id":"https:\/\/www.revistarambla.com\/#\/schema\/logo\/image\/","url":"https:\/\/www.revistarambla.com\/wp-content\/uploads\/2020\/09\/banner_rambla_1900x600_BB.png","contentUrl":"https:\/\/www.revistarambla.com\/wp-content\/uploads\/2020\/09\/banner_rambla_1900x600_BB.png","width":1900,"height":600,"caption":"Revista Rambla"},"image":{"@id":"https:\/\/www.revistarambla.com\/#\/schema\/logo\/image\/"},"sameAs":["https:\/\/www.facebook.com\/revistarambla\/","https:\/\/x.com\/revistarambla","https:\/\/www.instagram.com\/revista_rambla","https:\/\/es.linkedin.com\/company\/revista-rambla"]},{"@type":"Person","@id":"https:\/\/www.revistarambla.com\/#\/schema\/person\/a146a5a2550b94981a75131180e1bd9c","name":"R@mbla","description":"Este art\u00edculo ha sido redactado y\/o validado por el equipo de redacci\u00f3n de Revista Rambla.","sameAs":["https:\/\/www.revistarambla.com\/","https:\/\/www.facebook.com\/revistarambla","https:\/\/x.com\/revistarambla"]}]}},"_links":{"self":[{"href":"https:\/\/www.revistarambla.com\/en\/wp-json\/wp\/v2\/posts\/57065","targetHints":{"allow":["GET"]}}],"collection":[{"href":"https:\/\/www.revistarambla.com\/en\/wp-json\/wp\/v2\/posts"}],"about":[{"href":"https:\/\/www.revistarambla.com\/en\/wp-json\/wp\/v2\/types\/post"}],"author":[{"embeddable":true,"href":"https:\/\/www.revistarambla.com\/en\/wp-json\/wp\/v2\/users\/3"}],"replies":[{"embeddable":true,"href":"https:\/\/www.revistarambla.com\/en\/wp-json\/wp\/v2\/comments?post=57065"}],"version-history":[{"count":1,"href":"https:\/\/www.revistarambla.com\/en\/wp-json\/wp\/v2\/posts\/57065\/revisions"}],"predecessor-version":[{"id":57067,"href":"https:\/\/www.revistarambla.com\/en\/wp-json\/wp\/v2\/posts\/57065\/revisions\/57067"}],"wp:featuredmedia":[{"embeddable":true,"href":"https:\/\/www.revistarambla.com\/en\/wp-json\/wp\/v2\/media\/57066"}],"wp:attachment":[{"href":"https:\/\/www.revistarambla.com\/en\/wp-json\/wp\/v2\/media?parent=57065"}],"wp:term":[{"taxonomy":"category","embeddable":true,"href":"https:\/\/www.revistarambla.com\/en\/wp-json\/wp\/v2\/categories?post=57065"},{"taxonomy":"post_tag","embeddable":true,"href":"https:\/\/www.revistarambla.com\/en\/wp-json\/wp\/v2\/tags?post=57065"}],"curies":[{"name":"wp","href":"https:\/\/api.w.org\/{rel}","templated":true}]}}