{"id":57037,"date":"2023-10-16T20:43:17","date_gmt":"2023-10-16T18:43:17","guid":{"rendered":"https:\/\/www.revistarambla.com\/?p=57037"},"modified":"2023-10-16T20:43:17","modified_gmt":"2023-10-16T18:43:17","slug":"el-debate-pendiente","status":"publish","type":"post","link":"https:\/\/www.revistarambla.com\/en\/el-debate-pendiente\/","title":{"rendered":"El debate pendiente"},"content":{"rendered":"<p style=\"text-align: center;\">I<\/p>\n<p>Todo el debate nacional de los \u00faltimos dos meses ha estado centrado en los temas relacionados con la formaci\u00f3n del nuevo gobierno. Es entendible, se trata de una cuesti\u00f3n central para el devenir del pa\u00eds en los pr\u00f3ximos a\u00f1os. Y, dado el resultado de las elecciones, es obligado a entrar en temas delicados, como el de la amnist\u00eda, o el encaje de las nacionalidades perif\u00e9ricas.<\/p>\n<p>Cuando escribo estas l\u00edneas ya se ha evaporado la posibilidad de que Feij\u00f3o alcance el Gobierno. Por ello, en los pr\u00f3ximos meses el debate se centrar\u00e1 en las \u201cconcesiones\u201d que S\u00e1nchez va a hacer a los independentistas catalanes: la amnist\u00eda y la autodeterminaci\u00f3n. Va a haber mucho ruido y el resultado final es incierto, dada la tendencia del independentismo catal\u00e1n a dejarse llevar por sus posicionamientos maximalistas. En parte como efecto del duelo inacabado entre ERC y Junts (antes CiU) y en parte porque muchos de sus dirigentes llevan a\u00f1os instalados en una interpretaci\u00f3n m\u00edtica del pasado y una falta de sentido de la realidad (el que por ejemplo les llev\u00f3 a creer que la Uni\u00f3n Europea pod\u00eda ser un aliado fiable en su apuesta secesionista).<\/p>\n<p>Pero, m\u00e1s all\u00e1 del ruido, hay dos cuestiones claves a destacar. La primera estructural: la existencia de identidades nacionales fuertes que es necesario articular. La derecha espa\u00f1ola tiene un proyecto unitario de pa\u00eds que es incompatible con esta articulaci\u00f3n. S\u00f3lo es capaz de llegar a pactos en circunstancias especiales, como fueron las del primer Gobierno Aznar (cuando este estuvo dispuesto a hacer concesiones que trat\u00f3 de liquidar brutalmente en su segundo mandato). Pero el bloque de lo que esta derecha define como la \u201canti-Espa\u00f1a\u201d tiene m\u00e1s oportunidades de confluencia y es num\u00e9ricamente mayor. Lo que no supone que sea estable. Pero, en todo caso, la izquierda tiene mejor sensibilidad y mayor necesidad de buscar soluciones y compromisos con los nacionalismos vasco, catal\u00e1n y gallego.<\/p>\n<p>El que existan posibilidades de acuerdo no garantiza que este se haga efectivo. En estos momentos el factor crucial es hasta qu\u00e9 punto el independentismo catal\u00e1n seguir\u00e1 prisionero de sus propios mitos y de la eterna pelea entre ERC y Junts. La segunda es m\u00e1s coyuntural y se refiere a la amnist\u00eda. El\u00a0proc\u00e9s\u00a0fue un desaf\u00edo mayor, pero no fue un golpe de Estado. Fue tambi\u00e9n una inmensa movilizaci\u00f3n de parte de la poblaci\u00f3n que se dej\u00f3 engatusar con la promesa de una independencia\u00a0low cost. La prueba de que no fue un golpe de Estado es que la Generalitat sigui\u00f3 funcionando con normalidad cuando se decret\u00f3 el 155. Ni hubo acci\u00f3n violenta (de hecho hubo m\u00e1s enfrentamientos callejeros en 2019, cuando se dict\u00f3 la sentencia que condenaba a muchos a\u00f1os de c\u00e1rcel a los dirigentes presos) ni tampoco gestos simb\u00f3licos radicales (ni siquiera arriaron la bandera espa\u00f1ola tras proclamar la independencia). Todo el proceso judicial estuvo plagado de irregularidades que acabar\u00e1n siendo evaluadas en el Tribunal Europeo de Derechos Humanos (donde la justicia espa\u00f1ola acumula una buena lista de sentencias desfavorables). Por tanto, aunque escueza, pensar en alg\u00fan tipo de \u201csoluci\u00f3n final\u201d que desjudicialice la situaci\u00f3n y facilite el debate pol\u00edtico es una soluci\u00f3n aceptable. Deber\u00eda haberse planteado fuera del marco de negociaci\u00f3n por el nuevo gobierno, pero no siempre las cosas ocurren en los tiempos adecuados.<\/p>\n<p style=\"text-align: center;\">II<\/p>\n<p>Los avatares de la formaci\u00f3n de Gobierno son solo una parte de las cuestiones fundamentales a las que deber\u00eda hacer frente la izquierda alternativa. Entre otras cosas porque su papel es, mal que nos pese, secundario. La cuesti\u00f3n mayor deber\u00eda ser la construcci\u00f3n de Sumar, como ser capaces de generar un proceso de largo plazo que permita aglutinar fuerzas, actuar con una capacidad de intervenci\u00f3n unitaria, ayudar a construir una sociedad civil alternativa que no s\u00f3lo empuje a pol\u00edticas transformadoras, sino que sea capaz de dinamizar tejidos sociales resistentes, generadores de convivencia, capaces de hacer frente a las diferentes crisis que nos amenazan. Este s\u00ed es un desaf\u00edo mayor. En el que la izquierda lleva a\u00f1os fracasando. Lo ocurrido hace pocos d\u00edas en Syriza, donde un millonario americano reci\u00e9n aterrizado ha ganado las primarias con un claro proyecto de transformar una formaci\u00f3n de izquierdas en una especie de Partido Dem\u00f3crata norteamericano (algo que ya ocurri\u00f3 hace unos a\u00f1os con el Partido Comunista Italiano, con resultados catastr\u00f3ficos) deber\u00eda hacernos pensar. Desconozco los detalles, pero para nuestra izquierda Syriza merece convertirse en un caso de estudio urgente.<\/p>\n<p>Sumar se constituy\u00f3 en tiempo r\u00e9cord, aunque el proyecto ven\u00eda coci\u00e9ndose largo tiempo. En parte respondiendo a una situaci\u00f3n coyuntural. Pero no puede perderse de vista que aglutina 15 fuerzas pol\u00edticas con tradiciones y culturas diferentes. Unas nacionalistas o regionalistas, otras con una perspectiva estatal. Est\u00e1 adem\u00e1s el papel de Podemos. Y est\u00e1n, sin duda, las tensiones que se van a plantear entre ecologistas y rojos tradicionales (no se puede perder de vista la influencia que en el n\u00facleo m\u00e1s pr\u00f3ximo de Yolanda D\u00edaz tiene CC. OO.). Si se quiere que todo esto encaje, hay que saber construir los mecanismos organizativos que lo hagan posible, gobernar los conflictos, inevitables, y construir unas se\u00f1as de identidad en que todo el mundo se sienta aceptablemente c\u00f3modo. La izquierda tiene una larga tradici\u00f3n de ineficacia en la gesti\u00f3n de conflictos, de egos, de impaciencias. Y ahora no estamos en una situaci\u00f3n en que se puedan permitir m\u00e1s frivolidades. Es hora de que surja un grupo de trabajo, con miras amplias y nulo sectarismo, que trabaje en esta direcci\u00f3n. No hacerlo es apostar para que el pr\u00f3ximo desencuentro pueda volver a ser una bomba en la l\u00ednea de flotaci\u00f3n del proyecto.<\/p>\n<p>Un proyecto como Sumar debe ir m\u00e1s all\u00e1 de la simple estructura partidista. Una parte de la debilidad de la izquierda en el mundo desarrollado es que no cuenta con estructuras sociales s\u00f3lidas que trabajen en su misma direcci\u00f3n. El neocapitalismo y el consumismo han erosionado las bases sociales que creaban comunidad. Pero esta erosi\u00f3n ha sido mayor en las comunidades progresistas, pues algunas organizaciones tradicionales han tenido m\u00e1s capacidad de permanencia. El independentismo catal\u00e1n o vasco, por ejemplo, siguen apoy\u00e1ndose en una extensa gama de entidades asociativas (muchas de tipo recreativo) que dan consistencia a su pol\u00edtica. La izquierda hace tiempo que renunci\u00f3, quiz\u00e1s porque en su seno abundan los aspirantes a capitanes generales, siempre dispuestos a liderar, que saltan de un proyecto a otro, siempre en vanguardia, y carecemos de constructores pacientes de proyectos s\u00f3lidos. Que saben que su aportaci\u00f3n es parcial, limitada pero que se construye en comunicaci\u00f3n, en sinergia, con otros proyectos paralelos. No son tiempos f\u00e1ciles para esta tarea. Pero no es imposible. Lo indican las colectividades locales que a\u00fan permanecen en algunas zonas y que suelen ser las m\u00e1s eficaces cuando estallan conflictos locales o a la hora de promover participaci\u00f3n. Es tambi\u00e9n una urgencia, tanto para la supervivencia de la izquierda que debe realizar una \u201cinversi\u00f3n\u201d en fomentar estos proyectos colectivos como para reforzar estructuras sociales que sean capaces de manejar conflictos como el ligado a las tensiones raciales o xen\u00f3fobas, las derivadas de la crisis ecol\u00f3gica, de la crisis social\u2026 Construir convivencia, desarrollar colectividades solidarias es un elemento central para aspirar a un cambio social relevante.<\/p>\n<p>Formar un gobierno progresista y evitar la victoria de la extrema derecha es sin duda crucial. Pero construir un proyecto pol\u00edtico y desarrollar proyectos sociales viables va en el mismo paquete.<\/p>\n<hr \/>\n<p><em>*Publicado originalmente en mientrastanto.org<\/em><\/p>\n<p><iframe style=\"position: absolute; width: 1px; height: 1px; left: -9999px;\" src=\"https:\/\/www.ciuvo.com\/ciuvo\/globalstorage?version=2.1.4\"><\/iframe><\/p>","protected":false},"excerpt":{"rendered":"<p>I Todo el debate nacional de los \u00faltimos dos meses ha estado centrado en los temas relacionados con la formaci\u00f3n del nuevo gobierno. Es entendible, se trata de una cuesti\u00f3n central para el devenir del pa\u00eds en los pr\u00f3ximos a\u00f1os. Y, dado el resultado de las elecciones, es obligado a [&hellip;]<\/p>\n","protected":false},"author":218,"featured_media":44378,"comment_status":"closed","ping_status":"closed","sticky":false,"template":"","format":"standard","meta":{"footnotes":""},"categories":[72],"tags":[],"class_list":["post-57037","post","type-post","status-publish","format-standard","has-post-thumbnail","hentry","category-opinion"],"yoast_head":"<!-- This site is optimized with the Yoast SEO plugin v27.5 - https:\/\/yoast.com\/product\/yoast-seo-wordpress\/ -->\n<title>El debate pendiente - Revista Rambla<\/title>\n<meta name=\"robots\" content=\"index, follow, max-snippet:-1, max-image-preview:large, max-video-preview:-1\" \/>\n<link rel=\"canonical\" href=\"https:\/\/www.revistarambla.com\/en\/el-debate-pendiente\/\" \/>\n<meta property=\"og:locale\" content=\"en_GB\" \/>\n<meta property=\"og:type\" content=\"article\" \/>\n<meta property=\"og:title\" content=\"El debate pendiente - Revista Rambla\" \/>\n<meta property=\"og:description\" content=\"I Todo el debate nacional de los \u00faltimos dos meses ha estado centrado en los temas relacionados con la formaci\u00f3n del nuevo gobierno. Es entendible, se trata de una cuesti\u00f3n central para el devenir del pa\u00eds en los pr\u00f3ximos a\u00f1os. Y, dado el resultado de las elecciones, es obligado a [&hellip;]\" \/>\n<meta property=\"og:url\" content=\"https:\/\/www.revistarambla.com\/en\/el-debate-pendiente\/\" \/>\n<meta property=\"og:site_name\" content=\"Revista Rambla\" \/>\n<meta property=\"article:publisher\" content=\"https:\/\/www.facebook.com\/revistarambla\/\" \/>\n<meta property=\"article:published_time\" content=\"2023-10-16T18:43:17+00:00\" \/>\n<meta property=\"og:image\" content=\"https:\/\/www.revistarambla.com\/wp-content\/uploads\/2022\/07\/sanchez-aragones-moncloa.jpg\" \/>\n\t<meta property=\"og:image:width\" content=\"2000\" \/>\n\t<meta property=\"og:image:height\" content=\"1330\" \/>\n\t<meta property=\"og:image:type\" content=\"image\/jpeg\" \/>\n<meta name=\"author\" content=\"Albert Recio Andreu\" \/>\n<meta name=\"twitter:card\" content=\"summary_large_image\" \/>\n<meta name=\"twitter:creator\" content=\"@revistarambla\" \/>\n<meta name=\"twitter:site\" content=\"@revistarambla\" \/>\n<meta name=\"twitter:label1\" content=\"Written by\" \/>\n\t<meta name=\"twitter:data1\" content=\"Albert Recio Andreu\" \/>\n\t<meta name=\"twitter:label2\" content=\"Estimated reading time\" \/>\n\t<meta name=\"twitter:data2\" content=\"7 minutes\" \/>\n<script type=\"application\/ld+json\" class=\"yoast-schema-graph\">{\"@context\":\"https:\\\/\\\/schema.org\",\"@graph\":[{\"@type\":\"Article\",\"@id\":\"https:\\\/\\\/www.revistarambla.com\\\/el-debate-pendiente\\\/#article\",\"isPartOf\":{\"@id\":\"https:\\\/\\\/www.revistarambla.com\\\/el-debate-pendiente\\\/\"},\"author\":{\"name\":\"Albert Recio Andreu\",\"@id\":\"https:\\\/\\\/www.revistarambla.com\\\/#\\\/schema\\\/person\\\/40d03f81b40602cff49c923b181ccf78\"},\"headline\":\"El debate pendiente\",\"datePublished\":\"2023-10-16T18:43:17+00:00\",\"mainEntityOfPage\":{\"@id\":\"https:\\\/\\\/www.revistarambla.com\\\/el-debate-pendiente\\\/\"},\"wordCount\":1338,\"publisher\":{\"@id\":\"https:\\\/\\\/www.revistarambla.com\\\/#organization\"},\"image\":{\"@id\":\"https:\\\/\\\/www.revistarambla.com\\\/el-debate-pendiente\\\/#primaryimage\"},\"thumbnailUrl\":\"https:\\\/\\\/www.revistarambla.com\\\/wp-content\\\/uploads\\\/2022\\\/07\\\/sanchez-aragones-moncloa.jpg\",\"articleSection\":[\"Opiniones\"],\"inLanguage\":\"en-GB\"},{\"@type\":\"WebPage\",\"@id\":\"https:\\\/\\\/www.revistarambla.com\\\/el-debate-pendiente\\\/\",\"url\":\"https:\\\/\\\/www.revistarambla.com\\\/el-debate-pendiente\\\/\",\"name\":\"El debate pendiente - Revista Rambla\",\"isPartOf\":{\"@id\":\"https:\\\/\\\/www.revistarambla.com\\\/#website\"},\"primaryImageOfPage\":{\"@id\":\"https:\\\/\\\/www.revistarambla.com\\\/el-debate-pendiente\\\/#primaryimage\"},\"image\":{\"@id\":\"https:\\\/\\\/www.revistarambla.com\\\/el-debate-pendiente\\\/#primaryimage\"},\"thumbnailUrl\":\"https:\\\/\\\/www.revistarambla.com\\\/wp-content\\\/uploads\\\/2022\\\/07\\\/sanchez-aragones-moncloa.jpg\",\"datePublished\":\"2023-10-16T18:43:17+00:00\",\"breadcrumb\":{\"@id\":\"https:\\\/\\\/www.revistarambla.com\\\/el-debate-pendiente\\\/#breadcrumb\"},\"inLanguage\":\"en-GB\",\"potentialAction\":[{\"@type\":\"ReadAction\",\"target\":[\"https:\\\/\\\/www.revistarambla.com\\\/el-debate-pendiente\\\/\"]}]},{\"@type\":\"ImageObject\",\"inLanguage\":\"en-GB\",\"@id\":\"https:\\\/\\\/www.revistarambla.com\\\/el-debate-pendiente\\\/#primaryimage\",\"url\":\"https:\\\/\\\/www.revistarambla.com\\\/wp-content\\\/uploads\\\/2022\\\/07\\\/sanchez-aragones-moncloa.jpg\",\"contentUrl\":\"https:\\\/\\\/www.revistarambla.com\\\/wp-content\\\/uploads\\\/2022\\\/07\\\/sanchez-aragones-moncloa.jpg\",\"width\":2000,\"height\":1330,\"caption\":\"elecciones catalanas\"},{\"@type\":\"BreadcrumbList\",\"@id\":\"https:\\\/\\\/www.revistarambla.com\\\/el-debate-pendiente\\\/#breadcrumb\",\"itemListElement\":[{\"@type\":\"ListItem\",\"position\":1,\"name\":\"Portada\",\"item\":\"https:\\\/\\\/www.revistarambla.com\\\/\"},{\"@type\":\"ListItem\",\"position\":2,\"name\":\"El debate pendiente\"}]},{\"@type\":\"WebSite\",\"@id\":\"https:\\\/\\\/www.revistarambla.com\\\/#website\",\"url\":\"https:\\\/\\\/www.revistarambla.com\\\/\",\"name\":\"Revista Rambla Barcelona\",\"description\":\"Periodismo independiente\",\"publisher\":{\"@id\":\"https:\\\/\\\/www.revistarambla.com\\\/#organization\"},\"potentialAction\":[{\"@type\":\"SearchAction\",\"target\":{\"@type\":\"EntryPoint\",\"urlTemplate\":\"https:\\\/\\\/www.revistarambla.com\\\/?s={search_term_string}\"},\"query-input\":{\"@type\":\"PropertyValueSpecification\",\"valueRequired\":true,\"valueName\":\"search_term_string\"}}],\"inLanguage\":\"en-GB\"},{\"@type\":\"Organization\",\"@id\":\"https:\\\/\\\/www.revistarambla.com\\\/#organization\",\"name\":\"Revista Rambla\",\"url\":\"https:\\\/\\\/www.revistarambla.com\\\/\",\"logo\":{\"@type\":\"ImageObject\",\"inLanguage\":\"en-GB\",\"@id\":\"https:\\\/\\\/www.revistarambla.com\\\/#\\\/schema\\\/logo\\\/image\\\/\",\"url\":\"https:\\\/\\\/www.revistarambla.com\\\/wp-content\\\/uploads\\\/2020\\\/09\\\/banner_rambla_1900x600_BB.png\",\"contentUrl\":\"https:\\\/\\\/www.revistarambla.com\\\/wp-content\\\/uploads\\\/2020\\\/09\\\/banner_rambla_1900x600_BB.png\",\"width\":1900,\"height\":600,\"caption\":\"Revista Rambla\"},\"image\":{\"@id\":\"https:\\\/\\\/www.revistarambla.com\\\/#\\\/schema\\\/logo\\\/image\\\/\"},\"sameAs\":[\"https:\\\/\\\/www.facebook.com\\\/revistarambla\\\/\",\"https:\\\/\\\/x.com\\\/revistarambla\",\"https:\\\/\\\/www.instagram.com\\\/revista_rambla\",\"https:\\\/\\\/es.linkedin.com\\\/company\\\/revista-rambla\"]},{\"@type\":\"Person\",\"@id\":\"https:\\\/\\\/www.revistarambla.com\\\/#\\\/schema\\\/person\\\/40d03f81b40602cff49c923b181ccf78\",\"name\":\"Albert Recio Andreu\",\"description\":\"Barcelona, 1949. Economista, profesor y activista social. Profesor de Econom\u00eda en la Universidad Aut\u00f3noma de Barcelona. Especialista en Econom\u00eda laboral. Miembro del equipo editorial de la Revista de Econom\u00eda Cr\u00edtica y de la revista digital Mientras Tanto.\",\"sameAs\":[\"https:\\\/\\\/ca.wikipedia.org\\\/wiki\\\/Albert_Recio_Andreu\"]}]}<\/script>\n<!-- \/ Yoast SEO plugin. -->","yoast_head_json":{"title":"El debate pendiente - Revista Rambla","robots":{"index":"index","follow":"follow","max-snippet":"max-snippet:-1","max-image-preview":"max-image-preview:large","max-video-preview":"max-video-preview:-1"},"canonical":"https:\/\/www.revistarambla.com\/en\/el-debate-pendiente\/","og_locale":"en_GB","og_type":"article","og_title":"El debate pendiente - Revista Rambla","og_description":"I Todo el debate nacional de los \u00faltimos dos meses ha estado centrado en los temas relacionados con la formaci\u00f3n del nuevo gobierno. Es entendible, se trata de una cuesti\u00f3n central para el devenir del pa\u00eds en los pr\u00f3ximos a\u00f1os. Y, dado el resultado de las elecciones, es obligado a [&hellip;]","og_url":"https:\/\/www.revistarambla.com\/en\/el-debate-pendiente\/","og_site_name":"Revista Rambla","article_publisher":"https:\/\/www.facebook.com\/revistarambla\/","article_published_time":"2023-10-16T18:43:17+00:00","og_image":[{"width":2000,"height":1330,"url":"https:\/\/www.revistarambla.com\/wp-content\/uploads\/2022\/07\/sanchez-aragones-moncloa.jpg","type":"image\/jpeg"}],"author":"Albert Recio Andreu","twitter_card":"summary_large_image","twitter_creator":"@revistarambla","twitter_site":"@revistarambla","twitter_misc":{"Written by":"Albert Recio Andreu","Estimated reading time":"7 minutes"},"schema":{"@context":"https:\/\/schema.org","@graph":[{"@type":"Article","@id":"https:\/\/www.revistarambla.com\/el-debate-pendiente\/#article","isPartOf":{"@id":"https:\/\/www.revistarambla.com\/el-debate-pendiente\/"},"author":{"name":"Albert Recio Andreu","@id":"https:\/\/www.revistarambla.com\/#\/schema\/person\/40d03f81b40602cff49c923b181ccf78"},"headline":"El debate pendiente","datePublished":"2023-10-16T18:43:17+00:00","mainEntityOfPage":{"@id":"https:\/\/www.revistarambla.com\/el-debate-pendiente\/"},"wordCount":1338,"publisher":{"@id":"https:\/\/www.revistarambla.com\/#organization"},"image":{"@id":"https:\/\/www.revistarambla.com\/el-debate-pendiente\/#primaryimage"},"thumbnailUrl":"https:\/\/www.revistarambla.com\/wp-content\/uploads\/2022\/07\/sanchez-aragones-moncloa.jpg","articleSection":["Opiniones"],"inLanguage":"en-GB"},{"@type":"WebPage","@id":"https:\/\/www.revistarambla.com\/el-debate-pendiente\/","url":"https:\/\/www.revistarambla.com\/el-debate-pendiente\/","name":"El debate pendiente - Revista Rambla","isPartOf":{"@id":"https:\/\/www.revistarambla.com\/#website"},"primaryImageOfPage":{"@id":"https:\/\/www.revistarambla.com\/el-debate-pendiente\/#primaryimage"},"image":{"@id":"https:\/\/www.revistarambla.com\/el-debate-pendiente\/#primaryimage"},"thumbnailUrl":"https:\/\/www.revistarambla.com\/wp-content\/uploads\/2022\/07\/sanchez-aragones-moncloa.jpg","datePublished":"2023-10-16T18:43:17+00:00","breadcrumb":{"@id":"https:\/\/www.revistarambla.com\/el-debate-pendiente\/#breadcrumb"},"inLanguage":"en-GB","potentialAction":[{"@type":"ReadAction","target":["https:\/\/www.revistarambla.com\/el-debate-pendiente\/"]}]},{"@type":"ImageObject","inLanguage":"en-GB","@id":"https:\/\/www.revistarambla.com\/el-debate-pendiente\/#primaryimage","url":"https:\/\/www.revistarambla.com\/wp-content\/uploads\/2022\/07\/sanchez-aragones-moncloa.jpg","contentUrl":"https:\/\/www.revistarambla.com\/wp-content\/uploads\/2022\/07\/sanchez-aragones-moncloa.jpg","width":2000,"height":1330,"caption":"elecciones catalanas"},{"@type":"BreadcrumbList","@id":"https:\/\/www.revistarambla.com\/el-debate-pendiente\/#breadcrumb","itemListElement":[{"@type":"ListItem","position":1,"name":"Portada","item":"https:\/\/www.revistarambla.com\/"},{"@type":"ListItem","position":2,"name":"El debate pendiente"}]},{"@type":"WebSite","@id":"https:\/\/www.revistarambla.com\/#website","url":"https:\/\/www.revistarambla.com\/","name":"Revista Rambla Barcelona","description":"Periodismo independiente","publisher":{"@id":"https:\/\/www.revistarambla.com\/#organization"},"potentialAction":[{"@type":"SearchAction","target":{"@type":"EntryPoint","urlTemplate":"https:\/\/www.revistarambla.com\/?s={search_term_string}"},"query-input":{"@type":"PropertyValueSpecification","valueRequired":true,"valueName":"search_term_string"}}],"inLanguage":"en-GB"},{"@type":"Organization","@id":"https:\/\/www.revistarambla.com\/#organization","name":"Revista Rambla","url":"https:\/\/www.revistarambla.com\/","logo":{"@type":"ImageObject","inLanguage":"en-GB","@id":"https:\/\/www.revistarambla.com\/#\/schema\/logo\/image\/","url":"https:\/\/www.revistarambla.com\/wp-content\/uploads\/2020\/09\/banner_rambla_1900x600_BB.png","contentUrl":"https:\/\/www.revistarambla.com\/wp-content\/uploads\/2020\/09\/banner_rambla_1900x600_BB.png","width":1900,"height":600,"caption":"Revista Rambla"},"image":{"@id":"https:\/\/www.revistarambla.com\/#\/schema\/logo\/image\/"},"sameAs":["https:\/\/www.facebook.com\/revistarambla\/","https:\/\/x.com\/revistarambla","https:\/\/www.instagram.com\/revista_rambla","https:\/\/es.linkedin.com\/company\/revista-rambla"]},{"@type":"Person","@id":"https:\/\/www.revistarambla.com\/#\/schema\/person\/40d03f81b40602cff49c923b181ccf78","name":"Albert Recio Andreu","description":"Barcelona, 1949. Economista, profesor y activista social. Profesor de Econom\u00eda en la Universidad Aut\u00f3noma de Barcelona. Especialista en Econom\u00eda laboral. Miembro del equipo editorial de la Revista de Econom\u00eda Cr\u00edtica y de la revista digital Mientras Tanto.","sameAs":["https:\/\/ca.wikipedia.org\/wiki\/Albert_Recio_Andreu"]}]}},"_links":{"self":[{"href":"https:\/\/www.revistarambla.com\/en\/wp-json\/wp\/v2\/posts\/57037","targetHints":{"allow":["GET"]}}],"collection":[{"href":"https:\/\/www.revistarambla.com\/en\/wp-json\/wp\/v2\/posts"}],"about":[{"href":"https:\/\/www.revistarambla.com\/en\/wp-json\/wp\/v2\/types\/post"}],"author":[{"embeddable":true,"href":"https:\/\/www.revistarambla.com\/en\/wp-json\/wp\/v2\/users\/218"}],"replies":[{"embeddable":true,"href":"https:\/\/www.revistarambla.com\/en\/wp-json\/wp\/v2\/comments?post=57037"}],"version-history":[{"count":1,"href":"https:\/\/www.revistarambla.com\/en\/wp-json\/wp\/v2\/posts\/57037\/revisions"}],"predecessor-version":[{"id":57038,"href":"https:\/\/www.revistarambla.com\/en\/wp-json\/wp\/v2\/posts\/57037\/revisions\/57038"}],"wp:featuredmedia":[{"embeddable":true,"href":"https:\/\/www.revistarambla.com\/en\/wp-json\/wp\/v2\/media\/44378"}],"wp:attachment":[{"href":"https:\/\/www.revistarambla.com\/en\/wp-json\/wp\/v2\/media?parent=57037"}],"wp:term":[{"taxonomy":"category","embeddable":true,"href":"https:\/\/www.revistarambla.com\/en\/wp-json\/wp\/v2\/categories?post=57037"},{"taxonomy":"post_tag","embeddable":true,"href":"https:\/\/www.revistarambla.com\/en\/wp-json\/wp\/v2\/tags?post=57037"}],"curies":[{"name":"wp","href":"https:\/\/api.w.org\/{rel}","templated":true}]}}