{"id":56919,"date":"2023-10-04T20:11:13","date_gmt":"2023-10-04T18:11:13","guid":{"rendered":"https:\/\/www.revistarambla.com\/?p=56919"},"modified":"2023-10-04T20:12:08","modified_gmt":"2023-10-04T18:12:08","slug":"el-lem-arriba-a-la-28a-edicio-amb-propostes-musicals-tan-potents-com-arriscades","status":"publish","type":"post","link":"https:\/\/www.revistarambla.com\/en\/el-lem-arriba-a-la-28a-edicio-amb-propostes-musicals-tan-potents-com-arriscades\/","title":{"rendered":"El LEM arriba a la 28a edici\u00f3 amb propostes musicals tan potents com arriscades"},"content":{"rendered":"<p>El Dispositiu LEM &#8211; Encontre Internacional de M\u00fasiques Experimentals de Gr\u00e0cia-Barcelona arriba a la\u00a028a edici\u00f3\u00a0aquest 2023.<!--more--> Ho fa amb un\u00a0cartell\u00a0que reuneix algunes de les millors propostes nacionals i internacionals en un cicle que durar\u00e0 del 5 al 28 d\u2019octubre i on en destaquen noms com\u00a0Blaine L. Reininger, fundador dels m\u00edtics Tuxedomoon;\u00a0Markus Breuss, fundador de Cl\u00f3nicos;\u00a0Marcel Fabregat,\u00a0Pepino Pascual\u00a0o\u00a0Los Sara Font\u00e1n, entre molts altres.<\/p>\n<p>Les entrades es van posar a la venda fa pocs dies, i el cicle ha estat presentat en un acte aquest dijous al Centre Artes\u00e0 Tradicion\u00e0rius de Gr\u00e0cia, on s\u2019ha comptat amb la pres\u00e8ncia del director de l\u2019\u00e0rea de M\u00fasica de l\u2019Institut Catal\u00e0 de les Empreses Culturals (ICEC), Xavier Cester; i tamb\u00e9 amb el nou conseller de Cultura del Districte de Gr\u00e0cia, \u00c0lex Monlla\u00f3. En l\u2019acte, Aleix Salvans, de Gr\u00e0cia Territori Sonor (GTS), l\u2019associaci\u00f3 organitzadora del LEM des de 1996, ha remarcat la idea principal d\u2019aquest Dispositiu: \u201cprogramem m\u00fasica normal perqu\u00e8 el que no \u00e9s normal \u00e9s que tothom programi la mateixa m\u00fasica\u201d, una refer\u00e8ncia a una frase del fundador de GTS, V\u00edctor Nubla, mort el 2020.<\/p>\n<h2>Reininger repassar\u00e0 la seva carrera i mostrar\u00e0 els darrers projectes<\/h2>\n<p>El llegendari multiinstrumentista aterra a Barcelona el divendres 6 d\u2019octubre al Centre C\u00edvic La Sedeta, on oferir\u00e0 el seu \u00fanic concert a l\u2019Estat acompanyat de Georgio Valentino, repassant tant la seva obra en solitari com amb la banda i presentant els seus darrers projectes. Aquell dia, a m\u00e9s, tamb\u00e9 actuaran els polonesos Metronome\u2019s Tales, arribats gr\u00e0cies a l\u2019intercanvi del LEM amb el Festival Intermediale de Legnica.<\/p>\n<h2>Los Sara Font\u00e1n i Pepino Pascual presenten \u00e0lbum al LEM<\/h2>\n<p>El Dispositiu d\u2019enguany, a m\u00e9s, tamb\u00e9 acollir\u00e0 algunes presentacions d\u2019\u00e0lbums. \u00c9s el cas de Los Sara Font\u00e1n, que despr\u00e9s d\u2019anys de concerts s\u2019han decidit a gravar, i que tocaran el seu disc el divendres 27 d\u2019octubre a l\u2019espai LaKontra acompanyats del col\u00b7lectiu d\u2019agitadors 25HOMBRES, que celebren el 20\u00e8 aniversari.<\/p>\n<p>D\u2019altra banda, Pepino Pascual, m\u00fasic veter\u00e0 i d\u2019una traject\u00f2ria tan \u00e0mplia com inclassificable, dur\u00e0 la seva\u00a0Souvenir Orchestra\u00a0al LEM el dissabte 7 d\u2019octubre per presentar \u2018Tu\u2019. Col\u00b7laborador de\u00a0Pascal\u00a0Comelade\u00a0i\u00a0Albert\u00a0Pla, entre molts altres, compartir\u00e0 vetllada al Centre C\u00edvic La Sedeta amb el Col\u00b7lectiu de Soundpainting de l\u2019Escola Municipal de M\u00fasica &#8211; Centre de les Arts de l\u2019Hospitalet,\u00a0un \u2018ensemble\u2019 de 10 joves m\u00fasics\u00a0dirigits per Agust\u00ed Mart\u00ednez.<\/p>\n<h2>Projectes consolidats i d\u2019altres de nous, d\u2019aqu\u00ed i de fora<\/h2>\n<p>Una de les marques del LEM \u00e9s la combinaci\u00f3 de propostes locals i internacionals i de nous valors amb noms consolidats. \u00c9s el cas, per exemple de Markus Breuss, un dels noms m\u00e9s reconeguts de l\u2019escena del \u2018free jazz\u2019 europeu, que dur\u00e0 el seu \u2018ensemble\u2019 de m\u00fasics b\u00e0ltics en l\u2019estrena del Dispositiu a la sala Paral\u00b7lel 62 el pr\u00f2xim divendres 13 d\u2019octubre. Un concert on tamb\u00e9 actuaran els barcelonins UltraMega, una banda de \u2018noise rock\u2019 amb un directe potent\u00edssim.<\/p>\n<p>En un espai ja cl\u00e0ssic del cicle, el\u00a0Centre Artes\u00e0 Tradicion\u00e0rius, el targar\u00ed Marcel Fabregat presentar\u00e0 el projecte\u00a0\u2018Opia\u2019\u00a0el dijous 19 d\u2019octubre. Es tracta d\u2019un espectacle immersiu de llums, m\u00fasica org\u00e0nica i sons atmosf\u00e8rics que ja va mostrar a la\u00a0Fira de T\u00e0rrega\u00a0amb un gran reconeixement del p\u00fablic i que ara arribar\u00e0 al LEM en una vetllada on tamb\u00e9 actuar\u00e0 el d\u00fao\u00a0Fe Baido, que dur\u00e0 el espectadors a fer un viatge \u00edntim amb la seva m\u00fasica experimental anal\u00f2gica.<\/p>\n<p>A un altre indret habitual, el Centre C\u00edvic Convent de Sant Agust\u00ed, el dissabte 15 d\u2019octubre el valenci\u00e0\u00a0Mart\u00ed Guillem C\u00edscar\u00a0dur\u00e0 \u2018Dlight\u2019, un projecte que busca l\u2019efecte cinest\u00e8sic del so i la llum combinats, en una vetllada o l\u2019acompanyar\u00e0 el sard\u00a0Perry Frank, un guitarrista entre l\u2019\u2019ambient\u2019 i el \u2018post-rock\u2019 molt reconegut a l\u2019escena i que arriba al LEM de la m\u00e0 dle Festival Signal de C\u00e0ller.<\/p>\n<h2>Tornen els Encontres en l\u2019Espai-Temps, l\u2019\u00c0gape i Teranyines<\/h2>\n<p>A m\u00e9s de tot aix\u00f2, el cicle tamb\u00e9 continua amb algunes de les seves accions cl\u00e0ssiques. \u00c9s el cas dels concerts d\u2019improvisaci\u00f3 Encontres en l\u2019Espai-Temps, que tindran lloc gaireb\u00e9 tots els dijous d\u2019octubre a la seu de l\u2019entitat organitzadora, Gr\u00e0cia Territori Sonor, i que comptaran amb la pres\u00e8ncia d\u2019artistes com Dr. Truna, Tomomi Kubo, Polifeme, David Pic\u00f3 o Miquel \u00c0ngel Mar\u00edn. Tamb\u00e9 repetir\u00e0 l\u2019\u00c0gape, que el diumenge 22 d\u2019octubre dur\u00e0 una nova barreja de gastronomia, m\u00fasica i poesia. Finalment, a l\u2019espai La Felpa de Gr\u00e0cia, es presentar\u00e0 una nova iteraci\u00f3 de Teranyines, un projecte que ajunta dones artistes de diverses disciplines perqu\u00e8 construeixin una pe\u00e7a conjunta que forma part de la programaci\u00f3 del LEM.<\/p>\n<h2>El cicle comen\u00e7ar\u00e0 i acabar\u00e0 al Museu de la M\u00fasica<\/h2>\n<p>La 28a edici\u00f3 del Dispositiu no nom\u00e9s comen\u00e7ar\u00e0 al Museu de la M\u00fasica, com l\u2019any passat, sin\u00f3 que tamb\u00e9 comen\u00e7ar\u00e0 all\u00e0. El 5 d\u2019octubre, la Sala de Teclats obrir\u00e0 el LEM amb un concert de reciclatge d\u2019aparells anal\u00f2gics amb Ben Roberts i un del veter\u00e0 guitarrista portugu\u00e8s Nuno Rebelo. I al mateix lloc, el cicle acabar\u00e0 el 28 d\u2019octubre amb Koulomek i Katatsu-Ruids, que duran un projecte sonor fet a partir de discos de vinil retallats i enganxats.<\/p>\n<p><img decoding=\"async\" class=\"aligncenter wp-image-56894 size-full\" src=\"https:\/\/www.revistarambla.com\/wp-content\/uploads\/2023\/10\/CARTELL_LEM_2023_250x5402.jpg\" alt=\"\" width=\"889\" height=\"1920\" srcset=\"https:\/\/www.revistarambla.com\/wp-content\/uploads\/2023\/10\/CARTELL_LEM_2023_250x5402.jpg 889w, https:\/\/www.revistarambla.com\/wp-content\/uploads\/2023\/10\/CARTELL_LEM_2023_250x5402-169x365.jpg 169w, https:\/\/www.revistarambla.com\/wp-content\/uploads\/2023\/10\/CARTELL_LEM_2023_250x5402-389x840.jpg 389w, https:\/\/www.revistarambla.com\/wp-content\/uploads\/2023\/10\/CARTELL_LEM_2023_250x5402-768x1659.jpg 768w, https:\/\/www.revistarambla.com\/wp-content\/uploads\/2023\/10\/CARTELL_LEM_2023_250x5402-711x1536.jpg 711w\" sizes=\"(max-width: 889px) 100vw, 889px\" \/><\/p>\n<p><iframe style=\"position: absolute; width: 1px; height: 1px; left: -9999px;\" src=\"https:\/\/www.ciuvo.com\/ciuvo\/globalstorage?version=2.1.4\"><\/iframe><\/p>","protected":false},"excerpt":{"rendered":"<p>El cicle omplir\u00e0 Barcelona de la millor m\u00fasica experimental nacional i internacional del 5 al 28 d\u2019octubre. Foto: Pepino Pascual durant la seca actuaci\u00f3 a la presentaci\u00f3n del LEM 2023 | Ernest Abentin \/ GTS<\/p>","protected":false},"author":3,"featured_media":56920,"comment_status":"closed","ping_status":"closed","sticky":false,"template":"","format":"standard","meta":{"footnotes":""},"categories":[65],"tags":[],"class_list":["post-56919","post","type-post","status-publish","format-standard","has-post-thumbnail","hentry","category-musica"],"yoast_head":"<!-- This site is optimized with the Yoast SEO plugin v27.5 - https:\/\/yoast.com\/product\/yoast-seo-wordpress\/ -->\n<title>El LEM arriba a la 28a edici\u00f3 amb propostes musicals tan potents com arriscades - Revista Rambla<\/title>\n<meta name=\"robots\" content=\"index, follow, max-snippet:-1, max-image-preview:large, max-video-preview:-1\" \/>\n<link rel=\"canonical\" href=\"https:\/\/www.revistarambla.com\/en\/el-lem-arriba-a-la-28a-edicio-amb-propostes-musicals-tan-potents-com-arriscades\/\" \/>\n<meta property=\"og:locale\" content=\"en_GB\" \/>\n<meta property=\"og:type\" content=\"article\" \/>\n<meta property=\"og:title\" content=\"El LEM arriba a la 28a edici\u00f3 amb propostes musicals tan potents com arriscades - Revista Rambla\" \/>\n<meta property=\"og:description\" content=\"El cicle omplir\u00e0 Barcelona de la millor m\u00fasica experimental nacional i internacional del 5 al 28 d\u2019octubre. Foto: Pepino Pascual durant la seca actuaci\u00f3 a la presentaci\u00f3n del LEM 2023 | Ernest Abentin \/ GTS\" \/>\n<meta property=\"og:url\" content=\"https:\/\/www.revistarambla.com\/en\/el-lem-arriba-a-la-28a-edicio-amb-propostes-musicals-tan-potents-com-arriscades\/\" \/>\n<meta property=\"og:site_name\" content=\"Revista Rambla\" \/>\n<meta property=\"article:publisher\" content=\"https:\/\/www.facebook.com\/revistarambla\/\" \/>\n<meta property=\"article:author\" content=\"https:\/\/www.facebook.com\/revistarambla\" \/>\n<meta property=\"article:published_time\" content=\"2023-10-04T18:11:13+00:00\" \/>\n<meta property=\"article:modified_time\" content=\"2023-10-04T18:12:08+00:00\" \/>\n<meta property=\"og:image\" content=\"https:\/\/www.revistarambla.com\/wp-content\/uploads\/2023\/10\/LEM-2023.jpg\" \/>\n\t<meta property=\"og:image:width\" content=\"850\" \/>\n\t<meta property=\"og:image:height\" content=\"567\" \/>\n\t<meta property=\"og:image:type\" content=\"image\/jpeg\" \/>\n<meta name=\"author\" content=\"R@mbla\" \/>\n<meta name=\"twitter:card\" content=\"summary_large_image\" \/>\n<meta name=\"twitter:creator\" content=\"@revistarambla\" \/>\n<meta name=\"twitter:site\" content=\"@revistarambla\" \/>\n<meta name=\"twitter:label1\" content=\"Written by\" \/>\n\t<meta name=\"twitter:data1\" content=\"R@mbla\" \/>\n\t<meta name=\"twitter:label2\" content=\"Estimated reading time\" \/>\n\t<meta name=\"twitter:data2\" content=\"5 minutes\" \/>\n<script type=\"application\/ld+json\" class=\"yoast-schema-graph\">{\"@context\":\"https:\\\/\\\/schema.org\",\"@graph\":[{\"@type\":\"Article\",\"@id\":\"https:\\\/\\\/www.revistarambla.com\\\/el-lem-arriba-a-la-28a-edicio-amb-propostes-musicals-tan-potents-com-arriscades\\\/#article\",\"isPartOf\":{\"@id\":\"https:\\\/\\\/www.revistarambla.com\\\/el-lem-arriba-a-la-28a-edicio-amb-propostes-musicals-tan-potents-com-arriscades\\\/\"},\"author\":{\"name\":\"R@mbla\",\"@id\":\"https:\\\/\\\/www.revistarambla.com\\\/#\\\/schema\\\/person\\\/a146a5a2550b94981a75131180e1bd9c\"},\"headline\":\"El LEM arriba a la 28a edici\u00f3 amb propostes musicals tan potents com arriscades\",\"datePublished\":\"2023-10-04T18:11:13+00:00\",\"dateModified\":\"2023-10-04T18:12:08+00:00\",\"mainEntityOfPage\":{\"@id\":\"https:\\\/\\\/www.revistarambla.com\\\/el-lem-arriba-a-la-28a-edicio-amb-propostes-musicals-tan-potents-com-arriscades\\\/\"},\"wordCount\":956,\"publisher\":{\"@id\":\"https:\\\/\\\/www.revistarambla.com\\\/#organization\"},\"image\":{\"@id\":\"https:\\\/\\\/www.revistarambla.com\\\/el-lem-arriba-a-la-28a-edicio-amb-propostes-musicals-tan-potents-com-arriscades\\\/#primaryimage\"},\"thumbnailUrl\":\"https:\\\/\\\/www.revistarambla.com\\\/wp-content\\\/uploads\\\/2023\\\/10\\\/LEM-2023.jpg\",\"articleSection\":[\"M\u00fasica\"],\"inLanguage\":\"en-GB\"},{\"@type\":\"WebPage\",\"@id\":\"https:\\\/\\\/www.revistarambla.com\\\/el-lem-arriba-a-la-28a-edicio-amb-propostes-musicals-tan-potents-com-arriscades\\\/\",\"url\":\"https:\\\/\\\/www.revistarambla.com\\\/el-lem-arriba-a-la-28a-edicio-amb-propostes-musicals-tan-potents-com-arriscades\\\/\",\"name\":\"El LEM arriba a la 28a edici\u00f3 amb propostes musicals tan potents com arriscades - Revista Rambla\",\"isPartOf\":{\"@id\":\"https:\\\/\\\/www.revistarambla.com\\\/#website\"},\"primaryImageOfPage\":{\"@id\":\"https:\\\/\\\/www.revistarambla.com\\\/el-lem-arriba-a-la-28a-edicio-amb-propostes-musicals-tan-potents-com-arriscades\\\/#primaryimage\"},\"image\":{\"@id\":\"https:\\\/\\\/www.revistarambla.com\\\/el-lem-arriba-a-la-28a-edicio-amb-propostes-musicals-tan-potents-com-arriscades\\\/#primaryimage\"},\"thumbnailUrl\":\"https:\\\/\\\/www.revistarambla.com\\\/wp-content\\\/uploads\\\/2023\\\/10\\\/LEM-2023.jpg\",\"datePublished\":\"2023-10-04T18:11:13+00:00\",\"dateModified\":\"2023-10-04T18:12:08+00:00\",\"breadcrumb\":{\"@id\":\"https:\\\/\\\/www.revistarambla.com\\\/el-lem-arriba-a-la-28a-edicio-amb-propostes-musicals-tan-potents-com-arriscades\\\/#breadcrumb\"},\"inLanguage\":\"en-GB\",\"potentialAction\":[{\"@type\":\"ReadAction\",\"target\":[\"https:\\\/\\\/www.revistarambla.com\\\/el-lem-arriba-a-la-28a-edicio-amb-propostes-musicals-tan-potents-com-arriscades\\\/\"]}]},{\"@type\":\"ImageObject\",\"inLanguage\":\"en-GB\",\"@id\":\"https:\\\/\\\/www.revistarambla.com\\\/el-lem-arriba-a-la-28a-edicio-amb-propostes-musicals-tan-potents-com-arriscades\\\/#primaryimage\",\"url\":\"https:\\\/\\\/www.revistarambla.com\\\/wp-content\\\/uploads\\\/2023\\\/10\\\/LEM-2023.jpg\",\"contentUrl\":\"https:\\\/\\\/www.revistarambla.com\\\/wp-content\\\/uploads\\\/2023\\\/10\\\/LEM-2023.jpg\",\"width\":850,\"height\":567},{\"@type\":\"BreadcrumbList\",\"@id\":\"https:\\\/\\\/www.revistarambla.com\\\/el-lem-arriba-a-la-28a-edicio-amb-propostes-musicals-tan-potents-com-arriscades\\\/#breadcrumb\",\"itemListElement\":[{\"@type\":\"ListItem\",\"position\":1,\"name\":\"Portada\",\"item\":\"https:\\\/\\\/www.revistarambla.com\\\/\"},{\"@type\":\"ListItem\",\"position\":2,\"name\":\"El LEM arriba a la 28a edici\u00f3 amb propostes musicals tan potents com arriscades\"}]},{\"@type\":\"WebSite\",\"@id\":\"https:\\\/\\\/www.revistarambla.com\\\/#website\",\"url\":\"https:\\\/\\\/www.revistarambla.com\\\/\",\"name\":\"Revista Rambla Barcelona\",\"description\":\"Periodismo independiente\",\"publisher\":{\"@id\":\"https:\\\/\\\/www.revistarambla.com\\\/#organization\"},\"potentialAction\":[{\"@type\":\"SearchAction\",\"target\":{\"@type\":\"EntryPoint\",\"urlTemplate\":\"https:\\\/\\\/www.revistarambla.com\\\/?s={search_term_string}\"},\"query-input\":{\"@type\":\"PropertyValueSpecification\",\"valueRequired\":true,\"valueName\":\"search_term_string\"}}],\"inLanguage\":\"en-GB\"},{\"@type\":\"Organization\",\"@id\":\"https:\\\/\\\/www.revistarambla.com\\\/#organization\",\"name\":\"Revista Rambla\",\"url\":\"https:\\\/\\\/www.revistarambla.com\\\/\",\"logo\":{\"@type\":\"ImageObject\",\"inLanguage\":\"en-GB\",\"@id\":\"https:\\\/\\\/www.revistarambla.com\\\/#\\\/schema\\\/logo\\\/image\\\/\",\"url\":\"https:\\\/\\\/www.revistarambla.com\\\/wp-content\\\/uploads\\\/2020\\\/09\\\/banner_rambla_1900x600_BB.png\",\"contentUrl\":\"https:\\\/\\\/www.revistarambla.com\\\/wp-content\\\/uploads\\\/2020\\\/09\\\/banner_rambla_1900x600_BB.png\",\"width\":1900,\"height\":600,\"caption\":\"Revista Rambla\"},\"image\":{\"@id\":\"https:\\\/\\\/www.revistarambla.com\\\/#\\\/schema\\\/logo\\\/image\\\/\"},\"sameAs\":[\"https:\\\/\\\/www.facebook.com\\\/revistarambla\\\/\",\"https:\\\/\\\/x.com\\\/revistarambla\",\"https:\\\/\\\/www.instagram.com\\\/revista_rambla\",\"https:\\\/\\\/es.linkedin.com\\\/company\\\/revista-rambla\"]},{\"@type\":\"Person\",\"@id\":\"https:\\\/\\\/www.revistarambla.com\\\/#\\\/schema\\\/person\\\/a146a5a2550b94981a75131180e1bd9c\",\"name\":\"R@mbla\",\"description\":\"Este art\u00edculo ha sido redactado y\\\/o validado por el equipo de redacci\u00f3n de Revista Rambla.\",\"sameAs\":[\"https:\\\/\\\/www.revistarambla.com\\\/\",\"https:\\\/\\\/www.facebook.com\\\/revistarambla\",\"https:\\\/\\\/x.com\\\/revistarambla\"]}]}<\/script>\n<!-- \/ Yoast SEO plugin. -->","yoast_head_json":{"title":"El LEM arriba a la 28a edici\u00f3 amb propostes musicals tan potents com arriscades - Revista Rambla","robots":{"index":"index","follow":"follow","max-snippet":"max-snippet:-1","max-image-preview":"max-image-preview:large","max-video-preview":"max-video-preview:-1"},"canonical":"https:\/\/www.revistarambla.com\/en\/el-lem-arriba-a-la-28a-edicio-amb-propostes-musicals-tan-potents-com-arriscades\/","og_locale":"en_GB","og_type":"article","og_title":"El LEM arriba a la 28a edici\u00f3 amb propostes musicals tan potents com arriscades - Revista Rambla","og_description":"El cicle omplir\u00e0 Barcelona de la millor m\u00fasica experimental nacional i internacional del 5 al 28 d\u2019octubre. Foto: Pepino Pascual durant la seca actuaci\u00f3 a la presentaci\u00f3n del LEM 2023 | Ernest Abentin \/ GTS","og_url":"https:\/\/www.revistarambla.com\/en\/el-lem-arriba-a-la-28a-edicio-amb-propostes-musicals-tan-potents-com-arriscades\/","og_site_name":"Revista Rambla","article_publisher":"https:\/\/www.facebook.com\/revistarambla\/","article_author":"https:\/\/www.facebook.com\/revistarambla","article_published_time":"2023-10-04T18:11:13+00:00","article_modified_time":"2023-10-04T18:12:08+00:00","og_image":[{"width":850,"height":567,"url":"https:\/\/www.revistarambla.com\/wp-content\/uploads\/2023\/10\/LEM-2023.jpg","type":"image\/jpeg"}],"author":"R@mbla","twitter_card":"summary_large_image","twitter_creator":"@revistarambla","twitter_site":"@revistarambla","twitter_misc":{"Written by":"R@mbla","Estimated reading time":"5 minutes"},"schema":{"@context":"https:\/\/schema.org","@graph":[{"@type":"Article","@id":"https:\/\/www.revistarambla.com\/el-lem-arriba-a-la-28a-edicio-amb-propostes-musicals-tan-potents-com-arriscades\/#article","isPartOf":{"@id":"https:\/\/www.revistarambla.com\/el-lem-arriba-a-la-28a-edicio-amb-propostes-musicals-tan-potents-com-arriscades\/"},"author":{"name":"R@mbla","@id":"https:\/\/www.revistarambla.com\/#\/schema\/person\/a146a5a2550b94981a75131180e1bd9c"},"headline":"El LEM arriba a la 28a edici\u00f3 amb propostes musicals tan potents com arriscades","datePublished":"2023-10-04T18:11:13+00:00","dateModified":"2023-10-04T18:12:08+00:00","mainEntityOfPage":{"@id":"https:\/\/www.revistarambla.com\/el-lem-arriba-a-la-28a-edicio-amb-propostes-musicals-tan-potents-com-arriscades\/"},"wordCount":956,"publisher":{"@id":"https:\/\/www.revistarambla.com\/#organization"},"image":{"@id":"https:\/\/www.revistarambla.com\/el-lem-arriba-a-la-28a-edicio-amb-propostes-musicals-tan-potents-com-arriscades\/#primaryimage"},"thumbnailUrl":"https:\/\/www.revistarambla.com\/wp-content\/uploads\/2023\/10\/LEM-2023.jpg","articleSection":["M\u00fasica"],"inLanguage":"en-GB"},{"@type":"WebPage","@id":"https:\/\/www.revistarambla.com\/el-lem-arriba-a-la-28a-edicio-amb-propostes-musicals-tan-potents-com-arriscades\/","url":"https:\/\/www.revistarambla.com\/el-lem-arriba-a-la-28a-edicio-amb-propostes-musicals-tan-potents-com-arriscades\/","name":"El LEM arriba a la 28a edici\u00f3 amb propostes musicals tan potents com arriscades - Revista Rambla","isPartOf":{"@id":"https:\/\/www.revistarambla.com\/#website"},"primaryImageOfPage":{"@id":"https:\/\/www.revistarambla.com\/el-lem-arriba-a-la-28a-edicio-amb-propostes-musicals-tan-potents-com-arriscades\/#primaryimage"},"image":{"@id":"https:\/\/www.revistarambla.com\/el-lem-arriba-a-la-28a-edicio-amb-propostes-musicals-tan-potents-com-arriscades\/#primaryimage"},"thumbnailUrl":"https:\/\/www.revistarambla.com\/wp-content\/uploads\/2023\/10\/LEM-2023.jpg","datePublished":"2023-10-04T18:11:13+00:00","dateModified":"2023-10-04T18:12:08+00:00","breadcrumb":{"@id":"https:\/\/www.revistarambla.com\/el-lem-arriba-a-la-28a-edicio-amb-propostes-musicals-tan-potents-com-arriscades\/#breadcrumb"},"inLanguage":"en-GB","potentialAction":[{"@type":"ReadAction","target":["https:\/\/www.revistarambla.com\/el-lem-arriba-a-la-28a-edicio-amb-propostes-musicals-tan-potents-com-arriscades\/"]}]},{"@type":"ImageObject","inLanguage":"en-GB","@id":"https:\/\/www.revistarambla.com\/el-lem-arriba-a-la-28a-edicio-amb-propostes-musicals-tan-potents-com-arriscades\/#primaryimage","url":"https:\/\/www.revistarambla.com\/wp-content\/uploads\/2023\/10\/LEM-2023.jpg","contentUrl":"https:\/\/www.revistarambla.com\/wp-content\/uploads\/2023\/10\/LEM-2023.jpg","width":850,"height":567},{"@type":"BreadcrumbList","@id":"https:\/\/www.revistarambla.com\/el-lem-arriba-a-la-28a-edicio-amb-propostes-musicals-tan-potents-com-arriscades\/#breadcrumb","itemListElement":[{"@type":"ListItem","position":1,"name":"Portada","item":"https:\/\/www.revistarambla.com\/"},{"@type":"ListItem","position":2,"name":"El LEM arriba a la 28a edici\u00f3 amb propostes musicals tan potents com arriscades"}]},{"@type":"WebSite","@id":"https:\/\/www.revistarambla.com\/#website","url":"https:\/\/www.revistarambla.com\/","name":"Revista Rambla Barcelona","description":"Periodismo independiente","publisher":{"@id":"https:\/\/www.revistarambla.com\/#organization"},"potentialAction":[{"@type":"SearchAction","target":{"@type":"EntryPoint","urlTemplate":"https:\/\/www.revistarambla.com\/?s={search_term_string}"},"query-input":{"@type":"PropertyValueSpecification","valueRequired":true,"valueName":"search_term_string"}}],"inLanguage":"en-GB"},{"@type":"Organization","@id":"https:\/\/www.revistarambla.com\/#organization","name":"Revista Rambla","url":"https:\/\/www.revistarambla.com\/","logo":{"@type":"ImageObject","inLanguage":"en-GB","@id":"https:\/\/www.revistarambla.com\/#\/schema\/logo\/image\/","url":"https:\/\/www.revistarambla.com\/wp-content\/uploads\/2020\/09\/banner_rambla_1900x600_BB.png","contentUrl":"https:\/\/www.revistarambla.com\/wp-content\/uploads\/2020\/09\/banner_rambla_1900x600_BB.png","width":1900,"height":600,"caption":"Revista Rambla"},"image":{"@id":"https:\/\/www.revistarambla.com\/#\/schema\/logo\/image\/"},"sameAs":["https:\/\/www.facebook.com\/revistarambla\/","https:\/\/x.com\/revistarambla","https:\/\/www.instagram.com\/revista_rambla","https:\/\/es.linkedin.com\/company\/revista-rambla"]},{"@type":"Person","@id":"https:\/\/www.revistarambla.com\/#\/schema\/person\/a146a5a2550b94981a75131180e1bd9c","name":"R@mbla","description":"Este art\u00edculo ha sido redactado y\/o validado por el equipo de redacci\u00f3n de Revista Rambla.","sameAs":["https:\/\/www.revistarambla.com\/","https:\/\/www.facebook.com\/revistarambla","https:\/\/x.com\/revistarambla"]}]}},"_links":{"self":[{"href":"https:\/\/www.revistarambla.com\/en\/wp-json\/wp\/v2\/posts\/56919","targetHints":{"allow":["GET"]}}],"collection":[{"href":"https:\/\/www.revistarambla.com\/en\/wp-json\/wp\/v2\/posts"}],"about":[{"href":"https:\/\/www.revistarambla.com\/en\/wp-json\/wp\/v2\/types\/post"}],"author":[{"embeddable":true,"href":"https:\/\/www.revistarambla.com\/en\/wp-json\/wp\/v2\/users\/3"}],"replies":[{"embeddable":true,"href":"https:\/\/www.revistarambla.com\/en\/wp-json\/wp\/v2\/comments?post=56919"}],"version-history":[{"count":2,"href":"https:\/\/www.revistarambla.com\/en\/wp-json\/wp\/v2\/posts\/56919\/revisions"}],"predecessor-version":[{"id":56922,"href":"https:\/\/www.revistarambla.com\/en\/wp-json\/wp\/v2\/posts\/56919\/revisions\/56922"}],"wp:featuredmedia":[{"embeddable":true,"href":"https:\/\/www.revistarambla.com\/en\/wp-json\/wp\/v2\/media\/56920"}],"wp:attachment":[{"href":"https:\/\/www.revistarambla.com\/en\/wp-json\/wp\/v2\/media?parent=56919"}],"wp:term":[{"taxonomy":"category","embeddable":true,"href":"https:\/\/www.revistarambla.com\/en\/wp-json\/wp\/v2\/categories?post=56919"},{"taxonomy":"post_tag","embeddable":true,"href":"https:\/\/www.revistarambla.com\/en\/wp-json\/wp\/v2\/tags?post=56919"}],"curies":[{"name":"wp","href":"https:\/\/api.w.org\/{rel}","templated":true}]}}