{"id":56782,"date":"2023-09-25T19:19:18","date_gmt":"2023-09-25T17:19:18","guid":{"rendered":"https:\/\/www.revistarambla.com\/?p=56782"},"modified":"2023-09-25T19:19:18","modified_gmt":"2023-09-25T17:19:18","slug":"cup-fin-de-ciclo","status":"publish","type":"post","link":"https:\/\/www.revistarambla.com\/en\/cup-fin-de-ciclo\/","title":{"rendered":"CUP: \u00bfFin de ciclo?"},"content":{"rendered":"<p>La CUP-PR ha perdido sus dos esca\u00f1os, pero lo m\u00e1s importante pasa de m\u00e1s de 240.000 votos a algo m\u00e1s de 98.000, es decir, ha perdido casi dos tercios. Hay una crisis que se ahonda. El propio Secretariado Nacional reconoce esta situaci\u00f3n y abre un debate sobre la necesidad de refundar la CUP. Hay voces que reclaman otro \u00abpersonaje\u00bb medi\u00e1tico que nos saque de la ca\u00edda libre, como ya se hab\u00eda dicho con Dolors Sabater. Su dimisi\u00f3n como parlamentaria tras las municipales ocurri\u00f3 con m\u00e1s pena que gloria. El problema no es de figuras medi\u00e1ticas, es de proyecto pol\u00edtico.<\/p>\n<p>La CUP no se despega del \u201cbloque independentista\u201d con ERC y JXC, no deja de ser su ala izquierda, en lugar de ser una alternativa a sus traiciones. Pero el proyecto de ERC independentista en los discursos, ha dejado de ser independentista en los hechos, para pasar a reanudar el autonomismo. Lo mismo podemos decir del Govern Torra y de JXC. \u00bfQu\u00e9 cab\u00eda esperar de la CUP? Que fuera la abanderada del 1 y del 3 de octubre, y no que volviera a aceptar que hace falta un nuevo refer\u00e9ndum&#8230; Que llamara a la resistencia cuando los dirigentes de ERC y JXC o hu\u00edan o se entregaban. Que dijera que las elecciones m\u00e1s antidemocr\u00e1ticas fueron las de diciembre del 17, con el 155 y que entonces s\u00ed, llamara al boicot y a \u201cdesobedecer\u201d a la recomposici\u00f3n autonomista dictada por el r\u00e9gimen. Una cr\u00edtica contundente a la pol\u00edtica de los sucesivos gobiernos desde 2017 y a cada concesi\u00f3n al r\u00e9gimen y al gobierno central.<\/p>\n<p>Debemos reconocer que la ANC nos ha pasado por la izquierda. Pero en vez de analizarlo y sacar conclusiones, participamos en las elecciones de febrero 2021, con Dolors Sabater como flamante cabeza de lista en el parlamento, con la experiencia de frente com\u00fan con ERC, IC y PSC en Badalona, y un acercamiento a ERC. La negociaci\u00f3n del \u00faltimo gobierno Aragon\u00e9s, el mensaje de que pod\u00edamos entrar en el Gobierno, los dos a\u00f1os de tregua con la mesa de di\u00e1logo. El aplazamiento una y otra vez de la ruptura del acuerdo de investidura. Y, si quedaba alguna duda, Girona con Lluc Salellas alcalde de la CUP con acuerdo con JXC y ERC, entreg\u00e1ndoles todas las concejal\u00edas econ\u00f3micas que aseguran la persistencia de la Girona burguesa que tanto hab\u00edamos criticado&#8230; Las mismas compa\u00f1eras del grupo de municipalismo, en la COP en que analiz\u00e1bamos los resultados de las municipales, constataban que donde peores resultados se hab\u00edan sacado era all\u00ed donde est\u00e1bamos en gobiernos en minor\u00eda: \u00bfentonces porque se repite? \u00bfQui\u00e9n espera que no nos pongan a todos en el mismo saco? \u00bfO peor a\u00fan, sea a nosotros a quienes menos perdonan?<\/p>\n<p>Tambi\u00e9n hab\u00eda motivos de clase para romper con ERC y JXC. Sus pol\u00edticas van contra las clases trabajadoras. Y en eso nos encontr\u00e1bamos enfrentados tambi\u00e9n a los Podemos-Comuns y su Gobierno m\u00e1s progresista de la historia en Madrid y antes con Ada Colau en Barcelona. Y era necesaria una radicalidad anticapitalista, de clase, que tampoco ha existido. La lucha obrera no ha sido el centro de las preocupaciones de la CUP, pero est\u00e1 entre una clase obrera originaria mayoritariamente de otros lugares del estado donde se juega el futuro, tambi\u00e9n el de la Rep\u00fablica Catalana. Hemos pedido una y otra vez un giro a la izquierda que no ha llegado: luchar contra los cierres y despidos, en defensa de salarios y pensiones&#8230;<\/p>\n<p>Un buen sector de la CUP mira con lejan\u00eda a una clase obrera catalana que habla mayoritariamente en castellano, que no se siente independentista y que puede ser dif\u00edcil que vote CUP. Era importante para esa misma clase obrera aparecer como el principal defensor de sus derechos, de la solidaridad entre los pueblos. Ir de la mano de luchadores y luchadoras, represaliados y represaliadas, en una lucha unida contra la Monarqu\u00eda borb\u00f3nica, burguesa y prisi\u00f3n de pueblos. Pero tambi\u00e9n la direcci\u00f3n de la CUP lo miraba con lejan\u00eda. Aunque cuando, a la lucha del metal del C\u00e1diz, y por nuestra insistencia, el diputado Albert Botran acudi\u00f3, encontramos una buena acogida. Pero esa componente internacionalista, solidaria, de clase no ha estado presente. Y aqu\u00ed una segunda conclusi\u00f3n: la CUP tampoco ha capitalizado la cr\u00edtica desde la izquierda a los Comuns-Podemos.<\/p>\n<p>La evoluci\u00f3n de los resultados electorales de la CUP se inscribe en un ciclo global. El que se abre como respuesta a la profunda crisis capitalista de 2008-2009: el de los movimientos en todo el Norte de \u00c1frica y Oriente Pr\u00f3ximo; el movimiento 15M, las m\u00faltiples huelgas generales en Grecia; y el ascenso del movimiento independentista en Escocia o Catalunya. Los movimientos entroncaban en nuevas referencias pol\u00edticas: Syriza, Podemos, Corbyn, Sanders, el Bloco de Portugal, ERC, JXC (con la implosi\u00f3n de CiU) SNP&#8230; No es casual que las dos proclamaciones de la Rep\u00fablica Catalana se hicieran en octubre de 1934 y 2017, en plenas crisis capitalistas mundiales. Aquel ciclo ahora ha terminado. Las expresiones de nacionalismo burgu\u00e9s y refundaciones socialdem\u00f3cratas est\u00e1n hoy en ca\u00edda. La CUP forma parte, pero no es un problema de fatalismo hist\u00f3rico.<\/p>\n<p>La primera fase de la crisis capitalista, lejos de estar superada prepara una segunda, agudiz\u00e1ndola. Ha empezado con los aumentos de la inflaci\u00f3n, posible recesi\u00f3n, la pandemia y la guerra alimentan esa reactivaci\u00f3n de la crisis. Las condiciones de vida de la clase trabajadora vuelven a endurecerse: baja el poder adquisitivo, aumenta la miseria, tambi\u00e9n entre gente que tiene trabajo, porque el trabajo se precariza. Y es por estos motivos, porque se agudiza la tensi\u00f3n entre las clases sociales, que el capital financiero invierte en la construcci\u00f3n de la extrema derecha, para disputar la calle a la que no llegan el centro y la derecha tradicional. Choques importantes y decisivos est\u00e1n por llegar.<\/p>\n<p>Efectivamente es necesario un replanteamiento. Las corrientes burguesas y peque\u00f1as burguesas como JXC y ERC retroceden ante el estado, las tendencias socialdem\u00f3cratas tambi\u00e9n y no se atreven a cuestionar los intereses del gran capital. Ninguna de estas organizaciones sirve ni para la defensa de los derechos de los pueblos frente al estado centralista ni para la defensa de los y de las trabajadoras ante la devastaci\u00f3n y voracidad del capital.<\/p>\n<p>S\u00ed, es necesaria una refundaci\u00f3n para reanudar un camino independentista, de clase, internacionalista. Y para reanudar ese camino es necesario devolver la democracia obrera al funcionamiento de la organizaci\u00f3n. Volvamos a las asambleas decisorias que daban envidia a toda la izquierda, como la del \u201cMas s\u00ed, Mas no\u201d. Volvamos a dar la palabra a las bases. Si hablamos de Unidad Popular, respetemos y compartamos con las organizaciones que entran y dejemos a un lado la autoproclamaci\u00f3n propia de los aparatos burocr\u00e1ticos para eclipsarlas, como hasta ahora ha venido ocurriendo. Volvamos a dar cuentas y a poner el trabajo en las instituciones al servicio de las necesidades de la lucha en la calle, y a construir organizaci\u00f3n.<\/p>\n<p><strong>Nuestras propuestas:<\/strong><\/p>\n<p>1.- Volver a poner el centro en la lucha, contra la represi\u00f3n, en la calle.<\/p>\n<p>2.- Pol\u00edtica decidida de denuncia del Govern Aragon\u00e9s. Basta de treguas. Ni mesa de di\u00e1logo, ni acuerdo de claridad, ni nuevo refer\u00e9ndum. Es necesario recuperar la calle, y el 1 y el 3 de octubre y acercarse a la ANC para la movilizaci\u00f3n.<\/p>\n<p>3.- Giro a la izquierda, por la doble ruptura, nacional y social<\/p>\n<p>4.- Impulso de la coordinaci\u00f3n en el estado e internacional de la lucha antirrepresiva y contra el r\u00e9gimen del 78.<\/p>\n<p>5.- Recuperaci\u00f3n de los espacios internos de democracia y participaci\u00f3n.<\/p>\n<p>6.- Impulsar un Frente que ampl\u00ede los actuales acuerdos electorales a las organizaciones de la izquierda anticapitalista.<\/p>","protected":false},"excerpt":{"rendered":"<p>La CUP-PR ha perdido sus dos esca\u00f1os, pero lo m\u00e1s importante pasa de m\u00e1s de 240.000 votos a algo m\u00e1s de 98.000, es decir, ha perdido casi dos tercios. Hay una crisis que se ahonda. El propio Secretariado Nacional reconoce esta situaci\u00f3n y abre un debate sobre la necesidad de [&hellip;]<\/p>\n","protected":false},"author":96,"featured_media":56611,"comment_status":"closed","ping_status":"closed","sticky":false,"template":"","format":"standard","meta":{"footnotes":""},"categories":[72],"tags":[],"class_list":["post-56782","post","type-post","status-publish","format-standard","has-post-thumbnail","hentry","category-opinion"],"yoast_head":"<!-- This site is optimized with the Yoast SEO plugin v27.5 - https:\/\/yoast.com\/product\/yoast-seo-wordpress\/ -->\n<title>CUP: \u00bfFin de ciclo? - Revista Rambla<\/title>\n<meta name=\"robots\" content=\"index, follow, max-snippet:-1, max-image-preview:large, max-video-preview:-1\" \/>\n<link rel=\"canonical\" href=\"https:\/\/www.revistarambla.com\/en\/cup-fin-de-ciclo\/\" \/>\n<meta property=\"og:locale\" content=\"en_GB\" \/>\n<meta property=\"og:type\" content=\"article\" \/>\n<meta property=\"og:title\" content=\"CUP: \u00bfFin de ciclo? - Revista Rambla\" \/>\n<meta property=\"og:description\" content=\"La CUP-PR ha perdido sus dos esca\u00f1os, pero lo m\u00e1s importante pasa de m\u00e1s de 240.000 votos a algo m\u00e1s de 98.000, es decir, ha perdido casi dos tercios. Hay una crisis que se ahonda. El propio Secretariado Nacional reconoce esta situaci\u00f3n y abre un debate sobre la necesidad de [&hellip;]\" \/>\n<meta property=\"og:url\" content=\"https:\/\/www.revistarambla.com\/en\/cup-fin-de-ciclo\/\" \/>\n<meta property=\"og:site_name\" content=\"Revista Rambla\" \/>\n<meta property=\"article:publisher\" content=\"https:\/\/www.facebook.com\/revistarambla\/\" \/>\n<meta property=\"article:author\" content=\"https:\/\/www.facebook.com\/linternacionalista\/\" \/>\n<meta property=\"article:published_time\" content=\"2023-09-25T17:19:18+00:00\" \/>\n<meta property=\"og:image\" content=\"https:\/\/www.revistarambla.com\/wp-content\/uploads\/2023\/09\/diada-2023-cup.jpg\" \/>\n\t<meta property=\"og:image:width\" content=\"1561\" \/>\n\t<meta property=\"og:image:height\" content=\"950\" \/>\n\t<meta property=\"og:image:type\" content=\"image\/jpeg\" \/>\n<meta name=\"author\" content=\"Lucha Internacionalista\" \/>\n<meta name=\"twitter:card\" content=\"summary_large_image\" \/>\n<meta name=\"twitter:creator\" content=\"@luchainternacio\" \/>\n<meta name=\"twitter:site\" content=\"@revistarambla\" \/>\n<meta name=\"twitter:label1\" content=\"Written by\" \/>\n\t<meta name=\"twitter:data1\" content=\"Lucha Internacionalista\" \/>\n\t<meta name=\"twitter:label2\" content=\"Estimated reading time\" \/>\n\t<meta name=\"twitter:data2\" content=\"7 minutes\" \/>\n<script type=\"application\/ld+json\" class=\"yoast-schema-graph\">{\"@context\":\"https:\\\/\\\/schema.org\",\"@graph\":[{\"@type\":\"Article\",\"@id\":\"https:\\\/\\\/www.revistarambla.com\\\/cup-fin-de-ciclo\\\/#article\",\"isPartOf\":{\"@id\":\"https:\\\/\\\/www.revistarambla.com\\\/cup-fin-de-ciclo\\\/\"},\"author\":{\"name\":\"Lucha Internacionalista\",\"@id\":\"https:\\\/\\\/www.revistarambla.com\\\/#\\\/schema\\\/person\\\/2d0daa76d289bb19174d9201fb9fe42c\"},\"headline\":\"CUP: \u00bfFin de ciclo?\",\"datePublished\":\"2023-09-25T17:19:18+00:00\",\"mainEntityOfPage\":{\"@id\":\"https:\\\/\\\/www.revistarambla.com\\\/cup-fin-de-ciclo\\\/\"},\"wordCount\":1355,\"publisher\":{\"@id\":\"https:\\\/\\\/www.revistarambla.com\\\/#organization\"},\"image\":{\"@id\":\"https:\\\/\\\/www.revistarambla.com\\\/cup-fin-de-ciclo\\\/#primaryimage\"},\"thumbnailUrl\":\"https:\\\/\\\/www.revistarambla.com\\\/wp-content\\\/uploads\\\/2023\\\/09\\\/diada-2023-cup.jpg\",\"articleSection\":[\"Opiniones\"],\"inLanguage\":\"en-GB\"},{\"@type\":\"WebPage\",\"@id\":\"https:\\\/\\\/www.revistarambla.com\\\/cup-fin-de-ciclo\\\/\",\"url\":\"https:\\\/\\\/www.revistarambla.com\\\/cup-fin-de-ciclo\\\/\",\"name\":\"CUP: \u00bfFin de ciclo? - Revista Rambla\",\"isPartOf\":{\"@id\":\"https:\\\/\\\/www.revistarambla.com\\\/#website\"},\"primaryImageOfPage\":{\"@id\":\"https:\\\/\\\/www.revistarambla.com\\\/cup-fin-de-ciclo\\\/#primaryimage\"},\"image\":{\"@id\":\"https:\\\/\\\/www.revistarambla.com\\\/cup-fin-de-ciclo\\\/#primaryimage\"},\"thumbnailUrl\":\"https:\\\/\\\/www.revistarambla.com\\\/wp-content\\\/uploads\\\/2023\\\/09\\\/diada-2023-cup.jpg\",\"datePublished\":\"2023-09-25T17:19:18+00:00\",\"breadcrumb\":{\"@id\":\"https:\\\/\\\/www.revistarambla.com\\\/cup-fin-de-ciclo\\\/#breadcrumb\"},\"inLanguage\":\"en-GB\",\"potentialAction\":[{\"@type\":\"ReadAction\",\"target\":[\"https:\\\/\\\/www.revistarambla.com\\\/cup-fin-de-ciclo\\\/\"]}]},{\"@type\":\"ImageObject\",\"inLanguage\":\"en-GB\",\"@id\":\"https:\\\/\\\/www.revistarambla.com\\\/cup-fin-de-ciclo\\\/#primaryimage\",\"url\":\"https:\\\/\\\/www.revistarambla.com\\\/wp-content\\\/uploads\\\/2023\\\/09\\\/diada-2023-cup.jpg\",\"contentUrl\":\"https:\\\/\\\/www.revistarambla.com\\\/wp-content\\\/uploads\\\/2023\\\/09\\\/diada-2023-cup.jpg\",\"width\":1561,\"height\":950},{\"@type\":\"BreadcrumbList\",\"@id\":\"https:\\\/\\\/www.revistarambla.com\\\/cup-fin-de-ciclo\\\/#breadcrumb\",\"itemListElement\":[{\"@type\":\"ListItem\",\"position\":1,\"name\":\"Portada\",\"item\":\"https:\\\/\\\/www.revistarambla.com\\\/\"},{\"@type\":\"ListItem\",\"position\":2,\"name\":\"CUP: \u00bfFin de ciclo?\"}]},{\"@type\":\"WebSite\",\"@id\":\"https:\\\/\\\/www.revistarambla.com\\\/#website\",\"url\":\"https:\\\/\\\/www.revistarambla.com\\\/\",\"name\":\"Revista Rambla Barcelona\",\"description\":\"Periodismo independiente\",\"publisher\":{\"@id\":\"https:\\\/\\\/www.revistarambla.com\\\/#organization\"},\"potentialAction\":[{\"@type\":\"SearchAction\",\"target\":{\"@type\":\"EntryPoint\",\"urlTemplate\":\"https:\\\/\\\/www.revistarambla.com\\\/?s={search_term_string}\"},\"query-input\":{\"@type\":\"PropertyValueSpecification\",\"valueRequired\":true,\"valueName\":\"search_term_string\"}}],\"inLanguage\":\"en-GB\"},{\"@type\":\"Organization\",\"@id\":\"https:\\\/\\\/www.revistarambla.com\\\/#organization\",\"name\":\"Revista Rambla\",\"url\":\"https:\\\/\\\/www.revistarambla.com\\\/\",\"logo\":{\"@type\":\"ImageObject\",\"inLanguage\":\"en-GB\",\"@id\":\"https:\\\/\\\/www.revistarambla.com\\\/#\\\/schema\\\/logo\\\/image\\\/\",\"url\":\"https:\\\/\\\/www.revistarambla.com\\\/wp-content\\\/uploads\\\/2020\\\/09\\\/banner_rambla_1900x600_BB.png\",\"contentUrl\":\"https:\\\/\\\/www.revistarambla.com\\\/wp-content\\\/uploads\\\/2020\\\/09\\\/banner_rambla_1900x600_BB.png\",\"width\":1900,\"height\":600,\"caption\":\"Revista Rambla\"},\"image\":{\"@id\":\"https:\\\/\\\/www.revistarambla.com\\\/#\\\/schema\\\/logo\\\/image\\\/\"},\"sameAs\":[\"https:\\\/\\\/www.facebook.com\\\/revistarambla\\\/\",\"https:\\\/\\\/x.com\\\/revistarambla\",\"https:\\\/\\\/www.instagram.com\\\/revista_rambla\",\"https:\\\/\\\/es.linkedin.com\\\/company\\\/revista-rambla\"]},{\"@type\":\"Person\",\"@id\":\"https:\\\/\\\/www.revistarambla.com\\\/#\\\/schema\\\/person\\\/2d0daa76d289bb19174d9201fb9fe42c\",\"name\":\"Lucha Internacionalista\",\"description\":\"Lucha Internacionalista es una organizaci\u00f3n pol\u00edtica marxista revolucionaria: trotskista. Se constituy\u00f3 en mayo de 1999 por militantes del Partido Revolucionario de los Trabajadores (PRT).\",\"sameAs\":[\"http:\\\/\\\/luchainternacionalista.org\\\/\",\"https:\\\/\\\/www.facebook.com\\\/linternacionalista\\\/\",\"https:\\\/\\\/x.com\\\/luchainternacio\"]}]}<\/script>\n<!-- \/ Yoast SEO plugin. -->","yoast_head_json":{"title":"CUP: \u00bfFin de ciclo? - Revista Rambla","robots":{"index":"index","follow":"follow","max-snippet":"max-snippet:-1","max-image-preview":"max-image-preview:large","max-video-preview":"max-video-preview:-1"},"canonical":"https:\/\/www.revistarambla.com\/en\/cup-fin-de-ciclo\/","og_locale":"en_GB","og_type":"article","og_title":"CUP: \u00bfFin de ciclo? - Revista Rambla","og_description":"La CUP-PR ha perdido sus dos esca\u00f1os, pero lo m\u00e1s importante pasa de m\u00e1s de 240.000 votos a algo m\u00e1s de 98.000, es decir, ha perdido casi dos tercios. Hay una crisis que se ahonda. El propio Secretariado Nacional reconoce esta situaci\u00f3n y abre un debate sobre la necesidad de [&hellip;]","og_url":"https:\/\/www.revistarambla.com\/en\/cup-fin-de-ciclo\/","og_site_name":"Revista Rambla","article_publisher":"https:\/\/www.facebook.com\/revistarambla\/","article_author":"https:\/\/www.facebook.com\/linternacionalista\/","article_published_time":"2023-09-25T17:19:18+00:00","og_image":[{"width":1561,"height":950,"url":"https:\/\/www.revistarambla.com\/wp-content\/uploads\/2023\/09\/diada-2023-cup.jpg","type":"image\/jpeg"}],"author":"Lucha Internacionalista","twitter_card":"summary_large_image","twitter_creator":"@luchainternacio","twitter_site":"@revistarambla","twitter_misc":{"Written by":"Lucha Internacionalista","Estimated reading time":"7 minutes"},"schema":{"@context":"https:\/\/schema.org","@graph":[{"@type":"Article","@id":"https:\/\/www.revistarambla.com\/cup-fin-de-ciclo\/#article","isPartOf":{"@id":"https:\/\/www.revistarambla.com\/cup-fin-de-ciclo\/"},"author":{"name":"Lucha Internacionalista","@id":"https:\/\/www.revistarambla.com\/#\/schema\/person\/2d0daa76d289bb19174d9201fb9fe42c"},"headline":"CUP: \u00bfFin de ciclo?","datePublished":"2023-09-25T17:19:18+00:00","mainEntityOfPage":{"@id":"https:\/\/www.revistarambla.com\/cup-fin-de-ciclo\/"},"wordCount":1355,"publisher":{"@id":"https:\/\/www.revistarambla.com\/#organization"},"image":{"@id":"https:\/\/www.revistarambla.com\/cup-fin-de-ciclo\/#primaryimage"},"thumbnailUrl":"https:\/\/www.revistarambla.com\/wp-content\/uploads\/2023\/09\/diada-2023-cup.jpg","articleSection":["Opiniones"],"inLanguage":"en-GB"},{"@type":"WebPage","@id":"https:\/\/www.revistarambla.com\/cup-fin-de-ciclo\/","url":"https:\/\/www.revistarambla.com\/cup-fin-de-ciclo\/","name":"CUP: \u00bfFin de ciclo? - Revista Rambla","isPartOf":{"@id":"https:\/\/www.revistarambla.com\/#website"},"primaryImageOfPage":{"@id":"https:\/\/www.revistarambla.com\/cup-fin-de-ciclo\/#primaryimage"},"image":{"@id":"https:\/\/www.revistarambla.com\/cup-fin-de-ciclo\/#primaryimage"},"thumbnailUrl":"https:\/\/www.revistarambla.com\/wp-content\/uploads\/2023\/09\/diada-2023-cup.jpg","datePublished":"2023-09-25T17:19:18+00:00","breadcrumb":{"@id":"https:\/\/www.revistarambla.com\/cup-fin-de-ciclo\/#breadcrumb"},"inLanguage":"en-GB","potentialAction":[{"@type":"ReadAction","target":["https:\/\/www.revistarambla.com\/cup-fin-de-ciclo\/"]}]},{"@type":"ImageObject","inLanguage":"en-GB","@id":"https:\/\/www.revistarambla.com\/cup-fin-de-ciclo\/#primaryimage","url":"https:\/\/www.revistarambla.com\/wp-content\/uploads\/2023\/09\/diada-2023-cup.jpg","contentUrl":"https:\/\/www.revistarambla.com\/wp-content\/uploads\/2023\/09\/diada-2023-cup.jpg","width":1561,"height":950},{"@type":"BreadcrumbList","@id":"https:\/\/www.revistarambla.com\/cup-fin-de-ciclo\/#breadcrumb","itemListElement":[{"@type":"ListItem","position":1,"name":"Portada","item":"https:\/\/www.revistarambla.com\/"},{"@type":"ListItem","position":2,"name":"CUP: \u00bfFin de ciclo?"}]},{"@type":"WebSite","@id":"https:\/\/www.revistarambla.com\/#website","url":"https:\/\/www.revistarambla.com\/","name":"Revista Rambla Barcelona","description":"Periodismo independiente","publisher":{"@id":"https:\/\/www.revistarambla.com\/#organization"},"potentialAction":[{"@type":"SearchAction","target":{"@type":"EntryPoint","urlTemplate":"https:\/\/www.revistarambla.com\/?s={search_term_string}"},"query-input":{"@type":"PropertyValueSpecification","valueRequired":true,"valueName":"search_term_string"}}],"inLanguage":"en-GB"},{"@type":"Organization","@id":"https:\/\/www.revistarambla.com\/#organization","name":"Revista Rambla","url":"https:\/\/www.revistarambla.com\/","logo":{"@type":"ImageObject","inLanguage":"en-GB","@id":"https:\/\/www.revistarambla.com\/#\/schema\/logo\/image\/","url":"https:\/\/www.revistarambla.com\/wp-content\/uploads\/2020\/09\/banner_rambla_1900x600_BB.png","contentUrl":"https:\/\/www.revistarambla.com\/wp-content\/uploads\/2020\/09\/banner_rambla_1900x600_BB.png","width":1900,"height":600,"caption":"Revista Rambla"},"image":{"@id":"https:\/\/www.revistarambla.com\/#\/schema\/logo\/image\/"},"sameAs":["https:\/\/www.facebook.com\/revistarambla\/","https:\/\/x.com\/revistarambla","https:\/\/www.instagram.com\/revista_rambla","https:\/\/es.linkedin.com\/company\/revista-rambla"]},{"@type":"Person","@id":"https:\/\/www.revistarambla.com\/#\/schema\/person\/2d0daa76d289bb19174d9201fb9fe42c","name":"Lucha Internacionalista","description":"Lucha Internacionalista es una organizaci\u00f3n pol\u00edtica marxista revolucionaria: trotskista. Se constituy\u00f3 en mayo de 1999 por militantes del Partido Revolucionario de los Trabajadores (PRT).","sameAs":["http:\/\/luchainternacionalista.org\/","https:\/\/www.facebook.com\/linternacionalista\/","https:\/\/x.com\/luchainternacio"]}]}},"_links":{"self":[{"href":"https:\/\/www.revistarambla.com\/en\/wp-json\/wp\/v2\/posts\/56782","targetHints":{"allow":["GET"]}}],"collection":[{"href":"https:\/\/www.revistarambla.com\/en\/wp-json\/wp\/v2\/posts"}],"about":[{"href":"https:\/\/www.revistarambla.com\/en\/wp-json\/wp\/v2\/types\/post"}],"author":[{"embeddable":true,"href":"https:\/\/www.revistarambla.com\/en\/wp-json\/wp\/v2\/users\/96"}],"replies":[{"embeddable":true,"href":"https:\/\/www.revistarambla.com\/en\/wp-json\/wp\/v2\/comments?post=56782"}],"version-history":[{"count":1,"href":"https:\/\/www.revistarambla.com\/en\/wp-json\/wp\/v2\/posts\/56782\/revisions"}],"predecessor-version":[{"id":56783,"href":"https:\/\/www.revistarambla.com\/en\/wp-json\/wp\/v2\/posts\/56782\/revisions\/56783"}],"wp:featuredmedia":[{"embeddable":true,"href":"https:\/\/www.revistarambla.com\/en\/wp-json\/wp\/v2\/media\/56611"}],"wp:attachment":[{"href":"https:\/\/www.revistarambla.com\/en\/wp-json\/wp\/v2\/media?parent=56782"}],"wp:term":[{"taxonomy":"category","embeddable":true,"href":"https:\/\/www.revistarambla.com\/en\/wp-json\/wp\/v2\/categories?post=56782"},{"taxonomy":"post_tag","embeddable":true,"href":"https:\/\/www.revistarambla.com\/en\/wp-json\/wp\/v2\/tags?post=56782"}],"curies":[{"name":"wp","href":"https:\/\/api.w.org\/{rel}","templated":true}]}}