{"id":56613,"date":"2023-09-12T18:53:31","date_gmt":"2023-09-12T16:53:31","guid":{"rendered":"https:\/\/www.revistarambla.com\/?p=56613"},"modified":"2023-09-12T18:53:31","modified_gmt":"2023-09-12T16:53:31","slug":"amianto-barcelona-lideres-en-la-retirada-segura-de-amianto-y-uralita-en-barcelona","status":"publish","type":"post","link":"https:\/\/www.revistarambla.com\/en\/amianto-barcelona-lideres-en-la-retirada-segura-de-amianto-y-uralita-en-barcelona\/","title":{"rendered":"Amianto Barcelona: L\u00edderes en la Retirada Segura de Amianto y Uralita en Barcelona"},"content":{"rendered":"<p>Amianto Barcelona, una empresa l\u00edder en la retirada segura de amianto y uralita en la regi\u00f3n de Barcelona, contin\u00faa marcando la pauta en la gesti\u00f3n de materiales peligrosos y la promoci\u00f3n de un ambiente m\u00e1s seguro para la comunidad local. Con una s\u00f3lida trayectoria y un enfoque inquebrantable en la seguridad y el cumplimiento normativo, Amianto Barcelona se ha convertido en el socio confiable de empresas y particulares para la eliminaci\u00f3n de estos materiales t\u00f3xicos en la regi\u00f3n.<\/p>\n<p>El amianto y la uralita, a menudo utilizados en la construcci\u00f3n de edificios y estructuras, representan un riesgo significativo para la salud humana y el medio ambiente cuando no se manejan adecuadamente. Amianto Barcelona se enorgullece de ofrecer soluciones integrales para la identificaci\u00f3n, evaluaci\u00f3n y eliminaci\u00f3n segura de estos materiales peligrosos. Su equipo altamente capacitado y certificado trabaja diligentemente para garantizar que todos los proyectos se ejecuten con los m\u00e1s altos est\u00e1ndares de seguridad y cumplimiento normativo.<\/p>\n<p>Servicios Destacados de Amianto Barcelona:<\/p>\n<ul>\n<li>Identificaci\u00f3n y Evaluaci\u00f3n: Amianto Barcelona realiza inspecciones exhaustivas para identificar y evaluar la presencia de amianto y uralita en edificios y estructuras.<\/li>\n<li>Retirada y Eliminaci\u00f3n Segura: La empresa utiliza t\u00e9cnicas avanzadas y equipos especializados para la retirada y eliminaci\u00f3n segura de amianto y uralita, minimizando cualquier riesgo potencial.<\/li>\n<li>Gesti\u00f3n de Residuos: Amianto Barcelona se encarga de la gesti\u00f3n adecuada de los residuos t\u00f3xicos, garantizando su eliminaci\u00f3n de acuerdo con las regulaciones vigentes.<\/li>\n<li>Asesoramiento Legal y Normativo: El equipo de Amianto Barcelona proporciona asesoramiento experto sobre las regulaciones locales y nacionales relacionadas con el amianto y la uralita.<\/li>\n<li>Servicio Personalizado: Cada proyecto se aborda de manera personalizada, adapt\u00e1ndose a las necesidades espec\u00edficas de cada cliente.<\/li>\n<\/ul>\n<p>La seguridad y la protecci\u00f3n del medio ambiente son valores fundamentales para Amianto Barcelona, y la empresa est\u00e1 comprometida con la formaci\u00f3n continua de su personal y la actualizaci\u00f3n constante de sus procesos para garantizar la seguridad de todos los involucrados.<\/p>\n<p>Para obtener m\u00e1s informaci\u00f3n sobre los servicios de <span style=\"text-decoration: underline;\"><a href=\"https:\/\/goo.gl\/maps\/XYLdiv6mRXjNiLTD8\">Amianto Barcelona<\/a><\/span> o para solicitar una consulta, visite su sitio web en <span style=\"text-decoration: underline;\"><a href=\"http:\/\/www.amianto-barcelona.com\/\">amianto-barcelona.com<\/a><\/span> o p\u00f3ngase en contacto con ellos a trav\u00e9s de:<\/p>\n<p>Tel\u00e9fono: 936 940 981 Correo electr\u00f3nico: info@amianto-barcelona.com<\/p>\n<p>Amianto Barcelona se enorgullece de ser un actor clave en la eliminaci\u00f3n segura de amianto y uralita en Barcelona y espera seguir brindando sus servicios de alta calidad para proteger la salud y el bienestar de la comunidad local.<\/p>","protected":false},"excerpt":{"rendered":"<p>Amianto Barcelona, una empresa l\u00edder en la retirada segura de amianto y uralita en la regi\u00f3n de Barcelona, contin\u00faa marcando la pauta en la gesti\u00f3n de materiales peligrosos y la promoci\u00f3n de un ambiente m\u00e1s seguro para la comunidad local. Con una s\u00f3lida trayectoria y un enfoque inquebrantable en la [&hellip;]<\/p>\n","protected":false},"author":3,"featured_media":19611,"comment_status":"closed","ping_status":"closed","sticky":false,"template":"","format":"standard","meta":{"footnotes":""},"categories":[4103],"tags":[],"class_list":["post-56613","post","type-post","status-publish","format-standard","has-post-thumbnail","hentry","category-mas-barcelona"],"yoast_head":"<!-- This site is optimized with the Yoast SEO plugin v27.5 - https:\/\/yoast.com\/product\/yoast-seo-wordpress\/ -->\n<title>Amianto Barcelona: L\u00edderes en la Retirada Segura de Amianto y Uralita en Barcelona - Revista Rambla<\/title>\n<meta name=\"robots\" content=\"index, follow, max-snippet:-1, max-image-preview:large, max-video-preview:-1\" \/>\n<link rel=\"canonical\" href=\"https:\/\/www.revistarambla.com\/en\/amianto-barcelona-lideres-en-la-retirada-segura-de-amianto-y-uralita-en-barcelona\/\" \/>\n<meta property=\"og:locale\" content=\"en_GB\" \/>\n<meta property=\"og:type\" content=\"article\" \/>\n<meta property=\"og:title\" content=\"Amianto Barcelona: L\u00edderes en la Retirada Segura de Amianto y Uralita en Barcelona - Revista Rambla\" \/>\n<meta property=\"og:description\" content=\"Amianto Barcelona, una empresa l\u00edder en la retirada segura de amianto y uralita en la regi\u00f3n de Barcelona, contin\u00faa marcando la pauta en la gesti\u00f3n de materiales peligrosos y la promoci\u00f3n de un ambiente m\u00e1s seguro para la comunidad local. Con una s\u00f3lida trayectoria y un enfoque inquebrantable en la [&hellip;]\" \/>\n<meta property=\"og:url\" content=\"https:\/\/www.revistarambla.com\/en\/amianto-barcelona-lideres-en-la-retirada-segura-de-amianto-y-uralita-en-barcelona\/\" \/>\n<meta property=\"og:site_name\" content=\"Revista Rambla\" \/>\n<meta property=\"article:publisher\" content=\"https:\/\/www.facebook.com\/revistarambla\/\" \/>\n<meta property=\"article:author\" content=\"https:\/\/www.facebook.com\/revistarambla\" \/>\n<meta property=\"article:published_time\" content=\"2023-09-12T16:53:31+00:00\" \/>\n<meta property=\"og:image\" content=\"https:\/\/www.revistarambla.com\/wp-content\/uploads\/2019\/07\/Eternit_2.jpg\" \/>\n\t<meta property=\"og:image:width\" content=\"1200\" \/>\n\t<meta property=\"og:image:height\" content=\"800\" \/>\n\t<meta property=\"og:image:type\" content=\"image\/jpeg\" \/>\n<meta name=\"author\" content=\"R@mbla\" \/>\n<meta name=\"twitter:card\" content=\"summary_large_image\" \/>\n<meta name=\"twitter:creator\" content=\"@revistarambla\" \/>\n<meta name=\"twitter:site\" content=\"@revistarambla\" \/>\n<meta name=\"twitter:label1\" content=\"Written by\" \/>\n\t<meta name=\"twitter:data1\" content=\"R@mbla\" \/>\n\t<meta name=\"twitter:label2\" content=\"Estimated reading time\" \/>\n\t<meta name=\"twitter:data2\" content=\"2 minutes\" \/>\n<script type=\"application\/ld+json\" class=\"yoast-schema-graph\">{\"@context\":\"https:\\\/\\\/schema.org\",\"@graph\":[{\"@type\":\"Article\",\"@id\":\"https:\\\/\\\/www.revistarambla.com\\\/amianto-barcelona-lideres-en-la-retirada-segura-de-amianto-y-uralita-en-barcelona\\\/#article\",\"isPartOf\":{\"@id\":\"https:\\\/\\\/www.revistarambla.com\\\/amianto-barcelona-lideres-en-la-retirada-segura-de-amianto-y-uralita-en-barcelona\\\/\"},\"author\":{\"name\":\"R@mbla\",\"@id\":\"https:\\\/\\\/www.revistarambla.com\\\/#\\\/schema\\\/person\\\/a146a5a2550b94981a75131180e1bd9c\"},\"headline\":\"Amianto Barcelona: L\u00edderes en la Retirada Segura de Amianto y Uralita en Barcelona\",\"datePublished\":\"2023-09-12T16:53:31+00:00\",\"mainEntityOfPage\":{\"@id\":\"https:\\\/\\\/www.revistarambla.com\\\/amianto-barcelona-lideres-en-la-retirada-segura-de-amianto-y-uralita-en-barcelona\\\/\"},\"wordCount\":442,\"publisher\":{\"@id\":\"https:\\\/\\\/www.revistarambla.com\\\/#organization\"},\"image\":{\"@id\":\"https:\\\/\\\/www.revistarambla.com\\\/amianto-barcelona-lideres-en-la-retirada-segura-de-amianto-y-uralita-en-barcelona\\\/#primaryimage\"},\"thumbnailUrl\":\"https:\\\/\\\/www.revistarambla.com\\\/wp-content\\\/uploads\\\/2019\\\/07\\\/Eternit_2.jpg\",\"articleSection\":[\"M\u00e1s Barcelona\"],\"inLanguage\":\"en-GB\"},{\"@type\":\"WebPage\",\"@id\":\"https:\\\/\\\/www.revistarambla.com\\\/amianto-barcelona-lideres-en-la-retirada-segura-de-amianto-y-uralita-en-barcelona\\\/\",\"url\":\"https:\\\/\\\/www.revistarambla.com\\\/amianto-barcelona-lideres-en-la-retirada-segura-de-amianto-y-uralita-en-barcelona\\\/\",\"name\":\"Amianto Barcelona: L\u00edderes en la Retirada Segura de Amianto y Uralita en Barcelona - Revista Rambla\",\"isPartOf\":{\"@id\":\"https:\\\/\\\/www.revistarambla.com\\\/#website\"},\"primaryImageOfPage\":{\"@id\":\"https:\\\/\\\/www.revistarambla.com\\\/amianto-barcelona-lideres-en-la-retirada-segura-de-amianto-y-uralita-en-barcelona\\\/#primaryimage\"},\"image\":{\"@id\":\"https:\\\/\\\/www.revistarambla.com\\\/amianto-barcelona-lideres-en-la-retirada-segura-de-amianto-y-uralita-en-barcelona\\\/#primaryimage\"},\"thumbnailUrl\":\"https:\\\/\\\/www.revistarambla.com\\\/wp-content\\\/uploads\\\/2019\\\/07\\\/Eternit_2.jpg\",\"datePublished\":\"2023-09-12T16:53:31+00:00\",\"breadcrumb\":{\"@id\":\"https:\\\/\\\/www.revistarambla.com\\\/amianto-barcelona-lideres-en-la-retirada-segura-de-amianto-y-uralita-en-barcelona\\\/#breadcrumb\"},\"inLanguage\":\"en-GB\",\"potentialAction\":[{\"@type\":\"ReadAction\",\"target\":[\"https:\\\/\\\/www.revistarambla.com\\\/amianto-barcelona-lideres-en-la-retirada-segura-de-amianto-y-uralita-en-barcelona\\\/\"]}]},{\"@type\":\"ImageObject\",\"inLanguage\":\"en-GB\",\"@id\":\"https:\\\/\\\/www.revistarambla.com\\\/amianto-barcelona-lideres-en-la-retirada-segura-de-amianto-y-uralita-en-barcelona\\\/#primaryimage\",\"url\":\"https:\\\/\\\/www.revistarambla.com\\\/wp-content\\\/uploads\\\/2019\\\/07\\\/Eternit_2.jpg\",\"contentUrl\":\"https:\\\/\\\/www.revistarambla.com\\\/wp-content\\\/uploads\\\/2019\\\/07\\\/Eternit_2.jpg\",\"width\":1200,\"height\":800,\"caption\":\"Todos los tipos de amianto, tambi\u00e9n conocido como asbesto, causan varios tipos de c\u00e1ncer, seg\u00fan la OMS. Foto: C.c.\"},{\"@type\":\"BreadcrumbList\",\"@id\":\"https:\\\/\\\/www.revistarambla.com\\\/amianto-barcelona-lideres-en-la-retirada-segura-de-amianto-y-uralita-en-barcelona\\\/#breadcrumb\",\"itemListElement\":[{\"@type\":\"ListItem\",\"position\":1,\"name\":\"Portada\",\"item\":\"https:\\\/\\\/www.revistarambla.com\\\/\"},{\"@type\":\"ListItem\",\"position\":2,\"name\":\"Amianto Barcelona: L\u00edderes en la Retirada Segura de Amianto y Uralita en Barcelona\"}]},{\"@type\":\"WebSite\",\"@id\":\"https:\\\/\\\/www.revistarambla.com\\\/#website\",\"url\":\"https:\\\/\\\/www.revistarambla.com\\\/\",\"name\":\"Revista Rambla Barcelona\",\"description\":\"Periodismo independiente\",\"publisher\":{\"@id\":\"https:\\\/\\\/www.revistarambla.com\\\/#organization\"},\"potentialAction\":[{\"@type\":\"SearchAction\",\"target\":{\"@type\":\"EntryPoint\",\"urlTemplate\":\"https:\\\/\\\/www.revistarambla.com\\\/?s={search_term_string}\"},\"query-input\":{\"@type\":\"PropertyValueSpecification\",\"valueRequired\":true,\"valueName\":\"search_term_string\"}}],\"inLanguage\":\"en-GB\"},{\"@type\":\"Organization\",\"@id\":\"https:\\\/\\\/www.revistarambla.com\\\/#organization\",\"name\":\"Revista Rambla\",\"url\":\"https:\\\/\\\/www.revistarambla.com\\\/\",\"logo\":{\"@type\":\"ImageObject\",\"inLanguage\":\"en-GB\",\"@id\":\"https:\\\/\\\/www.revistarambla.com\\\/#\\\/schema\\\/logo\\\/image\\\/\",\"url\":\"https:\\\/\\\/www.revistarambla.com\\\/wp-content\\\/uploads\\\/2020\\\/09\\\/banner_rambla_1900x600_BB.png\",\"contentUrl\":\"https:\\\/\\\/www.revistarambla.com\\\/wp-content\\\/uploads\\\/2020\\\/09\\\/banner_rambla_1900x600_BB.png\",\"width\":1900,\"height\":600,\"caption\":\"Revista Rambla\"},\"image\":{\"@id\":\"https:\\\/\\\/www.revistarambla.com\\\/#\\\/schema\\\/logo\\\/image\\\/\"},\"sameAs\":[\"https:\\\/\\\/www.facebook.com\\\/revistarambla\\\/\",\"https:\\\/\\\/x.com\\\/revistarambla\",\"https:\\\/\\\/www.instagram.com\\\/revista_rambla\",\"https:\\\/\\\/es.linkedin.com\\\/company\\\/revista-rambla\"]},{\"@type\":\"Person\",\"@id\":\"https:\\\/\\\/www.revistarambla.com\\\/#\\\/schema\\\/person\\\/a146a5a2550b94981a75131180e1bd9c\",\"name\":\"R@mbla\",\"description\":\"Este art\u00edculo ha sido redactado y\\\/o validado por el equipo de redacci\u00f3n de Revista Rambla.\",\"sameAs\":[\"https:\\\/\\\/www.revistarambla.com\\\/\",\"https:\\\/\\\/www.facebook.com\\\/revistarambla\",\"https:\\\/\\\/x.com\\\/revistarambla\"]}]}<\/script>\n<!-- \/ Yoast SEO plugin. -->","yoast_head_json":{"title":"Amianto Barcelona: L\u00edderes en la Retirada Segura de Amianto y Uralita en Barcelona - Revista Rambla","robots":{"index":"index","follow":"follow","max-snippet":"max-snippet:-1","max-image-preview":"max-image-preview:large","max-video-preview":"max-video-preview:-1"},"canonical":"https:\/\/www.revistarambla.com\/en\/amianto-barcelona-lideres-en-la-retirada-segura-de-amianto-y-uralita-en-barcelona\/","og_locale":"en_GB","og_type":"article","og_title":"Amianto Barcelona: L\u00edderes en la Retirada Segura de Amianto y Uralita en Barcelona - Revista Rambla","og_description":"Amianto Barcelona, una empresa l\u00edder en la retirada segura de amianto y uralita en la regi\u00f3n de Barcelona, contin\u00faa marcando la pauta en la gesti\u00f3n de materiales peligrosos y la promoci\u00f3n de un ambiente m\u00e1s seguro para la comunidad local. Con una s\u00f3lida trayectoria y un enfoque inquebrantable en la [&hellip;]","og_url":"https:\/\/www.revistarambla.com\/en\/amianto-barcelona-lideres-en-la-retirada-segura-de-amianto-y-uralita-en-barcelona\/","og_site_name":"Revista Rambla","article_publisher":"https:\/\/www.facebook.com\/revistarambla\/","article_author":"https:\/\/www.facebook.com\/revistarambla","article_published_time":"2023-09-12T16:53:31+00:00","og_image":[{"width":1200,"height":800,"url":"https:\/\/www.revistarambla.com\/wp-content\/uploads\/2019\/07\/Eternit_2.jpg","type":"image\/jpeg"}],"author":"R@mbla","twitter_card":"summary_large_image","twitter_creator":"@revistarambla","twitter_site":"@revistarambla","twitter_misc":{"Written by":"R@mbla","Estimated reading time":"2 minutes"},"schema":{"@context":"https:\/\/schema.org","@graph":[{"@type":"Article","@id":"https:\/\/www.revistarambla.com\/amianto-barcelona-lideres-en-la-retirada-segura-de-amianto-y-uralita-en-barcelona\/#article","isPartOf":{"@id":"https:\/\/www.revistarambla.com\/amianto-barcelona-lideres-en-la-retirada-segura-de-amianto-y-uralita-en-barcelona\/"},"author":{"name":"R@mbla","@id":"https:\/\/www.revistarambla.com\/#\/schema\/person\/a146a5a2550b94981a75131180e1bd9c"},"headline":"Amianto Barcelona: L\u00edderes en la Retirada Segura de Amianto y Uralita en Barcelona","datePublished":"2023-09-12T16:53:31+00:00","mainEntityOfPage":{"@id":"https:\/\/www.revistarambla.com\/amianto-barcelona-lideres-en-la-retirada-segura-de-amianto-y-uralita-en-barcelona\/"},"wordCount":442,"publisher":{"@id":"https:\/\/www.revistarambla.com\/#organization"},"image":{"@id":"https:\/\/www.revistarambla.com\/amianto-barcelona-lideres-en-la-retirada-segura-de-amianto-y-uralita-en-barcelona\/#primaryimage"},"thumbnailUrl":"https:\/\/www.revistarambla.com\/wp-content\/uploads\/2019\/07\/Eternit_2.jpg","articleSection":["M\u00e1s Barcelona"],"inLanguage":"en-GB"},{"@type":"WebPage","@id":"https:\/\/www.revistarambla.com\/amianto-barcelona-lideres-en-la-retirada-segura-de-amianto-y-uralita-en-barcelona\/","url":"https:\/\/www.revistarambla.com\/amianto-barcelona-lideres-en-la-retirada-segura-de-amianto-y-uralita-en-barcelona\/","name":"Amianto Barcelona: L\u00edderes en la Retirada Segura de Amianto y Uralita en Barcelona - Revista Rambla","isPartOf":{"@id":"https:\/\/www.revistarambla.com\/#website"},"primaryImageOfPage":{"@id":"https:\/\/www.revistarambla.com\/amianto-barcelona-lideres-en-la-retirada-segura-de-amianto-y-uralita-en-barcelona\/#primaryimage"},"image":{"@id":"https:\/\/www.revistarambla.com\/amianto-barcelona-lideres-en-la-retirada-segura-de-amianto-y-uralita-en-barcelona\/#primaryimage"},"thumbnailUrl":"https:\/\/www.revistarambla.com\/wp-content\/uploads\/2019\/07\/Eternit_2.jpg","datePublished":"2023-09-12T16:53:31+00:00","breadcrumb":{"@id":"https:\/\/www.revistarambla.com\/amianto-barcelona-lideres-en-la-retirada-segura-de-amianto-y-uralita-en-barcelona\/#breadcrumb"},"inLanguage":"en-GB","potentialAction":[{"@type":"ReadAction","target":["https:\/\/www.revistarambla.com\/amianto-barcelona-lideres-en-la-retirada-segura-de-amianto-y-uralita-en-barcelona\/"]}]},{"@type":"ImageObject","inLanguage":"en-GB","@id":"https:\/\/www.revistarambla.com\/amianto-barcelona-lideres-en-la-retirada-segura-de-amianto-y-uralita-en-barcelona\/#primaryimage","url":"https:\/\/www.revistarambla.com\/wp-content\/uploads\/2019\/07\/Eternit_2.jpg","contentUrl":"https:\/\/www.revistarambla.com\/wp-content\/uploads\/2019\/07\/Eternit_2.jpg","width":1200,"height":800,"caption":"Todos los tipos de amianto, tambi\u00e9n conocido como asbesto, causan varios tipos de c\u00e1ncer, seg\u00fan la OMS. Foto: C.c."},{"@type":"BreadcrumbList","@id":"https:\/\/www.revistarambla.com\/amianto-barcelona-lideres-en-la-retirada-segura-de-amianto-y-uralita-en-barcelona\/#breadcrumb","itemListElement":[{"@type":"ListItem","position":1,"name":"Portada","item":"https:\/\/www.revistarambla.com\/"},{"@type":"ListItem","position":2,"name":"Amianto Barcelona: L\u00edderes en la Retirada Segura de Amianto y Uralita en Barcelona"}]},{"@type":"WebSite","@id":"https:\/\/www.revistarambla.com\/#website","url":"https:\/\/www.revistarambla.com\/","name":"Revista Rambla Barcelona","description":"Periodismo independiente","publisher":{"@id":"https:\/\/www.revistarambla.com\/#organization"},"potentialAction":[{"@type":"SearchAction","target":{"@type":"EntryPoint","urlTemplate":"https:\/\/www.revistarambla.com\/?s={search_term_string}"},"query-input":{"@type":"PropertyValueSpecification","valueRequired":true,"valueName":"search_term_string"}}],"inLanguage":"en-GB"},{"@type":"Organization","@id":"https:\/\/www.revistarambla.com\/#organization","name":"Revista Rambla","url":"https:\/\/www.revistarambla.com\/","logo":{"@type":"ImageObject","inLanguage":"en-GB","@id":"https:\/\/www.revistarambla.com\/#\/schema\/logo\/image\/","url":"https:\/\/www.revistarambla.com\/wp-content\/uploads\/2020\/09\/banner_rambla_1900x600_BB.png","contentUrl":"https:\/\/www.revistarambla.com\/wp-content\/uploads\/2020\/09\/banner_rambla_1900x600_BB.png","width":1900,"height":600,"caption":"Revista Rambla"},"image":{"@id":"https:\/\/www.revistarambla.com\/#\/schema\/logo\/image\/"},"sameAs":["https:\/\/www.facebook.com\/revistarambla\/","https:\/\/x.com\/revistarambla","https:\/\/www.instagram.com\/revista_rambla","https:\/\/es.linkedin.com\/company\/revista-rambla"]},{"@type":"Person","@id":"https:\/\/www.revistarambla.com\/#\/schema\/person\/a146a5a2550b94981a75131180e1bd9c","name":"R@mbla","description":"Este art\u00edculo ha sido redactado y\/o validado por el equipo de redacci\u00f3n de Revista Rambla.","sameAs":["https:\/\/www.revistarambla.com\/","https:\/\/www.facebook.com\/revistarambla","https:\/\/x.com\/revistarambla"]}]}},"_links":{"self":[{"href":"https:\/\/www.revistarambla.com\/en\/wp-json\/wp\/v2\/posts\/56613","targetHints":{"allow":["GET"]}}],"collection":[{"href":"https:\/\/www.revistarambla.com\/en\/wp-json\/wp\/v2\/posts"}],"about":[{"href":"https:\/\/www.revistarambla.com\/en\/wp-json\/wp\/v2\/types\/post"}],"author":[{"embeddable":true,"href":"https:\/\/www.revistarambla.com\/en\/wp-json\/wp\/v2\/users\/3"}],"replies":[{"embeddable":true,"href":"https:\/\/www.revistarambla.com\/en\/wp-json\/wp\/v2\/comments?post=56613"}],"version-history":[{"count":1,"href":"https:\/\/www.revistarambla.com\/en\/wp-json\/wp\/v2\/posts\/56613\/revisions"}],"predecessor-version":[{"id":56614,"href":"https:\/\/www.revistarambla.com\/en\/wp-json\/wp\/v2\/posts\/56613\/revisions\/56614"}],"wp:featuredmedia":[{"embeddable":true,"href":"https:\/\/www.revistarambla.com\/en\/wp-json\/wp\/v2\/media\/19611"}],"wp:attachment":[{"href":"https:\/\/www.revistarambla.com\/en\/wp-json\/wp\/v2\/media?parent=56613"}],"wp:term":[{"taxonomy":"category","embeddable":true,"href":"https:\/\/www.revistarambla.com\/en\/wp-json\/wp\/v2\/categories?post=56613"},{"taxonomy":"post_tag","embeddable":true,"href":"https:\/\/www.revistarambla.com\/en\/wp-json\/wp\/v2\/tags?post=56613"}],"curies":[{"name":"wp","href":"https:\/\/api.w.org\/{rel}","templated":true}]}}