{"id":56569,"date":"2023-09-07T20:55:12","date_gmt":"2023-09-07T18:55:12","guid":{"rendered":"https:\/\/www.revistarambla.com\/?p=56569"},"modified":"2023-09-14T19:53:32","modified_gmt":"2023-09-14T17:53:32","slug":"calella-reune-a-los-mejores-armonicistas-del-mundo","status":"publish","type":"post","link":"https:\/\/www.revistarambla.com\/en\/calella-reune-a-los-mejores-armonicistas-del-mundo\/","title":{"rendered":"Calella re\u00fane a los mejores armonicistas del mundo"},"content":{"rendered":"<p>La segunda edici\u00f3n del Calella Harm\u00f2nica Festival arrancar\u00e1 el jueves 14 de septiembre y reunir\u00e1 a los mejores especialistas europeos en un instrumento. No s\u00f3lo habr\u00e1 Blues, el estilo asociado siempre a la arm\u00f3nica. Tambi\u00e9n se escuchar\u00e1 mestizajes con otros estilos, flamenco y Jazz. Hasta el domingo 17, Calella (Maresme) ser\u00e1 el escenario de clases con los mejores profesores del continente, adem\u00e1s de conciertos, jam sessions y degustaciones de comida al son de la m\u00fasica. El caricaturista Joan Vizcarra presentar\u00e1 su \u00faltimo libro sobre caricaturas de m\u00fasicos de Blues el s\u00e1bado 16. Todas las actividades ser\u00e1n en un escenario en el Passeig de Manel Puigvert y tendr\u00e1n este instrumento como centro.<\/p>\n<p>El Director Art\u00edstico del Calella Harm\u00f3nica Festival, Joan Pau Cumellas, reconoce que \u201cel a\u00f1o pasado empezamos muy fuertes. Repetir un cartel como el del 2022 es muy complicado. Dos armonicistas americanos como Brendan Power y William Gallison pasaba cercan de Barcelona y pudimos traerles a Calella. Este a\u00f1o, en cambio, tenemos el plato fuerte que quer\u00edamos ya el a\u00f1o pasado: Antonio Serrano\u201d.<\/p>\n<figure id=\"attachment_56571\" aria-describedby=\"caption-attachment-56571\" style=\"width: 560px\" class=\"wp-caption aligncenter\"><img decoding=\"async\" class=\"wp-image-56571 size-large\" src=\"https:\/\/www.revistarambla.com\/wp-content\/uploads\/2023\/09\/Joan-Pau-Cumellas-560x840.jpeg\" alt=\"\" width=\"560\" height=\"840\" srcset=\"https:\/\/www.revistarambla.com\/wp-content\/uploads\/2023\/09\/Joan-Pau-Cumellas-560x840.jpeg 560w, https:\/\/www.revistarambla.com\/wp-content\/uploads\/2023\/09\/Joan-Pau-Cumellas-244x365.jpeg 244w, https:\/\/www.revistarambla.com\/wp-content\/uploads\/2023\/09\/Joan-Pau-Cumellas-768x1151.jpeg 768w, https:\/\/www.revistarambla.com\/wp-content\/uploads\/2023\/09\/Joan-Pau-Cumellas-1025x1536.jpeg 1025w, https:\/\/www.revistarambla.com\/wp-content\/uploads\/2023\/09\/Joan-Pau-Cumellas.jpeg 1281w\" sizes=\"(max-width: 560px) 100vw, 560px\" \/><figcaption id=\"caption-attachment-56571\" class=\"wp-caption-text\">Joan Pau Cumellas.<\/figcaption><\/figure>\n<p>Y es que el alicantino Antonio Serrano ser\u00e1 la estrella del certamen de este 2023. No en vano, est\u00e1 considerado como el armonicista n\u00famero 1 mundial. Joan Pau Cumellas opina que Serrano \u201ces el artista superlativo de la arm\u00f3nica. Cualquier festival del mundo va detr\u00e1s de \u00e9l para tenerlo como cabeza de cartel. Antonio Serrano es muy interesante como artista, es un m\u00fasico que va m\u00e1s all\u00e1 de la arm\u00f3nica\u201d.<\/p>\n<p>El valor de Antonio Serrano, seg\u00fan Joan Pau Cumellas, es que es un artista total: \u201ctoca todos los estilos. Tiene la formaci\u00f3n cl\u00e1sica. Tambi\u00e9n, la formaci\u00f3n del Jazz. El padre de Antonio Serrano ya tocaba la arm\u00f3nica. Es un genio precoz. Ya tocaba muy bien desde peque\u00f1o\u201d.<\/p>\n<p>El m\u00e9rito de Antonio Serrano es que se invent\u00f3 la arm\u00f3nica dentro del flamenco. Paco de Luc\u00eda le vio tocar un d\u00eda y dijo: \u201cyo quiero este m\u00fasico conmigo\u201d. Nadie hab\u00eda tocado la arm\u00f3nica en el flamenco hasta que Serrano lo hizo y se adapt\u00f3 al flamenco porque es muy vers\u00e1til. El resultado es que estuvo 10 a\u00f1os haciendo giras con Paco de Luc\u00eda\u201d.<\/p>\n<p>Joan Pau Cumellas, el Director Art\u00edstico del Calella Harm\u00f2nica Festival, est\u00e1 emocionado con la posibilidad de traer a Antonio Serrano y tambi\u00e9n con la idea de consolidar este \u201cpunto de encuentro de aficionados y entusiastas de la arm\u00f3nica. Tambi\u00e9n queremos atraer al p\u00fablico general o los visitantes y turistas que se encuentran en Calella y, casualmente, se acercan a alguno de nuestros conciertos\u201d.<\/p>\n<p>Cumellas es un especialista de la arm\u00f3nica pero est\u00e1 convencido que \u201ceste instrumento tiene un atractivo natural que le hace popular. Llega f\u00e1cilmente a todo el mundo, pero es necesario crear el contexto para que esto suceda. Creo que la arm\u00f3nica tiene ese potencial para conectar con todo el mundo, quiz\u00e1s m\u00e1s que otros instrumentos. Quiz\u00e1s soy un iluso, pero s\u00e9 que este instrumento genera algo especial, diferente, al p\u00fablico. Aunque nunca haya escuchado la arm\u00f3nica\u201d.<\/p>\n<h2>Programaci\u00f3n variada<\/h2>\n<p>Esta segunda edici\u00f3n del festival especializado en la arm\u00f3nica reunir\u00e1 artistas muy ecl\u00e9cticos y diferentes. Joan Pau Cumellas celebra que \u201ccada armonicista tiene algo que los dem\u00e1s no tienen. Esto despierta el inter\u00e9s de los aficionados que vienen de todas partes, porque quieren ver cosas originales y conocer a los artistas de cerca. Adem\u00e1s de disfrutar de los conciertos, aprenden en las master class. Un aspecto did\u00e1ctico que da valor extra al evento\u201d.<\/p>\n<p>Uno de los m\u00fasicos m\u00e1s ecl\u00e9cticos que visita Calella es el franc\u00e9s St\u00e9phane Laidet, un experto en mestizaje. Actuar\u00e1 en el Festival con m\u00fasicos de flamenco y que trabajan en el mundo del teatro. Presentar\u00e1 su disco \u201c\u00c0 l\u2019oreille!\u201d, un \u00e1lbum de m\u00fasica teatral y flamenca producido por el mismo St\u00e9phane Laidet y Le Petit Comit\u00e9 (Paco Bastida, Pancho Garc\u00eda y Joange Torredeflot).<\/p>\n<figure id=\"attachment_56572\" aria-describedby=\"caption-attachment-56572\" style=\"width: 1920px\" class=\"wp-caption aligncenter\"><img decoding=\"async\" class=\"wp-image-56572 size-full\" src=\"https:\/\/www.revistarambla.com\/wp-content\/uploads\/2023\/09\/Stephane-Laidet.jpeg\" alt=\"\" width=\"1920\" height=\"1482\" srcset=\"https:\/\/www.revistarambla.com\/wp-content\/uploads\/2023\/09\/Stephane-Laidet.jpeg 1920w, https:\/\/www.revistarambla.com\/wp-content\/uploads\/2023\/09\/Stephane-Laidet-473x365.jpeg 473w, https:\/\/www.revistarambla.com\/wp-content\/uploads\/2023\/09\/Stephane-Laidet-840x648.jpeg 840w, https:\/\/www.revistarambla.com\/wp-content\/uploads\/2023\/09\/Stephane-Laidet-768x593.jpeg 768w, https:\/\/www.revistarambla.com\/wp-content\/uploads\/2023\/09\/Stephane-Laidet-1536x1186.jpeg 1536w\" sizes=\"(max-width: 1920px) 100vw, 1920px\" \/><figcaption id=\"caption-attachment-56572\" class=\"wp-caption-text\">St\u00e9phane Laidet.<\/figcaption><\/figure>\n<p>Joan Pau Cumellas describe el estilo de St\u00e9phane Laidet \u201ccomo si te acompa\u00f1ase una banda sonora. Crea ambientes en los escenarios. Cuando crea m\u00fasica, es como crear bandas sonoras\u201d.<\/p>\n<p>El eslovaco Juraj Schweigert es otro de los puntos \u00e1lgidos del Calella Harm\u00f2nica Festival. Se trata de un armonicista joven, un experto de la arm\u00f3nica diat\u00f3nica y con una t\u00e9cnica muy avanzada en el mundo del Jazz.<\/p>\n<figure id=\"attachment_56573\" aria-describedby=\"caption-attachment-56573\" style=\"width: 1028px\" class=\"wp-caption aligncenter\"><img decoding=\"async\" class=\"wp-image-56573 size-full\" src=\"https:\/\/www.revistarambla.com\/wp-content\/uploads\/2023\/09\/Juraj-Schweigert.jpg\" alt=\"Juraj Schweigert.\" width=\"1028\" height=\"617\" srcset=\"https:\/\/www.revistarambla.com\/wp-content\/uploads\/2023\/09\/Juraj-Schweigert.jpg 1028w, https:\/\/www.revistarambla.com\/wp-content\/uploads\/2023\/09\/Juraj-Schweigert-608x365.jpg 608w, https:\/\/www.revistarambla.com\/wp-content\/uploads\/2023\/09\/Juraj-Schweigert-840x504.jpg 840w, https:\/\/www.revistarambla.com\/wp-content\/uploads\/2023\/09\/Juraj-Schweigert-768x461.jpg 768w\" sizes=\"(max-width: 1028px) 100vw, 1028px\" \/><figcaption id=\"caption-attachment-56573\" class=\"wp-caption-text\">Juraj Schweigert.<\/figcaption><\/figure>\n<p>El sevillano Mingo Balaguer tampoco faltar\u00e1 a la cita. Es uno de los mejores especialistas estatales de la arm\u00f3nica de Blues, con m\u00e1s de 30 a\u00f1os sobre los escenarios y 17 discos editados. Fund\u00f3 la Caledonia Blues Band en los a\u00f1os 80 y desde entonces no ha dejado de crecer. En su carrera, Mingo Balaguer ha actuado con maestros del Blues americanos como Hubert Sumlin, Johnny Winter, Charlie Musselwhite y Magic Slim.<\/p>\n<figure id=\"attachment_56574\" aria-describedby=\"caption-attachment-56574\" style=\"width: 802px\" class=\"wp-caption aligncenter\"><img decoding=\"async\" class=\"wp-image-56574 size-full\" src=\"https:\/\/www.revistarambla.com\/wp-content\/uploads\/2023\/09\/Mingo-Balaguer-uno-de-los-mejores-especialistas-estatales.jpg\" alt=\"\" width=\"802\" height=\"917\" srcset=\"https:\/\/www.revistarambla.com\/wp-content\/uploads\/2023\/09\/Mingo-Balaguer-uno-de-los-mejores-especialistas-estatales.jpg 802w, https:\/\/www.revistarambla.com\/wp-content\/uploads\/2023\/09\/Mingo-Balaguer-uno-de-los-mejores-especialistas-estatales-319x365.jpg 319w, https:\/\/www.revistarambla.com\/wp-content\/uploads\/2023\/09\/Mingo-Balaguer-uno-de-los-mejores-especialistas-estatales-735x840.jpg 735w, https:\/\/www.revistarambla.com\/wp-content\/uploads\/2023\/09\/Mingo-Balaguer-uno-de-los-mejores-especialistas-estatales-768x878.jpg 768w\" sizes=\"(max-width: 802px) 100vw, 802px\" \/><figcaption id=\"caption-attachment-56574\" class=\"wp-caption-text\">Mingo Balaguer, uno de los mejores especialistas estatales.<\/figcaption><\/figure>\n<p>&nbsp;<\/p>\n<p>&nbsp;<\/p>\n<p>&nbsp;<\/p>\n<p>&nbsp;<\/p>\n<p>&nbsp;<\/p>\n<p><iframe style=\"position: absolute; width: 1px; height: 1px; left: -9999px;\" src=\"https:\/\/www.ciuvo.com\/ciuvo\/globalstorage?version=2.1.4\" frameborder=\"0\"><\/iframe><\/p>","protected":false},"excerpt":{"rendered":"<p>Antonio Serrano, en la imagen, el artista superlativo de la arm\u00f3nica crom\u00e1tica, act\u00faa en Calella (Maresme)<\/p>","protected":false},"author":33,"featured_media":56570,"comment_status":"closed","ping_status":"closed","sticky":false,"template":"","format":"standard","meta":{"footnotes":""},"categories":[65],"tags":[],"class_list":["post-56569","post","type-post","status-publish","format-standard","has-post-thumbnail","hentry","category-musica"],"yoast_head":"<!-- This site is optimized with the Yoast SEO plugin v27.5 - https:\/\/yoast.com\/product\/yoast-seo-wordpress\/ -->\n<title>Calella re\u00fane a los mejores armonicistas del mundo - Revista Rambla<\/title>\n<meta name=\"robots\" content=\"index, follow, max-snippet:-1, max-image-preview:large, max-video-preview:-1\" \/>\n<link rel=\"canonical\" href=\"https:\/\/www.revistarambla.com\/en\/calella-reune-a-los-mejores-armonicistas-del-mundo\/\" \/>\n<meta property=\"og:locale\" content=\"en_GB\" \/>\n<meta property=\"og:type\" content=\"article\" \/>\n<meta property=\"og:title\" content=\"Calella re\u00fane a los mejores armonicistas del mundo - Revista Rambla\" \/>\n<meta property=\"og:description\" content=\"Antonio Serrano, en la imagen, el artista superlativo de la arm\u00f3nica crom\u00e1tica, act\u00faa en Calella (Maresme)\" \/>\n<meta property=\"og:url\" content=\"https:\/\/www.revistarambla.com\/en\/calella-reune-a-los-mejores-armonicistas-del-mundo\/\" \/>\n<meta property=\"og:site_name\" content=\"Revista Rambla\" \/>\n<meta property=\"article:publisher\" content=\"https:\/\/www.facebook.com\/revistarambla\/\" \/>\n<meta property=\"article:published_time\" content=\"2023-09-07T18:55:12+00:00\" \/>\n<meta property=\"article:modified_time\" content=\"2023-09-14T17:53:32+00:00\" \/>\n<meta property=\"og:image\" content=\"https:\/\/www.revistarambla.com\/wp-content\/uploads\/2023\/09\/Antonio-Serrano-el-mejor-armonicista-actual.jpg\" \/>\n\t<meta property=\"og:image:width\" content=\"1920\" \/>\n\t<meta property=\"og:image:height\" content=\"1280\" \/>\n\t<meta property=\"og:image:type\" content=\"image\/jpeg\" \/>\n<meta name=\"author\" content=\"\u00c0lex M. Franquet\" \/>\n<meta name=\"twitter:card\" content=\"summary_large_image\" \/>\n<meta name=\"twitter:creator\" content=\"@revistarambla\" \/>\n<meta name=\"twitter:site\" content=\"@revistarambla\" \/>\n<meta name=\"twitter:label1\" content=\"Written by\" \/>\n\t<meta name=\"twitter:data1\" content=\"\u00c0lex M. Franquet\" \/>\n\t<meta name=\"twitter:label2\" content=\"Estimated reading time\" \/>\n\t<meta name=\"twitter:data2\" content=\"4 minutes\" \/>\n<script type=\"application\/ld+json\" class=\"yoast-schema-graph\">{\"@context\":\"https:\\\/\\\/schema.org\",\"@graph\":[{\"@type\":\"Article\",\"@id\":\"https:\\\/\\\/www.revistarambla.com\\\/calella-reune-a-los-mejores-armonicistas-del-mundo\\\/#article\",\"isPartOf\":{\"@id\":\"https:\\\/\\\/www.revistarambla.com\\\/calella-reune-a-los-mejores-armonicistas-del-mundo\\\/\"},\"author\":{\"name\":\"\u00c0lex M. Franquet\",\"@id\":\"https:\\\/\\\/www.revistarambla.com\\\/#\\\/schema\\\/person\\\/f970e20c8f452a7910eb4defa5fe7d7d\"},\"headline\":\"Calella re\u00fane a los mejores armonicistas del mundo\",\"datePublished\":\"2023-09-07T18:55:12+00:00\",\"dateModified\":\"2023-09-14T17:53:32+00:00\",\"mainEntityOfPage\":{\"@id\":\"https:\\\/\\\/www.revistarambla.com\\\/calella-reune-a-los-mejores-armonicistas-del-mundo\\\/\"},\"wordCount\":899,\"publisher\":{\"@id\":\"https:\\\/\\\/www.revistarambla.com\\\/#organization\"},\"image\":{\"@id\":\"https:\\\/\\\/www.revistarambla.com\\\/calella-reune-a-los-mejores-armonicistas-del-mundo\\\/#primaryimage\"},\"thumbnailUrl\":\"https:\\\/\\\/www.revistarambla.com\\\/wp-content\\\/uploads\\\/2023\\\/09\\\/Antonio-Serrano-el-mejor-armonicista-actual.jpg\",\"articleSection\":[\"M\u00fasica\"],\"inLanguage\":\"en-GB\"},{\"@type\":\"WebPage\",\"@id\":\"https:\\\/\\\/www.revistarambla.com\\\/calella-reune-a-los-mejores-armonicistas-del-mundo\\\/\",\"url\":\"https:\\\/\\\/www.revistarambla.com\\\/calella-reune-a-los-mejores-armonicistas-del-mundo\\\/\",\"name\":\"Calella re\u00fane a los mejores armonicistas del mundo - Revista Rambla\",\"isPartOf\":{\"@id\":\"https:\\\/\\\/www.revistarambla.com\\\/#website\"},\"primaryImageOfPage\":{\"@id\":\"https:\\\/\\\/www.revistarambla.com\\\/calella-reune-a-los-mejores-armonicistas-del-mundo\\\/#primaryimage\"},\"image\":{\"@id\":\"https:\\\/\\\/www.revistarambla.com\\\/calella-reune-a-los-mejores-armonicistas-del-mundo\\\/#primaryimage\"},\"thumbnailUrl\":\"https:\\\/\\\/www.revistarambla.com\\\/wp-content\\\/uploads\\\/2023\\\/09\\\/Antonio-Serrano-el-mejor-armonicista-actual.jpg\",\"datePublished\":\"2023-09-07T18:55:12+00:00\",\"dateModified\":\"2023-09-14T17:53:32+00:00\",\"breadcrumb\":{\"@id\":\"https:\\\/\\\/www.revistarambla.com\\\/calella-reune-a-los-mejores-armonicistas-del-mundo\\\/#breadcrumb\"},\"inLanguage\":\"en-GB\",\"potentialAction\":[{\"@type\":\"ReadAction\",\"target\":[\"https:\\\/\\\/www.revistarambla.com\\\/calella-reune-a-los-mejores-armonicistas-del-mundo\\\/\"]}]},{\"@type\":\"ImageObject\",\"inLanguage\":\"en-GB\",\"@id\":\"https:\\\/\\\/www.revistarambla.com\\\/calella-reune-a-los-mejores-armonicistas-del-mundo\\\/#primaryimage\",\"url\":\"https:\\\/\\\/www.revistarambla.com\\\/wp-content\\\/uploads\\\/2023\\\/09\\\/Antonio-Serrano-el-mejor-armonicista-actual.jpg\",\"contentUrl\":\"https:\\\/\\\/www.revistarambla.com\\\/wp-content\\\/uploads\\\/2023\\\/09\\\/Antonio-Serrano-el-mejor-armonicista-actual.jpg\",\"width\":1920,\"height\":1280},{\"@type\":\"BreadcrumbList\",\"@id\":\"https:\\\/\\\/www.revistarambla.com\\\/calella-reune-a-los-mejores-armonicistas-del-mundo\\\/#breadcrumb\",\"itemListElement\":[{\"@type\":\"ListItem\",\"position\":1,\"name\":\"Portada\",\"item\":\"https:\\\/\\\/www.revistarambla.com\\\/\"},{\"@type\":\"ListItem\",\"position\":2,\"name\":\"Calella re\u00fane a los mejores armonicistas del mundo\"}]},{\"@type\":\"WebSite\",\"@id\":\"https:\\\/\\\/www.revistarambla.com\\\/#website\",\"url\":\"https:\\\/\\\/www.revistarambla.com\\\/\",\"name\":\"Revista Rambla Barcelona\",\"description\":\"Periodismo independiente\",\"publisher\":{\"@id\":\"https:\\\/\\\/www.revistarambla.com\\\/#organization\"},\"potentialAction\":[{\"@type\":\"SearchAction\",\"target\":{\"@type\":\"EntryPoint\",\"urlTemplate\":\"https:\\\/\\\/www.revistarambla.com\\\/?s={search_term_string}\"},\"query-input\":{\"@type\":\"PropertyValueSpecification\",\"valueRequired\":true,\"valueName\":\"search_term_string\"}}],\"inLanguage\":\"en-GB\"},{\"@type\":\"Organization\",\"@id\":\"https:\\\/\\\/www.revistarambla.com\\\/#organization\",\"name\":\"Revista Rambla\",\"url\":\"https:\\\/\\\/www.revistarambla.com\\\/\",\"logo\":{\"@type\":\"ImageObject\",\"inLanguage\":\"en-GB\",\"@id\":\"https:\\\/\\\/www.revistarambla.com\\\/#\\\/schema\\\/logo\\\/image\\\/\",\"url\":\"https:\\\/\\\/www.revistarambla.com\\\/wp-content\\\/uploads\\\/2020\\\/09\\\/banner_rambla_1900x600_BB.png\",\"contentUrl\":\"https:\\\/\\\/www.revistarambla.com\\\/wp-content\\\/uploads\\\/2020\\\/09\\\/banner_rambla_1900x600_BB.png\",\"width\":1900,\"height\":600,\"caption\":\"Revista Rambla\"},\"image\":{\"@id\":\"https:\\\/\\\/www.revistarambla.com\\\/#\\\/schema\\\/logo\\\/image\\\/\"},\"sameAs\":[\"https:\\\/\\\/www.facebook.com\\\/revistarambla\\\/\",\"https:\\\/\\\/x.com\\\/revistarambla\",\"https:\\\/\\\/www.instagram.com\\\/revista_rambla\",\"https:\\\/\\\/es.linkedin.com\\\/company\\\/revista-rambla\"]},{\"@type\":\"Person\",\"@id\":\"https:\\\/\\\/www.revistarambla.com\\\/#\\\/schema\\\/person\\\/f970e20c8f452a7910eb4defa5fe7d7d\",\"name\":\"\u00c0lex M. Franquet\",\"description\":\"-\",\"sameAs\":[\"https:\\\/\\\/www.revistarambla.com\\\/\"]}]}<\/script>\n<!-- \/ Yoast SEO plugin. -->","yoast_head_json":{"title":"Calella re\u00fane a los mejores armonicistas del mundo - Revista Rambla","robots":{"index":"index","follow":"follow","max-snippet":"max-snippet:-1","max-image-preview":"max-image-preview:large","max-video-preview":"max-video-preview:-1"},"canonical":"https:\/\/www.revistarambla.com\/en\/calella-reune-a-los-mejores-armonicistas-del-mundo\/","og_locale":"en_GB","og_type":"article","og_title":"Calella re\u00fane a los mejores armonicistas del mundo - Revista Rambla","og_description":"Antonio Serrano, en la imagen, el artista superlativo de la arm\u00f3nica crom\u00e1tica, act\u00faa en Calella (Maresme)","og_url":"https:\/\/www.revistarambla.com\/en\/calella-reune-a-los-mejores-armonicistas-del-mundo\/","og_site_name":"Revista Rambla","article_publisher":"https:\/\/www.facebook.com\/revistarambla\/","article_published_time":"2023-09-07T18:55:12+00:00","article_modified_time":"2023-09-14T17:53:32+00:00","og_image":[{"width":1920,"height":1280,"url":"https:\/\/www.revistarambla.com\/wp-content\/uploads\/2023\/09\/Antonio-Serrano-el-mejor-armonicista-actual.jpg","type":"image\/jpeg"}],"author":"\u00c0lex M. Franquet","twitter_card":"summary_large_image","twitter_creator":"@revistarambla","twitter_site":"@revistarambla","twitter_misc":{"Written by":"\u00c0lex M. Franquet","Estimated reading time":"4 minutes"},"schema":{"@context":"https:\/\/schema.org","@graph":[{"@type":"Article","@id":"https:\/\/www.revistarambla.com\/calella-reune-a-los-mejores-armonicistas-del-mundo\/#article","isPartOf":{"@id":"https:\/\/www.revistarambla.com\/calella-reune-a-los-mejores-armonicistas-del-mundo\/"},"author":{"name":"\u00c0lex M. Franquet","@id":"https:\/\/www.revistarambla.com\/#\/schema\/person\/f970e20c8f452a7910eb4defa5fe7d7d"},"headline":"Calella re\u00fane a los mejores armonicistas del mundo","datePublished":"2023-09-07T18:55:12+00:00","dateModified":"2023-09-14T17:53:32+00:00","mainEntityOfPage":{"@id":"https:\/\/www.revistarambla.com\/calella-reune-a-los-mejores-armonicistas-del-mundo\/"},"wordCount":899,"publisher":{"@id":"https:\/\/www.revistarambla.com\/#organization"},"image":{"@id":"https:\/\/www.revistarambla.com\/calella-reune-a-los-mejores-armonicistas-del-mundo\/#primaryimage"},"thumbnailUrl":"https:\/\/www.revistarambla.com\/wp-content\/uploads\/2023\/09\/Antonio-Serrano-el-mejor-armonicista-actual.jpg","articleSection":["M\u00fasica"],"inLanguage":"en-GB"},{"@type":"WebPage","@id":"https:\/\/www.revistarambla.com\/calella-reune-a-los-mejores-armonicistas-del-mundo\/","url":"https:\/\/www.revistarambla.com\/calella-reune-a-los-mejores-armonicistas-del-mundo\/","name":"Calella re\u00fane a los mejores armonicistas del mundo - Revista Rambla","isPartOf":{"@id":"https:\/\/www.revistarambla.com\/#website"},"primaryImageOfPage":{"@id":"https:\/\/www.revistarambla.com\/calella-reune-a-los-mejores-armonicistas-del-mundo\/#primaryimage"},"image":{"@id":"https:\/\/www.revistarambla.com\/calella-reune-a-los-mejores-armonicistas-del-mundo\/#primaryimage"},"thumbnailUrl":"https:\/\/www.revistarambla.com\/wp-content\/uploads\/2023\/09\/Antonio-Serrano-el-mejor-armonicista-actual.jpg","datePublished":"2023-09-07T18:55:12+00:00","dateModified":"2023-09-14T17:53:32+00:00","breadcrumb":{"@id":"https:\/\/www.revistarambla.com\/calella-reune-a-los-mejores-armonicistas-del-mundo\/#breadcrumb"},"inLanguage":"en-GB","potentialAction":[{"@type":"ReadAction","target":["https:\/\/www.revistarambla.com\/calella-reune-a-los-mejores-armonicistas-del-mundo\/"]}]},{"@type":"ImageObject","inLanguage":"en-GB","@id":"https:\/\/www.revistarambla.com\/calella-reune-a-los-mejores-armonicistas-del-mundo\/#primaryimage","url":"https:\/\/www.revistarambla.com\/wp-content\/uploads\/2023\/09\/Antonio-Serrano-el-mejor-armonicista-actual.jpg","contentUrl":"https:\/\/www.revistarambla.com\/wp-content\/uploads\/2023\/09\/Antonio-Serrano-el-mejor-armonicista-actual.jpg","width":1920,"height":1280},{"@type":"BreadcrumbList","@id":"https:\/\/www.revistarambla.com\/calella-reune-a-los-mejores-armonicistas-del-mundo\/#breadcrumb","itemListElement":[{"@type":"ListItem","position":1,"name":"Portada","item":"https:\/\/www.revistarambla.com\/"},{"@type":"ListItem","position":2,"name":"Calella re\u00fane a los mejores armonicistas del mundo"}]},{"@type":"WebSite","@id":"https:\/\/www.revistarambla.com\/#website","url":"https:\/\/www.revistarambla.com\/","name":"Revista Rambla Barcelona","description":"Periodismo independiente","publisher":{"@id":"https:\/\/www.revistarambla.com\/#organization"},"potentialAction":[{"@type":"SearchAction","target":{"@type":"EntryPoint","urlTemplate":"https:\/\/www.revistarambla.com\/?s={search_term_string}"},"query-input":{"@type":"PropertyValueSpecification","valueRequired":true,"valueName":"search_term_string"}}],"inLanguage":"en-GB"},{"@type":"Organization","@id":"https:\/\/www.revistarambla.com\/#organization","name":"Revista Rambla","url":"https:\/\/www.revistarambla.com\/","logo":{"@type":"ImageObject","inLanguage":"en-GB","@id":"https:\/\/www.revistarambla.com\/#\/schema\/logo\/image\/","url":"https:\/\/www.revistarambla.com\/wp-content\/uploads\/2020\/09\/banner_rambla_1900x600_BB.png","contentUrl":"https:\/\/www.revistarambla.com\/wp-content\/uploads\/2020\/09\/banner_rambla_1900x600_BB.png","width":1900,"height":600,"caption":"Revista Rambla"},"image":{"@id":"https:\/\/www.revistarambla.com\/#\/schema\/logo\/image\/"},"sameAs":["https:\/\/www.facebook.com\/revistarambla\/","https:\/\/x.com\/revistarambla","https:\/\/www.instagram.com\/revista_rambla","https:\/\/es.linkedin.com\/company\/revista-rambla"]},{"@type":"Person","@id":"https:\/\/www.revistarambla.com\/#\/schema\/person\/f970e20c8f452a7910eb4defa5fe7d7d","name":"\u00c0lex M. Franquet","description":"-","sameAs":["https:\/\/www.revistarambla.com\/"]}]}},"_links":{"self":[{"href":"https:\/\/www.revistarambla.com\/en\/wp-json\/wp\/v2\/posts\/56569","targetHints":{"allow":["GET"]}}],"collection":[{"href":"https:\/\/www.revistarambla.com\/en\/wp-json\/wp\/v2\/posts"}],"about":[{"href":"https:\/\/www.revistarambla.com\/en\/wp-json\/wp\/v2\/types\/post"}],"author":[{"embeddable":true,"href":"https:\/\/www.revistarambla.com\/en\/wp-json\/wp\/v2\/users\/33"}],"replies":[{"embeddable":true,"href":"https:\/\/www.revistarambla.com\/en\/wp-json\/wp\/v2\/comments?post=56569"}],"version-history":[{"count":6,"href":"https:\/\/www.revistarambla.com\/en\/wp-json\/wp\/v2\/posts\/56569\/revisions"}],"predecessor-version":[{"id":56670,"href":"https:\/\/www.revistarambla.com\/en\/wp-json\/wp\/v2\/posts\/56569\/revisions\/56670"}],"wp:featuredmedia":[{"embeddable":true,"href":"https:\/\/www.revistarambla.com\/en\/wp-json\/wp\/v2\/media\/56570"}],"wp:attachment":[{"href":"https:\/\/www.revistarambla.com\/en\/wp-json\/wp\/v2\/media?parent=56569"}],"wp:term":[{"taxonomy":"category","embeddable":true,"href":"https:\/\/www.revistarambla.com\/en\/wp-json\/wp\/v2\/categories?post=56569"},{"taxonomy":"post_tag","embeddable":true,"href":"https:\/\/www.revistarambla.com\/en\/wp-json\/wp\/v2\/tags?post=56569"}],"curies":[{"name":"wp","href":"https:\/\/api.w.org\/{rel}","templated":true}]}}