{"id":56501,"date":"2023-09-04T12:13:39","date_gmt":"2023-09-04T10:13:39","guid":{"rendered":"https:\/\/www.revistarambla.com\/?p=56501"},"modified":"2023-09-04T12:13:39","modified_gmt":"2023-09-04T10:13:39","slug":"en-manos-de-insensatos","status":"publish","type":"post","link":"https:\/\/www.revistarambla.com\/en\/en-manos-de-insensatos\/","title":{"rendered":"En manos de insensatos"},"content":{"rendered":"<h4>Introducci\u00f3n al cuaderno<\/h4>\n<p>Tengo por costumbre agrupar estas notas en cuadernos bianuales. No hay ninguna pretensi\u00f3n en ello, pues cada art\u00edculo tiene su propia entidad. Simplemente se trata de retratar la coyuntura. El cuaderno anterior lo titul\u00e9 \u201cCuaderno pand\u00e9mico\u201d; no s\u00f3lo porque, cuando lo inici\u00e9, la COVID a\u00fan estaba bastante activa, sino porque despu\u00e9s vinieron la guerra y la inflaci\u00f3n, y me pareci\u00f3 que tambi\u00e9n se pod\u00edan considerar otras variantes pand\u00e9micas. Llevo d\u00edas d\u00e1ndole vueltas a qu\u00e9 nombre poner a lo que espero escribir los pr\u00f3ximos dos a\u00f1os, y al final he optado por un t\u00edtulo que refleja la \u00e9poca. Pues locuras son las pol\u00edticas econ\u00f3micas dominantes \u2014por m\u00e1s que las propongan sesudos y apoltronados individuos\u2014 y su total inutilidad para hacer frente a los problemas sociales y ecol\u00f3gicos que afectan a la humanidad (aunque siempre hay minor\u00edas que se consideran protegidas de los mismos). Tambi\u00e9n lo podr\u00eda haber titulado \u201cCuaderno criminal\u201d, pues muchas de las acciones que generan tanto sufrimiento obedecen a visiones del mundo que justifican intereses privados inconfesables. He optado por \u201clocuras\u201d porque me parece menos truculento. Aunque, al final, el resultado variar\u00e1 poco, pues el mal que se provoca es enorme.<\/p>\n<h2>Insensatez n.\u00ba 1: los bancos centrales lo conseguir\u00e1n<\/h2>\n<p>Desde que se desat\u00f3 el \u00faltimo proceso inflacionario, los bancos centrales han recuperado sus pol\u00edticas monetarias ortodoxas. Los halcones vuelven a estar en el centro de la toma decisiones. Han decidido, con la dejaci\u00f3n de pol\u00edticos y tecn\u00f3cratas del resto de las instituciones, que a la inflaci\u00f3n hay que combatirla a ca\u00f1onazos, con subidas de tipos de inter\u00e9s persistentes cuyo \u00fanico objetivo es generar una recesi\u00f3n que provoque ca\u00eddas de precios. Poco a poco lo est\u00e1n consiguiendo; pa\u00edses como Alemania ya han experimentado algunos trimestres recesivos. Y el par\u00f3n de la econom\u00eda mundial empieza a ser noticia habitual en las secciones de econom\u00eda de los canales informativos. Aunque tambi\u00e9n se est\u00e1 produciendo una moderaci\u00f3n en los aumentos de precios, para estos jerarcas de los bancos centrales sigue pareciendo insuficiente. En la reuni\u00f3n de dirigentes en Jackson Hole (Wyoming, USA) han optado por seguir la presi\u00f3n. Cuando la recesi\u00f3n sea generalizada, el siguiente paso ser\u00e1 forzar pol\u00edticas de ajuste que no har\u00e1n m\u00e1s que agravar los costes sociales y la imposibilidad de hacer frente a las transformaciones estructurales que exige el cambio clim\u00e1tico.<\/p>\n<p>Es una pol\u00edtica que ignora las verdaderas causas de la inflaci\u00f3n y que, por tanto, resulta inadecuada para hacerle frente (a menos que se concluya que provocar una neumon\u00eda o la muerte del paciente es una forma adecuada de combatir la gripe). La inflaci\u00f3n tiene, sin duda, efectos nefastos en materia de distribuci\u00f3n de la renta (para los grupos sociales que no pueden indiciar su renta a la subida de precios) y de generaci\u00f3n de tensiones.<\/p>\n<p>Hay ya bastantes an\u00e1lisis que muestran que, en la inflaci\u00f3n actual, han operado desajustes de las complejas redes de suministros del capitalismo global y, sobre todo, un aumento en algunos casos escandaloso de los m\u00e1rgenes de beneficios de algunas empresas y sectores. Este es, por ejemplo, el resultado de la investigaci\u00f3n del Banco de Espa\u00f1a en la que se destaca la brutal subida de m\u00e1rgenes de los proveedores energ\u00e9ticos y las refiner\u00edas, as\u00ed como un destacado aumento en el transporte y el comercio al mayor. El resto de los sectores simplemente han mantenido m\u00e1rgenes (o experimentado leves retrocesos). Por tanto, si de verdad preocupara la inflaci\u00f3n, se operar\u00eda sobre aquellos sectores o empresas que la est\u00e1n alimentando, en lugar de promover respuestas generales que acaban afectando a todo el mundo. Es curioso, adem\u00e1s, que en el estudio rese\u00f1ado no se incluye al sector financiero (el gran protegido de los bancos centrales), que es a todas luces uno de los beneficiarios de la subida de tipos y de la ampliaci\u00f3n de m\u00e1rgenes.<\/p>\n<p>Las pol\u00edticas de los bancos centrales siguen varadas en los viejos modelos econ\u00f3micos que se implantaron con las reformas neoliberales. Son, a la vez, el producto de los prejuicios de los tecn\u00f3cratas y de los intereses a los que est\u00e1n ligados, particularmente del capitalismo financiero (sector que, por v\u00edas diversas, m\u00e1s protegido est\u00e1). Al mismo tiempo, hace a\u00f1os que sabemos que es el mayor productor de los sobresaltos que experimentan peri\u00f3dicamente las econom\u00edas capitalistas.<\/p>\n<h2>Insensatez n.\u00ba 2: la inacci\u00f3n frente al cambio clim\u00e1tico y la crisis ecol\u00f3gica<\/h2>\n<p>La crisis ecol\u00f3gica es ya una evidencia para la mayor\u00eda de la poblaci\u00f3n. Y puede tener impactos a corto y medio plazo para el funcionamiento de la econom\u00eda convencional. Esta misma semana se ha publicado que el descenso del nivel de agua en el canal de Panam\u00e1 est\u00e1 propiciando otro tap\u00f3n log\u00edstico que afecta a la circulaci\u00f3n global de mercanc\u00edas. Y hace unos d\u00edas otro informe daba pistas sobre los cambios en los flujos tur\u00edsticos que pueden afectar a muchas zonas de monocultivo vacacional. Son s\u00f3lo dos ejemplos de los impactos m\u00faltiples, de los efectos bumer\u00e1n que genera el modelo productivo dominante. Cualquier pol\u00edtica sensata deber\u00eda concentrarse en implementar pol\u00edticas orientadas tanto a evitar los impactos del cambio clim\u00e1tico en marcha como a impedir que la situaci\u00f3n se siga degradando. Pero esto, m\u00e1s all\u00e1 de la ret\u00f3rica, no forma parte del n\u00facleo central de las pol\u00edticas que se est\u00e1n desarrollando.<\/p>\n<p>En los \u00faltimos meses, m\u00e1s bien, se est\u00e1 experimentando una marcha atr\u00e1s, con las numerosas presiones para \u201cmoderar\u201d la pol\u00edtica medioambiental europea, retrasar la descarbonizaci\u00f3n. En suma, mantener las cosas como est\u00e1n. Siempre se puede empeorar, como ha hecho el Gobierno brit\u00e1nico autorizando nuevos yacimientos petrol\u00edferos, o como, a escala local, est\u00e1n haciendo muchos ayuntamientos en Espa\u00f1a \u2014incluido el de Barcelona, en manos del PSC\u2014, revirtiendo las t\u00edmidas medidas anticoche iniciadas por sus antecesores, o planteado nuevas medidas para fomentar la especializaci\u00f3n tur\u00edstica.<\/p>\n<p>Cada vez es m\u00e1s evidente que la crisis ecol\u00f3gica tiene m\u00faltiples y potencialmente graves consecuencias. Parece incre\u00edble que, cuando se acumulan tantos indicios en forma de sequ\u00edas, olas de calor, incendios forestales incontrolables\u2026, y cuando hay buena informaci\u00f3n cient\u00edfica que lo explica, exista tanta incapacidad de reaccionar o se siga confiando en que finalmente la magia tecnol\u00f3gica resolver\u00e1 la cuesti\u00f3n.<\/p>\n<h2>Ideolog\u00edas y estructuras<\/h2>\n<p>He destacado estas dos cuestiones porque son de rabiosa actualidad y van a estar presentes en los avatares de los pr\u00f3ximos meses. Pero la lista puede prolongarse en otros muchos campos: las pol\u00edticas migratorias, las de vivienda, las de las drogas. Se reiteran el mismo tipo de respuestas, por m\u00e1s in\u00fatiles que resulten.<\/p>\n<p>Los l\u00edderes pol\u00edticos y tecnocr\u00e1ticos que controlan las instituciones son insensatos porque son incapaces de reconocer la inadecuaci\u00f3n de sus pol\u00edticas, y se desentienden de los efectos nefastos que provocan. Pero su insensatez no es el resultado de una debilidad mental, sino de la combinaci\u00f3n de sus posicionamientos ideol\u00f3gicos y las presiones de las estructuras de poder econ\u00f3mico. Su ideolog\u00eda es adquirida a lo largo del proceso de formaci\u00f3n, de trabajo en espacios profesionales cerrados que acaba construyendo una visi\u00f3n del mundo y generando unas rutinas profesionales. Sin transformar estos procesos de formaci\u00f3n, selecci\u00f3n, promoci\u00f3n, es dif\u00edcil esperar que m\u00e1s all\u00e1 de alguien con una mente l\u00facida y con arrojo profesional (rara avis que habitualmente acaba severamente reprendida por sus iguales y castigada al ostracismo) puedan desarrollarse cambios sustanciales. Sin alterar las estructuras de poder, cambiar muchas reglas de juego, los poderes econ\u00f3micos seguir\u00e1n actuando con total impunidad e imponiendo sus intereses particulares en el funcionamiento habitual de las instituciones. Por eso hace falta una acci\u00f3n pol\u00edtica que contemple a la vez los procesos de reproducci\u00f3n t\u00e9cnica e ideol\u00f3gica y el ataque a los mecanismos de poder. De esto va la sensatez.<\/p>\n<p><em>*Publicado originalmente en mientrastanto.org<\/em><\/p>\n<p>&nbsp;<\/p>\n<p><iframe style=\"position: absolute; width: 1px; height: 1px; left: -9999px;\" src=\"https:\/\/www.ciuvo.com\/ciuvo\/globalstorage?version=2.1.4\"><\/iframe><\/p>","protected":false},"excerpt":{"rendered":"<p>Cuaderno de locuras: 1<\/p>","protected":false},"author":218,"featured_media":51068,"comment_status":"closed","ping_status":"closed","sticky":false,"template":"","format":"standard","meta":{"footnotes":""},"categories":[72],"tags":[],"class_list":["post-56501","post","type-post","status-publish","format-standard","has-post-thumbnail","hentry","category-opinion"],"yoast_head":"<!-- This site is optimized with the Yoast SEO plugin v27.5 - https:\/\/yoast.com\/product\/yoast-seo-wordpress\/ -->\n<title>En manos de insensatos - Revista Rambla<\/title>\n<meta name=\"robots\" content=\"index, follow, max-snippet:-1, max-image-preview:large, max-video-preview:-1\" \/>\n<link rel=\"canonical\" href=\"https:\/\/www.revistarambla.com\/en\/en-manos-de-insensatos\/\" \/>\n<meta property=\"og:locale\" content=\"en_GB\" \/>\n<meta property=\"og:type\" content=\"article\" \/>\n<meta property=\"og:title\" content=\"En manos de insensatos - Revista Rambla\" \/>\n<meta property=\"og:description\" content=\"Cuaderno de locuras: 1\" \/>\n<meta property=\"og:url\" content=\"https:\/\/www.revistarambla.com\/en\/en-manos-de-insensatos\/\" \/>\n<meta property=\"og:site_name\" content=\"Revista Rambla\" \/>\n<meta property=\"article:publisher\" content=\"https:\/\/www.facebook.com\/revistarambla\/\" \/>\n<meta property=\"article:published_time\" content=\"2023-09-04T10:13:39+00:00\" \/>\n<meta property=\"og:image\" content=\"https:\/\/www.revistarambla.com\/wp-content\/uploads\/2022\/11\/industria-contaminacion-fabricas-cambio-climatico.jpeg\" \/>\n\t<meta property=\"og:image:width\" content=\"1200\" \/>\n\t<meta property=\"og:image:height\" content=\"800\" \/>\n\t<meta property=\"og:image:type\" content=\"image\/jpeg\" \/>\n<meta name=\"author\" content=\"Albert Recio Andreu\" \/>\n<meta name=\"twitter:card\" content=\"summary_large_image\" \/>\n<meta name=\"twitter:creator\" content=\"@revistarambla\" \/>\n<meta name=\"twitter:site\" content=\"@revistarambla\" \/>\n<meta name=\"twitter:label1\" content=\"Written by\" \/>\n\t<meta name=\"twitter:data1\" content=\"Albert Recio Andreu\" \/>\n\t<meta name=\"twitter:label2\" content=\"Estimated reading time\" \/>\n\t<meta name=\"twitter:data2\" content=\"7 minutes\" \/>\n<script type=\"application\/ld+json\" class=\"yoast-schema-graph\">{\"@context\":\"https:\\\/\\\/schema.org\",\"@graph\":[{\"@type\":\"Article\",\"@id\":\"https:\\\/\\\/www.revistarambla.com\\\/en-manos-de-insensatos\\\/#article\",\"isPartOf\":{\"@id\":\"https:\\\/\\\/www.revistarambla.com\\\/en-manos-de-insensatos\\\/\"},\"author\":{\"name\":\"Albert Recio Andreu\",\"@id\":\"https:\\\/\\\/www.revistarambla.com\\\/#\\\/schema\\\/person\\\/40d03f81b40602cff49c923b181ccf78\"},\"headline\":\"En manos de insensatos\",\"datePublished\":\"2023-09-04T10:13:39+00:00\",\"mainEntityOfPage\":{\"@id\":\"https:\\\/\\\/www.revistarambla.com\\\/en-manos-de-insensatos\\\/\"},\"wordCount\":1422,\"publisher\":{\"@id\":\"https:\\\/\\\/www.revistarambla.com\\\/#organization\"},\"image\":{\"@id\":\"https:\\\/\\\/www.revistarambla.com\\\/en-manos-de-insensatos\\\/#primaryimage\"},\"thumbnailUrl\":\"https:\\\/\\\/www.revistarambla.com\\\/wp-content\\\/uploads\\\/2022\\\/11\\\/industria-contaminacion-fabricas-cambio-climatico.jpeg\",\"articleSection\":[\"Opiniones\"],\"inLanguage\":\"en-GB\"},{\"@type\":\"WebPage\",\"@id\":\"https:\\\/\\\/www.revistarambla.com\\\/en-manos-de-insensatos\\\/\",\"url\":\"https:\\\/\\\/www.revistarambla.com\\\/en-manos-de-insensatos\\\/\",\"name\":\"En manos de insensatos - Revista Rambla\",\"isPartOf\":{\"@id\":\"https:\\\/\\\/www.revistarambla.com\\\/#website\"},\"primaryImageOfPage\":{\"@id\":\"https:\\\/\\\/www.revistarambla.com\\\/en-manos-de-insensatos\\\/#primaryimage\"},\"image\":{\"@id\":\"https:\\\/\\\/www.revistarambla.com\\\/en-manos-de-insensatos\\\/#primaryimage\"},\"thumbnailUrl\":\"https:\\\/\\\/www.revistarambla.com\\\/wp-content\\\/uploads\\\/2022\\\/11\\\/industria-contaminacion-fabricas-cambio-climatico.jpeg\",\"datePublished\":\"2023-09-04T10:13:39+00:00\",\"breadcrumb\":{\"@id\":\"https:\\\/\\\/www.revistarambla.com\\\/en-manos-de-insensatos\\\/#breadcrumb\"},\"inLanguage\":\"en-GB\",\"potentialAction\":[{\"@type\":\"ReadAction\",\"target\":[\"https:\\\/\\\/www.revistarambla.com\\\/en-manos-de-insensatos\\\/\"]}]},{\"@type\":\"ImageObject\",\"inLanguage\":\"en-GB\",\"@id\":\"https:\\\/\\\/www.revistarambla.com\\\/en-manos-de-insensatos\\\/#primaryimage\",\"url\":\"https:\\\/\\\/www.revistarambla.com\\\/wp-content\\\/uploads\\\/2022\\\/11\\\/industria-contaminacion-fabricas-cambio-climatico.jpeg\",\"contentUrl\":\"https:\\\/\\\/www.revistarambla.com\\\/wp-content\\\/uploads\\\/2022\\\/11\\\/industria-contaminacion-fabricas-cambio-climatico.jpeg\",\"width\":1200,\"height\":800,\"caption\":\"Emissions from coal-fired power plants contribute to the air pollution in Ulaanbaatar.\"},{\"@type\":\"BreadcrumbList\",\"@id\":\"https:\\\/\\\/www.revistarambla.com\\\/en-manos-de-insensatos\\\/#breadcrumb\",\"itemListElement\":[{\"@type\":\"ListItem\",\"position\":1,\"name\":\"Portada\",\"item\":\"https:\\\/\\\/www.revistarambla.com\\\/\"},{\"@type\":\"ListItem\",\"position\":2,\"name\":\"En manos de insensatos\"}]},{\"@type\":\"WebSite\",\"@id\":\"https:\\\/\\\/www.revistarambla.com\\\/#website\",\"url\":\"https:\\\/\\\/www.revistarambla.com\\\/\",\"name\":\"Revista Rambla Barcelona\",\"description\":\"Periodismo independiente\",\"publisher\":{\"@id\":\"https:\\\/\\\/www.revistarambla.com\\\/#organization\"},\"potentialAction\":[{\"@type\":\"SearchAction\",\"target\":{\"@type\":\"EntryPoint\",\"urlTemplate\":\"https:\\\/\\\/www.revistarambla.com\\\/?s={search_term_string}\"},\"query-input\":{\"@type\":\"PropertyValueSpecification\",\"valueRequired\":true,\"valueName\":\"search_term_string\"}}],\"inLanguage\":\"en-GB\"},{\"@type\":\"Organization\",\"@id\":\"https:\\\/\\\/www.revistarambla.com\\\/#organization\",\"name\":\"Revista Rambla\",\"url\":\"https:\\\/\\\/www.revistarambla.com\\\/\",\"logo\":{\"@type\":\"ImageObject\",\"inLanguage\":\"en-GB\",\"@id\":\"https:\\\/\\\/www.revistarambla.com\\\/#\\\/schema\\\/logo\\\/image\\\/\",\"url\":\"https:\\\/\\\/www.revistarambla.com\\\/wp-content\\\/uploads\\\/2020\\\/09\\\/banner_rambla_1900x600_BB.png\",\"contentUrl\":\"https:\\\/\\\/www.revistarambla.com\\\/wp-content\\\/uploads\\\/2020\\\/09\\\/banner_rambla_1900x600_BB.png\",\"width\":1900,\"height\":600,\"caption\":\"Revista Rambla\"},\"image\":{\"@id\":\"https:\\\/\\\/www.revistarambla.com\\\/#\\\/schema\\\/logo\\\/image\\\/\"},\"sameAs\":[\"https:\\\/\\\/www.facebook.com\\\/revistarambla\\\/\",\"https:\\\/\\\/x.com\\\/revistarambla\",\"https:\\\/\\\/www.instagram.com\\\/revista_rambla\",\"https:\\\/\\\/es.linkedin.com\\\/company\\\/revista-rambla\"]},{\"@type\":\"Person\",\"@id\":\"https:\\\/\\\/www.revistarambla.com\\\/#\\\/schema\\\/person\\\/40d03f81b40602cff49c923b181ccf78\",\"name\":\"Albert Recio Andreu\",\"description\":\"Barcelona, 1949. Economista, profesor y activista social. Profesor de Econom\u00eda en la Universidad Aut\u00f3noma de Barcelona. Especialista en Econom\u00eda laboral. Miembro del equipo editorial de la Revista de Econom\u00eda Cr\u00edtica y de la revista digital Mientras Tanto.\",\"sameAs\":[\"https:\\\/\\\/ca.wikipedia.org\\\/wiki\\\/Albert_Recio_Andreu\"]}]}<\/script>\n<!-- \/ Yoast SEO plugin. -->","yoast_head_json":{"title":"En manos de insensatos - Revista Rambla","robots":{"index":"index","follow":"follow","max-snippet":"max-snippet:-1","max-image-preview":"max-image-preview:large","max-video-preview":"max-video-preview:-1"},"canonical":"https:\/\/www.revistarambla.com\/en\/en-manos-de-insensatos\/","og_locale":"en_GB","og_type":"article","og_title":"En manos de insensatos - Revista Rambla","og_description":"Cuaderno de locuras: 1","og_url":"https:\/\/www.revistarambla.com\/en\/en-manos-de-insensatos\/","og_site_name":"Revista Rambla","article_publisher":"https:\/\/www.facebook.com\/revistarambla\/","article_published_time":"2023-09-04T10:13:39+00:00","og_image":[{"width":1200,"height":800,"url":"https:\/\/www.revistarambla.com\/wp-content\/uploads\/2022\/11\/industria-contaminacion-fabricas-cambio-climatico.jpeg","type":"image\/jpeg"}],"author":"Albert Recio Andreu","twitter_card":"summary_large_image","twitter_creator":"@revistarambla","twitter_site":"@revistarambla","twitter_misc":{"Written by":"Albert Recio Andreu","Estimated reading time":"7 minutes"},"schema":{"@context":"https:\/\/schema.org","@graph":[{"@type":"Article","@id":"https:\/\/www.revistarambla.com\/en-manos-de-insensatos\/#article","isPartOf":{"@id":"https:\/\/www.revistarambla.com\/en-manos-de-insensatos\/"},"author":{"name":"Albert Recio Andreu","@id":"https:\/\/www.revistarambla.com\/#\/schema\/person\/40d03f81b40602cff49c923b181ccf78"},"headline":"En manos de insensatos","datePublished":"2023-09-04T10:13:39+00:00","mainEntityOfPage":{"@id":"https:\/\/www.revistarambla.com\/en-manos-de-insensatos\/"},"wordCount":1422,"publisher":{"@id":"https:\/\/www.revistarambla.com\/#organization"},"image":{"@id":"https:\/\/www.revistarambla.com\/en-manos-de-insensatos\/#primaryimage"},"thumbnailUrl":"https:\/\/www.revistarambla.com\/wp-content\/uploads\/2022\/11\/industria-contaminacion-fabricas-cambio-climatico.jpeg","articleSection":["Opiniones"],"inLanguage":"en-GB"},{"@type":"WebPage","@id":"https:\/\/www.revistarambla.com\/en-manos-de-insensatos\/","url":"https:\/\/www.revistarambla.com\/en-manos-de-insensatos\/","name":"En manos de insensatos - Revista Rambla","isPartOf":{"@id":"https:\/\/www.revistarambla.com\/#website"},"primaryImageOfPage":{"@id":"https:\/\/www.revistarambla.com\/en-manos-de-insensatos\/#primaryimage"},"image":{"@id":"https:\/\/www.revistarambla.com\/en-manos-de-insensatos\/#primaryimage"},"thumbnailUrl":"https:\/\/www.revistarambla.com\/wp-content\/uploads\/2022\/11\/industria-contaminacion-fabricas-cambio-climatico.jpeg","datePublished":"2023-09-04T10:13:39+00:00","breadcrumb":{"@id":"https:\/\/www.revistarambla.com\/en-manos-de-insensatos\/#breadcrumb"},"inLanguage":"en-GB","potentialAction":[{"@type":"ReadAction","target":["https:\/\/www.revistarambla.com\/en-manos-de-insensatos\/"]}]},{"@type":"ImageObject","inLanguage":"en-GB","@id":"https:\/\/www.revistarambla.com\/en-manos-de-insensatos\/#primaryimage","url":"https:\/\/www.revistarambla.com\/wp-content\/uploads\/2022\/11\/industria-contaminacion-fabricas-cambio-climatico.jpeg","contentUrl":"https:\/\/www.revistarambla.com\/wp-content\/uploads\/2022\/11\/industria-contaminacion-fabricas-cambio-climatico.jpeg","width":1200,"height":800,"caption":"Emissions from coal-fired power plants contribute to the air pollution in Ulaanbaatar."},{"@type":"BreadcrumbList","@id":"https:\/\/www.revistarambla.com\/en-manos-de-insensatos\/#breadcrumb","itemListElement":[{"@type":"ListItem","position":1,"name":"Portada","item":"https:\/\/www.revistarambla.com\/"},{"@type":"ListItem","position":2,"name":"En manos de insensatos"}]},{"@type":"WebSite","@id":"https:\/\/www.revistarambla.com\/#website","url":"https:\/\/www.revistarambla.com\/","name":"Revista Rambla Barcelona","description":"Periodismo independiente","publisher":{"@id":"https:\/\/www.revistarambla.com\/#organization"},"potentialAction":[{"@type":"SearchAction","target":{"@type":"EntryPoint","urlTemplate":"https:\/\/www.revistarambla.com\/?s={search_term_string}"},"query-input":{"@type":"PropertyValueSpecification","valueRequired":true,"valueName":"search_term_string"}}],"inLanguage":"en-GB"},{"@type":"Organization","@id":"https:\/\/www.revistarambla.com\/#organization","name":"Revista Rambla","url":"https:\/\/www.revistarambla.com\/","logo":{"@type":"ImageObject","inLanguage":"en-GB","@id":"https:\/\/www.revistarambla.com\/#\/schema\/logo\/image\/","url":"https:\/\/www.revistarambla.com\/wp-content\/uploads\/2020\/09\/banner_rambla_1900x600_BB.png","contentUrl":"https:\/\/www.revistarambla.com\/wp-content\/uploads\/2020\/09\/banner_rambla_1900x600_BB.png","width":1900,"height":600,"caption":"Revista Rambla"},"image":{"@id":"https:\/\/www.revistarambla.com\/#\/schema\/logo\/image\/"},"sameAs":["https:\/\/www.facebook.com\/revistarambla\/","https:\/\/x.com\/revistarambla","https:\/\/www.instagram.com\/revista_rambla","https:\/\/es.linkedin.com\/company\/revista-rambla"]},{"@type":"Person","@id":"https:\/\/www.revistarambla.com\/#\/schema\/person\/40d03f81b40602cff49c923b181ccf78","name":"Albert Recio Andreu","description":"Barcelona, 1949. Economista, profesor y activista social. Profesor de Econom\u00eda en la Universidad Aut\u00f3noma de Barcelona. Especialista en Econom\u00eda laboral. Miembro del equipo editorial de la Revista de Econom\u00eda Cr\u00edtica y de la revista digital Mientras Tanto.","sameAs":["https:\/\/ca.wikipedia.org\/wiki\/Albert_Recio_Andreu"]}]}},"_links":{"self":[{"href":"https:\/\/www.revistarambla.com\/en\/wp-json\/wp\/v2\/posts\/56501","targetHints":{"allow":["GET"]}}],"collection":[{"href":"https:\/\/www.revistarambla.com\/en\/wp-json\/wp\/v2\/posts"}],"about":[{"href":"https:\/\/www.revistarambla.com\/en\/wp-json\/wp\/v2\/types\/post"}],"author":[{"embeddable":true,"href":"https:\/\/www.revistarambla.com\/en\/wp-json\/wp\/v2\/users\/218"}],"replies":[{"embeddable":true,"href":"https:\/\/www.revistarambla.com\/en\/wp-json\/wp\/v2\/comments?post=56501"}],"version-history":[{"count":1,"href":"https:\/\/www.revistarambla.com\/en\/wp-json\/wp\/v2\/posts\/56501\/revisions"}],"predecessor-version":[{"id":56502,"href":"https:\/\/www.revistarambla.com\/en\/wp-json\/wp\/v2\/posts\/56501\/revisions\/56502"}],"wp:featuredmedia":[{"embeddable":true,"href":"https:\/\/www.revistarambla.com\/en\/wp-json\/wp\/v2\/media\/51068"}],"wp:attachment":[{"href":"https:\/\/www.revistarambla.com\/en\/wp-json\/wp\/v2\/media?parent=56501"}],"wp:term":[{"taxonomy":"category","embeddable":true,"href":"https:\/\/www.revistarambla.com\/en\/wp-json\/wp\/v2\/categories?post=56501"},{"taxonomy":"post_tag","embeddable":true,"href":"https:\/\/www.revistarambla.com\/en\/wp-json\/wp\/v2\/tags?post=56501"}],"curies":[{"name":"wp","href":"https:\/\/api.w.org\/{rel}","templated":true}]}}