{"id":56294,"date":"2023-08-20T20:12:09","date_gmt":"2023-08-20T18:12:09","guid":{"rendered":"https:\/\/www.revistarambla.com\/?p=56294"},"modified":"2023-08-20T20:12:09","modified_gmt":"2023-08-20T18:12:09","slug":"camino-de-los-barrancos","status":"publish","type":"post","link":"https:\/\/www.revistarambla.com\/en\/camino-de-los-barrancos\/","title":{"rendered":"Camino de los barrancos"},"content":{"rendered":"<p>Recordar\u00e1n algunos de Uds. en mi \u00faltima Columna titulada: \u201cLA SENSACI\u00d3N POL\u00cdTICA DE CAERSE DEL CABALLO\u201d, respecto al estado an\u00edmico que deber\u00edan sentirse los dirigentes del P.P. despu\u00e9s del 23J., probablemente con la sensaci\u00f3n del boxeador noqueado.<\/p>\n<p>Presumiblemente peor, el tambi\u00e9n estado emocional de VOX.<\/p>\n<p>Respecto a estos \u00faltimos, mencionaba al final de dicha Columna, hacernos eco tambi\u00e9n de ciertos rumores llegados a nuestros o\u00eddos en aquellas fechas, sobre serias discrepancias surgidas en su seno.<\/p>\n<p>Preferimos en aquellos momentos guardar silencio, y expresarnos de otra forma, pensando en que se deber\u00edan \u201cabandonar antiguas ideas del pasado, que podr\u00edan acabar con la formaci\u00f3n, convirti\u00e9ndola en candidata a la desaparici\u00f3n\u201d.<\/p>\n<p>Dadas las reservas exigidas en aquellos momentos, no pod\u00edamos ser m\u00e1s expl\u00edcitos, pero en las actuales circunstancias, en la Espa\u00f1a surgida de las Elecciones, por lo que se ve, no sobra nadie.<\/p>\n<p>Asimismo, les refer\u00eda ir prepar\u00e1ndonos ante los acontecimientos de rigor por llegar, incluyendo propuestas consideradas a priori inveros\u00edmiles.<\/p>\n<p>Les supongo a Uds. al corriente, por lo que no les voy a aburrir de nuevo.<\/p>\n<p>La nueva sensaci\u00f3n es la de encontrarnos ante una Espa\u00f1a estanca, posiblemente amenazada por terceros conscientes de su vulnerabilidad y amenazada en su integridad, inviolabilidad, hermeticidad, etc.<\/p>\n<p>Es decir, parecen adentrarse situaciones de \u201cfugas sustanciales en su riego sangu\u00edneo\u201d, tendentes al colapso, acorde con los recientes pronunciamientos de determinados Partidos dentro de una Espa\u00f1a que aparentemente espera resignada a que alguien de las propias Instituciones \u201csuture\u201d riegos hemorr\u00e1gicos y peligros que acechan desde 2020.<\/p>\n<p>Este modesto Columnista ha percibido, en el resultado de las pasadas Elecciones Generales, dos tipos de los mismos:<\/p>\n<p>Uno, observando la divisi\u00f3n de este Pa\u00eds, consistente en a \u201cgrosso modo\u201d entre unos que deseaban mejorar de vida, as\u00ed como huir de tanta penuria econ\u00f3mica.<\/p>\n<p>Respecto a su l\u00edder, he venido guardando respetuoso silencio desde principios de abril 2022, fecha, en la que redact\u00e9 una Columna titulada: NON PLACET FEIJO\u00d3, pero quiz\u00e1s vaya llegando un momento cercano de ir pensando en su relevo, porque independientemente de sus dotes pol\u00edticas, no ha mejorado en las carism\u00e1ticas, de gran valor en estos tiempos.<\/p>\n<p>Quiz\u00e1s el PP ha dejado para mejor ocasi\u00f3n parte de su patrimonio: \u00bfISABEL D\u00cdAZ AYUSO y CAYETANA \u00c1LVAREZ DE TOLEDO? A las cuales no tengo el gusto de conocer.<\/p>\n<p>Respecto a la otra parte del electorado, m\u00e1s ajustados a la realidad actual, \u00bfpreferir\u00edan conformarse con menos y menor esfuerzo?<\/p>\n<p>Pero no hac\u00eda falta ser Premio Nobel, cuando hace m\u00e1s de un a\u00f1o (Julio 2022), les anunciaba en Columna: Posible matrimonio pol\u00edtico grotesco, destinado a la supervivencia o reflotamiento de las izquierdas S\u00e1nchez\/Yolanda D\u00edaz.<\/p>\n<p>Lleg\u00f3 el \u201cbaji-bajo\u201d de las Elecciones Municipales\/Auton\u00f3micas, para el PSOE, y abri\u00f3 los ojos del Gobierno Central, provocar su movilizaci\u00f3n, aceler\u00e1ndose las \u201ccapitulaciones\u201d con SUMA y en par\u00e9ntesis el independentismo con la consigna de que cada cual aportar\u00eda r\u00e9ditos obtenidos y, en consecuencia, aspiraciones pol\u00edticas tal y como mencionamos.<\/p>\n<p>Un dif\u00edcil \u201cMatch-Ball\u201d a precio de oro de 24 kilates, sin ep\u00edlogo a\u00fan.<\/p>","protected":false},"excerpt":{"rendered":"<p>Recordar\u00e1n algunos de Uds. en mi \u00faltima Columna titulada: \u201cLA SENSACI\u00d3N POL\u00cdTICA DE CAERSE DEL CABALLO\u201d, respecto al estado an\u00edmico que deber\u00edan sentirse los dirigentes del P.P. despu\u00e9s del 23J., probablemente con la sensaci\u00f3n del boxeador noqueado. Presumiblemente peor, el tambi\u00e9n estado emocional de VOX. Respecto a estos \u00faltimos, mencionaba [&hellip;]<\/p>\n","protected":false},"author":305,"featured_media":51523,"comment_status":"closed","ping_status":"closed","sticky":false,"template":"","format":"standard","meta":{"footnotes":""},"categories":[72],"tags":[],"class_list":["post-56294","post","type-post","status-publish","format-standard","has-post-thumbnail","hentry","category-opinion"],"yoast_head":"<!-- This site is optimized with the Yoast SEO plugin v27.5 - https:\/\/yoast.com\/product\/yoast-seo-wordpress\/ -->\n<title>Camino de los barrancos - Revista Rambla<\/title>\n<meta name=\"robots\" content=\"index, follow, max-snippet:-1, max-image-preview:large, max-video-preview:-1\" \/>\n<link rel=\"canonical\" href=\"https:\/\/www.revistarambla.com\/en\/camino-de-los-barrancos\/\" \/>\n<meta property=\"og:locale\" content=\"en_GB\" \/>\n<meta property=\"og:type\" content=\"article\" \/>\n<meta property=\"og:title\" content=\"Camino de los barrancos - Revista Rambla\" \/>\n<meta property=\"og:description\" content=\"Recordar\u00e1n algunos de Uds. en mi \u00faltima Columna titulada: \u201cLA SENSACI\u00d3N POL\u00cdTICA DE CAERSE DEL CABALLO\u201d, respecto al estado an\u00edmico que deber\u00edan sentirse los dirigentes del P.P. despu\u00e9s del 23J., probablemente con la sensaci\u00f3n del boxeador noqueado. Presumiblemente peor, el tambi\u00e9n estado emocional de VOX. Respecto a estos \u00faltimos, mencionaba [&hellip;]\" \/>\n<meta property=\"og:url\" content=\"https:\/\/www.revistarambla.com\/en\/camino-de-los-barrancos\/\" \/>\n<meta property=\"og:site_name\" content=\"Revista Rambla\" \/>\n<meta property=\"article:publisher\" content=\"https:\/\/www.facebook.com\/revistarambla\/\" \/>\n<meta property=\"article:published_time\" content=\"2023-08-20T18:12:09+00:00\" \/>\n<meta property=\"og:image\" content=\"https:\/\/www.revistarambla.com\/wp-content\/uploads\/2022\/12\/aznar-feijoo-faes-2014.jpg\" \/>\n\t<meta property=\"og:image:width\" content=\"1214\" \/>\n\t<meta property=\"og:image:height\" content=\"578\" \/>\n\t<meta property=\"og:image:type\" content=\"image\/jpeg\" \/>\n<meta name=\"author\" content=\"Jes\u00fas Antonio Rodr\u00edguez Morilla\" \/>\n<meta name=\"twitter:card\" content=\"summary_large_image\" \/>\n<meta name=\"twitter:creator\" content=\"@revistarambla\" \/>\n<meta name=\"twitter:site\" content=\"@revistarambla\" \/>\n<meta name=\"twitter:label1\" content=\"Written by\" \/>\n\t<meta name=\"twitter:data1\" content=\"Jes\u00fas Antonio Rodr\u00edguez Morilla\" \/>\n\t<meta name=\"twitter:label2\" content=\"Estimated reading time\" \/>\n\t<meta name=\"twitter:data2\" content=\"3 minutes\" \/>\n<script type=\"application\/ld+json\" class=\"yoast-schema-graph\">{\"@context\":\"https:\\\/\\\/schema.org\",\"@graph\":[{\"@type\":\"Article\",\"@id\":\"https:\\\/\\\/www.revistarambla.com\\\/camino-de-los-barrancos\\\/#article\",\"isPartOf\":{\"@id\":\"https:\\\/\\\/www.revistarambla.com\\\/camino-de-los-barrancos\\\/\"},\"author\":{\"name\":\"Jes\u00fas Antonio Rodr\u00edguez Morilla\",\"@id\":\"https:\\\/\\\/www.revistarambla.com\\\/#\\\/schema\\\/person\\\/eace802346abd966cd3ecb763f255a0a\"},\"headline\":\"Camino de los barrancos\",\"datePublished\":\"2023-08-20T18:12:09+00:00\",\"mainEntityOfPage\":{\"@id\":\"https:\\\/\\\/www.revistarambla.com\\\/camino-de-los-barrancos\\\/\"},\"wordCount\":551,\"publisher\":{\"@id\":\"https:\\\/\\\/www.revistarambla.com\\\/#organization\"},\"image\":{\"@id\":\"https:\\\/\\\/www.revistarambla.com\\\/camino-de-los-barrancos\\\/#primaryimage\"},\"thumbnailUrl\":\"https:\\\/\\\/www.revistarambla.com\\\/wp-content\\\/uploads\\\/2022\\\/12\\\/aznar-feijoo-faes-2014.jpg\",\"articleSection\":[\"Opiniones\"],\"inLanguage\":\"en-GB\"},{\"@type\":\"WebPage\",\"@id\":\"https:\\\/\\\/www.revistarambla.com\\\/camino-de-los-barrancos\\\/\",\"url\":\"https:\\\/\\\/www.revistarambla.com\\\/camino-de-los-barrancos\\\/\",\"name\":\"Camino de los barrancos - Revista Rambla\",\"isPartOf\":{\"@id\":\"https:\\\/\\\/www.revistarambla.com\\\/#website\"},\"primaryImageOfPage\":{\"@id\":\"https:\\\/\\\/www.revistarambla.com\\\/camino-de-los-barrancos\\\/#primaryimage\"},\"image\":{\"@id\":\"https:\\\/\\\/www.revistarambla.com\\\/camino-de-los-barrancos\\\/#primaryimage\"},\"thumbnailUrl\":\"https:\\\/\\\/www.revistarambla.com\\\/wp-content\\\/uploads\\\/2022\\\/12\\\/aznar-feijoo-faes-2014.jpg\",\"datePublished\":\"2023-08-20T18:12:09+00:00\",\"breadcrumb\":{\"@id\":\"https:\\\/\\\/www.revistarambla.com\\\/camino-de-los-barrancos\\\/#breadcrumb\"},\"inLanguage\":\"en-GB\",\"potentialAction\":[{\"@type\":\"ReadAction\",\"target\":[\"https:\\\/\\\/www.revistarambla.com\\\/camino-de-los-barrancos\\\/\"]}]},{\"@type\":\"ImageObject\",\"inLanguage\":\"en-GB\",\"@id\":\"https:\\\/\\\/www.revistarambla.com\\\/camino-de-los-barrancos\\\/#primaryimage\",\"url\":\"https:\\\/\\\/www.revistarambla.com\\\/wp-content\\\/uploads\\\/2022\\\/12\\\/aznar-feijoo-faes-2014.jpg\",\"contentUrl\":\"https:\\\/\\\/www.revistarambla.com\\\/wp-content\\\/uploads\\\/2022\\\/12\\\/aznar-feijoo-faes-2014.jpg\",\"width\":1214,\"height\":578},{\"@type\":\"BreadcrumbList\",\"@id\":\"https:\\\/\\\/www.revistarambla.com\\\/camino-de-los-barrancos\\\/#breadcrumb\",\"itemListElement\":[{\"@type\":\"ListItem\",\"position\":1,\"name\":\"Portada\",\"item\":\"https:\\\/\\\/www.revistarambla.com\\\/\"},{\"@type\":\"ListItem\",\"position\":2,\"name\":\"Camino de los barrancos\"}]},{\"@type\":\"WebSite\",\"@id\":\"https:\\\/\\\/www.revistarambla.com\\\/#website\",\"url\":\"https:\\\/\\\/www.revistarambla.com\\\/\",\"name\":\"Revista Rambla Barcelona\",\"description\":\"Periodismo independiente\",\"publisher\":{\"@id\":\"https:\\\/\\\/www.revistarambla.com\\\/#organization\"},\"potentialAction\":[{\"@type\":\"SearchAction\",\"target\":{\"@type\":\"EntryPoint\",\"urlTemplate\":\"https:\\\/\\\/www.revistarambla.com\\\/?s={search_term_string}\"},\"query-input\":{\"@type\":\"PropertyValueSpecification\",\"valueRequired\":true,\"valueName\":\"search_term_string\"}}],\"inLanguage\":\"en-GB\"},{\"@type\":\"Organization\",\"@id\":\"https:\\\/\\\/www.revistarambla.com\\\/#organization\",\"name\":\"Revista Rambla\",\"url\":\"https:\\\/\\\/www.revistarambla.com\\\/\",\"logo\":{\"@type\":\"ImageObject\",\"inLanguage\":\"en-GB\",\"@id\":\"https:\\\/\\\/www.revistarambla.com\\\/#\\\/schema\\\/logo\\\/image\\\/\",\"url\":\"https:\\\/\\\/www.revistarambla.com\\\/wp-content\\\/uploads\\\/2020\\\/09\\\/banner_rambla_1900x600_BB.png\",\"contentUrl\":\"https:\\\/\\\/www.revistarambla.com\\\/wp-content\\\/uploads\\\/2020\\\/09\\\/banner_rambla_1900x600_BB.png\",\"width\":1900,\"height\":600,\"caption\":\"Revista Rambla\"},\"image\":{\"@id\":\"https:\\\/\\\/www.revistarambla.com\\\/#\\\/schema\\\/logo\\\/image\\\/\"},\"sameAs\":[\"https:\\\/\\\/www.facebook.com\\\/revistarambla\\\/\",\"https:\\\/\\\/x.com\\\/revistarambla\",\"https:\\\/\\\/www.instagram.com\\\/revista_rambla\",\"https:\\\/\\\/es.linkedin.com\\\/company\\\/revista-rambla\"]},{\"@type\":\"Person\",\"@id\":\"https:\\\/\\\/www.revistarambla.com\\\/#\\\/schema\\\/person\\\/eace802346abd966cd3ecb763f255a0a\",\"name\":\"Jes\u00fas Antonio Rodr\u00edguez Morilla\",\"description\":\"Doctor en Derecho por la U.C.M. (Cum Laude). Licenciado en Derecho. Licenciado en Ciencias Pol\u00edticas. Caballero de M\u00e9rito de la Real Orden (Noruega).\",\"sameAs\":[\"https:\\\/\\\/www.modificadosobraspublicas.com\"]}]}<\/script>\n<!-- \/ Yoast SEO plugin. -->","yoast_head_json":{"title":"Camino de los barrancos - Revista Rambla","robots":{"index":"index","follow":"follow","max-snippet":"max-snippet:-1","max-image-preview":"max-image-preview:large","max-video-preview":"max-video-preview:-1"},"canonical":"https:\/\/www.revistarambla.com\/en\/camino-de-los-barrancos\/","og_locale":"en_GB","og_type":"article","og_title":"Camino de los barrancos - Revista Rambla","og_description":"Recordar\u00e1n algunos de Uds. en mi \u00faltima Columna titulada: \u201cLA SENSACI\u00d3N POL\u00cdTICA DE CAERSE DEL CABALLO\u201d, respecto al estado an\u00edmico que deber\u00edan sentirse los dirigentes del P.P. despu\u00e9s del 23J., probablemente con la sensaci\u00f3n del boxeador noqueado. Presumiblemente peor, el tambi\u00e9n estado emocional de VOX. Respecto a estos \u00faltimos, mencionaba [&hellip;]","og_url":"https:\/\/www.revistarambla.com\/en\/camino-de-los-barrancos\/","og_site_name":"Revista Rambla","article_publisher":"https:\/\/www.facebook.com\/revistarambla\/","article_published_time":"2023-08-20T18:12:09+00:00","og_image":[{"width":1214,"height":578,"url":"https:\/\/www.revistarambla.com\/wp-content\/uploads\/2022\/12\/aznar-feijoo-faes-2014.jpg","type":"image\/jpeg"}],"author":"Jes\u00fas Antonio Rodr\u00edguez Morilla","twitter_card":"summary_large_image","twitter_creator":"@revistarambla","twitter_site":"@revistarambla","twitter_misc":{"Written by":"Jes\u00fas Antonio Rodr\u00edguez Morilla","Estimated reading time":"3 minutes"},"schema":{"@context":"https:\/\/schema.org","@graph":[{"@type":"Article","@id":"https:\/\/www.revistarambla.com\/camino-de-los-barrancos\/#article","isPartOf":{"@id":"https:\/\/www.revistarambla.com\/camino-de-los-barrancos\/"},"author":{"name":"Jes\u00fas Antonio Rodr\u00edguez Morilla","@id":"https:\/\/www.revistarambla.com\/#\/schema\/person\/eace802346abd966cd3ecb763f255a0a"},"headline":"Camino de los barrancos","datePublished":"2023-08-20T18:12:09+00:00","mainEntityOfPage":{"@id":"https:\/\/www.revistarambla.com\/camino-de-los-barrancos\/"},"wordCount":551,"publisher":{"@id":"https:\/\/www.revistarambla.com\/#organization"},"image":{"@id":"https:\/\/www.revistarambla.com\/camino-de-los-barrancos\/#primaryimage"},"thumbnailUrl":"https:\/\/www.revistarambla.com\/wp-content\/uploads\/2022\/12\/aznar-feijoo-faes-2014.jpg","articleSection":["Opiniones"],"inLanguage":"en-GB"},{"@type":"WebPage","@id":"https:\/\/www.revistarambla.com\/camino-de-los-barrancos\/","url":"https:\/\/www.revistarambla.com\/camino-de-los-barrancos\/","name":"Camino de los barrancos - Revista Rambla","isPartOf":{"@id":"https:\/\/www.revistarambla.com\/#website"},"primaryImageOfPage":{"@id":"https:\/\/www.revistarambla.com\/camino-de-los-barrancos\/#primaryimage"},"image":{"@id":"https:\/\/www.revistarambla.com\/camino-de-los-barrancos\/#primaryimage"},"thumbnailUrl":"https:\/\/www.revistarambla.com\/wp-content\/uploads\/2022\/12\/aznar-feijoo-faes-2014.jpg","datePublished":"2023-08-20T18:12:09+00:00","breadcrumb":{"@id":"https:\/\/www.revistarambla.com\/camino-de-los-barrancos\/#breadcrumb"},"inLanguage":"en-GB","potentialAction":[{"@type":"ReadAction","target":["https:\/\/www.revistarambla.com\/camino-de-los-barrancos\/"]}]},{"@type":"ImageObject","inLanguage":"en-GB","@id":"https:\/\/www.revistarambla.com\/camino-de-los-barrancos\/#primaryimage","url":"https:\/\/www.revistarambla.com\/wp-content\/uploads\/2022\/12\/aznar-feijoo-faes-2014.jpg","contentUrl":"https:\/\/www.revistarambla.com\/wp-content\/uploads\/2022\/12\/aznar-feijoo-faes-2014.jpg","width":1214,"height":578},{"@type":"BreadcrumbList","@id":"https:\/\/www.revistarambla.com\/camino-de-los-barrancos\/#breadcrumb","itemListElement":[{"@type":"ListItem","position":1,"name":"Portada","item":"https:\/\/www.revistarambla.com\/"},{"@type":"ListItem","position":2,"name":"Camino de los barrancos"}]},{"@type":"WebSite","@id":"https:\/\/www.revistarambla.com\/#website","url":"https:\/\/www.revistarambla.com\/","name":"Revista Rambla Barcelona","description":"Periodismo independiente","publisher":{"@id":"https:\/\/www.revistarambla.com\/#organization"},"potentialAction":[{"@type":"SearchAction","target":{"@type":"EntryPoint","urlTemplate":"https:\/\/www.revistarambla.com\/?s={search_term_string}"},"query-input":{"@type":"PropertyValueSpecification","valueRequired":true,"valueName":"search_term_string"}}],"inLanguage":"en-GB"},{"@type":"Organization","@id":"https:\/\/www.revistarambla.com\/#organization","name":"Revista Rambla","url":"https:\/\/www.revistarambla.com\/","logo":{"@type":"ImageObject","inLanguage":"en-GB","@id":"https:\/\/www.revistarambla.com\/#\/schema\/logo\/image\/","url":"https:\/\/www.revistarambla.com\/wp-content\/uploads\/2020\/09\/banner_rambla_1900x600_BB.png","contentUrl":"https:\/\/www.revistarambla.com\/wp-content\/uploads\/2020\/09\/banner_rambla_1900x600_BB.png","width":1900,"height":600,"caption":"Revista Rambla"},"image":{"@id":"https:\/\/www.revistarambla.com\/#\/schema\/logo\/image\/"},"sameAs":["https:\/\/www.facebook.com\/revistarambla\/","https:\/\/x.com\/revistarambla","https:\/\/www.instagram.com\/revista_rambla","https:\/\/es.linkedin.com\/company\/revista-rambla"]},{"@type":"Person","@id":"https:\/\/www.revistarambla.com\/#\/schema\/person\/eace802346abd966cd3ecb763f255a0a","name":"Jes\u00fas Antonio Rodr\u00edguez Morilla","description":"Doctor en Derecho por la U.C.M. (Cum Laude). Licenciado en Derecho. Licenciado en Ciencias Pol\u00edticas. Caballero de M\u00e9rito de la Real Orden (Noruega).","sameAs":["https:\/\/www.modificadosobraspublicas.com"]}]}},"_links":{"self":[{"href":"https:\/\/www.revistarambla.com\/en\/wp-json\/wp\/v2\/posts\/56294","targetHints":{"allow":["GET"]}}],"collection":[{"href":"https:\/\/www.revistarambla.com\/en\/wp-json\/wp\/v2\/posts"}],"about":[{"href":"https:\/\/www.revistarambla.com\/en\/wp-json\/wp\/v2\/types\/post"}],"author":[{"embeddable":true,"href":"https:\/\/www.revistarambla.com\/en\/wp-json\/wp\/v2\/users\/305"}],"replies":[{"embeddable":true,"href":"https:\/\/www.revistarambla.com\/en\/wp-json\/wp\/v2\/comments?post=56294"}],"version-history":[{"count":1,"href":"https:\/\/www.revistarambla.com\/en\/wp-json\/wp\/v2\/posts\/56294\/revisions"}],"predecessor-version":[{"id":56295,"href":"https:\/\/www.revistarambla.com\/en\/wp-json\/wp\/v2\/posts\/56294\/revisions\/56295"}],"wp:featuredmedia":[{"embeddable":true,"href":"https:\/\/www.revistarambla.com\/en\/wp-json\/wp\/v2\/media\/51523"}],"wp:attachment":[{"href":"https:\/\/www.revistarambla.com\/en\/wp-json\/wp\/v2\/media?parent=56294"}],"wp:term":[{"taxonomy":"category","embeddable":true,"href":"https:\/\/www.revistarambla.com\/en\/wp-json\/wp\/v2\/categories?post=56294"},{"taxonomy":"post_tag","embeddable":true,"href":"https:\/\/www.revistarambla.com\/en\/wp-json\/wp\/v2\/tags?post=56294"}],"curies":[{"name":"wp","href":"https:\/\/api.w.org\/{rel}","templated":true}]}}