{"id":56205,"date":"2023-08-08T20:27:48","date_gmt":"2023-08-08T18:27:48","guid":{"rendered":"https:\/\/www.revistarambla.com\/?p=56205"},"modified":"2023-08-08T20:27:48","modified_gmt":"2023-08-08T18:27:48","slug":"jose-miguel-jimenez-un-ano-siendo-miembro-de-la-asociacion-interim-management-espana-aime","status":"publish","type":"post","link":"https:\/\/www.revistarambla.com\/en\/jose-miguel-jimenez-un-ano-siendo-miembro-de-la-asociacion-interim-management-espana-aime\/","title":{"rendered":"Jos\u00e9 Miguel Jim\u00e9nez, un a\u00f1o siendo miembro de la Asociaci\u00f3n Interim Management Espa\u00f1a (AIME)"},"content":{"rendered":"<p><span style=\"font-weight: 400;\">Jos\u00e9 Miguel Jim\u00e9nez es un experto financiero que ejerce como controller e interim manager. Este jienense celebra ahora <\/span><b>un a\u00f1o como miembro de la Asociaci\u00f3n Interim Management Espa\u00f1a (AIME)<\/b><span style=\"font-weight: 400;\">, una comunidad de profesionales altamente cualificados en gesti\u00f3n empresarial.<\/span><\/p>\n<p><span style=\"font-weight: 400;\">Como profesional perteneciente a la AIME, Jos\u00e9 Miguel Jim\u00e9nez tiene <\/span><b>acceso a una red de expertos en diferentes industrias y \u00e1reas de negocio<\/b><span style=\"font-weight: 400;\"> y se mantiene al d\u00eda de las \u00faltimas tendencias y nuevas pr\u00e1cticas del mundo del management, lo que le permite ofrecer a sus clientes soluciones de calidad cuando \u00e9stos requieren de su asesoramiento o apoyo en gesti\u00f3n de proyectos, transformaci\u00f3n empresarial u otros desaf\u00edos estrat\u00e9gicos.<\/span><\/p>\n<h2><b>Qu\u00e9 es la AIME y a qu\u00e9 se dedica<\/b><\/h2>\n<p><span style=\"font-weight: 400;\">La Asociaci\u00f3n Interim Management Espa\u00f1a (AIME) es una entidad sin \u00e1nimo de lucro que representa los intereses de los profesionales de la direcci\u00f3n de transici\u00f3n en nuestro pa\u00eds.<\/span><\/p>\n<p><b>M\u00e1s de 250 interim managers en activo forman parte de esta organizaci\u00f3n<\/b><span style=\"font-weight: 400;\">, en la que tambi\u00e9n participan empresas prestadoras de servicios espec\u00edficos de direcci\u00f3n temporal o interina.<\/span><\/p>\n<p><span style=\"font-weight: 400;\">Esta asociaci\u00f3n, a la que pertenece Jos\u00e9 Miguel Jim\u00e9nez, lleva a cabo una intensa labor de promoci\u00f3n de la figura del interim manager, ya que se ha convertido en un profesional de car\u00e1cter estrat\u00e9gico para la direcci\u00f3n y gesti\u00f3n de procesos de cambio en las empresas.<\/span><\/p>\n<p><span style=\"font-weight: 400;\">Para lograr este objetivo, la AIME organiza diferentes actividades de promoci\u00f3n y colabora con otras entidades p\u00fablicas y privadas que buscan el desarrollo del mercado laboral y la mejora de la competitividad empresarial.<\/span><\/p>\n<p><span style=\"font-weight: 400;\">La asociaci\u00f3n, fundada en el a\u00f1o 2013, <\/span><b>agrupa a profesionales con una alta cualificaci\u00f3n<\/b><span style=\"font-weight: 400;\"> que ejercen o han ejercido la direcci\u00f3n de personas en empresas espa\u00f1olas de toda \u00edndole.<\/span><\/p>\n<p><span style=\"font-weight: 400;\">Su prop\u00f3sito es difundir la utilidad del interim management para generar empleo y como herramienta estrat\u00e9gica para las empresas que afrontan un proceso de cambio importante.<\/span><\/p>\n<h2><b>Compromiso \u00e9tico<\/b><\/h2>\n<p><span style=\"font-weight: 400;\">La pertenencia a la Asociaci\u00f3n Interim Management Espa\u00f1a supone la aceptaci\u00f3n de manera expresa de su <\/span><b>C\u00f3digo de Buenas Pr\u00e1cticas Directivas<\/b><span style=\"font-weight: 400;\">. Esto significa que Jos\u00e9 Miguel Jim\u00e9nez, como miembro de la AIME desde hace ya un a\u00f1o es un profesional que respeta reglas como:<\/span><\/p>\n<ul>\n<li style=\"font-weight: 400;\" aria-level=\"1\"><span style=\"font-weight: 400;\">Cumplir estrictamente con la legalidad vigente en su desempe\u00f1o profesional, atendiendo al esp\u00edritu y la finalidad de las normas.<\/span><\/li>\n<li style=\"font-weight: 400;\" aria-level=\"1\"><span style=\"font-weight: 400;\">Respetar y comprometerse con los derechos humanos y laborales reconocidos en la legislaci\u00f3n vigente, cualquiera que sea su \u00e1mbito geogr\u00e1fico de actuaci\u00f3n.<\/span><\/li>\n<li style=\"font-weight: 400;\" aria-level=\"1\"><span style=\"font-weight: 400;\">Desarrollar su actividad profesional desde el respeto al medio ambiente, cumpliendo al menos con la normativa medioambiental vigente.<\/span><\/li>\n<li style=\"font-weight: 400;\" aria-level=\"1\"><span style=\"font-weight: 400;\">Promover y practicar la no discriminaci\u00f3n por raz\u00f3n de raza, color, nacionalidad, origen social, edad, sexo, estado civil, orientaci\u00f3n sexual, ideolog\u00eda, opiniones pol\u00edticas, religi\u00f3n o cualquier otra condici\u00f3n personal, f\u00edsica o social de las personas que con ellas colaboran profesionalmente.<\/span><\/li>\n<li style=\"font-weight: 400;\" aria-level=\"1\"><span style=\"font-weight: 400;\">Rechazar cualquier manifestaci\u00f3n de violencia, acoso o abuso de autoridad en el puesto de trabajo.<\/span><\/li>\n<li style=\"font-weight: 400;\" aria-level=\"1\"><span style=\"font-weight: 400;\">Evitar cualquier clase de interferencia o influencia de clientes, proveedores o terceros que pueda alterar su imparcialidad y objetividad profesional.<\/span><\/li>\n<li style=\"font-weight: 400;\" aria-level=\"1\"><span style=\"font-weight: 400;\">Promover y practicar pol\u00edticas de seguridad y salud en el trabajo y adoptar las medidas preventivas establecidas al respecto en la legislaci\u00f3n vigente en cada momento.<\/span><\/li>\n<li style=\"font-weight: 400;\" aria-level=\"1\"><span style=\"font-weight: 400;\">Promover y practicar una direcci\u00f3n de personas atendiendo al desarrollo profesional de sus colaboradores y al cumplimiento de los objetivos empresariales definidos.<\/span><\/li>\n<li style=\"font-weight: 400;\" aria-level=\"1\"><span style=\"font-weight: 400;\">Manifestar su compromiso con los principios de la Responsabilidad Social Corporativa.<\/span><\/li>\n<li style=\"font-weight: 400;\" aria-level=\"1\"><span style=\"font-weight: 400;\">Manifestar su compromiso de no realizar pr\u00e1cticas que puedan considerarse corruptas en el desarrollo de sus relaciones con las empresas contratantes, clientes, proveedores, suministradores, competidores, autoridades, etc.<\/span><\/li>\n<li style=\"font-weight: 400;\" aria-level=\"1\"><span style=\"font-weight: 400;\">Conocer y respetar los estatutos de la Asociaci\u00f3n y facilitar las pr\u00e1cticas de buen gobierno de la misma.<\/span><\/li>\n<\/ul>\n<p><span style=\"font-weight: 400;\">Jos\u00e9 Miguel Jim\u00e9nez asume como propio este c\u00f3digo \u00e9tico y lo lleva por bandera en cada una de las empresas con las que colabora.<\/span><\/p>\n<h2><b>Importancia del interim management<\/b><\/h2>\n<p><span style=\"font-weight: 400;\">El interim management es una herramienta estrat\u00e9gica que puede ser clave en el \u00e9xito de una compa\u00f1\u00eda a la hora de implementar una nueva l\u00ednea de producci\u00f3n. \u00bfCu\u00e1l es la <\/span><b>labor de un interim manager<\/b><span style=\"font-weight: 400;\"> como Jos\u00e9 Miguel Jim\u00e9nez en este sentido?<\/span><\/p>\n<ul>\n<li style=\"font-weight: 400;\" aria-level=\"1\"><span style=\"font-weight: 400;\">Es un profesional especializado en la <\/span><b>gesti\u00f3n de proyectos de producci\u00f3n<\/b><span style=\"font-weight: 400;\">, lo que permitir\u00e1 evitar errores comunes y optimizar las tareas.<\/span><\/li>\n<li style=\"font-weight: 400;\" aria-level=\"1\"><span style=\"font-weight: 400;\">Est\u00e1 capacitado para ayudar a las empresas a <\/span><b>desarrollar planes de acci\u00f3n<\/b><span style=\"font-weight: 400;\"> detallados: programarlos, gestionar los recursos y establecer los objetivos.<\/span><\/li>\n<li style=\"font-weight: 400;\" aria-level=\"1\"><span style=\"font-weight: 400;\">Tiene la habilidad para <\/span><b>seleccionar equipos y proveedores<\/b><span style=\"font-weight: 400;\"> que se adapten a los objetivos que las empresas han fijado previamente.<\/span><\/li>\n<li style=\"font-weight: 400;\" aria-level=\"1\"><span style=\"font-weight: 400;\">Puede <\/span><b>evaluar la evoluci\u00f3n<\/b><span style=\"font-weight: 400;\"> de una nueva l\u00ednea de producci\u00f3n a trav\u00e9s de m\u00e9tricas y aplicar los cambios necesarios para corregir problemas en tiempo real y maximizar la eficiencia del plan.<\/span><\/li>\n<\/ul>\n<p><span style=\"font-weight: 400;\">Jos\u00e9 Miguel Jim\u00e9nez es uno de esos interim managers capaces de cumplir con eficacia estas funciones, y tambi\u00e9n con entusiasmo, el cual se refleja en su compromiso con esta profesi\u00f3n, que ha mostrado durante el \u00faltimo a\u00f1o como miembro de la AIME, con el objetivo de impulsar el crecimiento y la excelencia de su profesi\u00f3n.<\/span><\/p>\n<h3><b>\u00bfCu\u00e1ndo contratar un interim manager?<\/b><\/h3>\n<p><span style=\"font-weight: 400;\">Existen diversas situaciones en una compa\u00f1\u00eda en las que puede resultar interesante la contrataci\u00f3n de un servicio de interim management. Por ejemplo:<\/span><\/p>\n<ul>\n<li style=\"font-weight: 400;\" aria-level=\"1\"><span style=\"font-weight: 400;\">Para la <\/span><b>gesti\u00f3n de un cambio organizacional importante<\/b><span style=\"font-weight: 400;\"> (planes de reducci\u00f3n de costes, preparar una sucesi\u00f3n generacional, gestionar un proceso de fusi\u00f3n, etc.).<\/span><\/li>\n<li style=\"font-weight: 400;\" aria-level=\"1\"><span style=\"font-weight: 400;\">Para la <\/span><b>sustituci\u00f3n temporal de un cargo directivo<\/b><span style=\"font-weight: 400;\"> tras un cese o dimisi\u00f3n, por una baja temporal o a la espera de que se produzca una incorporaci\u00f3n definitiva en ese puesto.<\/span><\/li>\n<li style=\"font-weight: 400;\" aria-level=\"1\"><span style=\"font-weight: 400;\">Para el <\/span><b>desarrollo de nuevos negocios o nuevos mercados<\/b><span style=\"font-weight: 400;\"> (entrada a mercados internacionales, lanzamiento de nuevas l\u00edneas de producto\u2026).<\/span><\/li>\n<li style=\"font-weight: 400;\" aria-level=\"1\"><span style=\"font-weight: 400;\">Para la <\/span><b>consolidaci\u00f3n y profesionalizaci\u00f3n de una startup<\/b><span style=\"font-weight: 400;\">.<\/span><\/li>\n<\/ul>\n<p><span style=\"font-weight: 400;\">Para todo ello, miembros de la Asociaci\u00f3n Interim Management Espa\u00f1a como Jos\u00e9 Miguel Jim\u00e9nez pueden ser de gran utilidad para las empresas, pues son profesionales altamente cualificados y con una amplia experiencia en la asunci\u00f3n de importantes responsabilidades dentro de destacadas compa\u00f1\u00edas.<\/span><\/p>\n<p><span style=\"font-weight: 400;\">En el caso de Jos\u00e9 Miguel Jim\u00e9nez, por ejemplo, ha tenido la oportunidad de desarrollar su labor especializada para compa\u00f1\u00edas de la talla de Thielmann Portinox o NRF, entre otras.<\/span><\/p>","protected":false},"excerpt":{"rendered":"<p>Jos\u00e9 Miguel Jim\u00e9nez es un experto financiero que ejerce como controller e interim manager. Este jienense celebra ahora un a\u00f1o como miembro de la Asociaci\u00f3n Interim Management Espa\u00f1a (AIME), una comunidad de profesionales altamente cualificados en gesti\u00f3n empresarial. Como profesional perteneciente a la AIME, Jos\u00e9 Miguel Jim\u00e9nez tiene acceso a [&hellip;]<\/p>\n","protected":false},"author":3,"featured_media":56206,"comment_status":"closed","ping_status":"closed","sticky":false,"template":"","format":"standard","meta":{"footnotes":""},"categories":[3790],"tags":[],"class_list":["post-56205","post","type-post","status-publish","format-standard","has-post-thumbnail","hentry","category-otras-noticias"],"yoast_head":"<!-- This site is optimized with the Yoast SEO plugin v27.5 - https:\/\/yoast.com\/product\/yoast-seo-wordpress\/ -->\n<title>Jos\u00e9 Miguel Jim\u00e9nez, un a\u00f1o siendo miembro de la Asociaci\u00f3n Interim Management Espa\u00f1a (AIME) - Revista Rambla<\/title>\n<meta name=\"robots\" content=\"index, follow, max-snippet:-1, max-image-preview:large, max-video-preview:-1\" \/>\n<link rel=\"canonical\" href=\"https:\/\/www.revistarambla.com\/en\/jose-miguel-jimenez-un-ano-siendo-miembro-de-la-asociacion-interim-management-espana-aime\/\" \/>\n<meta property=\"og:locale\" content=\"en_GB\" \/>\n<meta property=\"og:type\" content=\"article\" \/>\n<meta property=\"og:title\" content=\"Jos\u00e9 Miguel Jim\u00e9nez, un a\u00f1o siendo miembro de la Asociaci\u00f3n Interim Management Espa\u00f1a (AIME) - Revista Rambla\" \/>\n<meta property=\"og:description\" content=\"Jos\u00e9 Miguel Jim\u00e9nez es un experto financiero que ejerce como controller e interim manager. Este jienense celebra ahora un a\u00f1o como miembro de la Asociaci\u00f3n Interim Management Espa\u00f1a (AIME), una comunidad de profesionales altamente cualificados en gesti\u00f3n empresarial. Como profesional perteneciente a la AIME, Jos\u00e9 Miguel Jim\u00e9nez tiene acceso a [&hellip;]\" \/>\n<meta property=\"og:url\" content=\"https:\/\/www.revistarambla.com\/en\/jose-miguel-jimenez-un-ano-siendo-miembro-de-la-asociacion-interim-management-espana-aime\/\" \/>\n<meta property=\"og:site_name\" content=\"Revista Rambla\" \/>\n<meta property=\"article:publisher\" content=\"https:\/\/www.facebook.com\/revistarambla\/\" \/>\n<meta property=\"article:author\" content=\"https:\/\/www.facebook.com\/revistarambla\" \/>\n<meta property=\"article:published_time\" content=\"2023-08-08T18:27:48+00:00\" \/>\n<meta property=\"og:image\" content=\"https:\/\/www.revistarambla.com\/wp-content\/uploads\/2023\/08\/phpCNHAFG64d1f911c9dc3.jpg\" \/>\n\t<meta property=\"og:image:width\" content=\"1061\" \/>\n\t<meta property=\"og:image:height\" content=\"967\" \/>\n\t<meta property=\"og:image:type\" content=\"image\/jpeg\" \/>\n<meta name=\"author\" content=\"R@mbla\" \/>\n<meta name=\"twitter:card\" content=\"summary_large_image\" \/>\n<meta name=\"twitter:creator\" content=\"@revistarambla\" \/>\n<meta name=\"twitter:site\" content=\"@revistarambla\" \/>\n<meta name=\"twitter:label1\" content=\"Written by\" \/>\n\t<meta name=\"twitter:data1\" content=\"R@mbla\" \/>\n\t<meta name=\"twitter:label2\" content=\"Estimated reading time\" \/>\n\t<meta name=\"twitter:data2\" content=\"5 minutes\" \/>\n<script type=\"application\/ld+json\" class=\"yoast-schema-graph\">{\"@context\":\"https:\\\/\\\/schema.org\",\"@graph\":[{\"@type\":\"Article\",\"@id\":\"https:\\\/\\\/www.revistarambla.com\\\/jose-miguel-jimenez-un-ano-siendo-miembro-de-la-asociacion-interim-management-espana-aime\\\/#article\",\"isPartOf\":{\"@id\":\"https:\\\/\\\/www.revistarambla.com\\\/jose-miguel-jimenez-un-ano-siendo-miembro-de-la-asociacion-interim-management-espana-aime\\\/\"},\"author\":{\"name\":\"R@mbla\",\"@id\":\"https:\\\/\\\/www.revistarambla.com\\\/#\\\/schema\\\/person\\\/a146a5a2550b94981a75131180e1bd9c\"},\"headline\":\"Jos\u00e9 Miguel Jim\u00e9nez, un a\u00f1o siendo miembro de la Asociaci\u00f3n Interim Management Espa\u00f1a (AIME)\",\"datePublished\":\"2023-08-08T18:27:48+00:00\",\"mainEntityOfPage\":{\"@id\":\"https:\\\/\\\/www.revistarambla.com\\\/jose-miguel-jimenez-un-ano-siendo-miembro-de-la-asociacion-interim-management-espana-aime\\\/\"},\"wordCount\":1108,\"publisher\":{\"@id\":\"https:\\\/\\\/www.revistarambla.com\\\/#organization\"},\"image\":{\"@id\":\"https:\\\/\\\/www.revistarambla.com\\\/jose-miguel-jimenez-un-ano-siendo-miembro-de-la-asociacion-interim-management-espana-aime\\\/#primaryimage\"},\"thumbnailUrl\":\"https:\\\/\\\/www.revistarambla.com\\\/wp-content\\\/uploads\\\/2023\\\/08\\\/phpCNHAFG64d1f911c9dc3.jpg\",\"articleSection\":[\"Otras Noticias\"],\"inLanguage\":\"en-GB\"},{\"@type\":\"WebPage\",\"@id\":\"https:\\\/\\\/www.revistarambla.com\\\/jose-miguel-jimenez-un-ano-siendo-miembro-de-la-asociacion-interim-management-espana-aime\\\/\",\"url\":\"https:\\\/\\\/www.revistarambla.com\\\/jose-miguel-jimenez-un-ano-siendo-miembro-de-la-asociacion-interim-management-espana-aime\\\/\",\"name\":\"Jos\u00e9 Miguel Jim\u00e9nez, un a\u00f1o siendo miembro de la Asociaci\u00f3n Interim Management Espa\u00f1a (AIME) - Revista Rambla\",\"isPartOf\":{\"@id\":\"https:\\\/\\\/www.revistarambla.com\\\/#website\"},\"primaryImageOfPage\":{\"@id\":\"https:\\\/\\\/www.revistarambla.com\\\/jose-miguel-jimenez-un-ano-siendo-miembro-de-la-asociacion-interim-management-espana-aime\\\/#primaryimage\"},\"image\":{\"@id\":\"https:\\\/\\\/www.revistarambla.com\\\/jose-miguel-jimenez-un-ano-siendo-miembro-de-la-asociacion-interim-management-espana-aime\\\/#primaryimage\"},\"thumbnailUrl\":\"https:\\\/\\\/www.revistarambla.com\\\/wp-content\\\/uploads\\\/2023\\\/08\\\/phpCNHAFG64d1f911c9dc3.jpg\",\"datePublished\":\"2023-08-08T18:27:48+00:00\",\"breadcrumb\":{\"@id\":\"https:\\\/\\\/www.revistarambla.com\\\/jose-miguel-jimenez-un-ano-siendo-miembro-de-la-asociacion-interim-management-espana-aime\\\/#breadcrumb\"},\"inLanguage\":\"en-GB\",\"potentialAction\":[{\"@type\":\"ReadAction\",\"target\":[\"https:\\\/\\\/www.revistarambla.com\\\/jose-miguel-jimenez-un-ano-siendo-miembro-de-la-asociacion-interim-management-espana-aime\\\/\"]}]},{\"@type\":\"ImageObject\",\"inLanguage\":\"en-GB\",\"@id\":\"https:\\\/\\\/www.revistarambla.com\\\/jose-miguel-jimenez-un-ano-siendo-miembro-de-la-asociacion-interim-management-espana-aime\\\/#primaryimage\",\"url\":\"https:\\\/\\\/www.revistarambla.com\\\/wp-content\\\/uploads\\\/2023\\\/08\\\/phpCNHAFG64d1f911c9dc3.jpg\",\"contentUrl\":\"https:\\\/\\\/www.revistarambla.com\\\/wp-content\\\/uploads\\\/2023\\\/08\\\/phpCNHAFG64d1f911c9dc3.jpg\",\"width\":1061,\"height\":967},{\"@type\":\"BreadcrumbList\",\"@id\":\"https:\\\/\\\/www.revistarambla.com\\\/jose-miguel-jimenez-un-ano-siendo-miembro-de-la-asociacion-interim-management-espana-aime\\\/#breadcrumb\",\"itemListElement\":[{\"@type\":\"ListItem\",\"position\":1,\"name\":\"Portada\",\"item\":\"https:\\\/\\\/www.revistarambla.com\\\/\"},{\"@type\":\"ListItem\",\"position\":2,\"name\":\"Jos\u00e9 Miguel Jim\u00e9nez, un a\u00f1o siendo miembro de la Asociaci\u00f3n Interim Management Espa\u00f1a (AIME)\"}]},{\"@type\":\"WebSite\",\"@id\":\"https:\\\/\\\/www.revistarambla.com\\\/#website\",\"url\":\"https:\\\/\\\/www.revistarambla.com\\\/\",\"name\":\"Revista Rambla Barcelona\",\"description\":\"Periodismo independiente\",\"publisher\":{\"@id\":\"https:\\\/\\\/www.revistarambla.com\\\/#organization\"},\"potentialAction\":[{\"@type\":\"SearchAction\",\"target\":{\"@type\":\"EntryPoint\",\"urlTemplate\":\"https:\\\/\\\/www.revistarambla.com\\\/?s={search_term_string}\"},\"query-input\":{\"@type\":\"PropertyValueSpecification\",\"valueRequired\":true,\"valueName\":\"search_term_string\"}}],\"inLanguage\":\"en-GB\"},{\"@type\":\"Organization\",\"@id\":\"https:\\\/\\\/www.revistarambla.com\\\/#organization\",\"name\":\"Revista Rambla\",\"url\":\"https:\\\/\\\/www.revistarambla.com\\\/\",\"logo\":{\"@type\":\"ImageObject\",\"inLanguage\":\"en-GB\",\"@id\":\"https:\\\/\\\/www.revistarambla.com\\\/#\\\/schema\\\/logo\\\/image\\\/\",\"url\":\"https:\\\/\\\/www.revistarambla.com\\\/wp-content\\\/uploads\\\/2020\\\/09\\\/banner_rambla_1900x600_BB.png\",\"contentUrl\":\"https:\\\/\\\/www.revistarambla.com\\\/wp-content\\\/uploads\\\/2020\\\/09\\\/banner_rambla_1900x600_BB.png\",\"width\":1900,\"height\":600,\"caption\":\"Revista Rambla\"},\"image\":{\"@id\":\"https:\\\/\\\/www.revistarambla.com\\\/#\\\/schema\\\/logo\\\/image\\\/\"},\"sameAs\":[\"https:\\\/\\\/www.facebook.com\\\/revistarambla\\\/\",\"https:\\\/\\\/x.com\\\/revistarambla\",\"https:\\\/\\\/www.instagram.com\\\/revista_rambla\",\"https:\\\/\\\/es.linkedin.com\\\/company\\\/revista-rambla\"]},{\"@type\":\"Person\",\"@id\":\"https:\\\/\\\/www.revistarambla.com\\\/#\\\/schema\\\/person\\\/a146a5a2550b94981a75131180e1bd9c\",\"name\":\"R@mbla\",\"description\":\"Este art\u00edculo ha sido redactado y\\\/o validado por el equipo de redacci\u00f3n de Revista Rambla.\",\"sameAs\":[\"https:\\\/\\\/www.revistarambla.com\\\/\",\"https:\\\/\\\/www.facebook.com\\\/revistarambla\",\"https:\\\/\\\/x.com\\\/revistarambla\"]}]}<\/script>\n<!-- \/ Yoast SEO plugin. -->","yoast_head_json":{"title":"Jos\u00e9 Miguel Jim\u00e9nez, un a\u00f1o siendo miembro de la Asociaci\u00f3n Interim Management Espa\u00f1a (AIME) - Revista Rambla","robots":{"index":"index","follow":"follow","max-snippet":"max-snippet:-1","max-image-preview":"max-image-preview:large","max-video-preview":"max-video-preview:-1"},"canonical":"https:\/\/www.revistarambla.com\/en\/jose-miguel-jimenez-un-ano-siendo-miembro-de-la-asociacion-interim-management-espana-aime\/","og_locale":"en_GB","og_type":"article","og_title":"Jos\u00e9 Miguel Jim\u00e9nez, un a\u00f1o siendo miembro de la Asociaci\u00f3n Interim Management Espa\u00f1a (AIME) - Revista Rambla","og_description":"Jos\u00e9 Miguel Jim\u00e9nez es un experto financiero que ejerce como controller e interim manager. Este jienense celebra ahora un a\u00f1o como miembro de la Asociaci\u00f3n Interim Management Espa\u00f1a (AIME), una comunidad de profesionales altamente cualificados en gesti\u00f3n empresarial. Como profesional perteneciente a la AIME, Jos\u00e9 Miguel Jim\u00e9nez tiene acceso a [&hellip;]","og_url":"https:\/\/www.revistarambla.com\/en\/jose-miguel-jimenez-un-ano-siendo-miembro-de-la-asociacion-interim-management-espana-aime\/","og_site_name":"Revista Rambla","article_publisher":"https:\/\/www.facebook.com\/revistarambla\/","article_author":"https:\/\/www.facebook.com\/revistarambla","article_published_time":"2023-08-08T18:27:48+00:00","og_image":[{"width":1061,"height":967,"url":"https:\/\/www.revistarambla.com\/wp-content\/uploads\/2023\/08\/phpCNHAFG64d1f911c9dc3.jpg","type":"image\/jpeg"}],"author":"R@mbla","twitter_card":"summary_large_image","twitter_creator":"@revistarambla","twitter_site":"@revistarambla","twitter_misc":{"Written by":"R@mbla","Estimated reading time":"5 minutes"},"schema":{"@context":"https:\/\/schema.org","@graph":[{"@type":"Article","@id":"https:\/\/www.revistarambla.com\/jose-miguel-jimenez-un-ano-siendo-miembro-de-la-asociacion-interim-management-espana-aime\/#article","isPartOf":{"@id":"https:\/\/www.revistarambla.com\/jose-miguel-jimenez-un-ano-siendo-miembro-de-la-asociacion-interim-management-espana-aime\/"},"author":{"name":"R@mbla","@id":"https:\/\/www.revistarambla.com\/#\/schema\/person\/a146a5a2550b94981a75131180e1bd9c"},"headline":"Jos\u00e9 Miguel Jim\u00e9nez, un a\u00f1o siendo miembro de la Asociaci\u00f3n Interim Management Espa\u00f1a (AIME)","datePublished":"2023-08-08T18:27:48+00:00","mainEntityOfPage":{"@id":"https:\/\/www.revistarambla.com\/jose-miguel-jimenez-un-ano-siendo-miembro-de-la-asociacion-interim-management-espana-aime\/"},"wordCount":1108,"publisher":{"@id":"https:\/\/www.revistarambla.com\/#organization"},"image":{"@id":"https:\/\/www.revistarambla.com\/jose-miguel-jimenez-un-ano-siendo-miembro-de-la-asociacion-interim-management-espana-aime\/#primaryimage"},"thumbnailUrl":"https:\/\/www.revistarambla.com\/wp-content\/uploads\/2023\/08\/phpCNHAFG64d1f911c9dc3.jpg","articleSection":["Otras Noticias"],"inLanguage":"en-GB"},{"@type":"WebPage","@id":"https:\/\/www.revistarambla.com\/jose-miguel-jimenez-un-ano-siendo-miembro-de-la-asociacion-interim-management-espana-aime\/","url":"https:\/\/www.revistarambla.com\/jose-miguel-jimenez-un-ano-siendo-miembro-de-la-asociacion-interim-management-espana-aime\/","name":"Jos\u00e9 Miguel Jim\u00e9nez, un a\u00f1o siendo miembro de la Asociaci\u00f3n Interim Management Espa\u00f1a (AIME) - Revista Rambla","isPartOf":{"@id":"https:\/\/www.revistarambla.com\/#website"},"primaryImageOfPage":{"@id":"https:\/\/www.revistarambla.com\/jose-miguel-jimenez-un-ano-siendo-miembro-de-la-asociacion-interim-management-espana-aime\/#primaryimage"},"image":{"@id":"https:\/\/www.revistarambla.com\/jose-miguel-jimenez-un-ano-siendo-miembro-de-la-asociacion-interim-management-espana-aime\/#primaryimage"},"thumbnailUrl":"https:\/\/www.revistarambla.com\/wp-content\/uploads\/2023\/08\/phpCNHAFG64d1f911c9dc3.jpg","datePublished":"2023-08-08T18:27:48+00:00","breadcrumb":{"@id":"https:\/\/www.revistarambla.com\/jose-miguel-jimenez-un-ano-siendo-miembro-de-la-asociacion-interim-management-espana-aime\/#breadcrumb"},"inLanguage":"en-GB","potentialAction":[{"@type":"ReadAction","target":["https:\/\/www.revistarambla.com\/jose-miguel-jimenez-un-ano-siendo-miembro-de-la-asociacion-interim-management-espana-aime\/"]}]},{"@type":"ImageObject","inLanguage":"en-GB","@id":"https:\/\/www.revistarambla.com\/jose-miguel-jimenez-un-ano-siendo-miembro-de-la-asociacion-interim-management-espana-aime\/#primaryimage","url":"https:\/\/www.revistarambla.com\/wp-content\/uploads\/2023\/08\/phpCNHAFG64d1f911c9dc3.jpg","contentUrl":"https:\/\/www.revistarambla.com\/wp-content\/uploads\/2023\/08\/phpCNHAFG64d1f911c9dc3.jpg","width":1061,"height":967},{"@type":"BreadcrumbList","@id":"https:\/\/www.revistarambla.com\/jose-miguel-jimenez-un-ano-siendo-miembro-de-la-asociacion-interim-management-espana-aime\/#breadcrumb","itemListElement":[{"@type":"ListItem","position":1,"name":"Portada","item":"https:\/\/www.revistarambla.com\/"},{"@type":"ListItem","position":2,"name":"Jos\u00e9 Miguel Jim\u00e9nez, un a\u00f1o siendo miembro de la Asociaci\u00f3n Interim Management Espa\u00f1a (AIME)"}]},{"@type":"WebSite","@id":"https:\/\/www.revistarambla.com\/#website","url":"https:\/\/www.revistarambla.com\/","name":"Revista Rambla Barcelona","description":"Periodismo independiente","publisher":{"@id":"https:\/\/www.revistarambla.com\/#organization"},"potentialAction":[{"@type":"SearchAction","target":{"@type":"EntryPoint","urlTemplate":"https:\/\/www.revistarambla.com\/?s={search_term_string}"},"query-input":{"@type":"PropertyValueSpecification","valueRequired":true,"valueName":"search_term_string"}}],"inLanguage":"en-GB"},{"@type":"Organization","@id":"https:\/\/www.revistarambla.com\/#organization","name":"Revista Rambla","url":"https:\/\/www.revistarambla.com\/","logo":{"@type":"ImageObject","inLanguage":"en-GB","@id":"https:\/\/www.revistarambla.com\/#\/schema\/logo\/image\/","url":"https:\/\/www.revistarambla.com\/wp-content\/uploads\/2020\/09\/banner_rambla_1900x600_BB.png","contentUrl":"https:\/\/www.revistarambla.com\/wp-content\/uploads\/2020\/09\/banner_rambla_1900x600_BB.png","width":1900,"height":600,"caption":"Revista Rambla"},"image":{"@id":"https:\/\/www.revistarambla.com\/#\/schema\/logo\/image\/"},"sameAs":["https:\/\/www.facebook.com\/revistarambla\/","https:\/\/x.com\/revistarambla","https:\/\/www.instagram.com\/revista_rambla","https:\/\/es.linkedin.com\/company\/revista-rambla"]},{"@type":"Person","@id":"https:\/\/www.revistarambla.com\/#\/schema\/person\/a146a5a2550b94981a75131180e1bd9c","name":"R@mbla","description":"Este art\u00edculo ha sido redactado y\/o validado por el equipo de redacci\u00f3n de Revista Rambla.","sameAs":["https:\/\/www.revistarambla.com\/","https:\/\/www.facebook.com\/revistarambla","https:\/\/x.com\/revistarambla"]}]}},"_links":{"self":[{"href":"https:\/\/www.revistarambla.com\/en\/wp-json\/wp\/v2\/posts\/56205","targetHints":{"allow":["GET"]}}],"collection":[{"href":"https:\/\/www.revistarambla.com\/en\/wp-json\/wp\/v2\/posts"}],"about":[{"href":"https:\/\/www.revistarambla.com\/en\/wp-json\/wp\/v2\/types\/post"}],"author":[{"embeddable":true,"href":"https:\/\/www.revistarambla.com\/en\/wp-json\/wp\/v2\/users\/3"}],"replies":[{"embeddable":true,"href":"https:\/\/www.revistarambla.com\/en\/wp-json\/wp\/v2\/comments?post=56205"}],"version-history":[{"count":1,"href":"https:\/\/www.revistarambla.com\/en\/wp-json\/wp\/v2\/posts\/56205\/revisions"}],"predecessor-version":[{"id":56207,"href":"https:\/\/www.revistarambla.com\/en\/wp-json\/wp\/v2\/posts\/56205\/revisions\/56207"}],"wp:featuredmedia":[{"embeddable":true,"href":"https:\/\/www.revistarambla.com\/en\/wp-json\/wp\/v2\/media\/56206"}],"wp:attachment":[{"href":"https:\/\/www.revistarambla.com\/en\/wp-json\/wp\/v2\/media?parent=56205"}],"wp:term":[{"taxonomy":"category","embeddable":true,"href":"https:\/\/www.revistarambla.com\/en\/wp-json\/wp\/v2\/categories?post=56205"},{"taxonomy":"post_tag","embeddable":true,"href":"https:\/\/www.revistarambla.com\/en\/wp-json\/wp\/v2\/tags?post=56205"}],"curies":[{"name":"wp","href":"https:\/\/api.w.org\/{rel}","templated":true}]}}