{"id":56118,"date":"2023-07-31T19:57:24","date_gmt":"2023-07-31T17:57:24","guid":{"rendered":"https:\/\/www.revistarambla.com\/?p=56118"},"modified":"2023-07-31T19:58:14","modified_gmt":"2023-07-31T17:58:14","slug":"trucos-para-lucir-una-barba-modelo","status":"publish","type":"post","link":"https:\/\/www.revistarambla.com\/en\/trucos-para-lucir-una-barba-modelo\/","title":{"rendered":"Trucos para lucir una barba modelo"},"content":{"rendered":"<p><span style=\"font-weight: 400;\">Lucir barba parece haberse convertido en una moda que va y viene. As\u00ed como hace apenas 5 a\u00f1os los varones (especialmente los j\u00f3venes) se sumaron a una corriente com\u00fan de dejarse crecer el vello facial, en estos momentos la tendencia ha experimentado un descenso, aunque <\/span><b>no desaparece.<\/b><span style=\"font-weight: 400;\"> En cierto modo, quienes a\u00fan conservan la barba son aquellos que ya de por s\u00ed sent\u00edan predilecci\u00f3n por este atav\u00edo natural antes de que ninguna moda marcara el camino a seguir. Y es que las barbas, cada una en sus distintos estilos, son un <\/span><b>s\u00edmbolo de masculinidad y un distintivo<\/b><span style=\"font-weight: 400;\"> que sigue marcando la diferencia.<\/span><\/p>\n<p><span style=\"font-weight: 400;\">Mantener una barba en buenas condiciones no es una tarea sencilla. Despu\u00e9s de todo, la acumulaci\u00f3n de vello en el rostro no puede dejarse a su libre albedr\u00edo, sino que es necesario <\/span><b>cuidarlo con mimo<\/b><span style=\"font-weight: 400;\"> para que el resultado est\u00e9ticamente atractivo. De hecho, actualmente existen t\u00e9cnicas tan pautadas para cuidar de la barba que incluso se reconoce la existencia de la <\/span><span style=\"text-decoration: underline;\"><a href=\"https:\/\/aseoparahombres.com\/trivial\/pogonofilia\"><span style=\"font-weight: 400;\">pogonofilia<\/span><\/a><\/span><span style=\"font-weight: 400;\">, que en t\u00e9rminos generales es la <\/span><b>atracci\u00f3n superior por \u00e9sta<\/b><span style=\"font-weight: 400;\">. Si acaso reconocemos esta filia y nuestro objetivo es tener una barba modelo de la que sentirnos orgullosos, estos consejos que daremos a continuaci\u00f3n seguro que nos ayudar\u00e1n a <\/span><b>lucirla de un modo perfecto<\/b><span style=\"font-weight: 400;\">.<\/span><\/p>\n<h1><b>As\u00ed se consigue una buena barba\u00a0<\/b><\/h1>\n<p><span style=\"font-weight: 400;\">Lucir una barba espl\u00e9ndida implica un cuidado minucioso y constante. Aunque podr\u00edamos referir muchas t\u00e9cnicas, a continuaci\u00f3n mencionaremos las m\u00e1s importantes y efectivas en este proceso.<\/span><\/p>\n<h3><b>Higiene rigurosa\u00a0<\/b><\/h3>\n<p><span style=\"font-weight: 400;\">Cierta creencia popular extendida dice que, al igual que el pelo femenino, la barba no debe ser lavada todos los d\u00edas. <\/span><b>Falso<\/b><span style=\"font-weight: 400;\">. El vello facial es muy susceptible de acumular suciedad y microbios, por lo que debe estar <\/span><b>perfectamente higienizado<\/b><span style=\"font-weight: 400;\"> cada d\u00eda para que no derive en afecciones cut\u00e1neas. Aunque un champ\u00fa de uso com\u00fan puede valer, es recomendable usar al menos la mita de los d\u00edas un <\/span><b>champ\u00fa especial para barbas<\/b><span style=\"font-weight: 400;\">, que suavizar\u00e1 el bello, la piel de la que nace y ayuda a eliminar tambi\u00e9n los picores. En la web de <\/span><span style=\"text-decoration: underline;\"><a href=\"https:\/\/aseoparahombres.com\/\"><span style=\"font-weight: 400;\">Aseo Para Hombres: el mejor sitio de cuidado masculino<\/span><\/a><\/span><span style=\"font-weight: 400;\"> podemos encontrar recomendaciones para comprar los mejores champ\u00fas para barbas.<\/span><\/p>\n<p><span style=\"font-weight: 400;\">Una parte fundamental del lavado es el <\/span><b>secado posterior. <\/b><span style=\"font-weight: 400;\">La barba no debe quedar mojada, ya que esto da\u00f1ar\u00e1 las cut\u00edculas, que a su vez provocar\u00e1 un vista afeada de la superficie de la barba. Una toalla y <\/span><b>movimientos suaves<\/b><span style=\"font-weight: 400;\"> son la mejor forma. Tambi\u00e9n un secador a temperatura media y distancia prudencial puede valer.<\/span><\/p>\n<h3><b>La piel importa\u00a0<\/b><\/h3>\n<p><span style=\"font-weight: 400;\">Uno de los errores m\u00e1s comunes a la hora de cuidar la barba es desentenderse de la piel. <\/span><b>La dermis es crucial<\/b><span style=\"font-weight: 400;\"> en el mantenimiento correcto, ya que es desde esta zona de donde nace. Los champ\u00fas especiales ayudar\u00e1n a lavarla, pero tambi\u00e9n conviene <\/span><b>nutrirla e hidratarla<\/b><span style=\"font-weight: 400;\">, para lo que podemos servirnos de <\/span><b>aceites especiales<\/b><span style=\"font-weight: 400;\">. Estos contribuir\u00e1n a suavizar la piel y a cultivar un vello facial luminoso, poblado y fuerte. Tambi\u00e9n ayudar\u00e1 a reducir esos molestos picores frecuentes en las barbas descuidadas.<\/span><\/p>\n<h3><b>Hora del cepillo\u00a0<\/b><\/h3>\n<p><span style=\"font-weight: 400;\">Igual que cuando vamos a salir a la calle usamos el peine o el cepillo para adecuar nuestro cabello, tambi\u00e9n las barbas deben ser peinadas convenientemente para que luzcan en todo su esplendor. Para ello usaremos un <\/span><b>cepillo especial para barbas<\/b><span style=\"font-weight: 400;\">, a ser posible, fabricado con <\/span><b>cerdas de jabal<\/b><span style=\"font-weight: 400;\">\u00ed. Usar el mismo peine que para el pelo de la cabeza puede ser contraproducente, ya que su resistencia y grosos pueden <\/span><b>da\u00f1ar el vello facial <\/b><span style=\"font-weight: 400;\">y echar por tierra todo el cuidado anterior.\u00a0<\/span><\/p>\n<h3><b>Darle forma a nuestro gusto\u00a0<\/b><\/h3>\n<p><span style=\"font-weight: 400;\">Si hemos seguido los consejos anteriores y ya tenemos la barba que quer\u00edamos, entonces es el momento de darle la forma que queremos y definir un contorno que se amolde a nuestra est\u00e9tica. Para poder lograrlo, la opci\u00f3n m\u00e1s recomendable es usar <\/span><b>ceras especiales para barbas<\/b><span style=\"font-weight: 400;\">, siempre de una marca contrastada. Su aplicaci\u00f3n es muy sencilla: basta con empapar un poco los dedos con esta cera (no demasiada cantidad) y atusar el vello facial hasta conseguir la forma que quer\u00edamos. Muy importante. <\/span><b>La cera debe darse cuando la barba est\u00e9 seca<\/b><span style=\"font-weight: 400;\"> para que surta efecto.\u00a0<\/span><\/p>\n<h3><b>Siempre en manos de un profesional\u00a0<\/b><\/h3>\n<p><span style=\"font-weight: 400;\">Por \u00faltimo, y no menos importante, un buen barbero nos ayudar\u00e1 a lucir la mejor barba que podamos imaginar. Por muy largo que queramos que sea nuestro vello facial, <\/span><b>al menos una vez al mes es recomendable acudir al barbero<\/b><span style=\"font-weight: 400;\"> para que corte las puntas, prepare la barba para seguir creciendo y limpie las zonas m\u00e1s desmejoradas. Perfilar los contornos de la barba es fundamental para que en casa podamos cepillarla y darle forma con la cera, por lo que esa preparaci\u00f3n previa no debemos pasarla por alto. Tambi\u00e9n sus <\/span><b>masajes faciales <\/b><span style=\"font-weight: 400;\">fomentar\u00e1n el crecimiento del vello y la mejora en la salud para que nuestra barba se vea no s\u00f3lo hermosa, sino sana.<\/span><\/p>","protected":false},"excerpt":{"rendered":"<p>Lucir barba parece haberse convertido en una moda que va y viene. As\u00ed como hace apenas 5 a\u00f1os los varones (especialmente los j\u00f3venes) se sumaron a una corriente com\u00fan de dejarse crecer el vello facial, en estos momentos la tendencia ha experimentado un descenso, aunque no desaparece. En cierto modo, [&hellip;]<\/p>\n","protected":false},"author":3,"featured_media":56119,"comment_status":"closed","ping_status":"closed","sticky":false,"template":"","format":"standard","meta":{"footnotes":""},"categories":[3790],"tags":[],"class_list":["post-56118","post","type-post","status-publish","format-standard","has-post-thumbnail","hentry","category-otras-noticias"],"yoast_head":"<!-- This site is optimized with the Yoast SEO plugin v27.5 - https:\/\/yoast.com\/product\/yoast-seo-wordpress\/ -->\n<title>Trucos para lucir una barba modelo - Revista Rambla<\/title>\n<meta name=\"robots\" content=\"index, follow, max-snippet:-1, max-image-preview:large, max-video-preview:-1\" \/>\n<link rel=\"canonical\" href=\"https:\/\/www.revistarambla.com\/en\/trucos-para-lucir-una-barba-modelo\/\" \/>\n<meta property=\"og:locale\" content=\"en_GB\" \/>\n<meta property=\"og:type\" content=\"article\" \/>\n<meta property=\"og:title\" content=\"Trucos para lucir una barba modelo - Revista Rambla\" \/>\n<meta property=\"og:description\" content=\"Lucir barba parece haberse convertido en una moda que va y viene. As\u00ed como hace apenas 5 a\u00f1os los varones (especialmente los j\u00f3venes) se sumaron a una corriente com\u00fan de dejarse crecer el vello facial, en estos momentos la tendencia ha experimentado un descenso, aunque no desaparece. En cierto modo, [&hellip;]\" \/>\n<meta property=\"og:url\" content=\"https:\/\/www.revistarambla.com\/en\/trucos-para-lucir-una-barba-modelo\/\" \/>\n<meta property=\"og:site_name\" content=\"Revista Rambla\" \/>\n<meta property=\"article:publisher\" content=\"https:\/\/www.facebook.com\/revistarambla\/\" \/>\n<meta property=\"article:author\" content=\"https:\/\/www.facebook.com\/revistarambla\" \/>\n<meta property=\"article:published_time\" content=\"2023-07-31T17:57:24+00:00\" \/>\n<meta property=\"article:modified_time\" content=\"2023-07-31T17:58:14+00:00\" \/>\n<meta property=\"og:image\" content=\"https:\/\/www.revistarambla.com\/wp-content\/uploads\/2023\/07\/phpbiIDdp64c786934d494.jpg\" \/>\n\t<meta property=\"og:image:width\" content=\"640\" \/>\n\t<meta property=\"og:image:height\" content=\"427\" \/>\n\t<meta property=\"og:image:type\" content=\"image\/jpeg\" \/>\n<meta name=\"author\" content=\"R@mbla\" \/>\n<meta name=\"twitter:card\" content=\"summary_large_image\" \/>\n<meta name=\"twitter:creator\" content=\"@revistarambla\" \/>\n<meta name=\"twitter:site\" content=\"@revistarambla\" \/>\n<meta name=\"twitter:label1\" content=\"Written by\" \/>\n\t<meta name=\"twitter:data1\" content=\"R@mbla\" \/>\n\t<meta name=\"twitter:label2\" content=\"Estimated reading time\" \/>\n\t<meta name=\"twitter:data2\" content=\"4 minutes\" \/>\n<script type=\"application\/ld+json\" class=\"yoast-schema-graph\">{\"@context\":\"https:\\\/\\\/schema.org\",\"@graph\":[{\"@type\":\"Article\",\"@id\":\"https:\\\/\\\/www.revistarambla.com\\\/trucos-para-lucir-una-barba-modelo\\\/#article\",\"isPartOf\":{\"@id\":\"https:\\\/\\\/www.revistarambla.com\\\/trucos-para-lucir-una-barba-modelo\\\/\"},\"author\":{\"name\":\"R@mbla\",\"@id\":\"https:\\\/\\\/www.revistarambla.com\\\/#\\\/schema\\\/person\\\/a146a5a2550b94981a75131180e1bd9c\"},\"headline\":\"Trucos para lucir una barba modelo\",\"datePublished\":\"2023-07-31T17:57:24+00:00\",\"dateModified\":\"2023-07-31T17:58:14+00:00\",\"mainEntityOfPage\":{\"@id\":\"https:\\\/\\\/www.revistarambla.com\\\/trucos-para-lucir-una-barba-modelo\\\/\"},\"wordCount\":856,\"publisher\":{\"@id\":\"https:\\\/\\\/www.revistarambla.com\\\/#organization\"},\"image\":{\"@id\":\"https:\\\/\\\/www.revistarambla.com\\\/trucos-para-lucir-una-barba-modelo\\\/#primaryimage\"},\"thumbnailUrl\":\"https:\\\/\\\/www.revistarambla.com\\\/wp-content\\\/uploads\\\/2023\\\/07\\\/phpbiIDdp64c786934d494.jpg\",\"articleSection\":[\"Otras Noticias\"],\"inLanguage\":\"en-GB\"},{\"@type\":\"WebPage\",\"@id\":\"https:\\\/\\\/www.revistarambla.com\\\/trucos-para-lucir-una-barba-modelo\\\/\",\"url\":\"https:\\\/\\\/www.revistarambla.com\\\/trucos-para-lucir-una-barba-modelo\\\/\",\"name\":\"Trucos para lucir una barba modelo - Revista Rambla\",\"isPartOf\":{\"@id\":\"https:\\\/\\\/www.revistarambla.com\\\/#website\"},\"primaryImageOfPage\":{\"@id\":\"https:\\\/\\\/www.revistarambla.com\\\/trucos-para-lucir-una-barba-modelo\\\/#primaryimage\"},\"image\":{\"@id\":\"https:\\\/\\\/www.revistarambla.com\\\/trucos-para-lucir-una-barba-modelo\\\/#primaryimage\"},\"thumbnailUrl\":\"https:\\\/\\\/www.revistarambla.com\\\/wp-content\\\/uploads\\\/2023\\\/07\\\/phpbiIDdp64c786934d494.jpg\",\"datePublished\":\"2023-07-31T17:57:24+00:00\",\"dateModified\":\"2023-07-31T17:58:14+00:00\",\"breadcrumb\":{\"@id\":\"https:\\\/\\\/www.revistarambla.com\\\/trucos-para-lucir-una-barba-modelo\\\/#breadcrumb\"},\"inLanguage\":\"en-GB\",\"potentialAction\":[{\"@type\":\"ReadAction\",\"target\":[\"https:\\\/\\\/www.revistarambla.com\\\/trucos-para-lucir-una-barba-modelo\\\/\"]}]},{\"@type\":\"ImageObject\",\"inLanguage\":\"en-GB\",\"@id\":\"https:\\\/\\\/www.revistarambla.com\\\/trucos-para-lucir-una-barba-modelo\\\/#primaryimage\",\"url\":\"https:\\\/\\\/www.revistarambla.com\\\/wp-content\\\/uploads\\\/2023\\\/07\\\/phpbiIDdp64c786934d494.jpg\",\"contentUrl\":\"https:\\\/\\\/www.revistarambla.com\\\/wp-content\\\/uploads\\\/2023\\\/07\\\/phpbiIDdp64c786934d494.jpg\",\"width\":640,\"height\":427},{\"@type\":\"BreadcrumbList\",\"@id\":\"https:\\\/\\\/www.revistarambla.com\\\/trucos-para-lucir-una-barba-modelo\\\/#breadcrumb\",\"itemListElement\":[{\"@type\":\"ListItem\",\"position\":1,\"name\":\"Portada\",\"item\":\"https:\\\/\\\/www.revistarambla.com\\\/\"},{\"@type\":\"ListItem\",\"position\":2,\"name\":\"Trucos para lucir una barba modelo\"}]},{\"@type\":\"WebSite\",\"@id\":\"https:\\\/\\\/www.revistarambla.com\\\/#website\",\"url\":\"https:\\\/\\\/www.revistarambla.com\\\/\",\"name\":\"Revista Rambla Barcelona\",\"description\":\"Periodismo independiente\",\"publisher\":{\"@id\":\"https:\\\/\\\/www.revistarambla.com\\\/#organization\"},\"potentialAction\":[{\"@type\":\"SearchAction\",\"target\":{\"@type\":\"EntryPoint\",\"urlTemplate\":\"https:\\\/\\\/www.revistarambla.com\\\/?s={search_term_string}\"},\"query-input\":{\"@type\":\"PropertyValueSpecification\",\"valueRequired\":true,\"valueName\":\"search_term_string\"}}],\"inLanguage\":\"en-GB\"},{\"@type\":\"Organization\",\"@id\":\"https:\\\/\\\/www.revistarambla.com\\\/#organization\",\"name\":\"Revista Rambla\",\"url\":\"https:\\\/\\\/www.revistarambla.com\\\/\",\"logo\":{\"@type\":\"ImageObject\",\"inLanguage\":\"en-GB\",\"@id\":\"https:\\\/\\\/www.revistarambla.com\\\/#\\\/schema\\\/logo\\\/image\\\/\",\"url\":\"https:\\\/\\\/www.revistarambla.com\\\/wp-content\\\/uploads\\\/2020\\\/09\\\/banner_rambla_1900x600_BB.png\",\"contentUrl\":\"https:\\\/\\\/www.revistarambla.com\\\/wp-content\\\/uploads\\\/2020\\\/09\\\/banner_rambla_1900x600_BB.png\",\"width\":1900,\"height\":600,\"caption\":\"Revista Rambla\"},\"image\":{\"@id\":\"https:\\\/\\\/www.revistarambla.com\\\/#\\\/schema\\\/logo\\\/image\\\/\"},\"sameAs\":[\"https:\\\/\\\/www.facebook.com\\\/revistarambla\\\/\",\"https:\\\/\\\/x.com\\\/revistarambla\",\"https:\\\/\\\/www.instagram.com\\\/revista_rambla\",\"https:\\\/\\\/es.linkedin.com\\\/company\\\/revista-rambla\"]},{\"@type\":\"Person\",\"@id\":\"https:\\\/\\\/www.revistarambla.com\\\/#\\\/schema\\\/person\\\/a146a5a2550b94981a75131180e1bd9c\",\"name\":\"R@mbla\",\"description\":\"Este art\u00edculo ha sido redactado y\\\/o validado por el equipo de redacci\u00f3n de Revista Rambla.\",\"sameAs\":[\"https:\\\/\\\/www.revistarambla.com\\\/\",\"https:\\\/\\\/www.facebook.com\\\/revistarambla\",\"https:\\\/\\\/x.com\\\/revistarambla\"]}]}<\/script>\n<!-- \/ Yoast SEO plugin. -->","yoast_head_json":{"title":"Trucos para lucir una barba modelo - Revista Rambla","robots":{"index":"index","follow":"follow","max-snippet":"max-snippet:-1","max-image-preview":"max-image-preview:large","max-video-preview":"max-video-preview:-1"},"canonical":"https:\/\/www.revistarambla.com\/en\/trucos-para-lucir-una-barba-modelo\/","og_locale":"en_GB","og_type":"article","og_title":"Trucos para lucir una barba modelo - Revista Rambla","og_description":"Lucir barba parece haberse convertido en una moda que va y viene. As\u00ed como hace apenas 5 a\u00f1os los varones (especialmente los j\u00f3venes) se sumaron a una corriente com\u00fan de dejarse crecer el vello facial, en estos momentos la tendencia ha experimentado un descenso, aunque no desaparece. En cierto modo, [&hellip;]","og_url":"https:\/\/www.revistarambla.com\/en\/trucos-para-lucir-una-barba-modelo\/","og_site_name":"Revista Rambla","article_publisher":"https:\/\/www.facebook.com\/revistarambla\/","article_author":"https:\/\/www.facebook.com\/revistarambla","article_published_time":"2023-07-31T17:57:24+00:00","article_modified_time":"2023-07-31T17:58:14+00:00","og_image":[{"width":640,"height":427,"url":"https:\/\/www.revistarambla.com\/wp-content\/uploads\/2023\/07\/phpbiIDdp64c786934d494.jpg","type":"image\/jpeg"}],"author":"R@mbla","twitter_card":"summary_large_image","twitter_creator":"@revistarambla","twitter_site":"@revistarambla","twitter_misc":{"Written by":"R@mbla","Estimated reading time":"4 minutes"},"schema":{"@context":"https:\/\/schema.org","@graph":[{"@type":"Article","@id":"https:\/\/www.revistarambla.com\/trucos-para-lucir-una-barba-modelo\/#article","isPartOf":{"@id":"https:\/\/www.revistarambla.com\/trucos-para-lucir-una-barba-modelo\/"},"author":{"name":"R@mbla","@id":"https:\/\/www.revistarambla.com\/#\/schema\/person\/a146a5a2550b94981a75131180e1bd9c"},"headline":"Trucos para lucir una barba modelo","datePublished":"2023-07-31T17:57:24+00:00","dateModified":"2023-07-31T17:58:14+00:00","mainEntityOfPage":{"@id":"https:\/\/www.revistarambla.com\/trucos-para-lucir-una-barba-modelo\/"},"wordCount":856,"publisher":{"@id":"https:\/\/www.revistarambla.com\/#organization"},"image":{"@id":"https:\/\/www.revistarambla.com\/trucos-para-lucir-una-barba-modelo\/#primaryimage"},"thumbnailUrl":"https:\/\/www.revistarambla.com\/wp-content\/uploads\/2023\/07\/phpbiIDdp64c786934d494.jpg","articleSection":["Otras Noticias"],"inLanguage":"en-GB"},{"@type":"WebPage","@id":"https:\/\/www.revistarambla.com\/trucos-para-lucir-una-barba-modelo\/","url":"https:\/\/www.revistarambla.com\/trucos-para-lucir-una-barba-modelo\/","name":"Trucos para lucir una barba modelo - Revista Rambla","isPartOf":{"@id":"https:\/\/www.revistarambla.com\/#website"},"primaryImageOfPage":{"@id":"https:\/\/www.revistarambla.com\/trucos-para-lucir-una-barba-modelo\/#primaryimage"},"image":{"@id":"https:\/\/www.revistarambla.com\/trucos-para-lucir-una-barba-modelo\/#primaryimage"},"thumbnailUrl":"https:\/\/www.revistarambla.com\/wp-content\/uploads\/2023\/07\/phpbiIDdp64c786934d494.jpg","datePublished":"2023-07-31T17:57:24+00:00","dateModified":"2023-07-31T17:58:14+00:00","breadcrumb":{"@id":"https:\/\/www.revistarambla.com\/trucos-para-lucir-una-barba-modelo\/#breadcrumb"},"inLanguage":"en-GB","potentialAction":[{"@type":"ReadAction","target":["https:\/\/www.revistarambla.com\/trucos-para-lucir-una-barba-modelo\/"]}]},{"@type":"ImageObject","inLanguage":"en-GB","@id":"https:\/\/www.revistarambla.com\/trucos-para-lucir-una-barba-modelo\/#primaryimage","url":"https:\/\/www.revistarambla.com\/wp-content\/uploads\/2023\/07\/phpbiIDdp64c786934d494.jpg","contentUrl":"https:\/\/www.revistarambla.com\/wp-content\/uploads\/2023\/07\/phpbiIDdp64c786934d494.jpg","width":640,"height":427},{"@type":"BreadcrumbList","@id":"https:\/\/www.revistarambla.com\/trucos-para-lucir-una-barba-modelo\/#breadcrumb","itemListElement":[{"@type":"ListItem","position":1,"name":"Portada","item":"https:\/\/www.revistarambla.com\/"},{"@type":"ListItem","position":2,"name":"Trucos para lucir una barba modelo"}]},{"@type":"WebSite","@id":"https:\/\/www.revistarambla.com\/#website","url":"https:\/\/www.revistarambla.com\/","name":"Revista Rambla Barcelona","description":"Periodismo independiente","publisher":{"@id":"https:\/\/www.revistarambla.com\/#organization"},"potentialAction":[{"@type":"SearchAction","target":{"@type":"EntryPoint","urlTemplate":"https:\/\/www.revistarambla.com\/?s={search_term_string}"},"query-input":{"@type":"PropertyValueSpecification","valueRequired":true,"valueName":"search_term_string"}}],"inLanguage":"en-GB"},{"@type":"Organization","@id":"https:\/\/www.revistarambla.com\/#organization","name":"Revista Rambla","url":"https:\/\/www.revistarambla.com\/","logo":{"@type":"ImageObject","inLanguage":"en-GB","@id":"https:\/\/www.revistarambla.com\/#\/schema\/logo\/image\/","url":"https:\/\/www.revistarambla.com\/wp-content\/uploads\/2020\/09\/banner_rambla_1900x600_BB.png","contentUrl":"https:\/\/www.revistarambla.com\/wp-content\/uploads\/2020\/09\/banner_rambla_1900x600_BB.png","width":1900,"height":600,"caption":"Revista Rambla"},"image":{"@id":"https:\/\/www.revistarambla.com\/#\/schema\/logo\/image\/"},"sameAs":["https:\/\/www.facebook.com\/revistarambla\/","https:\/\/x.com\/revistarambla","https:\/\/www.instagram.com\/revista_rambla","https:\/\/es.linkedin.com\/company\/revista-rambla"]},{"@type":"Person","@id":"https:\/\/www.revistarambla.com\/#\/schema\/person\/a146a5a2550b94981a75131180e1bd9c","name":"R@mbla","description":"Este art\u00edculo ha sido redactado y\/o validado por el equipo de redacci\u00f3n de Revista Rambla.","sameAs":["https:\/\/www.revistarambla.com\/","https:\/\/www.facebook.com\/revistarambla","https:\/\/x.com\/revistarambla"]}]}},"_links":{"self":[{"href":"https:\/\/www.revistarambla.com\/en\/wp-json\/wp\/v2\/posts\/56118","targetHints":{"allow":["GET"]}}],"collection":[{"href":"https:\/\/www.revistarambla.com\/en\/wp-json\/wp\/v2\/posts"}],"about":[{"href":"https:\/\/www.revistarambla.com\/en\/wp-json\/wp\/v2\/types\/post"}],"author":[{"embeddable":true,"href":"https:\/\/www.revistarambla.com\/en\/wp-json\/wp\/v2\/users\/3"}],"replies":[{"embeddable":true,"href":"https:\/\/www.revistarambla.com\/en\/wp-json\/wp\/v2\/comments?post=56118"}],"version-history":[{"count":1,"href":"https:\/\/www.revistarambla.com\/en\/wp-json\/wp\/v2\/posts\/56118\/revisions"}],"predecessor-version":[{"id":56120,"href":"https:\/\/www.revistarambla.com\/en\/wp-json\/wp\/v2\/posts\/56118\/revisions\/56120"}],"wp:featuredmedia":[{"embeddable":true,"href":"https:\/\/www.revistarambla.com\/en\/wp-json\/wp\/v2\/media\/56119"}],"wp:attachment":[{"href":"https:\/\/www.revistarambla.com\/en\/wp-json\/wp\/v2\/media?parent=56118"}],"wp:term":[{"taxonomy":"category","embeddable":true,"href":"https:\/\/www.revistarambla.com\/en\/wp-json\/wp\/v2\/categories?post=56118"},{"taxonomy":"post_tag","embeddable":true,"href":"https:\/\/www.revistarambla.com\/en\/wp-json\/wp\/v2\/tags?post=56118"}],"curies":[{"name":"wp","href":"https:\/\/api.w.org\/{rel}","templated":true}]}}