{"id":56097,"date":"2023-07-27T19:41:12","date_gmt":"2023-07-27T17:41:12","guid":{"rendered":"https:\/\/www.revistarambla.com\/?p=56097"},"modified":"2023-07-27T20:52:55","modified_gmt":"2023-07-27T18:52:55","slug":"el-turno-preferido-una-reflexion-de-un-soldado-de-elite","status":"publish","type":"post","link":"https:\/\/www.revistarambla.com\/en\/el-turno-preferido-una-reflexion-de-un-soldado-de-elite\/","title":{"rendered":"El turno preferido (una reflexi\u00f3n de un soldado de \u00e9lite)"},"content":{"rendered":"<p>Querido almirante:<\/p>\n<p>En primer lugar, quiero presentarle todos mis respetos. En segundo lugar, le ruego que para evitar malsanas pol\u00e9micas, guarde discreci\u00f3n de los pormenores que se narran en esta carta, pues no hay peor pandemia que la maledicencia y los cuchicheos de la gente vulgar. No voy a mentirle: soy una persona en tratamiento m\u00e9dico, y no le molestar\u00eda de no ser porque la desidia de mis mandos directos me obliga a hacerlo. Con la mayor humildad, apelo a su sentido com\u00fan y me encomiendo ciegamente a su autoridad superior para que ponga pronto un poco de orden en este doloroso entuerto. A continuaci\u00f3n, le explicar\u00e9 en estas pocas l\u00edneas, los s\u00f3rdidos detalles del pat\u00e9tico episodio que la vida militar acaba de escribir en el diario de mi coraz\u00f3n, en estas fechas tan se\u00f1aladas. Por supuesto, mis navidades no van a ser nada buenas, y a buen seguro, todas mis tribulaciones tienen que ver con el turno de noche. S\u00e9 de sobra que usted es una persona muy ocupada, pero tambi\u00e9n s\u00e9 que es magn\u00e1nima y le ruego que entienda los motivos por los que eludiendo el protocolo, por primera vez, le pido ayuda con el cambio de servicio, y sobre todo, le subrayo mis vehementes deseos de trabajar en un turno diurno. Supongo que nunca habr\u00e1 oido hablar de m\u00ed. Me llamo Rick Cort\u00e9s y soy un simple cabo primero destinado en los muelles del Arsenal de Cartagena. Desde peque\u00f1o fantase\u00e9 con la idea de formar parte de la Armada Espa\u00f1ola, y mi sue\u00f1o se hizo realidad despu\u00e9s de hacer la instrucci\u00f3n, con muy buenos resultados, en San Fernando (C\u00e1diz) . He estado varias veces embarcado y me han llevado a varias zonas de conflicto. La diosa fortuna apart\u00f3 de mi camino la oportunidad de entrar en combate, pero puede decirse que he visto mundo. He viajado en el famoso buque Castilla. Incluso he tenido la enorme suerte de visitar el famoso buque escuela, Juan Sebasti\u00e1n Elcano. Me gusta pensar de m\u00ed mismo que soy un caballero espa\u00f1ol y que he sido educado con el buen gusto de las tradiciones decimon\u00f3nicas. Sin embargo, una de mis asignaturas pendientes es que no he podido ascender debido a mi falta de estudios superiores. A pesar de ese peque\u00f1o pecado original de mi juventud, los que me conocen me describen como una persona muy inteligente, culta y bien informada. Es cierto que en el pasado tambi\u00e9n he recibido ciertas cr\u00edticas, pero no quiero se haga una idea equivocada de m\u00ed. Por ese motivo, tengo que hacer un enorme esfuerzo para explicarle mi curriculum en profundidad, incluso necesito sacar a colaci\u00f3n la insospechada relaci\u00f3n entre el lejano conflicto del islote de perejil y el nuevo submarino de la Armada. Supongo, que como es obvio, usted recordar\u00e1 el breve conflicto con Marruecos por el peque\u00f1o territorio de perejil. Bien, pues yo fui uno de los soldados que fui movilizado para defender aquel peque\u00f1o rinc\u00f3n de nuestro maravilloso pa\u00eds. Eran otros tiempos, y yo, mucho m\u00e1s joven y est\u00fapido que ahora. Tanto es as\u00ed que formaba para de un cuerpo de \u00e9lite: la infanteria de marina. Ahora estoy gordo y calvo, y el ej\u00e9rcito me utiliza para menesteres m\u00e1s tediosos y menos hist\u00f3ricos, pero igualmente importantes. Mientras tanto, me han pasado muchas cosas, le confieso que he tenido de todo un poco. Incluso he publicado varios art\u00edculos en diferentes revistas relacionadas con el ej\u00e9rcito. Tal vez, eso se deba, a que en mis ratos libres, he le\u00eddo bastantes libros: desde Cervantes, hasta Quevedo. Me han gustado mucho Baroja y Per\u00e9z Gald\u00f3s. Y, por supuesto, no puedo olvidar ni a Valle-Incl\u00e1n ni a Larra. Pero mis preferidos son Machado y Lorca. Tambi\u00e9n le reconozco que he visto bastante cine: desde Bu\u00f1uel hasta Berlanga. En las tardes aburridas tambi\u00e9n me aventur\u00e9 a ver, una por una, las pel\u00edculas de Almod\u00f3var y Amen\u00e1bar. Mucho se ha hablado y se ha escrito sobre que Espa\u00f1a es diferente, pero hay que vivir aqu\u00ed y morir en esta inefable tierra, para comprender el alcance real y verdadero de esas palabras. En efecto, hay cosas que solo pueden suceder aqu\u00ed. Incluso han tenido que venir escritores de fuera como Hemingway para explicarle a las claras, el car\u00e1cter genuino del pueblo espa\u00f1ol, al resto del mundo. No quiero que se malinterprete el sentido \u00faltimo de esta misiva, pues no va en contra de ninguna instituci\u00f3n ni de nadie en particular. Es m\u00e1s, no me siento orgulloso de la situaci\u00f3n en la que me encuentro en la actualidad, y estoy haciendo \u00edmprobos esfuerzos por mejorarla. Pero reconozco que los \u00faltimos acontecimientos me han afectado psicol\u00f3gicamente, hasta tal punto, que no s\u00e9 cu\u00e1nto voy a tardar en recuperarme. No obstante, todav\u00eda estoy vivo y solo escribo estas l\u00edneas con la noble idea de conseguir ayuda y de paso, causar la carcajada de las m\u00e1s altas instancias, si es que todav\u00eda est\u00e1 permitido re\u00edr. Para empezar por el principio, tengo que se\u00f1alar que desde que ascend\u00ed a cabo primero, me he pasado muchos a\u00f1os vigilando el control de acceso de las instalaciones donde se guarda el nuevo submarino de la Armada llamado S-80. S\u00ed, supongo que habr\u00e1 o\u00eddo hablar de \u00e9l, porque fue el primer submarino del mundo con el dudoso honor de no poder flotar. Por supuesto que ese peque\u00f1o error de dise\u00f1o, al final, fue corregido con la ayuda de los americanos. Aunque tambi\u00e9n es verdad que hubo que alargarlo tanto \u2014de ah\u00ed su nuevo nombre S-80 Plus\u2014, que cuando finalmente flotaba, no cab\u00eda en los muelles. Y por lo tanto, una vez que se termin\u00f3 el buque tambi\u00e9n result\u00f3 necesario hacer una nueva obra para agrandar los muelles del Arsenal de Cartagena. Tampoco entiendo la lentitud de nuestro pa\u00eds a la hora de adquirir los F-35 para nuestro \u00fanico buque capaz de llevar aviones, a no ser que los pol\u00edticos quieran hacer deliberadamente \u2014en una versi\u00f3n militar de la \u00abcultura del pelotazo\u00bb\u2014una marina muy cara y moderna, pero totalmente inoperativa. Sin hacer ning\u00fan esfuerzo, me vienen al pensamiento ciertas obras de ingenier\u00eda civil, famosas por su inutilidad p\u00fablica, y cuya analog\u00eda castrense ser\u00eda un submarino que no puede flotar y un portaaviones sin aviones. Pero no quiero irme por las ramas. En efecto, la relaci\u00f3n entre el breve conflicto del islote de perejil y el nuevo submarino est\u00e1 relacionada con Francia, hasta entonces, uno de nuestros mejores aliados estrat\u00e9gicos. No en vano, antes de ese incidente Navantia, la famosa compa\u00f1\u00eda naval espa\u00f1ola, ten\u00eda un acuerdo de cooperaci\u00f3n con las empresas francesas para la construcci\u00f3n bajo licencia de submarinos franceses. Sin embargo, fueron los servicios de inteligencia espa\u00f1oles los que descubrieron una trama secreta entre Francia y Marruecos para adue\u00f1arse de ciertos territorios espa\u00f1oles, incluidas las ciudades de Ceuta y Melilla. No hace falta que le recuerde \u00e9pocas pret\u00e9ritas \u2014como el desastre de Annual\u2014 para mostrarle los peligros de subestimar al enemigo. En efecto, en aquel momento, el presidente Aznar se puso en contacto con su hom\u00f3logo americano y con su aprobaci\u00f3n, moviliz\u00f3 aquel grupo de fuerzas espaciales del que yo formaba parte, para lanzar un claro mensaje a Marruecos. De todo esto se deduce que Estados Unidos demostr\u00f3, en aquel momento, ser un aliado mucho m\u00e1s fiable que nuestros vecinos tanto los franceses como los marroqu\u00edes. Y el descubrimiento de aquella trama tuvo consecuencias: se rompi\u00f3 para siempre la cooperaci\u00f3n entre Navantia y las empresas francesas para la construcci\u00f3n de submarinos. Por eso me gustar\u00eda romper una lanza por el audaz proyecto espa\u00f1ol, que risotadas aparte, ya ha conseguido en la actualidad, que haya pa\u00edses interesados en la compra de dichos buques. Pero ahora es el momento de aclarar algo. \u00bfPor qu\u00e9 me han puesto a m\u00ed precisamente a vigilar el S-80 Plus? Por mi responsabilidad. Y es aqu\u00ed donde tengo que hablar del capit\u00e1n de nav\u00edo Medina. Muchas veces le he solicitado un cambio de turno, y mis s\u00faplicas siempre se han chocado de bruces con la misma barrera. El capit\u00e1n de nav\u00edo Medina no piensa cambiar lo que funciona bien. La verdad es que antes que estuviera yo entraron unos ladrones y robaron gran parte del cableado el\u00e9ctrico de la nave. No es broma. Sucedi\u00f3 de verdad. Puede usted consultar la hemeroteca digital si acaso duda de mi palabra. De hecho, la Polic\u00eda pudo recuperar gran parte de esta tecnolog\u00eda secreta en las chatarrer\u00edas de la zona, gracias a su car\u00e1cter singular, y al gran esfuerzo de investigaci\u00f3n que les llev\u00f3 hasta dar con los responsables. Pero tantas noches haciendo guardia, armado con el nuevo fusil de asalto del ej\u00e9rcito, me estaban pasando factura. Los que me conocen dir\u00e1n que las cosas que son malas no me gustan porque son malas y las cosas buenas porque no son para siempre. Pero al menos, tampoco hay cosas malas que duren para siempre. O al menos as\u00ed deber\u00eda de ser. La verdad es que la gente que observaba mi creciente aspecto demacrado, con una infinita condescendencia, me dec\u00eda que era malo trabajar siempre de noche. La verdad es que no le conozco, pero ya me cae usted bien. Incluso siento que estamos hablando entre caballeros, y tal vez por eso, me voy a tomar la libertad de hacerle un comentario sobre las bodegas del submarino. He observado que las celdas que lanzan misiles est\u00e1n vac\u00edas. Entiendo que debe ser un tema econ\u00f3mico y que cada misil Tomahawk vale un mill\u00f3n de d\u00f3lares, pero no comprendo entonces, para qu\u00e9 quiere nuestro pa\u00eds un submarino de \u00faltima tecnolog\u00eda, si no tiene capacidades estrat\u00e9gicas y las t\u00e1cticas est\u00e1n muy limitadas.<\/p>\n<p>Por el contrario, todo el mundo sabe que este problema con Marruecos no es solo un asunto del pasado. Es m\u00e1s, se est\u00e1 agravando en el presente. Tal vez debido al empeoramiento de la relaciones de Espa\u00f1a, con Estados Unidos, en esta nueva etapa. Y prueba de ello fue la reciente crisis migratoria en las fronteras de Ceuta y Melilla, en la que de nuevo se tuvieron que utilizar a los militares y que al final, se arregl\u00f3 gracias a la mediaci\u00f3n de la Uni\u00f3n Europea.<\/p>\n<p>Incluso me atrever\u00eda a insinuar que todas estas negligencias nos traer\u00e1n graves problemas en el futuro, pero por supuesto, yo carezco que la preparaci\u00f3n y de los medios con los que ustedes cuentan y todo podr\u00eda ser una falsa alarma. Es por eso, que aprovecho la ocasi\u00f3n para desearle unas felices fiestas. Y ya para terminar, solo decirle que me gustar\u00eda seguir siendo una persona \u00fatil para mi pa\u00eds, y por eso, me pongo a su completa disposici\u00f3n para un nuevo puesto diurno en otro lugar de la vasta geograf\u00eda nacional. De lo contrario, seguramente, ser\u00e9 expulsado con deshonor de la carrera militar, y solo servir\u00e9 para comer hamburguesas y engordar las cuentas de las farmac\u00e9uticas. De hecho, mi enfermedad y la de otros tantos cientos de miles de espa\u00f1olitos, tal vez un par de millones o m\u00e1s, me ha hecho pensar, que los jefes deber\u00edan hacer un esfuerzo de rescate, para no engordar los ingentes beneficios econ\u00f3micos de esas empresas que idiotizan a la gente. Pues de no ser as\u00ed, si no nos mata el virus, lo har\u00e1 el estr\u00e9s que provocan las situaciones injustas de trabajo. No en balde, pronto viviremos en un pa\u00eds de in\u00fatiles y adictos a las comidas basuras y a las pastillas. En mi caso en particular, desde luego, que ya tengo un nivel de adicci\u00f3n a determinados opi\u00e1ceos para dormir, y a muchos ansiol\u00edticos que poco o nada, aliviaban mi grave problema. Y esa enfermedad me la ha provocado el turno nocturno. Hasta que lleg\u00f3 el d\u00eda que ya no pude m\u00e1s. De tal manera, que ya llevaba m\u00e1s de cinco a\u00f1os, confinado en la guarder\u00eda del submarino en el turno de noche, cuando de nuevo, lleg\u00f3 el crudo invierno. No hay tortura peor que privar a una persona del sue\u00f1o y m\u00e1s todav\u00eda, hacerlo a base de condenarla al m\u00e1s puro estr\u00e9s t\u00e9rmico. Para empeorar la situaci\u00f3n, cuando llegaba a casa, la fiebre de las reformas provocada por la pandemia, hab\u00eda llevado a la vecina de arriba a iniciar una ruidosa obra que me provocaba un estado de ansiedad con el que ten\u00eda que luchar, para no volverme loco. Si a esto le sumamos el imparable aumento de la incidencia y la aparici\u00f3n de la nueva variante \u00d3micron, el resultado es obvio: debido a la falta de sue\u00f1o y al enorme cansancio que me abrumaba, cada d\u00eda me costaba m\u00e1s esfuerzo no solo ir a trabajar, sino hacer las cosas m\u00e1s b\u00e1sicas: como son comer, dormir o mantener relaciones sociales. Para terminar de empeorar la situaci\u00f3n, de repente, como coordinados por una desidia colectiva todos los compa\u00f1eros comenzaron a llegarrme tarde, y eso fue la gota que colm\u00f3 el vaso: un buen d\u00eda explot\u00e9, me fui al teniente m\u00e9dico y le solicit\u00e9 la baja por ansiedad.<\/p>\n<p>Fue entonces cuando decid\u00ed darme una alegr\u00eda para el cuerpo porque necesitaba desconectar. Hab\u00eda un pub liberal en Jerez de la Frontera, uno de esos en los que se produce el intercambio de parejas, y me anim\u00e9 a ir para tomarme una copa. El problema era obvio: yo no ten\u00eda pareja, por lo que, r\u00e1pidamente, me qued\u00e9 al margen de la actividad y solo pude beber hasta emborracharme hablando con una guapa camarera. Fue ella la que me habl\u00f3 de una amiga suya llamada Macarena y me pidi\u00f3 que le diera una foto m\u00eda. Despu\u00e9s me dijo que si cumpl\u00eda una serie de requisitos: no ir bebido, asearme mucho y ser divertido, tal vez, pod\u00eda darme el tel\u00e9fono de esa maravillosa mujer con una belleza sin parang\u00f3n. Por lo visto, Macarena se acostar\u00eda conmigo por una m\u00f3dica cantidad, solo si le gustaba f\u00edsicamente, y lo har\u00eda cuando su marido no estuviera en su casa. Aparte de la valiosa informaci\u00f3n que me hab\u00eda proporcionado, me hab\u00eda ca\u00eddo bien la chica y como se dedicaba a vender copas, continu\u00e9 bebiendo para seguir hablando con ella. Luego con la borrachera le coment\u00e9 algo de mis problemas de trabajo. \u00bfPor qu\u00e9 no pides el turno de ma\u00f1ana? Me dijo la camarera con la mayor inocencia. Por otra parte, el capit\u00e1n de nav\u00edo Medina me comentaba siempre lo mismo: todo el mundo quiere el turno de ma\u00f1ana, y aunque lo solicites mil veces nunca te lo voy a dar. Es m\u00e1s, hab\u00eda escuchado cientos de veces, a mi jefe, exponerme todo tipo de pretextos para negarme el acceso a un turno diurno, uno de esos en los que se puede estar sentado y calentito. Sus excusas iban desde que no cumpl\u00eda el perfil, hasta que otras personas ten\u00edan prioridad sobre m\u00ed, bien porque eran claramente enchufados, o porque se hab\u00edan beneficiado de turnos preferentes debido a la conciliaci\u00f3n familiar. Pero volviendo al tema de la extraordinaria mujer que conoc\u00ed a trav\u00e9s de la camarera, le dir\u00e9 algo: no me sonrojo si le digo que fui testigo, en primera persona, de lo que disfrutaba en la cama, cuando fui a verla y mantuve relaciones sexuales con ella. Aquella mujer era adictiva por varias razones: no solo era muy joven y bella, hasta podr\u00eda calificarla de preciosa, adem\u00e1s disfrutaba al m\u00e1ximo del sexo cuando alguien se lo sab\u00eda hacer bien. Por supuesto, que no hab\u00eda nada malo en ello. \u00bfQu\u00e9 malo es que a alguien le guste su trabajo? Es m\u00e1s, admito que sal\u00ed del abrazo de sus j\u00f3venes piernas muy agradecido. Incluso me di cuenta que a ella no le desagradar\u00eda volver a verme. Sin embargo, me puse muy nervioso cuando observ\u00e9 la foto de su boda en la mesilla de noche. Tuve que parpadear dos veces cuando descubr\u00ed que era la joven esposa del capit\u00e1n de nav\u00edo Medina. Menos todav\u00eda pod\u00eda esperar su cruda respuesta, cuando le pregunt\u00e9 si pod\u00eda volver a verla: \u00abTe advierto que solo me gusta trabajar de puta por las ma\u00f1anas\u00bb.<\/p>","protected":false},"excerpt":{"rendered":"<p>Querido almirante: En primer lugar, quiero presentarle todos mis respetos. En segundo lugar, le ruego que para evitar malsanas pol\u00e9micas, guarde discreci\u00f3n de los pormenores que se narran en esta carta, pues no hay peor pandemia que la maledicencia y los cuchicheos de la gente vulgar. No voy a mentirle: [&hellip;]<\/p>\n","protected":false},"author":294,"featured_media":41449,"comment_status":"closed","ping_status":"closed","sticky":false,"template":"","format":"standard","meta":{"footnotes":""},"categories":[3908],"tags":[],"class_list":["post-56097","post","type-post","status-publish","format-standard","has-post-thumbnail","hentry","category-la-bodeguita-de-hemingway"],"yoast_head":"<!-- This site is optimized with the Yoast SEO plugin v27.5 - https:\/\/yoast.com\/product\/yoast-seo-wordpress\/ -->\n<title>El turno preferido (una reflexi\u00f3n de un soldado de \u00e9lite) - Revista Rambla<\/title>\n<meta name=\"robots\" content=\"index, follow, max-snippet:-1, max-image-preview:large, max-video-preview:-1\" \/>\n<link rel=\"canonical\" href=\"https:\/\/www.revistarambla.com\/en\/el-turno-preferido-una-reflexion-de-un-soldado-de-elite\/\" \/>\n<meta property=\"og:locale\" content=\"en_GB\" \/>\n<meta property=\"og:type\" content=\"article\" \/>\n<meta property=\"og:title\" content=\"El turno preferido (una reflexi\u00f3n de un soldado de \u00e9lite) - Revista Rambla\" \/>\n<meta property=\"og:description\" content=\"Querido almirante: En primer lugar, quiero presentarle todos mis respetos. En segundo lugar, le ruego que para evitar malsanas pol\u00e9micas, guarde discreci\u00f3n de los pormenores que se narran en esta carta, pues no hay peor pandemia que la maledicencia y los cuchicheos de la gente vulgar. No voy a mentirle: [&hellip;]\" \/>\n<meta property=\"og:url\" content=\"https:\/\/www.revistarambla.com\/en\/el-turno-preferido-una-reflexion-de-un-soldado-de-elite\/\" \/>\n<meta property=\"og:site_name\" content=\"Revista Rambla\" \/>\n<meta property=\"article:publisher\" content=\"https:\/\/www.facebook.com\/revistarambla\/\" \/>\n<meta property=\"article:published_time\" content=\"2023-07-27T17:41:12+00:00\" \/>\n<meta property=\"article:modified_time\" content=\"2023-07-27T18:52:55+00:00\" \/>\n<meta property=\"og:image\" content=\"https:\/\/www.revistarambla.com\/wp-content\/uploads\/2022\/04\/buque-armada-militares-ysabel-marina-ejercito.jpg\" \/>\n\t<meta property=\"og:image:width\" content=\"2032\" \/>\n\t<meta property=\"og:image:height\" content=\"1355\" \/>\n\t<meta property=\"og:image:type\" content=\"image\/jpeg\" \/>\n<meta name=\"author\" content=\"Jos\u00e9 Antonio Gamero Romero\" \/>\n<meta name=\"twitter:card\" content=\"summary_large_image\" \/>\n<meta name=\"twitter:creator\" content=\"@revistarambla\" \/>\n<meta name=\"twitter:site\" content=\"@revistarambla\" \/>\n<meta name=\"twitter:label1\" content=\"Written by\" \/>\n\t<meta name=\"twitter:data1\" content=\"Jos\u00e9 Antonio Gamero Romero\" \/>\n\t<meta name=\"twitter:label2\" content=\"Estimated reading time\" \/>\n\t<meta name=\"twitter:data2\" content=\"13 minutes\" \/>\n<script type=\"application\/ld+json\" class=\"yoast-schema-graph\">{\"@context\":\"https:\\\/\\\/schema.org\",\"@graph\":[{\"@type\":\"Article\",\"@id\":\"https:\\\/\\\/www.revistarambla.com\\\/el-turno-preferido-una-reflexion-de-un-soldado-de-elite\\\/#article\",\"isPartOf\":{\"@id\":\"https:\\\/\\\/www.revistarambla.com\\\/el-turno-preferido-una-reflexion-de-un-soldado-de-elite\\\/\"},\"author\":{\"name\":\"Jos\u00e9 Antonio Gamero Romero\",\"@id\":\"https:\\\/\\\/www.revistarambla.com\\\/#\\\/schema\\\/person\\\/94294f57cf4910853e3280fda7339bfc\"},\"headline\":\"El turno preferido (una reflexi\u00f3n de un soldado de \u00e9lite)\",\"datePublished\":\"2023-07-27T17:41:12+00:00\",\"dateModified\":\"2023-07-27T18:52:55+00:00\",\"mainEntityOfPage\":{\"@id\":\"https:\\\/\\\/www.revistarambla.com\\\/el-turno-preferido-una-reflexion-de-un-soldado-de-elite\\\/\"},\"wordCount\":2870,\"publisher\":{\"@id\":\"https:\\\/\\\/www.revistarambla.com\\\/#organization\"},\"image\":{\"@id\":\"https:\\\/\\\/www.revistarambla.com\\\/el-turno-preferido-una-reflexion-de-un-soldado-de-elite\\\/#primaryimage\"},\"thumbnailUrl\":\"https:\\\/\\\/www.revistarambla.com\\\/wp-content\\\/uploads\\\/2022\\\/04\\\/buque-armada-militares-ysabel-marina-ejercito.jpg\",\"articleSection\":[\"La bodeguita de Hemingway\"],\"inLanguage\":\"en-GB\"},{\"@type\":\"WebPage\",\"@id\":\"https:\\\/\\\/www.revistarambla.com\\\/el-turno-preferido-una-reflexion-de-un-soldado-de-elite\\\/\",\"url\":\"https:\\\/\\\/www.revistarambla.com\\\/el-turno-preferido-una-reflexion-de-un-soldado-de-elite\\\/\",\"name\":\"El turno preferido (una reflexi\u00f3n de un soldado de \u00e9lite) - Revista Rambla\",\"isPartOf\":{\"@id\":\"https:\\\/\\\/www.revistarambla.com\\\/#website\"},\"primaryImageOfPage\":{\"@id\":\"https:\\\/\\\/www.revistarambla.com\\\/el-turno-preferido-una-reflexion-de-un-soldado-de-elite\\\/#primaryimage\"},\"image\":{\"@id\":\"https:\\\/\\\/www.revistarambla.com\\\/el-turno-preferido-una-reflexion-de-un-soldado-de-elite\\\/#primaryimage\"},\"thumbnailUrl\":\"https:\\\/\\\/www.revistarambla.com\\\/wp-content\\\/uploads\\\/2022\\\/04\\\/buque-armada-militares-ysabel-marina-ejercito.jpg\",\"datePublished\":\"2023-07-27T17:41:12+00:00\",\"dateModified\":\"2023-07-27T18:52:55+00:00\",\"breadcrumb\":{\"@id\":\"https:\\\/\\\/www.revistarambla.com\\\/el-turno-preferido-una-reflexion-de-un-soldado-de-elite\\\/#breadcrumb\"},\"inLanguage\":\"en-GB\",\"potentialAction\":[{\"@type\":\"ReadAction\",\"target\":[\"https:\\\/\\\/www.revistarambla.com\\\/el-turno-preferido-una-reflexion-de-un-soldado-de-elite\\\/\"]}]},{\"@type\":\"ImageObject\",\"inLanguage\":\"en-GB\",\"@id\":\"https:\\\/\\\/www.revistarambla.com\\\/el-turno-preferido-una-reflexion-de-un-soldado-de-elite\\\/#primaryimage\",\"url\":\"https:\\\/\\\/www.revistarambla.com\\\/wp-content\\\/uploads\\\/2022\\\/04\\\/buque-armada-militares-ysabel-marina-ejercito.jpg\",\"contentUrl\":\"https:\\\/\\\/www.revistarambla.com\\\/wp-content\\\/uploads\\\/2022\\\/04\\\/buque-armada-militares-ysabel-marina-ejercito.jpg\",\"width\":2032,\"height\":1355,\"caption\":\"buque armada militares ysabel marina ejercito\"},{\"@type\":\"BreadcrumbList\",\"@id\":\"https:\\\/\\\/www.revistarambla.com\\\/el-turno-preferido-una-reflexion-de-un-soldado-de-elite\\\/#breadcrumb\",\"itemListElement\":[{\"@type\":\"ListItem\",\"position\":1,\"name\":\"Portada\",\"item\":\"https:\\\/\\\/www.revistarambla.com\\\/\"},{\"@type\":\"ListItem\",\"position\":2,\"name\":\"El turno preferido (una reflexi\u00f3n de un soldado de \u00e9lite)\"}]},{\"@type\":\"WebSite\",\"@id\":\"https:\\\/\\\/www.revistarambla.com\\\/#website\",\"url\":\"https:\\\/\\\/www.revistarambla.com\\\/\",\"name\":\"Revista Rambla Barcelona\",\"description\":\"Periodismo independiente\",\"publisher\":{\"@id\":\"https:\\\/\\\/www.revistarambla.com\\\/#organization\"},\"potentialAction\":[{\"@type\":\"SearchAction\",\"target\":{\"@type\":\"EntryPoint\",\"urlTemplate\":\"https:\\\/\\\/www.revistarambla.com\\\/?s={search_term_string}\"},\"query-input\":{\"@type\":\"PropertyValueSpecification\",\"valueRequired\":true,\"valueName\":\"search_term_string\"}}],\"inLanguage\":\"en-GB\"},{\"@type\":\"Organization\",\"@id\":\"https:\\\/\\\/www.revistarambla.com\\\/#organization\",\"name\":\"Revista Rambla\",\"url\":\"https:\\\/\\\/www.revistarambla.com\\\/\",\"logo\":{\"@type\":\"ImageObject\",\"inLanguage\":\"en-GB\",\"@id\":\"https:\\\/\\\/www.revistarambla.com\\\/#\\\/schema\\\/logo\\\/image\\\/\",\"url\":\"https:\\\/\\\/www.revistarambla.com\\\/wp-content\\\/uploads\\\/2020\\\/09\\\/banner_rambla_1900x600_BB.png\",\"contentUrl\":\"https:\\\/\\\/www.revistarambla.com\\\/wp-content\\\/uploads\\\/2020\\\/09\\\/banner_rambla_1900x600_BB.png\",\"width\":1900,\"height\":600,\"caption\":\"Revista Rambla\"},\"image\":{\"@id\":\"https:\\\/\\\/www.revistarambla.com\\\/#\\\/schema\\\/logo\\\/image\\\/\"},\"sameAs\":[\"https:\\\/\\\/www.facebook.com\\\/revistarambla\\\/\",\"https:\\\/\\\/x.com\\\/revistarambla\",\"https:\\\/\\\/www.instagram.com\\\/revista_rambla\",\"https:\\\/\\\/es.linkedin.com\\\/company\\\/revista-rambla\"]},{\"@type\":\"Person\",\"@id\":\"https:\\\/\\\/www.revistarambla.com\\\/#\\\/schema\\\/person\\\/94294f57cf4910853e3280fda7339bfc\",\"name\":\"Jos\u00e9 Antonio Gamero Romero\",\"description\":\"Escritor sevillano finalista del premio Azor\u00edn 2014. Ha publicado en diferentes revistas como Culturamas, E\u00f1e, Visor, etc. Sus libros son: 'La invenci\u00f3n de los gigantes' (Buc\u00e9falo 2016); 'Literatura tridimensional' (Adarve 2018); 'S\u00f3crates no vino a Espa\u00f1a' (Samarcanda 2018); 'La rep\u00fablica del fin del mundo' (Tandaia 2018) y 'La bodeguita de Hemingway'.\"}]}<\/script>\n<!-- \/ Yoast SEO plugin. -->","yoast_head_json":{"title":"El turno preferido (una reflexi\u00f3n de un soldado de \u00e9lite) - Revista Rambla","robots":{"index":"index","follow":"follow","max-snippet":"max-snippet:-1","max-image-preview":"max-image-preview:large","max-video-preview":"max-video-preview:-1"},"canonical":"https:\/\/www.revistarambla.com\/en\/el-turno-preferido-una-reflexion-de-un-soldado-de-elite\/","og_locale":"en_GB","og_type":"article","og_title":"El turno preferido (una reflexi\u00f3n de un soldado de \u00e9lite) - Revista Rambla","og_description":"Querido almirante: En primer lugar, quiero presentarle todos mis respetos. En segundo lugar, le ruego que para evitar malsanas pol\u00e9micas, guarde discreci\u00f3n de los pormenores que se narran en esta carta, pues no hay peor pandemia que la maledicencia y los cuchicheos de la gente vulgar. No voy a mentirle: [&hellip;]","og_url":"https:\/\/www.revistarambla.com\/en\/el-turno-preferido-una-reflexion-de-un-soldado-de-elite\/","og_site_name":"Revista Rambla","article_publisher":"https:\/\/www.facebook.com\/revistarambla\/","article_published_time":"2023-07-27T17:41:12+00:00","article_modified_time":"2023-07-27T18:52:55+00:00","og_image":[{"width":2032,"height":1355,"url":"https:\/\/www.revistarambla.com\/wp-content\/uploads\/2022\/04\/buque-armada-militares-ysabel-marina-ejercito.jpg","type":"image\/jpeg"}],"author":"Jos\u00e9 Antonio Gamero Romero","twitter_card":"summary_large_image","twitter_creator":"@revistarambla","twitter_site":"@revistarambla","twitter_misc":{"Written by":"Jos\u00e9 Antonio Gamero Romero","Estimated reading time":"13 minutes"},"schema":{"@context":"https:\/\/schema.org","@graph":[{"@type":"Article","@id":"https:\/\/www.revistarambla.com\/el-turno-preferido-una-reflexion-de-un-soldado-de-elite\/#article","isPartOf":{"@id":"https:\/\/www.revistarambla.com\/el-turno-preferido-una-reflexion-de-un-soldado-de-elite\/"},"author":{"name":"Jos\u00e9 Antonio Gamero Romero","@id":"https:\/\/www.revistarambla.com\/#\/schema\/person\/94294f57cf4910853e3280fda7339bfc"},"headline":"El turno preferido (una reflexi\u00f3n de un soldado de \u00e9lite)","datePublished":"2023-07-27T17:41:12+00:00","dateModified":"2023-07-27T18:52:55+00:00","mainEntityOfPage":{"@id":"https:\/\/www.revistarambla.com\/el-turno-preferido-una-reflexion-de-un-soldado-de-elite\/"},"wordCount":2870,"publisher":{"@id":"https:\/\/www.revistarambla.com\/#organization"},"image":{"@id":"https:\/\/www.revistarambla.com\/el-turno-preferido-una-reflexion-de-un-soldado-de-elite\/#primaryimage"},"thumbnailUrl":"https:\/\/www.revistarambla.com\/wp-content\/uploads\/2022\/04\/buque-armada-militares-ysabel-marina-ejercito.jpg","articleSection":["La bodeguita de Hemingway"],"inLanguage":"en-GB"},{"@type":"WebPage","@id":"https:\/\/www.revistarambla.com\/el-turno-preferido-una-reflexion-de-un-soldado-de-elite\/","url":"https:\/\/www.revistarambla.com\/el-turno-preferido-una-reflexion-de-un-soldado-de-elite\/","name":"El turno preferido (una reflexi\u00f3n de un soldado de \u00e9lite) - Revista Rambla","isPartOf":{"@id":"https:\/\/www.revistarambla.com\/#website"},"primaryImageOfPage":{"@id":"https:\/\/www.revistarambla.com\/el-turno-preferido-una-reflexion-de-un-soldado-de-elite\/#primaryimage"},"image":{"@id":"https:\/\/www.revistarambla.com\/el-turno-preferido-una-reflexion-de-un-soldado-de-elite\/#primaryimage"},"thumbnailUrl":"https:\/\/www.revistarambla.com\/wp-content\/uploads\/2022\/04\/buque-armada-militares-ysabel-marina-ejercito.jpg","datePublished":"2023-07-27T17:41:12+00:00","dateModified":"2023-07-27T18:52:55+00:00","breadcrumb":{"@id":"https:\/\/www.revistarambla.com\/el-turno-preferido-una-reflexion-de-un-soldado-de-elite\/#breadcrumb"},"inLanguage":"en-GB","potentialAction":[{"@type":"ReadAction","target":["https:\/\/www.revistarambla.com\/el-turno-preferido-una-reflexion-de-un-soldado-de-elite\/"]}]},{"@type":"ImageObject","inLanguage":"en-GB","@id":"https:\/\/www.revistarambla.com\/el-turno-preferido-una-reflexion-de-un-soldado-de-elite\/#primaryimage","url":"https:\/\/www.revistarambla.com\/wp-content\/uploads\/2022\/04\/buque-armada-militares-ysabel-marina-ejercito.jpg","contentUrl":"https:\/\/www.revistarambla.com\/wp-content\/uploads\/2022\/04\/buque-armada-militares-ysabel-marina-ejercito.jpg","width":2032,"height":1355,"caption":"buque armada militares ysabel marina ejercito"},{"@type":"BreadcrumbList","@id":"https:\/\/www.revistarambla.com\/el-turno-preferido-una-reflexion-de-un-soldado-de-elite\/#breadcrumb","itemListElement":[{"@type":"ListItem","position":1,"name":"Portada","item":"https:\/\/www.revistarambla.com\/"},{"@type":"ListItem","position":2,"name":"El turno preferido (una reflexi\u00f3n de un soldado de \u00e9lite)"}]},{"@type":"WebSite","@id":"https:\/\/www.revistarambla.com\/#website","url":"https:\/\/www.revistarambla.com\/","name":"Revista Rambla Barcelona","description":"Periodismo independiente","publisher":{"@id":"https:\/\/www.revistarambla.com\/#organization"},"potentialAction":[{"@type":"SearchAction","target":{"@type":"EntryPoint","urlTemplate":"https:\/\/www.revistarambla.com\/?s={search_term_string}"},"query-input":{"@type":"PropertyValueSpecification","valueRequired":true,"valueName":"search_term_string"}}],"inLanguage":"en-GB"},{"@type":"Organization","@id":"https:\/\/www.revistarambla.com\/#organization","name":"Revista Rambla","url":"https:\/\/www.revistarambla.com\/","logo":{"@type":"ImageObject","inLanguage":"en-GB","@id":"https:\/\/www.revistarambla.com\/#\/schema\/logo\/image\/","url":"https:\/\/www.revistarambla.com\/wp-content\/uploads\/2020\/09\/banner_rambla_1900x600_BB.png","contentUrl":"https:\/\/www.revistarambla.com\/wp-content\/uploads\/2020\/09\/banner_rambla_1900x600_BB.png","width":1900,"height":600,"caption":"Revista Rambla"},"image":{"@id":"https:\/\/www.revistarambla.com\/#\/schema\/logo\/image\/"},"sameAs":["https:\/\/www.facebook.com\/revistarambla\/","https:\/\/x.com\/revistarambla","https:\/\/www.instagram.com\/revista_rambla","https:\/\/es.linkedin.com\/company\/revista-rambla"]},{"@type":"Person","@id":"https:\/\/www.revistarambla.com\/#\/schema\/person\/94294f57cf4910853e3280fda7339bfc","name":"Jos\u00e9 Antonio Gamero Romero","description":"Escritor sevillano finalista del premio Azor\u00edn 2014. Ha publicado en diferentes revistas como Culturamas, E\u00f1e, Visor, etc. Sus libros son: 'La invenci\u00f3n de los gigantes' (Buc\u00e9falo 2016); 'Literatura tridimensional' (Adarve 2018); 'S\u00f3crates no vino a Espa\u00f1a' (Samarcanda 2018); 'La rep\u00fablica del fin del mundo' (Tandaia 2018) y 'La bodeguita de Hemingway'."}]}},"_links":{"self":[{"href":"https:\/\/www.revistarambla.com\/en\/wp-json\/wp\/v2\/posts\/56097","targetHints":{"allow":["GET"]}}],"collection":[{"href":"https:\/\/www.revistarambla.com\/en\/wp-json\/wp\/v2\/posts"}],"about":[{"href":"https:\/\/www.revistarambla.com\/en\/wp-json\/wp\/v2\/types\/post"}],"author":[{"embeddable":true,"href":"https:\/\/www.revistarambla.com\/en\/wp-json\/wp\/v2\/users\/294"}],"replies":[{"embeddable":true,"href":"https:\/\/www.revistarambla.com\/en\/wp-json\/wp\/v2\/comments?post=56097"}],"version-history":[{"count":3,"href":"https:\/\/www.revistarambla.com\/en\/wp-json\/wp\/v2\/posts\/56097\/revisions"}],"predecessor-version":[{"id":56100,"href":"https:\/\/www.revistarambla.com\/en\/wp-json\/wp\/v2\/posts\/56097\/revisions\/56100"}],"wp:featuredmedia":[{"embeddable":true,"href":"https:\/\/www.revistarambla.com\/en\/wp-json\/wp\/v2\/media\/41449"}],"wp:attachment":[{"href":"https:\/\/www.revistarambla.com\/en\/wp-json\/wp\/v2\/media?parent=56097"}],"wp:term":[{"taxonomy":"category","embeddable":true,"href":"https:\/\/www.revistarambla.com\/en\/wp-json\/wp\/v2\/categories?post=56097"},{"taxonomy":"post_tag","embeddable":true,"href":"https:\/\/www.revistarambla.com\/en\/wp-json\/wp\/v2\/tags?post=56097"}],"curies":[{"name":"wp","href":"https:\/\/api.w.org\/{rel}","templated":true}]}}