{"id":55928,"date":"2023-07-12T12:33:25","date_gmt":"2023-07-12T10:33:25","guid":{"rendered":"https:\/\/www.revistarambla.com\/?p=55928"},"modified":"2023-07-13T19:45:07","modified_gmt":"2023-07-13T17:45:07","slug":"la-democracia-invertebrada-del-estado-espanol","status":"publish","type":"post","link":"https:\/\/www.revistarambla.com\/en\/la-democracia-invertebrada-del-estado-espanol\/","title":{"rendered":"La democracia invertebrada del Estado espa\u00f1ol"},"content":{"rendered":"<p>Para entender las claves de la crisis de la democracia formal espa\u00f1ola, habr\u00eda que recurrir al fil\u00f3sofo y ensayista Jos\u00e9 Ortega y Gasset, quien en su ensayo \u00abLa Espa\u00f1a invertebrada\u00bb publicada en 1921, realiza un exhaustivo an\u00e1lisis de la crisis social y pol\u00edtica de su \u00e9poca. As\u00ed, estar\u00edamos asistiendo a un nuevo escenario de \u00abinvertebraci\u00f3n hist\u00f3rica\u00bb cuya casu\u00edstica podr\u00edamos ordenar en tres estratos diferentes siguiendo el esquema orteganiano.<\/p>\n<p>En la epidermis exeg\u00e9tica, seg\u00fan Ortega, estar\u00edan \u00ablos errores y abusos pol\u00edticos, as\u00ed como los defectos de la forma de gobierno\u00bb, lo que, trasladado al escenario pol\u00edtico actual, se traducir\u00eda en los errores pol\u00edticos del Gobierno de S\u00e1nchez. As\u00ed, su incapacidad para lograr la sincron\u00eda con su socio Podemos, as\u00ed como para hacer frente a la estrategia dise\u00f1ada por la fundaci\u00f3n FAES basada en el renacimiento de ETA y en la sombra de pucherazo electoral, habr\u00eda permitido a PP y Vox una victoria arrolladora en las recientes elecciones municipales y auton\u00f3micas.<\/p>\n<p>En una siguiente capa o dermis exeg\u00e9tica, encontramos el fen\u00f3meno de la disgregaci\u00f3n o \u00abparticularismos\u00bb en el l\u00e9xico orteganiano y que tendr\u00eda su reflejo pol\u00edtico en los movimientos independentistas o soberanistas vascos y catalanes. As\u00ed, seg\u00fan Ortega, \u00abLa esencia del particularismo es que cada grupo deja de sentirse a s\u00ed mismo como parte de un todo y en consecuencia, deja de compartir los sentimientos de los dem\u00e1s\u00bb.<\/p>\n<p>Sin embargo, a esta actitud pol\u00edtica se opondr\u00eda, seg\u00fan Ortega, la \u00abfaena de totalizaci\u00f3n\u00bb, concepto que podr\u00eda traducirse como un proceso incorporativo en el cual los diferentes grupos sociales quedar\u00edan integrados como partes de un todo (Espa\u00f1a), tesis defendida por partidos como PP y Vox mientras el PSOE y Sumar estar\u00edan sumidos en un agujero existencial. Seg\u00fan Ortega, \u00abla potencia verdaderamente sustantiva que impulsa y nutre el proceso de totalizaci\u00f3n es siempre un dogma nacional, un proyecto sugestivo de vida en com\u00fan\u00bb.<\/p>\n<p>Finalmente, llegamos a la tercera capa o subcutis exeg\u00e9tica, titulada por Ortega como \u00abaristofobia o miedo a los mejores\u00bb. Seg\u00fan sus palabras, \u00abla rebeli\u00f3n sentimental de las masas, el odio a los mejores y la escasez de los mismos en la pol\u00edtica ser\u00eda la verdadera raz\u00f3n del gran fracaso hisp\u00e1nico\u00bb. Como soluci\u00f3n, al final del ensayo, Ortega apunta al \u00abimperativo de la selecci\u00f3n que debiera gobernar los esp\u00edritus y orientar las voluntades y usando de ella, como de un cincel, ponerse a forjar un nuevo tipo de hombre espa\u00f1ol\u00bb.<\/p>\n<p>Sin embargo, dicha utop\u00eda deber\u00e1 esperar a que un determinado n\u00famero de personas en el Estado espa\u00f1ol (Masa Cr\u00edtica), alcance una conciencia m\u00e1s elevada, momento en que el individuo es capaz ya de realizar un salto evolutivo y lograr un cambio de mentalidad. Dicha tesis es conocida como \u201cTeor\u00eda del Cent\u00e9simo Mono\u201d y fue citada por el bi\u00f3logo Lyan Watson en su obra \u201cLifetide\u201d publicada en 1.979, por lo que se antoja inevitable un proceso de catarsis y posterior metanoia colectiva en el Estado espa\u00f1ol.<\/p>","protected":false},"excerpt":{"rendered":"<p>Para entender las claves de la crisis de la democracia formal espa\u00f1ola, habr\u00eda que recurrir al fil\u00f3sofo y ensayista Jos\u00e9 Ortega y Gasset, quien en su ensayo \u00abLa Espa\u00f1a invertebrada\u00bb publicada en 1921, realiza un exhaustivo an\u00e1lisis de la crisis social y pol\u00edtica de su \u00e9poca. As\u00ed, estar\u00edamos asistiendo a [&hellip;]<\/p>\n","protected":false},"author":16,"featured_media":55929,"comment_status":"closed","ping_status":"closed","sticky":false,"template":"","format":"standard","meta":{"footnotes":""},"categories":[72],"tags":[],"class_list":["post-55928","post","type-post","status-publish","format-standard","has-post-thumbnail","hentry","category-opinion"],"yoast_head":"<!-- This site is optimized with the Yoast SEO plugin v27.5 - https:\/\/yoast.com\/product\/yoast-seo-wordpress\/ -->\n<title>La democracia invertebrada del Estado espa\u00f1ol - Revista Rambla<\/title>\n<meta name=\"robots\" content=\"index, follow, max-snippet:-1, max-image-preview:large, max-video-preview:-1\" \/>\n<link rel=\"canonical\" href=\"https:\/\/www.revistarambla.com\/en\/la-democracia-invertebrada-del-estado-espanol\/\" \/>\n<meta property=\"og:locale\" content=\"en_GB\" \/>\n<meta property=\"og:type\" content=\"article\" \/>\n<meta property=\"og:title\" content=\"La democracia invertebrada del Estado espa\u00f1ol - Revista Rambla\" \/>\n<meta property=\"og:description\" content=\"Para entender las claves de la crisis de la democracia formal espa\u00f1ola, habr\u00eda que recurrir al fil\u00f3sofo y ensayista Jos\u00e9 Ortega y Gasset, quien en su ensayo \u00abLa Espa\u00f1a invertebrada\u00bb publicada en 1921, realiza un exhaustivo an\u00e1lisis de la crisis social y pol\u00edtica de su \u00e9poca. As\u00ed, estar\u00edamos asistiendo a [&hellip;]\" \/>\n<meta property=\"og:url\" content=\"https:\/\/www.revistarambla.com\/en\/la-democracia-invertebrada-del-estado-espanol\/\" \/>\n<meta property=\"og:site_name\" content=\"Revista Rambla\" \/>\n<meta property=\"article:publisher\" content=\"https:\/\/www.facebook.com\/revistarambla\/\" \/>\n<meta property=\"article:published_time\" content=\"2023-07-12T10:33:25+00:00\" \/>\n<meta property=\"article:modified_time\" content=\"2023-07-13T17:45:07+00:00\" \/>\n<meta property=\"og:image\" content=\"https:\/\/www.revistarambla.com\/wp-content\/uploads\/2023\/07\/gran-via-calle-mas-transitada.jpg\" \/>\n\t<meta property=\"og:image:width\" content=\"1200\" \/>\n\t<meta property=\"og:image:height\" content=\"700\" \/>\n\t<meta property=\"og:image:type\" content=\"image\/jpeg\" \/>\n<meta name=\"author\" content=\"Germ\u00e1n Gorraiz L\u00f3pez\" \/>\n<meta name=\"twitter:card\" content=\"summary_large_image\" \/>\n<meta name=\"twitter:creator\" content=\"@revistarambla\" \/>\n<meta name=\"twitter:site\" content=\"@revistarambla\" \/>\n<meta name=\"twitter:label1\" content=\"Written by\" \/>\n\t<meta name=\"twitter:data1\" content=\"Germ\u00e1n Gorraiz L\u00f3pez\" \/>\n\t<meta name=\"twitter:label2\" content=\"Estimated reading time\" \/>\n\t<meta name=\"twitter:data2\" content=\"3 minutes\" \/>\n<script type=\"application\/ld+json\" class=\"yoast-schema-graph\">{\"@context\":\"https:\\\/\\\/schema.org\",\"@graph\":[{\"@type\":\"Article\",\"@id\":\"https:\\\/\\\/www.revistarambla.com\\\/la-democracia-invertebrada-del-estado-espanol\\\/#article\",\"isPartOf\":{\"@id\":\"https:\\\/\\\/www.revistarambla.com\\\/la-democracia-invertebrada-del-estado-espanol\\\/\"},\"author\":{\"name\":\"Germ\u00e1n Gorraiz L\u00f3pez\",\"@id\":\"https:\\\/\\\/www.revistarambla.com\\\/#\\\/schema\\\/person\\\/23a7868ff10cd88f8fdb045c7b7e4a4d\"},\"headline\":\"La democracia invertebrada del Estado espa\u00f1ol\",\"datePublished\":\"2023-07-12T10:33:25+00:00\",\"dateModified\":\"2023-07-13T17:45:07+00:00\",\"mainEntityOfPage\":{\"@id\":\"https:\\\/\\\/www.revistarambla.com\\\/la-democracia-invertebrada-del-estado-espanol\\\/\"},\"wordCount\":550,\"publisher\":{\"@id\":\"https:\\\/\\\/www.revistarambla.com\\\/#organization\"},\"image\":{\"@id\":\"https:\\\/\\\/www.revistarambla.com\\\/la-democracia-invertebrada-del-estado-espanol\\\/#primaryimage\"},\"thumbnailUrl\":\"https:\\\/\\\/www.revistarambla.com\\\/wp-content\\\/uploads\\\/2023\\\/07\\\/gran-via-calle-mas-transitada.jpg\",\"articleSection\":[\"Opiniones\"],\"inLanguage\":\"en-GB\"},{\"@type\":\"WebPage\",\"@id\":\"https:\\\/\\\/www.revistarambla.com\\\/la-democracia-invertebrada-del-estado-espanol\\\/\",\"url\":\"https:\\\/\\\/www.revistarambla.com\\\/la-democracia-invertebrada-del-estado-espanol\\\/\",\"name\":\"La democracia invertebrada del Estado espa\u00f1ol - Revista Rambla\",\"isPartOf\":{\"@id\":\"https:\\\/\\\/www.revistarambla.com\\\/#website\"},\"primaryImageOfPage\":{\"@id\":\"https:\\\/\\\/www.revistarambla.com\\\/la-democracia-invertebrada-del-estado-espanol\\\/#primaryimage\"},\"image\":{\"@id\":\"https:\\\/\\\/www.revistarambla.com\\\/la-democracia-invertebrada-del-estado-espanol\\\/#primaryimage\"},\"thumbnailUrl\":\"https:\\\/\\\/www.revistarambla.com\\\/wp-content\\\/uploads\\\/2023\\\/07\\\/gran-via-calle-mas-transitada.jpg\",\"datePublished\":\"2023-07-12T10:33:25+00:00\",\"dateModified\":\"2023-07-13T17:45:07+00:00\",\"breadcrumb\":{\"@id\":\"https:\\\/\\\/www.revistarambla.com\\\/la-democracia-invertebrada-del-estado-espanol\\\/#breadcrumb\"},\"inLanguage\":\"en-GB\",\"potentialAction\":[{\"@type\":\"ReadAction\",\"target\":[\"https:\\\/\\\/www.revistarambla.com\\\/la-democracia-invertebrada-del-estado-espanol\\\/\"]}]},{\"@type\":\"ImageObject\",\"inLanguage\":\"en-GB\",\"@id\":\"https:\\\/\\\/www.revistarambla.com\\\/la-democracia-invertebrada-del-estado-espanol\\\/#primaryimage\",\"url\":\"https:\\\/\\\/www.revistarambla.com\\\/wp-content\\\/uploads\\\/2023\\\/07\\\/gran-via-calle-mas-transitada.jpg\",\"contentUrl\":\"https:\\\/\\\/www.revistarambla.com\\\/wp-content\\\/uploads\\\/2023\\\/07\\\/gran-via-calle-mas-transitada.jpg\",\"width\":1200,\"height\":700},{\"@type\":\"BreadcrumbList\",\"@id\":\"https:\\\/\\\/www.revistarambla.com\\\/la-democracia-invertebrada-del-estado-espanol\\\/#breadcrumb\",\"itemListElement\":[{\"@type\":\"ListItem\",\"position\":1,\"name\":\"Portada\",\"item\":\"https:\\\/\\\/www.revistarambla.com\\\/\"},{\"@type\":\"ListItem\",\"position\":2,\"name\":\"La democracia invertebrada del Estado espa\u00f1ol\"}]},{\"@type\":\"WebSite\",\"@id\":\"https:\\\/\\\/www.revistarambla.com\\\/#website\",\"url\":\"https:\\\/\\\/www.revistarambla.com\\\/\",\"name\":\"Revista Rambla Barcelona\",\"description\":\"Periodismo independiente\",\"publisher\":{\"@id\":\"https:\\\/\\\/www.revistarambla.com\\\/#organization\"},\"potentialAction\":[{\"@type\":\"SearchAction\",\"target\":{\"@type\":\"EntryPoint\",\"urlTemplate\":\"https:\\\/\\\/www.revistarambla.com\\\/?s={search_term_string}\"},\"query-input\":{\"@type\":\"PropertyValueSpecification\",\"valueRequired\":true,\"valueName\":\"search_term_string\"}}],\"inLanguage\":\"en-GB\"},{\"@type\":\"Organization\",\"@id\":\"https:\\\/\\\/www.revistarambla.com\\\/#organization\",\"name\":\"Revista Rambla\",\"url\":\"https:\\\/\\\/www.revistarambla.com\\\/\",\"logo\":{\"@type\":\"ImageObject\",\"inLanguage\":\"en-GB\",\"@id\":\"https:\\\/\\\/www.revistarambla.com\\\/#\\\/schema\\\/logo\\\/image\\\/\",\"url\":\"https:\\\/\\\/www.revistarambla.com\\\/wp-content\\\/uploads\\\/2020\\\/09\\\/banner_rambla_1900x600_BB.png\",\"contentUrl\":\"https:\\\/\\\/www.revistarambla.com\\\/wp-content\\\/uploads\\\/2020\\\/09\\\/banner_rambla_1900x600_BB.png\",\"width\":1900,\"height\":600,\"caption\":\"Revista Rambla\"},\"image\":{\"@id\":\"https:\\\/\\\/www.revistarambla.com\\\/#\\\/schema\\\/logo\\\/image\\\/\"},\"sameAs\":[\"https:\\\/\\\/www.facebook.com\\\/revistarambla\\\/\",\"https:\\\/\\\/x.com\\\/revistarambla\",\"https:\\\/\\\/www.instagram.com\\\/revista_rambla\",\"https:\\\/\\\/es.linkedin.com\\\/company\\\/revista-rambla\"]},{\"@type\":\"Person\",\"@id\":\"https:\\\/\\\/www.revistarambla.com\\\/#\\\/schema\\\/person\\\/23a7868ff10cd88f8fdb045c7b7e4a4d\",\"name\":\"Germ\u00e1n Gorraiz L\u00f3pez\",\"description\":\"Nacido en Navarra en 1957. Escribe an\u00e1lisis sobre temas econ\u00f3micos y geopol\u00edticos. Es miembro de Attac-Navarra. Colabora habitualmente en varios medios digitales e impresos espa\u00f1oles y latinoamericanos.\"}]}<\/script>\n<!-- \/ Yoast SEO plugin. -->","yoast_head_json":{"title":"La democracia invertebrada del Estado espa\u00f1ol - Revista Rambla","robots":{"index":"index","follow":"follow","max-snippet":"max-snippet:-1","max-image-preview":"max-image-preview:large","max-video-preview":"max-video-preview:-1"},"canonical":"https:\/\/www.revistarambla.com\/en\/la-democracia-invertebrada-del-estado-espanol\/","og_locale":"en_GB","og_type":"article","og_title":"La democracia invertebrada del Estado espa\u00f1ol - Revista Rambla","og_description":"Para entender las claves de la crisis de la democracia formal espa\u00f1ola, habr\u00eda que recurrir al fil\u00f3sofo y ensayista Jos\u00e9 Ortega y Gasset, quien en su ensayo \u00abLa Espa\u00f1a invertebrada\u00bb publicada en 1921, realiza un exhaustivo an\u00e1lisis de la crisis social y pol\u00edtica de su \u00e9poca. As\u00ed, estar\u00edamos asistiendo a [&hellip;]","og_url":"https:\/\/www.revistarambla.com\/en\/la-democracia-invertebrada-del-estado-espanol\/","og_site_name":"Revista Rambla","article_publisher":"https:\/\/www.facebook.com\/revistarambla\/","article_published_time":"2023-07-12T10:33:25+00:00","article_modified_time":"2023-07-13T17:45:07+00:00","og_image":[{"width":1200,"height":700,"url":"https:\/\/www.revistarambla.com\/wp-content\/uploads\/2023\/07\/gran-via-calle-mas-transitada.jpg","type":"image\/jpeg"}],"author":"Germ\u00e1n Gorraiz L\u00f3pez","twitter_card":"summary_large_image","twitter_creator":"@revistarambla","twitter_site":"@revistarambla","twitter_misc":{"Written by":"Germ\u00e1n Gorraiz L\u00f3pez","Estimated reading time":"3 minutes"},"schema":{"@context":"https:\/\/schema.org","@graph":[{"@type":"Article","@id":"https:\/\/www.revistarambla.com\/la-democracia-invertebrada-del-estado-espanol\/#article","isPartOf":{"@id":"https:\/\/www.revistarambla.com\/la-democracia-invertebrada-del-estado-espanol\/"},"author":{"name":"Germ\u00e1n Gorraiz L\u00f3pez","@id":"https:\/\/www.revistarambla.com\/#\/schema\/person\/23a7868ff10cd88f8fdb045c7b7e4a4d"},"headline":"La democracia invertebrada del Estado espa\u00f1ol","datePublished":"2023-07-12T10:33:25+00:00","dateModified":"2023-07-13T17:45:07+00:00","mainEntityOfPage":{"@id":"https:\/\/www.revistarambla.com\/la-democracia-invertebrada-del-estado-espanol\/"},"wordCount":550,"publisher":{"@id":"https:\/\/www.revistarambla.com\/#organization"},"image":{"@id":"https:\/\/www.revistarambla.com\/la-democracia-invertebrada-del-estado-espanol\/#primaryimage"},"thumbnailUrl":"https:\/\/www.revistarambla.com\/wp-content\/uploads\/2023\/07\/gran-via-calle-mas-transitada.jpg","articleSection":["Opiniones"],"inLanguage":"en-GB"},{"@type":"WebPage","@id":"https:\/\/www.revistarambla.com\/la-democracia-invertebrada-del-estado-espanol\/","url":"https:\/\/www.revistarambla.com\/la-democracia-invertebrada-del-estado-espanol\/","name":"La democracia invertebrada del Estado espa\u00f1ol - Revista Rambla","isPartOf":{"@id":"https:\/\/www.revistarambla.com\/#website"},"primaryImageOfPage":{"@id":"https:\/\/www.revistarambla.com\/la-democracia-invertebrada-del-estado-espanol\/#primaryimage"},"image":{"@id":"https:\/\/www.revistarambla.com\/la-democracia-invertebrada-del-estado-espanol\/#primaryimage"},"thumbnailUrl":"https:\/\/www.revistarambla.com\/wp-content\/uploads\/2023\/07\/gran-via-calle-mas-transitada.jpg","datePublished":"2023-07-12T10:33:25+00:00","dateModified":"2023-07-13T17:45:07+00:00","breadcrumb":{"@id":"https:\/\/www.revistarambla.com\/la-democracia-invertebrada-del-estado-espanol\/#breadcrumb"},"inLanguage":"en-GB","potentialAction":[{"@type":"ReadAction","target":["https:\/\/www.revistarambla.com\/la-democracia-invertebrada-del-estado-espanol\/"]}]},{"@type":"ImageObject","inLanguage":"en-GB","@id":"https:\/\/www.revistarambla.com\/la-democracia-invertebrada-del-estado-espanol\/#primaryimage","url":"https:\/\/www.revistarambla.com\/wp-content\/uploads\/2023\/07\/gran-via-calle-mas-transitada.jpg","contentUrl":"https:\/\/www.revistarambla.com\/wp-content\/uploads\/2023\/07\/gran-via-calle-mas-transitada.jpg","width":1200,"height":700},{"@type":"BreadcrumbList","@id":"https:\/\/www.revistarambla.com\/la-democracia-invertebrada-del-estado-espanol\/#breadcrumb","itemListElement":[{"@type":"ListItem","position":1,"name":"Portada","item":"https:\/\/www.revistarambla.com\/"},{"@type":"ListItem","position":2,"name":"La democracia invertebrada del Estado espa\u00f1ol"}]},{"@type":"WebSite","@id":"https:\/\/www.revistarambla.com\/#website","url":"https:\/\/www.revistarambla.com\/","name":"Revista Rambla Barcelona","description":"Periodismo independiente","publisher":{"@id":"https:\/\/www.revistarambla.com\/#organization"},"potentialAction":[{"@type":"SearchAction","target":{"@type":"EntryPoint","urlTemplate":"https:\/\/www.revistarambla.com\/?s={search_term_string}"},"query-input":{"@type":"PropertyValueSpecification","valueRequired":true,"valueName":"search_term_string"}}],"inLanguage":"en-GB"},{"@type":"Organization","@id":"https:\/\/www.revistarambla.com\/#organization","name":"Revista Rambla","url":"https:\/\/www.revistarambla.com\/","logo":{"@type":"ImageObject","inLanguage":"en-GB","@id":"https:\/\/www.revistarambla.com\/#\/schema\/logo\/image\/","url":"https:\/\/www.revistarambla.com\/wp-content\/uploads\/2020\/09\/banner_rambla_1900x600_BB.png","contentUrl":"https:\/\/www.revistarambla.com\/wp-content\/uploads\/2020\/09\/banner_rambla_1900x600_BB.png","width":1900,"height":600,"caption":"Revista Rambla"},"image":{"@id":"https:\/\/www.revistarambla.com\/#\/schema\/logo\/image\/"},"sameAs":["https:\/\/www.facebook.com\/revistarambla\/","https:\/\/x.com\/revistarambla","https:\/\/www.instagram.com\/revista_rambla","https:\/\/es.linkedin.com\/company\/revista-rambla"]},{"@type":"Person","@id":"https:\/\/www.revistarambla.com\/#\/schema\/person\/23a7868ff10cd88f8fdb045c7b7e4a4d","name":"Germ\u00e1n Gorraiz L\u00f3pez","description":"Nacido en Navarra en 1957. Escribe an\u00e1lisis sobre temas econ\u00f3micos y geopol\u00edticos. Es miembro de Attac-Navarra. Colabora habitualmente en varios medios digitales e impresos espa\u00f1oles y latinoamericanos."}]}},"_links":{"self":[{"href":"https:\/\/www.revistarambla.com\/en\/wp-json\/wp\/v2\/posts\/55928","targetHints":{"allow":["GET"]}}],"collection":[{"href":"https:\/\/www.revistarambla.com\/en\/wp-json\/wp\/v2\/posts"}],"about":[{"href":"https:\/\/www.revistarambla.com\/en\/wp-json\/wp\/v2\/types\/post"}],"author":[{"embeddable":true,"href":"https:\/\/www.revistarambla.com\/en\/wp-json\/wp\/v2\/users\/16"}],"replies":[{"embeddable":true,"href":"https:\/\/www.revistarambla.com\/en\/wp-json\/wp\/v2\/comments?post=55928"}],"version-history":[{"count":1,"href":"https:\/\/www.revistarambla.com\/en\/wp-json\/wp\/v2\/posts\/55928\/revisions"}],"predecessor-version":[{"id":55930,"href":"https:\/\/www.revistarambla.com\/en\/wp-json\/wp\/v2\/posts\/55928\/revisions\/55930"}],"wp:featuredmedia":[{"embeddable":true,"href":"https:\/\/www.revistarambla.com\/en\/wp-json\/wp\/v2\/media\/55929"}],"wp:attachment":[{"href":"https:\/\/www.revistarambla.com\/en\/wp-json\/wp\/v2\/media?parent=55928"}],"wp:term":[{"taxonomy":"category","embeddable":true,"href":"https:\/\/www.revistarambla.com\/en\/wp-json\/wp\/v2\/categories?post=55928"},{"taxonomy":"post_tag","embeddable":true,"href":"https:\/\/www.revistarambla.com\/en\/wp-json\/wp\/v2\/tags?post=55928"}],"curies":[{"name":"wp","href":"https:\/\/api.w.org\/{rel}","templated":true}]}}