{"id":55915,"date":"2023-07-11T13:31:04","date_gmt":"2023-07-11T11:31:04","guid":{"rendered":"https:\/\/www.revistarambla.com\/?p=55915"},"modified":"2023-07-11T13:31:04","modified_gmt":"2023-07-11T11:31:04","slug":"secuestrados-por-los-nuestros","status":"publish","type":"post","link":"https:\/\/www.revistarambla.com\/en\/secuestrados-por-los-nuestros\/","title":{"rendered":"Secuestrados por los nuestros"},"content":{"rendered":"<p>En cierto modo nuestro voto est\u00e1 secuestrado. Votaremos izquierda, claro, porque lo otro es peor, y pobres los que no lo entiendan. Pero eso no nos impide ver la situaci\u00f3n con claridad.<\/p>\n<p>El gobierno de izquierda tiene en su haber bastantes m\u00e9ritos en el plano social interno. Pero su pol\u00edtica exterior deja much\u00edsimo que desear. Ni S\u00e1nchez ni Yolanda D\u00edaz han mostrado duda ninguna respecto del belicismo del gobierno en la guerra de Ucrania. Desde el principio se han alineado con la pol\u00edtica de apoyar con las armas al pueblo ucraniano, y no con la mejor pol\u00edtica deseable: insistir inmediatamente en iniciativas de paz y ayudar a la gente de Ucrania a aliviar su sufrimiento, en vez de introducir m\u00e1s y m\u00e1s armas en la zona con el pretexto de la solidaridad. Por ese camino se va hacia la destrucci\u00f3n mayor de ese pa\u00eds, se va a la extensi\u00f3n de la guerra y se va tambi\u00e9n, a largo plazo, hacia la implicaci\u00f3n en ella de Espa\u00f1a, sin que la gente haya tenido ocasi\u00f3n siquiera de opinar sobre el asunto.<\/p>\n<p>No se discuten aqu\u00ed las razones de los ucranianos, en guerra civil desde hace a\u00f1os. Se discute que lo mejor que se pueda hacer es ampliar la guerra contra una potencia nuclear como Rusia. Todo el mundo sabe que una potencia nuclear es una entidad peligros\u00edsima, que si se ve atacada o perdida en su propia casa puede responder con esas armas irracionales que tienen todas las grandes potencias.<\/p>\n<p>Volviendo, pues, a la cuesti\u00f3n interna: es dif\u00edcil votar con entusiasmo a favor de los partidos que han gobernado estos \u00faltimos a\u00f1os. Es dif\u00edcil incluso votar con gran entusiasmo a Sumar, la mejor iniciativa de la izquierda desde hace mucho tiempo, un gran paso por arriba hacia su recomposici\u00f3n. Es dif\u00edcil por el asunto de la guerra, y tambi\u00e9n por el abandono a su suerte del pueblo saharaui, personas que tuvieron la nacionalidad espa\u00f1ola y ahora abandonadas bajo la bota de una satrap\u00eda.<\/p>\n<p>Pero tenemos que votar con realismo, porque la derecha y la extrema derecha de este pa\u00eds son absolutamente impresentables, con escaso parecido con el conservadurismo alem\u00e1n, anglosaj\u00f3n o franc\u00e9s. Esta derecha es la derecha del miedo a todo lo nuevo, la conservadora de cad\u00e1veres ideol\u00f3gicos que hieden. Hom\u00f3foba, antifeminista, contraria a que los trabajadores tengan verdaderos derechos. E indiferente a la amenaza ecol\u00f3gica que nos acecha. Es la derecha que seca Do\u00f1ana, para empezar, sin que los responsables del PP hayan dicho esta boca es m\u00eda ante al proceder de su hombre en Andaluc\u00eda. Es la derecha que drena dineros p\u00fablicos para pasarlos a la sanidad y a la educaci\u00f3n privadas, como hace ejemplarmente la Ayuso en la comunidad de Madrid. Que durante la pandemia abandon\u00f3 en las residencias p\u00fablicas a quienes no ten\u00edan seguros privados, un comportamiento que en un pa\u00eds normal hubiera debido ser examinado por la justicia penal. Claro: la recortada sanidad p\u00fablica de Ayuso no ten\u00eda capacidad para acogerles. El PP es el responsable de que haya perdurado un Consejo General del Poder Judicial caducado, pues necesita jueces amigos para los casos de grave corrupci\u00f3n que le afectan y que est\u00e1n pendientes. Esa derecha miente y asusta a la gente, \u201cresucita\u201d a Eta solo para ganar votos de incautos y timoratos.<\/p>\n<p>Por eso nuestro voto est\u00e1, de una parte, exigido, pues no votar y no votar a la izquierda tendr\u00eda como resultado un pa\u00eds como para exiliarse, pero tambi\u00e9n secuestrado porque no podemos hacer racionalmente otra cosa.<\/p>\n<p>Sin embargo, algo est\u00e1 claro: la pol\u00edtica keynesiana, y en favor de los menos favorecidos, del gobierno encabezado hoy por el PSOE, debe proseguir. Hay que insistir en que la gesti\u00f3n econ\u00f3mica y sus resultados son los mejores de Europa. Las pensiones se han reevaluado, el salario m\u00ednimo ha subido, el paro registrado da las mejores cifras en much\u00edsimos a\u00f1os\u2026 La gesti\u00f3n del gobierno de S\u00e1nchez ha sido en general positiva en estos \u00e1mbitos. Debe continuar: se ha de aprobar una nueva ley de vivienda y ha de ser construida la vivienda p\u00fablica comprometida. Se ha de seguir apostando por pol\u00edticas de cambio ecol\u00f3gico, que son una urgente necesidad. Sumar es una necesidad.<\/p>\n<p>Hay que evitar que la derecha gane las elecciones; pero al d\u00eda siguiente hemos de empezar a clamar por el fin de la guerra de Ucrania, por el fin de la aportaci\u00f3n de armas al conflicto, por conversaciones de paz. Y hemos de buscar formas de expresar nuestra solidaridad al pueblo saharaui, a la Rep\u00fablica \u00c1rabe Saharaui Democr\u00e1tica, y de reconstruir las ayudas a quienes m\u00e1s lo necesitan, entre otros, adem\u00e1s, nuestro malparado sistema constitucional.<\/p>\n<p>Pi\u00e9nsalo t\u00fa, y haz que otros tambi\u00e9n lo piensen. Quedarse en casa es votar a la derecha.<\/p>\n<p><em>*Publicado originalmente en mientrastanto.org. Lea <span style=\"text-decoration: underline;\"><a href=\"https:\/\/mientrastanto.org\/225\/notas\/secuestrados-por-los-nuestros\/\">aqu\u00ed<\/a><\/span> el original.<\/em><\/p>","protected":false},"excerpt":{"rendered":"<p>En cierto modo nuestro voto est\u00e1 secuestrado. Votaremos izquierda, claro, porque lo otro es peor, y pobres los que no lo entiendan. Pero eso no nos impide ver la situaci\u00f3n con claridad. El gobierno de izquierda tiene en su haber bastantes m\u00e9ritos en el plano social interno. Pero su pol\u00edtica [&hellip;]<\/p>\n","protected":false},"author":15,"featured_media":55407,"comment_status":"closed","ping_status":"closed","sticky":false,"template":"","format":"standard","meta":{"footnotes":""},"categories":[72],"tags":[],"class_list":["post-55915","post","type-post","status-publish","format-standard","has-post-thumbnail","hentry","category-opinion"],"yoast_head":"<!-- This site is optimized with the Yoast SEO plugin v27.5 - https:\/\/yoast.com\/product\/yoast-seo-wordpress\/ -->\n<title>Secuestrados por los nuestros - Revista Rambla<\/title>\n<meta name=\"robots\" content=\"index, follow, max-snippet:-1, max-image-preview:large, max-video-preview:-1\" \/>\n<link rel=\"canonical\" href=\"https:\/\/www.revistarambla.com\/en\/secuestrados-por-los-nuestros\/\" \/>\n<meta property=\"og:locale\" content=\"en_GB\" \/>\n<meta property=\"og:type\" content=\"article\" \/>\n<meta property=\"og:title\" content=\"Secuestrados por los nuestros - Revista Rambla\" \/>\n<meta property=\"og:description\" content=\"En cierto modo nuestro voto est\u00e1 secuestrado. Votaremos izquierda, claro, porque lo otro es peor, y pobres los que no lo entiendan. Pero eso no nos impide ver la situaci\u00f3n con claridad. El gobierno de izquierda tiene en su haber bastantes m\u00e9ritos en el plano social interno. Pero su pol\u00edtica [&hellip;]\" \/>\n<meta property=\"og:url\" content=\"https:\/\/www.revistarambla.com\/en\/secuestrados-por-los-nuestros\/\" \/>\n<meta property=\"og:site_name\" content=\"Revista Rambla\" \/>\n<meta property=\"article:publisher\" content=\"https:\/\/www.facebook.com\/revistarambla\/\" \/>\n<meta property=\"article:published_time\" content=\"2023-07-11T11:31:04+00:00\" \/>\n<meta property=\"og:image\" content=\"https:\/\/www.revistarambla.com\/wp-content\/uploads\/2023\/06\/voto-por-correo-elecciones-generales-2023.jpg\" \/>\n\t<meta property=\"og:image:width\" content=\"1200\" \/>\n\t<meta property=\"og:image:height\" content=\"670\" \/>\n\t<meta property=\"og:image:type\" content=\"image\/jpeg\" \/>\n<meta name=\"author\" content=\"Juan-Ram\u00f3n Capella\" \/>\n<meta name=\"twitter:card\" content=\"summary_large_image\" \/>\n<meta name=\"twitter:creator\" content=\"@revistarambla\" \/>\n<meta name=\"twitter:site\" content=\"@revistarambla\" \/>\n<meta name=\"twitter:label1\" content=\"Written by\" \/>\n\t<meta name=\"twitter:data1\" content=\"Juan-Ram\u00f3n Capella\" \/>\n\t<meta name=\"twitter:label2\" content=\"Estimated reading time\" \/>\n\t<meta name=\"twitter:data2\" content=\"4 minutes\" \/>\n<script type=\"application\/ld+json\" class=\"yoast-schema-graph\">{\"@context\":\"https:\\\/\\\/schema.org\",\"@graph\":[{\"@type\":\"Article\",\"@id\":\"https:\\\/\\\/www.revistarambla.com\\\/secuestrados-por-los-nuestros\\\/#article\",\"isPartOf\":{\"@id\":\"https:\\\/\\\/www.revistarambla.com\\\/secuestrados-por-los-nuestros\\\/\"},\"author\":{\"name\":\"Juan-Ram\u00f3n Capella\",\"@id\":\"https:\\\/\\\/www.revistarambla.com\\\/#\\\/schema\\\/person\\\/2b19179a8ace334b829ad72cc6e6ce97\"},\"headline\":\"Secuestrados por los nuestros\",\"datePublished\":\"2023-07-11T11:31:04+00:00\",\"mainEntityOfPage\":{\"@id\":\"https:\\\/\\\/www.revistarambla.com\\\/secuestrados-por-los-nuestros\\\/\"},\"wordCount\":870,\"publisher\":{\"@id\":\"https:\\\/\\\/www.revistarambla.com\\\/#organization\"},\"image\":{\"@id\":\"https:\\\/\\\/www.revistarambla.com\\\/secuestrados-por-los-nuestros\\\/#primaryimage\"},\"thumbnailUrl\":\"https:\\\/\\\/www.revistarambla.com\\\/wp-content\\\/uploads\\\/2023\\\/06\\\/voto-por-correo-elecciones-generales-2023.jpg\",\"articleSection\":[\"Opiniones\"],\"inLanguage\":\"en-GB\"},{\"@type\":\"WebPage\",\"@id\":\"https:\\\/\\\/www.revistarambla.com\\\/secuestrados-por-los-nuestros\\\/\",\"url\":\"https:\\\/\\\/www.revistarambla.com\\\/secuestrados-por-los-nuestros\\\/\",\"name\":\"Secuestrados por los nuestros - Revista Rambla\",\"isPartOf\":{\"@id\":\"https:\\\/\\\/www.revistarambla.com\\\/#website\"},\"primaryImageOfPage\":{\"@id\":\"https:\\\/\\\/www.revistarambla.com\\\/secuestrados-por-los-nuestros\\\/#primaryimage\"},\"image\":{\"@id\":\"https:\\\/\\\/www.revistarambla.com\\\/secuestrados-por-los-nuestros\\\/#primaryimage\"},\"thumbnailUrl\":\"https:\\\/\\\/www.revistarambla.com\\\/wp-content\\\/uploads\\\/2023\\\/06\\\/voto-por-correo-elecciones-generales-2023.jpg\",\"datePublished\":\"2023-07-11T11:31:04+00:00\",\"breadcrumb\":{\"@id\":\"https:\\\/\\\/www.revistarambla.com\\\/secuestrados-por-los-nuestros\\\/#breadcrumb\"},\"inLanguage\":\"en-GB\",\"potentialAction\":[{\"@type\":\"ReadAction\",\"target\":[\"https:\\\/\\\/www.revistarambla.com\\\/secuestrados-por-los-nuestros\\\/\"]}]},{\"@type\":\"ImageObject\",\"inLanguage\":\"en-GB\",\"@id\":\"https:\\\/\\\/www.revistarambla.com\\\/secuestrados-por-los-nuestros\\\/#primaryimage\",\"url\":\"https:\\\/\\\/www.revistarambla.com\\\/wp-content\\\/uploads\\\/2023\\\/06\\\/voto-por-correo-elecciones-generales-2023.jpg\",\"contentUrl\":\"https:\\\/\\\/www.revistarambla.com\\\/wp-content\\\/uploads\\\/2023\\\/06\\\/voto-por-correo-elecciones-generales-2023.jpg\",\"width\":1200,\"height\":670},{\"@type\":\"BreadcrumbList\",\"@id\":\"https:\\\/\\\/www.revistarambla.com\\\/secuestrados-por-los-nuestros\\\/#breadcrumb\",\"itemListElement\":[{\"@type\":\"ListItem\",\"position\":1,\"name\":\"Portada\",\"item\":\"https:\\\/\\\/www.revistarambla.com\\\/\"},{\"@type\":\"ListItem\",\"position\":2,\"name\":\"Secuestrados por los nuestros\"}]},{\"@type\":\"WebSite\",\"@id\":\"https:\\\/\\\/www.revistarambla.com\\\/#website\",\"url\":\"https:\\\/\\\/www.revistarambla.com\\\/\",\"name\":\"Revista Rambla Barcelona\",\"description\":\"Periodismo independiente\",\"publisher\":{\"@id\":\"https:\\\/\\\/www.revistarambla.com\\\/#organization\"},\"potentialAction\":[{\"@type\":\"SearchAction\",\"target\":{\"@type\":\"EntryPoint\",\"urlTemplate\":\"https:\\\/\\\/www.revistarambla.com\\\/?s={search_term_string}\"},\"query-input\":{\"@type\":\"PropertyValueSpecification\",\"valueRequired\":true,\"valueName\":\"search_term_string\"}}],\"inLanguage\":\"en-GB\"},{\"@type\":\"Organization\",\"@id\":\"https:\\\/\\\/www.revistarambla.com\\\/#organization\",\"name\":\"Revista Rambla\",\"url\":\"https:\\\/\\\/www.revistarambla.com\\\/\",\"logo\":{\"@type\":\"ImageObject\",\"inLanguage\":\"en-GB\",\"@id\":\"https:\\\/\\\/www.revistarambla.com\\\/#\\\/schema\\\/logo\\\/image\\\/\",\"url\":\"https:\\\/\\\/www.revistarambla.com\\\/wp-content\\\/uploads\\\/2020\\\/09\\\/banner_rambla_1900x600_BB.png\",\"contentUrl\":\"https:\\\/\\\/www.revistarambla.com\\\/wp-content\\\/uploads\\\/2020\\\/09\\\/banner_rambla_1900x600_BB.png\",\"width\":1900,\"height\":600,\"caption\":\"Revista Rambla\"},\"image\":{\"@id\":\"https:\\\/\\\/www.revistarambla.com\\\/#\\\/schema\\\/logo\\\/image\\\/\"},\"sameAs\":[\"https:\\\/\\\/www.facebook.com\\\/revistarambla\\\/\",\"https:\\\/\\\/x.com\\\/revistarambla\",\"https:\\\/\\\/www.instagram.com\\\/revista_rambla\",\"https:\\\/\\\/es.linkedin.com\\\/company\\\/revista-rambla\"]},{\"@type\":\"Person\",\"@id\":\"https:\\\/\\\/www.revistarambla.com\\\/#\\\/schema\\\/person\\\/2b19179a8ace334b829ad72cc6e6ce97\",\"name\":\"Juan-Ram\u00f3n Capella\"}]}<\/script>\n<!-- \/ Yoast SEO plugin. -->","yoast_head_json":{"title":"Secuestrados por los nuestros - Revista Rambla","robots":{"index":"index","follow":"follow","max-snippet":"max-snippet:-1","max-image-preview":"max-image-preview:large","max-video-preview":"max-video-preview:-1"},"canonical":"https:\/\/www.revistarambla.com\/en\/secuestrados-por-los-nuestros\/","og_locale":"en_GB","og_type":"article","og_title":"Secuestrados por los nuestros - Revista Rambla","og_description":"En cierto modo nuestro voto est\u00e1 secuestrado. Votaremos izquierda, claro, porque lo otro es peor, y pobres los que no lo entiendan. Pero eso no nos impide ver la situaci\u00f3n con claridad. El gobierno de izquierda tiene en su haber bastantes m\u00e9ritos en el plano social interno. Pero su pol\u00edtica [&hellip;]","og_url":"https:\/\/www.revistarambla.com\/en\/secuestrados-por-los-nuestros\/","og_site_name":"Revista Rambla","article_publisher":"https:\/\/www.facebook.com\/revistarambla\/","article_published_time":"2023-07-11T11:31:04+00:00","og_image":[{"width":1200,"height":670,"url":"https:\/\/www.revistarambla.com\/wp-content\/uploads\/2023\/06\/voto-por-correo-elecciones-generales-2023.jpg","type":"image\/jpeg"}],"author":"Juan-Ram\u00f3n Capella","twitter_card":"summary_large_image","twitter_creator":"@revistarambla","twitter_site":"@revistarambla","twitter_misc":{"Written by":"Juan-Ram\u00f3n Capella","Estimated reading time":"4 minutes"},"schema":{"@context":"https:\/\/schema.org","@graph":[{"@type":"Article","@id":"https:\/\/www.revistarambla.com\/secuestrados-por-los-nuestros\/#article","isPartOf":{"@id":"https:\/\/www.revistarambla.com\/secuestrados-por-los-nuestros\/"},"author":{"name":"Juan-Ram\u00f3n Capella","@id":"https:\/\/www.revistarambla.com\/#\/schema\/person\/2b19179a8ace334b829ad72cc6e6ce97"},"headline":"Secuestrados por los nuestros","datePublished":"2023-07-11T11:31:04+00:00","mainEntityOfPage":{"@id":"https:\/\/www.revistarambla.com\/secuestrados-por-los-nuestros\/"},"wordCount":870,"publisher":{"@id":"https:\/\/www.revistarambla.com\/#organization"},"image":{"@id":"https:\/\/www.revistarambla.com\/secuestrados-por-los-nuestros\/#primaryimage"},"thumbnailUrl":"https:\/\/www.revistarambla.com\/wp-content\/uploads\/2023\/06\/voto-por-correo-elecciones-generales-2023.jpg","articleSection":["Opiniones"],"inLanguage":"en-GB"},{"@type":"WebPage","@id":"https:\/\/www.revistarambla.com\/secuestrados-por-los-nuestros\/","url":"https:\/\/www.revistarambla.com\/secuestrados-por-los-nuestros\/","name":"Secuestrados por los nuestros - Revista Rambla","isPartOf":{"@id":"https:\/\/www.revistarambla.com\/#website"},"primaryImageOfPage":{"@id":"https:\/\/www.revistarambla.com\/secuestrados-por-los-nuestros\/#primaryimage"},"image":{"@id":"https:\/\/www.revistarambla.com\/secuestrados-por-los-nuestros\/#primaryimage"},"thumbnailUrl":"https:\/\/www.revistarambla.com\/wp-content\/uploads\/2023\/06\/voto-por-correo-elecciones-generales-2023.jpg","datePublished":"2023-07-11T11:31:04+00:00","breadcrumb":{"@id":"https:\/\/www.revistarambla.com\/secuestrados-por-los-nuestros\/#breadcrumb"},"inLanguage":"en-GB","potentialAction":[{"@type":"ReadAction","target":["https:\/\/www.revistarambla.com\/secuestrados-por-los-nuestros\/"]}]},{"@type":"ImageObject","inLanguage":"en-GB","@id":"https:\/\/www.revistarambla.com\/secuestrados-por-los-nuestros\/#primaryimage","url":"https:\/\/www.revistarambla.com\/wp-content\/uploads\/2023\/06\/voto-por-correo-elecciones-generales-2023.jpg","contentUrl":"https:\/\/www.revistarambla.com\/wp-content\/uploads\/2023\/06\/voto-por-correo-elecciones-generales-2023.jpg","width":1200,"height":670},{"@type":"BreadcrumbList","@id":"https:\/\/www.revistarambla.com\/secuestrados-por-los-nuestros\/#breadcrumb","itemListElement":[{"@type":"ListItem","position":1,"name":"Portada","item":"https:\/\/www.revistarambla.com\/"},{"@type":"ListItem","position":2,"name":"Secuestrados por los nuestros"}]},{"@type":"WebSite","@id":"https:\/\/www.revistarambla.com\/#website","url":"https:\/\/www.revistarambla.com\/","name":"Revista Rambla Barcelona","description":"Periodismo independiente","publisher":{"@id":"https:\/\/www.revistarambla.com\/#organization"},"potentialAction":[{"@type":"SearchAction","target":{"@type":"EntryPoint","urlTemplate":"https:\/\/www.revistarambla.com\/?s={search_term_string}"},"query-input":{"@type":"PropertyValueSpecification","valueRequired":true,"valueName":"search_term_string"}}],"inLanguage":"en-GB"},{"@type":"Organization","@id":"https:\/\/www.revistarambla.com\/#organization","name":"Revista Rambla","url":"https:\/\/www.revistarambla.com\/","logo":{"@type":"ImageObject","inLanguage":"en-GB","@id":"https:\/\/www.revistarambla.com\/#\/schema\/logo\/image\/","url":"https:\/\/www.revistarambla.com\/wp-content\/uploads\/2020\/09\/banner_rambla_1900x600_BB.png","contentUrl":"https:\/\/www.revistarambla.com\/wp-content\/uploads\/2020\/09\/banner_rambla_1900x600_BB.png","width":1900,"height":600,"caption":"Revista Rambla"},"image":{"@id":"https:\/\/www.revistarambla.com\/#\/schema\/logo\/image\/"},"sameAs":["https:\/\/www.facebook.com\/revistarambla\/","https:\/\/x.com\/revistarambla","https:\/\/www.instagram.com\/revista_rambla","https:\/\/es.linkedin.com\/company\/revista-rambla"]},{"@type":"Person","@id":"https:\/\/www.revistarambla.com\/#\/schema\/person\/2b19179a8ace334b829ad72cc6e6ce97","name":"Juan-Ram\u00f3n Capella"}]}},"_links":{"self":[{"href":"https:\/\/www.revistarambla.com\/en\/wp-json\/wp\/v2\/posts\/55915","targetHints":{"allow":["GET"]}}],"collection":[{"href":"https:\/\/www.revistarambla.com\/en\/wp-json\/wp\/v2\/posts"}],"about":[{"href":"https:\/\/www.revistarambla.com\/en\/wp-json\/wp\/v2\/types\/post"}],"author":[{"embeddable":true,"href":"https:\/\/www.revistarambla.com\/en\/wp-json\/wp\/v2\/users\/15"}],"replies":[{"embeddable":true,"href":"https:\/\/www.revistarambla.com\/en\/wp-json\/wp\/v2\/comments?post=55915"}],"version-history":[{"count":1,"href":"https:\/\/www.revistarambla.com\/en\/wp-json\/wp\/v2\/posts\/55915\/revisions"}],"predecessor-version":[{"id":55917,"href":"https:\/\/www.revistarambla.com\/en\/wp-json\/wp\/v2\/posts\/55915\/revisions\/55917"}],"wp:featuredmedia":[{"embeddable":true,"href":"https:\/\/www.revistarambla.com\/en\/wp-json\/wp\/v2\/media\/55407"}],"wp:attachment":[{"href":"https:\/\/www.revistarambla.com\/en\/wp-json\/wp\/v2\/media?parent=55915"}],"wp:term":[{"taxonomy":"category","embeddable":true,"href":"https:\/\/www.revistarambla.com\/en\/wp-json\/wp\/v2\/categories?post=55915"},{"taxonomy":"post_tag","embeddable":true,"href":"https:\/\/www.revistarambla.com\/en\/wp-json\/wp\/v2\/tags?post=55915"}],"curies":[{"name":"wp","href":"https:\/\/api.w.org\/{rel}","templated":true}]}}