{"id":55823,"date":"2023-07-04T19:40:31","date_gmt":"2023-07-04T17:40:31","guid":{"rendered":"https:\/\/www.revistarambla.com\/?p=55823"},"modified":"2023-07-04T19:40:31","modified_gmt":"2023-07-04T17:40:31","slug":"de-estar-en-ascuas-a-pisar-brasas-el-dia-despues","status":"publish","type":"post","link":"https:\/\/www.revistarambla.com\/en\/de-estar-en-ascuas-a-pisar-brasas-el-dia-despues\/","title":{"rendered":"De estar en ascuas a pisar brasas (el d\u00eda despu\u00e9s)"},"content":{"rendered":"<p>La primera acepci\u00f3n, posiblemente, encajar\u00eda a priori m\u00e1s cerca del lado del actual Gobierno al considerar coloquialmente su significado: como encontrarse inquieto, nervioso, esperando una respuesta a la soluci\u00f3n de un problema. No es para menos.<\/p>\n<p>Pero lo mismo suceder\u00e1 a ambas partes respecto a lo que pueda ocurrir en la semana previa al 23\/7, dentro del mutuo objetivo de distanciarse en las encuestas con el fin de saciar aspiraciones para poner tierra de por medio entre s\u00ed, aunque sea mediante caminar sobre brasas o terreno calcinado.<\/p>\n<p>Sobre la segunda, reflexionar ante la situaci\u00f3n econ\u00f3mica actual en la que se encuentra Espa\u00f1a que deber\u00e1 enfrentarse a una deuda de 369.000 millones de euros, sea quien sea el ganador, comprendida por diversos conceptos desde 31.3.2018 al 30.04.2023, seg\u00fan LIBRE MERCADO.<\/p>\n<p>Lo anterior, podr\u00edamos encuadrarlo en el estado real en que seguir\u00eda quedando nuestra Econom\u00eda, a pesar del optimismo que derrocha el Gobierno, mediante diversidad de conceptos heterog\u00e9neos, que la mayor\u00eda de los espa\u00f1oles no alcanzan a depurar su verdadero contenido, casi siempre sometido a combinaci\u00f3n con otros supuestos.<\/p>\n<p>En el lado opuesto, una aparente \u201cherencia envenenada\u201d.<\/p>\n<p>En cuanto a la proximidad del 23\/7, y los programas que pudieran bordear la neutralidad de la U.E., S\u00e1nchez manifest\u00f3, junto \u00darsula Von der Layen, su compromiso de ausentarse de la campa\u00f1a electoral espa\u00f1ola y dedicarse a los asuntos presidenciales de la UE, suponemos que acorde con el devenir de los acontecimientos, a\u00fan por ver c\u00f3mo quedar\u00e1 todo este Protocolo a partir del d\u00eda despu\u00e9s.<\/p>\n<p>No obstante, bajo la cobertura medi\u00e1tica de RTVE, atendi\u00f3 su primer Acto, viajando a Ucrania en apoyo a la misma, as\u00ed como a un segundo Acto, en el marco de las Galer\u00edas de las Colecciones Reales.<\/p>\n<p>Seg\u00fan Libertad Digital se observ\u00f3 en la Reuni\u00f3n que tuvo lugar en dicho lugar, la ausencia de 10 de los 26 Comisarios que componen la U.E. Probablemente, por razones de proximidad de la cita electoral.<\/p>\n<p>Probablemente, nadie es ajeno, observar que el PSOE y sus adl\u00e1teres no van a permanecer como esfinges en las pr\u00f3ximas semanas.<\/p>\n<p>Venimos comentando desde tiempo atr\u00e1s, a trav\u00e9s de este Medio, sobre algunas de las futuribles estrategias pol\u00edticas cara al electorado y a nadie le debe coger de sorpresa, comenzando por el propio elector, el cual deber\u00eda analizar los posibles grados de veracidad que merecen las propuestas que reciban de unos y otros, para atraer su atenci\u00f3n.<\/p>\n<p>No deber\u00edamos ignorar las magn\u00edficas noticias de haber alcanzado un \u00faltimo 2.9% de inflaci\u00f3n; Espa\u00f1a es el Pa\u00eds que m\u00e1s crecer\u00e1. etc. pero lo anterior no cala en la mayor\u00eda de los hogares espa\u00f1oles de clases medias y bajas, los cuales luchan a diario contra las subidas astron\u00f3micas de precios que afectan a la cesta de la compra frente a realidades salariales e hipotecas.<\/p>\n<p>Podr\u00eda darse la contradicci\u00f3n entre esto \u00faltimo y el citado 2.9% ante un supuesto m\u00e1s ambicioso de parte de este sector empresarial.<\/p>\n<p>Algunas grandes superficies\/fabricantes, contin\u00faan restando productos a la venta en sus contenidos o alterando los mismos, asumiendo que los m\u00e1rgenes empresariales \u00f3ptimos a\u00fan no se han alcanzado.<\/p>\n<p>No debemos olvidar que Espa\u00f1a, desgraciadamente, es un Pa\u00eds muy limitado. Pr\u00e1cticamente, somos proveedores de Servicios.<\/p>\n<p>Venimos escribiendo desde hace mucho tiempo sobre las \u00e1reas habitualmente t\u00f3xicas que suelen rodear a Espa\u00f1a, aprovechando para recordar algunos supuestos:<\/p>\n<h4>1.- D\u00c9FICIT P\u00daBLICO.<\/h4>\n<p>2020 -10.13%;<\/p>\n<p>2021 &#8211; 6.87% Cifras deficitarias desde 1980<\/p>\n<p>2022 -4.81%<\/p>\n<p>2023 -3.91% (previsto)<\/p>\n<h4>2.- DEUDA P\u00daBLICA<\/h4>\n<p>2020 120.40%<\/p>\n<p>2021 118.30%<\/p>\n<p>2022 113.20%<\/p>\n<p>2023 113.00% (marzo 2023)<\/p>\n<h4>3.- RECAUDACI\u00d3N IMPOSITIVA ESTADO<\/h4>\n<p>2020 194.051 millones<\/p>\n<p>2021 223.301<\/p>\n<p>2022 255.453<\/p>\n<p>2023 262.781 (estimado)<\/p>\n<h4>4.- TURISMO<\/h4>\n<p>Ha sido, junto a la Construcci\u00f3n, una de las piedras angulares para la recuperaci\u00f3n de Espa\u00f1a, (una especie de gallina de huevos de oro), ya que el Turismo, acorde con lo manifestado anteriormente, nos convierte b\u00e1sicamente en una sociedad de servicios, aportando en 2019, (seg\u00fan World TradeTourism Council), unos 176.000 millones de euros a nuestra econom\u00eda (14.6% PIB) y 2.8 millones de empleos.<\/p>\n<p>El a\u00f1o 2020, su nivel estuvo tan solo un 0,8% por debajo de los niveles de 2019.<\/p>\n<p>En 2022, la contribuci\u00f3n del PIB del sector de Viajes y Turismo de Espa\u00f1a creci\u00f3 un 44,7% en comparaci\u00f3n con 2021, alcanzando los casi 179 mil millones de euros, lo que represent\u00f3 el 13,6% de la econom\u00eda espa\u00f1ola.<\/p>\n<p>Con vistas a 2023, hay que cuidar precios, sin excederse en picarescas en el cobro de suplementos, mejorando la calidad del servicio, incentivando salarios para no caer de nuevo en otros tipos de pozos.<\/p>\n<p>Finalmente, veremos c\u00f3mo se pronuncia la ABSTENCI\u00d3N ante la perspectiva de que no puede existir regeneraci\u00f3n pol\u00edtica, ante tanto CUERNO DE ABUNDANCIA ESCASAMENTE FIABLE, Y RIESGO DE REEDITAR DE NUEVO EL PASADO DE MAYOR\u00cdAS DE PACTOS QUE NO CONVIENEN AL PA\u00cdS, BAJO EL \u00daLTIMO RECURSO ELECTORAL DE: \u201cTODO A CIEN\u201d.<\/p>","protected":false},"excerpt":{"rendered":"<p>La primera acepci\u00f3n, posiblemente, encajar\u00eda a priori m\u00e1s cerca del lado del actual Gobierno al considerar coloquialmente su significado: como encontrarse inquieto, nervioso, esperando una respuesta a la soluci\u00f3n de un problema. No es para menos. Pero lo mismo suceder\u00e1 a ambas partes respecto a lo que pueda ocurrir en [&hellip;]<\/p>\n","protected":false},"author":305,"featured_media":55407,"comment_status":"closed","ping_status":"closed","sticky":false,"template":"","format":"standard","meta":{"footnotes":""},"categories":[72],"tags":[],"class_list":["post-55823","post","type-post","status-publish","format-standard","has-post-thumbnail","hentry","category-opinion"],"yoast_head":"<!-- This site is optimized with the Yoast SEO plugin v27.5 - https:\/\/yoast.com\/product\/yoast-seo-wordpress\/ -->\n<title>De estar en ascuas a pisar brasas (el d\u00eda despu\u00e9s) - Revista Rambla<\/title>\n<meta name=\"robots\" content=\"index, follow, max-snippet:-1, max-image-preview:large, max-video-preview:-1\" \/>\n<link rel=\"canonical\" href=\"https:\/\/www.revistarambla.com\/en\/de-estar-en-ascuas-a-pisar-brasas-el-dia-despues\/\" \/>\n<meta property=\"og:locale\" content=\"en_GB\" \/>\n<meta property=\"og:type\" content=\"article\" \/>\n<meta property=\"og:title\" content=\"De estar en ascuas a pisar brasas (el d\u00eda despu\u00e9s) - Revista Rambla\" \/>\n<meta property=\"og:description\" content=\"La primera acepci\u00f3n, posiblemente, encajar\u00eda a priori m\u00e1s cerca del lado del actual Gobierno al considerar coloquialmente su significado: como encontrarse inquieto, nervioso, esperando una respuesta a la soluci\u00f3n de un problema. No es para menos. Pero lo mismo suceder\u00e1 a ambas partes respecto a lo que pueda ocurrir en [&hellip;]\" \/>\n<meta property=\"og:url\" content=\"https:\/\/www.revistarambla.com\/en\/de-estar-en-ascuas-a-pisar-brasas-el-dia-despues\/\" \/>\n<meta property=\"og:site_name\" content=\"Revista Rambla\" \/>\n<meta property=\"article:publisher\" content=\"https:\/\/www.facebook.com\/revistarambla\/\" \/>\n<meta property=\"article:published_time\" content=\"2023-07-04T17:40:31+00:00\" \/>\n<meta property=\"og:image\" content=\"https:\/\/www.revistarambla.com\/wp-content\/uploads\/2023\/06\/voto-por-correo-elecciones-generales-2023.jpg\" \/>\n\t<meta property=\"og:image:width\" content=\"1200\" \/>\n\t<meta property=\"og:image:height\" content=\"670\" \/>\n\t<meta property=\"og:image:type\" content=\"image\/jpeg\" \/>\n<meta name=\"author\" content=\"Jes\u00fas Antonio Rodr\u00edguez Morilla\" \/>\n<meta name=\"twitter:card\" content=\"summary_large_image\" \/>\n<meta name=\"twitter:creator\" content=\"@revistarambla\" \/>\n<meta name=\"twitter:site\" content=\"@revistarambla\" \/>\n<meta name=\"twitter:label1\" content=\"Written by\" \/>\n\t<meta name=\"twitter:data1\" content=\"Jes\u00fas Antonio Rodr\u00edguez Morilla\" \/>\n\t<meta name=\"twitter:label2\" content=\"Estimated reading time\" \/>\n\t<meta name=\"twitter:data2\" content=\"4 minutes\" \/>\n<script type=\"application\/ld+json\" class=\"yoast-schema-graph\">{\"@context\":\"https:\\\/\\\/schema.org\",\"@graph\":[{\"@type\":\"Article\",\"@id\":\"https:\\\/\\\/www.revistarambla.com\\\/de-estar-en-ascuas-a-pisar-brasas-el-dia-despues\\\/#article\",\"isPartOf\":{\"@id\":\"https:\\\/\\\/www.revistarambla.com\\\/de-estar-en-ascuas-a-pisar-brasas-el-dia-despues\\\/\"},\"author\":{\"name\":\"Jes\u00fas Antonio Rodr\u00edguez Morilla\",\"@id\":\"https:\\\/\\\/www.revistarambla.com\\\/#\\\/schema\\\/person\\\/eace802346abd966cd3ecb763f255a0a\"},\"headline\":\"De estar en ascuas a pisar brasas (el d\u00eda despu\u00e9s)\",\"datePublished\":\"2023-07-04T17:40:31+00:00\",\"mainEntityOfPage\":{\"@id\":\"https:\\\/\\\/www.revistarambla.com\\\/de-estar-en-ascuas-a-pisar-brasas-el-dia-despues\\\/\"},\"wordCount\":841,\"publisher\":{\"@id\":\"https:\\\/\\\/www.revistarambla.com\\\/#organization\"},\"image\":{\"@id\":\"https:\\\/\\\/www.revistarambla.com\\\/de-estar-en-ascuas-a-pisar-brasas-el-dia-despues\\\/#primaryimage\"},\"thumbnailUrl\":\"https:\\\/\\\/www.revistarambla.com\\\/wp-content\\\/uploads\\\/2023\\\/06\\\/voto-por-correo-elecciones-generales-2023.jpg\",\"articleSection\":[\"Opiniones\"],\"inLanguage\":\"en-GB\"},{\"@type\":\"WebPage\",\"@id\":\"https:\\\/\\\/www.revistarambla.com\\\/de-estar-en-ascuas-a-pisar-brasas-el-dia-despues\\\/\",\"url\":\"https:\\\/\\\/www.revistarambla.com\\\/de-estar-en-ascuas-a-pisar-brasas-el-dia-despues\\\/\",\"name\":\"De estar en ascuas a pisar brasas (el d\u00eda despu\u00e9s) - Revista Rambla\",\"isPartOf\":{\"@id\":\"https:\\\/\\\/www.revistarambla.com\\\/#website\"},\"primaryImageOfPage\":{\"@id\":\"https:\\\/\\\/www.revistarambla.com\\\/de-estar-en-ascuas-a-pisar-brasas-el-dia-despues\\\/#primaryimage\"},\"image\":{\"@id\":\"https:\\\/\\\/www.revistarambla.com\\\/de-estar-en-ascuas-a-pisar-brasas-el-dia-despues\\\/#primaryimage\"},\"thumbnailUrl\":\"https:\\\/\\\/www.revistarambla.com\\\/wp-content\\\/uploads\\\/2023\\\/06\\\/voto-por-correo-elecciones-generales-2023.jpg\",\"datePublished\":\"2023-07-04T17:40:31+00:00\",\"breadcrumb\":{\"@id\":\"https:\\\/\\\/www.revistarambla.com\\\/de-estar-en-ascuas-a-pisar-brasas-el-dia-despues\\\/#breadcrumb\"},\"inLanguage\":\"en-GB\",\"potentialAction\":[{\"@type\":\"ReadAction\",\"target\":[\"https:\\\/\\\/www.revistarambla.com\\\/de-estar-en-ascuas-a-pisar-brasas-el-dia-despues\\\/\"]}]},{\"@type\":\"ImageObject\",\"inLanguage\":\"en-GB\",\"@id\":\"https:\\\/\\\/www.revistarambla.com\\\/de-estar-en-ascuas-a-pisar-brasas-el-dia-despues\\\/#primaryimage\",\"url\":\"https:\\\/\\\/www.revistarambla.com\\\/wp-content\\\/uploads\\\/2023\\\/06\\\/voto-por-correo-elecciones-generales-2023.jpg\",\"contentUrl\":\"https:\\\/\\\/www.revistarambla.com\\\/wp-content\\\/uploads\\\/2023\\\/06\\\/voto-por-correo-elecciones-generales-2023.jpg\",\"width\":1200,\"height\":670},{\"@type\":\"BreadcrumbList\",\"@id\":\"https:\\\/\\\/www.revistarambla.com\\\/de-estar-en-ascuas-a-pisar-brasas-el-dia-despues\\\/#breadcrumb\",\"itemListElement\":[{\"@type\":\"ListItem\",\"position\":1,\"name\":\"Portada\",\"item\":\"https:\\\/\\\/www.revistarambla.com\\\/\"},{\"@type\":\"ListItem\",\"position\":2,\"name\":\"De estar en ascuas a pisar brasas (el d\u00eda despu\u00e9s)\"}]},{\"@type\":\"WebSite\",\"@id\":\"https:\\\/\\\/www.revistarambla.com\\\/#website\",\"url\":\"https:\\\/\\\/www.revistarambla.com\\\/\",\"name\":\"Revista Rambla Barcelona\",\"description\":\"Periodismo independiente\",\"publisher\":{\"@id\":\"https:\\\/\\\/www.revistarambla.com\\\/#organization\"},\"potentialAction\":[{\"@type\":\"SearchAction\",\"target\":{\"@type\":\"EntryPoint\",\"urlTemplate\":\"https:\\\/\\\/www.revistarambla.com\\\/?s={search_term_string}\"},\"query-input\":{\"@type\":\"PropertyValueSpecification\",\"valueRequired\":true,\"valueName\":\"search_term_string\"}}],\"inLanguage\":\"en-GB\"},{\"@type\":\"Organization\",\"@id\":\"https:\\\/\\\/www.revistarambla.com\\\/#organization\",\"name\":\"Revista Rambla\",\"url\":\"https:\\\/\\\/www.revistarambla.com\\\/\",\"logo\":{\"@type\":\"ImageObject\",\"inLanguage\":\"en-GB\",\"@id\":\"https:\\\/\\\/www.revistarambla.com\\\/#\\\/schema\\\/logo\\\/image\\\/\",\"url\":\"https:\\\/\\\/www.revistarambla.com\\\/wp-content\\\/uploads\\\/2020\\\/09\\\/banner_rambla_1900x600_BB.png\",\"contentUrl\":\"https:\\\/\\\/www.revistarambla.com\\\/wp-content\\\/uploads\\\/2020\\\/09\\\/banner_rambla_1900x600_BB.png\",\"width\":1900,\"height\":600,\"caption\":\"Revista Rambla\"},\"image\":{\"@id\":\"https:\\\/\\\/www.revistarambla.com\\\/#\\\/schema\\\/logo\\\/image\\\/\"},\"sameAs\":[\"https:\\\/\\\/www.facebook.com\\\/revistarambla\\\/\",\"https:\\\/\\\/x.com\\\/revistarambla\",\"https:\\\/\\\/www.instagram.com\\\/revista_rambla\",\"https:\\\/\\\/es.linkedin.com\\\/company\\\/revista-rambla\"]},{\"@type\":\"Person\",\"@id\":\"https:\\\/\\\/www.revistarambla.com\\\/#\\\/schema\\\/person\\\/eace802346abd966cd3ecb763f255a0a\",\"name\":\"Jes\u00fas Antonio Rodr\u00edguez Morilla\",\"description\":\"Doctor en Derecho por la U.C.M. (Cum Laude). Licenciado en Derecho. Licenciado en Ciencias Pol\u00edticas. Caballero de M\u00e9rito de la Real Orden (Noruega).\",\"sameAs\":[\"https:\\\/\\\/www.modificadosobraspublicas.com\"]}]}<\/script>\n<!-- \/ Yoast SEO plugin. -->","yoast_head_json":{"title":"De estar en ascuas a pisar brasas (el d\u00eda despu\u00e9s) - Revista Rambla","robots":{"index":"index","follow":"follow","max-snippet":"max-snippet:-1","max-image-preview":"max-image-preview:large","max-video-preview":"max-video-preview:-1"},"canonical":"https:\/\/www.revistarambla.com\/en\/de-estar-en-ascuas-a-pisar-brasas-el-dia-despues\/","og_locale":"en_GB","og_type":"article","og_title":"De estar en ascuas a pisar brasas (el d\u00eda despu\u00e9s) - Revista Rambla","og_description":"La primera acepci\u00f3n, posiblemente, encajar\u00eda a priori m\u00e1s cerca del lado del actual Gobierno al considerar coloquialmente su significado: como encontrarse inquieto, nervioso, esperando una respuesta a la soluci\u00f3n de un problema. No es para menos. Pero lo mismo suceder\u00e1 a ambas partes respecto a lo que pueda ocurrir en [&hellip;]","og_url":"https:\/\/www.revistarambla.com\/en\/de-estar-en-ascuas-a-pisar-brasas-el-dia-despues\/","og_site_name":"Revista Rambla","article_publisher":"https:\/\/www.facebook.com\/revistarambla\/","article_published_time":"2023-07-04T17:40:31+00:00","og_image":[{"width":1200,"height":670,"url":"https:\/\/www.revistarambla.com\/wp-content\/uploads\/2023\/06\/voto-por-correo-elecciones-generales-2023.jpg","type":"image\/jpeg"}],"author":"Jes\u00fas Antonio Rodr\u00edguez Morilla","twitter_card":"summary_large_image","twitter_creator":"@revistarambla","twitter_site":"@revistarambla","twitter_misc":{"Written by":"Jes\u00fas Antonio Rodr\u00edguez Morilla","Estimated reading time":"4 minutes"},"schema":{"@context":"https:\/\/schema.org","@graph":[{"@type":"Article","@id":"https:\/\/www.revistarambla.com\/de-estar-en-ascuas-a-pisar-brasas-el-dia-despues\/#article","isPartOf":{"@id":"https:\/\/www.revistarambla.com\/de-estar-en-ascuas-a-pisar-brasas-el-dia-despues\/"},"author":{"name":"Jes\u00fas Antonio Rodr\u00edguez Morilla","@id":"https:\/\/www.revistarambla.com\/#\/schema\/person\/eace802346abd966cd3ecb763f255a0a"},"headline":"De estar en ascuas a pisar brasas (el d\u00eda despu\u00e9s)","datePublished":"2023-07-04T17:40:31+00:00","mainEntityOfPage":{"@id":"https:\/\/www.revistarambla.com\/de-estar-en-ascuas-a-pisar-brasas-el-dia-despues\/"},"wordCount":841,"publisher":{"@id":"https:\/\/www.revistarambla.com\/#organization"},"image":{"@id":"https:\/\/www.revistarambla.com\/de-estar-en-ascuas-a-pisar-brasas-el-dia-despues\/#primaryimage"},"thumbnailUrl":"https:\/\/www.revistarambla.com\/wp-content\/uploads\/2023\/06\/voto-por-correo-elecciones-generales-2023.jpg","articleSection":["Opiniones"],"inLanguage":"en-GB"},{"@type":"WebPage","@id":"https:\/\/www.revistarambla.com\/de-estar-en-ascuas-a-pisar-brasas-el-dia-despues\/","url":"https:\/\/www.revistarambla.com\/de-estar-en-ascuas-a-pisar-brasas-el-dia-despues\/","name":"De estar en ascuas a pisar brasas (el d\u00eda despu\u00e9s) - Revista Rambla","isPartOf":{"@id":"https:\/\/www.revistarambla.com\/#website"},"primaryImageOfPage":{"@id":"https:\/\/www.revistarambla.com\/de-estar-en-ascuas-a-pisar-brasas-el-dia-despues\/#primaryimage"},"image":{"@id":"https:\/\/www.revistarambla.com\/de-estar-en-ascuas-a-pisar-brasas-el-dia-despues\/#primaryimage"},"thumbnailUrl":"https:\/\/www.revistarambla.com\/wp-content\/uploads\/2023\/06\/voto-por-correo-elecciones-generales-2023.jpg","datePublished":"2023-07-04T17:40:31+00:00","breadcrumb":{"@id":"https:\/\/www.revistarambla.com\/de-estar-en-ascuas-a-pisar-brasas-el-dia-despues\/#breadcrumb"},"inLanguage":"en-GB","potentialAction":[{"@type":"ReadAction","target":["https:\/\/www.revistarambla.com\/de-estar-en-ascuas-a-pisar-brasas-el-dia-despues\/"]}]},{"@type":"ImageObject","inLanguage":"en-GB","@id":"https:\/\/www.revistarambla.com\/de-estar-en-ascuas-a-pisar-brasas-el-dia-despues\/#primaryimage","url":"https:\/\/www.revistarambla.com\/wp-content\/uploads\/2023\/06\/voto-por-correo-elecciones-generales-2023.jpg","contentUrl":"https:\/\/www.revistarambla.com\/wp-content\/uploads\/2023\/06\/voto-por-correo-elecciones-generales-2023.jpg","width":1200,"height":670},{"@type":"BreadcrumbList","@id":"https:\/\/www.revistarambla.com\/de-estar-en-ascuas-a-pisar-brasas-el-dia-despues\/#breadcrumb","itemListElement":[{"@type":"ListItem","position":1,"name":"Portada","item":"https:\/\/www.revistarambla.com\/"},{"@type":"ListItem","position":2,"name":"De estar en ascuas a pisar brasas (el d\u00eda despu\u00e9s)"}]},{"@type":"WebSite","@id":"https:\/\/www.revistarambla.com\/#website","url":"https:\/\/www.revistarambla.com\/","name":"Revista Rambla Barcelona","description":"Periodismo independiente","publisher":{"@id":"https:\/\/www.revistarambla.com\/#organization"},"potentialAction":[{"@type":"SearchAction","target":{"@type":"EntryPoint","urlTemplate":"https:\/\/www.revistarambla.com\/?s={search_term_string}"},"query-input":{"@type":"PropertyValueSpecification","valueRequired":true,"valueName":"search_term_string"}}],"inLanguage":"en-GB"},{"@type":"Organization","@id":"https:\/\/www.revistarambla.com\/#organization","name":"Revista Rambla","url":"https:\/\/www.revistarambla.com\/","logo":{"@type":"ImageObject","inLanguage":"en-GB","@id":"https:\/\/www.revistarambla.com\/#\/schema\/logo\/image\/","url":"https:\/\/www.revistarambla.com\/wp-content\/uploads\/2020\/09\/banner_rambla_1900x600_BB.png","contentUrl":"https:\/\/www.revistarambla.com\/wp-content\/uploads\/2020\/09\/banner_rambla_1900x600_BB.png","width":1900,"height":600,"caption":"Revista Rambla"},"image":{"@id":"https:\/\/www.revistarambla.com\/#\/schema\/logo\/image\/"},"sameAs":["https:\/\/www.facebook.com\/revistarambla\/","https:\/\/x.com\/revistarambla","https:\/\/www.instagram.com\/revista_rambla","https:\/\/es.linkedin.com\/company\/revista-rambla"]},{"@type":"Person","@id":"https:\/\/www.revistarambla.com\/#\/schema\/person\/eace802346abd966cd3ecb763f255a0a","name":"Jes\u00fas Antonio Rodr\u00edguez Morilla","description":"Doctor en Derecho por la U.C.M. (Cum Laude). Licenciado en Derecho. Licenciado en Ciencias Pol\u00edticas. Caballero de M\u00e9rito de la Real Orden (Noruega).","sameAs":["https:\/\/www.modificadosobraspublicas.com"]}]}},"_links":{"self":[{"href":"https:\/\/www.revistarambla.com\/en\/wp-json\/wp\/v2\/posts\/55823","targetHints":{"allow":["GET"]}}],"collection":[{"href":"https:\/\/www.revistarambla.com\/en\/wp-json\/wp\/v2\/posts"}],"about":[{"href":"https:\/\/www.revistarambla.com\/en\/wp-json\/wp\/v2\/types\/post"}],"author":[{"embeddable":true,"href":"https:\/\/www.revistarambla.com\/en\/wp-json\/wp\/v2\/users\/305"}],"replies":[{"embeddable":true,"href":"https:\/\/www.revistarambla.com\/en\/wp-json\/wp\/v2\/comments?post=55823"}],"version-history":[{"count":1,"href":"https:\/\/www.revistarambla.com\/en\/wp-json\/wp\/v2\/posts\/55823\/revisions"}],"predecessor-version":[{"id":55824,"href":"https:\/\/www.revistarambla.com\/en\/wp-json\/wp\/v2\/posts\/55823\/revisions\/55824"}],"wp:featuredmedia":[{"embeddable":true,"href":"https:\/\/www.revistarambla.com\/en\/wp-json\/wp\/v2\/media\/55407"}],"wp:attachment":[{"href":"https:\/\/www.revistarambla.com\/en\/wp-json\/wp\/v2\/media?parent=55823"}],"wp:term":[{"taxonomy":"category","embeddable":true,"href":"https:\/\/www.revistarambla.com\/en\/wp-json\/wp\/v2\/categories?post=55823"},{"taxonomy":"post_tag","embeddable":true,"href":"https:\/\/www.revistarambla.com\/en\/wp-json\/wp\/v2\/tags?post=55823"}],"curies":[{"name":"wp","href":"https:\/\/api.w.org\/{rel}","templated":true}]}}