{"id":55658,"date":"2023-06-22T18:50:12","date_gmt":"2023-06-22T16:50:12","guid":{"rendered":"https:\/\/www.revistarambla.com\/?p=55658"},"modified":"2023-06-22T18:50:12","modified_gmt":"2023-06-22T16:50:12","slug":"combatir-la-extrema-derecha-combatir-vox","status":"publish","type":"post","link":"https:\/\/www.revistarambla.com\/en\/combatir-la-extrema-derecha-combatir-vox\/","title":{"rendered":"Combatir la extrema derecha, combatir VOX"},"content":{"rendered":"<p>Uno de los resultados destacados en las elecciones ha sido el avance de Vox: duplica votos en las municipales, triplica el n\u00famero de concejales. Una parte de este avance es a expensas de Ciudadanos (C&#8217;s) que se hunde. Vox, con 1,6 millones de votos, est\u00e1 cerca de los 1,9 que sacaba C&#8217;s hace 4 a\u00f1os. Hay una reestructuraci\u00f3n del voto de la derecha hacia la extrema derecha, pero el ascenso de Vox forma parte del proceso m\u00e1s profundo, con expresiones en todas partes: Meloni, Trump. Bolsonaro, Kast, Le Pen.<\/p>\n<p>Extrema derecha ha existido siempre, \u00bfpor qu\u00e9 ahora toma vuelo&#8230; y lo hace en todo el mundo? Atravesamos una profunda crisis capitalista que empuja a la miseria a sectores crecientes de la clase obrera y los pueblos. A todo precio el gran capital debe evitar que ese profundo descontento obrero y popular se gire contra ellos, que son los verdaderos responsables de la crisis. El objetivo de la extrema derecha es dividir la respuesta obrera y popular encontrando los supuestos culpables del grave retroceso de las condiciones de vida entre la gente del pueblo: el inmigrante, el pobre, la mujer, el homosexual, el musulm\u00e1n, el okupa, los anarquistas o los comunistas&#8230;<\/p>\n<p>Vox gana en los barrios m\u00e1s ricos, en los colegios electorales de los cuarteles de la Guardia Civil o cerca de los regimientos militares, pero tambi\u00e9n avanza en los pueblos y barriadas m\u00e1s pobres. Los dos barrios en Barcelona con mejor resultado de Vox son Sarri\u00e0 Sant Gervasi, barrio alta burgues\u00eda y 9 Barris, de gran tradici\u00f3n obrera. Y es ah\u00ed, en los barrios obreros y populares donde la lucha contra la extrema derecha es decisiva.<\/p>\n<p>El gran capital pone mucho dinero para sacar de la marginalidad a la extrema derecha, porque, aunque sen pol\u00edticamente incorrectos, y a veces inc\u00f3modos para el gran capital, los necesitan para bajar a las calles. Solo un dato, en 2019 Vox obtuvo mayores ingresos por v\u00edas privadas (1.564.000 euros) que PP, PSOE, Ciudadanos, ERC, PdCat y PNV juntos (alrededor de un mill\u00f3n). El peligro no son los cuatro impresentables sino a los que tienen detr\u00e1s. La extrema derecha se construye desde la exaltaci\u00f3n del nacionalismo, el machismo, el racismo, la familia y la religi\u00f3n&#8230; todo al servicio de salvar a las clases dominante.<\/p>\n<p>Si la situaci\u00f3n lo exige, porque se agudiza la crisis y la lucha de clases y no es suficiente con un endurecimiento del estado y la represi\u00f3n, como en los a\u00f1os 30 en la Gran Depresi\u00f3n, la extrema derecha deja paso al fascismo. El fascismo deja a un lado el parlamentarismo burgu\u00e9s, un obst\u00e1culo m\u00e1s, y se encamina al choque directo con la clase obrera organizada (partidos y sindicatos), a la opresi\u00f3n de los pueblos&#8230; es decir, a disolver desde la acci\u00f3n en la calle y la represi\u00f3n toda forma de oposici\u00f3n de clase, popular o democr\u00e1tica organizada. Lo que vemos hoy es la primera fase de reconstrucci\u00f3n de la extrema derecha, como formulaciones autoritarias, todav\u00eda no es el fascismo.<\/p>\n<h2>La lucha por la calle<\/h2>\n<p>Los grupos fascistas siempre han actuado en la calle, con asesinatos como nuestra Yolanda Gonz\u00e1lez y Guillem Agull\u00f3. Vox sale de la marginalidad de esos grupos fascistas, y baja a pie de calle. Los vimos en la Bonanova de Barcelona, primero en la Plaza Art\u00f3s para ir hacia el centro donde los activistas independentistas se movilizaban en Plaza Urquinaona contra la sentencia del Proc\u00e9s en 2019. En el Barrio de Salamanca contra la pol\u00edtica sanitaria de confinamientos del Gobierno S\u00e1nchez-Iglesias, denunciando el totalitarismo comunista. Volv\u00edan a la Bonanova en el acto de inicio de campa\u00f1a de estas elecciones en la movilizaci\u00f3n convocada por Desocupa ahora contra los dos bloques ocupados. Abascal volv\u00eda unos d\u00edas despu\u00e9s y reun\u00eda a unos cientos de personas, invocando \u00abel esp\u00edritu de la Plaza Art\u00f3s\u00bb. Cierto que cuando intentaron ampliar la base en la manifestaci\u00f3n de cierre de campa\u00f1a, Desocupa-Vox pincharon.<\/p>\n<p>La lucha contra la extrema derecha no es s\u00f3lo una batalla ideol\u00f3gica contra el machismo, racismo, espa\u00f1olismo&#8230; porque no se esconden y hacen bandera. Como es equivocado intentar \u00abaislar\u00bb a la extrema-derecha con un pacto de las fuerzas \u00abdemocr\u00e1ticas\u00bb. Para enfrentar la extrema derecha es necesario hacerlo desde la independencia de clase, combatiendo las pol\u00edticas de los Gobiernos que ponen la alfombra al desarrollo de la extrema derecha. \u00bfC\u00f3mo es posible combatir el racismo de Vox si no es desde la denuncia de la pol\u00edtica de inmigraci\u00f3n del Gobierno PSOE-IU-Podemos que asesin\u00f3 a 37 inmigrantes en la valla de Melilla? \u00bfC\u00f3mo combatir la criminalizaci\u00f3n de la ocupaci\u00f3n de Vox, sin cuestionar a los gobiernos centrales y auton\u00f3mico que permiten miles de pisos vac\u00edos en manos de los grandes tenedores, que no cortan la especulaci\u00f3n ni impulsan un parque p\u00fablico? \u00bfO sin luchar contra la precariedad laboral, los despidos y cierres? Si no ponemos el centro en la lucha en f\u00e1bricas, lugares de estudio y barrios, la organizaci\u00f3n y la movilizaci\u00f3n para resolver estos problemas, entonces todo el discurso queda servido a la demagogia de la extrema derecha.<\/p>\n<p>Cada 12 de octubre hace unos a\u00f1os los grupos fascistas hac\u00edan la fiesta provocadora en la Pla\u00e7a dels Pa\u00efsos Catalans de Sants. Cada a\u00f1o hab\u00eda choques con j\u00f3venes del barrio y como siempre la polic\u00eda acababa deteniendo a los antifascistas. Hasta que el barrio, desde las asociaciones de vecinos, entidades, partidos de izquierdas, sindicatos organiz\u00f3 el rechazo masivo, y los actos fascistas del 12 de octubre fueron expulsados del barrio.<\/p>\n<p>El presidente del Banco Sabadell Josep Oliu en junio de 2014 propon\u00eda crear \u00abuna especie de Podemos de derechas\u00bb. Ciudadanos fue la respuesta. El ciclo Podemos decae, a la vez que el de C&#8217;s. No es casual que el Sabadell contrate ahora a Clara Melo, la mano derecha de Arrimadas. No se trata del regreso al bipartidismo. La tensi\u00f3n social sube. C&#8217;s se sustituye por Vox, el problema es que la crisis de Podemos no da lugar todav\u00eda a partidos a su izquierda, una izquierda revolucionaria. Ciertamente, para hacer posible Vox han habido inversiones multimillonarias, la respuesta de la izquierda por la ruptura con el capitalismo y la monarqu\u00eda s\u00f3lo ser\u00e1 posible con actividad militante y la movilizaci\u00f3n. \u00c9sta es la tarea.<\/p>","protected":false},"excerpt":{"rendered":"<p>Uno de los resultados destacados en las elecciones ha sido el avance de Vox: duplica votos en las municipales, triplica el n\u00famero de concejales. Una parte de este avance es a expensas de Ciudadanos (C&#8217;s) que se hunde. Vox, con 1,6 millones de votos, est\u00e1 cerca de los 1,9 que [&hellip;]<\/p>\n","protected":false},"author":15,"featured_media":31356,"comment_status":"closed","ping_status":"closed","sticky":false,"template":"","format":"standard","meta":{"footnotes":""},"categories":[72],"tags":[],"class_list":["post-55658","post","type-post","status-publish","format-standard","has-post-thumbnail","hentry","category-opinion"],"yoast_head":"<!-- This site is optimized with the Yoast SEO plugin v27.5 - https:\/\/yoast.com\/product\/yoast-seo-wordpress\/ -->\n<title>Combatir la extrema derecha, combatir VOX - Revista Rambla<\/title>\n<meta name=\"robots\" content=\"index, follow, max-snippet:-1, max-image-preview:large, max-video-preview:-1\" \/>\n<link rel=\"canonical\" href=\"https:\/\/www.revistarambla.com\/en\/combatir-la-extrema-derecha-combatir-vox\/\" \/>\n<meta property=\"og:locale\" content=\"en_GB\" \/>\n<meta property=\"og:type\" content=\"article\" \/>\n<meta property=\"og:title\" content=\"Combatir la extrema derecha, combatir VOX - Revista Rambla\" \/>\n<meta property=\"og:description\" content=\"Uno de los resultados destacados en las elecciones ha sido el avance de Vox: duplica votos en las municipales, triplica el n\u00famero de concejales. Una parte de este avance es a expensas de Ciudadanos (C&#8217;s) que se hunde. Vox, con 1,6 millones de votos, est\u00e1 cerca de los 1,9 que [&hellip;]\" \/>\n<meta property=\"og:url\" content=\"https:\/\/www.revistarambla.com\/en\/combatir-la-extrema-derecha-combatir-vox\/\" \/>\n<meta property=\"og:site_name\" content=\"Revista Rambla\" \/>\n<meta property=\"article:publisher\" content=\"https:\/\/www.facebook.com\/revistarambla\/\" \/>\n<meta property=\"article:published_time\" content=\"2023-06-22T16:50:12+00:00\" \/>\n<meta property=\"og:image\" content=\"https:\/\/www.revistarambla.com\/wp-content\/uploads\/2021\/05\/vox__paolo_calleri.jpg\" \/>\n\t<meta property=\"og:image:width\" content=\"800\" \/>\n\t<meta property=\"og:image:height\" content=\"566\" \/>\n\t<meta property=\"og:image:type\" content=\"image\/jpeg\" \/>\n<meta name=\"author\" content=\"Josep Llu\u00eds del Alc\u00e1zar\" \/>\n<meta name=\"twitter:card\" content=\"summary_large_image\" \/>\n<meta name=\"twitter:creator\" content=\"@revistarambla\" \/>\n<meta name=\"twitter:site\" content=\"@revistarambla\" \/>\n<meta name=\"twitter:label1\" content=\"Written by\" \/>\n\t<meta name=\"twitter:data1\" content=\"Josep Llu\u00eds del Alc\u00e1zar\" \/>\n\t<meta name=\"twitter:label2\" content=\"Estimated reading time\" \/>\n\t<meta name=\"twitter:data2\" content=\"5 minutes\" \/>\n<script type=\"application\/ld+json\" class=\"yoast-schema-graph\">{\"@context\":\"https:\\\/\\\/schema.org\",\"@graph\":[{\"@type\":\"Article\",\"@id\":\"https:\\\/\\\/www.revistarambla.com\\\/combatir-la-extrema-derecha-combatir-vox\\\/#article\",\"isPartOf\":{\"@id\":\"https:\\\/\\\/www.revistarambla.com\\\/combatir-la-extrema-derecha-combatir-vox\\\/\"},\"author\":{\"name\":\"Josep Llu\u00eds del Alc\u00e1zar\",\"@id\":\"https:\\\/\\\/www.revistarambla.com\\\/#\\\/schema\\\/person\\\/2b19179a8ace334b829ad72cc6e6ce97\"},\"headline\":\"Combatir la extrema derecha, combatir VOX\",\"datePublished\":\"2023-06-22T16:50:12+00:00\",\"mainEntityOfPage\":{\"@id\":\"https:\\\/\\\/www.revistarambla.com\\\/combatir-la-extrema-derecha-combatir-vox\\\/\"},\"wordCount\":1105,\"publisher\":{\"@id\":\"https:\\\/\\\/www.revistarambla.com\\\/#organization\"},\"image\":{\"@id\":\"https:\\\/\\\/www.revistarambla.com\\\/combatir-la-extrema-derecha-combatir-vox\\\/#primaryimage\"},\"thumbnailUrl\":\"https:\\\/\\\/www.revistarambla.com\\\/wp-content\\\/uploads\\\/2021\\\/05\\\/vox__paolo_calleri.jpg\",\"articleSection\":[\"Opiniones\"],\"inLanguage\":\"en-GB\"},{\"@type\":\"WebPage\",\"@id\":\"https:\\\/\\\/www.revistarambla.com\\\/combatir-la-extrema-derecha-combatir-vox\\\/\",\"url\":\"https:\\\/\\\/www.revistarambla.com\\\/combatir-la-extrema-derecha-combatir-vox\\\/\",\"name\":\"Combatir la extrema derecha, combatir VOX - Revista Rambla\",\"isPartOf\":{\"@id\":\"https:\\\/\\\/www.revistarambla.com\\\/#website\"},\"primaryImageOfPage\":{\"@id\":\"https:\\\/\\\/www.revistarambla.com\\\/combatir-la-extrema-derecha-combatir-vox\\\/#primaryimage\"},\"image\":{\"@id\":\"https:\\\/\\\/www.revistarambla.com\\\/combatir-la-extrema-derecha-combatir-vox\\\/#primaryimage\"},\"thumbnailUrl\":\"https:\\\/\\\/www.revistarambla.com\\\/wp-content\\\/uploads\\\/2021\\\/05\\\/vox__paolo_calleri.jpg\",\"datePublished\":\"2023-06-22T16:50:12+00:00\",\"breadcrumb\":{\"@id\":\"https:\\\/\\\/www.revistarambla.com\\\/combatir-la-extrema-derecha-combatir-vox\\\/#breadcrumb\"},\"inLanguage\":\"en-GB\",\"potentialAction\":[{\"@type\":\"ReadAction\",\"target\":[\"https:\\\/\\\/www.revistarambla.com\\\/combatir-la-extrema-derecha-combatir-vox\\\/\"]}]},{\"@type\":\"ImageObject\",\"inLanguage\":\"en-GB\",\"@id\":\"https:\\\/\\\/www.revistarambla.com\\\/combatir-la-extrema-derecha-combatir-vox\\\/#primaryimage\",\"url\":\"https:\\\/\\\/www.revistarambla.com\\\/wp-content\\\/uploads\\\/2021\\\/05\\\/vox__paolo_calleri.jpg\",\"contentUrl\":\"https:\\\/\\\/www.revistarambla.com\\\/wp-content\\\/uploads\\\/2021\\\/05\\\/vox__paolo_calleri.jpg\",\"width\":800,\"height\":566},{\"@type\":\"BreadcrumbList\",\"@id\":\"https:\\\/\\\/www.revistarambla.com\\\/combatir-la-extrema-derecha-combatir-vox\\\/#breadcrumb\",\"itemListElement\":[{\"@type\":\"ListItem\",\"position\":1,\"name\":\"Portada\",\"item\":\"https:\\\/\\\/www.revistarambla.com\\\/\"},{\"@type\":\"ListItem\",\"position\":2,\"name\":\"Combatir la extrema derecha, combatir VOX\"}]},{\"@type\":\"WebSite\",\"@id\":\"https:\\\/\\\/www.revistarambla.com\\\/#website\",\"url\":\"https:\\\/\\\/www.revistarambla.com\\\/\",\"name\":\"Revista Rambla Barcelona\",\"description\":\"Periodismo independiente\",\"publisher\":{\"@id\":\"https:\\\/\\\/www.revistarambla.com\\\/#organization\"},\"potentialAction\":[{\"@type\":\"SearchAction\",\"target\":{\"@type\":\"EntryPoint\",\"urlTemplate\":\"https:\\\/\\\/www.revistarambla.com\\\/?s={search_term_string}\"},\"query-input\":{\"@type\":\"PropertyValueSpecification\",\"valueRequired\":true,\"valueName\":\"search_term_string\"}}],\"inLanguage\":\"en-GB\"},{\"@type\":\"Organization\",\"@id\":\"https:\\\/\\\/www.revistarambla.com\\\/#organization\",\"name\":\"Revista Rambla\",\"url\":\"https:\\\/\\\/www.revistarambla.com\\\/\",\"logo\":{\"@type\":\"ImageObject\",\"inLanguage\":\"en-GB\",\"@id\":\"https:\\\/\\\/www.revistarambla.com\\\/#\\\/schema\\\/logo\\\/image\\\/\",\"url\":\"https:\\\/\\\/www.revistarambla.com\\\/wp-content\\\/uploads\\\/2020\\\/09\\\/banner_rambla_1900x600_BB.png\",\"contentUrl\":\"https:\\\/\\\/www.revistarambla.com\\\/wp-content\\\/uploads\\\/2020\\\/09\\\/banner_rambla_1900x600_BB.png\",\"width\":1900,\"height\":600,\"caption\":\"Revista Rambla\"},\"image\":{\"@id\":\"https:\\\/\\\/www.revistarambla.com\\\/#\\\/schema\\\/logo\\\/image\\\/\"},\"sameAs\":[\"https:\\\/\\\/www.facebook.com\\\/revistarambla\\\/\",\"https:\\\/\\\/x.com\\\/revistarambla\",\"https:\\\/\\\/www.instagram.com\\\/revista_rambla\",\"https:\\\/\\\/es.linkedin.com\\\/company\\\/revista-rambla\"]},{\"@type\":\"Person\",\"@id\":\"https:\\\/\\\/www.revistarambla.com\\\/#\\\/schema\\\/person\\\/2b19179a8ace334b829ad72cc6e6ce97\",\"name\":\"Josep Llu\u00eds del Alc\u00e1zar\"}]}<\/script>\n<!-- \/ Yoast SEO plugin. -->","yoast_head_json":{"title":"Combatir la extrema derecha, combatir VOX - Revista Rambla","robots":{"index":"index","follow":"follow","max-snippet":"max-snippet:-1","max-image-preview":"max-image-preview:large","max-video-preview":"max-video-preview:-1"},"canonical":"https:\/\/www.revistarambla.com\/en\/combatir-la-extrema-derecha-combatir-vox\/","og_locale":"en_GB","og_type":"article","og_title":"Combatir la extrema derecha, combatir VOX - Revista Rambla","og_description":"Uno de los resultados destacados en las elecciones ha sido el avance de Vox: duplica votos en las municipales, triplica el n\u00famero de concejales. Una parte de este avance es a expensas de Ciudadanos (C&#8217;s) que se hunde. Vox, con 1,6 millones de votos, est\u00e1 cerca de los 1,9 que [&hellip;]","og_url":"https:\/\/www.revistarambla.com\/en\/combatir-la-extrema-derecha-combatir-vox\/","og_site_name":"Revista Rambla","article_publisher":"https:\/\/www.facebook.com\/revistarambla\/","article_published_time":"2023-06-22T16:50:12+00:00","og_image":[{"width":800,"height":566,"url":"https:\/\/www.revistarambla.com\/wp-content\/uploads\/2021\/05\/vox__paolo_calleri.jpg","type":"image\/jpeg"}],"author":"Josep Llu\u00eds del Alc\u00e1zar","twitter_card":"summary_large_image","twitter_creator":"@revistarambla","twitter_site":"@revistarambla","twitter_misc":{"Written by":"Josep Llu\u00eds del Alc\u00e1zar","Estimated reading time":"5 minutes"},"schema":{"@context":"https:\/\/schema.org","@graph":[{"@type":"Article","@id":"https:\/\/www.revistarambla.com\/combatir-la-extrema-derecha-combatir-vox\/#article","isPartOf":{"@id":"https:\/\/www.revistarambla.com\/combatir-la-extrema-derecha-combatir-vox\/"},"author":{"name":"Josep Llu\u00eds del Alc\u00e1zar","@id":"https:\/\/www.revistarambla.com\/#\/schema\/person\/2b19179a8ace334b829ad72cc6e6ce97"},"headline":"Combatir la extrema derecha, combatir VOX","datePublished":"2023-06-22T16:50:12+00:00","mainEntityOfPage":{"@id":"https:\/\/www.revistarambla.com\/combatir-la-extrema-derecha-combatir-vox\/"},"wordCount":1105,"publisher":{"@id":"https:\/\/www.revistarambla.com\/#organization"},"image":{"@id":"https:\/\/www.revistarambla.com\/combatir-la-extrema-derecha-combatir-vox\/#primaryimage"},"thumbnailUrl":"https:\/\/www.revistarambla.com\/wp-content\/uploads\/2021\/05\/vox__paolo_calleri.jpg","articleSection":["Opiniones"],"inLanguage":"en-GB"},{"@type":"WebPage","@id":"https:\/\/www.revistarambla.com\/combatir-la-extrema-derecha-combatir-vox\/","url":"https:\/\/www.revistarambla.com\/combatir-la-extrema-derecha-combatir-vox\/","name":"Combatir la extrema derecha, combatir VOX - Revista Rambla","isPartOf":{"@id":"https:\/\/www.revistarambla.com\/#website"},"primaryImageOfPage":{"@id":"https:\/\/www.revistarambla.com\/combatir-la-extrema-derecha-combatir-vox\/#primaryimage"},"image":{"@id":"https:\/\/www.revistarambla.com\/combatir-la-extrema-derecha-combatir-vox\/#primaryimage"},"thumbnailUrl":"https:\/\/www.revistarambla.com\/wp-content\/uploads\/2021\/05\/vox__paolo_calleri.jpg","datePublished":"2023-06-22T16:50:12+00:00","breadcrumb":{"@id":"https:\/\/www.revistarambla.com\/combatir-la-extrema-derecha-combatir-vox\/#breadcrumb"},"inLanguage":"en-GB","potentialAction":[{"@type":"ReadAction","target":["https:\/\/www.revistarambla.com\/combatir-la-extrema-derecha-combatir-vox\/"]}]},{"@type":"ImageObject","inLanguage":"en-GB","@id":"https:\/\/www.revistarambla.com\/combatir-la-extrema-derecha-combatir-vox\/#primaryimage","url":"https:\/\/www.revistarambla.com\/wp-content\/uploads\/2021\/05\/vox__paolo_calleri.jpg","contentUrl":"https:\/\/www.revistarambla.com\/wp-content\/uploads\/2021\/05\/vox__paolo_calleri.jpg","width":800,"height":566},{"@type":"BreadcrumbList","@id":"https:\/\/www.revistarambla.com\/combatir-la-extrema-derecha-combatir-vox\/#breadcrumb","itemListElement":[{"@type":"ListItem","position":1,"name":"Portada","item":"https:\/\/www.revistarambla.com\/"},{"@type":"ListItem","position":2,"name":"Combatir la extrema derecha, combatir VOX"}]},{"@type":"WebSite","@id":"https:\/\/www.revistarambla.com\/#website","url":"https:\/\/www.revistarambla.com\/","name":"Revista Rambla Barcelona","description":"Periodismo independiente","publisher":{"@id":"https:\/\/www.revistarambla.com\/#organization"},"potentialAction":[{"@type":"SearchAction","target":{"@type":"EntryPoint","urlTemplate":"https:\/\/www.revistarambla.com\/?s={search_term_string}"},"query-input":{"@type":"PropertyValueSpecification","valueRequired":true,"valueName":"search_term_string"}}],"inLanguage":"en-GB"},{"@type":"Organization","@id":"https:\/\/www.revistarambla.com\/#organization","name":"Revista Rambla","url":"https:\/\/www.revistarambla.com\/","logo":{"@type":"ImageObject","inLanguage":"en-GB","@id":"https:\/\/www.revistarambla.com\/#\/schema\/logo\/image\/","url":"https:\/\/www.revistarambla.com\/wp-content\/uploads\/2020\/09\/banner_rambla_1900x600_BB.png","contentUrl":"https:\/\/www.revistarambla.com\/wp-content\/uploads\/2020\/09\/banner_rambla_1900x600_BB.png","width":1900,"height":600,"caption":"Revista Rambla"},"image":{"@id":"https:\/\/www.revistarambla.com\/#\/schema\/logo\/image\/"},"sameAs":["https:\/\/www.facebook.com\/revistarambla\/","https:\/\/x.com\/revistarambla","https:\/\/www.instagram.com\/revista_rambla","https:\/\/es.linkedin.com\/company\/revista-rambla"]},{"@type":"Person","@id":"https:\/\/www.revistarambla.com\/#\/schema\/person\/2b19179a8ace334b829ad72cc6e6ce97","name":"Josep Llu\u00eds del Alc\u00e1zar"}]}},"_links":{"self":[{"href":"https:\/\/www.revistarambla.com\/en\/wp-json\/wp\/v2\/posts\/55658","targetHints":{"allow":["GET"]}}],"collection":[{"href":"https:\/\/www.revistarambla.com\/en\/wp-json\/wp\/v2\/posts"}],"about":[{"href":"https:\/\/www.revistarambla.com\/en\/wp-json\/wp\/v2\/types\/post"}],"author":[{"embeddable":true,"href":"https:\/\/www.revistarambla.com\/en\/wp-json\/wp\/v2\/users\/15"}],"replies":[{"embeddable":true,"href":"https:\/\/www.revistarambla.com\/en\/wp-json\/wp\/v2\/comments?post=55658"}],"version-history":[{"count":1,"href":"https:\/\/www.revistarambla.com\/en\/wp-json\/wp\/v2\/posts\/55658\/revisions"}],"predecessor-version":[{"id":55659,"href":"https:\/\/www.revistarambla.com\/en\/wp-json\/wp\/v2\/posts\/55658\/revisions\/55659"}],"wp:featuredmedia":[{"embeddable":true,"href":"https:\/\/www.revistarambla.com\/en\/wp-json\/wp\/v2\/media\/31356"}],"wp:attachment":[{"href":"https:\/\/www.revistarambla.com\/en\/wp-json\/wp\/v2\/media?parent=55658"}],"wp:term":[{"taxonomy":"category","embeddable":true,"href":"https:\/\/www.revistarambla.com\/en\/wp-json\/wp\/v2\/categories?post=55658"},{"taxonomy":"post_tag","embeddable":true,"href":"https:\/\/www.revistarambla.com\/en\/wp-json\/wp\/v2\/tags?post=55658"}],"curies":[{"name":"wp","href":"https:\/\/api.w.org\/{rel}","templated":true}]}}