{"id":55561,"date":"2023-06-19T12:37:21","date_gmt":"2023-06-19T10:37:21","guid":{"rendered":"https:\/\/www.revistarambla.com\/?p=55561"},"modified":"2023-12-14T19:08:24","modified_gmt":"2023-12-14T18:08:24","slug":"woody-allen-inaugurara-el-jazz-barcelona-en-el-tivoli","status":"publish","type":"post","link":"https:\/\/www.revistarambla.com\/en\/woody-allen-inaugurara-el-jazz-barcelona-en-el-tivoli\/","title":{"rendered":"Woody Allen inaugurar\u00e1 el Jazz Barcelona en el T\u00edvoli"},"content":{"rendered":"<p>Woody Allen\u00a0llegar\u00e1 a Barcelona el 19 de septiembre, para protagonizar lo que ser\u00e1 su \u00fanico concierto en nuestro territorio.<!--more--> El Teatre T\u00edvoli acoger\u00e1 esta cita tan especial, que dar\u00e1 la bienvenida y el pistoletazo de salida al Festival.<\/p>\n<p>La pasi\u00f3n por el jazz de Woody Allen est\u00e1 en el origen de su nombre art\u00edstico, en homenaje al gran clarinetista, saxofonista y director de orquesta Woody Hermann. De hecho, incluso en alguna entrevista Allen ha dicho que su amor por el jazz es m\u00e1s poderoso que su amor por el arte que le ha hecho c\u00e9lebre, el cine.<\/p>\n<p>Clarinetista aficionado y coleccionista erudito de jazz cl\u00e1sico, Allen toca desde hace a\u00f1os con una banda \u2013hasta su muerte, en 2020, dirigida por Eddy Davis, y ahora por Conal Fowkes\u2013 que le ofrece el placer de rememorar a \u00eddolos reales y ficticios en el escenario, como Emmet Ray, el protagonista de\u00a0Sweet and lowdown, guitarrista cuyo referente fetiche es Django Reinhardt.<\/p>\n<p>A punto de cumplir 88 a\u00f1os, Allen vuelve a Barcelona para debutar en nuestro festival y continuar con su trabajo de proselitismo a favor de la mejor m\u00fasica del mundo, el jazz.<\/p>\n<p>Con\u00a0Woody\u00a0Allen\u00a0empezar\u00e1 pues un intenso oto\u00f1o jazz\u00edstico que incluye nombres como Joshua Redman, Bebel Gilberto, Sergio Mendes, Ron Carter, Richard Bona, Michel Camilo, Andrea Motis, Clara Peya, Maro, Chris Potter, Bad Plus, Joey Calderazzo, Dave Douglas, Marco Mezquida, Sofiane Pamart, la Sant Andreu Jazz Band y Carles Benavent, entre otros muchos, aparte de la habitual serie flamenca\u00a0De Caj\u00f3n!, que ya ha confirmado nombres como\u00a0Miguel\u00a0Poveda\u00a0y\u00a0Tomatito.<\/p>","protected":false},"excerpt":{"rendered":"<p>La cita ser\u00e1 en el Teatre T\u00edvoli el martes, 19 de setiembre en un \u00fanico concierto acompa\u00f1ado de su inseparable New Orleans Jazz Band<\/p>","protected":false},"author":3,"featured_media":55562,"comment_status":"closed","ping_status":"closed","sticky":false,"template":"","format":"standard","meta":{"footnotes":""},"categories":[65],"tags":[],"class_list":["post-55561","post","type-post","status-publish","format-standard","has-post-thumbnail","hentry","category-musica"],"yoast_head":"<!-- This site is optimized with the Yoast SEO plugin v27.5 - https:\/\/yoast.com\/product\/yoast-seo-wordpress\/ -->\n<title>Woody Allen inaugurar\u00e1 el Jazz Barcelona en el T\u00edvoli - Revista Rambla<\/title>\n<meta name=\"robots\" content=\"index, follow, max-snippet:-1, max-image-preview:large, max-video-preview:-1\" \/>\n<link rel=\"canonical\" href=\"https:\/\/www.revistarambla.com\/en\/woody-allen-inaugurara-el-jazz-barcelona-en-el-tivoli\/\" \/>\n<meta property=\"og:locale\" content=\"en_GB\" \/>\n<meta property=\"og:type\" content=\"article\" \/>\n<meta property=\"og:title\" content=\"Woody Allen inaugurar\u00e1 el Jazz Barcelona en el T\u00edvoli - Revista Rambla\" \/>\n<meta property=\"og:description\" content=\"La cita ser\u00e1 en el Teatre T\u00edvoli el martes, 19 de setiembre en un \u00fanico concierto acompa\u00f1ado de su inseparable New Orleans Jazz Band\" \/>\n<meta property=\"og:url\" content=\"https:\/\/www.revistarambla.com\/en\/woody-allen-inaugurara-el-jazz-barcelona-en-el-tivoli\/\" \/>\n<meta property=\"og:site_name\" content=\"Revista Rambla\" \/>\n<meta property=\"article:publisher\" content=\"https:\/\/www.facebook.com\/revistarambla\/\" \/>\n<meta property=\"article:author\" content=\"https:\/\/www.facebook.com\/revistarambla\" \/>\n<meta property=\"article:published_time\" content=\"2023-06-19T10:37:21+00:00\" \/>\n<meta property=\"article:modified_time\" content=\"2023-12-14T18:08:24+00:00\" \/>\n<meta property=\"og:image\" content=\"https:\/\/www.revistarambla.com\/wp-content\/uploads\/2023\/06\/WoodyAllenPortraitbyPeterHundert.171042.jpg\" \/>\n\t<meta property=\"og:image:width\" content=\"1119\" \/>\n\t<meta property=\"og:image:height\" content=\"939\" \/>\n\t<meta property=\"og:image:type\" content=\"image\/jpeg\" \/>\n<meta name=\"author\" content=\"R@mbla\" \/>\n<meta name=\"twitter:card\" content=\"summary_large_image\" \/>\n<meta name=\"twitter:creator\" content=\"@revistarambla\" \/>\n<meta name=\"twitter:site\" content=\"@revistarambla\" \/>\n<meta name=\"twitter:label1\" content=\"Written by\" \/>\n\t<meta name=\"twitter:data1\" content=\"R@mbla\" \/>\n\t<meta name=\"twitter:label2\" content=\"Estimated reading time\" \/>\n\t<meta name=\"twitter:data2\" content=\"2 minutes\" \/>\n<script type=\"application\/ld+json\" class=\"yoast-schema-graph\">{\"@context\":\"https:\\\/\\\/schema.org\",\"@graph\":[{\"@type\":\"Article\",\"@id\":\"https:\\\/\\\/www.revistarambla.com\\\/woody-allen-inaugurara-el-jazz-barcelona-en-el-tivoli\\\/#article\",\"isPartOf\":{\"@id\":\"https:\\\/\\\/www.revistarambla.com\\\/woody-allen-inaugurara-el-jazz-barcelona-en-el-tivoli\\\/\"},\"author\":{\"name\":\"R@mbla\",\"@id\":\"https:\\\/\\\/www.revistarambla.com\\\/#\\\/schema\\\/person\\\/a146a5a2550b94981a75131180e1bd9c\"},\"headline\":\"Woody Allen inaugurar\u00e1 el Jazz Barcelona en el T\u00edvoli\",\"datePublished\":\"2023-06-19T10:37:21+00:00\",\"dateModified\":\"2023-12-14T18:08:24+00:00\",\"mainEntityOfPage\":{\"@id\":\"https:\\\/\\\/www.revistarambla.com\\\/woody-allen-inaugurara-el-jazz-barcelona-en-el-tivoli\\\/\"},\"wordCount\":281,\"publisher\":{\"@id\":\"https:\\\/\\\/www.revistarambla.com\\\/#organization\"},\"image\":{\"@id\":\"https:\\\/\\\/www.revistarambla.com\\\/woody-allen-inaugurara-el-jazz-barcelona-en-el-tivoli\\\/#primaryimage\"},\"thumbnailUrl\":\"https:\\\/\\\/www.revistarambla.com\\\/wp-content\\\/uploads\\\/2023\\\/06\\\/WoodyAllenPortraitbyPeterHundert.171042.jpg\",\"articleSection\":[\"M\u00fasica\"],\"inLanguage\":\"en-GB\"},{\"@type\":\"WebPage\",\"@id\":\"https:\\\/\\\/www.revistarambla.com\\\/woody-allen-inaugurara-el-jazz-barcelona-en-el-tivoli\\\/\",\"url\":\"https:\\\/\\\/www.revistarambla.com\\\/woody-allen-inaugurara-el-jazz-barcelona-en-el-tivoli\\\/\",\"name\":\"Woody Allen inaugurar\u00e1 el Jazz Barcelona en el T\u00edvoli - Revista Rambla\",\"isPartOf\":{\"@id\":\"https:\\\/\\\/www.revistarambla.com\\\/#website\"},\"primaryImageOfPage\":{\"@id\":\"https:\\\/\\\/www.revistarambla.com\\\/woody-allen-inaugurara-el-jazz-barcelona-en-el-tivoli\\\/#primaryimage\"},\"image\":{\"@id\":\"https:\\\/\\\/www.revistarambla.com\\\/woody-allen-inaugurara-el-jazz-barcelona-en-el-tivoli\\\/#primaryimage\"},\"thumbnailUrl\":\"https:\\\/\\\/www.revistarambla.com\\\/wp-content\\\/uploads\\\/2023\\\/06\\\/WoodyAllenPortraitbyPeterHundert.171042.jpg\",\"datePublished\":\"2023-06-19T10:37:21+00:00\",\"dateModified\":\"2023-12-14T18:08:24+00:00\",\"breadcrumb\":{\"@id\":\"https:\\\/\\\/www.revistarambla.com\\\/woody-allen-inaugurara-el-jazz-barcelona-en-el-tivoli\\\/#breadcrumb\"},\"inLanguage\":\"en-GB\",\"potentialAction\":[{\"@type\":\"ReadAction\",\"target\":[\"https:\\\/\\\/www.revistarambla.com\\\/woody-allen-inaugurara-el-jazz-barcelona-en-el-tivoli\\\/\"]}]},{\"@type\":\"ImageObject\",\"inLanguage\":\"en-GB\",\"@id\":\"https:\\\/\\\/www.revistarambla.com\\\/woody-allen-inaugurara-el-jazz-barcelona-en-el-tivoli\\\/#primaryimage\",\"url\":\"https:\\\/\\\/www.revistarambla.com\\\/wp-content\\\/uploads\\\/2023\\\/06\\\/WoodyAllenPortraitbyPeterHundert.171042.jpg\",\"contentUrl\":\"https:\\\/\\\/www.revistarambla.com\\\/wp-content\\\/uploads\\\/2023\\\/06\\\/WoodyAllenPortraitbyPeterHundert.171042.jpg\",\"width\":1119,\"height\":939},{\"@type\":\"BreadcrumbList\",\"@id\":\"https:\\\/\\\/www.revistarambla.com\\\/woody-allen-inaugurara-el-jazz-barcelona-en-el-tivoli\\\/#breadcrumb\",\"itemListElement\":[{\"@type\":\"ListItem\",\"position\":1,\"name\":\"Portada\",\"item\":\"https:\\\/\\\/www.revistarambla.com\\\/\"},{\"@type\":\"ListItem\",\"position\":2,\"name\":\"Woody Allen inaugurar\u00e1 el Jazz Barcelona en el T\u00edvoli\"}]},{\"@type\":\"WebSite\",\"@id\":\"https:\\\/\\\/www.revistarambla.com\\\/#website\",\"url\":\"https:\\\/\\\/www.revistarambla.com\\\/\",\"name\":\"Revista Rambla Barcelona\",\"description\":\"Periodismo independiente\",\"publisher\":{\"@id\":\"https:\\\/\\\/www.revistarambla.com\\\/#organization\"},\"potentialAction\":[{\"@type\":\"SearchAction\",\"target\":{\"@type\":\"EntryPoint\",\"urlTemplate\":\"https:\\\/\\\/www.revistarambla.com\\\/?s={search_term_string}\"},\"query-input\":{\"@type\":\"PropertyValueSpecification\",\"valueRequired\":true,\"valueName\":\"search_term_string\"}}],\"inLanguage\":\"en-GB\"},{\"@type\":\"Organization\",\"@id\":\"https:\\\/\\\/www.revistarambla.com\\\/#organization\",\"name\":\"Revista Rambla\",\"url\":\"https:\\\/\\\/www.revistarambla.com\\\/\",\"logo\":{\"@type\":\"ImageObject\",\"inLanguage\":\"en-GB\",\"@id\":\"https:\\\/\\\/www.revistarambla.com\\\/#\\\/schema\\\/logo\\\/image\\\/\",\"url\":\"https:\\\/\\\/www.revistarambla.com\\\/wp-content\\\/uploads\\\/2020\\\/09\\\/banner_rambla_1900x600_BB.png\",\"contentUrl\":\"https:\\\/\\\/www.revistarambla.com\\\/wp-content\\\/uploads\\\/2020\\\/09\\\/banner_rambla_1900x600_BB.png\",\"width\":1900,\"height\":600,\"caption\":\"Revista Rambla\"},\"image\":{\"@id\":\"https:\\\/\\\/www.revistarambla.com\\\/#\\\/schema\\\/logo\\\/image\\\/\"},\"sameAs\":[\"https:\\\/\\\/www.facebook.com\\\/revistarambla\\\/\",\"https:\\\/\\\/x.com\\\/revistarambla\",\"https:\\\/\\\/www.instagram.com\\\/revista_rambla\",\"https:\\\/\\\/es.linkedin.com\\\/company\\\/revista-rambla\"]},{\"@type\":\"Person\",\"@id\":\"https:\\\/\\\/www.revistarambla.com\\\/#\\\/schema\\\/person\\\/a146a5a2550b94981a75131180e1bd9c\",\"name\":\"R@mbla\",\"description\":\"Este art\u00edculo ha sido redactado y\\\/o validado por el equipo de redacci\u00f3n de Revista Rambla.\",\"sameAs\":[\"https:\\\/\\\/www.revistarambla.com\\\/\",\"https:\\\/\\\/www.facebook.com\\\/revistarambla\",\"https:\\\/\\\/x.com\\\/revistarambla\"]}]}<\/script>\n<!-- \/ Yoast SEO plugin. -->","yoast_head_json":{"title":"Woody Allen inaugurar\u00e1 el Jazz Barcelona en el T\u00edvoli - Revista Rambla","robots":{"index":"index","follow":"follow","max-snippet":"max-snippet:-1","max-image-preview":"max-image-preview:large","max-video-preview":"max-video-preview:-1"},"canonical":"https:\/\/www.revistarambla.com\/en\/woody-allen-inaugurara-el-jazz-barcelona-en-el-tivoli\/","og_locale":"en_GB","og_type":"article","og_title":"Woody Allen inaugurar\u00e1 el Jazz Barcelona en el T\u00edvoli - Revista Rambla","og_description":"La cita ser\u00e1 en el Teatre T\u00edvoli el martes, 19 de setiembre en un \u00fanico concierto acompa\u00f1ado de su inseparable New Orleans Jazz Band","og_url":"https:\/\/www.revistarambla.com\/en\/woody-allen-inaugurara-el-jazz-barcelona-en-el-tivoli\/","og_site_name":"Revista Rambla","article_publisher":"https:\/\/www.facebook.com\/revistarambla\/","article_author":"https:\/\/www.facebook.com\/revistarambla","article_published_time":"2023-06-19T10:37:21+00:00","article_modified_time":"2023-12-14T18:08:24+00:00","og_image":[{"width":1119,"height":939,"url":"https:\/\/www.revistarambla.com\/wp-content\/uploads\/2023\/06\/WoodyAllenPortraitbyPeterHundert.171042.jpg","type":"image\/jpeg"}],"author":"R@mbla","twitter_card":"summary_large_image","twitter_creator":"@revistarambla","twitter_site":"@revistarambla","twitter_misc":{"Written by":"R@mbla","Estimated reading time":"2 minutes"},"schema":{"@context":"https:\/\/schema.org","@graph":[{"@type":"Article","@id":"https:\/\/www.revistarambla.com\/woody-allen-inaugurara-el-jazz-barcelona-en-el-tivoli\/#article","isPartOf":{"@id":"https:\/\/www.revistarambla.com\/woody-allen-inaugurara-el-jazz-barcelona-en-el-tivoli\/"},"author":{"name":"R@mbla","@id":"https:\/\/www.revistarambla.com\/#\/schema\/person\/a146a5a2550b94981a75131180e1bd9c"},"headline":"Woody Allen inaugurar\u00e1 el Jazz Barcelona en el T\u00edvoli","datePublished":"2023-06-19T10:37:21+00:00","dateModified":"2023-12-14T18:08:24+00:00","mainEntityOfPage":{"@id":"https:\/\/www.revistarambla.com\/woody-allen-inaugurara-el-jazz-barcelona-en-el-tivoli\/"},"wordCount":281,"publisher":{"@id":"https:\/\/www.revistarambla.com\/#organization"},"image":{"@id":"https:\/\/www.revistarambla.com\/woody-allen-inaugurara-el-jazz-barcelona-en-el-tivoli\/#primaryimage"},"thumbnailUrl":"https:\/\/www.revistarambla.com\/wp-content\/uploads\/2023\/06\/WoodyAllenPortraitbyPeterHundert.171042.jpg","articleSection":["M\u00fasica"],"inLanguage":"en-GB"},{"@type":"WebPage","@id":"https:\/\/www.revistarambla.com\/woody-allen-inaugurara-el-jazz-barcelona-en-el-tivoli\/","url":"https:\/\/www.revistarambla.com\/woody-allen-inaugurara-el-jazz-barcelona-en-el-tivoli\/","name":"Woody Allen inaugurar\u00e1 el Jazz Barcelona en el T\u00edvoli - Revista Rambla","isPartOf":{"@id":"https:\/\/www.revistarambla.com\/#website"},"primaryImageOfPage":{"@id":"https:\/\/www.revistarambla.com\/woody-allen-inaugurara-el-jazz-barcelona-en-el-tivoli\/#primaryimage"},"image":{"@id":"https:\/\/www.revistarambla.com\/woody-allen-inaugurara-el-jazz-barcelona-en-el-tivoli\/#primaryimage"},"thumbnailUrl":"https:\/\/www.revistarambla.com\/wp-content\/uploads\/2023\/06\/WoodyAllenPortraitbyPeterHundert.171042.jpg","datePublished":"2023-06-19T10:37:21+00:00","dateModified":"2023-12-14T18:08:24+00:00","breadcrumb":{"@id":"https:\/\/www.revistarambla.com\/woody-allen-inaugurara-el-jazz-barcelona-en-el-tivoli\/#breadcrumb"},"inLanguage":"en-GB","potentialAction":[{"@type":"ReadAction","target":["https:\/\/www.revistarambla.com\/woody-allen-inaugurara-el-jazz-barcelona-en-el-tivoli\/"]}]},{"@type":"ImageObject","inLanguage":"en-GB","@id":"https:\/\/www.revistarambla.com\/woody-allen-inaugurara-el-jazz-barcelona-en-el-tivoli\/#primaryimage","url":"https:\/\/www.revistarambla.com\/wp-content\/uploads\/2023\/06\/WoodyAllenPortraitbyPeterHundert.171042.jpg","contentUrl":"https:\/\/www.revistarambla.com\/wp-content\/uploads\/2023\/06\/WoodyAllenPortraitbyPeterHundert.171042.jpg","width":1119,"height":939},{"@type":"BreadcrumbList","@id":"https:\/\/www.revistarambla.com\/woody-allen-inaugurara-el-jazz-barcelona-en-el-tivoli\/#breadcrumb","itemListElement":[{"@type":"ListItem","position":1,"name":"Portada","item":"https:\/\/www.revistarambla.com\/"},{"@type":"ListItem","position":2,"name":"Woody Allen inaugurar\u00e1 el Jazz Barcelona en el T\u00edvoli"}]},{"@type":"WebSite","@id":"https:\/\/www.revistarambla.com\/#website","url":"https:\/\/www.revistarambla.com\/","name":"Revista Rambla Barcelona","description":"Periodismo independiente","publisher":{"@id":"https:\/\/www.revistarambla.com\/#organization"},"potentialAction":[{"@type":"SearchAction","target":{"@type":"EntryPoint","urlTemplate":"https:\/\/www.revistarambla.com\/?s={search_term_string}"},"query-input":{"@type":"PropertyValueSpecification","valueRequired":true,"valueName":"search_term_string"}}],"inLanguage":"en-GB"},{"@type":"Organization","@id":"https:\/\/www.revistarambla.com\/#organization","name":"Revista Rambla","url":"https:\/\/www.revistarambla.com\/","logo":{"@type":"ImageObject","inLanguage":"en-GB","@id":"https:\/\/www.revistarambla.com\/#\/schema\/logo\/image\/","url":"https:\/\/www.revistarambla.com\/wp-content\/uploads\/2020\/09\/banner_rambla_1900x600_BB.png","contentUrl":"https:\/\/www.revistarambla.com\/wp-content\/uploads\/2020\/09\/banner_rambla_1900x600_BB.png","width":1900,"height":600,"caption":"Revista Rambla"},"image":{"@id":"https:\/\/www.revistarambla.com\/#\/schema\/logo\/image\/"},"sameAs":["https:\/\/www.facebook.com\/revistarambla\/","https:\/\/x.com\/revistarambla","https:\/\/www.instagram.com\/revista_rambla","https:\/\/es.linkedin.com\/company\/revista-rambla"]},{"@type":"Person","@id":"https:\/\/www.revistarambla.com\/#\/schema\/person\/a146a5a2550b94981a75131180e1bd9c","name":"R@mbla","description":"Este art\u00edculo ha sido redactado y\/o validado por el equipo de redacci\u00f3n de Revista Rambla.","sameAs":["https:\/\/www.revistarambla.com\/","https:\/\/www.facebook.com\/revistarambla","https:\/\/x.com\/revistarambla"]}]}},"_links":{"self":[{"href":"https:\/\/www.revistarambla.com\/en\/wp-json\/wp\/v2\/posts\/55561","targetHints":{"allow":["GET"]}}],"collection":[{"href":"https:\/\/www.revistarambla.com\/en\/wp-json\/wp\/v2\/posts"}],"about":[{"href":"https:\/\/www.revistarambla.com\/en\/wp-json\/wp\/v2\/types\/post"}],"author":[{"embeddable":true,"href":"https:\/\/www.revistarambla.com\/en\/wp-json\/wp\/v2\/users\/3"}],"replies":[{"embeddable":true,"href":"https:\/\/www.revistarambla.com\/en\/wp-json\/wp\/v2\/comments?post=55561"}],"version-history":[{"count":1,"href":"https:\/\/www.revistarambla.com\/en\/wp-json\/wp\/v2\/posts\/55561\/revisions"}],"predecessor-version":[{"id":55563,"href":"https:\/\/www.revistarambla.com\/en\/wp-json\/wp\/v2\/posts\/55561\/revisions\/55563"}],"wp:featuredmedia":[{"embeddable":true,"href":"https:\/\/www.revistarambla.com\/en\/wp-json\/wp\/v2\/media\/55562"}],"wp:attachment":[{"href":"https:\/\/www.revistarambla.com\/en\/wp-json\/wp\/v2\/media?parent=55561"}],"wp:term":[{"taxonomy":"category","embeddable":true,"href":"https:\/\/www.revistarambla.com\/en\/wp-json\/wp\/v2\/categories?post=55561"},{"taxonomy":"post_tag","embeddable":true,"href":"https:\/\/www.revistarambla.com\/en\/wp-json\/wp\/v2\/tags?post=55561"}],"curies":[{"name":"wp","href":"https:\/\/api.w.org\/{rel}","templated":true}]}}