{"id":55068,"date":"2023-05-18T21:42:27","date_gmt":"2023-05-18T19:42:27","guid":{"rendered":"https:\/\/www.revistarambla.com\/?p=55068"},"modified":"2023-05-18T21:42:27","modified_gmt":"2023-05-18T19:42:27","slug":"el-tribunal-superior-de-justicia-de-madrid-confirma-por-sentencia-la-incapacidad-permanente-total-de-un-hombre-autonomo-y-con-fibromialgia","status":"publish","type":"post","link":"https:\/\/www.revistarambla.com\/en\/el-tribunal-superior-de-justicia-de-madrid-confirma-por-sentencia-la-incapacidad-permanente-total-de-un-hombre-autonomo-y-con-fibromialgia\/","title":{"rendered":"El Tribunal Superior de Justicia de Madrid confirma por sentencia la incapacidad permanente total de un hombre, aut\u00f3nomo y con fibromialgia"},"content":{"rendered":"<p><img decoding=\"async\" class=\"aligncenter wp-image-55069 size-full\" src=\"https:\/\/www.revistarambla.com\/wp-content\/uploads\/2023\/05\/phpPCjAIi6465dc14f3f29.jpg\" alt=\"\" width=\"1140\" height=\"435\" srcset=\"https:\/\/www.revistarambla.com\/wp-content\/uploads\/2023\/05\/phpPCjAIi6465dc14f3f29.jpg 1140w, https:\/\/www.revistarambla.com\/wp-content\/uploads\/2023\/05\/phpPCjAIi6465dc14f3f29-660x252.jpg 660w, https:\/\/www.revistarambla.com\/wp-content\/uploads\/2023\/05\/phpPCjAIi6465dc14f3f29-840x321.jpg 840w, https:\/\/www.revistarambla.com\/wp-content\/uploads\/2023\/05\/phpPCjAIi6465dc14f3f29-768x293.jpg 768w, https:\/\/www.revistarambla.com\/wp-content\/uploads\/2023\/05\/phpPCjAIi6465dc14f3f29-18x7.jpg 18w\" sizes=\"(max-width: 1140px) 100vw, 1140px\" \/><\/p>\n<p><span style=\"font-weight: 400;\">El Tribunal Superior de Justicia de Madrid ha confirmado, mediante sentencia, la incapacidad permanente total de un hombre aut\u00f3nomo que sufre de fibromialgia, una enfermedad que afecta principalmente a mujeres. Esta decisi\u00f3n, reconocida en la Sentencia n.\u00ba 312\/2023 de la Sala de lo Social, destaca que la fibromialgia no discrimina por g\u00e9nero y puede dar lugar al reconocimiento de una incapacidad permanente.<\/span><\/p>\n<p><b>No obstante, como reconoce la Sentencia n.\u00ba 312\/2023, de 17 de abril de 2023, de la Sala de lo Social del Tribunal Superior de Justicia de Madrid, esta enfermedad no solo puede afectar a hombres, sino adem\u00e1s dar lugar al reconocimiento de una incapacidad permanente.<\/b><\/p>\n<p><span style=\"font-weight: 400;\">Tras solicitud del demandante y pasar tribunal m\u00e9dico en febrero de 2022, el Instituto Nacional de la Seguridad Social deneg\u00f3 la misma \u201c<\/span><i><span style=\"font-weight: 400;\">por no alcanzar las lesiones que padece un grado suficiente de disminuci\u00f3n de su capacidad laboral<\/span><\/i><span style=\"font-weight: 400;\">\u201d.<\/span><\/p>\n<p><span style=\"font-weight: 400;\">No contento con ello, interpuso reclamaci\u00f3n previa y demanda ante los Juzgados de lo Social, recayendo sentencia estimatoria de incapacidad permanente total en septiembre de 2022.<\/span><\/p>\n<p><span style=\"font-weight: 400;\">El demandante, de profesi\u00f3n habitual \u201c<\/span><i><span style=\"font-weight: 400;\">pintor de edificios<\/span><\/i><span style=\"font-weight: 400;\">\u201d, en el R\u00e9gimen Especial de Trabajadores Aut\u00f3nomos (RETA), y sin prestar servicios desde febrero del 2020, padec\u00eda Lumbalgia cr\u00f3nica y fibromialgia grave grado III de larga evoluci\u00f3n.<\/span><\/p>\n<p><span style=\"font-weight: 400;\">A pesar de la sentencia estimatoria, el Instituto Nacional de la Seguridad Social recurri\u00f3 la decisi\u00f3n, confirmado el Tribunal Superior de Justicia de Madrid el fallo de instancia.\u00a0<\/span><\/p>\n<p><span style=\"font-weight: 400;\">Y ello por cuanto el demandante \u201c<\/span><i><span style=\"font-weight: 400;\">estar\u00eda impedido para desempe\u00f1ar las tareas propias para su profesi\u00f3n de pintor de edificios, pues exige una actividad f\u00edsica moderada, esfuerzos f\u00edsicos continuados de intensidad moderada, cargas pesos, flexi\u00f3n o extensi\u00f3n de la columna y posturas que obliguen a la fijaci\u00f3n del segmento columna afectado, as\u00ed como la adopci\u00f3n de posturas forzadas y mantenidas, <\/span><\/i><b><i>fundamentalmente por la fibromialgia grave grado III de larga evoluci\u00f3n y al constar tambi\u00e9n que se han agotado todas las posibilidades de curaci\u00f3n<\/i><\/b><i><span style=\"font-weight: 400;\"> de las lesiones mediante los tratamientos m\u00e9dicos, electroter\u00e1picos o rehabilitadores, existiendo \u00fanicamente tratamientos paliativos<\/span><\/i><span style=\"font-weight: 400;\">\u201d.<\/span><\/p>\n<p><span style=\"font-weight: 400;\">El abogado laboralista <\/span><b>D. Carlos Hern\u00e1ndez Pacheco, del despacho de abogados Valero San Roman y colaborador con <\/b><span style=\"text-decoration: underline;\"><a href=\"https:\/\/afibrom.org\/como-te-ayudamos\/\" target=\"_blank\" rel=\"nofollow noopener\"><b>AFIBROM<\/b><\/a><\/span><span style=\"font-weight: 400;\">, que represent\u00f3 al demandante afirma que, si bien es una buena noticia para muchos hombres y mujeres que padecen esta enfermedad, no se puede obtener de esta sentencia una regla general. \u00abSiempre debemos analizar las limitaciones que presenta el cuadro cl\u00ednico de cada asociado, para ponerlas en relaci\u00f3n con los requerimientos f\u00edsicos y ps\u00edquicos que exige su profesi\u00f3n habitual\u00bb.<\/span><\/p>\n<ul>\n<li><b>Carlos Hern\u00e1ndez Pacheco<\/b><\/li>\n<li><span style=\"font-weight: 400;\">Abogado Laboralista<\/span><\/li>\n<li><b>Alicia Cobo Maestre<\/b><\/li>\n<li><span style=\"font-weight: 400;\">Responsable de comunicaci\u00f3n AFIBROM<\/span><\/li>\n<li><span style=\"font-weight: 400;\">alicia@afibrom.org<\/span><\/li>\n<li><span style=\"font-weight: 400;\">www.afibrom.org<\/span><\/li>\n<li><span style=\"font-weight: 400;\">913 555 627<\/span><\/li>\n<\/ul>","protected":false},"excerpt":{"rendered":"<p>El Tribunal Superior de Justicia de Madrid ha confirmado, mediante sentencia, la incapacidad permanente total de un hombre aut\u00f3nomo que sufre de fibromialgia, una enfermedad que afecta principalmente a mujeres. Esta decisi\u00f3n, reconocida en la Sentencia n.\u00ba 312\/2023 de la Sala de lo Social, destaca que la fibromialgia no discrimina [&hellip;]<\/p>\n","protected":false},"author":3,"featured_media":55069,"comment_status":"closed","ping_status":"closed","sticky":false,"template":"","format":"standard","meta":{"footnotes":""},"categories":[3790],"tags":[],"class_list":["post-55068","post","type-post","status-publish","format-standard","has-post-thumbnail","hentry","category-otras-noticias"],"yoast_head":"<!-- This site is optimized with the Yoast SEO plugin v27.5 - https:\/\/yoast.com\/product\/yoast-seo-wordpress\/ -->\n<title>El Tribunal Superior de Justicia de Madrid confirma por sentencia la incapacidad permanente total de un hombre, aut\u00f3nomo y con fibromialgia - Revista Rambla<\/title>\n<meta name=\"robots\" content=\"index, follow, max-snippet:-1, max-image-preview:large, max-video-preview:-1\" \/>\n<link rel=\"canonical\" href=\"https:\/\/www.revistarambla.com\/en\/el-tribunal-superior-de-justicia-de-madrid-confirma-por-sentencia-la-incapacidad-permanente-total-de-un-hombre-autonomo-y-con-fibromialgia\/\" \/>\n<meta property=\"og:locale\" content=\"en_GB\" \/>\n<meta property=\"og:type\" content=\"article\" \/>\n<meta property=\"og:title\" content=\"El Tribunal Superior de Justicia de Madrid confirma por sentencia la incapacidad permanente total de un hombre, aut\u00f3nomo y con fibromialgia - Revista Rambla\" \/>\n<meta property=\"og:description\" content=\"El Tribunal Superior de Justicia de Madrid ha confirmado, mediante sentencia, la incapacidad permanente total de un hombre aut\u00f3nomo que sufre de fibromialgia, una enfermedad que afecta principalmente a mujeres. Esta decisi\u00f3n, reconocida en la Sentencia n.\u00ba 312\/2023 de la Sala de lo Social, destaca que la fibromialgia no discrimina [&hellip;]\" \/>\n<meta property=\"og:url\" content=\"https:\/\/www.revistarambla.com\/en\/el-tribunal-superior-de-justicia-de-madrid-confirma-por-sentencia-la-incapacidad-permanente-total-de-un-hombre-autonomo-y-con-fibromialgia\/\" \/>\n<meta property=\"og:site_name\" content=\"Revista Rambla\" \/>\n<meta property=\"article:publisher\" content=\"https:\/\/www.facebook.com\/revistarambla\/\" \/>\n<meta property=\"article:author\" content=\"https:\/\/www.facebook.com\/revistarambla\" \/>\n<meta property=\"article:published_time\" content=\"2023-05-18T19:42:27+00:00\" \/>\n<meta property=\"og:image\" content=\"https:\/\/www.revistarambla.com\/wp-content\/uploads\/2023\/05\/phpPCjAIi6465dc14f3f29.jpg\" \/>\n\t<meta property=\"og:image:width\" content=\"1140\" \/>\n\t<meta property=\"og:image:height\" content=\"435\" \/>\n\t<meta property=\"og:image:type\" content=\"image\/jpeg\" \/>\n<meta name=\"author\" content=\"R@mbla\" \/>\n<meta name=\"twitter:card\" content=\"summary_large_image\" \/>\n<meta name=\"twitter:creator\" content=\"@revistarambla\" \/>\n<meta name=\"twitter:site\" content=\"@revistarambla\" \/>\n<meta name=\"twitter:label1\" content=\"Written by\" \/>\n\t<meta name=\"twitter:data1\" content=\"R@mbla\" \/>\n\t<meta name=\"twitter:label2\" content=\"Estimated reading time\" \/>\n\t<meta name=\"twitter:data2\" content=\"3 minutes\" \/>\n<script type=\"application\/ld+json\" class=\"yoast-schema-graph\">{\"@context\":\"https:\\\/\\\/schema.org\",\"@graph\":[{\"@type\":\"Article\",\"@id\":\"https:\\\/\\\/www.revistarambla.com\\\/el-tribunal-superior-de-justicia-de-madrid-confirma-por-sentencia-la-incapacidad-permanente-total-de-un-hombre-autonomo-y-con-fibromialgia\\\/#article\",\"isPartOf\":{\"@id\":\"https:\\\/\\\/www.revistarambla.com\\\/el-tribunal-superior-de-justicia-de-madrid-confirma-por-sentencia-la-incapacidad-permanente-total-de-un-hombre-autonomo-y-con-fibromialgia\\\/\"},\"author\":{\"name\":\"R@mbla\",\"@id\":\"https:\\\/\\\/www.revistarambla.com\\\/#\\\/schema\\\/person\\\/a146a5a2550b94981a75131180e1bd9c\"},\"headline\":\"El Tribunal Superior de Justicia de Madrid confirma por sentencia la incapacidad permanente total de un hombre, aut\u00f3nomo y con fibromialgia\",\"datePublished\":\"2023-05-18T19:42:27+00:00\",\"mainEntityOfPage\":{\"@id\":\"https:\\\/\\\/www.revistarambla.com\\\/el-tribunal-superior-de-justicia-de-madrid-confirma-por-sentencia-la-incapacidad-permanente-total-de-un-hombre-autonomo-y-con-fibromialgia\\\/\"},\"wordCount\":477,\"publisher\":{\"@id\":\"https:\\\/\\\/www.revistarambla.com\\\/#organization\"},\"image\":{\"@id\":\"https:\\\/\\\/www.revistarambla.com\\\/el-tribunal-superior-de-justicia-de-madrid-confirma-por-sentencia-la-incapacidad-permanente-total-de-un-hombre-autonomo-y-con-fibromialgia\\\/#primaryimage\"},\"thumbnailUrl\":\"https:\\\/\\\/www.revistarambla.com\\\/wp-content\\\/uploads\\\/2023\\\/05\\\/phpPCjAIi6465dc14f3f29.jpg\",\"articleSection\":[\"Otras Noticias\"],\"inLanguage\":\"en-GB\"},{\"@type\":\"WebPage\",\"@id\":\"https:\\\/\\\/www.revistarambla.com\\\/el-tribunal-superior-de-justicia-de-madrid-confirma-por-sentencia-la-incapacidad-permanente-total-de-un-hombre-autonomo-y-con-fibromialgia\\\/\",\"url\":\"https:\\\/\\\/www.revistarambla.com\\\/el-tribunal-superior-de-justicia-de-madrid-confirma-por-sentencia-la-incapacidad-permanente-total-de-un-hombre-autonomo-y-con-fibromialgia\\\/\",\"name\":\"El Tribunal Superior de Justicia de Madrid confirma por sentencia la incapacidad permanente total de un hombre, aut\u00f3nomo y con fibromialgia - Revista Rambla\",\"isPartOf\":{\"@id\":\"https:\\\/\\\/www.revistarambla.com\\\/#website\"},\"primaryImageOfPage\":{\"@id\":\"https:\\\/\\\/www.revistarambla.com\\\/el-tribunal-superior-de-justicia-de-madrid-confirma-por-sentencia-la-incapacidad-permanente-total-de-un-hombre-autonomo-y-con-fibromialgia\\\/#primaryimage\"},\"image\":{\"@id\":\"https:\\\/\\\/www.revistarambla.com\\\/el-tribunal-superior-de-justicia-de-madrid-confirma-por-sentencia-la-incapacidad-permanente-total-de-un-hombre-autonomo-y-con-fibromialgia\\\/#primaryimage\"},\"thumbnailUrl\":\"https:\\\/\\\/www.revistarambla.com\\\/wp-content\\\/uploads\\\/2023\\\/05\\\/phpPCjAIi6465dc14f3f29.jpg\",\"datePublished\":\"2023-05-18T19:42:27+00:00\",\"breadcrumb\":{\"@id\":\"https:\\\/\\\/www.revistarambla.com\\\/el-tribunal-superior-de-justicia-de-madrid-confirma-por-sentencia-la-incapacidad-permanente-total-de-un-hombre-autonomo-y-con-fibromialgia\\\/#breadcrumb\"},\"inLanguage\":\"en-GB\",\"potentialAction\":[{\"@type\":\"ReadAction\",\"target\":[\"https:\\\/\\\/www.revistarambla.com\\\/el-tribunal-superior-de-justicia-de-madrid-confirma-por-sentencia-la-incapacidad-permanente-total-de-un-hombre-autonomo-y-con-fibromialgia\\\/\"]}]},{\"@type\":\"ImageObject\",\"inLanguage\":\"en-GB\",\"@id\":\"https:\\\/\\\/www.revistarambla.com\\\/el-tribunal-superior-de-justicia-de-madrid-confirma-por-sentencia-la-incapacidad-permanente-total-de-un-hombre-autonomo-y-con-fibromialgia\\\/#primaryimage\",\"url\":\"https:\\\/\\\/www.revistarambla.com\\\/wp-content\\\/uploads\\\/2023\\\/05\\\/phpPCjAIi6465dc14f3f29.jpg\",\"contentUrl\":\"https:\\\/\\\/www.revistarambla.com\\\/wp-content\\\/uploads\\\/2023\\\/05\\\/phpPCjAIi6465dc14f3f29.jpg\",\"width\":1140,\"height\":435},{\"@type\":\"BreadcrumbList\",\"@id\":\"https:\\\/\\\/www.revistarambla.com\\\/el-tribunal-superior-de-justicia-de-madrid-confirma-por-sentencia-la-incapacidad-permanente-total-de-un-hombre-autonomo-y-con-fibromialgia\\\/#breadcrumb\",\"itemListElement\":[{\"@type\":\"ListItem\",\"position\":1,\"name\":\"Portada\",\"item\":\"https:\\\/\\\/www.revistarambla.com\\\/\"},{\"@type\":\"ListItem\",\"position\":2,\"name\":\"El Tribunal Superior de Justicia de Madrid confirma por sentencia la incapacidad permanente total de un hombre, aut\u00f3nomo y con fibromialgia\"}]},{\"@type\":\"WebSite\",\"@id\":\"https:\\\/\\\/www.revistarambla.com\\\/#website\",\"url\":\"https:\\\/\\\/www.revistarambla.com\\\/\",\"name\":\"Revista Rambla Barcelona\",\"description\":\"Periodismo independiente\",\"publisher\":{\"@id\":\"https:\\\/\\\/www.revistarambla.com\\\/#organization\"},\"potentialAction\":[{\"@type\":\"SearchAction\",\"target\":{\"@type\":\"EntryPoint\",\"urlTemplate\":\"https:\\\/\\\/www.revistarambla.com\\\/?s={search_term_string}\"},\"query-input\":{\"@type\":\"PropertyValueSpecification\",\"valueRequired\":true,\"valueName\":\"search_term_string\"}}],\"inLanguage\":\"en-GB\"},{\"@type\":\"Organization\",\"@id\":\"https:\\\/\\\/www.revistarambla.com\\\/#organization\",\"name\":\"Revista Rambla\",\"url\":\"https:\\\/\\\/www.revistarambla.com\\\/\",\"logo\":{\"@type\":\"ImageObject\",\"inLanguage\":\"en-GB\",\"@id\":\"https:\\\/\\\/www.revistarambla.com\\\/#\\\/schema\\\/logo\\\/image\\\/\",\"url\":\"https:\\\/\\\/www.revistarambla.com\\\/wp-content\\\/uploads\\\/2020\\\/09\\\/banner_rambla_1900x600_BB.png\",\"contentUrl\":\"https:\\\/\\\/www.revistarambla.com\\\/wp-content\\\/uploads\\\/2020\\\/09\\\/banner_rambla_1900x600_BB.png\",\"width\":1900,\"height\":600,\"caption\":\"Revista Rambla\"},\"image\":{\"@id\":\"https:\\\/\\\/www.revistarambla.com\\\/#\\\/schema\\\/logo\\\/image\\\/\"},\"sameAs\":[\"https:\\\/\\\/www.facebook.com\\\/revistarambla\\\/\",\"https:\\\/\\\/x.com\\\/revistarambla\",\"https:\\\/\\\/www.instagram.com\\\/revista_rambla\",\"https:\\\/\\\/es.linkedin.com\\\/company\\\/revista-rambla\"]},{\"@type\":\"Person\",\"@id\":\"https:\\\/\\\/www.revistarambla.com\\\/#\\\/schema\\\/person\\\/a146a5a2550b94981a75131180e1bd9c\",\"name\":\"R@mbla\",\"description\":\"Este art\u00edculo ha sido redactado y\\\/o validado por el equipo de redacci\u00f3n de Revista Rambla.\",\"sameAs\":[\"https:\\\/\\\/www.revistarambla.com\\\/\",\"https:\\\/\\\/www.facebook.com\\\/revistarambla\",\"https:\\\/\\\/x.com\\\/revistarambla\"]}]}<\/script>\n<!-- \/ Yoast SEO plugin. -->","yoast_head_json":{"title":"El Tribunal Superior de Justicia de Madrid confirma por sentencia la incapacidad permanente total de un hombre, aut\u00f3nomo y con fibromialgia - Revista Rambla","robots":{"index":"index","follow":"follow","max-snippet":"max-snippet:-1","max-image-preview":"max-image-preview:large","max-video-preview":"max-video-preview:-1"},"canonical":"https:\/\/www.revistarambla.com\/en\/el-tribunal-superior-de-justicia-de-madrid-confirma-por-sentencia-la-incapacidad-permanente-total-de-un-hombre-autonomo-y-con-fibromialgia\/","og_locale":"en_GB","og_type":"article","og_title":"El Tribunal Superior de Justicia de Madrid confirma por sentencia la incapacidad permanente total de un hombre, aut\u00f3nomo y con fibromialgia - Revista Rambla","og_description":"El Tribunal Superior de Justicia de Madrid ha confirmado, mediante sentencia, la incapacidad permanente total de un hombre aut\u00f3nomo que sufre de fibromialgia, una enfermedad que afecta principalmente a mujeres. Esta decisi\u00f3n, reconocida en la Sentencia n.\u00ba 312\/2023 de la Sala de lo Social, destaca que la fibromialgia no discrimina [&hellip;]","og_url":"https:\/\/www.revistarambla.com\/en\/el-tribunal-superior-de-justicia-de-madrid-confirma-por-sentencia-la-incapacidad-permanente-total-de-un-hombre-autonomo-y-con-fibromialgia\/","og_site_name":"Revista Rambla","article_publisher":"https:\/\/www.facebook.com\/revistarambla\/","article_author":"https:\/\/www.facebook.com\/revistarambla","article_published_time":"2023-05-18T19:42:27+00:00","og_image":[{"width":1140,"height":435,"url":"https:\/\/www.revistarambla.com\/wp-content\/uploads\/2023\/05\/phpPCjAIi6465dc14f3f29.jpg","type":"image\/jpeg"}],"author":"R@mbla","twitter_card":"summary_large_image","twitter_creator":"@revistarambla","twitter_site":"@revistarambla","twitter_misc":{"Written by":"R@mbla","Estimated reading time":"3 minutes"},"schema":{"@context":"https:\/\/schema.org","@graph":[{"@type":"Article","@id":"https:\/\/www.revistarambla.com\/el-tribunal-superior-de-justicia-de-madrid-confirma-por-sentencia-la-incapacidad-permanente-total-de-un-hombre-autonomo-y-con-fibromialgia\/#article","isPartOf":{"@id":"https:\/\/www.revistarambla.com\/el-tribunal-superior-de-justicia-de-madrid-confirma-por-sentencia-la-incapacidad-permanente-total-de-un-hombre-autonomo-y-con-fibromialgia\/"},"author":{"name":"R@mbla","@id":"https:\/\/www.revistarambla.com\/#\/schema\/person\/a146a5a2550b94981a75131180e1bd9c"},"headline":"El Tribunal Superior de Justicia de Madrid confirma por sentencia la incapacidad permanente total de un hombre, aut\u00f3nomo y con fibromialgia","datePublished":"2023-05-18T19:42:27+00:00","mainEntityOfPage":{"@id":"https:\/\/www.revistarambla.com\/el-tribunal-superior-de-justicia-de-madrid-confirma-por-sentencia-la-incapacidad-permanente-total-de-un-hombre-autonomo-y-con-fibromialgia\/"},"wordCount":477,"publisher":{"@id":"https:\/\/www.revistarambla.com\/#organization"},"image":{"@id":"https:\/\/www.revistarambla.com\/el-tribunal-superior-de-justicia-de-madrid-confirma-por-sentencia-la-incapacidad-permanente-total-de-un-hombre-autonomo-y-con-fibromialgia\/#primaryimage"},"thumbnailUrl":"https:\/\/www.revistarambla.com\/wp-content\/uploads\/2023\/05\/phpPCjAIi6465dc14f3f29.jpg","articleSection":["Otras Noticias"],"inLanguage":"en-GB"},{"@type":"WebPage","@id":"https:\/\/www.revistarambla.com\/el-tribunal-superior-de-justicia-de-madrid-confirma-por-sentencia-la-incapacidad-permanente-total-de-un-hombre-autonomo-y-con-fibromialgia\/","url":"https:\/\/www.revistarambla.com\/el-tribunal-superior-de-justicia-de-madrid-confirma-por-sentencia-la-incapacidad-permanente-total-de-un-hombre-autonomo-y-con-fibromialgia\/","name":"El Tribunal Superior de Justicia de Madrid confirma por sentencia la incapacidad permanente total de un hombre, aut\u00f3nomo y con fibromialgia - Revista Rambla","isPartOf":{"@id":"https:\/\/www.revistarambla.com\/#website"},"primaryImageOfPage":{"@id":"https:\/\/www.revistarambla.com\/el-tribunal-superior-de-justicia-de-madrid-confirma-por-sentencia-la-incapacidad-permanente-total-de-un-hombre-autonomo-y-con-fibromialgia\/#primaryimage"},"image":{"@id":"https:\/\/www.revistarambla.com\/el-tribunal-superior-de-justicia-de-madrid-confirma-por-sentencia-la-incapacidad-permanente-total-de-un-hombre-autonomo-y-con-fibromialgia\/#primaryimage"},"thumbnailUrl":"https:\/\/www.revistarambla.com\/wp-content\/uploads\/2023\/05\/phpPCjAIi6465dc14f3f29.jpg","datePublished":"2023-05-18T19:42:27+00:00","breadcrumb":{"@id":"https:\/\/www.revistarambla.com\/el-tribunal-superior-de-justicia-de-madrid-confirma-por-sentencia-la-incapacidad-permanente-total-de-un-hombre-autonomo-y-con-fibromialgia\/#breadcrumb"},"inLanguage":"en-GB","potentialAction":[{"@type":"ReadAction","target":["https:\/\/www.revistarambla.com\/el-tribunal-superior-de-justicia-de-madrid-confirma-por-sentencia-la-incapacidad-permanente-total-de-un-hombre-autonomo-y-con-fibromialgia\/"]}]},{"@type":"ImageObject","inLanguage":"en-GB","@id":"https:\/\/www.revistarambla.com\/el-tribunal-superior-de-justicia-de-madrid-confirma-por-sentencia-la-incapacidad-permanente-total-de-un-hombre-autonomo-y-con-fibromialgia\/#primaryimage","url":"https:\/\/www.revistarambla.com\/wp-content\/uploads\/2023\/05\/phpPCjAIi6465dc14f3f29.jpg","contentUrl":"https:\/\/www.revistarambla.com\/wp-content\/uploads\/2023\/05\/phpPCjAIi6465dc14f3f29.jpg","width":1140,"height":435},{"@type":"BreadcrumbList","@id":"https:\/\/www.revistarambla.com\/el-tribunal-superior-de-justicia-de-madrid-confirma-por-sentencia-la-incapacidad-permanente-total-de-un-hombre-autonomo-y-con-fibromialgia\/#breadcrumb","itemListElement":[{"@type":"ListItem","position":1,"name":"Portada","item":"https:\/\/www.revistarambla.com\/"},{"@type":"ListItem","position":2,"name":"El Tribunal Superior de Justicia de Madrid confirma por sentencia la incapacidad permanente total de un hombre, aut\u00f3nomo y con fibromialgia"}]},{"@type":"WebSite","@id":"https:\/\/www.revistarambla.com\/#website","url":"https:\/\/www.revistarambla.com\/","name":"Revista Rambla Barcelona","description":"Periodismo independiente","publisher":{"@id":"https:\/\/www.revistarambla.com\/#organization"},"potentialAction":[{"@type":"SearchAction","target":{"@type":"EntryPoint","urlTemplate":"https:\/\/www.revistarambla.com\/?s={search_term_string}"},"query-input":{"@type":"PropertyValueSpecification","valueRequired":true,"valueName":"search_term_string"}}],"inLanguage":"en-GB"},{"@type":"Organization","@id":"https:\/\/www.revistarambla.com\/#organization","name":"Revista Rambla","url":"https:\/\/www.revistarambla.com\/","logo":{"@type":"ImageObject","inLanguage":"en-GB","@id":"https:\/\/www.revistarambla.com\/#\/schema\/logo\/image\/","url":"https:\/\/www.revistarambla.com\/wp-content\/uploads\/2020\/09\/banner_rambla_1900x600_BB.png","contentUrl":"https:\/\/www.revistarambla.com\/wp-content\/uploads\/2020\/09\/banner_rambla_1900x600_BB.png","width":1900,"height":600,"caption":"Revista Rambla"},"image":{"@id":"https:\/\/www.revistarambla.com\/#\/schema\/logo\/image\/"},"sameAs":["https:\/\/www.facebook.com\/revistarambla\/","https:\/\/x.com\/revistarambla","https:\/\/www.instagram.com\/revista_rambla","https:\/\/es.linkedin.com\/company\/revista-rambla"]},{"@type":"Person","@id":"https:\/\/www.revistarambla.com\/#\/schema\/person\/a146a5a2550b94981a75131180e1bd9c","name":"R@mbla","description":"Este art\u00edculo ha sido redactado y\/o validado por el equipo de redacci\u00f3n de Revista Rambla.","sameAs":["https:\/\/www.revistarambla.com\/","https:\/\/www.facebook.com\/revistarambla","https:\/\/x.com\/revistarambla"]}]}},"_links":{"self":[{"href":"https:\/\/www.revistarambla.com\/en\/wp-json\/wp\/v2\/posts\/55068","targetHints":{"allow":["GET"]}}],"collection":[{"href":"https:\/\/www.revistarambla.com\/en\/wp-json\/wp\/v2\/posts"}],"about":[{"href":"https:\/\/www.revistarambla.com\/en\/wp-json\/wp\/v2\/types\/post"}],"author":[{"embeddable":true,"href":"https:\/\/www.revistarambla.com\/en\/wp-json\/wp\/v2\/users\/3"}],"replies":[{"embeddable":true,"href":"https:\/\/www.revistarambla.com\/en\/wp-json\/wp\/v2\/comments?post=55068"}],"version-history":[{"count":1,"href":"https:\/\/www.revistarambla.com\/en\/wp-json\/wp\/v2\/posts\/55068\/revisions"}],"predecessor-version":[{"id":55070,"href":"https:\/\/www.revistarambla.com\/en\/wp-json\/wp\/v2\/posts\/55068\/revisions\/55070"}],"wp:featuredmedia":[{"embeddable":true,"href":"https:\/\/www.revistarambla.com\/en\/wp-json\/wp\/v2\/media\/55069"}],"wp:attachment":[{"href":"https:\/\/www.revistarambla.com\/en\/wp-json\/wp\/v2\/media?parent=55068"}],"wp:term":[{"taxonomy":"category","embeddable":true,"href":"https:\/\/www.revistarambla.com\/en\/wp-json\/wp\/v2\/categories?post=55068"},{"taxonomy":"post_tag","embeddable":true,"href":"https:\/\/www.revistarambla.com\/en\/wp-json\/wp\/v2\/tags?post=55068"}],"curies":[{"name":"wp","href":"https:\/\/api.w.org\/{rel}","templated":true}]}}