{"id":54831,"date":"2023-05-09T13:08:16","date_gmt":"2023-05-09T11:08:16","guid":{"rendered":"https:\/\/www.revistarambla.com\/?p=54831"},"modified":"2024-04-15T19:40:21","modified_gmt":"2024-04-15T17:40:21","slug":"la-ultima-cena-de-durruti-en-barcelona","status":"publish","type":"post","link":"https:\/\/www.revistarambla.com\/en\/la-ultima-cena-de-durruti-en-barcelona\/","title":{"rendered":"La \u00faltima cena de Durruti en Barcelona"},"content":{"rendered":"<p>Hab\u00edan empezado a llegar a <a href=\"https:\/\/www.revistarambla.com\/en\/revista-rambla\/actualidad\/barcelona\/\">Barcelona<\/a> las gentes apocadas que hu\u00edan de la capital de la Rep\u00fablica ante el avance de las fuerzas fascistas.\u00a0 \u2014 Est\u00e1n ya en las mismas puertas de Madrid \u2014 dec\u00edan. Les hac\u00edan coro las cornejas equ\u00edvocas de la quinta columna barcelonesa, sin ocultar su alborozo. Se med\u00edan los minutos con afanes incontenidos de revancha. \u00a1Caras iban a pagar sus resistencias las Milicias populares! Mola, V\u00e1rela, Garc\u00eda Escames, Yag\u00fce y Franco se encargar\u00edan de darles su merecido. Por algo eran la flor y nata de los generales africanos&#8230;<\/p>\n<figure id=\"attachment_54833\" aria-describedby=\"caption-attachment-54833\" style=\"width: 399px\" class=\"wp-caption aligncenter\"><img decoding=\"async\" class=\"wp-image-54833 size-full\" src=\"https:\/\/www.revistarambla.com\/wp-content\/uploads\/2023\/05\/buenaventura-durruti-entrevista-barcelona-cnt-revista-rambla-periodistas.jpg\" alt=\"\" width=\"399\" height=\"489\" srcset=\"https:\/\/www.revistarambla.com\/wp-content\/uploads\/2023\/05\/buenaventura-durruti-entrevista-barcelona-cnt-revista-rambla-periodistas.jpg 399w, https:\/\/www.revistarambla.com\/wp-content\/uploads\/2023\/05\/buenaventura-durruti-entrevista-barcelona-cnt-revista-rambla-periodistas-298x365.jpg 298w, https:\/\/www.revistarambla.com\/wp-content\/uploads\/2023\/05\/buenaventura-durruti-entrevista-barcelona-cnt-revista-rambla-periodistas-10x12.jpg 10w\" sizes=\"(max-width: 399px) 100vw, 399px\" \/><figcaption id=\"caption-attachment-54833\" class=\"wp-caption-text\">El gran batallador proletario Durruti con el redactor de &#8216;Mi Revista&#8217;, Manuel Nogareda en Madrid.<\/figcaption><\/figure>\n<p>En la noche del 9 de noviembre irrumpieron en la plaza de Catalu\u00f1a unos coches polvorientos, recargados de bagajes. Los altavoces del Col\u00f3n gangueaban las propagandas comunistas. Circulaban coches oficiales y taxis, muchos taxis. De uno de los autom\u00f3viles abanderado con la ense\u00f1a revolucionaria de la C. N. T. descendi\u00f3 <a href=\"https:\/\/www.revistarambla.com\/en\/entrevista-a-abel-paz\/\">Buenaventura Durruti<\/a>, h\u00e9roe del pueblo, caudillo de una de las columnas confederales que operaban en tierras de Arag\u00f3n.<\/p>\n<p>Fernando Pintado y Manuel Nogareda se acercaron al h\u00e9roe de la revoluci\u00f3n de julio y le preguntaron:<\/p>\n<p>\u2014 \u00bfQu\u00e9 te trae por aqu\u00ed? \u00bfVienes a descansar? Durruti esquiv\u00f3 las preguntas con su campechan\u00eda habitual, pero ante las apremiantes excitaciones de los dos periodistas acab\u00f3 por decirles:<\/p>\n<p>\u2014 !Descansar! \u00bfQui\u00e9n os ha dicho que yo puedo estar cansado? Ahora, por de pronto, voy a cenar con los compa\u00f1eros que me acompa\u00f1an y con vosotros si quer\u00e9is; luego, como vengo de paso&#8230;<\/p>\n<p>Inquirieron de nuevo los periodistas:<\/p>\n<p>\u2014\u00bfDe paso, para d\u00f3nde?<\/p>\n<p>Soslay\u00f3 la respuesta Durruti, reiterando:<\/p>\n<p>\u2014 Dejadnos que cenemos y luego hablaremos de todo&#8230;<\/p>\n<p>En una de las mesas de \u00abLa Cala\u00bb hizo Durruti su \u00faltima cena en Barcelona. Al filo de medianoche termin\u00f3 de tomar el caf\u00e9, visti\u00f3se la canadiense de cuero, se cal\u00f3 la gorra-orejera y avanz\u00f3 hacia la escalera, entre la admiraci\u00f3n de la gente.<\/p>\n<p>\u2014 \u00a1Ah\u00ed va Durruti! \u2014dec\u00edan las mujeres y los hombres que se hallaban en el local. Ya en la plaza de Catalu\u00f1a, cuando se dispon\u00eda a subir al coche, reiteraron sus preguntas los dos reporteros.<\/p>\n<p>\u2014 \u00bfSe puede saber por fin d\u00f3nde te encaminas con tanta prisa?<\/p>\n<p>Volvi\u00f3 a sonre\u00edr bonachonamente el caudillo popular, al replicarles:<\/p>\n<p>&#8211; \u00a1Claro que s\u00ed! Salgo ahora mismo hacia Madrid, donde estamos haciendo falta. Es hora de grandes responsabilidades para todos. Yo hago frente a mis obligaciones revolucionarias acudiendo a los puestos de peligro cuando es preciso o hablando alto y claro cuando lo juzgo necesario. De manera que ya lo sab\u00e9is: Yo, con mis leales, salgo ahora mismo, carretera adelante, camino hacia Madrid: Llevamos de todo; de modo que combatiremos con arreglo a las normas que quieran iniciar los enemigos. Y basta ya, que se hace tarde&#8230;<\/p>\n<p>En los apremios de la despedida cambi\u00e1ronse los \u00faltimos abrazos.<\/p>\n<p>\u2014 \u00a1Salud y suerte! \u2014 dijeron los periodistas cuando iniciaban su marcha los coches.<\/p>\n<p>\u2014 \u00a1Salud! \u2014 replic\u00f3 Durruti, alzando su pu\u00f1o de luchador&#8230;<\/p>\n<p>La fatalidad tej\u00eda ya los cendales de la mortaja del coloso. Porque Durruti no sali\u00f3 aquella noche hacia Madrid, como cre\u00eda, sino que fue a perderse por la senda que deb\u00eda llevarle a la inmortalidad, al caer herido de muerte, el d\u00eda 19 de noviembre, cuando se dispon\u00eda a hacer frente a los traidores. La Prensa dio la noticia en estos t\u00e9rminos:<\/p>\n<p>\u00abDurruti se dirig\u00eda a visitar las avanzadillas de su columna. Eran las ocho y media de la ma\u00f1ana. Por el camino se cruz\u00f3 con unos milicianos que regresaban del frente. Par\u00f3 el coche, y, al descender del veh\u00edculo, son\u00f3 un disparo, que se supuso efectuado desde una ventana de alguno de los hotelitos de la Moncloa. Durruti se desplom\u00f3 sin pronunciar ni una palabra. La bala asesina le hab\u00eda atravesado de parte a parte la espalda&#8230;\u00bb<\/p>\n<p>Madrid le despidi\u00f3 con los honores que se rinden a los h\u00e9roes. Muerto en defensa de la capital de la Rep\u00fablica, ofreci\u00f3 Durruti el ejemplo que en aquellos momentos era tan necesario.<\/p>\n<p>Envuelto con la bandera de la C. N. T. hizo el camino de regreso Buenaventura Durruti. Sus ojos vidriados no sonre\u00edan ya. Su pu\u00f1o vigoroso permanec\u00eda ca\u00eddo junto al cuerpo. Se hab\u00eda desvanecido para siempre el eco de su voz estimulante.<\/p>\n<p>Barcelona agot\u00f3, el d\u00eda 22 de noviembre, todas sus flores. Y las mujeres sus l\u00e1grimas. Y los hombres, su emoci\u00f3n y sus protestas de venganza&#8230; Muerto el hombre, nac\u00eda el s\u00edmbolo m\u00edstico.<\/p>\n<p><img decoding=\"async\" class=\"aligncenter wp-image-54832 size-full\" src=\"https:\/\/www.revistarambla.com\/wp-content\/uploads\/2023\/05\/buenaventura-durruti-muerto-barcelona-entrevista-revista-rambla-cnt.jpg\" alt=\"\" width=\"591\" height=\"399\" srcset=\"https:\/\/www.revistarambla.com\/wp-content\/uploads\/2023\/05\/buenaventura-durruti-muerto-barcelona-entrevista-revista-rambla-cnt.jpg 591w, https:\/\/www.revistarambla.com\/wp-content\/uploads\/2023\/05\/buenaventura-durruti-muerto-barcelona-entrevista-revista-rambla-cnt-541x365.jpg 541w, https:\/\/www.revistarambla.com\/wp-content\/uploads\/2023\/05\/buenaventura-durruti-muerto-barcelona-entrevista-revista-rambla-cnt-18x12.jpg 18w\" sizes=\"(max-width: 591px) 100vw, 591px\" \/><\/p>\n<p>&nbsp;<\/p>\n<p><em>*Publicado en &#8216;Mi Revista&#8217; (1936). Fuente: Biblioteca Nacional de Espa\u00f1a.<\/em><\/p>","protected":false},"excerpt":{"rendered":"<p>Hab\u00edan empezado a llegar a Barcelona las gentes apocadas que hu\u00edan de la capital de la Rep\u00fablica ante el avance de las fuerzas fascistas.\u00a0 \u2014 Est\u00e1n ya en las mismas puertas de Madrid \u2014 dec\u00edan. Les hac\u00edan coro las cornejas equ\u00edvocas de la quinta columna barcelonesa, sin ocultar su alborozo. [&hellip;]<\/p>\n","protected":false},"author":3,"featured_media":54834,"comment_status":"closed","ping_status":"closed","sticky":false,"template":"","format":"standard","meta":{"footnotes":""},"categories":[90],"tags":[],"class_list":["post-54831","post","type-post","status-publish","format-standard","has-post-thumbnail","hentry","category-entrevistas-personajes-historicos"],"yoast_head":"<!-- This site is optimized with the Yoast SEO plugin v27.5 - https:\/\/yoast.com\/product\/yoast-seo-wordpress\/ -->\n<title>La \u00faltima cena de Durruti en Barcelona - Revista Rambla<\/title>\n<meta name=\"robots\" content=\"index, follow, max-snippet:-1, max-image-preview:large, max-video-preview:-1\" \/>\n<link rel=\"canonical\" href=\"https:\/\/www.revistarambla.com\/en\/la-ultima-cena-de-durruti-en-barcelona\/\" \/>\n<meta property=\"og:locale\" content=\"en_GB\" \/>\n<meta property=\"og:type\" content=\"article\" \/>\n<meta property=\"og:title\" content=\"La \u00faltima cena de Durruti en Barcelona - Revista Rambla\" \/>\n<meta property=\"og:description\" content=\"Hab\u00edan empezado a llegar a Barcelona las gentes apocadas que hu\u00edan de la capital de la Rep\u00fablica ante el avance de las fuerzas fascistas.\u00a0 \u2014 Est\u00e1n ya en las mismas puertas de Madrid \u2014 dec\u00edan. Les hac\u00edan coro las cornejas equ\u00edvocas de la quinta columna barcelonesa, sin ocultar su alborozo. [&hellip;]\" \/>\n<meta property=\"og:url\" content=\"https:\/\/www.revistarambla.com\/en\/la-ultima-cena-de-durruti-en-barcelona\/\" \/>\n<meta property=\"og:site_name\" content=\"Revista Rambla\" \/>\n<meta property=\"article:publisher\" content=\"https:\/\/www.facebook.com\/revistarambla\/\" \/>\n<meta property=\"article:author\" content=\"https:\/\/www.facebook.com\/revistarambla\" \/>\n<meta property=\"article:published_time\" content=\"2023-05-09T11:08:16+00:00\" \/>\n<meta property=\"article:modified_time\" content=\"2024-04-15T17:40:21+00:00\" \/>\n<meta property=\"og:image\" content=\"https:\/\/www.revistarambla.com\/wp-content\/uploads\/2023\/05\/buenaventura-durruti-barcelona-entrevista-revista-rambla-cnt.webp\" \/>\n\t<meta property=\"og:image:width\" content=\"1900\" \/>\n\t<meta property=\"og:image:height\" content=\"1069\" \/>\n\t<meta property=\"og:image:type\" content=\"image\/webp\" \/>\n<meta name=\"author\" content=\"R@mbla\" \/>\n<meta name=\"twitter:card\" content=\"summary_large_image\" \/>\n<meta name=\"twitter:creator\" content=\"@revistarambla\" \/>\n<meta name=\"twitter:site\" content=\"@revistarambla\" \/>\n<meta name=\"twitter:label1\" content=\"Written by\" \/>\n\t<meta name=\"twitter:data1\" content=\"R@mbla\" \/>\n\t<meta name=\"twitter:label2\" content=\"Estimated reading time\" \/>\n\t<meta name=\"twitter:data2\" content=\"5 minutes\" \/>\n<script type=\"application\/ld+json\" class=\"yoast-schema-graph\">{\"@context\":\"https:\\\/\\\/schema.org\",\"@graph\":[{\"@type\":\"Article\",\"@id\":\"https:\\\/\\\/www.revistarambla.com\\\/la-ultima-cena-de-durruti-en-barcelona\\\/#article\",\"isPartOf\":{\"@id\":\"https:\\\/\\\/www.revistarambla.com\\\/la-ultima-cena-de-durruti-en-barcelona\\\/\"},\"author\":{\"name\":\"R@mbla\",\"@id\":\"https:\\\/\\\/www.revistarambla.com\\\/#\\\/schema\\\/person\\\/a146a5a2550b94981a75131180e1bd9c\"},\"headline\":\"La \u00faltima cena de Durruti en Barcelona\",\"datePublished\":\"2023-05-09T11:08:16+00:00\",\"dateModified\":\"2024-04-15T17:40:21+00:00\",\"mainEntityOfPage\":{\"@id\":\"https:\\\/\\\/www.revistarambla.com\\\/la-ultima-cena-de-durruti-en-barcelona\\\/\"},\"wordCount\":812,\"publisher\":{\"@id\":\"https:\\\/\\\/www.revistarambla.com\\\/#organization\"},\"image\":{\"@id\":\"https:\\\/\\\/www.revistarambla.com\\\/la-ultima-cena-de-durruti-en-barcelona\\\/#primaryimage\"},\"thumbnailUrl\":\"https:\\\/\\\/www.revistarambla.com\\\/wp-content\\\/uploads\\\/2023\\\/05\\\/buenaventura-durruti-barcelona-entrevista-revista-rambla-cnt.webp\",\"articleSection\":[\"Entrevistas en B&amp;N\"],\"inLanguage\":\"en-GB\"},{\"@type\":\"WebPage\",\"@id\":\"https:\\\/\\\/www.revistarambla.com\\\/la-ultima-cena-de-durruti-en-barcelona\\\/\",\"url\":\"https:\\\/\\\/www.revistarambla.com\\\/la-ultima-cena-de-durruti-en-barcelona\\\/\",\"name\":\"La \u00faltima cena de Durruti en Barcelona - Revista Rambla\",\"isPartOf\":{\"@id\":\"https:\\\/\\\/www.revistarambla.com\\\/#website\"},\"primaryImageOfPage\":{\"@id\":\"https:\\\/\\\/www.revistarambla.com\\\/la-ultima-cena-de-durruti-en-barcelona\\\/#primaryimage\"},\"image\":{\"@id\":\"https:\\\/\\\/www.revistarambla.com\\\/la-ultima-cena-de-durruti-en-barcelona\\\/#primaryimage\"},\"thumbnailUrl\":\"https:\\\/\\\/www.revistarambla.com\\\/wp-content\\\/uploads\\\/2023\\\/05\\\/buenaventura-durruti-barcelona-entrevista-revista-rambla-cnt.webp\",\"datePublished\":\"2023-05-09T11:08:16+00:00\",\"dateModified\":\"2024-04-15T17:40:21+00:00\",\"breadcrumb\":{\"@id\":\"https:\\\/\\\/www.revistarambla.com\\\/la-ultima-cena-de-durruti-en-barcelona\\\/#breadcrumb\"},\"inLanguage\":\"en-GB\",\"potentialAction\":[{\"@type\":\"ReadAction\",\"target\":[\"https:\\\/\\\/www.revistarambla.com\\\/la-ultima-cena-de-durruti-en-barcelona\\\/\"]}]},{\"@type\":\"ImageObject\",\"inLanguage\":\"en-GB\",\"@id\":\"https:\\\/\\\/www.revistarambla.com\\\/la-ultima-cena-de-durruti-en-barcelona\\\/#primaryimage\",\"url\":\"https:\\\/\\\/www.revistarambla.com\\\/wp-content\\\/uploads\\\/2023\\\/05\\\/buenaventura-durruti-barcelona-entrevista-revista-rambla-cnt.webp\",\"contentUrl\":\"https:\\\/\\\/www.revistarambla.com\\\/wp-content\\\/uploads\\\/2023\\\/05\\\/buenaventura-durruti-barcelona-entrevista-revista-rambla-cnt.webp\",\"width\":1900,\"height\":1069},{\"@type\":\"BreadcrumbList\",\"@id\":\"https:\\\/\\\/www.revistarambla.com\\\/la-ultima-cena-de-durruti-en-barcelona\\\/#breadcrumb\",\"itemListElement\":[{\"@type\":\"ListItem\",\"position\":1,\"name\":\"Portada\",\"item\":\"https:\\\/\\\/www.revistarambla.com\\\/\"},{\"@type\":\"ListItem\",\"position\":2,\"name\":\"La \u00faltima cena de Durruti en Barcelona\"}]},{\"@type\":\"WebSite\",\"@id\":\"https:\\\/\\\/www.revistarambla.com\\\/#website\",\"url\":\"https:\\\/\\\/www.revistarambla.com\\\/\",\"name\":\"Revista Rambla Barcelona\",\"description\":\"Periodismo independiente\",\"publisher\":{\"@id\":\"https:\\\/\\\/www.revistarambla.com\\\/#organization\"},\"potentialAction\":[{\"@type\":\"SearchAction\",\"target\":{\"@type\":\"EntryPoint\",\"urlTemplate\":\"https:\\\/\\\/www.revistarambla.com\\\/?s={search_term_string}\"},\"query-input\":{\"@type\":\"PropertyValueSpecification\",\"valueRequired\":true,\"valueName\":\"search_term_string\"}}],\"inLanguage\":\"en-GB\"},{\"@type\":\"Organization\",\"@id\":\"https:\\\/\\\/www.revistarambla.com\\\/#organization\",\"name\":\"Revista Rambla\",\"url\":\"https:\\\/\\\/www.revistarambla.com\\\/\",\"logo\":{\"@type\":\"ImageObject\",\"inLanguage\":\"en-GB\",\"@id\":\"https:\\\/\\\/www.revistarambla.com\\\/#\\\/schema\\\/logo\\\/image\\\/\",\"url\":\"https:\\\/\\\/www.revistarambla.com\\\/wp-content\\\/uploads\\\/2020\\\/09\\\/banner_rambla_1900x600_BB.png\",\"contentUrl\":\"https:\\\/\\\/www.revistarambla.com\\\/wp-content\\\/uploads\\\/2020\\\/09\\\/banner_rambla_1900x600_BB.png\",\"width\":1900,\"height\":600,\"caption\":\"Revista Rambla\"},\"image\":{\"@id\":\"https:\\\/\\\/www.revistarambla.com\\\/#\\\/schema\\\/logo\\\/image\\\/\"},\"sameAs\":[\"https:\\\/\\\/www.facebook.com\\\/revistarambla\\\/\",\"https:\\\/\\\/x.com\\\/revistarambla\",\"https:\\\/\\\/www.instagram.com\\\/revista_rambla\",\"https:\\\/\\\/es.linkedin.com\\\/company\\\/revista-rambla\"]},{\"@type\":\"Person\",\"@id\":\"https:\\\/\\\/www.revistarambla.com\\\/#\\\/schema\\\/person\\\/a146a5a2550b94981a75131180e1bd9c\",\"name\":\"R@mbla\",\"description\":\"Este art\u00edculo ha sido redactado y\\\/o validado por el equipo de redacci\u00f3n de Revista Rambla.\",\"sameAs\":[\"https:\\\/\\\/www.revistarambla.com\\\/\",\"https:\\\/\\\/www.facebook.com\\\/revistarambla\",\"https:\\\/\\\/x.com\\\/revistarambla\"]}]}<\/script>\n<!-- \/ Yoast SEO plugin. -->","yoast_head_json":{"title":"La \u00faltima cena de Durruti en Barcelona - Revista Rambla","robots":{"index":"index","follow":"follow","max-snippet":"max-snippet:-1","max-image-preview":"max-image-preview:large","max-video-preview":"max-video-preview:-1"},"canonical":"https:\/\/www.revistarambla.com\/en\/la-ultima-cena-de-durruti-en-barcelona\/","og_locale":"en_GB","og_type":"article","og_title":"La \u00faltima cena de Durruti en Barcelona - Revista Rambla","og_description":"Hab\u00edan empezado a llegar a Barcelona las gentes apocadas que hu\u00edan de la capital de la Rep\u00fablica ante el avance de las fuerzas fascistas.\u00a0 \u2014 Est\u00e1n ya en las mismas puertas de Madrid \u2014 dec\u00edan. Les hac\u00edan coro las cornejas equ\u00edvocas de la quinta columna barcelonesa, sin ocultar su alborozo. [&hellip;]","og_url":"https:\/\/www.revistarambla.com\/en\/la-ultima-cena-de-durruti-en-barcelona\/","og_site_name":"Revista Rambla","article_publisher":"https:\/\/www.facebook.com\/revistarambla\/","article_author":"https:\/\/www.facebook.com\/revistarambla","article_published_time":"2023-05-09T11:08:16+00:00","article_modified_time":"2024-04-15T17:40:21+00:00","og_image":[{"width":1900,"height":1069,"url":"https:\/\/www.revistarambla.com\/wp-content\/uploads\/2023\/05\/buenaventura-durruti-barcelona-entrevista-revista-rambla-cnt.webp","type":"image\/webp"}],"author":"R@mbla","twitter_card":"summary_large_image","twitter_creator":"@revistarambla","twitter_site":"@revistarambla","twitter_misc":{"Written by":"R@mbla","Estimated reading time":"5 minutes"},"schema":{"@context":"https:\/\/schema.org","@graph":[{"@type":"Article","@id":"https:\/\/www.revistarambla.com\/la-ultima-cena-de-durruti-en-barcelona\/#article","isPartOf":{"@id":"https:\/\/www.revistarambla.com\/la-ultima-cena-de-durruti-en-barcelona\/"},"author":{"name":"R@mbla","@id":"https:\/\/www.revistarambla.com\/#\/schema\/person\/a146a5a2550b94981a75131180e1bd9c"},"headline":"La \u00faltima cena de Durruti en Barcelona","datePublished":"2023-05-09T11:08:16+00:00","dateModified":"2024-04-15T17:40:21+00:00","mainEntityOfPage":{"@id":"https:\/\/www.revistarambla.com\/la-ultima-cena-de-durruti-en-barcelona\/"},"wordCount":812,"publisher":{"@id":"https:\/\/www.revistarambla.com\/#organization"},"image":{"@id":"https:\/\/www.revistarambla.com\/la-ultima-cena-de-durruti-en-barcelona\/#primaryimage"},"thumbnailUrl":"https:\/\/www.revistarambla.com\/wp-content\/uploads\/2023\/05\/buenaventura-durruti-barcelona-entrevista-revista-rambla-cnt.webp","articleSection":["Entrevistas en B&amp;N"],"inLanguage":"en-GB"},{"@type":"WebPage","@id":"https:\/\/www.revistarambla.com\/la-ultima-cena-de-durruti-en-barcelona\/","url":"https:\/\/www.revistarambla.com\/la-ultima-cena-de-durruti-en-barcelona\/","name":"La \u00faltima cena de Durruti en Barcelona - Revista Rambla","isPartOf":{"@id":"https:\/\/www.revistarambla.com\/#website"},"primaryImageOfPage":{"@id":"https:\/\/www.revistarambla.com\/la-ultima-cena-de-durruti-en-barcelona\/#primaryimage"},"image":{"@id":"https:\/\/www.revistarambla.com\/la-ultima-cena-de-durruti-en-barcelona\/#primaryimage"},"thumbnailUrl":"https:\/\/www.revistarambla.com\/wp-content\/uploads\/2023\/05\/buenaventura-durruti-barcelona-entrevista-revista-rambla-cnt.webp","datePublished":"2023-05-09T11:08:16+00:00","dateModified":"2024-04-15T17:40:21+00:00","breadcrumb":{"@id":"https:\/\/www.revistarambla.com\/la-ultima-cena-de-durruti-en-barcelona\/#breadcrumb"},"inLanguage":"en-GB","potentialAction":[{"@type":"ReadAction","target":["https:\/\/www.revistarambla.com\/la-ultima-cena-de-durruti-en-barcelona\/"]}]},{"@type":"ImageObject","inLanguage":"en-GB","@id":"https:\/\/www.revistarambla.com\/la-ultima-cena-de-durruti-en-barcelona\/#primaryimage","url":"https:\/\/www.revistarambla.com\/wp-content\/uploads\/2023\/05\/buenaventura-durruti-barcelona-entrevista-revista-rambla-cnt.webp","contentUrl":"https:\/\/www.revistarambla.com\/wp-content\/uploads\/2023\/05\/buenaventura-durruti-barcelona-entrevista-revista-rambla-cnt.webp","width":1900,"height":1069},{"@type":"BreadcrumbList","@id":"https:\/\/www.revistarambla.com\/la-ultima-cena-de-durruti-en-barcelona\/#breadcrumb","itemListElement":[{"@type":"ListItem","position":1,"name":"Portada","item":"https:\/\/www.revistarambla.com\/"},{"@type":"ListItem","position":2,"name":"La \u00faltima cena de Durruti en Barcelona"}]},{"@type":"WebSite","@id":"https:\/\/www.revistarambla.com\/#website","url":"https:\/\/www.revistarambla.com\/","name":"Revista Rambla Barcelona","description":"Periodismo independiente","publisher":{"@id":"https:\/\/www.revistarambla.com\/#organization"},"potentialAction":[{"@type":"SearchAction","target":{"@type":"EntryPoint","urlTemplate":"https:\/\/www.revistarambla.com\/?s={search_term_string}"},"query-input":{"@type":"PropertyValueSpecification","valueRequired":true,"valueName":"search_term_string"}}],"inLanguage":"en-GB"},{"@type":"Organization","@id":"https:\/\/www.revistarambla.com\/#organization","name":"Revista Rambla","url":"https:\/\/www.revistarambla.com\/","logo":{"@type":"ImageObject","inLanguage":"en-GB","@id":"https:\/\/www.revistarambla.com\/#\/schema\/logo\/image\/","url":"https:\/\/www.revistarambla.com\/wp-content\/uploads\/2020\/09\/banner_rambla_1900x600_BB.png","contentUrl":"https:\/\/www.revistarambla.com\/wp-content\/uploads\/2020\/09\/banner_rambla_1900x600_BB.png","width":1900,"height":600,"caption":"Revista Rambla"},"image":{"@id":"https:\/\/www.revistarambla.com\/#\/schema\/logo\/image\/"},"sameAs":["https:\/\/www.facebook.com\/revistarambla\/","https:\/\/x.com\/revistarambla","https:\/\/www.instagram.com\/revista_rambla","https:\/\/es.linkedin.com\/company\/revista-rambla"]},{"@type":"Person","@id":"https:\/\/www.revistarambla.com\/#\/schema\/person\/a146a5a2550b94981a75131180e1bd9c","name":"R@mbla","description":"Este art\u00edculo ha sido redactado y\/o validado por el equipo de redacci\u00f3n de Revista Rambla.","sameAs":["https:\/\/www.revistarambla.com\/","https:\/\/www.facebook.com\/revistarambla","https:\/\/x.com\/revistarambla"]}]}},"_links":{"self":[{"href":"https:\/\/www.revistarambla.com\/en\/wp-json\/wp\/v2\/posts\/54831","targetHints":{"allow":["GET"]}}],"collection":[{"href":"https:\/\/www.revistarambla.com\/en\/wp-json\/wp\/v2\/posts"}],"about":[{"href":"https:\/\/www.revistarambla.com\/en\/wp-json\/wp\/v2\/types\/post"}],"author":[{"embeddable":true,"href":"https:\/\/www.revistarambla.com\/en\/wp-json\/wp\/v2\/users\/3"}],"replies":[{"embeddable":true,"href":"https:\/\/www.revistarambla.com\/en\/wp-json\/wp\/v2\/comments?post=54831"}],"version-history":[{"count":5,"href":"https:\/\/www.revistarambla.com\/en\/wp-json\/wp\/v2\/posts\/54831\/revisions"}],"predecessor-version":[{"id":59391,"href":"https:\/\/www.revistarambla.com\/en\/wp-json\/wp\/v2\/posts\/54831\/revisions\/59391"}],"wp:featuredmedia":[{"embeddable":true,"href":"https:\/\/www.revistarambla.com\/en\/wp-json\/wp\/v2\/media\/54834"}],"wp:attachment":[{"href":"https:\/\/www.revistarambla.com\/en\/wp-json\/wp\/v2\/media?parent=54831"}],"wp:term":[{"taxonomy":"category","embeddable":true,"href":"https:\/\/www.revistarambla.com\/en\/wp-json\/wp\/v2\/categories?post=54831"},{"taxonomy":"post_tag","embeddable":true,"href":"https:\/\/www.revistarambla.com\/en\/wp-json\/wp\/v2\/tags?post=54831"}],"curies":[{"name":"wp","href":"https:\/\/api.w.org\/{rel}","templated":true}]}}