{"id":54573,"date":"2023-04-25T13:21:15","date_gmt":"2023-04-25T11:21:15","guid":{"rendered":"https:\/\/www.revistarambla.com\/?p=54573"},"modified":"2023-04-25T13:26:38","modified_gmt":"2023-04-25T11:26:38","slug":"quien-teme-a-donald-trump","status":"publish","type":"post","link":"https:\/\/www.revistarambla.com\/en\/quien-teme-a-donald-trump\/","title":{"rendered":"\u00bfQui\u00e9n teme a Donald Trump?"},"content":{"rendered":"<p>Wright Mills en su libro <em>The Power Elite<\/em> (1956), indica que la clave para entender la inquietud norteamericana se encontrar\u00eda en la sobre-organizaci\u00f3n de su sociedad.<!--more--> As\u00ed, seg\u00fan Mills, el establishment ser\u00eda \u201cel grupo \u00e9lite formado por la uni\u00f3n de las sub-\u00e9lites pol\u00edtica, militar, econ\u00f3mica, universitaria y mass media de EEUU\u201d, lobbies de presi\u00f3n que estar\u00edan interconectadas mediante \u201cuna alianza inquieta basada en su comunidad de intereses y dirigidas por la metaf\u00edsica militar\u201d. Dicho concepto se apoya en una definici\u00f3n militar de la realidad y que habr\u00eda transformado la econom\u00eda en una guerra econ\u00f3mica permanente.<\/p>\n<p>El sistema pol\u00edtico estadounidense pivotar\u00eda adem\u00e1s en la alternancia en el poder de los partidos dem\u00f3crata y republicano ( ambos fagocitados por el lobby jud\u00edo) y utilizar\u00eda la dictadura invisible del consumismo compulsivo de bienes materiales para anular los ideales del individuo primigenio y transformarlo en un ser acr\u00edtico, miedoso y conformista que pasar\u00e1 a engrosar ineludiblemente las filas de una sociedad homog\u00e9nea, uniforme y f\u00e1cilmente manipulable mediante las t\u00e9cnicas de manipulaci\u00f3n de masas.<\/p>\n<h2>Trump y la Teor\u00eda de las Cat\u00e1strofes<\/h2>\n<p>El puzzle inconexo del caos ordenado puede esbozarse mediante la llamada <em>Teor\u00eda de las Cat\u00e1strofes<\/em> del cient\u00edfico franc\u00e9s Ren\u00e9 Thom y se basar\u00eda en dos conceptos antin\u00f3micos para intentar \u201ccomprender el orden jer\u00e1rquico de la complejidad biol\u00f3gica\u201d. As\u00ed, el concepto de estabilidad o equilibrio se refiere a \u00abun sistema que permanece estable aunque registre un cambio\u00bb, principios que trasladado a la esfera pol\u00edtica estadounidense se traducir\u00eda en la alternancia en el Poder del partido dem\u00f3crata y el Republicano.<\/p>\n<p>Asimismo, otro pilar del sistema ser\u00eda el mantenimiento a ultranza de un sistema econ\u00f3mico neoliberal basado en la fortaleza del d\u00f3lar y de una doctrina geopol\u00edtica sustentada en el papel de EEUU como gendarme de un Mundo Unipolar formado por pa\u00edses aliados, (devenidos en meros s\u00fabditos) y pa\u00edses enemigos como encarnaci\u00f3n del Mal.<\/p>\n<p>En la orilla ant\u00f3nima, encontramos el concepto de cambio cualitativo o discontinuidad que se produce cuando \u00absimples cambios cuantitativos pasan a ser otra cosa diferente y el sistema se transforma internamente de modo radical en una nueva realidad que modifica su situaci\u00f3n de equilibrio interno y se crea una situaci\u00f3n nueva\u00bb.<\/p>\n<p>Dicha tesis estar\u00eda representada por Trump y simbolizar\u00eda un cambio radical en la cartograf\u00eda de la sui generis democracia estadounidense, al estar cimentado el nuevo sistema pol\u00edtico en un Presidencialismo con claros tintes autocr\u00e1ticos y en la Doctrina geopol\u00edtica del Aislacionismo, lo cual ser\u00eda para los globalistas el advenimiento del caos.<\/p>\n<h2>\u00bfQui\u00e9n teme a Donald Trump?<\/h2>\n<p>La victoria de Trump en el 2024 representar\u00eda, pues, el ocaso de la estrategia atlantista de Biden y Soros empecinados en defenestrar a Putin del poder, la firma de un acuerdo de Paz en Ucrania y el retorno a la Doctrina de la Coexistencia Pac\u00edfica con Rusia. Ello supondr\u00eda la entronizaci\u00f3n del G-3 (EEUU, Rusia y China) como <em>primus inter pares<\/em> en la gobernanza mundial y ser\u00eda un misil en la l\u00ednea de flotaci\u00f3n de los intereses geopol\u00edticos del conocido como \u201cClub de las Islas\u201d con activos cercanos a los 10 trillones \u20ac y cuya cabeza visible seg\u00fan el esp\u00eda ruso Daniel Estulin, ser\u00eda el financiero y experto dise\u00f1ador de \u201crevoluciones de colores\u201d, George Soros, con lo que nos encontramos en el inicio de un duelo Soros-Trump en el que tan s\u00f3lo uno de ellos puede sobrevivir.<\/p>\n<p>As\u00ed, la Comunidad de Inteligencia de EEUU (la Cuarta Rama del Gobierno, seg\u00fan Tom Engelhardt), agente pat\u00f3geno de naturaleza totalitaria y devenido en Estado paralelo y verdadero poder en la sombra, habr\u00eda sido fagocitado por el \u201cClub de las Islas\u201d de George Soros y se habr\u00eda conjurado contra un Trump partidario de la Geopol\u00edtica Primus InterPares o G3.<\/p>\n<p>En el supuesto de fracasar la actual ofensiva judicial contra Trump para inhabilitarlo pol\u00edticamente y evitar su posible victoria en las Elecciones Presidenciales del 2024, no ser\u00eda descartable la gestaci\u00f3n de una trama end\u00f3gena para neutralizarlo.<\/p>","protected":false},"excerpt":{"rendered":"<p>Wright Mills en su libro The Power Elite (1956), indica que la clave para entender la inquietud norteamericana se encontrar\u00eda en la sobre-organizaci\u00f3n de su sociedad.<\/p>","protected":false},"author":16,"featured_media":54574,"comment_status":"closed","ping_status":"closed","sticky":false,"template":"","format":"standard","meta":{"footnotes":""},"categories":[72],"tags":[],"class_list":["post-54573","post","type-post","status-publish","format-standard","has-post-thumbnail","hentry","category-opinion"],"yoast_head":"<!-- This site is optimized with the Yoast SEO plugin v27.5 - https:\/\/yoast.com\/product\/yoast-seo-wordpress\/ -->\n<title>\u00bfQui\u00e9n teme a Donald Trump? - Revista Rambla<\/title>\n<meta name=\"robots\" content=\"index, follow, max-snippet:-1, max-image-preview:large, max-video-preview:-1\" \/>\n<link rel=\"canonical\" href=\"https:\/\/www.revistarambla.com\/en\/quien-teme-a-donald-trump\/\" \/>\n<meta property=\"og:locale\" content=\"en_GB\" \/>\n<meta property=\"og:type\" content=\"article\" \/>\n<meta property=\"og:title\" content=\"\u00bfQui\u00e9n teme a Donald Trump? - Revista Rambla\" \/>\n<meta property=\"og:description\" content=\"Wright Mills en su libro The Power Elite (1956), indica que la clave para entender la inquietud norteamericana se encontrar\u00eda en la sobre-organizaci\u00f3n de su sociedad.\" \/>\n<meta property=\"og:url\" content=\"https:\/\/www.revistarambla.com\/en\/quien-teme-a-donald-trump\/\" \/>\n<meta property=\"og:site_name\" content=\"Revista Rambla\" \/>\n<meta property=\"article:publisher\" content=\"https:\/\/www.facebook.com\/revistarambla\/\" \/>\n<meta property=\"article:published_time\" content=\"2023-04-25T11:21:15+00:00\" \/>\n<meta property=\"article:modified_time\" content=\"2023-04-25T11:26:38+00:00\" \/>\n<meta property=\"og:image\" content=\"https:\/\/www.revistarambla.com\/wp-content\/uploads\/2023\/04\/1024px-Donald_Trump_39630669575.jpg\" \/>\n\t<meta property=\"og:image:width\" content=\"1024\" \/>\n\t<meta property=\"og:image:height\" content=\"683\" \/>\n\t<meta property=\"og:image:type\" content=\"image\/jpeg\" \/>\n<meta name=\"author\" content=\"Germ\u00e1n Gorraiz L\u00f3pez\" \/>\n<meta name=\"twitter:card\" content=\"summary_large_image\" \/>\n<meta name=\"twitter:creator\" content=\"@revistarambla\" \/>\n<meta name=\"twitter:site\" content=\"@revistarambla\" \/>\n<meta name=\"twitter:label1\" content=\"Written by\" \/>\n\t<meta name=\"twitter:data1\" content=\"Germ\u00e1n Gorraiz L\u00f3pez\" \/>\n\t<meta name=\"twitter:label2\" content=\"Estimated reading time\" \/>\n\t<meta name=\"twitter:data2\" content=\"3 minutes\" \/>\n<script type=\"application\/ld+json\" class=\"yoast-schema-graph\">{\"@context\":\"https:\\\/\\\/schema.org\",\"@graph\":[{\"@type\":\"Article\",\"@id\":\"https:\\\/\\\/www.revistarambla.com\\\/quien-teme-a-donald-trump\\\/#article\",\"isPartOf\":{\"@id\":\"https:\\\/\\\/www.revistarambla.com\\\/quien-teme-a-donald-trump\\\/\"},\"author\":{\"name\":\"Germ\u00e1n Gorraiz L\u00f3pez\",\"@id\":\"https:\\\/\\\/www.revistarambla.com\\\/#\\\/schema\\\/person\\\/23a7868ff10cd88f8fdb045c7b7e4a4d\"},\"headline\":\"\u00bfQui\u00e9n teme a Donald Trump?\",\"datePublished\":\"2023-04-25T11:21:15+00:00\",\"dateModified\":\"2023-04-25T11:26:38+00:00\",\"mainEntityOfPage\":{\"@id\":\"https:\\\/\\\/www.revistarambla.com\\\/quien-teme-a-donald-trump\\\/\"},\"wordCount\":725,\"publisher\":{\"@id\":\"https:\\\/\\\/www.revistarambla.com\\\/#organization\"},\"image\":{\"@id\":\"https:\\\/\\\/www.revistarambla.com\\\/quien-teme-a-donald-trump\\\/#primaryimage\"},\"thumbnailUrl\":\"https:\\\/\\\/www.revistarambla.com\\\/wp-content\\\/uploads\\\/2023\\\/04\\\/1024px-Donald_Trump_39630669575.jpg\",\"articleSection\":[\"Opiniones\"],\"inLanguage\":\"en-GB\"},{\"@type\":\"WebPage\",\"@id\":\"https:\\\/\\\/www.revistarambla.com\\\/quien-teme-a-donald-trump\\\/\",\"url\":\"https:\\\/\\\/www.revistarambla.com\\\/quien-teme-a-donald-trump\\\/\",\"name\":\"\u00bfQui\u00e9n teme a Donald Trump? - Revista Rambla\",\"isPartOf\":{\"@id\":\"https:\\\/\\\/www.revistarambla.com\\\/#website\"},\"primaryImageOfPage\":{\"@id\":\"https:\\\/\\\/www.revistarambla.com\\\/quien-teme-a-donald-trump\\\/#primaryimage\"},\"image\":{\"@id\":\"https:\\\/\\\/www.revistarambla.com\\\/quien-teme-a-donald-trump\\\/#primaryimage\"},\"thumbnailUrl\":\"https:\\\/\\\/www.revistarambla.com\\\/wp-content\\\/uploads\\\/2023\\\/04\\\/1024px-Donald_Trump_39630669575.jpg\",\"datePublished\":\"2023-04-25T11:21:15+00:00\",\"dateModified\":\"2023-04-25T11:26:38+00:00\",\"breadcrumb\":{\"@id\":\"https:\\\/\\\/www.revistarambla.com\\\/quien-teme-a-donald-trump\\\/#breadcrumb\"},\"inLanguage\":\"en-GB\",\"potentialAction\":[{\"@type\":\"ReadAction\",\"target\":[\"https:\\\/\\\/www.revistarambla.com\\\/quien-teme-a-donald-trump\\\/\"]}]},{\"@type\":\"ImageObject\",\"inLanguage\":\"en-GB\",\"@id\":\"https:\\\/\\\/www.revistarambla.com\\\/quien-teme-a-donald-trump\\\/#primaryimage\",\"url\":\"https:\\\/\\\/www.revistarambla.com\\\/wp-content\\\/uploads\\\/2023\\\/04\\\/1024px-Donald_Trump_39630669575.jpg\",\"contentUrl\":\"https:\\\/\\\/www.revistarambla.com\\\/wp-content\\\/uploads\\\/2023\\\/04\\\/1024px-Donald_Trump_39630669575.jpg\",\"width\":1024,\"height\":683,\"caption\":\"trump profecia orden internacional trump ir\u00e1n guerra\"},{\"@type\":\"BreadcrumbList\",\"@id\":\"https:\\\/\\\/www.revistarambla.com\\\/quien-teme-a-donald-trump\\\/#breadcrumb\",\"itemListElement\":[{\"@type\":\"ListItem\",\"position\":1,\"name\":\"Portada\",\"item\":\"https:\\\/\\\/www.revistarambla.com\\\/\"},{\"@type\":\"ListItem\",\"position\":2,\"name\":\"\u00bfQui\u00e9n teme a Donald Trump?\"}]},{\"@type\":\"WebSite\",\"@id\":\"https:\\\/\\\/www.revistarambla.com\\\/#website\",\"url\":\"https:\\\/\\\/www.revistarambla.com\\\/\",\"name\":\"Revista Rambla Barcelona\",\"description\":\"Periodismo independiente\",\"publisher\":{\"@id\":\"https:\\\/\\\/www.revistarambla.com\\\/#organization\"},\"potentialAction\":[{\"@type\":\"SearchAction\",\"target\":{\"@type\":\"EntryPoint\",\"urlTemplate\":\"https:\\\/\\\/www.revistarambla.com\\\/?s={search_term_string}\"},\"query-input\":{\"@type\":\"PropertyValueSpecification\",\"valueRequired\":true,\"valueName\":\"search_term_string\"}}],\"inLanguage\":\"en-GB\"},{\"@type\":\"Organization\",\"@id\":\"https:\\\/\\\/www.revistarambla.com\\\/#organization\",\"name\":\"Revista Rambla\",\"url\":\"https:\\\/\\\/www.revistarambla.com\\\/\",\"logo\":{\"@type\":\"ImageObject\",\"inLanguage\":\"en-GB\",\"@id\":\"https:\\\/\\\/www.revistarambla.com\\\/#\\\/schema\\\/logo\\\/image\\\/\",\"url\":\"https:\\\/\\\/www.revistarambla.com\\\/wp-content\\\/uploads\\\/2020\\\/09\\\/banner_rambla_1900x600_BB.png\",\"contentUrl\":\"https:\\\/\\\/www.revistarambla.com\\\/wp-content\\\/uploads\\\/2020\\\/09\\\/banner_rambla_1900x600_BB.png\",\"width\":1900,\"height\":600,\"caption\":\"Revista Rambla\"},\"image\":{\"@id\":\"https:\\\/\\\/www.revistarambla.com\\\/#\\\/schema\\\/logo\\\/image\\\/\"},\"sameAs\":[\"https:\\\/\\\/www.facebook.com\\\/revistarambla\\\/\",\"https:\\\/\\\/x.com\\\/revistarambla\",\"https:\\\/\\\/www.instagram.com\\\/revista_rambla\",\"https:\\\/\\\/es.linkedin.com\\\/company\\\/revista-rambla\"]},{\"@type\":\"Person\",\"@id\":\"https:\\\/\\\/www.revistarambla.com\\\/#\\\/schema\\\/person\\\/23a7868ff10cd88f8fdb045c7b7e4a4d\",\"name\":\"Germ\u00e1n Gorraiz L\u00f3pez\",\"description\":\"Nacido en Navarra en 1957. Escribe an\u00e1lisis sobre temas econ\u00f3micos y geopol\u00edticos. Es miembro de Attac-Navarra. Colabora habitualmente en varios medios digitales e impresos espa\u00f1oles y latinoamericanos.\"}]}<\/script>\n<!-- \/ Yoast SEO plugin. -->","yoast_head_json":{"title":"\u00bfQui\u00e9n teme a Donald Trump? - Revista Rambla","robots":{"index":"index","follow":"follow","max-snippet":"max-snippet:-1","max-image-preview":"max-image-preview:large","max-video-preview":"max-video-preview:-1"},"canonical":"https:\/\/www.revistarambla.com\/en\/quien-teme-a-donald-trump\/","og_locale":"en_GB","og_type":"article","og_title":"\u00bfQui\u00e9n teme a Donald Trump? - Revista Rambla","og_description":"Wright Mills en su libro The Power Elite (1956), indica que la clave para entender la inquietud norteamericana se encontrar\u00eda en la sobre-organizaci\u00f3n de su sociedad.","og_url":"https:\/\/www.revistarambla.com\/en\/quien-teme-a-donald-trump\/","og_site_name":"Revista Rambla","article_publisher":"https:\/\/www.facebook.com\/revistarambla\/","article_published_time":"2023-04-25T11:21:15+00:00","article_modified_time":"2023-04-25T11:26:38+00:00","og_image":[{"width":1024,"height":683,"url":"https:\/\/www.revistarambla.com\/wp-content\/uploads\/2023\/04\/1024px-Donald_Trump_39630669575.jpg","type":"image\/jpeg"}],"author":"Germ\u00e1n Gorraiz L\u00f3pez","twitter_card":"summary_large_image","twitter_creator":"@revistarambla","twitter_site":"@revistarambla","twitter_misc":{"Written by":"Germ\u00e1n Gorraiz L\u00f3pez","Estimated reading time":"3 minutes"},"schema":{"@context":"https:\/\/schema.org","@graph":[{"@type":"Article","@id":"https:\/\/www.revistarambla.com\/quien-teme-a-donald-trump\/#article","isPartOf":{"@id":"https:\/\/www.revistarambla.com\/quien-teme-a-donald-trump\/"},"author":{"name":"Germ\u00e1n Gorraiz L\u00f3pez","@id":"https:\/\/www.revistarambla.com\/#\/schema\/person\/23a7868ff10cd88f8fdb045c7b7e4a4d"},"headline":"\u00bfQui\u00e9n teme a Donald Trump?","datePublished":"2023-04-25T11:21:15+00:00","dateModified":"2023-04-25T11:26:38+00:00","mainEntityOfPage":{"@id":"https:\/\/www.revistarambla.com\/quien-teme-a-donald-trump\/"},"wordCount":725,"publisher":{"@id":"https:\/\/www.revistarambla.com\/#organization"},"image":{"@id":"https:\/\/www.revistarambla.com\/quien-teme-a-donald-trump\/#primaryimage"},"thumbnailUrl":"https:\/\/www.revistarambla.com\/wp-content\/uploads\/2023\/04\/1024px-Donald_Trump_39630669575.jpg","articleSection":["Opiniones"],"inLanguage":"en-GB"},{"@type":"WebPage","@id":"https:\/\/www.revistarambla.com\/quien-teme-a-donald-trump\/","url":"https:\/\/www.revistarambla.com\/quien-teme-a-donald-trump\/","name":"\u00bfQui\u00e9n teme a Donald Trump? - Revista Rambla","isPartOf":{"@id":"https:\/\/www.revistarambla.com\/#website"},"primaryImageOfPage":{"@id":"https:\/\/www.revistarambla.com\/quien-teme-a-donald-trump\/#primaryimage"},"image":{"@id":"https:\/\/www.revistarambla.com\/quien-teme-a-donald-trump\/#primaryimage"},"thumbnailUrl":"https:\/\/www.revistarambla.com\/wp-content\/uploads\/2023\/04\/1024px-Donald_Trump_39630669575.jpg","datePublished":"2023-04-25T11:21:15+00:00","dateModified":"2023-04-25T11:26:38+00:00","breadcrumb":{"@id":"https:\/\/www.revistarambla.com\/quien-teme-a-donald-trump\/#breadcrumb"},"inLanguage":"en-GB","potentialAction":[{"@type":"ReadAction","target":["https:\/\/www.revistarambla.com\/quien-teme-a-donald-trump\/"]}]},{"@type":"ImageObject","inLanguage":"en-GB","@id":"https:\/\/www.revistarambla.com\/quien-teme-a-donald-trump\/#primaryimage","url":"https:\/\/www.revistarambla.com\/wp-content\/uploads\/2023\/04\/1024px-Donald_Trump_39630669575.jpg","contentUrl":"https:\/\/www.revistarambla.com\/wp-content\/uploads\/2023\/04\/1024px-Donald_Trump_39630669575.jpg","width":1024,"height":683,"caption":"trump profecia orden internacional trump ir\u00e1n guerra"},{"@type":"BreadcrumbList","@id":"https:\/\/www.revistarambla.com\/quien-teme-a-donald-trump\/#breadcrumb","itemListElement":[{"@type":"ListItem","position":1,"name":"Portada","item":"https:\/\/www.revistarambla.com\/"},{"@type":"ListItem","position":2,"name":"\u00bfQui\u00e9n teme a Donald Trump?"}]},{"@type":"WebSite","@id":"https:\/\/www.revistarambla.com\/#website","url":"https:\/\/www.revistarambla.com\/","name":"Revista Rambla Barcelona","description":"Periodismo independiente","publisher":{"@id":"https:\/\/www.revistarambla.com\/#organization"},"potentialAction":[{"@type":"SearchAction","target":{"@type":"EntryPoint","urlTemplate":"https:\/\/www.revistarambla.com\/?s={search_term_string}"},"query-input":{"@type":"PropertyValueSpecification","valueRequired":true,"valueName":"search_term_string"}}],"inLanguage":"en-GB"},{"@type":"Organization","@id":"https:\/\/www.revistarambla.com\/#organization","name":"Revista Rambla","url":"https:\/\/www.revistarambla.com\/","logo":{"@type":"ImageObject","inLanguage":"en-GB","@id":"https:\/\/www.revistarambla.com\/#\/schema\/logo\/image\/","url":"https:\/\/www.revistarambla.com\/wp-content\/uploads\/2020\/09\/banner_rambla_1900x600_BB.png","contentUrl":"https:\/\/www.revistarambla.com\/wp-content\/uploads\/2020\/09\/banner_rambla_1900x600_BB.png","width":1900,"height":600,"caption":"Revista Rambla"},"image":{"@id":"https:\/\/www.revistarambla.com\/#\/schema\/logo\/image\/"},"sameAs":["https:\/\/www.facebook.com\/revistarambla\/","https:\/\/x.com\/revistarambla","https:\/\/www.instagram.com\/revista_rambla","https:\/\/es.linkedin.com\/company\/revista-rambla"]},{"@type":"Person","@id":"https:\/\/www.revistarambla.com\/#\/schema\/person\/23a7868ff10cd88f8fdb045c7b7e4a4d","name":"Germ\u00e1n Gorraiz L\u00f3pez","description":"Nacido en Navarra en 1957. Escribe an\u00e1lisis sobre temas econ\u00f3micos y geopol\u00edticos. Es miembro de Attac-Navarra. Colabora habitualmente en varios medios digitales e impresos espa\u00f1oles y latinoamericanos."}]}},"_links":{"self":[{"href":"https:\/\/www.revistarambla.com\/en\/wp-json\/wp\/v2\/posts\/54573","targetHints":{"allow":["GET"]}}],"collection":[{"href":"https:\/\/www.revistarambla.com\/en\/wp-json\/wp\/v2\/posts"}],"about":[{"href":"https:\/\/www.revistarambla.com\/en\/wp-json\/wp\/v2\/types\/post"}],"author":[{"embeddable":true,"href":"https:\/\/www.revistarambla.com\/en\/wp-json\/wp\/v2\/users\/16"}],"replies":[{"embeddable":true,"href":"https:\/\/www.revistarambla.com\/en\/wp-json\/wp\/v2\/comments?post=54573"}],"version-history":[{"count":2,"href":"https:\/\/www.revistarambla.com\/en\/wp-json\/wp\/v2\/posts\/54573\/revisions"}],"predecessor-version":[{"id":54576,"href":"https:\/\/www.revistarambla.com\/en\/wp-json\/wp\/v2\/posts\/54573\/revisions\/54576"}],"wp:featuredmedia":[{"embeddable":true,"href":"https:\/\/www.revistarambla.com\/en\/wp-json\/wp\/v2\/media\/54574"}],"wp:attachment":[{"href":"https:\/\/www.revistarambla.com\/en\/wp-json\/wp\/v2\/media?parent=54573"}],"wp:term":[{"taxonomy":"category","embeddable":true,"href":"https:\/\/www.revistarambla.com\/en\/wp-json\/wp\/v2\/categories?post=54573"},{"taxonomy":"post_tag","embeddable":true,"href":"https:\/\/www.revistarambla.com\/en\/wp-json\/wp\/v2\/tags?post=54573"}],"curies":[{"name":"wp","href":"https:\/\/api.w.org\/{rel}","templated":true}]}}