{"id":54421,"date":"2023-04-17T11:30:34","date_gmt":"2023-04-17T09:30:34","guid":{"rendered":"https:\/\/www.revistarambla.com\/?p=54421"},"modified":"2023-04-17T11:34:04","modified_gmt":"2023-04-17T09:34:04","slug":"el-tabaco-de-liar-la-opcion-para-fumar-que-crece-en-barcelona","status":"publish","type":"post","link":"https:\/\/www.revistarambla.com\/en\/el-tabaco-de-liar-la-opcion-para-fumar-que-crece-en-barcelona\/","title":{"rendered":"El tabaco de liar, la opci\u00f3n para fumar que crece en Barcelona"},"content":{"rendered":"<p style=\"text-align: left;\"><b>En Barcelona el consumo de tabaco convencional sigue de capa ca\u00edda<\/b>, aunque con un leve repunte en comparaci\u00f3n con el pasado a\u00f1o 2022. Seg\u00fan los datos ofrecidos por el departamento de estad\u00edstica de mercado, en este 2023, ha sido de 281.069.785,55, unos 7.449.546 m\u00e1s de los 273.620.238,75 de euros por las ventas del pasado ejercicio. Del mismo modo, se puede apreciar otro <b>d\u00e9bil aumento en toda Catalu\u00f1a en relaci\u00f3n al tabaco de liar, que de los 39.280.189,75 del 2022 ha subido hasta 43.655.122,95 euros<\/b>.<\/p>\n<p style=\"text-align: left;\">En cualquier caso, <b>es el tabaco de liar el que va robando consumidores poco a poco al tabaco tradicional<\/b>, en buena medida por la convicci\u00f3n de que esta f\u00f3rmula no es tan perjudicial como la primera. Aunque el uso de <span style=\"text-decoration: underline;\"><a href=\"https:\/\/www.smokingpaper.com\/es\/productos\/papeles\/\">papel de liar<\/a><\/span> y tabaco picado no est\u00e1 claramente demostrado que sea menos da\u00f1ino, s\u00ed es cierto que <b>el tiempo entre un cigarrillo y otro aumenta, ya sea por el trabajo de hacerlo, ya sea por su mayor duraci\u00f3n al ser fumado<\/b>, siendo esta solo una de sus ventajas.<\/p>\n<h2 class=\"western\" style=\"text-align: left;\"><a name=\"Bookmark\"><\/a>Beneficios de fumar tabaco de liar<\/h2>\n<p class=\"first-paragraph\" style=\"text-align: left;\">Queda demostrado que el papel utilizado com\u00fanmente para liar el tabaco de forma manual por el propio consumidor, al <b>carecer de colorantes, pegamentos, fibras crudas y otros elementos y sustancias t\u00f3xicas, no solo evitar\u00e1 inhalar y recibir un da\u00f1o a la salud, sino que, adem\u00e1s, favorecer\u00e1 la experiencia del fumador, saboreando el tabaco con mayor intensidad<\/b> y con menos elementos distorsionantes.<\/p>\n<p style=\"text-align: left;\">Por otra parte, no son pocos los que aseguran que <b>liar el cigarrillo por uno mismo ofrece una sensaci\u00f3n m\u00e1s placentera que coger directamente de una cajetilla<\/b> un cigarrillo fabricado en serie. El placer de consumir un trabajo realizado de forma artesanal se relaciona con la sensaci\u00f3n de autosuficiencia, pero, tambi\u00e9n, por <b>obtener un producto a medida<\/b>, justo con la cantidad de tabaco que se quiere fumar, con el tipo de picadura que se prefiere, el gramaje, el color, la mezcla de hierba, en definitiva, porque consigue un cigarrillo completamente personalizado.<\/p>\n<p style=\"text-align: left;\">Del mismo modo, <b>si se tiene menos ganas de fumar, se cargar\u00e1 con menos cantidad<\/b>, o si se dispone de un tiempo prolongado, se puede realizar un cigarrillo con un tama\u00f1o mayor. Es por este motivo por lo que el mercado ofrece diferentes formatos de papeles de liar.<\/p>\n<h2 class=\"western\" style=\"text-align: left;\"><a name=\"Bookmark1\"><\/a>Diferentes opciones en papel de liar<\/h2>\n<p class=\"first-paragraph\" style=\"text-align: left;\">El papel de liar va a mejorar la calidad de la fumada y, aunque existen <b>diferentes calidades y gramajes, de forma general est\u00e1n hechos a base de celulosa, de arroz o de c\u00e1\u00f1amo<\/b>. Cada papel de liar va a presentar unas caracter\u00edsticas propias y particulares, entre las que destacan el sabor que a\u00f1ade al tabaco, el grosor, la velocidad de combusti\u00f3n, as\u00ed como las cualidades que permiten al fumador elegir el que mejor satisfaga sus gustos y necesidades.<\/p>\n<h3 class=\"western\" style=\"text-align: left;\"><a name=\"Bookmark2\"><\/a>Seg\u00fan el tama\u00f1o<\/h3>\n<p class=\"first-paragraph\" style=\"text-align: left;\">Los diferentes formatos son el <b>est\u00e1ndar (68 x 34<\/b>), el de 1;1\/4, 1; \u00bd, de anchura doble (76 x 63), tama\u00f1o King (100 x 55), King Slim (105 x 42) \u2026<\/p>\n<h3 class=\"western\" style=\"text-align: left;\"><a name=\"Bookmark3\"><\/a>Los sabores<\/h3>\n<p class=\"first-paragraph\" style=\"text-align: left;\">Lo habitual es elegir uno <b>sin sabor a\u00f1adido<\/b>, pero para variar un poco o por puro placer se localizan aquellos que saben a <b>menta, manzana verde, pl\u00e1tano, cereza, frutos del bosque, sand\u00eda\u2026<\/b><\/p>\n<h3 class=\"western\" style=\"text-align: left;\"><a name=\"Bookmark4\"><\/a>El estilo<\/h3>\n<p class=\"first-paragraph\" style=\"text-align: left;\">El mercado, en su constante b\u00fasqueda para satisfacer a todos los consumidores, presenta <b>diferentes colores en los papeles de liar<\/b>. Desde el habitual blanco hasta el marr\u00f3n liso, es decir, sin blanquear, pasando por otros con dise\u00f1os llamativos y exclusivos, como los dorados, especiales para los d\u00edas m\u00e1s festivos.<\/p>","protected":false},"excerpt":{"rendered":"<p>En Barcelona el consumo de tabaco convencional sigue de capa ca\u00edda, aunque con un leve repunte en comparaci\u00f3n con el pasado a\u00f1o 2022. Seg\u00fan los datos ofrecidos por el departamento de estad\u00edstica de mercado, en este 2023, ha sido de 281.069.785,55, unos 7.449.546 m\u00e1s de los 273.620.238,75 de euros por [&hellip;]<\/p>\n","protected":false},"author":3,"featured_media":54422,"comment_status":"closed","ping_status":"closed","sticky":false,"template":"","format":"standard","meta":{"footnotes":""},"categories":[6],"tags":[],"class_list":["post-54421","post","type-post","status-publish","format-standard","has-post-thumbnail","hentry","category-ocio"],"yoast_head":"<!-- This site is optimized with the Yoast SEO plugin v27.5 - https:\/\/yoast.com\/product\/yoast-seo-wordpress\/ -->\n<title>El tabaco de liar, la opci\u00f3n para fumar que crece en Barcelona - Revista Rambla<\/title>\n<meta name=\"robots\" content=\"index, follow, max-snippet:-1, max-image-preview:large, max-video-preview:-1\" \/>\n<link rel=\"canonical\" href=\"https:\/\/www.revistarambla.com\/en\/el-tabaco-de-liar-la-opcion-para-fumar-que-crece-en-barcelona\/\" \/>\n<meta property=\"og:locale\" content=\"en_GB\" \/>\n<meta property=\"og:type\" content=\"article\" \/>\n<meta property=\"og:title\" content=\"El tabaco de liar, la opci\u00f3n para fumar que crece en Barcelona - Revista Rambla\" \/>\n<meta property=\"og:description\" content=\"En Barcelona el consumo de tabaco convencional sigue de capa ca\u00edda, aunque con un leve repunte en comparaci\u00f3n con el pasado a\u00f1o 2022. Seg\u00fan los datos ofrecidos por el departamento de estad\u00edstica de mercado, en este 2023, ha sido de 281.069.785,55, unos 7.449.546 m\u00e1s de los 273.620.238,75 de euros por [&hellip;]\" \/>\n<meta property=\"og:url\" content=\"https:\/\/www.revistarambla.com\/en\/el-tabaco-de-liar-la-opcion-para-fumar-que-crece-en-barcelona\/\" \/>\n<meta property=\"og:site_name\" content=\"Revista Rambla\" \/>\n<meta property=\"article:publisher\" content=\"https:\/\/www.facebook.com\/revistarambla\/\" \/>\n<meta property=\"article:author\" content=\"https:\/\/www.facebook.com\/revistarambla\" \/>\n<meta property=\"article:published_time\" content=\"2023-04-17T09:30:34+00:00\" \/>\n<meta property=\"article:modified_time\" content=\"2023-04-17T09:34:04+00:00\" \/>\n<meta property=\"og:image\" content=\"https:\/\/www.revistarambla.com\/wp-content\/uploads\/2023\/04\/tobacco-ge1c46dd5c_1280.jpg\" \/>\n\t<meta property=\"og:image:width\" content=\"1280\" \/>\n\t<meta property=\"og:image:height\" content=\"805\" \/>\n\t<meta property=\"og:image:type\" content=\"image\/jpeg\" \/>\n<meta name=\"author\" content=\"R@mbla\" \/>\n<meta name=\"twitter:card\" content=\"summary_large_image\" \/>\n<meta name=\"twitter:creator\" content=\"@revistarambla\" \/>\n<meta name=\"twitter:site\" content=\"@revistarambla\" \/>\n<meta name=\"twitter:label1\" content=\"Written by\" \/>\n\t<meta name=\"twitter:data1\" content=\"R@mbla\" \/>\n\t<meta name=\"twitter:label2\" content=\"Estimated reading time\" \/>\n\t<meta name=\"twitter:data2\" content=\"3 minutes\" \/>\n<script type=\"application\/ld+json\" class=\"yoast-schema-graph\">{\"@context\":\"https:\\\/\\\/schema.org\",\"@graph\":[{\"@type\":\"Article\",\"@id\":\"https:\\\/\\\/www.revistarambla.com\\\/el-tabaco-de-liar-la-opcion-para-fumar-que-crece-en-barcelona\\\/#article\",\"isPartOf\":{\"@id\":\"https:\\\/\\\/www.revistarambla.com\\\/el-tabaco-de-liar-la-opcion-para-fumar-que-crece-en-barcelona\\\/\"},\"author\":{\"name\":\"R@mbla\",\"@id\":\"https:\\\/\\\/www.revistarambla.com\\\/#\\\/schema\\\/person\\\/a146a5a2550b94981a75131180e1bd9c\"},\"headline\":\"El tabaco de liar, la opci\u00f3n para fumar que crece en Barcelona\",\"datePublished\":\"2023-04-17T09:30:34+00:00\",\"dateModified\":\"2023-04-17T09:34:04+00:00\",\"mainEntityOfPage\":{\"@id\":\"https:\\\/\\\/www.revistarambla.com\\\/el-tabaco-de-liar-la-opcion-para-fumar-que-crece-en-barcelona\\\/\"},\"wordCount\":614,\"publisher\":{\"@id\":\"https:\\\/\\\/www.revistarambla.com\\\/#organization\"},\"image\":{\"@id\":\"https:\\\/\\\/www.revistarambla.com\\\/el-tabaco-de-liar-la-opcion-para-fumar-que-crece-en-barcelona\\\/#primaryimage\"},\"thumbnailUrl\":\"https:\\\/\\\/www.revistarambla.com\\\/wp-content\\\/uploads\\\/2023\\\/04\\\/tobacco-ge1c46dd5c_1280.jpg\",\"articleSection\":[\"Ocio\"],\"inLanguage\":\"en-GB\"},{\"@type\":\"WebPage\",\"@id\":\"https:\\\/\\\/www.revistarambla.com\\\/el-tabaco-de-liar-la-opcion-para-fumar-que-crece-en-barcelona\\\/\",\"url\":\"https:\\\/\\\/www.revistarambla.com\\\/el-tabaco-de-liar-la-opcion-para-fumar-que-crece-en-barcelona\\\/\",\"name\":\"El tabaco de liar, la opci\u00f3n para fumar que crece en Barcelona - Revista Rambla\",\"isPartOf\":{\"@id\":\"https:\\\/\\\/www.revistarambla.com\\\/#website\"},\"primaryImageOfPage\":{\"@id\":\"https:\\\/\\\/www.revistarambla.com\\\/el-tabaco-de-liar-la-opcion-para-fumar-que-crece-en-barcelona\\\/#primaryimage\"},\"image\":{\"@id\":\"https:\\\/\\\/www.revistarambla.com\\\/el-tabaco-de-liar-la-opcion-para-fumar-que-crece-en-barcelona\\\/#primaryimage\"},\"thumbnailUrl\":\"https:\\\/\\\/www.revistarambla.com\\\/wp-content\\\/uploads\\\/2023\\\/04\\\/tobacco-ge1c46dd5c_1280.jpg\",\"datePublished\":\"2023-04-17T09:30:34+00:00\",\"dateModified\":\"2023-04-17T09:34:04+00:00\",\"breadcrumb\":{\"@id\":\"https:\\\/\\\/www.revistarambla.com\\\/el-tabaco-de-liar-la-opcion-para-fumar-que-crece-en-barcelona\\\/#breadcrumb\"},\"inLanguage\":\"en-GB\",\"potentialAction\":[{\"@type\":\"ReadAction\",\"target\":[\"https:\\\/\\\/www.revistarambla.com\\\/el-tabaco-de-liar-la-opcion-para-fumar-que-crece-en-barcelona\\\/\"]}]},{\"@type\":\"ImageObject\",\"inLanguage\":\"en-GB\",\"@id\":\"https:\\\/\\\/www.revistarambla.com\\\/el-tabaco-de-liar-la-opcion-para-fumar-que-crece-en-barcelona\\\/#primaryimage\",\"url\":\"https:\\\/\\\/www.revistarambla.com\\\/wp-content\\\/uploads\\\/2023\\\/04\\\/tobacco-ge1c46dd5c_1280.jpg\",\"contentUrl\":\"https:\\\/\\\/www.revistarambla.com\\\/wp-content\\\/uploads\\\/2023\\\/04\\\/tobacco-ge1c46dd5c_1280.jpg\",\"width\":1280,\"height\":805},{\"@type\":\"BreadcrumbList\",\"@id\":\"https:\\\/\\\/www.revistarambla.com\\\/el-tabaco-de-liar-la-opcion-para-fumar-que-crece-en-barcelona\\\/#breadcrumb\",\"itemListElement\":[{\"@type\":\"ListItem\",\"position\":1,\"name\":\"Portada\",\"item\":\"https:\\\/\\\/www.revistarambla.com\\\/\"},{\"@type\":\"ListItem\",\"position\":2,\"name\":\"El tabaco de liar, la opci\u00f3n para fumar que crece en Barcelona\"}]},{\"@type\":\"WebSite\",\"@id\":\"https:\\\/\\\/www.revistarambla.com\\\/#website\",\"url\":\"https:\\\/\\\/www.revistarambla.com\\\/\",\"name\":\"Revista Rambla Barcelona\",\"description\":\"Periodismo independiente\",\"publisher\":{\"@id\":\"https:\\\/\\\/www.revistarambla.com\\\/#organization\"},\"potentialAction\":[{\"@type\":\"SearchAction\",\"target\":{\"@type\":\"EntryPoint\",\"urlTemplate\":\"https:\\\/\\\/www.revistarambla.com\\\/?s={search_term_string}\"},\"query-input\":{\"@type\":\"PropertyValueSpecification\",\"valueRequired\":true,\"valueName\":\"search_term_string\"}}],\"inLanguage\":\"en-GB\"},{\"@type\":\"Organization\",\"@id\":\"https:\\\/\\\/www.revistarambla.com\\\/#organization\",\"name\":\"Revista Rambla\",\"url\":\"https:\\\/\\\/www.revistarambla.com\\\/\",\"logo\":{\"@type\":\"ImageObject\",\"inLanguage\":\"en-GB\",\"@id\":\"https:\\\/\\\/www.revistarambla.com\\\/#\\\/schema\\\/logo\\\/image\\\/\",\"url\":\"https:\\\/\\\/www.revistarambla.com\\\/wp-content\\\/uploads\\\/2020\\\/09\\\/banner_rambla_1900x600_BB.png\",\"contentUrl\":\"https:\\\/\\\/www.revistarambla.com\\\/wp-content\\\/uploads\\\/2020\\\/09\\\/banner_rambla_1900x600_BB.png\",\"width\":1900,\"height\":600,\"caption\":\"Revista Rambla\"},\"image\":{\"@id\":\"https:\\\/\\\/www.revistarambla.com\\\/#\\\/schema\\\/logo\\\/image\\\/\"},\"sameAs\":[\"https:\\\/\\\/www.facebook.com\\\/revistarambla\\\/\",\"https:\\\/\\\/x.com\\\/revistarambla\",\"https:\\\/\\\/www.instagram.com\\\/revista_rambla\",\"https:\\\/\\\/es.linkedin.com\\\/company\\\/revista-rambla\"]},{\"@type\":\"Person\",\"@id\":\"https:\\\/\\\/www.revistarambla.com\\\/#\\\/schema\\\/person\\\/a146a5a2550b94981a75131180e1bd9c\",\"name\":\"R@mbla\",\"description\":\"Este art\u00edculo ha sido redactado y\\\/o validado por el equipo de redacci\u00f3n de Revista Rambla.\",\"sameAs\":[\"https:\\\/\\\/www.revistarambla.com\\\/\",\"https:\\\/\\\/www.facebook.com\\\/revistarambla\",\"https:\\\/\\\/x.com\\\/revistarambla\"]}]}<\/script>\n<!-- \/ Yoast SEO plugin. -->","yoast_head_json":{"title":"El tabaco de liar, la opci\u00f3n para fumar que crece en Barcelona - Revista Rambla","robots":{"index":"index","follow":"follow","max-snippet":"max-snippet:-1","max-image-preview":"max-image-preview:large","max-video-preview":"max-video-preview:-1"},"canonical":"https:\/\/www.revistarambla.com\/en\/el-tabaco-de-liar-la-opcion-para-fumar-que-crece-en-barcelona\/","og_locale":"en_GB","og_type":"article","og_title":"El tabaco de liar, la opci\u00f3n para fumar que crece en Barcelona - Revista Rambla","og_description":"En Barcelona el consumo de tabaco convencional sigue de capa ca\u00edda, aunque con un leve repunte en comparaci\u00f3n con el pasado a\u00f1o 2022. Seg\u00fan los datos ofrecidos por el departamento de estad\u00edstica de mercado, en este 2023, ha sido de 281.069.785,55, unos 7.449.546 m\u00e1s de los 273.620.238,75 de euros por [&hellip;]","og_url":"https:\/\/www.revistarambla.com\/en\/el-tabaco-de-liar-la-opcion-para-fumar-que-crece-en-barcelona\/","og_site_name":"Revista Rambla","article_publisher":"https:\/\/www.facebook.com\/revistarambla\/","article_author":"https:\/\/www.facebook.com\/revistarambla","article_published_time":"2023-04-17T09:30:34+00:00","article_modified_time":"2023-04-17T09:34:04+00:00","og_image":[{"width":1280,"height":805,"url":"https:\/\/www.revistarambla.com\/wp-content\/uploads\/2023\/04\/tobacco-ge1c46dd5c_1280.jpg","type":"image\/jpeg"}],"author":"R@mbla","twitter_card":"summary_large_image","twitter_creator":"@revistarambla","twitter_site":"@revistarambla","twitter_misc":{"Written by":"R@mbla","Estimated reading time":"3 minutes"},"schema":{"@context":"https:\/\/schema.org","@graph":[{"@type":"Article","@id":"https:\/\/www.revistarambla.com\/el-tabaco-de-liar-la-opcion-para-fumar-que-crece-en-barcelona\/#article","isPartOf":{"@id":"https:\/\/www.revistarambla.com\/el-tabaco-de-liar-la-opcion-para-fumar-que-crece-en-barcelona\/"},"author":{"name":"R@mbla","@id":"https:\/\/www.revistarambla.com\/#\/schema\/person\/a146a5a2550b94981a75131180e1bd9c"},"headline":"El tabaco de liar, la opci\u00f3n para fumar que crece en Barcelona","datePublished":"2023-04-17T09:30:34+00:00","dateModified":"2023-04-17T09:34:04+00:00","mainEntityOfPage":{"@id":"https:\/\/www.revistarambla.com\/el-tabaco-de-liar-la-opcion-para-fumar-que-crece-en-barcelona\/"},"wordCount":614,"publisher":{"@id":"https:\/\/www.revistarambla.com\/#organization"},"image":{"@id":"https:\/\/www.revistarambla.com\/el-tabaco-de-liar-la-opcion-para-fumar-que-crece-en-barcelona\/#primaryimage"},"thumbnailUrl":"https:\/\/www.revistarambla.com\/wp-content\/uploads\/2023\/04\/tobacco-ge1c46dd5c_1280.jpg","articleSection":["Ocio"],"inLanguage":"en-GB"},{"@type":"WebPage","@id":"https:\/\/www.revistarambla.com\/el-tabaco-de-liar-la-opcion-para-fumar-que-crece-en-barcelona\/","url":"https:\/\/www.revistarambla.com\/el-tabaco-de-liar-la-opcion-para-fumar-que-crece-en-barcelona\/","name":"El tabaco de liar, la opci\u00f3n para fumar que crece en Barcelona - Revista Rambla","isPartOf":{"@id":"https:\/\/www.revistarambla.com\/#website"},"primaryImageOfPage":{"@id":"https:\/\/www.revistarambla.com\/el-tabaco-de-liar-la-opcion-para-fumar-que-crece-en-barcelona\/#primaryimage"},"image":{"@id":"https:\/\/www.revistarambla.com\/el-tabaco-de-liar-la-opcion-para-fumar-que-crece-en-barcelona\/#primaryimage"},"thumbnailUrl":"https:\/\/www.revistarambla.com\/wp-content\/uploads\/2023\/04\/tobacco-ge1c46dd5c_1280.jpg","datePublished":"2023-04-17T09:30:34+00:00","dateModified":"2023-04-17T09:34:04+00:00","breadcrumb":{"@id":"https:\/\/www.revistarambla.com\/el-tabaco-de-liar-la-opcion-para-fumar-que-crece-en-barcelona\/#breadcrumb"},"inLanguage":"en-GB","potentialAction":[{"@type":"ReadAction","target":["https:\/\/www.revistarambla.com\/el-tabaco-de-liar-la-opcion-para-fumar-que-crece-en-barcelona\/"]}]},{"@type":"ImageObject","inLanguage":"en-GB","@id":"https:\/\/www.revistarambla.com\/el-tabaco-de-liar-la-opcion-para-fumar-que-crece-en-barcelona\/#primaryimage","url":"https:\/\/www.revistarambla.com\/wp-content\/uploads\/2023\/04\/tobacco-ge1c46dd5c_1280.jpg","contentUrl":"https:\/\/www.revistarambla.com\/wp-content\/uploads\/2023\/04\/tobacco-ge1c46dd5c_1280.jpg","width":1280,"height":805},{"@type":"BreadcrumbList","@id":"https:\/\/www.revistarambla.com\/el-tabaco-de-liar-la-opcion-para-fumar-que-crece-en-barcelona\/#breadcrumb","itemListElement":[{"@type":"ListItem","position":1,"name":"Portada","item":"https:\/\/www.revistarambla.com\/"},{"@type":"ListItem","position":2,"name":"El tabaco de liar, la opci\u00f3n para fumar que crece en Barcelona"}]},{"@type":"WebSite","@id":"https:\/\/www.revistarambla.com\/#website","url":"https:\/\/www.revistarambla.com\/","name":"Revista Rambla Barcelona","description":"Periodismo independiente","publisher":{"@id":"https:\/\/www.revistarambla.com\/#organization"},"potentialAction":[{"@type":"SearchAction","target":{"@type":"EntryPoint","urlTemplate":"https:\/\/www.revistarambla.com\/?s={search_term_string}"},"query-input":{"@type":"PropertyValueSpecification","valueRequired":true,"valueName":"search_term_string"}}],"inLanguage":"en-GB"},{"@type":"Organization","@id":"https:\/\/www.revistarambla.com\/#organization","name":"Revista Rambla","url":"https:\/\/www.revistarambla.com\/","logo":{"@type":"ImageObject","inLanguage":"en-GB","@id":"https:\/\/www.revistarambla.com\/#\/schema\/logo\/image\/","url":"https:\/\/www.revistarambla.com\/wp-content\/uploads\/2020\/09\/banner_rambla_1900x600_BB.png","contentUrl":"https:\/\/www.revistarambla.com\/wp-content\/uploads\/2020\/09\/banner_rambla_1900x600_BB.png","width":1900,"height":600,"caption":"Revista Rambla"},"image":{"@id":"https:\/\/www.revistarambla.com\/#\/schema\/logo\/image\/"},"sameAs":["https:\/\/www.facebook.com\/revistarambla\/","https:\/\/x.com\/revistarambla","https:\/\/www.instagram.com\/revista_rambla","https:\/\/es.linkedin.com\/company\/revista-rambla"]},{"@type":"Person","@id":"https:\/\/www.revistarambla.com\/#\/schema\/person\/a146a5a2550b94981a75131180e1bd9c","name":"R@mbla","description":"Este art\u00edculo ha sido redactado y\/o validado por el equipo de redacci\u00f3n de Revista Rambla.","sameAs":["https:\/\/www.revistarambla.com\/","https:\/\/www.facebook.com\/revistarambla","https:\/\/x.com\/revistarambla"]}]}},"_links":{"self":[{"href":"https:\/\/www.revistarambla.com\/en\/wp-json\/wp\/v2\/posts\/54421","targetHints":{"allow":["GET"]}}],"collection":[{"href":"https:\/\/www.revistarambla.com\/en\/wp-json\/wp\/v2\/posts"}],"about":[{"href":"https:\/\/www.revistarambla.com\/en\/wp-json\/wp\/v2\/types\/post"}],"author":[{"embeddable":true,"href":"https:\/\/www.revistarambla.com\/en\/wp-json\/wp\/v2\/users\/3"}],"replies":[{"embeddable":true,"href":"https:\/\/www.revistarambla.com\/en\/wp-json\/wp\/v2\/comments?post=54421"}],"version-history":[{"count":1,"href":"https:\/\/www.revistarambla.com\/en\/wp-json\/wp\/v2\/posts\/54421\/revisions"}],"predecessor-version":[{"id":54423,"href":"https:\/\/www.revistarambla.com\/en\/wp-json\/wp\/v2\/posts\/54421\/revisions\/54423"}],"wp:featuredmedia":[{"embeddable":true,"href":"https:\/\/www.revistarambla.com\/en\/wp-json\/wp\/v2\/media\/54422"}],"wp:attachment":[{"href":"https:\/\/www.revistarambla.com\/en\/wp-json\/wp\/v2\/media?parent=54421"}],"wp:term":[{"taxonomy":"category","embeddable":true,"href":"https:\/\/www.revistarambla.com\/en\/wp-json\/wp\/v2\/categories?post=54421"},{"taxonomy":"post_tag","embeddable":true,"href":"https:\/\/www.revistarambla.com\/en\/wp-json\/wp\/v2\/tags?post=54421"}],"curies":[{"name":"wp","href":"https:\/\/api.w.org\/{rel}","templated":true}]}}