{"id":54392,"date":"2023-04-15T19:33:37","date_gmt":"2023-04-15T17:33:37","guid":{"rendered":"https:\/\/www.revistarambla.com\/?p=54392"},"modified":"2023-04-19T19:34:39","modified_gmt":"2023-04-19T17:34:39","slug":"joaquin-rodriguez-la-lectura-es-un-placer-pero-no-se-alcanza-por-imposicion","status":"publish","type":"post","link":"https:\/\/www.revistarambla.com\/en\/joaquin-rodriguez-la-lectura-es-un-placer-pero-no-se-alcanza-por-imposicion\/","title":{"rendered":"Joaqu\u00edn Rodr\u00edguez: \u00abLa lectura es un placer, pero no se alcanza por imposici\u00f3n\u00bb"},"content":{"rendered":"<p>Joaqu\u00edn Rodr\u00edguez\u00a0es doctor en Historia y Antropolog\u00eda. Compagina su actividad editorial y educativa con la investigaci\u00f3n y la escritura.<!--more--> Es autor de\u00a0<em>La furia de la lectura. Por qu\u00e9 seguir leyendo en el siglo XXI<\/em>\u00a0y de\u00a0<em>Primitivos de una nueva era<\/em>. <em>C\u00f3mo nos hemos convertido en Homo digitalis<\/em>. Tambi\u00e9n es autor de\u00a0<em>El Potlatch digital. Wikipedia y el triunfo del procom\u00fan y el conocimiento compartido<\/em>\u00a0y de\u00a0<em>\u00a1Todos sabios! Ciencia ciudadana y conocimiento expandido<\/em>.<\/p>\n<p>Ha reflexionado a lo largo de los \u00faltimos a\u00f1os sobre las transformaciones derivadas de la revoluci\u00f3n digital en \u00e1mbitos como los de la lectura, la creaci\u00f3n literaria, la edici\u00f3n, la educaci\u00f3n, la gesti\u00f3n del conocimiento cient\u00edfico o la ciencia ciudadana.<\/p>\n<figure id=\"attachment_54394\" aria-describedby=\"caption-attachment-54394\" style=\"width: 1920px\" class=\"wp-caption aligncenter\"><img decoding=\"async\" class=\"wp-image-54394 size-full\" src=\"https:\/\/www.revistarambla.com\/wp-content\/uploads\/2023\/04\/Joaquin_Rodriguez.jpg\" alt=\"\" width=\"1920\" height=\"1915\" srcset=\"https:\/\/www.revistarambla.com\/wp-content\/uploads\/2023\/04\/Joaquin_Rodriguez.jpg 1920w, https:\/\/www.revistarambla.com\/wp-content\/uploads\/2023\/04\/Joaquin_Rodriguez-366x365.jpg 366w, https:\/\/www.revistarambla.com\/wp-content\/uploads\/2023\/04\/Joaquin_Rodriguez-840x838.jpg 840w, https:\/\/www.revistarambla.com\/wp-content\/uploads\/2023\/04\/Joaquin_Rodriguez-768x766.jpg 768w, https:\/\/www.revistarambla.com\/wp-content\/uploads\/2023\/04\/Joaquin_Rodriguez-1536x1532.jpg 1536w, https:\/\/www.revistarambla.com\/wp-content\/uploads\/2023\/04\/Joaquin_Rodriguez-12x12.jpg 12w, https:\/\/www.revistarambla.com\/wp-content\/uploads\/2023\/04\/Joaquin_Rodriguez-150x150.jpg 150w, https:\/\/www.revistarambla.com\/wp-content\/uploads\/2023\/04\/Joaquin_Rodriguez-70x70.jpg 70w\" sizes=\"(max-width: 1920px) 100vw, 1920px\" \/><figcaption id=\"caption-attachment-54394\" class=\"wp-caption-text\">Joaqu\u00edn Rodr\u00edguez.<\/figcaption><\/figure>\n<p><strong>\u00bfCree que la lectura est\u00e1 todav\u00eda en condiciones de cumplir con su promesa de humanizaci\u00f3n y racionalizaci\u00f3n?<\/strong><\/p>\n<p>Esa es la pregunta a la que trata precisamente de responder este libro, con m\u00e1s o menos \u00e9xito o acierto. En contra de la opini\u00f3n general, la lectura no nos hace autom\u00e1ticamente ni m\u00e1s inteligentes, ni m\u00e1s humanos, ni m\u00e1s compasivos. Todos los reg\u00edmenes autocr\u00e1ticos se han mostrado un\u00e1nimemente de acuerdo en que el poder de los libros y de la lectura son como una \u201cbomba at\u00f3mica espiritual\u201d \u2014tal como reclamaba Mao TseTung respecto al Libro rojo\u2014 cuyo efecto expansivo y disuasorio hay que utilizar y controlar. Todos los aut\u00f3cratas de la historia y del mundo han intentado hacer prevalecer un solo libro y una sola lectura leg\u00edtima de ese mismo libro, de manera que encontramos episodios tan apasionantes como el de la lucha fratricida por minucias filol\u00f3gicas o sem\u00e1nticas entre supuestos hermanos de f\u00e9, como la que mantuvieron durante d\u00e9cadas Bartolom\u00e9 de Carranza y Fernando de Vald\u00e9s en el siglo XVI por la interpretaci\u00f3n l\u00edcita de la Biblia, algo que implic\u00f3 a un Rey y dos Pap\u00e1s, ni m\u00e1s ni menos.<\/p>\n<p>La lectura es flexible, intr\u00ednsecamente maleable, se presta a lo mejor y a lo peor, y la cantidad de ejemplos hist\u00f3ricos que apuntan hacia un uso perverso se agolpan en las estanter\u00edas. Hay pensadores, como Peter Sloterdijk, que sostienen que esto bastar\u00eda para descalificar a la lectura como una antropotecnia v\u00e1lida para abundar en nuestro proceso de humanizaci\u00f3n y abogan por la manipulaci\u00f3n de otro alfabeto, el gen\u00e9tico, para perfeccionarnos, sea eso lo que sea.<\/p>\n<blockquote><p>La lectura es flexible, intr\u00ednsecamente maleable, se presta a lo mejor y a lo peor, y la cantidad de ejemplos hist\u00f3ricos que apuntan hacia un uso perverso se agolpan en las estanter\u00edas<\/p><\/blockquote>\n<p><strong>\u00bfC\u00f3mo puede la lectura cultivar el pensamiento cr\u00edtico?<\/strong><\/p>\n<p>Existen otros muchos ejemplos hist\u00f3ricos en los que la lectura se ha convertido o ha encarnado un principio de esperanza, el de la utop\u00eda c\u00edvica de una sociedad que pretende hacer crecer y germinar el juicio aut\u00f3nomo de cada cual, el de cultivar un pensamiento verdaderamente cr\u00edtico que no se deje pensar por consignas, esl\u00f3ganes o lugares comunes, el de no dejarse hablar por los lugares comunes que secuestran nuestra autonom\u00eda y nuestra racionalidad.<\/p>\n<p>La UNESCO concedi\u00f3 en el a\u00f1o 1981 al reci\u00e9n estrenado gobierno sandinista su m\u00e1s alta medalla por la gesta educativa de la cruzada por la alfabetizaci\u00f3n, un movimiento que consigui\u00f3 en unos pocos meses pasar de un 52% de analfabetos a un 12%. En nuestra relegada memoria hist\u00f3rica hay peque\u00f1os gigantes como \u00c1ngel Llorca y Justa Freire que edificaron un movimiento pedag\u00f3gico que pretend\u00eda conferir autonom\u00eda y capacidad de discernimiento mediante la pr\u00e1ctica sistem\u00e1tica de la lectoescritura, anticip\u00e1ndose d\u00e9cadas a lo que los pedagogos de la liberaci\u00f3n plantear\u00edan despu\u00e9s. En el 11M del a\u00f1o 2011 y en otros movimientos paralelos, como el de Ocuppy Wall Street, las bibliotecas, f\u00edsicas y digitales, se convirtieron en el fundamento reflexivo de una posible alternativa pol\u00edtica, de un nuevo modelo de organizaci\u00f3n social.<\/p>\n<p>En fin: si hay que hacer balance, yo apelar\u00eda, en \u00faltima instancia, a la herencia que nos dej\u00f3 Gianni Rodari para quien la utop\u00eda no era un lugar imaginario o una figuraci\u00f3n evanescente, sino uno m\u00e1s de los sentidos constitutivos del ser humano, y el papel de los cuentos, la lectura y la escritura era mantenerla viva mediante el escrutinio de las posibilidades infinitas que nos ofrece la realidad.<\/p>\n<p><img decoding=\"async\" class=\"aligncenter wp-image-54395\" src=\"https:\/\/www.revistarambla.com\/wp-content\/uploads\/2023\/04\/Portada-Lectocracia-271x365.jpg\" alt=\"\" width=\"446\" height=\"600\" srcset=\"https:\/\/www.revistarambla.com\/wp-content\/uploads\/2023\/04\/Portada-Lectocracia-271x365.jpg 271w, https:\/\/www.revistarambla.com\/wp-content\/uploads\/2023\/04\/Portada-Lectocracia-624x840.jpg 624w, https:\/\/www.revistarambla.com\/wp-content\/uploads\/2023\/04\/Portada-Lectocracia-768x1033.jpg 768w, https:\/\/www.revistarambla.com\/wp-content\/uploads\/2023\/04\/Portada-Lectocracia-1142x1536.jpg 1142w, https:\/\/www.revistarambla.com\/wp-content\/uploads\/2023\/04\/Portada-Lectocracia-9x12.jpg 9w, https:\/\/www.revistarambla.com\/wp-content\/uploads\/2023\/04\/Portada-Lectocracia.jpg 1375w\" sizes=\"(max-width: 446px) 100vw, 446px\" \/><\/p>\n<p><strong>\u00bfCree que es posible la utop\u00eda c\u00edvica que plantea?\u00a0<\/strong><\/p>\n<p>Las utop\u00edas son por definici\u00f3n inalcanzables porque se retiran como el horizonte cuando nos acercamos, pero nos marcan el sentido y direcci\u00f3n de las acciones que deber\u00edamos emprender si pretendemos alcanzarlo.<\/p>\n<p><strong>\u00bfY una lectocracia?<\/strong><\/p>\n<p>La idea de una lectocracia es la del empe\u00f1o serio y expl\u00edcito, mediante pol\u00edticas culturales y educativas promotoras de la lectoescritura, por alentar una actitud de compromiso c\u00edvico cr\u00edtico, capaz de poner en evidencia nuestras interdependencias y alentar nuestra empat\u00eda, capaz de ayudarnos a entender la multiplicidad de los puntos de vista que construyen la realidad, con la firme ambici\u00f3n de instruir a seres capaces de levar anclas y hacerse a la vela por si\u0301 mismos mediante el uso consecuente de las palabras, tal como reclama la etimolog\u00eda de lo que entendemos por lectura. Si la lectura se presta a una cosa y su contraria y si pretendemos que aliente el lado positivo de las cosas, es preciso que insistamos en las posibilidades sanadoras y redentoras de la lectura, en la fortaleza derivada de la lectura solidaria, en las potencialidades emancipadoras de la lectura, en su virtualidad liberadora, en su capacidad para hacernos imaginar mundos posibles a condici\u00f3n, eso si\u0301, de que no nos conformemos con el bello trino de la prosa encerrada en una jaula dorada.<\/p>\n<blockquote><p>Todos los adolescentes son wriders, personas que compaginan la lectura y la escritura, la recepci\u00f3n y la producci\u00f3n, de manera natural y autom\u00e1tica<\/p><\/blockquote>\n<p><strong>\u00bfPor qu\u00e9 los adolescentes dejan de leer?<\/strong><\/p>\n<p>Existen dos razones fundamentales: la primera tiene que ver con el capital cultural y educativo heredado. Cuando un joven nace en el seno de una familia con un capital mermado, tender\u00e1 a interiorizar muy tempranamente un conjunto de limitaciones que se traducir\u00e1n en expectativas culturales y educativas muy limitadas que abocar\u00e1n regularmente al fracaso y al abandono escolar y al rechazo de cualquier pr\u00e1ctica cultural que tenga que ver con ese universo. Se tiende a ser solidario con el universo de pr\u00e1cticas, expectativas y creencias en el que se nace y la escuela no ejerce el equilibrio compensador que deber\u00eda demandarle cualquier sociedad que se piense solidaria y equitativa.<\/p>\n<p><strong>Las nuevas tecnolog\u00edas tambi\u00e9n influyen.<\/strong><\/p>\n<p>Efectivamente. Este es la segunda raz\u00f3n por la que los adolescentes han dejado de leer. Nuestros hijos son realmente nativos digitales por el mero hecho de haber nacido despu\u00e9s de la invenci\u00f3n de los dispositivos y redes digitales, de manera que ven, perciben y piensan el mundo y sus relaciones a trav\u00e9s de ellos, lo que no significa ni entra\u00f1a autom\u00e1ticamente que sean conscientes de las m\u00faltiples y no siempre positivas consecuencias de sus usos. Todos son por definici\u00f3n, sin embargo, wreaders, personas que compaginan la lectura y la escritura, la recepci\u00f3n y la producci\u00f3n, de manera natural y autom\u00e1tica. Ninguno de ellos entender\u00eda que les oblig\u00e1ramos a seleccionar uno s\u00f3lo de esos t\u00e9rminos. Para ellos el libro, sobre todo como forma discursiva, no tanto como objeto, est\u00e1 desfasado, o al menos anticuado, de manera que consumen y construyen argumentos y contenidos de manera multimodal, utilizando una combinaci\u00f3n de lenguajes y objetos ajenos a la cultura escrita tradicional.<\/p>\n<p>Si sumamos ambos razonamientos, nos dar\u00e1 como resultado que los adolescentes tender\u00e1n a relegar, rechazar o ignorar la lectura a no ser que intervengamos de alg\u00fan otro modo.<\/p>\n<blockquote><p>La escuela debe renunciar a la imposici\u00f3n inmediata de c\u00e1nones literarios que exponen a los alumnos a obras para las que no est\u00e1n preparados ni est\u00e1n interesados<\/p><\/blockquote>\n<p><strong>\u00bfQu\u00e9 debemos hacer para recuperar la pr\u00e1ctica de la lectura?<\/strong><\/p>\n<p>Si estuvi\u00e9ramos de acuerdo con las afirmaciones previas, en primer lugar, la escuela debe ser inclusiva y radicalmente equitativa, de manera que compense las diferencias de origen social y cultura que lastran de por vida a muchos de sus alumnos y los convierten en no lectores. Cambiar los h\u00e1bitos y pr\u00e1cticas culturales requiere tiempo, atenci\u00f3n y dedicaci\u00f3n.<\/p>\n<p>La escuela debe renunciar, correlativamente, a la imposici\u00f3n inmediata de c\u00e1nones literarios que exponen a los alumnos a obras para las que no est\u00e1n preparados ni est\u00e1n interesados. Escalar la Monta\u00f1a m\u00e1gica exige haber trepado por un par de paredes m\u00e1s sencillas previamente. Es imprescindible acercarse a sus zonas de desarrollo cercano, escuchar, ponerse en su lugar, e implicarles en la selecci\u00f3n de temas, obras y autores. Gloria Fuertes dec\u00eda que los ni\u00f1os lean poco no es culpa de los ni\u00f1os, es culpa de los escritores \u201cpesaos\u201d, y yo a\u00f1adir\u00eda de los profesores pesaos e imbuidos de falsa cultura.<\/p>\n<p><strong>\u00bfC\u00f3mo conseguimos despertar su inter\u00e9s?<\/strong><\/p>\n<p>Si vivimos en un mundo multimodal y nuestros hijos manejan esos lenguajes para comunicarse y expresarse, ser\u00e1 tambi\u00e9n preciso que les permitamos utilizarlos para apropiarse de las obras que queramos que lean para rehacerlas, reinterpretarlas, generando obras derivadas que contengan sus intereses y preocupaciones. El camino que nos lleve al Ulises debe estar, como el del propio h\u00e9roe, lleno de sendas alternativas y meandros que acaben en \u00cdtaca. La lectura puede ser uno de los placeres m\u00e1s inigualables del que podamos disfrutar, pero no se alcanza por imposici\u00f3n.<\/p>\n<p><strong>\u00bfDe qu\u00e9 manera ha afectado la revoluci\u00f3n digital en la lectura y la creaci\u00f3n literaria?<\/strong><\/p>\n<p>Leer, como pr\u00e1ctica discursiva que toma un libro y se sumerge en el desarrollo de un argumento complejo, centrando la atenci\u00f3n en su despliegue, sigue estando vigente, plenamente vigente, pero la digitalizaci\u00f3n hace que el formato del libro se desvanezca y que los textos se fragmenten y se hilvanen siguiendo intereses que no son los del autor original.<\/p>\n<p>Por otro lado, los j\u00f3venes, en las pr\u00e1cticas sobre todo de la fan fiction, toman obras originales como punto de partida para generar obras derivadas mediante el uso de lenguajes multimodales.<\/p>\n<p><strong>\u00bfQu\u00e9 opina de los generadores de textos con inteligencia artificial?<\/strong><\/p>\n<p>La inteligencia artificial juega ya, mediante la recombinaci\u00f3n creativa de m\u00faltiples fragmentos, a generar textos originales, que pueden reproducir el tono, el estilo o la manera de una escuela, corriente o autor determinado.<\/p>\n<p>Todo parece saltar por los aires, todo lo que constitu\u00eda el fundamento de un campo literario bien asentado desde el siglo XIX, pero, aun con todo, la lectura sigue alumbrando ese lugar en el que, como dec\u00eda Rousseau, pretendemos no ser juguete de la opini\u00f3n de los dem\u00e1s y reclamar para nosotros la posesi\u00f3n plena de nosotros mismos.<\/p>","protected":false},"excerpt":{"rendered":"<p>Entrevista al autor del libro &#8216;Lectocracia: una utop\u00eda c\u00edvica&#8217;<\/p>","protected":false},"author":15,"featured_media":54397,"comment_status":"closed","ping_status":"closed","sticky":false,"template":"","format":"standard","meta":{"footnotes":""},"categories":[60],"tags":[],"class_list":["post-54392","post","type-post","status-publish","format-standard","has-post-thumbnail","hentry","category-libros"],"yoast_head":"<!-- This site is optimized with the Yoast SEO plugin v27.5 - https:\/\/yoast.com\/product\/yoast-seo-wordpress\/ -->\n<title>Joaqu\u00edn Rodr\u00edguez: &quot;La lectura es un placer, pero no se alcanza por imposici\u00f3n&quot; - Revista Rambla<\/title>\n<meta name=\"robots\" content=\"index, follow, max-snippet:-1, max-image-preview:large, max-video-preview:-1\" \/>\n<link rel=\"canonical\" href=\"https:\/\/www.revistarambla.com\/en\/joaquin-rodriguez-la-lectura-es-un-placer-pero-no-se-alcanza-por-imposicion\/\" \/>\n<meta property=\"og:locale\" content=\"en_GB\" \/>\n<meta property=\"og:type\" content=\"article\" \/>\n<meta property=\"og:title\" content=\"Joaqu\u00edn Rodr\u00edguez: &quot;La lectura es un placer, pero no se alcanza por imposici\u00f3n&quot; - Revista Rambla\" \/>\n<meta property=\"og:description\" content=\"Entrevista al autor del libro &#039;Lectocracia: una utop\u00eda c\u00edvica&#039;\" \/>\n<meta property=\"og:url\" content=\"https:\/\/www.revistarambla.com\/en\/joaquin-rodriguez-la-lectura-es-un-placer-pero-no-se-alcanza-por-imposicion\/\" \/>\n<meta property=\"og:site_name\" content=\"Revista Rambla\" \/>\n<meta property=\"article:publisher\" content=\"https:\/\/www.facebook.com\/revistarambla\/\" \/>\n<meta property=\"article:published_time\" content=\"2023-04-15T17:33:37+00:00\" \/>\n<meta property=\"article:modified_time\" content=\"2023-04-19T17:34:39+00:00\" \/>\n<meta property=\"og:image\" content=\"https:\/\/www.revistarambla.com\/wp-content\/uploads\/2023\/04\/Joaquin_Rodriguez_2.jpg\" \/>\n\t<meta property=\"og:image:width\" content=\"1920\" \/>\n\t<meta property=\"og:image:height\" content=\"1293\" \/>\n\t<meta property=\"og:image:type\" content=\"image\/jpeg\" \/>\n<meta name=\"author\" content=\"Gerard Lombarte\" \/>\n<meta name=\"twitter:card\" content=\"summary_large_image\" \/>\n<meta name=\"twitter:creator\" content=\"@revistarambla\" \/>\n<meta name=\"twitter:site\" content=\"@revistarambla\" \/>\n<meta name=\"twitter:label1\" content=\"Written by\" \/>\n\t<meta name=\"twitter:data1\" content=\"Gerard Lombarte\" \/>\n\t<meta name=\"twitter:label2\" content=\"Estimated reading time\" \/>\n\t<meta name=\"twitter:data2\" content=\"9 minutes\" \/>\n<script type=\"application\/ld+json\" class=\"yoast-schema-graph\">{\"@context\":\"https:\\\/\\\/schema.org\",\"@graph\":[{\"@type\":\"Article\",\"@id\":\"https:\\\/\\\/www.revistarambla.com\\\/joaquin-rodriguez-la-lectura-es-un-placer-pero-no-se-alcanza-por-imposicion\\\/#article\",\"isPartOf\":{\"@id\":\"https:\\\/\\\/www.revistarambla.com\\\/joaquin-rodriguez-la-lectura-es-un-placer-pero-no-se-alcanza-por-imposicion\\\/\"},\"author\":{\"name\":\"Gerard Lombarte\",\"@id\":\"https:\\\/\\\/www.revistarambla.com\\\/#\\\/schema\\\/person\\\/2b19179a8ace334b829ad72cc6e6ce97\"},\"headline\":\"Joaqu\u00edn Rodr\u00edguez: \u00abLa lectura es un placer, pero no se alcanza por imposici\u00f3n\u00bb\",\"datePublished\":\"2023-04-15T17:33:37+00:00\",\"dateModified\":\"2023-04-19T17:34:39+00:00\",\"mainEntityOfPage\":{\"@id\":\"https:\\\/\\\/www.revistarambla.com\\\/joaquin-rodriguez-la-lectura-es-un-placer-pero-no-se-alcanza-por-imposicion\\\/\"},\"wordCount\":1923,\"publisher\":{\"@id\":\"https:\\\/\\\/www.revistarambla.com\\\/#organization\"},\"image\":{\"@id\":\"https:\\\/\\\/www.revistarambla.com\\\/joaquin-rodriguez-la-lectura-es-un-placer-pero-no-se-alcanza-por-imposicion\\\/#primaryimage\"},\"thumbnailUrl\":\"https:\\\/\\\/www.revistarambla.com\\\/wp-content\\\/uploads\\\/2023\\\/04\\\/Joaquin_Rodriguez_2.jpg\",\"articleSection\":[\"Libros\"],\"inLanguage\":\"en-GB\"},{\"@type\":\"WebPage\",\"@id\":\"https:\\\/\\\/www.revistarambla.com\\\/joaquin-rodriguez-la-lectura-es-un-placer-pero-no-se-alcanza-por-imposicion\\\/\",\"url\":\"https:\\\/\\\/www.revistarambla.com\\\/joaquin-rodriguez-la-lectura-es-un-placer-pero-no-se-alcanza-por-imposicion\\\/\",\"name\":\"Joaqu\u00edn Rodr\u00edguez: \\\"La lectura es un placer, pero no se alcanza por imposici\u00f3n\\\" - Revista Rambla\",\"isPartOf\":{\"@id\":\"https:\\\/\\\/www.revistarambla.com\\\/#website\"},\"primaryImageOfPage\":{\"@id\":\"https:\\\/\\\/www.revistarambla.com\\\/joaquin-rodriguez-la-lectura-es-un-placer-pero-no-se-alcanza-por-imposicion\\\/#primaryimage\"},\"image\":{\"@id\":\"https:\\\/\\\/www.revistarambla.com\\\/joaquin-rodriguez-la-lectura-es-un-placer-pero-no-se-alcanza-por-imposicion\\\/#primaryimage\"},\"thumbnailUrl\":\"https:\\\/\\\/www.revistarambla.com\\\/wp-content\\\/uploads\\\/2023\\\/04\\\/Joaquin_Rodriguez_2.jpg\",\"datePublished\":\"2023-04-15T17:33:37+00:00\",\"dateModified\":\"2023-04-19T17:34:39+00:00\",\"breadcrumb\":{\"@id\":\"https:\\\/\\\/www.revistarambla.com\\\/joaquin-rodriguez-la-lectura-es-un-placer-pero-no-se-alcanza-por-imposicion\\\/#breadcrumb\"},\"inLanguage\":\"en-GB\",\"potentialAction\":[{\"@type\":\"ReadAction\",\"target\":[\"https:\\\/\\\/www.revistarambla.com\\\/joaquin-rodriguez-la-lectura-es-un-placer-pero-no-se-alcanza-por-imposicion\\\/\"]}]},{\"@type\":\"ImageObject\",\"inLanguage\":\"en-GB\",\"@id\":\"https:\\\/\\\/www.revistarambla.com\\\/joaquin-rodriguez-la-lectura-es-un-placer-pero-no-se-alcanza-por-imposicion\\\/#primaryimage\",\"url\":\"https:\\\/\\\/www.revistarambla.com\\\/wp-content\\\/uploads\\\/2023\\\/04\\\/Joaquin_Rodriguez_2.jpg\",\"contentUrl\":\"https:\\\/\\\/www.revistarambla.com\\\/wp-content\\\/uploads\\\/2023\\\/04\\\/Joaquin_Rodriguez_2.jpg\",\"width\":1920,\"height\":1293},{\"@type\":\"BreadcrumbList\",\"@id\":\"https:\\\/\\\/www.revistarambla.com\\\/joaquin-rodriguez-la-lectura-es-un-placer-pero-no-se-alcanza-por-imposicion\\\/#breadcrumb\",\"itemListElement\":[{\"@type\":\"ListItem\",\"position\":1,\"name\":\"Portada\",\"item\":\"https:\\\/\\\/www.revistarambla.com\\\/\"},{\"@type\":\"ListItem\",\"position\":2,\"name\":\"Joaqu\u00edn Rodr\u00edguez: &#8220;La lectura es un placer, pero no se alcanza por imposici\u00f3n&#8221;\"}]},{\"@type\":\"WebSite\",\"@id\":\"https:\\\/\\\/www.revistarambla.com\\\/#website\",\"url\":\"https:\\\/\\\/www.revistarambla.com\\\/\",\"name\":\"Revista Rambla Barcelona\",\"description\":\"Periodismo independiente\",\"publisher\":{\"@id\":\"https:\\\/\\\/www.revistarambla.com\\\/#organization\"},\"potentialAction\":[{\"@type\":\"SearchAction\",\"target\":{\"@type\":\"EntryPoint\",\"urlTemplate\":\"https:\\\/\\\/www.revistarambla.com\\\/?s={search_term_string}\"},\"query-input\":{\"@type\":\"PropertyValueSpecification\",\"valueRequired\":true,\"valueName\":\"search_term_string\"}}],\"inLanguage\":\"en-GB\"},{\"@type\":\"Organization\",\"@id\":\"https:\\\/\\\/www.revistarambla.com\\\/#organization\",\"name\":\"Revista Rambla\",\"url\":\"https:\\\/\\\/www.revistarambla.com\\\/\",\"logo\":{\"@type\":\"ImageObject\",\"inLanguage\":\"en-GB\",\"@id\":\"https:\\\/\\\/www.revistarambla.com\\\/#\\\/schema\\\/logo\\\/image\\\/\",\"url\":\"https:\\\/\\\/www.revistarambla.com\\\/wp-content\\\/uploads\\\/2020\\\/09\\\/banner_rambla_1900x600_BB.png\",\"contentUrl\":\"https:\\\/\\\/www.revistarambla.com\\\/wp-content\\\/uploads\\\/2020\\\/09\\\/banner_rambla_1900x600_BB.png\",\"width\":1900,\"height\":600,\"caption\":\"Revista Rambla\"},\"image\":{\"@id\":\"https:\\\/\\\/www.revistarambla.com\\\/#\\\/schema\\\/logo\\\/image\\\/\"},\"sameAs\":[\"https:\\\/\\\/www.facebook.com\\\/revistarambla\\\/\",\"https:\\\/\\\/x.com\\\/revistarambla\",\"https:\\\/\\\/www.instagram.com\\\/revista_rambla\",\"https:\\\/\\\/es.linkedin.com\\\/company\\\/revista-rambla\"]},{\"@type\":\"Person\",\"@id\":\"https:\\\/\\\/www.revistarambla.com\\\/#\\\/schema\\\/person\\\/2b19179a8ace334b829ad72cc6e6ce97\",\"name\":\"Gerard Lombarte\"}]}<\/script>\n<!-- \/ Yoast SEO plugin. -->","yoast_head_json":{"title":"Joaqu\u00edn Rodr\u00edguez: \"La lectura es un placer, pero no se alcanza por imposici\u00f3n\" - Revista Rambla","robots":{"index":"index","follow":"follow","max-snippet":"max-snippet:-1","max-image-preview":"max-image-preview:large","max-video-preview":"max-video-preview:-1"},"canonical":"https:\/\/www.revistarambla.com\/en\/joaquin-rodriguez-la-lectura-es-un-placer-pero-no-se-alcanza-por-imposicion\/","og_locale":"en_GB","og_type":"article","og_title":"Joaqu\u00edn Rodr\u00edguez: \"La lectura es un placer, pero no se alcanza por imposici\u00f3n\" - Revista Rambla","og_description":"Entrevista al autor del libro 'Lectocracia: una utop\u00eda c\u00edvica'","og_url":"https:\/\/www.revistarambla.com\/en\/joaquin-rodriguez-la-lectura-es-un-placer-pero-no-se-alcanza-por-imposicion\/","og_site_name":"Revista Rambla","article_publisher":"https:\/\/www.facebook.com\/revistarambla\/","article_published_time":"2023-04-15T17:33:37+00:00","article_modified_time":"2023-04-19T17:34:39+00:00","og_image":[{"width":1920,"height":1293,"url":"https:\/\/www.revistarambla.com\/wp-content\/uploads\/2023\/04\/Joaquin_Rodriguez_2.jpg","type":"image\/jpeg"}],"author":"Gerard Lombarte","twitter_card":"summary_large_image","twitter_creator":"@revistarambla","twitter_site":"@revistarambla","twitter_misc":{"Written by":"Gerard Lombarte","Estimated reading time":"9 minutes"},"schema":{"@context":"https:\/\/schema.org","@graph":[{"@type":"Article","@id":"https:\/\/www.revistarambla.com\/joaquin-rodriguez-la-lectura-es-un-placer-pero-no-se-alcanza-por-imposicion\/#article","isPartOf":{"@id":"https:\/\/www.revistarambla.com\/joaquin-rodriguez-la-lectura-es-un-placer-pero-no-se-alcanza-por-imposicion\/"},"author":{"name":"Gerard Lombarte","@id":"https:\/\/www.revistarambla.com\/#\/schema\/person\/2b19179a8ace334b829ad72cc6e6ce97"},"headline":"Joaqu\u00edn Rodr\u00edguez: \u00abLa lectura es un placer, pero no se alcanza por imposici\u00f3n\u00bb","datePublished":"2023-04-15T17:33:37+00:00","dateModified":"2023-04-19T17:34:39+00:00","mainEntityOfPage":{"@id":"https:\/\/www.revistarambla.com\/joaquin-rodriguez-la-lectura-es-un-placer-pero-no-se-alcanza-por-imposicion\/"},"wordCount":1923,"publisher":{"@id":"https:\/\/www.revistarambla.com\/#organization"},"image":{"@id":"https:\/\/www.revistarambla.com\/joaquin-rodriguez-la-lectura-es-un-placer-pero-no-se-alcanza-por-imposicion\/#primaryimage"},"thumbnailUrl":"https:\/\/www.revistarambla.com\/wp-content\/uploads\/2023\/04\/Joaquin_Rodriguez_2.jpg","articleSection":["Libros"],"inLanguage":"en-GB"},{"@type":"WebPage","@id":"https:\/\/www.revistarambla.com\/joaquin-rodriguez-la-lectura-es-un-placer-pero-no-se-alcanza-por-imposicion\/","url":"https:\/\/www.revistarambla.com\/joaquin-rodriguez-la-lectura-es-un-placer-pero-no-se-alcanza-por-imposicion\/","name":"Joaqu\u00edn Rodr\u00edguez: \"La lectura es un placer, pero no se alcanza por imposici\u00f3n\" - Revista Rambla","isPartOf":{"@id":"https:\/\/www.revistarambla.com\/#website"},"primaryImageOfPage":{"@id":"https:\/\/www.revistarambla.com\/joaquin-rodriguez-la-lectura-es-un-placer-pero-no-se-alcanza-por-imposicion\/#primaryimage"},"image":{"@id":"https:\/\/www.revistarambla.com\/joaquin-rodriguez-la-lectura-es-un-placer-pero-no-se-alcanza-por-imposicion\/#primaryimage"},"thumbnailUrl":"https:\/\/www.revistarambla.com\/wp-content\/uploads\/2023\/04\/Joaquin_Rodriguez_2.jpg","datePublished":"2023-04-15T17:33:37+00:00","dateModified":"2023-04-19T17:34:39+00:00","breadcrumb":{"@id":"https:\/\/www.revistarambla.com\/joaquin-rodriguez-la-lectura-es-un-placer-pero-no-se-alcanza-por-imposicion\/#breadcrumb"},"inLanguage":"en-GB","potentialAction":[{"@type":"ReadAction","target":["https:\/\/www.revistarambla.com\/joaquin-rodriguez-la-lectura-es-un-placer-pero-no-se-alcanza-por-imposicion\/"]}]},{"@type":"ImageObject","inLanguage":"en-GB","@id":"https:\/\/www.revistarambla.com\/joaquin-rodriguez-la-lectura-es-un-placer-pero-no-se-alcanza-por-imposicion\/#primaryimage","url":"https:\/\/www.revistarambla.com\/wp-content\/uploads\/2023\/04\/Joaquin_Rodriguez_2.jpg","contentUrl":"https:\/\/www.revistarambla.com\/wp-content\/uploads\/2023\/04\/Joaquin_Rodriguez_2.jpg","width":1920,"height":1293},{"@type":"BreadcrumbList","@id":"https:\/\/www.revistarambla.com\/joaquin-rodriguez-la-lectura-es-un-placer-pero-no-se-alcanza-por-imposicion\/#breadcrumb","itemListElement":[{"@type":"ListItem","position":1,"name":"Portada","item":"https:\/\/www.revistarambla.com\/"},{"@type":"ListItem","position":2,"name":"Joaqu\u00edn Rodr\u00edguez: &#8220;La lectura es un placer, pero no se alcanza por imposici\u00f3n&#8221;"}]},{"@type":"WebSite","@id":"https:\/\/www.revistarambla.com\/#website","url":"https:\/\/www.revistarambla.com\/","name":"Revista Rambla Barcelona","description":"Periodismo independiente","publisher":{"@id":"https:\/\/www.revistarambla.com\/#organization"},"potentialAction":[{"@type":"SearchAction","target":{"@type":"EntryPoint","urlTemplate":"https:\/\/www.revistarambla.com\/?s={search_term_string}"},"query-input":{"@type":"PropertyValueSpecification","valueRequired":true,"valueName":"search_term_string"}}],"inLanguage":"en-GB"},{"@type":"Organization","@id":"https:\/\/www.revistarambla.com\/#organization","name":"Revista Rambla","url":"https:\/\/www.revistarambla.com\/","logo":{"@type":"ImageObject","inLanguage":"en-GB","@id":"https:\/\/www.revistarambla.com\/#\/schema\/logo\/image\/","url":"https:\/\/www.revistarambla.com\/wp-content\/uploads\/2020\/09\/banner_rambla_1900x600_BB.png","contentUrl":"https:\/\/www.revistarambla.com\/wp-content\/uploads\/2020\/09\/banner_rambla_1900x600_BB.png","width":1900,"height":600,"caption":"Revista Rambla"},"image":{"@id":"https:\/\/www.revistarambla.com\/#\/schema\/logo\/image\/"},"sameAs":["https:\/\/www.facebook.com\/revistarambla\/","https:\/\/x.com\/revistarambla","https:\/\/www.instagram.com\/revista_rambla","https:\/\/es.linkedin.com\/company\/revista-rambla"]},{"@type":"Person","@id":"https:\/\/www.revistarambla.com\/#\/schema\/person\/2b19179a8ace334b829ad72cc6e6ce97","name":"Gerard Lombarte"}]}},"_links":{"self":[{"href":"https:\/\/www.revistarambla.com\/en\/wp-json\/wp\/v2\/posts\/54392","targetHints":{"allow":["GET"]}}],"collection":[{"href":"https:\/\/www.revistarambla.com\/en\/wp-json\/wp\/v2\/posts"}],"about":[{"href":"https:\/\/www.revistarambla.com\/en\/wp-json\/wp\/v2\/types\/post"}],"author":[{"embeddable":true,"href":"https:\/\/www.revistarambla.com\/en\/wp-json\/wp\/v2\/users\/15"}],"replies":[{"embeddable":true,"href":"https:\/\/www.revistarambla.com\/en\/wp-json\/wp\/v2\/comments?post=54392"}],"version-history":[{"count":4,"href":"https:\/\/www.revistarambla.com\/en\/wp-json\/wp\/v2\/posts\/54392\/revisions"}],"predecessor-version":[{"id":54399,"href":"https:\/\/www.revistarambla.com\/en\/wp-json\/wp\/v2\/posts\/54392\/revisions\/54399"}],"wp:featuredmedia":[{"embeddable":true,"href":"https:\/\/www.revistarambla.com\/en\/wp-json\/wp\/v2\/media\/54397"}],"wp:attachment":[{"href":"https:\/\/www.revistarambla.com\/en\/wp-json\/wp\/v2\/media?parent=54392"}],"wp:term":[{"taxonomy":"category","embeddable":true,"href":"https:\/\/www.revistarambla.com\/en\/wp-json\/wp\/v2\/categories?post=54392"},{"taxonomy":"post_tag","embeddable":true,"href":"https:\/\/www.revistarambla.com\/en\/wp-json\/wp\/v2\/tags?post=54392"}],"curies":[{"name":"wp","href":"https:\/\/api.w.org\/{rel}","templated":true}]}}