{"id":54386,"date":"2023-04-15T19:11:13","date_gmt":"2023-04-15T17:11:13","guid":{"rendered":"https:\/\/www.revistarambla.com\/?p=54386"},"modified":"2023-04-15T19:15:00","modified_gmt":"2023-04-15T17:15:00","slug":"nueva-crisis-alimentaria-en-pleno-siglo-xxi","status":"publish","type":"post","link":"https:\/\/www.revistarambla.com\/en\/nueva-crisis-alimentaria-en-pleno-siglo-xxi\/","title":{"rendered":"\u00bfNueva crisis alimentaria en pleno siglo XXI?"},"content":{"rendered":"<p>El economista de la FAO Abdolreza Abbassian, en declaraciones a <em>The Associated Press<\/em>, se\u00f1al\u00f3 que para alimentar la poblaci\u00f3n mundial<!--more-->, (que llegar\u00e1 a 9.000 millones de personas en el 2050), se necesitar\u00e1 un incremento de 70% de la producci\u00f3n global de alimentos en los pr\u00f3ximos 40 a\u00f1os.<\/p>\n<p>Dicha tarea se antoja tit\u00e1nica, pues, mientras la poblaci\u00f3n mundial crece un 1,55% anual, los rendimientos del trigo (la mayor fuente de prote\u00edna en pa\u00edses pobres), habr\u00edan sufrido un descenso del 1% al tiempo que, seg\u00fan la FAO, el \u00edndice de precios de cereales habr\u00eda aumentado el 56% en el 2022.<\/p>\n<h2>\u00bfSe est\u00e1 gestando una nueva crisis alimentaria mundial?<\/h2>\n<p>La carest\u00eda de productos agr\u00edcolas b\u00e1sicos para la alimentaci\u00f3n (trigo, ma\u00edz, arroz, sorgo y mijo) y el incremento bestial de dichos productos en los mercados mundiales, que tuvo su punta de iceberg en el 2007, ir\u00e1 presumiblemente \u00abin crescendo\u00bb a lo largo de la pr\u00f3xima d\u00e9cada hasta alcanzar su cenit en el horizonte del 2030.<\/p>\n<p>Para llegar a dicha crisis, (cuyos primeros bocetos ya est\u00e1n perfilados y que terminar\u00e1 de dibujarse con toda su crudeza al final del decenio) han contribuido los siguientes elementos:<\/p>\n<p>Desarrollo econ\u00f3mico suicida de los pa\u00edses del Tercer Mundo con crecimientos desmesurados de macrourbes y megacomplejos tur\u00edsticos y la consiguiente reducci\u00f3n de superficie dedicada al cultivo agr\u00edcola que habr\u00eda provocado un preocupante d\u00e9ficit de oferta de cereales, estimado en mil millones de toneladas anuales.<\/p>\n<p>Cambio de patrones de consumo de los pa\u00edses emergentes debido al aumento espectacular de las clases medias y su poder adquisitivo, en especial en pa\u00edses como China e India. As\u00ed, la fiebre importadora de China de granos como ma\u00edz, soja, cebada y trigo debido al acelerado ritmo de consumo de su poblaci\u00f3n, provoc\u00f3 que, seg\u00fan datos del Departamento de Agricultura de los Estados Unidos (USDA), en el 2022 el coloso chino habr\u00eda acaparado m\u00e1s del 50% de la producci\u00f3n mundial de cereales, lo que se traduce en una peligrosa escasez de oferta de granos para los pa\u00edses netamente importadores de cereales como Colombia y Egipto.<\/p>\n<p>Excesiva dependencia de las importaciones de cereales en los pa\u00edses en desarrollo con incrementos del 9%, crecimiento exponencial que para el 2030 podr\u00edan alcanzar los 265 millones de toneladas de cereales, (14,% de su consumo), con el lastre a\u00f1adido de una progresiva depreciaci\u00f3n de sus monedas respecto al d\u00f3lar.<\/p>\n<p>Incremento del uso por los pa\u00edses del primer mundo de tecnolog\u00edas depredadoras (biocombustibles) que bajo la etiqueta BIO de pa\u00edses respetuosos con el Medio Ambiente no dudar\u00e1n en fagocitar ingentes cantidades de ma\u00edz destinadas en un principio a la alimentaci\u00f3n para la producci\u00f3n de biodi\u00e9sel.<\/p>\n<p>Por otra parte, la escalada de los precios del crudo hasta superar los 100 d\u00f3lares barril tendr\u00e1 su reflejo en un salvaje encarecimiento de los fletes de transporte y de los fertilizantes agr\u00edcolas, lo que aunado con sequ\u00edas e inundaciones en los tradicionales graneros, el acaparamiento del grano ucraniano por los pa\u00edses europeos y la aplicaci\u00f3n de restricciones a la exportaci\u00f3n de commodities agr\u00edcolas de pa\u00edses como India para asegurar su autoabastecimiento, podr\u00eda producir el desabastecimiento de los mercados mundiales y el incremento de los precios hasta niveles estratosf\u00e9ricos. Si a ello le sumamos la intervenci\u00f3n de los br\u00f3keres especulativos en el mercado de futuros de las commodities agr\u00edcolas, el resultado ser\u00eda una espiral de aumentos de precios en las materias primas imposibles de asumir por las econom\u00edas del Primer Mundo que escenificar\u00e1 el finiquito de los Objetivos del Tercer Milenio de reducir el hambre en el mundo.<\/p>\n<p>As\u00ed, seg\u00fan la ONU, estar\u00edamos ya en la antesala de una crisis alimentaria mundial que afectar\u00e1 especialmente a las Antillas, M\u00e9xico, Am\u00e9rica Central, Colombia, Venezuela, Egipto, India, China, Banglad\u00e9s y Sudeste Asi\u00e1tico, ensa\u00f1\u00e1ndose con especial virulencia con el \u00c1frica Subsahariana y pudiendo pasar la poblaci\u00f3n atrapada en la inanici\u00f3n de los 800 millones actuales a los 1.500 millones estimados por los analistas.<\/p>","protected":false},"excerpt":{"rendered":"<p>Estar\u00edamos ya en la antesala de una crisis alimentaria mundial que afectar\u00e1 especialmente a las Antillas, M\u00e9xico, Am\u00e9rica Central, Colombia, Venezuela, Egipto, India, China, Banglad\u00e9s y Sudeste Asi\u00e1tico, ensa\u00f1\u00e1ndose con especial virulencia con el \u00c1frica Subsahariana<\/p>","protected":false},"author":16,"featured_media":42459,"comment_status":"closed","ping_status":"closed","sticky":false,"template":"","format":"standard","meta":{"footnotes":""},"categories":[72],"tags":[],"class_list":["post-54386","post","type-post","status-publish","format-standard","has-post-thumbnail","hentry","category-opinion"],"yoast_head":"<!-- This site is optimized with the Yoast SEO plugin v27.5 - https:\/\/yoast.com\/product\/yoast-seo-wordpress\/ -->\n<title>\u00bfNueva crisis alimentaria en pleno siglo XXI? - Revista Rambla<\/title>\n<meta name=\"robots\" content=\"index, follow, max-snippet:-1, max-image-preview:large, max-video-preview:-1\" \/>\n<link rel=\"canonical\" href=\"https:\/\/www.revistarambla.com\/en\/nueva-crisis-alimentaria-en-pleno-siglo-xxi\/\" \/>\n<meta property=\"og:locale\" content=\"en_GB\" \/>\n<meta property=\"og:type\" content=\"article\" \/>\n<meta property=\"og:title\" content=\"\u00bfNueva crisis alimentaria en pleno siglo XXI? - Revista Rambla\" \/>\n<meta property=\"og:description\" content=\"Estar\u00edamos ya en la antesala de una crisis alimentaria mundial que afectar\u00e1 especialmente a las Antillas, M\u00e9xico, Am\u00e9rica Central, Colombia, Venezuela, Egipto, India, China, Banglad\u00e9s y Sudeste Asi\u00e1tico, ensa\u00f1\u00e1ndose con especial virulencia con el \u00c1frica Subsahariana\" \/>\n<meta property=\"og:url\" content=\"https:\/\/www.revistarambla.com\/en\/nueva-crisis-alimentaria-en-pleno-siglo-xxi\/\" \/>\n<meta property=\"og:site_name\" content=\"Revista Rambla\" \/>\n<meta property=\"article:publisher\" content=\"https:\/\/www.facebook.com\/revistarambla\/\" \/>\n<meta property=\"article:published_time\" content=\"2023-04-15T17:11:13+00:00\" \/>\n<meta property=\"article:modified_time\" content=\"2023-04-15T17:15:00+00:00\" \/>\n<meta property=\"og:image\" content=\"https:\/\/www.revistarambla.com\/wp-content\/uploads\/2022\/05\/cosecha-trigo-tractor-cereal.webp\" \/>\n\t<meta property=\"og:image:width\" content=\"1440\" \/>\n\t<meta property=\"og:image:height\" content=\"846\" \/>\n\t<meta property=\"og:image:type\" content=\"image\/webp\" \/>\n<meta name=\"author\" content=\"Germ\u00e1n Gorraiz L\u00f3pez\" \/>\n<meta name=\"twitter:card\" content=\"summary_large_image\" \/>\n<meta name=\"twitter:creator\" content=\"@revistarambla\" \/>\n<meta name=\"twitter:site\" content=\"@revistarambla\" \/>\n<meta name=\"twitter:label1\" content=\"Written by\" \/>\n\t<meta name=\"twitter:data1\" content=\"Germ\u00e1n Gorraiz L\u00f3pez\" \/>\n\t<meta name=\"twitter:label2\" content=\"Estimated reading time\" \/>\n\t<meta name=\"twitter:data2\" content=\"3 minutes\" \/>\n<script type=\"application\/ld+json\" class=\"yoast-schema-graph\">{\"@context\":\"https:\\\/\\\/schema.org\",\"@graph\":[{\"@type\":\"Article\",\"@id\":\"https:\\\/\\\/www.revistarambla.com\\\/nueva-crisis-alimentaria-en-pleno-siglo-xxi\\\/#article\",\"isPartOf\":{\"@id\":\"https:\\\/\\\/www.revistarambla.com\\\/nueva-crisis-alimentaria-en-pleno-siglo-xxi\\\/\"},\"author\":{\"name\":\"Germ\u00e1n Gorraiz L\u00f3pez\",\"@id\":\"https:\\\/\\\/www.revistarambla.com\\\/#\\\/schema\\\/person\\\/23a7868ff10cd88f8fdb045c7b7e4a4d\"},\"headline\":\"\u00bfNueva crisis alimentaria en pleno siglo XXI?\",\"datePublished\":\"2023-04-15T17:11:13+00:00\",\"dateModified\":\"2023-04-15T17:15:00+00:00\",\"mainEntityOfPage\":{\"@id\":\"https:\\\/\\\/www.revistarambla.com\\\/nueva-crisis-alimentaria-en-pleno-siglo-xxi\\\/\"},\"wordCount\":704,\"publisher\":{\"@id\":\"https:\\\/\\\/www.revistarambla.com\\\/#organization\"},\"image\":{\"@id\":\"https:\\\/\\\/www.revistarambla.com\\\/nueva-crisis-alimentaria-en-pleno-siglo-xxi\\\/#primaryimage\"},\"thumbnailUrl\":\"https:\\\/\\\/www.revistarambla.com\\\/wp-content\\\/uploads\\\/2022\\\/05\\\/cosecha-trigo-tractor-cereal.webp\",\"articleSection\":[\"Opiniones\"],\"inLanguage\":\"en-GB\"},{\"@type\":\"WebPage\",\"@id\":\"https:\\\/\\\/www.revistarambla.com\\\/nueva-crisis-alimentaria-en-pleno-siglo-xxi\\\/\",\"url\":\"https:\\\/\\\/www.revistarambla.com\\\/nueva-crisis-alimentaria-en-pleno-siglo-xxi\\\/\",\"name\":\"\u00bfNueva crisis alimentaria en pleno siglo XXI? - Revista Rambla\",\"isPartOf\":{\"@id\":\"https:\\\/\\\/www.revistarambla.com\\\/#website\"},\"primaryImageOfPage\":{\"@id\":\"https:\\\/\\\/www.revistarambla.com\\\/nueva-crisis-alimentaria-en-pleno-siglo-xxi\\\/#primaryimage\"},\"image\":{\"@id\":\"https:\\\/\\\/www.revistarambla.com\\\/nueva-crisis-alimentaria-en-pleno-siglo-xxi\\\/#primaryimage\"},\"thumbnailUrl\":\"https:\\\/\\\/www.revistarambla.com\\\/wp-content\\\/uploads\\\/2022\\\/05\\\/cosecha-trigo-tractor-cereal.webp\",\"datePublished\":\"2023-04-15T17:11:13+00:00\",\"dateModified\":\"2023-04-15T17:15:00+00:00\",\"breadcrumb\":{\"@id\":\"https:\\\/\\\/www.revistarambla.com\\\/nueva-crisis-alimentaria-en-pleno-siglo-xxi\\\/#breadcrumb\"},\"inLanguage\":\"en-GB\",\"potentialAction\":[{\"@type\":\"ReadAction\",\"target\":[\"https:\\\/\\\/www.revistarambla.com\\\/nueva-crisis-alimentaria-en-pleno-siglo-xxi\\\/\"]}]},{\"@type\":\"ImageObject\",\"inLanguage\":\"en-GB\",\"@id\":\"https:\\\/\\\/www.revistarambla.com\\\/nueva-crisis-alimentaria-en-pleno-siglo-xxi\\\/#primaryimage\",\"url\":\"https:\\\/\\\/www.revistarambla.com\\\/wp-content\\\/uploads\\\/2022\\\/05\\\/cosecha-trigo-tractor-cereal.webp\",\"contentUrl\":\"https:\\\/\\\/www.revistarambla.com\\\/wp-content\\\/uploads\\\/2022\\\/05\\\/cosecha-trigo-tractor-cereal.webp\",\"width\":1440,\"height\":846,\"caption\":\"Comercio Agr\u00edcola\"},{\"@type\":\"BreadcrumbList\",\"@id\":\"https:\\\/\\\/www.revistarambla.com\\\/nueva-crisis-alimentaria-en-pleno-siglo-xxi\\\/#breadcrumb\",\"itemListElement\":[{\"@type\":\"ListItem\",\"position\":1,\"name\":\"Portada\",\"item\":\"https:\\\/\\\/www.revistarambla.com\\\/\"},{\"@type\":\"ListItem\",\"position\":2,\"name\":\"\u00bfNueva crisis alimentaria en pleno siglo XXI?\"}]},{\"@type\":\"WebSite\",\"@id\":\"https:\\\/\\\/www.revistarambla.com\\\/#website\",\"url\":\"https:\\\/\\\/www.revistarambla.com\\\/\",\"name\":\"Revista Rambla Barcelona\",\"description\":\"Periodismo independiente\",\"publisher\":{\"@id\":\"https:\\\/\\\/www.revistarambla.com\\\/#organization\"},\"potentialAction\":[{\"@type\":\"SearchAction\",\"target\":{\"@type\":\"EntryPoint\",\"urlTemplate\":\"https:\\\/\\\/www.revistarambla.com\\\/?s={search_term_string}\"},\"query-input\":{\"@type\":\"PropertyValueSpecification\",\"valueRequired\":true,\"valueName\":\"search_term_string\"}}],\"inLanguage\":\"en-GB\"},{\"@type\":\"Organization\",\"@id\":\"https:\\\/\\\/www.revistarambla.com\\\/#organization\",\"name\":\"Revista Rambla\",\"url\":\"https:\\\/\\\/www.revistarambla.com\\\/\",\"logo\":{\"@type\":\"ImageObject\",\"inLanguage\":\"en-GB\",\"@id\":\"https:\\\/\\\/www.revistarambla.com\\\/#\\\/schema\\\/logo\\\/image\\\/\",\"url\":\"https:\\\/\\\/www.revistarambla.com\\\/wp-content\\\/uploads\\\/2020\\\/09\\\/banner_rambla_1900x600_BB.png\",\"contentUrl\":\"https:\\\/\\\/www.revistarambla.com\\\/wp-content\\\/uploads\\\/2020\\\/09\\\/banner_rambla_1900x600_BB.png\",\"width\":1900,\"height\":600,\"caption\":\"Revista Rambla\"},\"image\":{\"@id\":\"https:\\\/\\\/www.revistarambla.com\\\/#\\\/schema\\\/logo\\\/image\\\/\"},\"sameAs\":[\"https:\\\/\\\/www.facebook.com\\\/revistarambla\\\/\",\"https:\\\/\\\/x.com\\\/revistarambla\",\"https:\\\/\\\/www.instagram.com\\\/revista_rambla\",\"https:\\\/\\\/es.linkedin.com\\\/company\\\/revista-rambla\"]},{\"@type\":\"Person\",\"@id\":\"https:\\\/\\\/www.revistarambla.com\\\/#\\\/schema\\\/person\\\/23a7868ff10cd88f8fdb045c7b7e4a4d\",\"name\":\"Germ\u00e1n Gorraiz L\u00f3pez\",\"description\":\"Nacido en Navarra en 1957. Escribe an\u00e1lisis sobre temas econ\u00f3micos y geopol\u00edticos. Es miembro de Attac-Navarra. Colabora habitualmente en varios medios digitales e impresos espa\u00f1oles y latinoamericanos.\"}]}<\/script>\n<!-- \/ Yoast SEO plugin. -->","yoast_head_json":{"title":"\u00bfNueva crisis alimentaria en pleno siglo XXI? - Revista Rambla","robots":{"index":"index","follow":"follow","max-snippet":"max-snippet:-1","max-image-preview":"max-image-preview:large","max-video-preview":"max-video-preview:-1"},"canonical":"https:\/\/www.revistarambla.com\/en\/nueva-crisis-alimentaria-en-pleno-siglo-xxi\/","og_locale":"en_GB","og_type":"article","og_title":"\u00bfNueva crisis alimentaria en pleno siglo XXI? - Revista Rambla","og_description":"Estar\u00edamos ya en la antesala de una crisis alimentaria mundial que afectar\u00e1 especialmente a las Antillas, M\u00e9xico, Am\u00e9rica Central, Colombia, Venezuela, Egipto, India, China, Banglad\u00e9s y Sudeste Asi\u00e1tico, ensa\u00f1\u00e1ndose con especial virulencia con el \u00c1frica Subsahariana","og_url":"https:\/\/www.revistarambla.com\/en\/nueva-crisis-alimentaria-en-pleno-siglo-xxi\/","og_site_name":"Revista Rambla","article_publisher":"https:\/\/www.facebook.com\/revistarambla\/","article_published_time":"2023-04-15T17:11:13+00:00","article_modified_time":"2023-04-15T17:15:00+00:00","og_image":[{"width":1440,"height":846,"url":"https:\/\/www.revistarambla.com\/wp-content\/uploads\/2022\/05\/cosecha-trigo-tractor-cereal.webp","type":"image\/webp"}],"author":"Germ\u00e1n Gorraiz L\u00f3pez","twitter_card":"summary_large_image","twitter_creator":"@revistarambla","twitter_site":"@revistarambla","twitter_misc":{"Written by":"Germ\u00e1n Gorraiz L\u00f3pez","Estimated reading time":"3 minutes"},"schema":{"@context":"https:\/\/schema.org","@graph":[{"@type":"Article","@id":"https:\/\/www.revistarambla.com\/nueva-crisis-alimentaria-en-pleno-siglo-xxi\/#article","isPartOf":{"@id":"https:\/\/www.revistarambla.com\/nueva-crisis-alimentaria-en-pleno-siglo-xxi\/"},"author":{"name":"Germ\u00e1n Gorraiz L\u00f3pez","@id":"https:\/\/www.revistarambla.com\/#\/schema\/person\/23a7868ff10cd88f8fdb045c7b7e4a4d"},"headline":"\u00bfNueva crisis alimentaria en pleno siglo XXI?","datePublished":"2023-04-15T17:11:13+00:00","dateModified":"2023-04-15T17:15:00+00:00","mainEntityOfPage":{"@id":"https:\/\/www.revistarambla.com\/nueva-crisis-alimentaria-en-pleno-siglo-xxi\/"},"wordCount":704,"publisher":{"@id":"https:\/\/www.revistarambla.com\/#organization"},"image":{"@id":"https:\/\/www.revistarambla.com\/nueva-crisis-alimentaria-en-pleno-siglo-xxi\/#primaryimage"},"thumbnailUrl":"https:\/\/www.revistarambla.com\/wp-content\/uploads\/2022\/05\/cosecha-trigo-tractor-cereal.webp","articleSection":["Opiniones"],"inLanguage":"en-GB"},{"@type":"WebPage","@id":"https:\/\/www.revistarambla.com\/nueva-crisis-alimentaria-en-pleno-siglo-xxi\/","url":"https:\/\/www.revistarambla.com\/nueva-crisis-alimentaria-en-pleno-siglo-xxi\/","name":"\u00bfNueva crisis alimentaria en pleno siglo XXI? - Revista Rambla","isPartOf":{"@id":"https:\/\/www.revistarambla.com\/#website"},"primaryImageOfPage":{"@id":"https:\/\/www.revistarambla.com\/nueva-crisis-alimentaria-en-pleno-siglo-xxi\/#primaryimage"},"image":{"@id":"https:\/\/www.revistarambla.com\/nueva-crisis-alimentaria-en-pleno-siglo-xxi\/#primaryimage"},"thumbnailUrl":"https:\/\/www.revistarambla.com\/wp-content\/uploads\/2022\/05\/cosecha-trigo-tractor-cereal.webp","datePublished":"2023-04-15T17:11:13+00:00","dateModified":"2023-04-15T17:15:00+00:00","breadcrumb":{"@id":"https:\/\/www.revistarambla.com\/nueva-crisis-alimentaria-en-pleno-siglo-xxi\/#breadcrumb"},"inLanguage":"en-GB","potentialAction":[{"@type":"ReadAction","target":["https:\/\/www.revistarambla.com\/nueva-crisis-alimentaria-en-pleno-siglo-xxi\/"]}]},{"@type":"ImageObject","inLanguage":"en-GB","@id":"https:\/\/www.revistarambla.com\/nueva-crisis-alimentaria-en-pleno-siglo-xxi\/#primaryimage","url":"https:\/\/www.revistarambla.com\/wp-content\/uploads\/2022\/05\/cosecha-trigo-tractor-cereal.webp","contentUrl":"https:\/\/www.revistarambla.com\/wp-content\/uploads\/2022\/05\/cosecha-trigo-tractor-cereal.webp","width":1440,"height":846,"caption":"Comercio Agr\u00edcola"},{"@type":"BreadcrumbList","@id":"https:\/\/www.revistarambla.com\/nueva-crisis-alimentaria-en-pleno-siglo-xxi\/#breadcrumb","itemListElement":[{"@type":"ListItem","position":1,"name":"Portada","item":"https:\/\/www.revistarambla.com\/"},{"@type":"ListItem","position":2,"name":"\u00bfNueva crisis alimentaria en pleno siglo XXI?"}]},{"@type":"WebSite","@id":"https:\/\/www.revistarambla.com\/#website","url":"https:\/\/www.revistarambla.com\/","name":"Revista Rambla Barcelona","description":"Periodismo independiente","publisher":{"@id":"https:\/\/www.revistarambla.com\/#organization"},"potentialAction":[{"@type":"SearchAction","target":{"@type":"EntryPoint","urlTemplate":"https:\/\/www.revistarambla.com\/?s={search_term_string}"},"query-input":{"@type":"PropertyValueSpecification","valueRequired":true,"valueName":"search_term_string"}}],"inLanguage":"en-GB"},{"@type":"Organization","@id":"https:\/\/www.revistarambla.com\/#organization","name":"Revista Rambla","url":"https:\/\/www.revistarambla.com\/","logo":{"@type":"ImageObject","inLanguage":"en-GB","@id":"https:\/\/www.revistarambla.com\/#\/schema\/logo\/image\/","url":"https:\/\/www.revistarambla.com\/wp-content\/uploads\/2020\/09\/banner_rambla_1900x600_BB.png","contentUrl":"https:\/\/www.revistarambla.com\/wp-content\/uploads\/2020\/09\/banner_rambla_1900x600_BB.png","width":1900,"height":600,"caption":"Revista Rambla"},"image":{"@id":"https:\/\/www.revistarambla.com\/#\/schema\/logo\/image\/"},"sameAs":["https:\/\/www.facebook.com\/revistarambla\/","https:\/\/x.com\/revistarambla","https:\/\/www.instagram.com\/revista_rambla","https:\/\/es.linkedin.com\/company\/revista-rambla"]},{"@type":"Person","@id":"https:\/\/www.revistarambla.com\/#\/schema\/person\/23a7868ff10cd88f8fdb045c7b7e4a4d","name":"Germ\u00e1n Gorraiz L\u00f3pez","description":"Nacido en Navarra en 1957. Escribe an\u00e1lisis sobre temas econ\u00f3micos y geopol\u00edticos. Es miembro de Attac-Navarra. Colabora habitualmente en varios medios digitales e impresos espa\u00f1oles y latinoamericanos."}]}},"_links":{"self":[{"href":"https:\/\/www.revistarambla.com\/en\/wp-json\/wp\/v2\/posts\/54386","targetHints":{"allow":["GET"]}}],"collection":[{"href":"https:\/\/www.revistarambla.com\/en\/wp-json\/wp\/v2\/posts"}],"about":[{"href":"https:\/\/www.revistarambla.com\/en\/wp-json\/wp\/v2\/types\/post"}],"author":[{"embeddable":true,"href":"https:\/\/www.revistarambla.com\/en\/wp-json\/wp\/v2\/users\/16"}],"replies":[{"embeddable":true,"href":"https:\/\/www.revistarambla.com\/en\/wp-json\/wp\/v2\/comments?post=54386"}],"version-history":[{"count":2,"href":"https:\/\/www.revistarambla.com\/en\/wp-json\/wp\/v2\/posts\/54386\/revisions"}],"predecessor-version":[{"id":54388,"href":"https:\/\/www.revistarambla.com\/en\/wp-json\/wp\/v2\/posts\/54386\/revisions\/54388"}],"wp:featuredmedia":[{"embeddable":true,"href":"https:\/\/www.revistarambla.com\/en\/wp-json\/wp\/v2\/media\/42459"}],"wp:attachment":[{"href":"https:\/\/www.revistarambla.com\/en\/wp-json\/wp\/v2\/media?parent=54386"}],"wp:term":[{"taxonomy":"category","embeddable":true,"href":"https:\/\/www.revistarambla.com\/en\/wp-json\/wp\/v2\/categories?post=54386"},{"taxonomy":"post_tag","embeddable":true,"href":"https:\/\/www.revistarambla.com\/en\/wp-json\/wp\/v2\/tags?post=54386"}],"curies":[{"name":"wp","href":"https:\/\/api.w.org\/{rel}","templated":true}]}}