{"id":54363,"date":"2023-04-14T19:03:36","date_gmt":"2023-04-14T17:03:36","guid":{"rendered":"https:\/\/www.revistarambla.com\/?p=54363"},"modified":"2023-04-15T19:20:38","modified_gmt":"2023-04-15T17:20:38","slug":"una-regulacion-de-alquileres-disenada-para-que-los-precios-sigan-subiendo","status":"publish","type":"post","link":"https:\/\/www.revistarambla.com\/en\/una-regulacion-de-alquileres-disenada-para-que-los-precios-sigan-subiendo\/","title":{"rendered":"Una regulaci\u00f3n de alquileres dise\u00f1ada para que los precios sigan subiendo"},"content":{"rendered":"<p>El pacto de Ley de Vivienda anunciado por PSOE, ERC y EH Bildu incorpora alg\u00fan avance, pero en l\u00edneas generales propone\u00a0una regulaci\u00f3n de los alquileres que es una farsa.<!--more--> Lejos de bajar los precios, la imprecisi\u00f3n de la propuesta permitir\u00eda todo lo contrario, es decir, que los precios siguieran aumentando a un ritmo elevado y asfixiando a la poblaci\u00f3n. Es imprescindible\u00a0corregir estos agujeros\u00a0para que la Ley contenga una regulaci\u00f3n de precios de verdad.<\/p>\n<p>El borrador pactado permitir\u00eda subir el alquiler de forma sustancial, incluso en las viviendas situadas en \u00e1reas tensionadas:<\/p>\n<p>Primero, se podr\u00eda esquivar la regulaci\u00f3n muy f\u00e1cilmente. Se anuncia que el precio del nuevo contrato no puede superar al del anterior, pero la realidad es que es muy f\u00e1cil esquivar la norma. Tal y como est\u00e1 planteada,\u00a0se podr\u00eda subir el precio haci\u00e9ndolo pasar como gastos de IBI. Tambi\u00e9n ser\u00eda\u00a0muy f\u00e1cil ocultar informaci\u00f3n\u00a0sobre el precio y las condiciones del contrato anterior.<\/p>\n<p>As\u00ed, con esta propuesta se crear\u00eda un\u00a0incentivo peligroso: expulsar al inquilino actual\u00a0para poder subir el precio sin l\u00edmite a un nuevo inquilino, que tendr\u00e1 muy dif\u00edcil comprobar cu\u00e1l era el precio del anterior contrato y si inclu\u00eda gastos adicionales o no.<\/p>\n<p>Segundo, tambi\u00e9n se podr\u00eda subir el precio un 10% adicional alegando reformas. En el caso de un alquiler medio en Barcelona o Madrid, cualquier cambio presentado como una mejora de la accesibilidad, por peque\u00f1a que sea, como una rampa o un video-interfono,\u00a0implicar\u00eda una subida adicional de 1.300\u20ac anuales.<\/p>\n<p>Tercero, a todo esto tambi\u00e9n se podr\u00edan a\u00f1adir las\u00a0subidas interanuales vinculadas a la inflaci\u00f3n. Entre 2023 y 2024 habr\u00eda limitaciones, pero se podr\u00edan hacer subidas paulatinas, y se deja la puerta abierta a que\u00a0dentro de dos a\u00f1os puedan volver a hacerse subidas totalmente desproporcionadas vinculadas al IPC.<\/p>\n<p>Cuarto, con esta ley, los caseros podr\u00edan hacer\u00a0subidas sin ning\u00fan tipo de l\u00edmite recurriendo a la figura del alquiler de temporada. Dicho de otro modo: el casero que quiera saltarse la regulaci\u00f3n solo tiene que poner su piso en alquiler de temporada, como ya est\u00e1 pasando ahora mismo.<\/p>\n<p>Adem\u00e1s, las medidas propuestas no ser\u00edan efectivas sin un r\u00e9gimen sancionador y un reconocimiento de los Sindicatos, aparte de que no son ninguna soluci\u00f3n para los miles de personas que esperan un desahucio.<\/p>\n<p>El \u00fanico punto realmente positivo del acuerdo es que acaba con la estafa millonaria que permite a las inmobiliarias cobrar a los inquilinos por un servicio que dan a los caseros, algo que los sindicatos llevamos batallando desde hace a\u00f1os.<\/p>\n<p>Sin embargo, la regulaci\u00f3n de precios anunciada no es la que la inmensa mayor\u00eda de la poblaci\u00f3n est\u00e1 pidiendo, sobre todo cuando 3 de cada 4 ciudadanos est\u00e1n a favor de la regulaci\u00f3n.\u00a0Es necesario que los partidos pol\u00edticos de gobierno y de la oposici\u00f3n escuchen: a\u00fan hay tiempo para corregir los fallos y hacer una regulaci\u00f3n efectiva de los alquileres.<\/p>","protected":false},"excerpt":{"rendered":"<p>El pacto anunciado permite subidas encubiertas, abre la puerta al fraude de los contratos de temporada, y no pone soluciones reales a la crisis de la vivienda<\/p>","protected":false},"author":328,"featured_media":26653,"comment_status":"closed","ping_status":"closed","sticky":false,"template":"","format":"standard","meta":{"footnotes":""},"categories":[4079],"tags":[],"class_list":["post-54363","post","type-post","status-publish","format-standard","has-post-thumbnail","hentry","category-tribuna-libre"],"yoast_head":"<!-- This site is optimized with the Yoast SEO plugin v27.5 - https:\/\/yoast.com\/product\/yoast-seo-wordpress\/ -->\n<title>Una regulaci\u00f3n de alquileres dise\u00f1ada para que los precios sigan subiendo - Revista Rambla<\/title>\n<meta name=\"robots\" content=\"index, follow, max-snippet:-1, max-image-preview:large, max-video-preview:-1\" \/>\n<link rel=\"canonical\" href=\"https:\/\/www.revistarambla.com\/en\/una-regulacion-de-alquileres-disenada-para-que-los-precios-sigan-subiendo\/\" \/>\n<meta property=\"og:locale\" content=\"en_GB\" \/>\n<meta property=\"og:type\" content=\"article\" \/>\n<meta property=\"og:title\" content=\"Una regulaci\u00f3n de alquileres dise\u00f1ada para que los precios sigan subiendo - Revista Rambla\" \/>\n<meta property=\"og:description\" content=\"El pacto anunciado permite subidas encubiertas, abre la puerta al fraude de los contratos de temporada, y no pone soluciones reales a la crisis de la vivienda\" \/>\n<meta property=\"og:url\" content=\"https:\/\/www.revistarambla.com\/en\/una-regulacion-de-alquileres-disenada-para-que-los-precios-sigan-subiendo\/\" \/>\n<meta property=\"og:site_name\" content=\"Revista Rambla\" \/>\n<meta property=\"article:publisher\" content=\"https:\/\/www.facebook.com\/revistarambla\/\" \/>\n<meta property=\"article:author\" content=\"https:\/\/www.facebook.com\/SindicatLloguer\/\" \/>\n<meta property=\"article:published_time\" content=\"2023-04-14T17:03:36+00:00\" \/>\n<meta property=\"article:modified_time\" content=\"2023-04-15T17:20:38+00:00\" \/>\n<meta property=\"og:image\" content=\"https:\/\/www.revistarambla.com\/wp-content\/uploads\/2021\/01\/1024px-Spain.Catalonia.Viladecans.Casa_.Okupada.2.jpg\" \/>\n\t<meta property=\"og:image:width\" content=\"1024\" \/>\n\t<meta property=\"og:image:height\" content=\"683\" \/>\n\t<meta property=\"og:image:type\" content=\"image\/jpeg\" \/>\n<meta name=\"author\" content=\"Sindicat de Llogateres\" \/>\n<meta name=\"twitter:card\" content=\"summary_large_image\" \/>\n<meta name=\"twitter:creator\" content=\"@sindicatlloguer\" \/>\n<meta name=\"twitter:site\" content=\"@revistarambla\" \/>\n<meta name=\"twitter:label1\" content=\"Written by\" \/>\n\t<meta name=\"twitter:data1\" content=\"Sindicat de Llogateres\" \/>\n\t<meta name=\"twitter:label2\" content=\"Estimated reading time\" \/>\n\t<meta name=\"twitter:data2\" content=\"3 minutes\" \/>\n<script type=\"application\/ld+json\" class=\"yoast-schema-graph\">{\"@context\":\"https:\\\/\\\/schema.org\",\"@graph\":[{\"@type\":\"Article\",\"@id\":\"https:\\\/\\\/www.revistarambla.com\\\/una-regulacion-de-alquileres-disenada-para-que-los-precios-sigan-subiendo\\\/#article\",\"isPartOf\":{\"@id\":\"https:\\\/\\\/www.revistarambla.com\\\/una-regulacion-de-alquileres-disenada-para-que-los-precios-sigan-subiendo\\\/\"},\"author\":{\"name\":\"Sindicat de Llogateres\",\"@id\":\"https:\\\/\\\/www.revistarambla.com\\\/#\\\/schema\\\/person\\\/cdb47f1b20cae4529e0d80b9b620ee26\"},\"headline\":\"Una regulaci\u00f3n de alquileres dise\u00f1ada para que los precios sigan subiendo\",\"datePublished\":\"2023-04-14T17:03:36+00:00\",\"dateModified\":\"2023-04-15T17:20:38+00:00\",\"mainEntityOfPage\":{\"@id\":\"https:\\\/\\\/www.revistarambla.com\\\/una-regulacion-de-alquileres-disenada-para-que-los-precios-sigan-subiendo\\\/\"},\"wordCount\":541,\"publisher\":{\"@id\":\"https:\\\/\\\/www.revistarambla.com\\\/#organization\"},\"image\":{\"@id\":\"https:\\\/\\\/www.revistarambla.com\\\/una-regulacion-de-alquileres-disenada-para-que-los-precios-sigan-subiendo\\\/#primaryimage\"},\"thumbnailUrl\":\"https:\\\/\\\/www.revistarambla.com\\\/wp-content\\\/uploads\\\/2021\\\/01\\\/1024px-Spain.Catalonia.Viladecans.Casa_.Okupada.2.jpg\",\"articleSection\":[\"Tribuna Libre\"],\"inLanguage\":\"en-GB\"},{\"@type\":\"WebPage\",\"@id\":\"https:\\\/\\\/www.revistarambla.com\\\/una-regulacion-de-alquileres-disenada-para-que-los-precios-sigan-subiendo\\\/\",\"url\":\"https:\\\/\\\/www.revistarambla.com\\\/una-regulacion-de-alquileres-disenada-para-que-los-precios-sigan-subiendo\\\/\",\"name\":\"Una regulaci\u00f3n de alquileres dise\u00f1ada para que los precios sigan subiendo - Revista Rambla\",\"isPartOf\":{\"@id\":\"https:\\\/\\\/www.revistarambla.com\\\/#website\"},\"primaryImageOfPage\":{\"@id\":\"https:\\\/\\\/www.revistarambla.com\\\/una-regulacion-de-alquileres-disenada-para-que-los-precios-sigan-subiendo\\\/#primaryimage\"},\"image\":{\"@id\":\"https:\\\/\\\/www.revistarambla.com\\\/una-regulacion-de-alquileres-disenada-para-que-los-precios-sigan-subiendo\\\/#primaryimage\"},\"thumbnailUrl\":\"https:\\\/\\\/www.revistarambla.com\\\/wp-content\\\/uploads\\\/2021\\\/01\\\/1024px-Spain.Catalonia.Viladecans.Casa_.Okupada.2.jpg\",\"datePublished\":\"2023-04-14T17:03:36+00:00\",\"dateModified\":\"2023-04-15T17:20:38+00:00\",\"breadcrumb\":{\"@id\":\"https:\\\/\\\/www.revistarambla.com\\\/una-regulacion-de-alquileres-disenada-para-que-los-precios-sigan-subiendo\\\/#breadcrumb\"},\"inLanguage\":\"en-GB\",\"potentialAction\":[{\"@type\":\"ReadAction\",\"target\":[\"https:\\\/\\\/www.revistarambla.com\\\/una-regulacion-de-alquileres-disenada-para-que-los-precios-sigan-subiendo\\\/\"]}]},{\"@type\":\"ImageObject\",\"inLanguage\":\"en-GB\",\"@id\":\"https:\\\/\\\/www.revistarambla.com\\\/una-regulacion-de-alquileres-disenada-para-que-los-precios-sigan-subiendo\\\/#primaryimage\",\"url\":\"https:\\\/\\\/www.revistarambla.com\\\/wp-content\\\/uploads\\\/2021\\\/01\\\/1024px-Spain.Catalonia.Viladecans.Casa_.Okupada.2.jpg\",\"contentUrl\":\"https:\\\/\\\/www.revistarambla.com\\\/wp-content\\\/uploads\\\/2021\\\/01\\\/1024px-Spain.Catalonia.Viladecans.Casa_.Okupada.2.jpg\",\"width\":1024,\"height\":683},{\"@type\":\"BreadcrumbList\",\"@id\":\"https:\\\/\\\/www.revistarambla.com\\\/una-regulacion-de-alquileres-disenada-para-que-los-precios-sigan-subiendo\\\/#breadcrumb\",\"itemListElement\":[{\"@type\":\"ListItem\",\"position\":1,\"name\":\"Portada\",\"item\":\"https:\\\/\\\/www.revistarambla.com\\\/\"},{\"@type\":\"ListItem\",\"position\":2,\"name\":\"Una regulaci\u00f3n de alquileres dise\u00f1ada para que los precios sigan subiendo\"}]},{\"@type\":\"WebSite\",\"@id\":\"https:\\\/\\\/www.revistarambla.com\\\/#website\",\"url\":\"https:\\\/\\\/www.revistarambla.com\\\/\",\"name\":\"Revista Rambla Barcelona\",\"description\":\"Periodismo independiente\",\"publisher\":{\"@id\":\"https:\\\/\\\/www.revistarambla.com\\\/#organization\"},\"potentialAction\":[{\"@type\":\"SearchAction\",\"target\":{\"@type\":\"EntryPoint\",\"urlTemplate\":\"https:\\\/\\\/www.revistarambla.com\\\/?s={search_term_string}\"},\"query-input\":{\"@type\":\"PropertyValueSpecification\",\"valueRequired\":true,\"valueName\":\"search_term_string\"}}],\"inLanguage\":\"en-GB\"},{\"@type\":\"Organization\",\"@id\":\"https:\\\/\\\/www.revistarambla.com\\\/#organization\",\"name\":\"Revista Rambla\",\"url\":\"https:\\\/\\\/www.revistarambla.com\\\/\",\"logo\":{\"@type\":\"ImageObject\",\"inLanguage\":\"en-GB\",\"@id\":\"https:\\\/\\\/www.revistarambla.com\\\/#\\\/schema\\\/logo\\\/image\\\/\",\"url\":\"https:\\\/\\\/www.revistarambla.com\\\/wp-content\\\/uploads\\\/2020\\\/09\\\/banner_rambla_1900x600_BB.png\",\"contentUrl\":\"https:\\\/\\\/www.revistarambla.com\\\/wp-content\\\/uploads\\\/2020\\\/09\\\/banner_rambla_1900x600_BB.png\",\"width\":1900,\"height\":600,\"caption\":\"Revista Rambla\"},\"image\":{\"@id\":\"https:\\\/\\\/www.revistarambla.com\\\/#\\\/schema\\\/logo\\\/image\\\/\"},\"sameAs\":[\"https:\\\/\\\/www.facebook.com\\\/revistarambla\\\/\",\"https:\\\/\\\/x.com\\\/revistarambla\",\"https:\\\/\\\/www.instagram.com\\\/revista_rambla\",\"https:\\\/\\\/es.linkedin.com\\\/company\\\/revista-rambla\"]},{\"@type\":\"Person\",\"@id\":\"https:\\\/\\\/www.revistarambla.com\\\/#\\\/schema\\\/person\\\/cdb47f1b20cae4529e0d80b9b620ee26\",\"name\":\"Sindicat de Llogateres\",\"description\":\"Protegim el dret a l'habitatge. Millorem la vida de la gent. Ajuda'ns a seguir canviant les coses i suma-t'hi.\",\"sameAs\":[\"http:\\\/\\\/sindicatdellogateres.org\\\/\",\"https:\\\/\\\/www.facebook.com\\\/SindicatLloguer\\\/\",\"https:\\\/\\\/x.com\\\/sindicatlloguer\"]}]}<\/script>\n<!-- \/ Yoast SEO plugin. -->","yoast_head_json":{"title":"Una regulaci\u00f3n de alquileres dise\u00f1ada para que los precios sigan subiendo - Revista Rambla","robots":{"index":"index","follow":"follow","max-snippet":"max-snippet:-1","max-image-preview":"max-image-preview:large","max-video-preview":"max-video-preview:-1"},"canonical":"https:\/\/www.revistarambla.com\/en\/una-regulacion-de-alquileres-disenada-para-que-los-precios-sigan-subiendo\/","og_locale":"en_GB","og_type":"article","og_title":"Una regulaci\u00f3n de alquileres dise\u00f1ada para que los precios sigan subiendo - Revista Rambla","og_description":"El pacto anunciado permite subidas encubiertas, abre la puerta al fraude de los contratos de temporada, y no pone soluciones reales a la crisis de la vivienda","og_url":"https:\/\/www.revistarambla.com\/en\/una-regulacion-de-alquileres-disenada-para-que-los-precios-sigan-subiendo\/","og_site_name":"Revista Rambla","article_publisher":"https:\/\/www.facebook.com\/revistarambla\/","article_author":"https:\/\/www.facebook.com\/SindicatLloguer\/","article_published_time":"2023-04-14T17:03:36+00:00","article_modified_time":"2023-04-15T17:20:38+00:00","og_image":[{"width":1024,"height":683,"url":"https:\/\/www.revistarambla.com\/wp-content\/uploads\/2021\/01\/1024px-Spain.Catalonia.Viladecans.Casa_.Okupada.2.jpg","type":"image\/jpeg"}],"author":"Sindicat de Llogateres","twitter_card":"summary_large_image","twitter_creator":"@sindicatlloguer","twitter_site":"@revistarambla","twitter_misc":{"Written by":"Sindicat de Llogateres","Estimated reading time":"3 minutes"},"schema":{"@context":"https:\/\/schema.org","@graph":[{"@type":"Article","@id":"https:\/\/www.revistarambla.com\/una-regulacion-de-alquileres-disenada-para-que-los-precios-sigan-subiendo\/#article","isPartOf":{"@id":"https:\/\/www.revistarambla.com\/una-regulacion-de-alquileres-disenada-para-que-los-precios-sigan-subiendo\/"},"author":{"name":"Sindicat de Llogateres","@id":"https:\/\/www.revistarambla.com\/#\/schema\/person\/cdb47f1b20cae4529e0d80b9b620ee26"},"headline":"Una regulaci\u00f3n de alquileres dise\u00f1ada para que los precios sigan subiendo","datePublished":"2023-04-14T17:03:36+00:00","dateModified":"2023-04-15T17:20:38+00:00","mainEntityOfPage":{"@id":"https:\/\/www.revistarambla.com\/una-regulacion-de-alquileres-disenada-para-que-los-precios-sigan-subiendo\/"},"wordCount":541,"publisher":{"@id":"https:\/\/www.revistarambla.com\/#organization"},"image":{"@id":"https:\/\/www.revistarambla.com\/una-regulacion-de-alquileres-disenada-para-que-los-precios-sigan-subiendo\/#primaryimage"},"thumbnailUrl":"https:\/\/www.revistarambla.com\/wp-content\/uploads\/2021\/01\/1024px-Spain.Catalonia.Viladecans.Casa_.Okupada.2.jpg","articleSection":["Tribuna Libre"],"inLanguage":"en-GB"},{"@type":"WebPage","@id":"https:\/\/www.revistarambla.com\/una-regulacion-de-alquileres-disenada-para-que-los-precios-sigan-subiendo\/","url":"https:\/\/www.revistarambla.com\/una-regulacion-de-alquileres-disenada-para-que-los-precios-sigan-subiendo\/","name":"Una regulaci\u00f3n de alquileres dise\u00f1ada para que los precios sigan subiendo - Revista Rambla","isPartOf":{"@id":"https:\/\/www.revistarambla.com\/#website"},"primaryImageOfPage":{"@id":"https:\/\/www.revistarambla.com\/una-regulacion-de-alquileres-disenada-para-que-los-precios-sigan-subiendo\/#primaryimage"},"image":{"@id":"https:\/\/www.revistarambla.com\/una-regulacion-de-alquileres-disenada-para-que-los-precios-sigan-subiendo\/#primaryimage"},"thumbnailUrl":"https:\/\/www.revistarambla.com\/wp-content\/uploads\/2021\/01\/1024px-Spain.Catalonia.Viladecans.Casa_.Okupada.2.jpg","datePublished":"2023-04-14T17:03:36+00:00","dateModified":"2023-04-15T17:20:38+00:00","breadcrumb":{"@id":"https:\/\/www.revistarambla.com\/una-regulacion-de-alquileres-disenada-para-que-los-precios-sigan-subiendo\/#breadcrumb"},"inLanguage":"en-GB","potentialAction":[{"@type":"ReadAction","target":["https:\/\/www.revistarambla.com\/una-regulacion-de-alquileres-disenada-para-que-los-precios-sigan-subiendo\/"]}]},{"@type":"ImageObject","inLanguage":"en-GB","@id":"https:\/\/www.revistarambla.com\/una-regulacion-de-alquileres-disenada-para-que-los-precios-sigan-subiendo\/#primaryimage","url":"https:\/\/www.revistarambla.com\/wp-content\/uploads\/2021\/01\/1024px-Spain.Catalonia.Viladecans.Casa_.Okupada.2.jpg","contentUrl":"https:\/\/www.revistarambla.com\/wp-content\/uploads\/2021\/01\/1024px-Spain.Catalonia.Viladecans.Casa_.Okupada.2.jpg","width":1024,"height":683},{"@type":"BreadcrumbList","@id":"https:\/\/www.revistarambla.com\/una-regulacion-de-alquileres-disenada-para-que-los-precios-sigan-subiendo\/#breadcrumb","itemListElement":[{"@type":"ListItem","position":1,"name":"Portada","item":"https:\/\/www.revistarambla.com\/"},{"@type":"ListItem","position":2,"name":"Una regulaci\u00f3n de alquileres dise\u00f1ada para que los precios sigan subiendo"}]},{"@type":"WebSite","@id":"https:\/\/www.revistarambla.com\/#website","url":"https:\/\/www.revistarambla.com\/","name":"Revista Rambla Barcelona","description":"Periodismo independiente","publisher":{"@id":"https:\/\/www.revistarambla.com\/#organization"},"potentialAction":[{"@type":"SearchAction","target":{"@type":"EntryPoint","urlTemplate":"https:\/\/www.revistarambla.com\/?s={search_term_string}"},"query-input":{"@type":"PropertyValueSpecification","valueRequired":true,"valueName":"search_term_string"}}],"inLanguage":"en-GB"},{"@type":"Organization","@id":"https:\/\/www.revistarambla.com\/#organization","name":"Revista Rambla","url":"https:\/\/www.revistarambla.com\/","logo":{"@type":"ImageObject","inLanguage":"en-GB","@id":"https:\/\/www.revistarambla.com\/#\/schema\/logo\/image\/","url":"https:\/\/www.revistarambla.com\/wp-content\/uploads\/2020\/09\/banner_rambla_1900x600_BB.png","contentUrl":"https:\/\/www.revistarambla.com\/wp-content\/uploads\/2020\/09\/banner_rambla_1900x600_BB.png","width":1900,"height":600,"caption":"Revista Rambla"},"image":{"@id":"https:\/\/www.revistarambla.com\/#\/schema\/logo\/image\/"},"sameAs":["https:\/\/www.facebook.com\/revistarambla\/","https:\/\/x.com\/revistarambla","https:\/\/www.instagram.com\/revista_rambla","https:\/\/es.linkedin.com\/company\/revista-rambla"]},{"@type":"Person","@id":"https:\/\/www.revistarambla.com\/#\/schema\/person\/cdb47f1b20cae4529e0d80b9b620ee26","name":"Sindicat de Llogateres","description":"Protegim el dret a l'habitatge. Millorem la vida de la gent. Ajuda'ns a seguir canviant les coses i suma-t'hi.","sameAs":["http:\/\/sindicatdellogateres.org\/","https:\/\/www.facebook.com\/SindicatLloguer\/","https:\/\/x.com\/sindicatlloguer"]}]}},"_links":{"self":[{"href":"https:\/\/www.revistarambla.com\/en\/wp-json\/wp\/v2\/posts\/54363","targetHints":{"allow":["GET"]}}],"collection":[{"href":"https:\/\/www.revistarambla.com\/en\/wp-json\/wp\/v2\/posts"}],"about":[{"href":"https:\/\/www.revistarambla.com\/en\/wp-json\/wp\/v2\/types\/post"}],"author":[{"embeddable":true,"href":"https:\/\/www.revistarambla.com\/en\/wp-json\/wp\/v2\/users\/328"}],"replies":[{"embeddable":true,"href":"https:\/\/www.revistarambla.com\/en\/wp-json\/wp\/v2\/comments?post=54363"}],"version-history":[{"count":2,"href":"https:\/\/www.revistarambla.com\/en\/wp-json\/wp\/v2\/posts\/54363\/revisions"}],"predecessor-version":[{"id":54389,"href":"https:\/\/www.revistarambla.com\/en\/wp-json\/wp\/v2\/posts\/54363\/revisions\/54389"}],"wp:featuredmedia":[{"embeddable":true,"href":"https:\/\/www.revistarambla.com\/en\/wp-json\/wp\/v2\/media\/26653"}],"wp:attachment":[{"href":"https:\/\/www.revistarambla.com\/en\/wp-json\/wp\/v2\/media?parent=54363"}],"wp:term":[{"taxonomy":"category","embeddable":true,"href":"https:\/\/www.revistarambla.com\/en\/wp-json\/wp\/v2\/categories?post=54363"},{"taxonomy":"post_tag","embeddable":true,"href":"https:\/\/www.revistarambla.com\/en\/wp-json\/wp\/v2\/tags?post=54363"}],"curies":[{"name":"wp","href":"https:\/\/api.w.org\/{rel}","templated":true}]}}